{"id":154424,"date":"2026-09-01T08:42:53","date_gmt":"2026-09-01T06:42:53","guid":{"rendered":"https:\/\/www.retaildetail.be\/?p=154424"},"modified":"2026-09-01T08:42:54","modified_gmt":"2026-09-01T06:42:54","slug":"blokker-ouvrira-cinq-nouveaux-magasins-a-partir-du-mois-doctobre","status":"publish","type":"post","link":"https:\/\/www.retaildetail.be\/fr\/news\/general\/blokker-ouvrira-cinq-nouveaux-magasins-a-partir-du-mois-doctobre\/","title":{"rendered":"Blokker ouvrira cinq nouveaux magasins \u00e0 partir du mois d&rsquo;octobre"},"content":{"rendered":"\n<p class=\"wp-block-paragraph\"><strong>Blokker<\/strong> poursuit son expansion aux Pays-Bas avec cinq nouveaux magasins pr\u00e9vus \u00e0 partir de d\u00e9but octobre. Cela porte \u00e0 66 le nombre total de magasins de cette cha\u00eene d\u2019articles m\u00e9nagers, dont 12 sont des franchises.<\/p>\n\n\n\n<h2 class=\"wp-block-heading\">\u00ab Juste \u00e0 temps pour la p\u00e9riode la plus charg\u00e9e de l&rsquo;ann\u00e9e \u00bb<\/h2>\n\n\n\n<p class=\"wp-block-paragraph\">Blokker annonce l\u2019ouverture pr\u00e9vue de cinq nouveaux magasins : \u00e0 Groningue, Roosendaal, Rijssen, Hellevoetsluis et Blerick. \u00ab Les cinq ouvertures que nous avons r\u00e9alis\u00e9es en juillet ont \u00e9t\u00e9 jusqu\u2019\u00e0 pr\u00e9sent un succ\u00e8s, et nous nous r\u00e9jouissons de la poursuite de ce d\u00e9veloppement cet automne \u00bb, d\u00e9clare Riko van Kooten, responsable immobilier chez Blokker.<\/p>\n\n\n\n<p class=\"wp-block-paragraph\">\u00ab Juste \u00e0 temps pour la p\u00e9riode la plus charg\u00e9e de l\u2019ann\u00e9e, nous annon\u00e7ons cinq nouvelles ouvertures. Nous sommes d\u00e9j\u00e0 engag\u00e9s dans des discussions constructives avec des bailleurs concernant d\u2019autres emplacements pour 2027. Nous restons ouverts aux suggestions, tant des bailleurs que des clients, quant aux emplacements o\u00f9 les prochains magasins Blokker devraient voir le jour. \u00bb<\/p>\n\n\n\n<p class=\"wp-block-paragraph\">Apr\u00e8s sa faillite en novembre 2024, Blokker a r\u00e9ussi son red\u00e9marrage sous la direction de l\u2019entrepreneur et descendant de la famille Roland Palmer. \u00c0 terme, la cha\u00eene vise les 200 magasins aux Pays-Bas. Elle en comptait autrefois plus de 400. <\/p>\n\n\n\n<p class=\"wp-block-paragraph\"><\/p>\n","protected":false},"excerpt":{"rendered":"<p>Blokker poursuit son expansion aux Pays-Bas avec l&rsquo;ouverture pr\u00e9vue de cinq nouveaux magasins \u00e0 partir de d\u00e9but octobre. Le nombre total de magasins de cette cha\u00eene d&rsquo;articles m\u00e9nagers s&rsquo;\u00e9l\u00e8vera ainsi \u00e0 66, dont 12 magasins franchis\u00e9s.<\/p>\n","protected":false},"author":3,"featured_media":154425,"comment_status":"closed","ping_status":"closed","sticky":false,"template":"","format":"standard","meta":{"_acf_changed":false,"inline_featured_image":false,"_jetpack_newsletter_access":"","_jetpack_dont_email_post_to_subs":false,"_jetpack_newsletter_tier_id":0,"_jetpack_memberships_contains_paywalled_content":false,"_jetpack_memberships_contains_paid_content":false,"footnotes":""},"categories":[15,25],"tags":[],"people":[],"extra":[],"company":[473],"topic":[310],"region":[524],"class_list":["post-154424","post","type-post","status-publish","format-standard","has-post-thumbnail","hentry","category-algemeen","category-general","company-blokker","topic-ouverture-de-magasin","region-pays-bas"],"acf":[],"yoast_head":"<!-- This site is optimized with the Yoast SEO plugin v28.1 - https:\/\/yoast.com\/product\/yoast-seo-wordpress\/ -->\n<title>Blokker ouvrira cinq nouveaux magasins \u00e0 partir du mois d&#039;octobre - RetailDetail BE<\/title>\n<meta name=\"description\" content=\"Blokker poursuit son expansion aux Pays-Bas avec cinq nouveaux magasins pr\u00e9vus \u00e0 partir de d\u00e9but octobre. Cela porte \u00e0 66 le nombre total de magasins de cette cha\u00eene d\u2019articles m\u00e9nagers, dont 12 sont des franchises.\" \/>\n<meta name=\"robots\" content=\"index, follow, max-snippet:-1, max-image-preview:large, max-video-preview:-1\" \/>\n<link rel=\"canonical\" href=\"https:\/\/www.retaildetail.be\/fr\/news\/general\/blokker-ouvrira-cinq-nouveaux-magasins-a-partir-du-mois-doctobre\/\" \/>\n<meta property=\"og:locale\" content=\"fr_FR\" \/>\n<meta property=\"og:type\" content=\"article\" \/>\n<meta property=\"og:title\" content=\"Blokker ouvrira cinq nouveaux magasins \u00e0 partir du mois d&#039;octobre - RetailDetail BE\" \/>\n<meta property=\"og:description\" content=\"Blokker poursuit son expansion aux Pays-Bas avec cinq nouveaux magasins pr\u00e9vus \u00e0 partir de d\u00e9but octobre. Cela porte \u00e0 66 le nombre total de magasins de cette cha\u00eene d\u2019articles m\u00e9nagers, dont 12 sont des franchises.\" \/>\n<meta property=\"og:url\" content=\"https:\/\/www.retaildetail.be\/fr\/news\/general\/blokker-ouvrira-cinq-nouveaux-magasins-a-partir-du-mois-doctobre\/\" \/>\n<meta property=\"og:site_name\" content=\"RetailDetail BE\" \/>\n<meta property=\"article:published_time\" content=\"2026-09-01T06:42:53+00:00\" \/>\n<meta property=\"article:modified_time\" content=\"2026-09-01T06:42:54+00:00\" \/>\n<meta property=\"og:image\" content=\"https:\/\/www.retaildetail.be\/wp-content\/uploads\/2026\/09\/shutterstock_1075343072-blokker-winkel.jpg\" \/>\n\t<meta property=\"og:image:width\" content=\"1000\" \/>\n\t<meta property=\"og:image:height\" content=\"667\" \/>\n\t<meta property=\"og:image:type\" content=\"image\/jpeg\" \/>\n<meta name=\"author\" content=\"Stefan Van Rompaey\" \/>\n<meta name=\"twitter:card\" content=\"summary_large_image\" \/>\n<meta name=\"twitter:label1\" content=\"\u00c9crit par\" \/>\n\t<meta name=\"twitter:data1\" content=\"Stefan Van Rompaey\" \/>\n\t<meta name=\"twitter:label2\" content=\"Dur\u00e9e de lecture estim\u00e9e\" \/>\n\t<meta name=\"twitter:data2\" content=\"1 minute\" \/>\n<script type=\"application\/ld+json\" class=\"yoast-schema-graph\">{\"@context\":\"https:\\\/\\\/schema.org\",\"@graph\":[{\"@type\":\"NewsArticle\",\"@id\":\"https:\\\/\\\/www.retaildetail.be\\\/fr\\\/news\\\/general\\\/blokker-ouvrira-cinq-nouveaux-magasins-a-partir-du-mois-doctobre\\\/#article\",\"isPartOf\":{\"@id\":\"https:\\\/\\\/www.retaildetail.be\\\/fr\\\/news\\\/general\\\/blokker-ouvrira-cinq-nouveaux-magasins-a-partir-du-mois-doctobre\\\/\"},\"author\":{\"name\":\"Stefan Van Rompaey\",\"@id\":\"https:\\\/\\\/www.retaildetail.be\\\/nl\\\/#\\\/schema\\\/person\\\/51aec6069c4416aa2f68b2e4ff3455df\"},\"headline\":\"Blokker ouvrira cinq nouveaux magasins \u00e0 partir du mois d&rsquo;octobre\",\"datePublished\":\"2026-09-01T06:42:53+00:00\",\"dateModified\":\"2026-09-01T06:42:54+00:00\",\"mainEntityOfPage\":{\"@id\":\"https:\\\/\\\/www.retaildetail.be\\\/fr\\\/news\\\/general\\\/blokker-ouvrira-cinq-nouveaux-magasins-a-partir-du-mois-doctobre\\\/\"},\"wordCount\":220,\"publisher\":{\"@id\":\"https:\\\/\\\/www.retaildetail.be\\\/nl\\\/#organization\"},\"image\":{\"@id\":\"https:\\\/\\\/www.retaildetail.be\\\/fr\\\/news\\\/general\\\/blokker-ouvrira-cinq-nouveaux-magasins-a-partir-du-mois-doctobre\\\/#primaryimage\"},\"thumbnailUrl\":\"https:\\\/\\\/www.retaildetail.be\\\/wp-content\\\/uploads\\\/2026\\\/09\\\/shutterstock_1075343072-blokker-winkel.jpg\",\"articleSection\":[\"Algemeen\",\"G\u00e9n\u00e9ral\"],\"inLanguage\":\"fr-FR\",\"copyrightYear\":\"2026\",\"copyrightHolder\":{\"@id\":\"https:\\\/\\\/www.retaildetail.be\\\/#organization\"}},{\"@type\":\"WebPage\",\"@id\":\"https:\\\/\\\/www.retaildetail.be\\\/fr\\\/news\\\/general\\\/blokker-ouvrira-cinq-nouveaux-magasins-a-partir-du-mois-doctobre\\\/\",\"url\":\"https:\\\/\\\/www.retaildetail.be\\\/fr\\\/news\\\/general\\\/blokker-ouvrira-cinq-nouveaux-magasins-a-partir-du-mois-doctobre\\\/\",\"name\":\"Blokker ouvrira cinq nouveaux magasins \u00e0 partir du mois d'octobre - RetailDetail BE\",\"isPartOf\":{\"@id\":\"https:\\\/\\\/www.retaildetail.be\\\/nl\\\/#website\"},\"primaryImageOfPage\":{\"@id\":\"https:\\\/\\\/www.retaildetail.be\\\/fr\\\/news\\\/general\\\/blokker-ouvrira-cinq-nouveaux-magasins-a-partir-du-mois-doctobre\\\/#primaryimage\"},\"image\":{\"@id\":\"https:\\\/\\\/www.retaildetail.be\\\/fr\\\/news\\\/general\\\/blokker-ouvrira-cinq-nouveaux-magasins-a-partir-du-mois-doctobre\\\/#primaryimage\"},\"thumbnailUrl\":\"https:\\\/\\\/www.retaildetail.be\\\/wp-content\\\/uploads\\\/2026\\\/09\\\/shutterstock_1075343072-blokker-winkel.jpg\",\"datePublished\":\"2026-09-01T06:42:53+00:00\",\"dateModified\":\"2026-09-01T06:42:54+00:00\",\"description\":\"Blokker poursuit son expansion aux Pays-Bas avec cinq nouveaux magasins pr\u00e9vus \u00e0 partir de d\u00e9but octobre. Cela porte \u00e0 66 le nombre total de magasins de cette cha\u00eene d\u2019articles m\u00e9nagers, dont 12 sont des franchises.\",\"breadcrumb\":{\"@id\":\"https:\\\/\\\/www.retaildetail.be\\\/fr\\\/news\\\/general\\\/blokker-ouvrira-cinq-nouveaux-magasins-a-partir-du-mois-doctobre\\\/#breadcrumb\"},\"inLanguage\":\"fr-FR\",\"potentialAction\":[{\"@type\":\"ReadAction\",\"target\":[\"https:\\\/\\\/www.retaildetail.be\\\/fr\\\/news\\\/general\\\/blokker-ouvrira-cinq-nouveaux-magasins-a-partir-du-mois-doctobre\\\/\"]}]},{\"@type\":\"ImageObject\",\"inLanguage\":\"fr-FR\",\"@id\":\"https:\\\/\\\/www.retaildetail.be\\\/fr\\\/news\\\/general\\\/blokker-ouvrira-cinq-nouveaux-magasins-a-partir-du-mois-doctobre\\\/#primaryimage\",\"url\":\"https:\\\/\\\/www.retaildetail.be\\\/wp-content\\\/uploads\\\/2026\\\/09\\\/shutterstock_1075343072-blokker-winkel.jpg\",\"contentUrl\":\"https:\\\/\\\/www.retaildetail.be\\\/wp-content\\\/uploads\\\/2026\\\/09\\\/shutterstock_1075343072-blokker-winkel.jpg\",\"width\":1000,\"height\":667},{\"@type\":\"BreadcrumbList\",\"@id\":\"https:\\\/\\\/www.retaildetail.be\\\/fr\\\/news\\\/general\\\/blokker-ouvrira-cinq-nouveaux-magasins-a-partir-du-mois-doctobre\\\/#breadcrumb\",\"itemListElement\":[{\"@type\":\"ListItem\",\"position\":1,\"name\":\"Home\",\"item\":\"https:\\\/\\\/www.retaildetail.be\\\/fr\\\/\"},{\"@type\":\"ListItem\",\"position\":2,\"name\":\"Blokker ouvrira cinq nouveaux magasins \u00e0 partir du mois d&#8217;octobre\"}]},{\"@type\":\"WebSite\",\"@id\":\"https:\\\/\\\/www.retaildetail.be\\\/nl\\\/#website\",\"url\":\"https:\\\/\\\/www.retaildetail.be\\\/nl\\\/\",\"name\":\"RetailDetail BE\",\"description\":\"News\",\"publisher\":{\"@id\":\"https:\\\/\\\/www.retaildetail.be\\\/nl\\\/#organization\"},\"potentialAction\":[{\"@type\":\"SearchAction\",\"target\":{\"@type\":\"EntryPoint\",\"urlTemplate\":\"https:\\\/\\\/www.retaildetail.be\\\/nl\\\/?s={search_term_string}\"},\"query-input\":{\"@type\":\"PropertyValueSpecification\",\"valueRequired\":true,\"valueName\":\"search_term_string\"}}],\"inLanguage\":\"fr-FR\"},{\"@type\":\"Organization\",\"@id\":\"https:\\\/\\\/www.retaildetail.be\\\/nl\\\/#organization\",\"name\":\"RetailDetail BE\",\"url\":\"https:\\\/\\\/www.retaildetail.be\\\/nl\\\/\",\"logo\":{\"@type\":\"ImageObject\",\"inLanguage\":\"fr-FR\",\"@id\":\"https:\\\/\\\/www.retaildetail.be\\\/nl\\\/#\\\/schema\\\/logo\\\/image\\\/\",\"url\":\"https:\\\/\\\/www.retaildetail.be\\\/wp-content\\\/uploads\\\/2022\\\/04\\\/logo.svg\",\"contentUrl\":\"https:\\\/\\\/www.retaildetail.be\\\/wp-content\\\/uploads\\\/2022\\\/04\\\/logo.svg\",\"width\":131,\"height\":70,\"caption\":\"RetailDetail BE\"},\"image\":{\"@id\":\"https:\\\/\\\/www.retaildetail.be\\\/nl\\\/#\\\/schema\\\/logo\\\/image\\\/\"}},{\"@type\":\"Person\",\"@id\":\"https:\\\/\\\/www.retaildetail.be\\\/nl\\\/#\\\/schema\\\/person\\\/51aec6069c4416aa2f68b2e4ff3455df\",\"name\":\"Stefan Van Rompaey\",\"image\":{\"@type\":\"ImageObject\",\"inLanguage\":\"fr-FR\",\"@id\":\"https:\\\/\\\/secure.gravatar.com\\\/avatar\\\/fbbb4a80a0f109888b2a5ab8ae255617499ecde533749b3ab2fa6c23b5d65dac?s=96&d=mm&r=g\",\"url\":\"https:\\\/\\\/secure.gravatar.com\\\/avatar\\\/fbbb4a80a0f109888b2a5ab8ae255617499ecde533749b3ab2fa6c23b5d65dac?s=96&d=mm&r=g\",\"contentUrl\":\"https:\\\/\\\/secure.gravatar.com\\\/avatar\\\/fbbb4a80a0f109888b2a5ab8ae255617499ecde533749b3ab2fa6c23b5d65dac?s=96&d=mm&r=g\",\"caption\":\"Stefan Van Rompaey\"},\"url\":\"https:\\\/\\\/www.retaildetail.be\\\/fr\\\/author\\\/stefanvanrompaey\\\/\"}]}<\/script>\n<!-- \/ Yoast SEO plugin. -->","yoast_head_json":{"title":"Blokker ouvrira cinq nouveaux magasins \u00e0 partir du mois d'octobre - RetailDetail BE","description":"Blokker poursuit son expansion aux Pays-Bas avec cinq nouveaux magasins pr\u00e9vus \u00e0 partir de d\u00e9but octobre. Cela porte \u00e0 66 le nombre total de magasins de cette cha\u00eene d\u2019articles m\u00e9nagers, dont 12 sont des franchises.","robots":{"index":"index","follow":"follow","max-snippet":"max-snippet:-1","max-image-preview":"max-image-preview:large","max-video-preview":"max-video-preview:-1"},"canonical":"https:\/\/www.retaildetail.be\/fr\/news\/general\/blokker-ouvrira-cinq-nouveaux-magasins-a-partir-du-mois-doctobre\/","og_locale":"fr_FR","og_type":"article","og_title":"Blokker ouvrira cinq nouveaux magasins \u00e0 partir du mois d'octobre - RetailDetail BE","og_description":"Blokker poursuit son expansion aux Pays-Bas avec cinq nouveaux magasins pr\u00e9vus \u00e0 partir de d\u00e9but octobre. Cela porte \u00e0 66 le nombre total de magasins de cette cha\u00eene d\u2019articles m\u00e9nagers, dont 12 sont des franchises.","og_url":"https:\/\/www.retaildetail.be\/fr\/news\/general\/blokker-ouvrira-cinq-nouveaux-magasins-a-partir-du-mois-doctobre\/","og_site_name":"RetailDetail BE","article_published_time":"2026-09-01T06:42:53+00:00","article_modified_time":"2026-09-01T06:42:54+00:00","og_image":[{"width":1000,"height":667,"url":"https:\/\/www.retaildetail.be\/wp-content\/uploads\/2026\/09\/shutterstock_1075343072-blokker-winkel.jpg","type":"image\/jpeg"}],"author":"Stefan Van Rompaey","twitter_card":"summary_large_image","twitter_misc":{"\u00c9crit par":"Stefan Van Rompaey","Dur\u00e9e de lecture estim\u00e9e":"1 minute"},"schema":{"@context":"https:\/\/schema.org","@graph":[{"@type":"NewsArticle","@id":"https:\/\/www.retaildetail.be\/fr\/news\/general\/blokker-ouvrira-cinq-nouveaux-magasins-a-partir-du-mois-doctobre\/#article","isPartOf":{"@id":"https:\/\/www.retaildetail.be\/fr\/news\/general\/blokker-ouvrira-cinq-nouveaux-magasins-a-partir-du-mois-doctobre\/"},"author":{"name":"Stefan Van Rompaey","@id":"https:\/\/www.retaildetail.be\/nl\/#\/schema\/person\/51aec6069c4416aa2f68b2e4ff3455df"},"headline":"Blokker ouvrira cinq nouveaux magasins \u00e0 partir du mois d&rsquo;octobre","datePublished":"2026-09-01T06:42:53+00:00","dateModified":"2026-09-01T06:42:54+00:00","mainEntityOfPage":{"@id":"https:\/\/www.retaildetail.be\/fr\/news\/general\/blokker-ouvrira-cinq-nouveaux-magasins-a-partir-du-mois-doctobre\/"},"wordCount":220,"publisher":{"@id":"https:\/\/www.retaildetail.be\/nl\/#organization"},"image":{"@id":"https:\/\/www.retaildetail.be\/fr\/news\/general\/blokker-ouvrira-cinq-nouveaux-magasins-a-partir-du-mois-doctobre\/#primaryimage"},"thumbnailUrl":"https:\/\/www.retaildetail.be\/wp-content\/uploads\/2026\/09\/shutterstock_1075343072-blokker-winkel.jpg","articleSection":["Algemeen","G\u00e9n\u00e9ral"],"inLanguage":"fr-FR","copyrightYear":"2026","copyrightHolder":{"@id":"https:\/\/www.retaildetail.be\/#organization"}},{"@type":"WebPage","@id":"https:\/\/www.retaildetail.be\/fr\/news\/general\/blokker-ouvrira-cinq-nouveaux-magasins-a-partir-du-mois-doctobre\/","url":"https:\/\/www.retaildetail.be\/fr\/news\/general\/blokker-ouvrira-cinq-nouveaux-magasins-a-partir-du-mois-doctobre\/","name":"Blokker ouvrira cinq nouveaux magasins \u00e0 partir du mois d'octobre - RetailDetail BE","isPartOf":{"@id":"https:\/\/www.retaildetail.be\/nl\/#website"},"primaryImageOfPage":{"@id":"https:\/\/www.retaildetail.be\/fr\/news\/general\/blokker-ouvrira-cinq-nouveaux-magasins-a-partir-du-mois-doctobre\/#primaryimage"},"image":{"@id":"https:\/\/www.retaildetail.be\/fr\/news\/general\/blokker-ouvrira-cinq-nouveaux-magasins-a-partir-du-mois-doctobre\/#primaryimage"},"thumbnailUrl":"https:\/\/www.retaildetail.be\/wp-content\/uploads\/2026\/09\/shutterstock_1075343072-blokker-winkel.jpg","datePublished":"2026-09-01T06:42:53+00:00","dateModified":"2026-09-01T06:42:54+00:00","description":"Blokker poursuit son expansion aux Pays-Bas avec cinq nouveaux magasins pr\u00e9vus \u00e0 partir de d\u00e9but octobre. Cela porte \u00e0 66 le nombre total de magasins de cette cha\u00eene d\u2019articles m\u00e9nagers, dont 12 sont des franchises.","breadcrumb":{"@id":"https:\/\/www.retaildetail.be\/fr\/news\/general\/blokker-ouvrira-cinq-nouveaux-magasins-a-partir-du-mois-doctobre\/#breadcrumb"},"inLanguage":"fr-FR","potentialAction":[{"@type":"ReadAction","target":["https:\/\/www.retaildetail.be\/fr\/news\/general\/blokker-ouvrira-cinq-nouveaux-magasins-a-partir-du-mois-doctobre\/"]}]},{"@type":"ImageObject","inLanguage":"fr-FR","@id":"https:\/\/www.retaildetail.be\/fr\/news\/general\/blokker-ouvrira-cinq-nouveaux-magasins-a-partir-du-mois-doctobre\/#primaryimage","url":"https:\/\/www.retaildetail.be\/wp-content\/uploads\/2026\/09\/shutterstock_1075343072-blokker-winkel.jpg","contentUrl":"https:\/\/www.retaildetail.be\/wp-content\/uploads\/2026\/09\/shutterstock_1075343072-blokker-winkel.jpg","width":1000,"height":667},{"@type":"BreadcrumbList","@id":"https:\/\/www.retaildetail.be\/fr\/news\/general\/blokker-ouvrira-cinq-nouveaux-magasins-a-partir-du-mois-doctobre\/#breadcrumb","itemListElement":[{"@type":"ListItem","position":1,"name":"Home","item":"https:\/\/www.retaildetail.be\/fr\/"},{"@type":"ListItem","position":2,"name":"Blokker ouvrira cinq nouveaux magasins \u00e0 partir du mois d&#8217;octobre"}]},{"@type":"WebSite","@id":"https:\/\/www.retaildetail.be\/nl\/#website","url":"https:\/\/www.retaildetail.be\/nl\/","name":"RetailDetail BE","description":"News","publisher":{"@id":"https:\/\/www.retaildetail.be\/nl\/#organization"},"potentialAction":[{"@type":"SearchAction","target":{"@type":"EntryPoint","urlTemplate":"https:\/\/www.retaildetail.be\/nl\/?s={search_term_string}"},"query-input":{"@type":"PropertyValueSpecification","valueRequired":true,"valueName":"search_term_string"}}],"inLanguage":"fr-FR"},{"@type":"Organization","@id":"https:\/\/www.retaildetail.be\/nl\/#organization","name":"RetailDetail BE","url":"https:\/\/www.retaildetail.be\/nl\/","logo":{"@type":"ImageObject","inLanguage":"fr-FR","@id":"https:\/\/www.retaildetail.be\/nl\/#\/schema\/logo\/image\/","url":"https:\/\/www.retaildetail.be\/wp-content\/uploads\/2022\/04\/logo.svg","contentUrl":"https:\/\/www.retaildetail.be\/wp-content\/uploads\/2022\/04\/logo.svg","width":131,"height":70,"caption":"RetailDetail BE"},"image":{"@id":"https:\/\/www.retaildetail.be\/nl\/#\/schema\/logo\/image\/"}},{"@type":"Person","@id":"https:\/\/www.retaildetail.be\/nl\/#\/schema\/person\/51aec6069c4416aa2f68b2e4ff3455df","name":"Stefan Van Rompaey","image":{"@type":"ImageObject","inLanguage":"fr-FR","@id":"https:\/\/secure.gravatar.com\/avatar\/fbbb4a80a0f109888b2a5ab8ae255617499ecde533749b3ab2fa6c23b5d65dac?s=96&d=mm&r=g","url":"https:\/\/secure.gravatar.com\/avatar\/fbbb4a80a0f109888b2a5ab8ae255617499ecde533749b3ab2fa6c23b5d65dac?s=96&d=mm&r=g","contentUrl":"https:\/\/secure.gravatar.com\/avatar\/fbbb4a80a0f109888b2a5ab8ae255617499ecde533749b3ab2fa6c23b5d65dac?s=96&d=mm&r=g","caption":"Stefan Van Rompaey"},"url":"https:\/\/www.retaildetail.be\/fr\/author\/stefanvanrompaey\/"}]}},"jetpack_featured_media_url":"https:\/\/www.retaildetail.be\/wp-content\/uploads\/2026\/09\/shutterstock_1075343072-blokker-winkel.jpg","jetpack_sharing_enabled":true,"_links":{"self":[{"href":"https:\/\/www.retaildetail.be\/fr\/wp-json\/wp\/v2\/posts\/154424","targetHints":{"allow":["GET"]}}],"collection":[{"href":"https:\/\/www.retaildetail.be\/fr\/wp-json\/wp\/v2\/posts"}],"about":[{"href":"https:\/\/www.retaildetail.be\/fr\/wp-json\/wp\/v2\/types\/post"}],"author":[{"embeddable":true,"href":"https:\/\/www.retaildetail.be\/fr\/wp-json\/wp\/v2\/users\/3"}],"replies":[{"embeddable":true,"href":"https:\/\/www.retaildetail.be\/fr\/wp-json\/wp\/v2\/comments?post=154424"}],"version-history":[{"count":1,"href":"https:\/\/www.retaildetail.be\/fr\/wp-json\/wp\/v2\/posts\/154424\/revisions"}],"predecessor-version":[{"id":154426,"href":"https:\/\/www.retaildetail.be\/fr\/wp-json\/wp\/v2\/posts\/154424\/revisions\/154426"}],"wp:featuredmedia":[{"embeddable":true,"href":"https:\/\/www.retaildetail.be\/fr\/wp-json\/wp\/v2\/media\/154425"}],"wp:attachment":[{"href":"https:\/\/www.retaildetail.be\/fr\/wp-json\/wp\/v2\/media?parent=154424"}],"wp:term":[{"taxonomy":"category","embeddable":true,"href":"https:\/\/www.retaildetail.be\/fr\/wp-json\/wp\/v2\/categories?post=154424"},{"taxonomy":"post_tag","embeddable":true,"href":"https:\/\/www.retaildetail.be\/fr\/wp-json\/wp\/v2\/tags?post=154424"},{"taxonomy":"people","embeddable":true,"href":"https:\/\/www.retaildetail.be\/fr\/wp-json\/wp\/v2\/people?post=154424"},{"taxonomy":"extra","embeddable":true,"href":"https:\/\/www.retaildetail.be\/fr\/wp-json\/wp\/v2\/extra?post=154424"},{"taxonomy":"company","embeddable":true,"href":"https:\/\/www.retaildetail.be\/fr\/wp-json\/wp\/v2\/company?post=154424"},{"taxonomy":"topic","embeddable":true,"href":"https:\/\/www.retaildetail.be\/fr\/wp-json\/wp\/v2\/topic?post=154424"},{"taxonomy":"region","embeddable":true,"href":"https:\/\/www.retaildetail.be\/fr\/wp-json\/wp\/v2\/region?post=154424"}],"curies":[{"name":"wp","href":"https:\/\/api.w.org\/{rel}","templated":true}]}}