{"id":154433,"date":"2026-09-01T09:38:39","date_gmt":"2026-09-01T07:38:39","guid":{"rendered":"https:\/\/www.retaildetail.be\/?p=154433"},"modified":"2026-09-01T09:38:41","modified_gmt":"2026-09-01T07:38:41","slug":"la-vague-de-chaleur-fait-egalement-grimper-les-ventes-deau-de-spa-a-des-niveaux-records","status":"publish","type":"post","link":"https:\/\/www.retaildetail.be\/fr\/news\/food\/la-vague-de-chaleur-fait-egalement-grimper-les-ventes-deau-de-spa-a-des-niveaux-records\/","title":{"rendered":"La canicule fait \u00e9galement grimper les ventes d&rsquo;eau de Spa \u00e0 des niveaux records"},"content":{"rendered":"\n<p class=\"wp-block-paragraph\"><strong>Spadel<\/strong>, le fabricant des marques d&rsquo;eau <strong>Spa <\/strong>et <strong>Bru<\/strong>, a enregistr\u00e9 une forte hausse de ses ventes d&rsquo;eau au cours du premier semestre 2026. La chaleur, la popularit\u00e9 des marques locales et le lancement de nouveaux produits ont fait grimper le chiffre d&rsquo;affaires de 10,1 %, tandis que le b\u00e9n\u00e9fice d&rsquo;exploitation a augment\u00e9 de plus d&rsquo;un cinqui\u00e8me.<\/p>\n\n\n\n<h2 class=\"wp-block-heading\">S&rsquo;hydrater par temps chaud<\/h2>\n\n\n\n<p class=\"wp-block-paragraph\">Le groupe belge sp\u00e9cialis\u00e9 dans l\u2019eau a enregistr\u00e9 un chiffre d\u2019affaires de 219,9 millions d\u2019euros au cours des six premiers mois, contre 199,8 millions d\u2019euros un an plus t\u00f4t. Le r\u00e9sultat d\u2019exploitation a progress\u00e9 de 22,4 % pour atteindre 41,5 millions d\u2019euros et le r\u00e9sultat net de 21,7 % pour s\u2019\u00e9tablir \u00e0 32,6 millions d\u2019euros.<\/p>\n\n\n\n<p class=\"wp-block-paragraph\">Spadel a vu ses volumes de vente progresser sur tous les march\u00e9s. La chaleur qui a r\u00e9gn\u00e9 en mai et juin a notamment donn\u00e9 un coup de pouce suppl\u00e9mentaire \u00e0 la demande en eau. \u00ab En juin, nous avons enregistr\u00e9 des volumes de vente records. D\u00e8s que la temp\u00e9rature d\u00e9passe les 30 degr\u00e9s pendant plusieurs semaines, de nombreux consommateurs choisissent notre eau et nos boissons pour rester hydrat\u00e9s \u00bb, explique le PDG Marc du Bois.<\/p>\n\n\n\n<h2 class=\"wp-block-heading\">Les innovations rencontrent un franc succ\u00e8s<\/h2>\n\n\n\n<p class=\"wp-block-paragraph\">Les innovations ont \u00e9galement contribu\u00e9 \u00e0 ce solide premier semestre. En Bulgarie, les boissons fonctionnelles de Devin Active, contenant notamment des \u00e9lectrolytes, du collag\u00e8ne et des fibres, remportent un franc succ\u00e8s. En France, Spadel a lanc\u00e9 Fontaine Wattwiller et, au Benelux, la marque Spa Touch a commercialis\u00e9 des eaux p\u00e9tillantes aux saveurs de mocktails.<\/p>\n\n\n\n<p class=\"wp-block-paragraph\">\u00ab La hausse des volumes vendus sur tous nos march\u00e9s t\u00e9moigne de l\u2019int\u00e9r\u00eat croissant des consommateurs pour les produits sains et naturels, mais aussi de leur attachement \u00e0 nos marques locales dynamiques \u00bb, explique Du Bois.<\/p>\n\n\n\n<p class=\"wp-block-paragraph\">Spadel a augment\u00e9 ses investissements, qui sont pass\u00e9s de 9,5 millions \u00e0 12,6 millions d\u2019euros. Le groupe construit notamment un entrep\u00f4t automatis\u00e9 en Bulgarie et installe \u00e0 Spa une nouvelle ligne de production d\u2019eau min\u00e9rale naturelle.<\/p>\n\n\n\n<h2 class=\"wp-block-heading\">Un march\u00e9 incertain<\/h2>\n\n\n\n<p class=\"wp-block-paragraph\">Sur l\u2019ensemble de l\u2019ann\u00e9e 2026, Spadel pr\u00e9voit de r\u00e9aliser de meilleures performances que l\u2019ann\u00e9e derni\u00e8re, \u00e0 condition que les conditions de march\u00e9 restent favorables. Dans le m\u00eame temps, la hausse des co\u00fbts des mati\u00e8res premi\u00e8res, du transport et des emballages reste un sujet de pr\u00e9occupation.<\/p>\n\n\n\n<p class=\"wp-block-paragraph\">\u00ab Le climat \u00e9conomique reste marqu\u00e9 par des incertitudes g\u00e9opolitiques et r\u00e9glementaires, ainsi que par une pression croissante sur diff\u00e9rentes cat\u00e9gories de co\u00fbts \u00bb, explique Du Bois. \u00ab Malgr\u00e9 ces d\u00e9fis, les fondamentaux de nos march\u00e9s restent solides. \u00bb<\/p>\n","protected":false},"excerpt":{"rendered":"<p>Spadel, le fabricant des marques Spa et Bru, a enregistr\u00e9 une forte hausse de ses ventes d&rsquo;eau au cours du premier semestre 2026. La chaleur, la popularit\u00e9 des marques locales et le lancement de nouveaux produits ont fait grimper le chiffre d&rsquo;affaires de 10,1 %, tandis que le b\u00e9n\u00e9fice d&rsquo;exploitation a augment\u00e9 de plus d&rsquo;un cinqui\u00e8me.<\/p>\n","protected":false},"author":5,"featured_media":154434,"comment_status":"closed","ping_status":"closed","sticky":false,"template":"","format":"standard","meta":{"_acf_changed":false,"inline_featured_image":false,"_jetpack_newsletter_access":"","_jetpack_dont_email_post_to_subs":false,"_jetpack_newsletter_tier_id":0,"_jetpack_memberships_contains_paywalled_content":false,"_jetpack_memberships_contains_paid_content":false,"footnotes":""},"categories":[18,24],"tags":[],"people":[],"extra":[43],"company":[799],"topic":[266],"region":[226],"class_list":["post-154433","post","type-post","status-publish","format-standard","has-post-thumbnail","hentry","category-food","extra-plus","company-spadel","topic-resultats-financiers","region-belgique"],"acf":[],"yoast_head":"<!-- This site is optimized with the Yoast SEO plugin v28.1 - https:\/\/yoast.com\/product\/yoast-seo-wordpress\/ -->\n<title>La canicule fait \u00e9galement grimper les ventes d&#039;eau de Spa \u00e0 des niveaux records - RetailDetail BE<\/title>\n<meta name=\"robots\" content=\"index, follow, max-snippet:-1, max-image-preview:large, max-video-preview:-1\" \/>\n<link rel=\"canonical\" href=\"https:\/\/www.retaildetail.be\/fr\/news\/food\/la-vague-de-chaleur-fait-egalement-grimper-les-ventes-deau-de-spa-a-des-niveaux-records\/\" \/>\n<meta property=\"og:locale\" content=\"fr_FR\" \/>\n<meta property=\"og:type\" content=\"article\" \/>\n<meta property=\"og:title\" content=\"La canicule fait \u00e9galement grimper les ventes d&#039;eau de Spa \u00e0 des niveaux records - RetailDetail BE\" \/>\n<meta property=\"og:description\" content=\"Spadel, le fabricant des marques Spa et Bru, a enregistr\u00e9 une forte hausse de ses ventes d&#039;eau au cours du premier semestre 2026. La chaleur, la popularit\u00e9 des marques locales et le lancement de nouveaux produits ont fait grimper le chiffre d&#039;affaires de 10,1 %, tandis que le b\u00e9n\u00e9fice d&#039;exploitation a augment\u00e9 de plus d&#039;un cinqui\u00e8me.\" \/>\n<meta property=\"og:url\" content=\"https:\/\/www.retaildetail.be\/fr\/news\/food\/la-vague-de-chaleur-fait-egalement-grimper-les-ventes-deau-de-spa-a-des-niveaux-records\/\" \/>\n<meta property=\"og:site_name\" content=\"RetailDetail BE\" \/>\n<meta property=\"article:published_time\" content=\"2026-09-01T07:38:39+00:00\" \/>\n<meta property=\"article:modified_time\" content=\"2026-09-01T07:38:41+00:00\" \/>\n<meta property=\"og:image\" content=\"https:\/\/www.retaildetail.be\/wp-content\/uploads\/2026\/09\/Living-Things-spadel.jpg\" \/>\n\t<meta property=\"og:image:width\" content=\"1920\" \/>\n\t<meta property=\"og:image:height\" content=\"986\" \/>\n\t<meta property=\"og:image:type\" content=\"image\/jpeg\" \/>\n<meta name=\"author\" content=\"Pauline Neerman\" \/>\n<meta name=\"twitter:card\" content=\"summary_large_image\" \/>\n<meta name=\"twitter:label1\" content=\"\u00c9crit par\" \/>\n\t<meta name=\"twitter:data1\" content=\"Pauline Neerman\" \/>\n\t<meta name=\"twitter:label2\" content=\"Dur\u00e9e de lecture estim\u00e9e\" \/>\n\t<meta name=\"twitter:data2\" content=\"2 minutes\" \/>\n<script type=\"application\/ld+json\" class=\"yoast-schema-graph\">{\"@context\":\"https:\\\/\\\/schema.org\",\"@graph\":[{\"@type\":\"NewsArticle\",\"@id\":\"https:\\\/\\\/www.retaildetail.be\\\/fr\\\/news\\\/food\\\/la-vague-de-chaleur-fait-egalement-grimper-les-ventes-deau-de-spa-a-des-niveaux-records\\\/#article\",\"isPartOf\":{\"@id\":\"https:\\\/\\\/www.retaildetail.be\\\/fr\\\/news\\\/food\\\/la-vague-de-chaleur-fait-egalement-grimper-les-ventes-deau-de-spa-a-des-niveaux-records\\\/\"},\"author\":{\"name\":\"Pauline Neerman\",\"@id\":\"https:\\\/\\\/www.retaildetail.be\\\/nl\\\/#\\\/schema\\\/person\\\/66b54803fa10759039079458ea89e307\"},\"headline\":\"La canicule fait \u00e9galement grimper les ventes d&rsquo;eau de Spa \u00e0 des niveaux records\",\"datePublished\":\"2026-09-01T07:38:39+00:00\",\"dateModified\":\"2026-09-01T07:38:41+00:00\",\"mainEntityOfPage\":{\"@id\":\"https:\\\/\\\/www.retaildetail.be\\\/fr\\\/news\\\/food\\\/la-vague-de-chaleur-fait-egalement-grimper-les-ventes-deau-de-spa-a-des-niveaux-records\\\/\"},\"wordCount\":457,\"publisher\":{\"@id\":\"https:\\\/\\\/www.retaildetail.be\\\/nl\\\/#organization\"},\"image\":{\"@id\":\"https:\\\/\\\/www.retaildetail.be\\\/fr\\\/news\\\/food\\\/la-vague-de-chaleur-fait-egalement-grimper-les-ventes-deau-de-spa-a-des-niveaux-records\\\/#primaryimage\"},\"thumbnailUrl\":\"https:\\\/\\\/www.retaildetail.be\\\/wp-content\\\/uploads\\\/2026\\\/09\\\/Living-Things-spadel.jpg\",\"articleSection\":[\"Food\",\"Food\"],\"inLanguage\":\"fr-FR\",\"copyrightYear\":\"2026\",\"copyrightHolder\":{\"@id\":\"https:\\\/\\\/www.retaildetail.be\\\/#organization\"}},{\"@type\":\"WebPage\",\"@id\":\"https:\\\/\\\/www.retaildetail.be\\\/fr\\\/news\\\/food\\\/la-vague-de-chaleur-fait-egalement-grimper-les-ventes-deau-de-spa-a-des-niveaux-records\\\/\",\"url\":\"https:\\\/\\\/www.retaildetail.be\\\/fr\\\/news\\\/food\\\/la-vague-de-chaleur-fait-egalement-grimper-les-ventes-deau-de-spa-a-des-niveaux-records\\\/\",\"name\":\"La canicule fait \u00e9galement grimper les ventes d'eau de Spa \u00e0 des niveaux records - RetailDetail BE\",\"isPartOf\":{\"@id\":\"https:\\\/\\\/www.retaildetail.be\\\/nl\\\/#website\"},\"primaryImageOfPage\":{\"@id\":\"https:\\\/\\\/www.retaildetail.be\\\/fr\\\/news\\\/food\\\/la-vague-de-chaleur-fait-egalement-grimper-les-ventes-deau-de-spa-a-des-niveaux-records\\\/#primaryimage\"},\"image\":{\"@id\":\"https:\\\/\\\/www.retaildetail.be\\\/fr\\\/news\\\/food\\\/la-vague-de-chaleur-fait-egalement-grimper-les-ventes-deau-de-spa-a-des-niveaux-records\\\/#primaryimage\"},\"thumbnailUrl\":\"https:\\\/\\\/www.retaildetail.be\\\/wp-content\\\/uploads\\\/2026\\\/09\\\/Living-Things-spadel.jpg\",\"datePublished\":\"2026-09-01T07:38:39+00:00\",\"dateModified\":\"2026-09-01T07:38:41+00:00\",\"breadcrumb\":{\"@id\":\"https:\\\/\\\/www.retaildetail.be\\\/fr\\\/news\\\/food\\\/la-vague-de-chaleur-fait-egalement-grimper-les-ventes-deau-de-spa-a-des-niveaux-records\\\/#breadcrumb\"},\"inLanguage\":\"fr-FR\",\"potentialAction\":[{\"@type\":\"ReadAction\",\"target\":[\"https:\\\/\\\/www.retaildetail.be\\\/fr\\\/news\\\/food\\\/la-vague-de-chaleur-fait-egalement-grimper-les-ventes-deau-de-spa-a-des-niveaux-records\\\/\"]}]},{\"@type\":\"ImageObject\",\"inLanguage\":\"fr-FR\",\"@id\":\"https:\\\/\\\/www.retaildetail.be\\\/fr\\\/news\\\/food\\\/la-vague-de-chaleur-fait-egalement-grimper-les-ventes-deau-de-spa-a-des-niveaux-records\\\/#primaryimage\",\"url\":\"https:\\\/\\\/www.retaildetail.be\\\/wp-content\\\/uploads\\\/2026\\\/09\\\/Living-Things-spadel.jpg\",\"contentUrl\":\"https:\\\/\\\/www.retaildetail.be\\\/wp-content\\\/uploads\\\/2026\\\/09\\\/Living-Things-spadel.jpg\",\"width\":1920,\"height\":986},{\"@type\":\"BreadcrumbList\",\"@id\":\"https:\\\/\\\/www.retaildetail.be\\\/fr\\\/news\\\/food\\\/la-vague-de-chaleur-fait-egalement-grimper-les-ventes-deau-de-spa-a-des-niveaux-records\\\/#breadcrumb\",\"itemListElement\":[{\"@type\":\"ListItem\",\"position\":1,\"name\":\"Home\",\"item\":\"https:\\\/\\\/www.retaildetail.be\\\/fr\\\/\"},{\"@type\":\"ListItem\",\"position\":2,\"name\":\"La canicule fait \u00e9galement grimper les ventes d&#8217;eau de Spa \u00e0 des niveaux records\"}]},{\"@type\":\"WebSite\",\"@id\":\"https:\\\/\\\/www.retaildetail.be\\\/nl\\\/#website\",\"url\":\"https:\\\/\\\/www.retaildetail.be\\\/nl\\\/\",\"name\":\"RetailDetail BE\",\"description\":\"News\",\"publisher\":{\"@id\":\"https:\\\/\\\/www.retaildetail.be\\\/nl\\\/#organization\"},\"potentialAction\":[{\"@type\":\"SearchAction\",\"target\":{\"@type\":\"EntryPoint\",\"urlTemplate\":\"https:\\\/\\\/www.retaildetail.be\\\/nl\\\/?s={search_term_string}\"},\"query-input\":{\"@type\":\"PropertyValueSpecification\",\"valueRequired\":true,\"valueName\":\"search_term_string\"}}],\"inLanguage\":\"fr-FR\"},{\"@type\":\"Organization\",\"@id\":\"https:\\\/\\\/www.retaildetail.be\\\/nl\\\/#organization\",\"name\":\"RetailDetail BE\",\"url\":\"https:\\\/\\\/www.retaildetail.be\\\/nl\\\/\",\"logo\":{\"@type\":\"ImageObject\",\"inLanguage\":\"fr-FR\",\"@id\":\"https:\\\/\\\/www.retaildetail.be\\\/nl\\\/#\\\/schema\\\/logo\\\/image\\\/\",\"url\":\"https:\\\/\\\/www.retaildetail.be\\\/wp-content\\\/uploads\\\/2022\\\/04\\\/logo.svg\",\"contentUrl\":\"https:\\\/\\\/www.retaildetail.be\\\/wp-content\\\/uploads\\\/2022\\\/04\\\/logo.svg\",\"width\":131,\"height\":70,\"caption\":\"RetailDetail BE\"},\"image\":{\"@id\":\"https:\\\/\\\/www.retaildetail.be\\\/nl\\\/#\\\/schema\\\/logo\\\/image\\\/\"}},{\"@type\":\"Person\",\"@id\":\"https:\\\/\\\/www.retaildetail.be\\\/nl\\\/#\\\/schema\\\/person\\\/66b54803fa10759039079458ea89e307\",\"name\":\"Pauline Neerman\",\"image\":{\"@type\":\"ImageObject\",\"inLanguage\":\"fr-FR\",\"@id\":\"https:\\\/\\\/secure.gravatar.com\\\/avatar\\\/58db22aee589a691f9603e5765ac06010427a923f9b2728b951eb7fe27214d70?s=96&d=mm&r=g\",\"url\":\"https:\\\/\\\/secure.gravatar.com\\\/avatar\\\/58db22aee589a691f9603e5765ac06010427a923f9b2728b951eb7fe27214d70?s=96&d=mm&r=g\",\"contentUrl\":\"https:\\\/\\\/secure.gravatar.com\\\/avatar\\\/58db22aee589a691f9603e5765ac06010427a923f9b2728b951eb7fe27214d70?s=96&d=mm&r=g\",\"caption\":\"Pauline Neerman\"},\"url\":\"https:\\\/\\\/www.retaildetail.be\\\/fr\\\/author\\\/paulineneerman\\\/\"}]}<\/script>\n<!-- \/ Yoast SEO plugin. -->","yoast_head_json":{"title":"La canicule fait \u00e9galement grimper les ventes d'eau de Spa \u00e0 des niveaux records - RetailDetail BE","robots":{"index":"index","follow":"follow","max-snippet":"max-snippet:-1","max-image-preview":"max-image-preview:large","max-video-preview":"max-video-preview:-1"},"canonical":"https:\/\/www.retaildetail.be\/fr\/news\/food\/la-vague-de-chaleur-fait-egalement-grimper-les-ventes-deau-de-spa-a-des-niveaux-records\/","og_locale":"fr_FR","og_type":"article","og_title":"La canicule fait \u00e9galement grimper les ventes d'eau de Spa \u00e0 des niveaux records - RetailDetail BE","og_description":"Spadel, le fabricant des marques Spa et Bru, a enregistr\u00e9 une forte hausse de ses ventes d'eau au cours du premier semestre 2026. La chaleur, la popularit\u00e9 des marques locales et le lancement de nouveaux produits ont fait grimper le chiffre d'affaires de 10,1 %, tandis que le b\u00e9n\u00e9fice d'exploitation a augment\u00e9 de plus d'un cinqui\u00e8me.","og_url":"https:\/\/www.retaildetail.be\/fr\/news\/food\/la-vague-de-chaleur-fait-egalement-grimper-les-ventes-deau-de-spa-a-des-niveaux-records\/","og_site_name":"RetailDetail BE","article_published_time":"2026-09-01T07:38:39+00:00","article_modified_time":"2026-09-01T07:38:41+00:00","og_image":[{"width":1920,"height":986,"url":"https:\/\/www.retaildetail.be\/wp-content\/uploads\/2026\/09\/Living-Things-spadel.jpg","type":"image\/jpeg"}],"author":"Pauline Neerman","twitter_card":"summary_large_image","twitter_misc":{"\u00c9crit par":"Pauline Neerman","Dur\u00e9e de lecture estim\u00e9e":"2 minutes"},"schema":{"@context":"https:\/\/schema.org","@graph":[{"@type":"NewsArticle","@id":"https:\/\/www.retaildetail.be\/fr\/news\/food\/la-vague-de-chaleur-fait-egalement-grimper-les-ventes-deau-de-spa-a-des-niveaux-records\/#article","isPartOf":{"@id":"https:\/\/www.retaildetail.be\/fr\/news\/food\/la-vague-de-chaleur-fait-egalement-grimper-les-ventes-deau-de-spa-a-des-niveaux-records\/"},"author":{"name":"Pauline Neerman","@id":"https:\/\/www.retaildetail.be\/nl\/#\/schema\/person\/66b54803fa10759039079458ea89e307"},"headline":"La canicule fait \u00e9galement grimper les ventes d&rsquo;eau de Spa \u00e0 des niveaux records","datePublished":"2026-09-01T07:38:39+00:00","dateModified":"2026-09-01T07:38:41+00:00","mainEntityOfPage":{"@id":"https:\/\/www.retaildetail.be\/fr\/news\/food\/la-vague-de-chaleur-fait-egalement-grimper-les-ventes-deau-de-spa-a-des-niveaux-records\/"},"wordCount":457,"publisher":{"@id":"https:\/\/www.retaildetail.be\/nl\/#organization"},"image":{"@id":"https:\/\/www.retaildetail.be\/fr\/news\/food\/la-vague-de-chaleur-fait-egalement-grimper-les-ventes-deau-de-spa-a-des-niveaux-records\/#primaryimage"},"thumbnailUrl":"https:\/\/www.retaildetail.be\/wp-content\/uploads\/2026\/09\/Living-Things-spadel.jpg","articleSection":["Food","Food"],"inLanguage":"fr-FR","copyrightYear":"2026","copyrightHolder":{"@id":"https:\/\/www.retaildetail.be\/#organization"}},{"@type":"WebPage","@id":"https:\/\/www.retaildetail.be\/fr\/news\/food\/la-vague-de-chaleur-fait-egalement-grimper-les-ventes-deau-de-spa-a-des-niveaux-records\/","url":"https:\/\/www.retaildetail.be\/fr\/news\/food\/la-vague-de-chaleur-fait-egalement-grimper-les-ventes-deau-de-spa-a-des-niveaux-records\/","name":"La canicule fait \u00e9galement grimper les ventes d'eau de Spa \u00e0 des niveaux records - RetailDetail BE","isPartOf":{"@id":"https:\/\/www.retaildetail.be\/nl\/#website"},"primaryImageOfPage":{"@id":"https:\/\/www.retaildetail.be\/fr\/news\/food\/la-vague-de-chaleur-fait-egalement-grimper-les-ventes-deau-de-spa-a-des-niveaux-records\/#primaryimage"},"image":{"@id":"https:\/\/www.retaildetail.be\/fr\/news\/food\/la-vague-de-chaleur-fait-egalement-grimper-les-ventes-deau-de-spa-a-des-niveaux-records\/#primaryimage"},"thumbnailUrl":"https:\/\/www.retaildetail.be\/wp-content\/uploads\/2026\/09\/Living-Things-spadel.jpg","datePublished":"2026-09-01T07:38:39+00:00","dateModified":"2026-09-01T07:38:41+00:00","breadcrumb":{"@id":"https:\/\/www.retaildetail.be\/fr\/news\/food\/la-vague-de-chaleur-fait-egalement-grimper-les-ventes-deau-de-spa-a-des-niveaux-records\/#breadcrumb"},"inLanguage":"fr-FR","potentialAction":[{"@type":"ReadAction","target":["https:\/\/www.retaildetail.be\/fr\/news\/food\/la-vague-de-chaleur-fait-egalement-grimper-les-ventes-deau-de-spa-a-des-niveaux-records\/"]}]},{"@type":"ImageObject","inLanguage":"fr-FR","@id":"https:\/\/www.retaildetail.be\/fr\/news\/food\/la-vague-de-chaleur-fait-egalement-grimper-les-ventes-deau-de-spa-a-des-niveaux-records\/#primaryimage","url":"https:\/\/www.retaildetail.be\/wp-content\/uploads\/2026\/09\/Living-Things-spadel.jpg","contentUrl":"https:\/\/www.retaildetail.be\/wp-content\/uploads\/2026\/09\/Living-Things-spadel.jpg","width":1920,"height":986},{"@type":"BreadcrumbList","@id":"https:\/\/www.retaildetail.be\/fr\/news\/food\/la-vague-de-chaleur-fait-egalement-grimper-les-ventes-deau-de-spa-a-des-niveaux-records\/#breadcrumb","itemListElement":[{"@type":"ListItem","position":1,"name":"Home","item":"https:\/\/www.retaildetail.be\/fr\/"},{"@type":"ListItem","position":2,"name":"La canicule fait \u00e9galement grimper les ventes d&#8217;eau de Spa \u00e0 des niveaux records"}]},{"@type":"WebSite","@id":"https:\/\/www.retaildetail.be\/nl\/#website","url":"https:\/\/www.retaildetail.be\/nl\/","name":"RetailDetail BE","description":"News","publisher":{"@id":"https:\/\/www.retaildetail.be\/nl\/#organization"},"potentialAction":[{"@type":"SearchAction","target":{"@type":"EntryPoint","urlTemplate":"https:\/\/www.retaildetail.be\/nl\/?s={search_term_string}"},"query-input":{"@type":"PropertyValueSpecification","valueRequired":true,"valueName":"search_term_string"}}],"inLanguage":"fr-FR"},{"@type":"Organization","@id":"https:\/\/www.retaildetail.be\/nl\/#organization","name":"RetailDetail BE","url":"https:\/\/www.retaildetail.be\/nl\/","logo":{"@type":"ImageObject","inLanguage":"fr-FR","@id":"https:\/\/www.retaildetail.be\/nl\/#\/schema\/logo\/image\/","url":"https:\/\/www.retaildetail.be\/wp-content\/uploads\/2022\/04\/logo.svg","contentUrl":"https:\/\/www.retaildetail.be\/wp-content\/uploads\/2022\/04\/logo.svg","width":131,"height":70,"caption":"RetailDetail BE"},"image":{"@id":"https:\/\/www.retaildetail.be\/nl\/#\/schema\/logo\/image\/"}},{"@type":"Person","@id":"https:\/\/www.retaildetail.be\/nl\/#\/schema\/person\/66b54803fa10759039079458ea89e307","name":"Pauline Neerman","image":{"@type":"ImageObject","inLanguage":"fr-FR","@id":"https:\/\/secure.gravatar.com\/avatar\/58db22aee589a691f9603e5765ac06010427a923f9b2728b951eb7fe27214d70?s=96&d=mm&r=g","url":"https:\/\/secure.gravatar.com\/avatar\/58db22aee589a691f9603e5765ac06010427a923f9b2728b951eb7fe27214d70?s=96&d=mm&r=g","contentUrl":"https:\/\/secure.gravatar.com\/avatar\/58db22aee589a691f9603e5765ac06010427a923f9b2728b951eb7fe27214d70?s=96&d=mm&r=g","caption":"Pauline Neerman"},"url":"https:\/\/www.retaildetail.be\/fr\/author\/paulineneerman\/"}]}},"jetpack_featured_media_url":"https:\/\/www.retaildetail.be\/wp-content\/uploads\/2026\/09\/Living-Things-spadel.jpg","jetpack_sharing_enabled":true,"_links":{"self":[{"href":"https:\/\/www.retaildetail.be\/fr\/wp-json\/wp\/v2\/posts\/154433","targetHints":{"allow":["GET"]}}],"collection":[{"href":"https:\/\/www.retaildetail.be\/fr\/wp-json\/wp\/v2\/posts"}],"about":[{"href":"https:\/\/www.retaildetail.be\/fr\/wp-json\/wp\/v2\/types\/post"}],"author":[{"embeddable":true,"href":"https:\/\/www.retaildetail.be\/fr\/wp-json\/wp\/v2\/users\/5"}],"replies":[{"embeddable":true,"href":"https:\/\/www.retaildetail.be\/fr\/wp-json\/wp\/v2\/comments?post=154433"}],"version-history":[{"count":1,"href":"https:\/\/www.retaildetail.be\/fr\/wp-json\/wp\/v2\/posts\/154433\/revisions"}],"predecessor-version":[{"id":154437,"href":"https:\/\/www.retaildetail.be\/fr\/wp-json\/wp\/v2\/posts\/154433\/revisions\/154437"}],"wp:featuredmedia":[{"embeddable":true,"href":"https:\/\/www.retaildetail.be\/fr\/wp-json\/wp\/v2\/media\/154434"}],"wp:attachment":[{"href":"https:\/\/www.retaildetail.be\/fr\/wp-json\/wp\/v2\/media?parent=154433"}],"wp:term":[{"taxonomy":"category","embeddable":true,"href":"https:\/\/www.retaildetail.be\/fr\/wp-json\/wp\/v2\/categories?post=154433"},{"taxonomy":"post_tag","embeddable":true,"href":"https:\/\/www.retaildetail.be\/fr\/wp-json\/wp\/v2\/tags?post=154433"},{"taxonomy":"people","embeddable":true,"href":"https:\/\/www.retaildetail.be\/fr\/wp-json\/wp\/v2\/people?post=154433"},{"taxonomy":"extra","embeddable":true,"href":"https:\/\/www.retaildetail.be\/fr\/wp-json\/wp\/v2\/extra?post=154433"},{"taxonomy":"company","embeddable":true,"href":"https:\/\/www.retaildetail.be\/fr\/wp-json\/wp\/v2\/company?post=154433"},{"taxonomy":"topic","embeddable":true,"href":"https:\/\/www.retaildetail.be\/fr\/wp-json\/wp\/v2\/topic?post=154433"},{"taxonomy":"region","embeddable":true,"href":"https:\/\/www.retaildetail.be\/fr\/wp-json\/wp\/v2\/region?post=154433"}],"curies":[{"name":"wp","href":"https:\/\/api.w.org\/{rel}","templated":true}]}}