{"id":154438,"date":"2026-09-01T09:41:26","date_gmt":"2026-09-01T07:41:26","guid":{"rendered":"https:\/\/www.retaildetail.be\/?p=154438"},"modified":"2026-09-01T09:41:27","modified_gmt":"2026-09-01T07:41:27","slug":"ikea-belgique-baisse-le-prix-de-plus-dun-millier-de-produits","status":"publish","type":"post","link":"https:\/\/www.retaildetail.be\/fr\/news\/maison-deco\/ikea-belgique-baisse-le-prix-de-plus-dun-millier-de-produits\/","title":{"rendered":"IKEA Belgique baisse le prix de plus d&rsquo;un millier de produits"},"content":{"rendered":"\n<p class=\"wp-block-paragraph\"><strong>IKEA <\/strong>Belgique investit 20 millions d&rsquo;euros dans des baisses de prix, concernant au total plus d&rsquo;un millier de produits. Cette initiative s&rsquo;inscrit dans le cadre d&rsquo;un investissement de 1,2 milliard d&rsquo;euros gr\u00e2ce auquel l&rsquo;enseigne proc\u00e8de \u00e0 des baisses de prix dans toute l&rsquo;Europe.<\/p>\n\n\n\n<h2 class=\"wp-block-heading\">Des baisses de prix significatives<\/h2>\n\n\n\n<p class=\"wp-block-paragraph\">\u00c0 partir d\u2019aujourd\u2019hui, pr\u00e8s de 850 produits verront leur prix baisser en magasin et en ligne ; plus d\u2019une centaine d\u2019autres produits suivront dans les mois \u00e0 venir, annonce IKEA Belgique dans un communiqu\u00e9 de presse. La plupart de ces baisses de prix seront permanentes. Par ailleurs, 58 produits b\u00e9n\u00e9ficieront d\u2019une baisse de prix temporaire distincte, valable exclusivement dans les magasins belges jusqu\u2019\u00e0 fin d\u00e9cembre.    <\/p>\n\n\n\n<p class=\"wp-block-paragraph\">Les baisses de prix sont clairement signal\u00e9es en magasin, en ligne et dans l\u2019application, afin que les clients puissent les rep\u00e9rer facilement. Elles concernent des familles de produits que beaucoup de gens utilisent quotidiennement chez eux, tels que les canap\u00e9s, les fauteuils \u00e0 bascule, les armoires et d\u2019autres articles pour le salon, la chambre \u00e0 coucher, la cuisine, ainsi que des solutions de rangement intelligentes. Certains prix baissent consid\u00e9rablement : les bacs de rangement Best\u00e5, par exemple, sont 53 % moins chers.<\/p>\n\n\n\n<h2 class=\"wp-block-heading\">Baisses de prix dans toute l\u2019Europe<\/h2>\n\n\n\n<p class=\"wp-block-paragraph\">Entre le 1er septembre et le 31 d\u00e9cembre 2026, 58 produits suppl\u00e9mentaires b\u00e9n\u00e9ficieront d\u2019une baisse de prix valable uniquement dans les magasins IKEA physiques en Belgique. La biblioth\u00e8que Billy passe de 44,49 \u00e0 39,99 euros, la chaise haute Antilop de 19,99 \u00e0 14,99 euros.<\/p>\n\n\n\n<p class=\"wp-block-paragraph\">\u00ab Nous savons que de nombreux m\u00e9nages belges accordent aujourd&rsquo;hui une attention particuli\u00e8re \u00e0 leur budget. Par cet investissement, nous voulons all\u00e9ger un peu cette pression. Nous avons fait le choix d&rsquo;en absorber une partie nous-m\u00eames gr\u00e2ce \u00e0 des r\u00e9ductions de prix sur des produits que les gens utilisent chaque jour chez eux \u00bb, explique Kurt Vanhaeverbeke, Country Commercial Manager chez IKEA Belgique.<\/p>\n\n\n\n<p class=\"wp-block-paragraph\">Ces baisses de prix en Belgique s\u2019inscrivent dans le cadre d\u2019un investissement de 1,2 milliard d\u2019euros r\u00e9alis\u00e9 par le groupe Ingka, actif \u00e0 l\u2019\u00e9chelle mondiale, et Inter IKEA Group, visant \u00e0 r\u00e9duire les prix d\u2019un grand nombre de produits dans toute l\u2019Europe. Selon les pays et les cat\u00e9gories de produits, les prix baissent en moyenne de 15 % \u00e0 25 %.<\/p>\n\n\n\n<p class=\"wp-block-paragraph\"><\/p>\n","protected":false},"excerpt":{"rendered":"<p>IKEA Belgique investit 20 millions d&rsquo;euros dans des baisses de prix, qui concernent au total plus d&rsquo;un millier de produits. Cette initiative s&rsquo;inscrit dans le cadre d&rsquo;un investissement de 1,2 milliard d&rsquo;euros gr\u00e2ce auquel l&rsquo;enseigne proc\u00e8de \u00e0 des baisses de prix dans toute l&rsquo;Europe. <\/p>\n","protected":false},"author":3,"featured_media":154439,"comment_status":"closed","ping_status":"closed","sticky":false,"template":"","format":"standard","meta":{"_acf_changed":false,"inline_featured_image":false,"_jetpack_newsletter_access":"","_jetpack_dont_email_post_to_subs":false,"_jetpack_newsletter_tier_id":0,"_jetpack_memberships_contains_paywalled_content":false,"_jetpack_memberships_contains_paid_content":false,"footnotes":""},"categories":[29,21],"tags":[],"people":[],"extra":[],"company":[211],"topic":[767],"region":[226],"class_list":["post-154438","post","type-post","status-publish","format-standard","has-post-thumbnail","hentry","category-maison-deco","category-wonen","company-ikea","topic-concurrence-des-prix","region-belgique"],"acf":[],"yoast_head":"<!-- This site is optimized with the Yoast SEO plugin v28.1 - https:\/\/yoast.com\/product\/yoast-seo-wordpress\/ -->\n<title>IKEA Belgique baisse le prix de plus d&#039;un millier de produits - RetailDetail BE<\/title>\n<meta name=\"description\" content=\"IKEA Belgique investit 20 millions d&#039;euros dans des baisses de prix, concernant au total plus d&#039;un millier de produits. Cette initiative s&#039;inscrit dans le cadre d&#039;un investissement de 1,2 milliard d&#039;euros gr\u00e2ce auquel l&#039;enseigne proc\u00e8de \u00e0 des baisses de prix dans toute l&#039;Europe.\" \/>\n<meta name=\"robots\" content=\"index, follow, max-snippet:-1, max-image-preview:large, max-video-preview:-1\" \/>\n<link rel=\"canonical\" href=\"https:\/\/www.retaildetail.be\/fr\/news\/maison-deco\/ikea-belgique-baisse-le-prix-de-plus-dun-millier-de-produits\/\" \/>\n<meta property=\"og:locale\" content=\"fr_FR\" \/>\n<meta property=\"og:type\" content=\"article\" \/>\n<meta property=\"og:title\" content=\"IKEA Belgique baisse le prix de plus d&#039;un millier de produits - RetailDetail BE\" \/>\n<meta property=\"og:description\" content=\"IKEA Belgique investit 20 millions d&#039;euros dans des baisses de prix, concernant au total plus d&#039;un millier de produits. Cette initiative s&#039;inscrit dans le cadre d&#039;un investissement de 1,2 milliard d&#039;euros gr\u00e2ce auquel l&#039;enseigne proc\u00e8de \u00e0 des baisses de prix dans toute l&#039;Europe.\" \/>\n<meta property=\"og:url\" content=\"https:\/\/www.retaildetail.be\/fr\/news\/maison-deco\/ikea-belgique-baisse-le-prix-de-plus-dun-millier-de-produits\/\" \/>\n<meta property=\"og:site_name\" content=\"RetailDetail BE\" \/>\n<meta property=\"article:published_time\" content=\"2026-09-01T07:41:26+00:00\" \/>\n<meta property=\"article:modified_time\" content=\"2026-09-01T07:41:27+00:00\" \/>\n<meta property=\"og:image\" content=\"https:\/\/www.retaildetail.be\/wp-content\/uploads\/2026\/09\/ikea05.webp\" \/>\n\t<meta property=\"og:image:width\" content=\"1600\" \/>\n\t<meta property=\"og:image:height\" content=\"1066\" \/>\n\t<meta property=\"og:image:type\" content=\"image\/webp\" \/>\n<meta name=\"author\" content=\"Stefan Van Rompaey\" \/>\n<meta name=\"twitter:card\" content=\"summary_large_image\" \/>\n<meta name=\"twitter:label1\" content=\"\u00c9crit par\" \/>\n\t<meta name=\"twitter:data1\" content=\"Stefan Van Rompaey\" \/>\n\t<meta name=\"twitter:label2\" content=\"Dur\u00e9e de lecture estim\u00e9e\" \/>\n\t<meta name=\"twitter:data2\" content=\"2 minutes\" \/>\n<script type=\"application\/ld+json\" class=\"yoast-schema-graph\">{\"@context\":\"https:\\\/\\\/schema.org\",\"@graph\":[{\"@type\":\"NewsArticle\",\"@id\":\"https:\\\/\\\/www.retaildetail.be\\\/fr\\\/news\\\/maison-deco\\\/ikea-belgique-baisse-le-prix-de-plus-dun-millier-de-produits\\\/#article\",\"isPartOf\":{\"@id\":\"https:\\\/\\\/www.retaildetail.be\\\/fr\\\/news\\\/maison-deco\\\/ikea-belgique-baisse-le-prix-de-plus-dun-millier-de-produits\\\/\"},\"author\":{\"name\":\"Stefan Van Rompaey\",\"@id\":\"https:\\\/\\\/www.retaildetail.be\\\/nl\\\/#\\\/schema\\\/person\\\/51aec6069c4416aa2f68b2e4ff3455df\"},\"headline\":\"IKEA Belgique baisse le prix de plus d&rsquo;un millier de produits\",\"datePublished\":\"2026-09-01T07:41:26+00:00\",\"dateModified\":\"2026-09-01T07:41:27+00:00\",\"mainEntityOfPage\":{\"@id\":\"https:\\\/\\\/www.retaildetail.be\\\/fr\\\/news\\\/maison-deco\\\/ikea-belgique-baisse-le-prix-de-plus-dun-millier-de-produits\\\/\"},\"wordCount\":395,\"publisher\":{\"@id\":\"https:\\\/\\\/www.retaildetail.be\\\/nl\\\/#organization\"},\"image\":{\"@id\":\"https:\\\/\\\/www.retaildetail.be\\\/fr\\\/news\\\/maison-deco\\\/ikea-belgique-baisse-le-prix-de-plus-dun-millier-de-produits\\\/#primaryimage\"},\"thumbnailUrl\":\"https:\\\/\\\/www.retaildetail.be\\\/wp-content\\\/uploads\\\/2026\\\/09\\\/ikea05.webp\",\"articleSection\":[\"Maison &amp; D\u00e9co\",\"Wonen\"],\"inLanguage\":\"fr-FR\",\"copyrightYear\":\"2026\",\"copyrightHolder\":{\"@id\":\"https:\\\/\\\/www.retaildetail.be\\\/#organization\"}},{\"@type\":\"WebPage\",\"@id\":\"https:\\\/\\\/www.retaildetail.be\\\/fr\\\/news\\\/maison-deco\\\/ikea-belgique-baisse-le-prix-de-plus-dun-millier-de-produits\\\/\",\"url\":\"https:\\\/\\\/www.retaildetail.be\\\/fr\\\/news\\\/maison-deco\\\/ikea-belgique-baisse-le-prix-de-plus-dun-millier-de-produits\\\/\",\"name\":\"IKEA Belgique baisse le prix de plus d'un millier de produits - RetailDetail BE\",\"isPartOf\":{\"@id\":\"https:\\\/\\\/www.retaildetail.be\\\/nl\\\/#website\"},\"primaryImageOfPage\":{\"@id\":\"https:\\\/\\\/www.retaildetail.be\\\/fr\\\/news\\\/maison-deco\\\/ikea-belgique-baisse-le-prix-de-plus-dun-millier-de-produits\\\/#primaryimage\"},\"image\":{\"@id\":\"https:\\\/\\\/www.retaildetail.be\\\/fr\\\/news\\\/maison-deco\\\/ikea-belgique-baisse-le-prix-de-plus-dun-millier-de-produits\\\/#primaryimage\"},\"thumbnailUrl\":\"https:\\\/\\\/www.retaildetail.be\\\/wp-content\\\/uploads\\\/2026\\\/09\\\/ikea05.webp\",\"datePublished\":\"2026-09-01T07:41:26+00:00\",\"dateModified\":\"2026-09-01T07:41:27+00:00\",\"description\":\"IKEA Belgique investit 20 millions d'euros dans des baisses de prix, concernant au total plus d'un millier de produits. Cette initiative s'inscrit dans le cadre d'un investissement de 1,2 milliard d'euros gr\u00e2ce auquel l'enseigne proc\u00e8de \u00e0 des baisses de prix dans toute l'Europe.\",\"breadcrumb\":{\"@id\":\"https:\\\/\\\/www.retaildetail.be\\\/fr\\\/news\\\/maison-deco\\\/ikea-belgique-baisse-le-prix-de-plus-dun-millier-de-produits\\\/#breadcrumb\"},\"inLanguage\":\"fr-FR\",\"potentialAction\":[{\"@type\":\"ReadAction\",\"target\":[\"https:\\\/\\\/www.retaildetail.be\\\/fr\\\/news\\\/maison-deco\\\/ikea-belgique-baisse-le-prix-de-plus-dun-millier-de-produits\\\/\"]}]},{\"@type\":\"ImageObject\",\"inLanguage\":\"fr-FR\",\"@id\":\"https:\\\/\\\/www.retaildetail.be\\\/fr\\\/news\\\/maison-deco\\\/ikea-belgique-baisse-le-prix-de-plus-dun-millier-de-produits\\\/#primaryimage\",\"url\":\"https:\\\/\\\/www.retaildetail.be\\\/wp-content\\\/uploads\\\/2026\\\/09\\\/ikea05.webp\",\"contentUrl\":\"https:\\\/\\\/www.retaildetail.be\\\/wp-content\\\/uploads\\\/2026\\\/09\\\/ikea05.webp\",\"width\":1600,\"height\":1066,\"caption\":\"\u00a9 Ikea\"},{\"@type\":\"BreadcrumbList\",\"@id\":\"https:\\\/\\\/www.retaildetail.be\\\/fr\\\/news\\\/maison-deco\\\/ikea-belgique-baisse-le-prix-de-plus-dun-millier-de-produits\\\/#breadcrumb\",\"itemListElement\":[{\"@type\":\"ListItem\",\"position\":1,\"name\":\"Home\",\"item\":\"https:\\\/\\\/www.retaildetail.be\\\/fr\\\/\"},{\"@type\":\"ListItem\",\"position\":2,\"name\":\"IKEA Belgique baisse le prix de plus d&#8217;un millier de produits\"}]},{\"@type\":\"WebSite\",\"@id\":\"https:\\\/\\\/www.retaildetail.be\\\/nl\\\/#website\",\"url\":\"https:\\\/\\\/www.retaildetail.be\\\/nl\\\/\",\"name\":\"RetailDetail BE\",\"description\":\"News\",\"publisher\":{\"@id\":\"https:\\\/\\\/www.retaildetail.be\\\/nl\\\/#organization\"},\"potentialAction\":[{\"@type\":\"SearchAction\",\"target\":{\"@type\":\"EntryPoint\",\"urlTemplate\":\"https:\\\/\\\/www.retaildetail.be\\\/nl\\\/?s={search_term_string}\"},\"query-input\":{\"@type\":\"PropertyValueSpecification\",\"valueRequired\":true,\"valueName\":\"search_term_string\"}}],\"inLanguage\":\"fr-FR\"},{\"@type\":\"Organization\",\"@id\":\"https:\\\/\\\/www.retaildetail.be\\\/nl\\\/#organization\",\"name\":\"RetailDetail BE\",\"url\":\"https:\\\/\\\/www.retaildetail.be\\\/nl\\\/\",\"logo\":{\"@type\":\"ImageObject\",\"inLanguage\":\"fr-FR\",\"@id\":\"https:\\\/\\\/www.retaildetail.be\\\/nl\\\/#\\\/schema\\\/logo\\\/image\\\/\",\"url\":\"https:\\\/\\\/www.retaildetail.be\\\/wp-content\\\/uploads\\\/2022\\\/04\\\/logo.svg\",\"contentUrl\":\"https:\\\/\\\/www.retaildetail.be\\\/wp-content\\\/uploads\\\/2022\\\/04\\\/logo.svg\",\"width\":131,\"height\":70,\"caption\":\"RetailDetail BE\"},\"image\":{\"@id\":\"https:\\\/\\\/www.retaildetail.be\\\/nl\\\/#\\\/schema\\\/logo\\\/image\\\/\"}},{\"@type\":\"Person\",\"@id\":\"https:\\\/\\\/www.retaildetail.be\\\/nl\\\/#\\\/schema\\\/person\\\/51aec6069c4416aa2f68b2e4ff3455df\",\"name\":\"Stefan Van Rompaey\",\"image\":{\"@type\":\"ImageObject\",\"inLanguage\":\"fr-FR\",\"@id\":\"https:\\\/\\\/secure.gravatar.com\\\/avatar\\\/fbbb4a80a0f109888b2a5ab8ae255617499ecde533749b3ab2fa6c23b5d65dac?s=96&d=mm&r=g\",\"url\":\"https:\\\/\\\/secure.gravatar.com\\\/avatar\\\/fbbb4a80a0f109888b2a5ab8ae255617499ecde533749b3ab2fa6c23b5d65dac?s=96&d=mm&r=g\",\"contentUrl\":\"https:\\\/\\\/secure.gravatar.com\\\/avatar\\\/fbbb4a80a0f109888b2a5ab8ae255617499ecde533749b3ab2fa6c23b5d65dac?s=96&d=mm&r=g\",\"caption\":\"Stefan Van Rompaey\"},\"url\":\"https:\\\/\\\/www.retaildetail.be\\\/fr\\\/author\\\/stefanvanrompaey\\\/\"}]}<\/script>\n<!-- \/ Yoast SEO plugin. -->","yoast_head_json":{"title":"IKEA Belgique baisse le prix de plus d'un millier de produits - RetailDetail BE","description":"IKEA Belgique investit 20 millions d'euros dans des baisses de prix, concernant au total plus d'un millier de produits. Cette initiative s'inscrit dans le cadre d'un investissement de 1,2 milliard d'euros gr\u00e2ce auquel l'enseigne proc\u00e8de \u00e0 des baisses de prix dans toute l'Europe.","robots":{"index":"index","follow":"follow","max-snippet":"max-snippet:-1","max-image-preview":"max-image-preview:large","max-video-preview":"max-video-preview:-1"},"canonical":"https:\/\/www.retaildetail.be\/fr\/news\/maison-deco\/ikea-belgique-baisse-le-prix-de-plus-dun-millier-de-produits\/","og_locale":"fr_FR","og_type":"article","og_title":"IKEA Belgique baisse le prix de plus d'un millier de produits - RetailDetail BE","og_description":"IKEA Belgique investit 20 millions d'euros dans des baisses de prix, concernant au total plus d'un millier de produits. Cette initiative s'inscrit dans le cadre d'un investissement de 1,2 milliard d'euros gr\u00e2ce auquel l'enseigne proc\u00e8de \u00e0 des baisses de prix dans toute l'Europe.","og_url":"https:\/\/www.retaildetail.be\/fr\/news\/maison-deco\/ikea-belgique-baisse-le-prix-de-plus-dun-millier-de-produits\/","og_site_name":"RetailDetail BE","article_published_time":"2026-09-01T07:41:26+00:00","article_modified_time":"2026-09-01T07:41:27+00:00","og_image":[{"width":1600,"height":1066,"url":"https:\/\/www.retaildetail.be\/wp-content\/uploads\/2026\/09\/ikea05.webp","type":"image\/webp"}],"author":"Stefan Van Rompaey","twitter_card":"summary_large_image","twitter_misc":{"\u00c9crit par":"Stefan Van Rompaey","Dur\u00e9e de lecture estim\u00e9e":"2 minutes"},"schema":{"@context":"https:\/\/schema.org","@graph":[{"@type":"NewsArticle","@id":"https:\/\/www.retaildetail.be\/fr\/news\/maison-deco\/ikea-belgique-baisse-le-prix-de-plus-dun-millier-de-produits\/#article","isPartOf":{"@id":"https:\/\/www.retaildetail.be\/fr\/news\/maison-deco\/ikea-belgique-baisse-le-prix-de-plus-dun-millier-de-produits\/"},"author":{"name":"Stefan Van Rompaey","@id":"https:\/\/www.retaildetail.be\/nl\/#\/schema\/person\/51aec6069c4416aa2f68b2e4ff3455df"},"headline":"IKEA Belgique baisse le prix de plus d&rsquo;un millier de produits","datePublished":"2026-09-01T07:41:26+00:00","dateModified":"2026-09-01T07:41:27+00:00","mainEntityOfPage":{"@id":"https:\/\/www.retaildetail.be\/fr\/news\/maison-deco\/ikea-belgique-baisse-le-prix-de-plus-dun-millier-de-produits\/"},"wordCount":395,"publisher":{"@id":"https:\/\/www.retaildetail.be\/nl\/#organization"},"image":{"@id":"https:\/\/www.retaildetail.be\/fr\/news\/maison-deco\/ikea-belgique-baisse-le-prix-de-plus-dun-millier-de-produits\/#primaryimage"},"thumbnailUrl":"https:\/\/www.retaildetail.be\/wp-content\/uploads\/2026\/09\/ikea05.webp","articleSection":["Maison &amp; D\u00e9co","Wonen"],"inLanguage":"fr-FR","copyrightYear":"2026","copyrightHolder":{"@id":"https:\/\/www.retaildetail.be\/#organization"}},{"@type":"WebPage","@id":"https:\/\/www.retaildetail.be\/fr\/news\/maison-deco\/ikea-belgique-baisse-le-prix-de-plus-dun-millier-de-produits\/","url":"https:\/\/www.retaildetail.be\/fr\/news\/maison-deco\/ikea-belgique-baisse-le-prix-de-plus-dun-millier-de-produits\/","name":"IKEA Belgique baisse le prix de plus d'un millier de produits - RetailDetail BE","isPartOf":{"@id":"https:\/\/www.retaildetail.be\/nl\/#website"},"primaryImageOfPage":{"@id":"https:\/\/www.retaildetail.be\/fr\/news\/maison-deco\/ikea-belgique-baisse-le-prix-de-plus-dun-millier-de-produits\/#primaryimage"},"image":{"@id":"https:\/\/www.retaildetail.be\/fr\/news\/maison-deco\/ikea-belgique-baisse-le-prix-de-plus-dun-millier-de-produits\/#primaryimage"},"thumbnailUrl":"https:\/\/www.retaildetail.be\/wp-content\/uploads\/2026\/09\/ikea05.webp","datePublished":"2026-09-01T07:41:26+00:00","dateModified":"2026-09-01T07:41:27+00:00","description":"IKEA Belgique investit 20 millions d'euros dans des baisses de prix, concernant au total plus d'un millier de produits. Cette initiative s'inscrit dans le cadre d'un investissement de 1,2 milliard d'euros gr\u00e2ce auquel l'enseigne proc\u00e8de \u00e0 des baisses de prix dans toute l'Europe.","breadcrumb":{"@id":"https:\/\/www.retaildetail.be\/fr\/news\/maison-deco\/ikea-belgique-baisse-le-prix-de-plus-dun-millier-de-produits\/#breadcrumb"},"inLanguage":"fr-FR","potentialAction":[{"@type":"ReadAction","target":["https:\/\/www.retaildetail.be\/fr\/news\/maison-deco\/ikea-belgique-baisse-le-prix-de-plus-dun-millier-de-produits\/"]}]},{"@type":"ImageObject","inLanguage":"fr-FR","@id":"https:\/\/www.retaildetail.be\/fr\/news\/maison-deco\/ikea-belgique-baisse-le-prix-de-plus-dun-millier-de-produits\/#primaryimage","url":"https:\/\/www.retaildetail.be\/wp-content\/uploads\/2026\/09\/ikea05.webp","contentUrl":"https:\/\/www.retaildetail.be\/wp-content\/uploads\/2026\/09\/ikea05.webp","width":1600,"height":1066,"caption":"\u00a9 Ikea"},{"@type":"BreadcrumbList","@id":"https:\/\/www.retaildetail.be\/fr\/news\/maison-deco\/ikea-belgique-baisse-le-prix-de-plus-dun-millier-de-produits\/#breadcrumb","itemListElement":[{"@type":"ListItem","position":1,"name":"Home","item":"https:\/\/www.retaildetail.be\/fr\/"},{"@type":"ListItem","position":2,"name":"IKEA Belgique baisse le prix de plus d&#8217;un millier de produits"}]},{"@type":"WebSite","@id":"https:\/\/www.retaildetail.be\/nl\/#website","url":"https:\/\/www.retaildetail.be\/nl\/","name":"RetailDetail BE","description":"News","publisher":{"@id":"https:\/\/www.retaildetail.be\/nl\/#organization"},"potentialAction":[{"@type":"SearchAction","target":{"@type":"EntryPoint","urlTemplate":"https:\/\/www.retaildetail.be\/nl\/?s={search_term_string}"},"query-input":{"@type":"PropertyValueSpecification","valueRequired":true,"valueName":"search_term_string"}}],"inLanguage":"fr-FR"},{"@type":"Organization","@id":"https:\/\/www.retaildetail.be\/nl\/#organization","name":"RetailDetail BE","url":"https:\/\/www.retaildetail.be\/nl\/","logo":{"@type":"ImageObject","inLanguage":"fr-FR","@id":"https:\/\/www.retaildetail.be\/nl\/#\/schema\/logo\/image\/","url":"https:\/\/www.retaildetail.be\/wp-content\/uploads\/2022\/04\/logo.svg","contentUrl":"https:\/\/www.retaildetail.be\/wp-content\/uploads\/2022\/04\/logo.svg","width":131,"height":70,"caption":"RetailDetail BE"},"image":{"@id":"https:\/\/www.retaildetail.be\/nl\/#\/schema\/logo\/image\/"}},{"@type":"Person","@id":"https:\/\/www.retaildetail.be\/nl\/#\/schema\/person\/51aec6069c4416aa2f68b2e4ff3455df","name":"Stefan Van Rompaey","image":{"@type":"ImageObject","inLanguage":"fr-FR","@id":"https:\/\/secure.gravatar.com\/avatar\/fbbb4a80a0f109888b2a5ab8ae255617499ecde533749b3ab2fa6c23b5d65dac?s=96&d=mm&r=g","url":"https:\/\/secure.gravatar.com\/avatar\/fbbb4a80a0f109888b2a5ab8ae255617499ecde533749b3ab2fa6c23b5d65dac?s=96&d=mm&r=g","contentUrl":"https:\/\/secure.gravatar.com\/avatar\/fbbb4a80a0f109888b2a5ab8ae255617499ecde533749b3ab2fa6c23b5d65dac?s=96&d=mm&r=g","caption":"Stefan Van Rompaey"},"url":"https:\/\/www.retaildetail.be\/fr\/author\/stefanvanrompaey\/"}]}},"jetpack_featured_media_url":"https:\/\/www.retaildetail.be\/wp-content\/uploads\/2026\/09\/ikea05.webp","jetpack_sharing_enabled":true,"_links":{"self":[{"href":"https:\/\/www.retaildetail.be\/fr\/wp-json\/wp\/v2\/posts\/154438","targetHints":{"allow":["GET"]}}],"collection":[{"href":"https:\/\/www.retaildetail.be\/fr\/wp-json\/wp\/v2\/posts"}],"about":[{"href":"https:\/\/www.retaildetail.be\/fr\/wp-json\/wp\/v2\/types\/post"}],"author":[{"embeddable":true,"href":"https:\/\/www.retaildetail.be\/fr\/wp-json\/wp\/v2\/users\/3"}],"replies":[{"embeddable":true,"href":"https:\/\/www.retaildetail.be\/fr\/wp-json\/wp\/v2\/comments?post=154438"}],"version-history":[{"count":1,"href":"https:\/\/www.retaildetail.be\/fr\/wp-json\/wp\/v2\/posts\/154438\/revisions"}],"predecessor-version":[{"id":154440,"href":"https:\/\/www.retaildetail.be\/fr\/wp-json\/wp\/v2\/posts\/154438\/revisions\/154440"}],"wp:featuredmedia":[{"embeddable":true,"href":"https:\/\/www.retaildetail.be\/fr\/wp-json\/wp\/v2\/media\/154439"}],"wp:attachment":[{"href":"https:\/\/www.retaildetail.be\/fr\/wp-json\/wp\/v2\/media?parent=154438"}],"wp:term":[{"taxonomy":"category","embeddable":true,"href":"https:\/\/www.retaildetail.be\/fr\/wp-json\/wp\/v2\/categories?post=154438"},{"taxonomy":"post_tag","embeddable":true,"href":"https:\/\/www.retaildetail.be\/fr\/wp-json\/wp\/v2\/tags?post=154438"},{"taxonomy":"people","embeddable":true,"href":"https:\/\/www.retaildetail.be\/fr\/wp-json\/wp\/v2\/people?post=154438"},{"taxonomy":"extra","embeddable":true,"href":"https:\/\/www.retaildetail.be\/fr\/wp-json\/wp\/v2\/extra?post=154438"},{"taxonomy":"company","embeddable":true,"href":"https:\/\/www.retaildetail.be\/fr\/wp-json\/wp\/v2\/company?post=154438"},{"taxonomy":"topic","embeddable":true,"href":"https:\/\/www.retaildetail.be\/fr\/wp-json\/wp\/v2\/topic?post=154438"},{"taxonomy":"region","embeddable":true,"href":"https:\/\/www.retaildetail.be\/fr\/wp-json\/wp\/v2\/region?post=154438"}],"curies":[{"name":"wp","href":"https:\/\/api.w.org\/{rel}","templated":true}]}}