{"id":154449,"date":"2026-09-01T10:08:25","date_gmt":"2026-09-01T08:08:25","guid":{"rendered":"https:\/\/www.retaildetail.be\/?p=154449"},"modified":"2026-09-01T10:08:27","modified_gmt":"2026-09-01T08:08:27","slug":"amazon-devant-les-tribunaux-la-plateforme-a-t-elle-fait-payer-trop-cher-les-annonceurs-2","status":"publish","type":"post","link":"https:\/\/www.retaildetail.be\/fr\/news\/general\/amazon-devant-les-tribunaux-la-plateforme-a-t-elle-fait-payer-trop-cher-les-annonceurs-2\/","title":{"rendered":"Amazon devant les tribunaux : la plateforme a-t-elle fait payer trop cher les annonceurs ?"},"content":{"rendered":"\n<p class=\"wp-block-paragraph\">La FTC, l&rsquo;autorit\u00e9 am\u00e9ricaine de la concurrence, et pas moins de 21 \u00c9tats am\u00e9ricains poursuivent <strong>Amazon <\/strong>en justice pour surfacturation des annonceurs. Depuis 2019, le g\u00e9ant du commerce en ligne aurait factur\u00e9 plus de 20 milliards de dollars en trop via sa plateforme publicitaire.<\/p>\n\n\n\n<h2 class=\"wp-block-heading\">\u00ab Des milliards d&rsquo;ench\u00e8res publicitaires manipul\u00e9es \u00bb<\/h2>\n\n\n\n<p class=\"wp-block-paragraph\">L&rsquo;autorit\u00e9 de r\u00e9gulation affirme qu&rsquo;Amazon a induit les annonceurs en erreur quant \u00e0 la tarification et aux conditions des \u00ab annonces sponsoris\u00e9es \u00bb, qui apparaissent en haut de la page lorsque les utilisateurs effectuent une recherche sur la plateforme. Selon les plaignants, Amazon a induit en erreur plus de 1,2 million de clients publicitaires, dont plus de 500 000 petites et moyennes entreprises, quant \u00e0 la mani\u00e8re dont l\u2019entreprise calcule les co\u00fbts publicitaires sur sa plateforme.<\/p>\n\n\n\n<p class=\"wp-block-paragraph\">\u00ab Au fil des ans, Amazon a manipul\u00e9 des milliards d&rsquo;ench\u00e8res publicitaires, ce qui a permis \u00e0 l&rsquo;entreprise d&rsquo;augmenter ses b\u00e9n\u00e9fices au d\u00e9triment des Am\u00e9ricains qui comptent sur les publicit\u00e9s d&rsquo;Amazon pour mener leurs activit\u00e9s \u00bb, a d\u00e9clar\u00e9 le procureur g\u00e9n\u00e9ral Rob Bonta, repr\u00e9sentant l&rsquo;\u00c9tat de Californie, qui participe \u00e0 cette action.<\/p>\n\n\n\n<p class=\"wp-block-paragraph\">Amazon se dit toutefois \u00ab en total d\u00e9saccord \u00bb. \u00ab La FTC affirme que les annonceurs ont subi un pr\u00e9judice parce qu\u2019ils ne comprenaient pas le fonctionnement de notre syst\u00e8me d\u2019ench\u00e8res et ont donc pay\u00e9 trop cher. Non seulement nous d\u00e9crivons correctement notre tarification et nos ench\u00e8res aux annonceurs, mais cette affirmation m\u00e9conna\u00eet aussi fondamentalement le comportement des annonceurs \u00bb, a d\u00e9clar\u00e9 l\u2019entreprise.<\/p>\n\n\n\n<h2 class=\"wp-block-heading\">Un front juridique plus large<\/h2>\n\n\n\n<p class=\"wp-block-paragraph\">La FTC affirme fonder son affaire sur plus d\u2019un million de documents internes d\u2019Amazon. Les enqu\u00eateurs ont \u00e9galement examin\u00e9 des e-mails et des discussions internes qui, selon l\u2019autorit\u00e9 de r\u00e9gulation, montrent que l\u2019impact de cette pratique a fait l\u2019objet de discussions \u00e0 grande \u00e9chelle au sein d\u2019Amazon.<\/p>\n\n\n\n<p class=\"wp-block-paragraph\">Amazon fait par ailleurs face \u00e0 un proc\u00e8s concernant des accusations selon lesquelles l\u2019entreprise aurait ill\u00e9galement \u00e9tabli un monopole sur les march\u00e9s de la vente en ligne. L\u2019ann\u00e9e derni\u00e8re, le groupe technologique avait \u00e9galement accept\u00e9 de verser 2,5 milliards de dollars d\u2019amendes et de remboursements, et de modifier sa proc\u00e9dure de r\u00e9siliation des abonnements Prime afin de r\u00e9gler un pr\u00e9c\u00e9dent litige avec la FTC.<\/p>\n","protected":false},"excerpt":{"rendered":"<p>La FTC, l&rsquo;autorit\u00e9 am\u00e9ricaine de la concurrence, et pas moins de 21 \u00c9tats am\u00e9ricains poursuivent Amazon en justice pour surfacturation des annonceurs. Depuis 2019, le g\u00e9ant du commerce \u00e9lectronique aurait factur\u00e9 plus de 20 milliards de dollars en trop via sa plateforme publicitaire.<\/p>\n","protected":false},"author":10,"featured_media":154450,"comment_status":"closed","ping_status":"closed","sticky":false,"template":"","format":"standard","meta":{"_acf_changed":false,"inline_featured_image":false,"_jetpack_newsletter_access":"","_jetpack_dont_email_post_to_subs":false,"_jetpack_newsletter_tier_id":0,"_jetpack_memberships_contains_paywalled_content":false,"_jetpack_memberships_contains_paid_content":false,"footnotes":""},"categories":[15,25],"tags":[595,1909],"people":[],"extra":[43],"company":[206],"topic":[702,756],"region":[446],"class_list":["post-154449","post","type-post","status-publish","format-standard","has-post-thumbnail","hentry","category-algemeen","category-general","tag-marktplaats","tag-reclame","extra-plus","company-amazon","topic-fraude","topic-litige","region-etats-unis-2"],"acf":[],"yoast_head":"<!-- This site is optimized with the Yoast SEO plugin v28.1 - https:\/\/yoast.com\/product\/yoast-seo-wordpress\/ -->\n<title>Amazon devant les tribunaux : la plateforme a-t-elle fait payer trop cher les annonceurs ? - RetailDetail BE<\/title>\n<meta name=\"robots\" content=\"index, follow, max-snippet:-1, max-image-preview:large, max-video-preview:-1\" \/>\n<link rel=\"canonical\" href=\"https:\/\/www.retaildetail.be\/fr\/news\/general\/amazon-devant-les-tribunaux-la-plateforme-a-t-elle-fait-payer-trop-cher-les-annonceurs-2\/\" \/>\n<meta property=\"og:locale\" content=\"fr_FR\" \/>\n<meta property=\"og:type\" content=\"article\" \/>\n<meta property=\"og:title\" content=\"Amazon devant les tribunaux : la plateforme a-t-elle fait payer trop cher les annonceurs ? - RetailDetail BE\" \/>\n<meta property=\"og:description\" content=\"La FTC, l&#039;autorit\u00e9 am\u00e9ricaine de la concurrence, et pas moins de 21 \u00c9tats am\u00e9ricains poursuivent Amazon en justice pour surfacturation des annonceurs. Depuis 2019, le g\u00e9ant du commerce \u00e9lectronique aurait factur\u00e9 plus de 20 milliards de dollars en trop via sa plateforme publicitaire.\" \/>\n<meta property=\"og:url\" content=\"https:\/\/www.retaildetail.be\/fr\/news\/general\/amazon-devant-les-tribunaux-la-plateforme-a-t-elle-fait-payer-trop-cher-les-annonceurs-2\/\" \/>\n<meta property=\"og:site_name\" content=\"RetailDetail BE\" \/>\n<meta property=\"article:published_time\" content=\"2026-09-01T08:08:25+00:00\" \/>\n<meta property=\"article:modified_time\" content=\"2026-09-01T08:08:27+00:00\" \/>\n<meta property=\"og:image\" content=\"https:\/\/www.retaildetail.be\/wp-content\/uploads\/2026\/09\/Amazon_19-1-1.jpg\" \/>\n\t<meta property=\"og:image:width\" content=\"1000\" \/>\n\t<meta property=\"og:image:height\" content=\"667\" \/>\n\t<meta property=\"og:image:type\" content=\"image\/jpeg\" \/>\n<meta name=\"author\" content=\"Jorg Snoeck\" \/>\n<meta name=\"twitter:card\" content=\"summary_large_image\" \/>\n<meta name=\"twitter:label1\" content=\"\u00c9crit par\" \/>\n\t<meta name=\"twitter:data1\" content=\"Jorg Snoeck\" \/>\n\t<meta name=\"twitter:label2\" content=\"Dur\u00e9e de lecture estim\u00e9e\" \/>\n\t<meta name=\"twitter:data2\" content=\"2 minutes\" \/>\n<script type=\"application\/ld+json\" class=\"yoast-schema-graph\">{\"@context\":\"https:\\\/\\\/schema.org\",\"@graph\":[{\"@type\":\"NewsArticle\",\"@id\":\"https:\\\/\\\/www.retaildetail.be\\\/fr\\\/news\\\/general\\\/amazon-devant-les-tribunaux-la-plateforme-a-t-elle-fait-payer-trop-cher-les-annonceurs-2\\\/#article\",\"isPartOf\":{\"@id\":\"https:\\\/\\\/www.retaildetail.be\\\/fr\\\/news\\\/general\\\/amazon-devant-les-tribunaux-la-plateforme-a-t-elle-fait-payer-trop-cher-les-annonceurs-2\\\/\"},\"author\":{\"name\":\"Jorg Snoeck\",\"@id\":\"https:\\\/\\\/www.retaildetail.be\\\/nl\\\/#\\\/schema\\\/person\\\/71d9b89376db00e9b1aa8a2841e71a72\"},\"headline\":\"Amazon devant les tribunaux : la plateforme a-t-elle fait payer trop cher les annonceurs ?\",\"datePublished\":\"2026-09-01T08:08:25+00:00\",\"dateModified\":\"2026-09-01T08:08:27+00:00\",\"mainEntityOfPage\":{\"@id\":\"https:\\\/\\\/www.retaildetail.be\\\/fr\\\/news\\\/general\\\/amazon-devant-les-tribunaux-la-plateforme-a-t-elle-fait-payer-trop-cher-les-annonceurs-2\\\/\"},\"wordCount\":411,\"publisher\":{\"@id\":\"https:\\\/\\\/www.retaildetail.be\\\/nl\\\/#organization\"},\"image\":{\"@id\":\"https:\\\/\\\/www.retaildetail.be\\\/fr\\\/news\\\/general\\\/amazon-devant-les-tribunaux-la-plateforme-a-t-elle-fait-payer-trop-cher-les-annonceurs-2\\\/#primaryimage\"},\"thumbnailUrl\":\"https:\\\/\\\/www.retaildetail.be\\\/wp-content\\\/uploads\\\/2026\\\/09\\\/Amazon_19-1-1.jpg\",\"keywords\":[\"Marktplaats\",\"reclame\"],\"articleSection\":[\"Algemeen\",\"G\u00e9n\u00e9ral\"],\"inLanguage\":\"fr-FR\",\"copyrightYear\":\"2026\",\"copyrightHolder\":{\"@id\":\"https:\\\/\\\/www.retaildetail.be\\\/#organization\"}},{\"@type\":\"WebPage\",\"@id\":\"https:\\\/\\\/www.retaildetail.be\\\/fr\\\/news\\\/general\\\/amazon-devant-les-tribunaux-la-plateforme-a-t-elle-fait-payer-trop-cher-les-annonceurs-2\\\/\",\"url\":\"https:\\\/\\\/www.retaildetail.be\\\/fr\\\/news\\\/general\\\/amazon-devant-les-tribunaux-la-plateforme-a-t-elle-fait-payer-trop-cher-les-annonceurs-2\\\/\",\"name\":\"Amazon devant les tribunaux : la plateforme a-t-elle fait payer trop cher les annonceurs ? - RetailDetail BE\",\"isPartOf\":{\"@id\":\"https:\\\/\\\/www.retaildetail.be\\\/nl\\\/#website\"},\"primaryImageOfPage\":{\"@id\":\"https:\\\/\\\/www.retaildetail.be\\\/fr\\\/news\\\/general\\\/amazon-devant-les-tribunaux-la-plateforme-a-t-elle-fait-payer-trop-cher-les-annonceurs-2\\\/#primaryimage\"},\"image\":{\"@id\":\"https:\\\/\\\/www.retaildetail.be\\\/fr\\\/news\\\/general\\\/amazon-devant-les-tribunaux-la-plateforme-a-t-elle-fait-payer-trop-cher-les-annonceurs-2\\\/#primaryimage\"},\"thumbnailUrl\":\"https:\\\/\\\/www.retaildetail.be\\\/wp-content\\\/uploads\\\/2026\\\/09\\\/Amazon_19-1-1.jpg\",\"datePublished\":\"2026-09-01T08:08:25+00:00\",\"dateModified\":\"2026-09-01T08:08:27+00:00\",\"breadcrumb\":{\"@id\":\"https:\\\/\\\/www.retaildetail.be\\\/fr\\\/news\\\/general\\\/amazon-devant-les-tribunaux-la-plateforme-a-t-elle-fait-payer-trop-cher-les-annonceurs-2\\\/#breadcrumb\"},\"inLanguage\":\"fr-FR\",\"potentialAction\":[{\"@type\":\"ReadAction\",\"target\":[\"https:\\\/\\\/www.retaildetail.be\\\/fr\\\/news\\\/general\\\/amazon-devant-les-tribunaux-la-plateforme-a-t-elle-fait-payer-trop-cher-les-annonceurs-2\\\/\"]}]},{\"@type\":\"ImageObject\",\"inLanguage\":\"fr-FR\",\"@id\":\"https:\\\/\\\/www.retaildetail.be\\\/fr\\\/news\\\/general\\\/amazon-devant-les-tribunaux-la-plateforme-a-t-elle-fait-payer-trop-cher-les-annonceurs-2\\\/#primaryimage\",\"url\":\"https:\\\/\\\/www.retaildetail.be\\\/wp-content\\\/uploads\\\/2026\\\/09\\\/Amazon_19-1-1.jpg\",\"contentUrl\":\"https:\\\/\\\/www.retaildetail.be\\\/wp-content\\\/uploads\\\/2026\\\/09\\\/Amazon_19-1-1.jpg\",\"width\":1000,\"height\":667},{\"@type\":\"BreadcrumbList\",\"@id\":\"https:\\\/\\\/www.retaildetail.be\\\/fr\\\/news\\\/general\\\/amazon-devant-les-tribunaux-la-plateforme-a-t-elle-fait-payer-trop-cher-les-annonceurs-2\\\/#breadcrumb\",\"itemListElement\":[{\"@type\":\"ListItem\",\"position\":1,\"name\":\"Home\",\"item\":\"https:\\\/\\\/www.retaildetail.be\\\/fr\\\/\"},{\"@type\":\"ListItem\",\"position\":2,\"name\":\"Amazon devant les tribunaux : la plateforme a-t-elle fait payer trop cher les annonceurs ?\"}]},{\"@type\":\"WebSite\",\"@id\":\"https:\\\/\\\/www.retaildetail.be\\\/nl\\\/#website\",\"url\":\"https:\\\/\\\/www.retaildetail.be\\\/nl\\\/\",\"name\":\"RetailDetail BE\",\"description\":\"News\",\"publisher\":{\"@id\":\"https:\\\/\\\/www.retaildetail.be\\\/nl\\\/#organization\"},\"potentialAction\":[{\"@type\":\"SearchAction\",\"target\":{\"@type\":\"EntryPoint\",\"urlTemplate\":\"https:\\\/\\\/www.retaildetail.be\\\/nl\\\/?s={search_term_string}\"},\"query-input\":{\"@type\":\"PropertyValueSpecification\",\"valueRequired\":true,\"valueName\":\"search_term_string\"}}],\"inLanguage\":\"fr-FR\"},{\"@type\":\"Organization\",\"@id\":\"https:\\\/\\\/www.retaildetail.be\\\/nl\\\/#organization\",\"name\":\"RetailDetail BE\",\"url\":\"https:\\\/\\\/www.retaildetail.be\\\/nl\\\/\",\"logo\":{\"@type\":\"ImageObject\",\"inLanguage\":\"fr-FR\",\"@id\":\"https:\\\/\\\/www.retaildetail.be\\\/nl\\\/#\\\/schema\\\/logo\\\/image\\\/\",\"url\":\"https:\\\/\\\/www.retaildetail.be\\\/wp-content\\\/uploads\\\/2022\\\/04\\\/logo.svg\",\"contentUrl\":\"https:\\\/\\\/www.retaildetail.be\\\/wp-content\\\/uploads\\\/2022\\\/04\\\/logo.svg\",\"width\":131,\"height\":70,\"caption\":\"RetailDetail BE\"},\"image\":{\"@id\":\"https:\\\/\\\/www.retaildetail.be\\\/nl\\\/#\\\/schema\\\/logo\\\/image\\\/\"}},{\"@type\":\"Person\",\"@id\":\"https:\\\/\\\/www.retaildetail.be\\\/nl\\\/#\\\/schema\\\/person\\\/71d9b89376db00e9b1aa8a2841e71a72\",\"name\":\"Jorg Snoeck\",\"image\":{\"@type\":\"ImageObject\",\"inLanguage\":\"fr-FR\",\"@id\":\"https:\\\/\\\/secure.gravatar.com\\\/avatar\\\/fc1bd94c7d40f2446e6bf778bb34cf9ab000168f63533cec8e072f4ad96ce7f3?s=96&d=mm&r=g\",\"url\":\"https:\\\/\\\/secure.gravatar.com\\\/avatar\\\/fc1bd94c7d40f2446e6bf778bb34cf9ab000168f63533cec8e072f4ad96ce7f3?s=96&d=mm&r=g\",\"contentUrl\":\"https:\\\/\\\/secure.gravatar.com\\\/avatar\\\/fc1bd94c7d40f2446e6bf778bb34cf9ab000168f63533cec8e072f4ad96ce7f3?s=96&d=mm&r=g\",\"caption\":\"Jorg Snoeck\"},\"url\":\"https:\\\/\\\/www.retaildetail.be\\\/fr\\\/author\\\/jorgsnoeck\\\/\"}]}<\/script>\n<!-- \/ Yoast SEO plugin. -->","yoast_head_json":{"title":"Amazon devant les tribunaux : la plateforme a-t-elle fait payer trop cher les annonceurs ? - RetailDetail BE","robots":{"index":"index","follow":"follow","max-snippet":"max-snippet:-1","max-image-preview":"max-image-preview:large","max-video-preview":"max-video-preview:-1"},"canonical":"https:\/\/www.retaildetail.be\/fr\/news\/general\/amazon-devant-les-tribunaux-la-plateforme-a-t-elle-fait-payer-trop-cher-les-annonceurs-2\/","og_locale":"fr_FR","og_type":"article","og_title":"Amazon devant les tribunaux : la plateforme a-t-elle fait payer trop cher les annonceurs ? - RetailDetail BE","og_description":"La FTC, l'autorit\u00e9 am\u00e9ricaine de la concurrence, et pas moins de 21 \u00c9tats am\u00e9ricains poursuivent Amazon en justice pour surfacturation des annonceurs. Depuis 2019, le g\u00e9ant du commerce \u00e9lectronique aurait factur\u00e9 plus de 20 milliards de dollars en trop via sa plateforme publicitaire.","og_url":"https:\/\/www.retaildetail.be\/fr\/news\/general\/amazon-devant-les-tribunaux-la-plateforme-a-t-elle-fait-payer-trop-cher-les-annonceurs-2\/","og_site_name":"RetailDetail BE","article_published_time":"2026-09-01T08:08:25+00:00","article_modified_time":"2026-09-01T08:08:27+00:00","og_image":[{"width":1000,"height":667,"url":"https:\/\/www.retaildetail.be\/wp-content\/uploads\/2026\/09\/Amazon_19-1-1.jpg","type":"image\/jpeg"}],"author":"Jorg Snoeck","twitter_card":"summary_large_image","twitter_misc":{"\u00c9crit par":"Jorg Snoeck","Dur\u00e9e de lecture estim\u00e9e":"2 minutes"},"schema":{"@context":"https:\/\/schema.org","@graph":[{"@type":"NewsArticle","@id":"https:\/\/www.retaildetail.be\/fr\/news\/general\/amazon-devant-les-tribunaux-la-plateforme-a-t-elle-fait-payer-trop-cher-les-annonceurs-2\/#article","isPartOf":{"@id":"https:\/\/www.retaildetail.be\/fr\/news\/general\/amazon-devant-les-tribunaux-la-plateforme-a-t-elle-fait-payer-trop-cher-les-annonceurs-2\/"},"author":{"name":"Jorg Snoeck","@id":"https:\/\/www.retaildetail.be\/nl\/#\/schema\/person\/71d9b89376db00e9b1aa8a2841e71a72"},"headline":"Amazon devant les tribunaux : la plateforme a-t-elle fait payer trop cher les annonceurs ?","datePublished":"2026-09-01T08:08:25+00:00","dateModified":"2026-09-01T08:08:27+00:00","mainEntityOfPage":{"@id":"https:\/\/www.retaildetail.be\/fr\/news\/general\/amazon-devant-les-tribunaux-la-plateforme-a-t-elle-fait-payer-trop-cher-les-annonceurs-2\/"},"wordCount":411,"publisher":{"@id":"https:\/\/www.retaildetail.be\/nl\/#organization"},"image":{"@id":"https:\/\/www.retaildetail.be\/fr\/news\/general\/amazon-devant-les-tribunaux-la-plateforme-a-t-elle-fait-payer-trop-cher-les-annonceurs-2\/#primaryimage"},"thumbnailUrl":"https:\/\/www.retaildetail.be\/wp-content\/uploads\/2026\/09\/Amazon_19-1-1.jpg","keywords":["Marktplaats","reclame"],"articleSection":["Algemeen","G\u00e9n\u00e9ral"],"inLanguage":"fr-FR","copyrightYear":"2026","copyrightHolder":{"@id":"https:\/\/www.retaildetail.be\/#organization"}},{"@type":"WebPage","@id":"https:\/\/www.retaildetail.be\/fr\/news\/general\/amazon-devant-les-tribunaux-la-plateforme-a-t-elle-fait-payer-trop-cher-les-annonceurs-2\/","url":"https:\/\/www.retaildetail.be\/fr\/news\/general\/amazon-devant-les-tribunaux-la-plateforme-a-t-elle-fait-payer-trop-cher-les-annonceurs-2\/","name":"Amazon devant les tribunaux : la plateforme a-t-elle fait payer trop cher les annonceurs ? - RetailDetail BE","isPartOf":{"@id":"https:\/\/www.retaildetail.be\/nl\/#website"},"primaryImageOfPage":{"@id":"https:\/\/www.retaildetail.be\/fr\/news\/general\/amazon-devant-les-tribunaux-la-plateforme-a-t-elle-fait-payer-trop-cher-les-annonceurs-2\/#primaryimage"},"image":{"@id":"https:\/\/www.retaildetail.be\/fr\/news\/general\/amazon-devant-les-tribunaux-la-plateforme-a-t-elle-fait-payer-trop-cher-les-annonceurs-2\/#primaryimage"},"thumbnailUrl":"https:\/\/www.retaildetail.be\/wp-content\/uploads\/2026\/09\/Amazon_19-1-1.jpg","datePublished":"2026-09-01T08:08:25+00:00","dateModified":"2026-09-01T08:08:27+00:00","breadcrumb":{"@id":"https:\/\/www.retaildetail.be\/fr\/news\/general\/amazon-devant-les-tribunaux-la-plateforme-a-t-elle-fait-payer-trop-cher-les-annonceurs-2\/#breadcrumb"},"inLanguage":"fr-FR","potentialAction":[{"@type":"ReadAction","target":["https:\/\/www.retaildetail.be\/fr\/news\/general\/amazon-devant-les-tribunaux-la-plateforme-a-t-elle-fait-payer-trop-cher-les-annonceurs-2\/"]}]},{"@type":"ImageObject","inLanguage":"fr-FR","@id":"https:\/\/www.retaildetail.be\/fr\/news\/general\/amazon-devant-les-tribunaux-la-plateforme-a-t-elle-fait-payer-trop-cher-les-annonceurs-2\/#primaryimage","url":"https:\/\/www.retaildetail.be\/wp-content\/uploads\/2026\/09\/Amazon_19-1-1.jpg","contentUrl":"https:\/\/www.retaildetail.be\/wp-content\/uploads\/2026\/09\/Amazon_19-1-1.jpg","width":1000,"height":667},{"@type":"BreadcrumbList","@id":"https:\/\/www.retaildetail.be\/fr\/news\/general\/amazon-devant-les-tribunaux-la-plateforme-a-t-elle-fait-payer-trop-cher-les-annonceurs-2\/#breadcrumb","itemListElement":[{"@type":"ListItem","position":1,"name":"Home","item":"https:\/\/www.retaildetail.be\/fr\/"},{"@type":"ListItem","position":2,"name":"Amazon devant les tribunaux : la plateforme a-t-elle fait payer trop cher les annonceurs ?"}]},{"@type":"WebSite","@id":"https:\/\/www.retaildetail.be\/nl\/#website","url":"https:\/\/www.retaildetail.be\/nl\/","name":"RetailDetail BE","description":"News","publisher":{"@id":"https:\/\/www.retaildetail.be\/nl\/#organization"},"potentialAction":[{"@type":"SearchAction","target":{"@type":"EntryPoint","urlTemplate":"https:\/\/www.retaildetail.be\/nl\/?s={search_term_string}"},"query-input":{"@type":"PropertyValueSpecification","valueRequired":true,"valueName":"search_term_string"}}],"inLanguage":"fr-FR"},{"@type":"Organization","@id":"https:\/\/www.retaildetail.be\/nl\/#organization","name":"RetailDetail BE","url":"https:\/\/www.retaildetail.be\/nl\/","logo":{"@type":"ImageObject","inLanguage":"fr-FR","@id":"https:\/\/www.retaildetail.be\/nl\/#\/schema\/logo\/image\/","url":"https:\/\/www.retaildetail.be\/wp-content\/uploads\/2022\/04\/logo.svg","contentUrl":"https:\/\/www.retaildetail.be\/wp-content\/uploads\/2022\/04\/logo.svg","width":131,"height":70,"caption":"RetailDetail BE"},"image":{"@id":"https:\/\/www.retaildetail.be\/nl\/#\/schema\/logo\/image\/"}},{"@type":"Person","@id":"https:\/\/www.retaildetail.be\/nl\/#\/schema\/person\/71d9b89376db00e9b1aa8a2841e71a72","name":"Jorg Snoeck","image":{"@type":"ImageObject","inLanguage":"fr-FR","@id":"https:\/\/secure.gravatar.com\/avatar\/fc1bd94c7d40f2446e6bf778bb34cf9ab000168f63533cec8e072f4ad96ce7f3?s=96&d=mm&r=g","url":"https:\/\/secure.gravatar.com\/avatar\/fc1bd94c7d40f2446e6bf778bb34cf9ab000168f63533cec8e072f4ad96ce7f3?s=96&d=mm&r=g","contentUrl":"https:\/\/secure.gravatar.com\/avatar\/fc1bd94c7d40f2446e6bf778bb34cf9ab000168f63533cec8e072f4ad96ce7f3?s=96&d=mm&r=g","caption":"Jorg Snoeck"},"url":"https:\/\/www.retaildetail.be\/fr\/author\/jorgsnoeck\/"}]}},"jetpack_featured_media_url":"https:\/\/www.retaildetail.be\/wp-content\/uploads\/2026\/09\/Amazon_19-1-1.jpg","jetpack_sharing_enabled":true,"_links":{"self":[{"href":"https:\/\/www.retaildetail.be\/fr\/wp-json\/wp\/v2\/posts\/154449","targetHints":{"allow":["GET"]}}],"collection":[{"href":"https:\/\/www.retaildetail.be\/fr\/wp-json\/wp\/v2\/posts"}],"about":[{"href":"https:\/\/www.retaildetail.be\/fr\/wp-json\/wp\/v2\/types\/post"}],"author":[{"embeddable":true,"href":"https:\/\/www.retaildetail.be\/fr\/wp-json\/wp\/v2\/users\/10"}],"replies":[{"embeddable":true,"href":"https:\/\/www.retaildetail.be\/fr\/wp-json\/wp\/v2\/comments?post=154449"}],"version-history":[{"count":1,"href":"https:\/\/www.retaildetail.be\/fr\/wp-json\/wp\/v2\/posts\/154449\/revisions"}],"predecessor-version":[{"id":154453,"href":"https:\/\/www.retaildetail.be\/fr\/wp-json\/wp\/v2\/posts\/154449\/revisions\/154453"}],"wp:featuredmedia":[{"embeddable":true,"href":"https:\/\/www.retaildetail.be\/fr\/wp-json\/wp\/v2\/media\/154450"}],"wp:attachment":[{"href":"https:\/\/www.retaildetail.be\/fr\/wp-json\/wp\/v2\/media?parent=154449"}],"wp:term":[{"taxonomy":"category","embeddable":true,"href":"https:\/\/www.retaildetail.be\/fr\/wp-json\/wp\/v2\/categories?post=154449"},{"taxonomy":"post_tag","embeddable":true,"href":"https:\/\/www.retaildetail.be\/fr\/wp-json\/wp\/v2\/tags?post=154449"},{"taxonomy":"people","embeddable":true,"href":"https:\/\/www.retaildetail.be\/fr\/wp-json\/wp\/v2\/people?post=154449"},{"taxonomy":"extra","embeddable":true,"href":"https:\/\/www.retaildetail.be\/fr\/wp-json\/wp\/v2\/extra?post=154449"},{"taxonomy":"company","embeddable":true,"href":"https:\/\/www.retaildetail.be\/fr\/wp-json\/wp\/v2\/company?post=154449"},{"taxonomy":"topic","embeddable":true,"href":"https:\/\/www.retaildetail.be\/fr\/wp-json\/wp\/v2\/topic?post=154449"},{"taxonomy":"region","embeddable":true,"href":"https:\/\/www.retaildetail.be\/fr\/wp-json\/wp\/v2\/region?post=154449"}],"curies":[{"name":"wp","href":"https:\/\/api.w.org\/{rel}","templated":true}]}}