{"id":154459,"date":"2026-09-01T10:52:58","date_gmt":"2026-09-01T08:52:58","guid":{"rendered":"https:\/\/www.retaildetail.be\/?p=154459"},"modified":"2026-09-01T10:53:00","modified_gmt":"2026-09-01T08:53:00","slug":"zeb-sempare-de-80-magasins-a-la-louviere","status":"publish","type":"post","link":"https:\/\/www.retaildetail.be\/fr\/news\/mode\/zeb-sempare-de-80-magasins-a-la-louviere\/","title":{"rendered":"ZEB franchit le cap des 80 magasins \u00e0 La Louvi\u00e8re"},"content":{"rendered":"\n<p class=\"wp-block-paragraph\">Vendredi dernier, la cha\u00eene multimarques belge <strong>ZEB<\/strong>, d\u00e9tenue par <strong>Colruyt Group<\/strong>, a inaugur\u00e9 son 80e magasin \u00e0 La Louvi\u00e8re. \u00c0 terme, la cha\u00eene envisage d&rsquo;ouvrir une centaine de magasins en Belgique.<\/p>\n\n\n\n<h2 class=\"wp-block-heading\">Accessible aux personnes \u00e0 mobilit\u00e9 r\u00e9duite<\/h2>\n\n\n\n<p class=\"wp-block-paragraph\">Le 28 ao\u00fbt, ZEB a inaugur\u00e9 un nouveau magasin de 950 m\u00b2 \u00e0 La Louvi\u00e8re. Il s\u2019agit du 80e magasin de la cha\u00eene en Belgique et du 21e dans le sud du pays. Et ce n\u2019est certainement pas la fin : \u00ab L\u2019ouverture du magasin ZEB \u00e0 La Louvi\u00e8re s\u2019inscrit parfaitement dans nos projets d\u2019expansion, car nous sommes convaincus <a href=\"https:\/\/www.dhnet.be\/regions\/centre\/2026\/08\/28\/lenseigne-belge-multimarque-zeb-ouvre-son-80e-magasin-a-la-louviere-avec-une-surface-de-950-m2-PPIGPVLE5RGMZOXAQLJSJEQAFE\/\">qu\u2019il y a de la place pour 100 magasins ZEB en Belgique \u00bb<\/a>, a d\u00e9clar\u00e9 Erika Mees, directrice marketing de ZEB, au journal La Derni\u00e8re Heure.<\/p>\n\n\n\n<p class=\"wp-block-paragraph\">Tout comme dans les autres magasins ZEB, les clients y trouveront un large choix de v\u00eatements et d\u2019accessoires pour femmes et hommes, issus d\u2019une septantaine de marques, dont Tommy Jeans, Mango, Levi\u2019s, Jack &amp; Jones, Only, Le Fabuleux Marcel et My Jewellery.<\/p>\n\n\n\n<p class=\"wp-block-paragraph\">L\u2019accessibilit\u00e9 est une priorit\u00e9 pour l\u2019enseigne : ce magasin a lui aussi \u00e9t\u00e9 con\u00e7u pour faciliter l\u2019acc\u00e8s aux personnes \u00e0 mobilit\u00e9 r\u00e9duite, avec des places de parking et des rayons adapt\u00e9s aux utilisateurs de fauteuils roulants. Le personnel est en outre form\u00e9 pour rendre l\u2019exp\u00e9rience d\u2019achat des personnes en situation de handicap aussi agr\u00e9able que possible.<\/p>\n\n\n\n<p class=\"wp-block-paragraph\"><\/p>\n","protected":false},"excerpt":{"rendered":"<p>Vendredi dernier, la cha\u00eene multimarques belge ZEB, d\u00e9tenue par Colruyt Group, a inaugur\u00e9 son quatre-vingti\u00e8me magasin \u00e0 La Louvi\u00e8re. \u00c0 terme, la cha\u00eene envisage d&rsquo;ouvrir une centaine de magasins en Belgique.<\/p>\n","protected":false},"author":3,"featured_media":154460,"comment_status":"closed","ping_status":"closed","sticky":false,"template":"","format":"standard","meta":{"_acf_changed":false,"inline_featured_image":false,"_jetpack_newsletter_access":"","_jetpack_dont_email_post_to_subs":false,"_jetpack_newsletter_tier_id":0,"_jetpack_memberships_contains_paywalled_content":false,"_jetpack_memberships_contains_paid_content":false,"footnotes":""},"categories":[14,22],"tags":[],"people":[],"extra":[],"company":[141,295],"topic":[310],"region":[226],"class_list":["post-154459","post","type-post","status-publish","format-standard","has-post-thumbnail","hentry","category-mode","company-colruyt-group","company-zeb","topic-ouverture-de-magasin","region-belgique"],"acf":[],"yoast_head":"<!-- This site is optimized with the Yoast SEO plugin v28.1 - https:\/\/yoast.com\/product\/yoast-seo-wordpress\/ -->\n<title>ZEB franchit le cap des 80 magasins \u00e0 La Louvi\u00e8re - RetailDetail BE<\/title>\n<meta name=\"description\" content=\"Vendredi dernier, la cha\u00eene multimarques belge ZEB, d\u00e9tenue par Colruyt Group, a inaugur\u00e9 son 80e magasin \u00e0 La Louvi\u00e8re. \u00c0 terme, la cha\u00eene envisage d&#039;ouvrir une centaine de magasins en Belgique.\" \/>\n<meta name=\"robots\" content=\"index, follow, max-snippet:-1, max-image-preview:large, max-video-preview:-1\" \/>\n<link rel=\"canonical\" href=\"https:\/\/www.retaildetail.be\/fr\/news\/mode\/zeb-sempare-de-80-magasins-a-la-louviere\/\" \/>\n<meta property=\"og:locale\" content=\"fr_FR\" \/>\n<meta property=\"og:type\" content=\"article\" \/>\n<meta property=\"og:title\" content=\"ZEB franchit le cap des 80 magasins \u00e0 La Louvi\u00e8re - RetailDetail BE\" \/>\n<meta property=\"og:description\" content=\"Vendredi dernier, la cha\u00eene multimarques belge ZEB, d\u00e9tenue par Colruyt Group, a inaugur\u00e9 son 80e magasin \u00e0 La Louvi\u00e8re. \u00c0 terme, la cha\u00eene envisage d&#039;ouvrir une centaine de magasins en Belgique.\" \/>\n<meta property=\"og:url\" content=\"https:\/\/www.retaildetail.be\/fr\/news\/mode\/zeb-sempare-de-80-magasins-a-la-louviere\/\" \/>\n<meta property=\"og:site_name\" content=\"RetailDetail BE\" \/>\n<meta property=\"article:published_time\" content=\"2026-09-01T08:52:58+00:00\" \/>\n<meta property=\"article:modified_time\" content=\"2026-09-01T08:53:00+00:00\" \/>\n<meta property=\"og:image\" content=\"https:\/\/www.retaildetail.be\/wp-content\/uploads\/2026\/09\/shutterstock_2466947027-1.jpg\" \/>\n\t<meta property=\"og:image:width\" content=\"1000\" \/>\n\t<meta property=\"og:image:height\" content=\"665\" \/>\n\t<meta property=\"og:image:type\" content=\"image\/jpeg\" \/>\n<meta name=\"author\" content=\"Stefan Van Rompaey\" \/>\n<meta name=\"twitter:card\" content=\"summary_large_image\" \/>\n<meta name=\"twitter:label1\" content=\"\u00c9crit par\" \/>\n\t<meta name=\"twitter:data1\" content=\"Stefan Van Rompaey\" \/>\n\t<meta name=\"twitter:label2\" content=\"Dur\u00e9e de lecture estim\u00e9e\" \/>\n\t<meta name=\"twitter:data2\" content=\"1 minute\" \/>\n<script type=\"application\/ld+json\" class=\"yoast-schema-graph\">{\"@context\":\"https:\\\/\\\/schema.org\",\"@graph\":[{\"@type\":\"NewsArticle\",\"@id\":\"https:\\\/\\\/www.retaildetail.be\\\/fr\\\/news\\\/mode\\\/zeb-sempare-de-80-magasins-a-la-louviere\\\/#article\",\"isPartOf\":{\"@id\":\"https:\\\/\\\/www.retaildetail.be\\\/fr\\\/news\\\/mode\\\/zeb-sempare-de-80-magasins-a-la-louviere\\\/\"},\"author\":{\"name\":\"Stefan Van Rompaey\",\"@id\":\"https:\\\/\\\/www.retaildetail.be\\\/nl\\\/#\\\/schema\\\/person\\\/51aec6069c4416aa2f68b2e4ff3455df\"},\"headline\":\"ZEB franchit le cap des 80 magasins \u00e0 La Louvi\u00e8re\",\"datePublished\":\"2026-09-01T08:52:58+00:00\",\"dateModified\":\"2026-09-01T08:53:00+00:00\",\"mainEntityOfPage\":{\"@id\":\"https:\\\/\\\/www.retaildetail.be\\\/fr\\\/news\\\/mode\\\/zeb-sempare-de-80-magasins-a-la-louviere\\\/\"},\"wordCount\":249,\"publisher\":{\"@id\":\"https:\\\/\\\/www.retaildetail.be\\\/nl\\\/#organization\"},\"image\":{\"@id\":\"https:\\\/\\\/www.retaildetail.be\\\/fr\\\/news\\\/mode\\\/zeb-sempare-de-80-magasins-a-la-louviere\\\/#primaryimage\"},\"thumbnailUrl\":\"https:\\\/\\\/www.retaildetail.be\\\/wp-content\\\/uploads\\\/2026\\\/09\\\/shutterstock_2466947027-1.jpg\",\"articleSection\":[\"Mode\",\"Mode\"],\"inLanguage\":\"fr-FR\",\"copyrightYear\":\"2026\",\"copyrightHolder\":{\"@id\":\"https:\\\/\\\/www.retaildetail.be\\\/#organization\"}},{\"@type\":\"WebPage\",\"@id\":\"https:\\\/\\\/www.retaildetail.be\\\/fr\\\/news\\\/mode\\\/zeb-sempare-de-80-magasins-a-la-louviere\\\/\",\"url\":\"https:\\\/\\\/www.retaildetail.be\\\/fr\\\/news\\\/mode\\\/zeb-sempare-de-80-magasins-a-la-louviere\\\/\",\"name\":\"ZEB franchit le cap des 80 magasins \u00e0 La Louvi\u00e8re - RetailDetail BE\",\"isPartOf\":{\"@id\":\"https:\\\/\\\/www.retaildetail.be\\\/nl\\\/#website\"},\"primaryImageOfPage\":{\"@id\":\"https:\\\/\\\/www.retaildetail.be\\\/fr\\\/news\\\/mode\\\/zeb-sempare-de-80-magasins-a-la-louviere\\\/#primaryimage\"},\"image\":{\"@id\":\"https:\\\/\\\/www.retaildetail.be\\\/fr\\\/news\\\/mode\\\/zeb-sempare-de-80-magasins-a-la-louviere\\\/#primaryimage\"},\"thumbnailUrl\":\"https:\\\/\\\/www.retaildetail.be\\\/wp-content\\\/uploads\\\/2026\\\/09\\\/shutterstock_2466947027-1.jpg\",\"datePublished\":\"2026-09-01T08:52:58+00:00\",\"dateModified\":\"2026-09-01T08:53:00+00:00\",\"description\":\"Vendredi dernier, la cha\u00eene multimarques belge ZEB, d\u00e9tenue par Colruyt Group, a inaugur\u00e9 son 80e magasin \u00e0 La Louvi\u00e8re. \u00c0 terme, la cha\u00eene envisage d'ouvrir une centaine de magasins en Belgique.\",\"breadcrumb\":{\"@id\":\"https:\\\/\\\/www.retaildetail.be\\\/fr\\\/news\\\/mode\\\/zeb-sempare-de-80-magasins-a-la-louviere\\\/#breadcrumb\"},\"inLanguage\":\"fr-FR\",\"potentialAction\":[{\"@type\":\"ReadAction\",\"target\":[\"https:\\\/\\\/www.retaildetail.be\\\/fr\\\/news\\\/mode\\\/zeb-sempare-de-80-magasins-a-la-louviere\\\/\"]}]},{\"@type\":\"ImageObject\",\"inLanguage\":\"fr-FR\",\"@id\":\"https:\\\/\\\/www.retaildetail.be\\\/fr\\\/news\\\/mode\\\/zeb-sempare-de-80-magasins-a-la-louviere\\\/#primaryimage\",\"url\":\"https:\\\/\\\/www.retaildetail.be\\\/wp-content\\\/uploads\\\/2026\\\/09\\\/shutterstock_2466947027-1.jpg\",\"contentUrl\":\"https:\\\/\\\/www.retaildetail.be\\\/wp-content\\\/uploads\\\/2026\\\/09\\\/shutterstock_2466947027-1.jpg\",\"width\":1000,\"height\":665,\"caption\":\"Shutterstock.com\"},{\"@type\":\"BreadcrumbList\",\"@id\":\"https:\\\/\\\/www.retaildetail.be\\\/fr\\\/news\\\/mode\\\/zeb-sempare-de-80-magasins-a-la-louviere\\\/#breadcrumb\",\"itemListElement\":[{\"@type\":\"ListItem\",\"position\":1,\"name\":\"Home\",\"item\":\"https:\\\/\\\/www.retaildetail.be\\\/fr\\\/\"},{\"@type\":\"ListItem\",\"position\":2,\"name\":\"ZEB franchit le cap des 80 magasins \u00e0 La Louvi\u00e8re\"}]},{\"@type\":\"WebSite\",\"@id\":\"https:\\\/\\\/www.retaildetail.be\\\/nl\\\/#website\",\"url\":\"https:\\\/\\\/www.retaildetail.be\\\/nl\\\/\",\"name\":\"RetailDetail BE\",\"description\":\"News\",\"publisher\":{\"@id\":\"https:\\\/\\\/www.retaildetail.be\\\/nl\\\/#organization\"},\"potentialAction\":[{\"@type\":\"SearchAction\",\"target\":{\"@type\":\"EntryPoint\",\"urlTemplate\":\"https:\\\/\\\/www.retaildetail.be\\\/nl\\\/?s={search_term_string}\"},\"query-input\":{\"@type\":\"PropertyValueSpecification\",\"valueRequired\":true,\"valueName\":\"search_term_string\"}}],\"inLanguage\":\"fr-FR\"},{\"@type\":\"Organization\",\"@id\":\"https:\\\/\\\/www.retaildetail.be\\\/nl\\\/#organization\",\"name\":\"RetailDetail BE\",\"url\":\"https:\\\/\\\/www.retaildetail.be\\\/nl\\\/\",\"logo\":{\"@type\":\"ImageObject\",\"inLanguage\":\"fr-FR\",\"@id\":\"https:\\\/\\\/www.retaildetail.be\\\/nl\\\/#\\\/schema\\\/logo\\\/image\\\/\",\"url\":\"https:\\\/\\\/www.retaildetail.be\\\/wp-content\\\/uploads\\\/2022\\\/04\\\/logo.svg\",\"contentUrl\":\"https:\\\/\\\/www.retaildetail.be\\\/wp-content\\\/uploads\\\/2022\\\/04\\\/logo.svg\",\"width\":131,\"height\":70,\"caption\":\"RetailDetail BE\"},\"image\":{\"@id\":\"https:\\\/\\\/www.retaildetail.be\\\/nl\\\/#\\\/schema\\\/logo\\\/image\\\/\"}},{\"@type\":\"Person\",\"@id\":\"https:\\\/\\\/www.retaildetail.be\\\/nl\\\/#\\\/schema\\\/person\\\/51aec6069c4416aa2f68b2e4ff3455df\",\"name\":\"Stefan Van Rompaey\",\"image\":{\"@type\":\"ImageObject\",\"inLanguage\":\"fr-FR\",\"@id\":\"https:\\\/\\\/secure.gravatar.com\\\/avatar\\\/fbbb4a80a0f109888b2a5ab8ae255617499ecde533749b3ab2fa6c23b5d65dac?s=96&d=mm&r=g\",\"url\":\"https:\\\/\\\/secure.gravatar.com\\\/avatar\\\/fbbb4a80a0f109888b2a5ab8ae255617499ecde533749b3ab2fa6c23b5d65dac?s=96&d=mm&r=g\",\"contentUrl\":\"https:\\\/\\\/secure.gravatar.com\\\/avatar\\\/fbbb4a80a0f109888b2a5ab8ae255617499ecde533749b3ab2fa6c23b5d65dac?s=96&d=mm&r=g\",\"caption\":\"Stefan Van Rompaey\"},\"url\":\"https:\\\/\\\/www.retaildetail.be\\\/fr\\\/author\\\/stefanvanrompaey\\\/\"}]}<\/script>\n<!-- \/ Yoast SEO plugin. -->","yoast_head_json":{"title":"ZEB franchit le cap des 80 magasins \u00e0 La Louvi\u00e8re - RetailDetail BE","description":"Vendredi dernier, la cha\u00eene multimarques belge ZEB, d\u00e9tenue par Colruyt Group, a inaugur\u00e9 son 80e magasin \u00e0 La Louvi\u00e8re. \u00c0 terme, la cha\u00eene envisage d'ouvrir une centaine de magasins en Belgique.","robots":{"index":"index","follow":"follow","max-snippet":"max-snippet:-1","max-image-preview":"max-image-preview:large","max-video-preview":"max-video-preview:-1"},"canonical":"https:\/\/www.retaildetail.be\/fr\/news\/mode\/zeb-sempare-de-80-magasins-a-la-louviere\/","og_locale":"fr_FR","og_type":"article","og_title":"ZEB franchit le cap des 80 magasins \u00e0 La Louvi\u00e8re - RetailDetail BE","og_description":"Vendredi dernier, la cha\u00eene multimarques belge ZEB, d\u00e9tenue par Colruyt Group, a inaugur\u00e9 son 80e magasin \u00e0 La Louvi\u00e8re. \u00c0 terme, la cha\u00eene envisage d'ouvrir une centaine de magasins en Belgique.","og_url":"https:\/\/www.retaildetail.be\/fr\/news\/mode\/zeb-sempare-de-80-magasins-a-la-louviere\/","og_site_name":"RetailDetail BE","article_published_time":"2026-09-01T08:52:58+00:00","article_modified_time":"2026-09-01T08:53:00+00:00","og_image":[{"width":1000,"height":665,"url":"https:\/\/www.retaildetail.be\/wp-content\/uploads\/2026\/09\/shutterstock_2466947027-1.jpg","type":"image\/jpeg"}],"author":"Stefan Van Rompaey","twitter_card":"summary_large_image","twitter_misc":{"\u00c9crit par":"Stefan Van Rompaey","Dur\u00e9e de lecture estim\u00e9e":"1 minute"},"schema":{"@context":"https:\/\/schema.org","@graph":[{"@type":"NewsArticle","@id":"https:\/\/www.retaildetail.be\/fr\/news\/mode\/zeb-sempare-de-80-magasins-a-la-louviere\/#article","isPartOf":{"@id":"https:\/\/www.retaildetail.be\/fr\/news\/mode\/zeb-sempare-de-80-magasins-a-la-louviere\/"},"author":{"name":"Stefan Van Rompaey","@id":"https:\/\/www.retaildetail.be\/nl\/#\/schema\/person\/51aec6069c4416aa2f68b2e4ff3455df"},"headline":"ZEB franchit le cap des 80 magasins \u00e0 La Louvi\u00e8re","datePublished":"2026-09-01T08:52:58+00:00","dateModified":"2026-09-01T08:53:00+00:00","mainEntityOfPage":{"@id":"https:\/\/www.retaildetail.be\/fr\/news\/mode\/zeb-sempare-de-80-magasins-a-la-louviere\/"},"wordCount":249,"publisher":{"@id":"https:\/\/www.retaildetail.be\/nl\/#organization"},"image":{"@id":"https:\/\/www.retaildetail.be\/fr\/news\/mode\/zeb-sempare-de-80-magasins-a-la-louviere\/#primaryimage"},"thumbnailUrl":"https:\/\/www.retaildetail.be\/wp-content\/uploads\/2026\/09\/shutterstock_2466947027-1.jpg","articleSection":["Mode","Mode"],"inLanguage":"fr-FR","copyrightYear":"2026","copyrightHolder":{"@id":"https:\/\/www.retaildetail.be\/#organization"}},{"@type":"WebPage","@id":"https:\/\/www.retaildetail.be\/fr\/news\/mode\/zeb-sempare-de-80-magasins-a-la-louviere\/","url":"https:\/\/www.retaildetail.be\/fr\/news\/mode\/zeb-sempare-de-80-magasins-a-la-louviere\/","name":"ZEB franchit le cap des 80 magasins \u00e0 La Louvi\u00e8re - RetailDetail BE","isPartOf":{"@id":"https:\/\/www.retaildetail.be\/nl\/#website"},"primaryImageOfPage":{"@id":"https:\/\/www.retaildetail.be\/fr\/news\/mode\/zeb-sempare-de-80-magasins-a-la-louviere\/#primaryimage"},"image":{"@id":"https:\/\/www.retaildetail.be\/fr\/news\/mode\/zeb-sempare-de-80-magasins-a-la-louviere\/#primaryimage"},"thumbnailUrl":"https:\/\/www.retaildetail.be\/wp-content\/uploads\/2026\/09\/shutterstock_2466947027-1.jpg","datePublished":"2026-09-01T08:52:58+00:00","dateModified":"2026-09-01T08:53:00+00:00","description":"Vendredi dernier, la cha\u00eene multimarques belge ZEB, d\u00e9tenue par Colruyt Group, a inaugur\u00e9 son 80e magasin \u00e0 La Louvi\u00e8re. \u00c0 terme, la cha\u00eene envisage d'ouvrir une centaine de magasins en Belgique.","breadcrumb":{"@id":"https:\/\/www.retaildetail.be\/fr\/news\/mode\/zeb-sempare-de-80-magasins-a-la-louviere\/#breadcrumb"},"inLanguage":"fr-FR","potentialAction":[{"@type":"ReadAction","target":["https:\/\/www.retaildetail.be\/fr\/news\/mode\/zeb-sempare-de-80-magasins-a-la-louviere\/"]}]},{"@type":"ImageObject","inLanguage":"fr-FR","@id":"https:\/\/www.retaildetail.be\/fr\/news\/mode\/zeb-sempare-de-80-magasins-a-la-louviere\/#primaryimage","url":"https:\/\/www.retaildetail.be\/wp-content\/uploads\/2026\/09\/shutterstock_2466947027-1.jpg","contentUrl":"https:\/\/www.retaildetail.be\/wp-content\/uploads\/2026\/09\/shutterstock_2466947027-1.jpg","width":1000,"height":665,"caption":"Shutterstock.com"},{"@type":"BreadcrumbList","@id":"https:\/\/www.retaildetail.be\/fr\/news\/mode\/zeb-sempare-de-80-magasins-a-la-louviere\/#breadcrumb","itemListElement":[{"@type":"ListItem","position":1,"name":"Home","item":"https:\/\/www.retaildetail.be\/fr\/"},{"@type":"ListItem","position":2,"name":"ZEB franchit le cap des 80 magasins \u00e0 La Louvi\u00e8re"}]},{"@type":"WebSite","@id":"https:\/\/www.retaildetail.be\/nl\/#website","url":"https:\/\/www.retaildetail.be\/nl\/","name":"RetailDetail BE","description":"News","publisher":{"@id":"https:\/\/www.retaildetail.be\/nl\/#organization"},"potentialAction":[{"@type":"SearchAction","target":{"@type":"EntryPoint","urlTemplate":"https:\/\/www.retaildetail.be\/nl\/?s={search_term_string}"},"query-input":{"@type":"PropertyValueSpecification","valueRequired":true,"valueName":"search_term_string"}}],"inLanguage":"fr-FR"},{"@type":"Organization","@id":"https:\/\/www.retaildetail.be\/nl\/#organization","name":"RetailDetail BE","url":"https:\/\/www.retaildetail.be\/nl\/","logo":{"@type":"ImageObject","inLanguage":"fr-FR","@id":"https:\/\/www.retaildetail.be\/nl\/#\/schema\/logo\/image\/","url":"https:\/\/www.retaildetail.be\/wp-content\/uploads\/2022\/04\/logo.svg","contentUrl":"https:\/\/www.retaildetail.be\/wp-content\/uploads\/2022\/04\/logo.svg","width":131,"height":70,"caption":"RetailDetail BE"},"image":{"@id":"https:\/\/www.retaildetail.be\/nl\/#\/schema\/logo\/image\/"}},{"@type":"Person","@id":"https:\/\/www.retaildetail.be\/nl\/#\/schema\/person\/51aec6069c4416aa2f68b2e4ff3455df","name":"Stefan Van Rompaey","image":{"@type":"ImageObject","inLanguage":"fr-FR","@id":"https:\/\/secure.gravatar.com\/avatar\/fbbb4a80a0f109888b2a5ab8ae255617499ecde533749b3ab2fa6c23b5d65dac?s=96&d=mm&r=g","url":"https:\/\/secure.gravatar.com\/avatar\/fbbb4a80a0f109888b2a5ab8ae255617499ecde533749b3ab2fa6c23b5d65dac?s=96&d=mm&r=g","contentUrl":"https:\/\/secure.gravatar.com\/avatar\/fbbb4a80a0f109888b2a5ab8ae255617499ecde533749b3ab2fa6c23b5d65dac?s=96&d=mm&r=g","caption":"Stefan Van Rompaey"},"url":"https:\/\/www.retaildetail.be\/fr\/author\/stefanvanrompaey\/"}]}},"jetpack_featured_media_url":"https:\/\/www.retaildetail.be\/wp-content\/uploads\/2026\/09\/shutterstock_2466947027-1.jpg","jetpack_sharing_enabled":true,"_links":{"self":[{"href":"https:\/\/www.retaildetail.be\/fr\/wp-json\/wp\/v2\/posts\/154459","targetHints":{"allow":["GET"]}}],"collection":[{"href":"https:\/\/www.retaildetail.be\/fr\/wp-json\/wp\/v2\/posts"}],"about":[{"href":"https:\/\/www.retaildetail.be\/fr\/wp-json\/wp\/v2\/types\/post"}],"author":[{"embeddable":true,"href":"https:\/\/www.retaildetail.be\/fr\/wp-json\/wp\/v2\/users\/3"}],"replies":[{"embeddable":true,"href":"https:\/\/www.retaildetail.be\/fr\/wp-json\/wp\/v2\/comments?post=154459"}],"version-history":[{"count":1,"href":"https:\/\/www.retaildetail.be\/fr\/wp-json\/wp\/v2\/posts\/154459\/revisions"}],"predecessor-version":[{"id":154461,"href":"https:\/\/www.retaildetail.be\/fr\/wp-json\/wp\/v2\/posts\/154459\/revisions\/154461"}],"wp:featuredmedia":[{"embeddable":true,"href":"https:\/\/www.retaildetail.be\/fr\/wp-json\/wp\/v2\/media\/154460"}],"wp:attachment":[{"href":"https:\/\/www.retaildetail.be\/fr\/wp-json\/wp\/v2\/media?parent=154459"}],"wp:term":[{"taxonomy":"category","embeddable":true,"href":"https:\/\/www.retaildetail.be\/fr\/wp-json\/wp\/v2\/categories?post=154459"},{"taxonomy":"post_tag","embeddable":true,"href":"https:\/\/www.retaildetail.be\/fr\/wp-json\/wp\/v2\/tags?post=154459"},{"taxonomy":"people","embeddable":true,"href":"https:\/\/www.retaildetail.be\/fr\/wp-json\/wp\/v2\/people?post=154459"},{"taxonomy":"extra","embeddable":true,"href":"https:\/\/www.retaildetail.be\/fr\/wp-json\/wp\/v2\/extra?post=154459"},{"taxonomy":"company","embeddable":true,"href":"https:\/\/www.retaildetail.be\/fr\/wp-json\/wp\/v2\/company?post=154459"},{"taxonomy":"topic","embeddable":true,"href":"https:\/\/www.retaildetail.be\/fr\/wp-json\/wp\/v2\/topic?post=154459"},{"taxonomy":"region","embeddable":true,"href":"https:\/\/www.retaildetail.be\/fr\/wp-json\/wp\/v2\/region?post=154459"}],"curies":[{"name":"wp","href":"https:\/\/api.w.org\/{rel}","templated":true}]}}