{"id":154464,"date":"2026-09-01T11:39:12","date_gmt":"2026-09-01T09:39:12","guid":{"rendered":"https:\/\/www.retaildetail.be\/?p=154464"},"modified":"2026-09-01T11:39:15","modified_gmt":"2026-09-01T09:39:15","slug":"shein-seffondre-des-son-entree-en-bourse-a-hong-kong","status":"publish","type":"post","link":"https:\/\/www.retaildetail.be\/fr\/news\/mode\/shein-seffondre-des-son-entree-en-bourse-a-hong-kong\/","title":{"rendered":"Shein s&rsquo;effondre d\u00e8s son entr\u00e9e en bourse \u00e0 Hong Kong"},"content":{"rendered":"\n<p class=\"wp-block-paragraph\"><strong>Shein a <\/strong>cl\u00f4tur\u00e9 sa premi\u00e8re journ\u00e9e en bourse \u00e0 Hong Kong sur une forte baisse. L&rsquo;action du g\u00e9ant de la fast fashion a imm\u00e9diatement perdu environ 10 %. Cette introduction en bourse se traduit par une valorisation bien inf\u00e9rieure \u00e0 celle d&rsquo;il y a quelques ann\u00e9es.<\/p>\n\n\n\n<h2 class=\"wp-block-heading\">Accueil mitig\u00e9<\/h2>\n\n\n\n<p class=\"wp-block-paragraph\">Shein a lev\u00e9 environ 1,7 milliard de dollars am\u00e9ricains (1,46 milliard d\u2019euros) gr\u00e2ce \u00e0 son introduction en bourse. Lors de son introduction, la boutique en ligne a \u00e9t\u00e9 <a href=\"https:\/\/www.retaildetail.be\/fr\/news\/mode\/shein-entre-en-bourse-a-un-quart-de-sa-valeur\/\" data-type=\"link\" data-id=\"https:\/\/www.retaildetail.be\/fr\/news\/mode\/shein-entre-en-bourse-a-un-quart-de-sa-valeur\/\">valoris\u00e9e \u00e0 26 milliards de dollars<\/a> (22,4 milliards d\u2019euros). En 2022, cette valorisation avoisinait encore les 100 milliards de dollars am\u00e9ricains.<\/p>\n\n\n\n<p class=\"wp-block-paragraph\">La chute enregistr\u00e9e lors de la premi\u00e8re journ\u00e9e de cotation souligne une nouvelle fois les doutes des investisseurs quant aux perspectives de croissance de Shein. L&rsquo;entreprise fait face \u00e0 une concurrence acharn\u00e9e de la part d&rsquo;acteurs tels que Temu et est critiqu\u00e9e depuis des ann\u00e9es pour des abus pr\u00e9sum\u00e9s au sein de sa cha\u00eene d&rsquo;approvisionnement et concernant les conditions de travail.<\/p>\n\n\n\n<h2 class=\"wp-block-heading\">Investir dans l\u2019image<\/h2>\n\n\n\n<p class=\"wp-block-paragraph\">L&rsquo;introduction en bourse \u00e0 Hong Kong marque l&rsquo;aboutissement d&rsquo;une longue qu\u00eate pour obtenir une cotation. Shein souhaitait initialement s&rsquo;introduire \u00e0 Wall Street, mais des enqu\u00eates am\u00e9ricaines ont compliqu\u00e9 ce parcours. L&rsquo;entreprise s&rsquo;est ensuite tourn\u00e9e vers Londres, mais les autorit\u00e9s de r\u00e9gulation chinoises ont bloqu\u00e9 cette initiative.<\/p>\n\n\n\n<p class=\"wp-block-paragraph\">Shein souhaite investir le produit de l&rsquo;introduction en bourse dans la technologie, la gestion des stocks et son marketing mondial. L&rsquo;entreprise souhaite \u00e9galement investir dans sa cha\u00eene d&rsquo;approvisionnement et dans la r\u00e9duction des \u00e9missions de CO\u2082.<\/p>\n","protected":false},"excerpt":{"rendered":"<p>Shein a cl\u00f4tur\u00e9 sa premi\u00e8re journ\u00e9e de cotation \u00e0 Hong Kong sur une forte baisse. L&rsquo;action du g\u00e9ant de la fast fashion a perdu environ 10 % mardi. Cette introduction en bourse se traduit par une valorisation bien inf\u00e9rieure \u00e0 celle enregistr\u00e9e il y a quelques ann\u00e9es.<\/p>\n","protected":false},"author":10,"featured_media":154465,"comment_status":"closed","ping_status":"closed","sticky":false,"template":"","format":"standard","meta":{"_acf_changed":false,"inline_featured_image":false,"_jetpack_newsletter_access":"","_jetpack_dont_email_post_to_subs":false,"_jetpack_newsletter_tier_id":0,"_jetpack_memberships_contains_paywalled_content":false,"_jetpack_memberships_contains_paid_content":false,"footnotes":""},"categories":[14,22],"tags":[749],"people":[],"extra":[],"company":[571],"topic":[],"region":[277],"class_list":["post-154464","post","type-post","status-publish","format-standard","has-post-thumbnail","hentry","category-mode","tag-beursgang","company-shein","region-chine"],"acf":[],"yoast_head":"<!-- This site is optimized with the Yoast SEO plugin v28.1 - https:\/\/yoast.com\/product\/yoast-seo-wordpress\/ -->\n<title>Shein s&#039;effondre d\u00e8s son entr\u00e9e en bourse \u00e0 Hong Kong - RetailDetail BE<\/title>\n<meta name=\"robots\" content=\"index, follow, max-snippet:-1, max-image-preview:large, max-video-preview:-1\" \/>\n<link rel=\"canonical\" href=\"https:\/\/www.retaildetail.be\/fr\/news\/mode\/shein-seffondre-des-son-entree-en-bourse-a-hong-kong\/\" \/>\n<meta property=\"og:locale\" content=\"fr_FR\" \/>\n<meta property=\"og:type\" content=\"article\" \/>\n<meta property=\"og:title\" content=\"Shein s&#039;effondre d\u00e8s son entr\u00e9e en bourse \u00e0 Hong Kong - RetailDetail BE\" \/>\n<meta property=\"og:description\" content=\"Shein a cl\u00f4tur\u00e9 sa premi\u00e8re journ\u00e9e de cotation \u00e0 Hong Kong sur une forte baisse. L&#039;action du g\u00e9ant de la fast fashion a perdu environ 10 % mardi. Cette introduction en bourse se traduit par une valorisation bien inf\u00e9rieure \u00e0 celle enregistr\u00e9e il y a quelques ann\u00e9es.\" \/>\n<meta property=\"og:url\" content=\"https:\/\/www.retaildetail.be\/fr\/news\/mode\/shein-seffondre-des-son-entree-en-bourse-a-hong-kong\/\" \/>\n<meta property=\"og:site_name\" content=\"RetailDetail BE\" \/>\n<meta property=\"article:published_time\" content=\"2026-09-01T09:39:12+00:00\" \/>\n<meta property=\"article:modified_time\" content=\"2026-09-01T09:39:15+00:00\" \/>\n<meta property=\"og:image\" content=\"https:\/\/www.retaildetail.be\/wp-content\/uploads\/2026\/09\/shutterstock_2150268079-1.jpg\" \/>\n\t<meta property=\"og:image:width\" content=\"1000\" \/>\n\t<meta property=\"og:image:height\" content=\"563\" \/>\n\t<meta property=\"og:image:type\" content=\"image\/jpeg\" \/>\n<meta name=\"author\" content=\"Jorg Snoeck\" \/>\n<meta name=\"twitter:card\" content=\"summary_large_image\" \/>\n<meta name=\"twitter:label1\" content=\"\u00c9crit par\" \/>\n\t<meta name=\"twitter:data1\" content=\"Jorg Snoeck\" \/>\n\t<meta name=\"twitter:label2\" content=\"Dur\u00e9e de lecture estim\u00e9e\" \/>\n\t<meta name=\"twitter:data2\" content=\"1 minute\" \/>\n<script type=\"application\/ld+json\" class=\"yoast-schema-graph\">{\"@context\":\"https:\\\/\\\/schema.org\",\"@graph\":[{\"@type\":\"NewsArticle\",\"@id\":\"https:\\\/\\\/www.retaildetail.be\\\/fr\\\/news\\\/mode\\\/shein-seffondre-des-son-entree-en-bourse-a-hong-kong\\\/#article\",\"isPartOf\":{\"@id\":\"https:\\\/\\\/www.retaildetail.be\\\/fr\\\/news\\\/mode\\\/shein-seffondre-des-son-entree-en-bourse-a-hong-kong\\\/\"},\"author\":{\"name\":\"Jorg Snoeck\",\"@id\":\"https:\\\/\\\/www.retaildetail.be\\\/nl\\\/#\\\/schema\\\/person\\\/71d9b89376db00e9b1aa8a2841e71a72\"},\"headline\":\"Shein s&rsquo;effondre d\u00e8s son entr\u00e9e en bourse \u00e0 Hong Kong\",\"datePublished\":\"2026-09-01T09:39:12+00:00\",\"dateModified\":\"2026-09-01T09:39:15+00:00\",\"mainEntityOfPage\":{\"@id\":\"https:\\\/\\\/www.retaildetail.be\\\/fr\\\/news\\\/mode\\\/shein-seffondre-des-son-entree-en-bourse-a-hong-kong\\\/\"},\"wordCount\":285,\"publisher\":{\"@id\":\"https:\\\/\\\/www.retaildetail.be\\\/nl\\\/#organization\"},\"image\":{\"@id\":\"https:\\\/\\\/www.retaildetail.be\\\/fr\\\/news\\\/mode\\\/shein-seffondre-des-son-entree-en-bourse-a-hong-kong\\\/#primaryimage\"},\"thumbnailUrl\":\"https:\\\/\\\/www.retaildetail.be\\\/wp-content\\\/uploads\\\/2026\\\/09\\\/shutterstock_2150268079-1.jpg\",\"keywords\":[\"Beursgang\"],\"articleSection\":[\"Mode\",\"Mode\"],\"inLanguage\":\"fr-FR\",\"copyrightYear\":\"2026\",\"copyrightHolder\":{\"@id\":\"https:\\\/\\\/www.retaildetail.be\\\/#organization\"}},{\"@type\":\"WebPage\",\"@id\":\"https:\\\/\\\/www.retaildetail.be\\\/fr\\\/news\\\/mode\\\/shein-seffondre-des-son-entree-en-bourse-a-hong-kong\\\/\",\"url\":\"https:\\\/\\\/www.retaildetail.be\\\/fr\\\/news\\\/mode\\\/shein-seffondre-des-son-entree-en-bourse-a-hong-kong\\\/\",\"name\":\"Shein s'effondre d\u00e8s son entr\u00e9e en bourse \u00e0 Hong Kong - RetailDetail BE\",\"isPartOf\":{\"@id\":\"https:\\\/\\\/www.retaildetail.be\\\/nl\\\/#website\"},\"primaryImageOfPage\":{\"@id\":\"https:\\\/\\\/www.retaildetail.be\\\/fr\\\/news\\\/mode\\\/shein-seffondre-des-son-entree-en-bourse-a-hong-kong\\\/#primaryimage\"},\"image\":{\"@id\":\"https:\\\/\\\/www.retaildetail.be\\\/fr\\\/news\\\/mode\\\/shein-seffondre-des-son-entree-en-bourse-a-hong-kong\\\/#primaryimage\"},\"thumbnailUrl\":\"https:\\\/\\\/www.retaildetail.be\\\/wp-content\\\/uploads\\\/2026\\\/09\\\/shutterstock_2150268079-1.jpg\",\"datePublished\":\"2026-09-01T09:39:12+00:00\",\"dateModified\":\"2026-09-01T09:39:15+00:00\",\"breadcrumb\":{\"@id\":\"https:\\\/\\\/www.retaildetail.be\\\/fr\\\/news\\\/mode\\\/shein-seffondre-des-son-entree-en-bourse-a-hong-kong\\\/#breadcrumb\"},\"inLanguage\":\"fr-FR\",\"potentialAction\":[{\"@type\":\"ReadAction\",\"target\":[\"https:\\\/\\\/www.retaildetail.be\\\/fr\\\/news\\\/mode\\\/shein-seffondre-des-son-entree-en-bourse-a-hong-kong\\\/\"]}]},{\"@type\":\"ImageObject\",\"inLanguage\":\"fr-FR\",\"@id\":\"https:\\\/\\\/www.retaildetail.be\\\/fr\\\/news\\\/mode\\\/shein-seffondre-des-son-entree-en-bourse-a-hong-kong\\\/#primaryimage\",\"url\":\"https:\\\/\\\/www.retaildetail.be\\\/wp-content\\\/uploads\\\/2026\\\/09\\\/shutterstock_2150268079-1.jpg\",\"contentUrl\":\"https:\\\/\\\/www.retaildetail.be\\\/wp-content\\\/uploads\\\/2026\\\/09\\\/shutterstock_2150268079-1.jpg\",\"width\":1000,\"height\":563,\"caption\":\"Shutterstock.com\"},{\"@type\":\"BreadcrumbList\",\"@id\":\"https:\\\/\\\/www.retaildetail.be\\\/fr\\\/news\\\/mode\\\/shein-seffondre-des-son-entree-en-bourse-a-hong-kong\\\/#breadcrumb\",\"itemListElement\":[{\"@type\":\"ListItem\",\"position\":1,\"name\":\"Home\",\"item\":\"https:\\\/\\\/www.retaildetail.be\\\/fr\\\/\"},{\"@type\":\"ListItem\",\"position\":2,\"name\":\"Shein s&#8217;effondre d\u00e8s son entr\u00e9e en bourse \u00e0 Hong Kong\"}]},{\"@type\":\"WebSite\",\"@id\":\"https:\\\/\\\/www.retaildetail.be\\\/nl\\\/#website\",\"url\":\"https:\\\/\\\/www.retaildetail.be\\\/nl\\\/\",\"name\":\"RetailDetail BE\",\"description\":\"News\",\"publisher\":{\"@id\":\"https:\\\/\\\/www.retaildetail.be\\\/nl\\\/#organization\"},\"potentialAction\":[{\"@type\":\"SearchAction\",\"target\":{\"@type\":\"EntryPoint\",\"urlTemplate\":\"https:\\\/\\\/www.retaildetail.be\\\/nl\\\/?s={search_term_string}\"},\"query-input\":{\"@type\":\"PropertyValueSpecification\",\"valueRequired\":true,\"valueName\":\"search_term_string\"}}],\"inLanguage\":\"fr-FR\"},{\"@type\":\"Organization\",\"@id\":\"https:\\\/\\\/www.retaildetail.be\\\/nl\\\/#organization\",\"name\":\"RetailDetail BE\",\"url\":\"https:\\\/\\\/www.retaildetail.be\\\/nl\\\/\",\"logo\":{\"@type\":\"ImageObject\",\"inLanguage\":\"fr-FR\",\"@id\":\"https:\\\/\\\/www.retaildetail.be\\\/nl\\\/#\\\/schema\\\/logo\\\/image\\\/\",\"url\":\"https:\\\/\\\/www.retaildetail.be\\\/wp-content\\\/uploads\\\/2022\\\/04\\\/logo.svg\",\"contentUrl\":\"https:\\\/\\\/www.retaildetail.be\\\/wp-content\\\/uploads\\\/2022\\\/04\\\/logo.svg\",\"width\":131,\"height\":70,\"caption\":\"RetailDetail BE\"},\"image\":{\"@id\":\"https:\\\/\\\/www.retaildetail.be\\\/nl\\\/#\\\/schema\\\/logo\\\/image\\\/\"}},{\"@type\":\"Person\",\"@id\":\"https:\\\/\\\/www.retaildetail.be\\\/nl\\\/#\\\/schema\\\/person\\\/71d9b89376db00e9b1aa8a2841e71a72\",\"name\":\"Jorg Snoeck\",\"image\":{\"@type\":\"ImageObject\",\"inLanguage\":\"fr-FR\",\"@id\":\"https:\\\/\\\/secure.gravatar.com\\\/avatar\\\/fc1bd94c7d40f2446e6bf778bb34cf9ab000168f63533cec8e072f4ad96ce7f3?s=96&d=mm&r=g\",\"url\":\"https:\\\/\\\/secure.gravatar.com\\\/avatar\\\/fc1bd94c7d40f2446e6bf778bb34cf9ab000168f63533cec8e072f4ad96ce7f3?s=96&d=mm&r=g\",\"contentUrl\":\"https:\\\/\\\/secure.gravatar.com\\\/avatar\\\/fc1bd94c7d40f2446e6bf778bb34cf9ab000168f63533cec8e072f4ad96ce7f3?s=96&d=mm&r=g\",\"caption\":\"Jorg Snoeck\"},\"url\":\"https:\\\/\\\/www.retaildetail.be\\\/fr\\\/author\\\/jorgsnoeck\\\/\"}]}<\/script>\n<!-- \/ Yoast SEO plugin. -->","yoast_head_json":{"title":"Shein s'effondre d\u00e8s son entr\u00e9e en bourse \u00e0 Hong Kong - RetailDetail BE","robots":{"index":"index","follow":"follow","max-snippet":"max-snippet:-1","max-image-preview":"max-image-preview:large","max-video-preview":"max-video-preview:-1"},"canonical":"https:\/\/www.retaildetail.be\/fr\/news\/mode\/shein-seffondre-des-son-entree-en-bourse-a-hong-kong\/","og_locale":"fr_FR","og_type":"article","og_title":"Shein s'effondre d\u00e8s son entr\u00e9e en bourse \u00e0 Hong Kong - RetailDetail BE","og_description":"Shein a cl\u00f4tur\u00e9 sa premi\u00e8re journ\u00e9e de cotation \u00e0 Hong Kong sur une forte baisse. L'action du g\u00e9ant de la fast fashion a perdu environ 10 % mardi. Cette introduction en bourse se traduit par une valorisation bien inf\u00e9rieure \u00e0 celle enregistr\u00e9e il y a quelques ann\u00e9es.","og_url":"https:\/\/www.retaildetail.be\/fr\/news\/mode\/shein-seffondre-des-son-entree-en-bourse-a-hong-kong\/","og_site_name":"RetailDetail BE","article_published_time":"2026-09-01T09:39:12+00:00","article_modified_time":"2026-09-01T09:39:15+00:00","og_image":[{"width":1000,"height":563,"url":"https:\/\/www.retaildetail.be\/wp-content\/uploads\/2026\/09\/shutterstock_2150268079-1.jpg","type":"image\/jpeg"}],"author":"Jorg Snoeck","twitter_card":"summary_large_image","twitter_misc":{"\u00c9crit par":"Jorg Snoeck","Dur\u00e9e de lecture estim\u00e9e":"1 minute"},"schema":{"@context":"https:\/\/schema.org","@graph":[{"@type":"NewsArticle","@id":"https:\/\/www.retaildetail.be\/fr\/news\/mode\/shein-seffondre-des-son-entree-en-bourse-a-hong-kong\/#article","isPartOf":{"@id":"https:\/\/www.retaildetail.be\/fr\/news\/mode\/shein-seffondre-des-son-entree-en-bourse-a-hong-kong\/"},"author":{"name":"Jorg Snoeck","@id":"https:\/\/www.retaildetail.be\/nl\/#\/schema\/person\/71d9b89376db00e9b1aa8a2841e71a72"},"headline":"Shein s&rsquo;effondre d\u00e8s son entr\u00e9e en bourse \u00e0 Hong Kong","datePublished":"2026-09-01T09:39:12+00:00","dateModified":"2026-09-01T09:39:15+00:00","mainEntityOfPage":{"@id":"https:\/\/www.retaildetail.be\/fr\/news\/mode\/shein-seffondre-des-son-entree-en-bourse-a-hong-kong\/"},"wordCount":285,"publisher":{"@id":"https:\/\/www.retaildetail.be\/nl\/#organization"},"image":{"@id":"https:\/\/www.retaildetail.be\/fr\/news\/mode\/shein-seffondre-des-son-entree-en-bourse-a-hong-kong\/#primaryimage"},"thumbnailUrl":"https:\/\/www.retaildetail.be\/wp-content\/uploads\/2026\/09\/shutterstock_2150268079-1.jpg","keywords":["Beursgang"],"articleSection":["Mode","Mode"],"inLanguage":"fr-FR","copyrightYear":"2026","copyrightHolder":{"@id":"https:\/\/www.retaildetail.be\/#organization"}},{"@type":"WebPage","@id":"https:\/\/www.retaildetail.be\/fr\/news\/mode\/shein-seffondre-des-son-entree-en-bourse-a-hong-kong\/","url":"https:\/\/www.retaildetail.be\/fr\/news\/mode\/shein-seffondre-des-son-entree-en-bourse-a-hong-kong\/","name":"Shein s'effondre d\u00e8s son entr\u00e9e en bourse \u00e0 Hong Kong - RetailDetail BE","isPartOf":{"@id":"https:\/\/www.retaildetail.be\/nl\/#website"},"primaryImageOfPage":{"@id":"https:\/\/www.retaildetail.be\/fr\/news\/mode\/shein-seffondre-des-son-entree-en-bourse-a-hong-kong\/#primaryimage"},"image":{"@id":"https:\/\/www.retaildetail.be\/fr\/news\/mode\/shein-seffondre-des-son-entree-en-bourse-a-hong-kong\/#primaryimage"},"thumbnailUrl":"https:\/\/www.retaildetail.be\/wp-content\/uploads\/2026\/09\/shutterstock_2150268079-1.jpg","datePublished":"2026-09-01T09:39:12+00:00","dateModified":"2026-09-01T09:39:15+00:00","breadcrumb":{"@id":"https:\/\/www.retaildetail.be\/fr\/news\/mode\/shein-seffondre-des-son-entree-en-bourse-a-hong-kong\/#breadcrumb"},"inLanguage":"fr-FR","potentialAction":[{"@type":"ReadAction","target":["https:\/\/www.retaildetail.be\/fr\/news\/mode\/shein-seffondre-des-son-entree-en-bourse-a-hong-kong\/"]}]},{"@type":"ImageObject","inLanguage":"fr-FR","@id":"https:\/\/www.retaildetail.be\/fr\/news\/mode\/shein-seffondre-des-son-entree-en-bourse-a-hong-kong\/#primaryimage","url":"https:\/\/www.retaildetail.be\/wp-content\/uploads\/2026\/09\/shutterstock_2150268079-1.jpg","contentUrl":"https:\/\/www.retaildetail.be\/wp-content\/uploads\/2026\/09\/shutterstock_2150268079-1.jpg","width":1000,"height":563,"caption":"Shutterstock.com"},{"@type":"BreadcrumbList","@id":"https:\/\/www.retaildetail.be\/fr\/news\/mode\/shein-seffondre-des-son-entree-en-bourse-a-hong-kong\/#breadcrumb","itemListElement":[{"@type":"ListItem","position":1,"name":"Home","item":"https:\/\/www.retaildetail.be\/fr\/"},{"@type":"ListItem","position":2,"name":"Shein s&#8217;effondre d\u00e8s son entr\u00e9e en bourse \u00e0 Hong Kong"}]},{"@type":"WebSite","@id":"https:\/\/www.retaildetail.be\/nl\/#website","url":"https:\/\/www.retaildetail.be\/nl\/","name":"RetailDetail BE","description":"News","publisher":{"@id":"https:\/\/www.retaildetail.be\/nl\/#organization"},"potentialAction":[{"@type":"SearchAction","target":{"@type":"EntryPoint","urlTemplate":"https:\/\/www.retaildetail.be\/nl\/?s={search_term_string}"},"query-input":{"@type":"PropertyValueSpecification","valueRequired":true,"valueName":"search_term_string"}}],"inLanguage":"fr-FR"},{"@type":"Organization","@id":"https:\/\/www.retaildetail.be\/nl\/#organization","name":"RetailDetail BE","url":"https:\/\/www.retaildetail.be\/nl\/","logo":{"@type":"ImageObject","inLanguage":"fr-FR","@id":"https:\/\/www.retaildetail.be\/nl\/#\/schema\/logo\/image\/","url":"https:\/\/www.retaildetail.be\/wp-content\/uploads\/2022\/04\/logo.svg","contentUrl":"https:\/\/www.retaildetail.be\/wp-content\/uploads\/2022\/04\/logo.svg","width":131,"height":70,"caption":"RetailDetail BE"},"image":{"@id":"https:\/\/www.retaildetail.be\/nl\/#\/schema\/logo\/image\/"}},{"@type":"Person","@id":"https:\/\/www.retaildetail.be\/nl\/#\/schema\/person\/71d9b89376db00e9b1aa8a2841e71a72","name":"Jorg Snoeck","image":{"@type":"ImageObject","inLanguage":"fr-FR","@id":"https:\/\/secure.gravatar.com\/avatar\/fc1bd94c7d40f2446e6bf778bb34cf9ab000168f63533cec8e072f4ad96ce7f3?s=96&d=mm&r=g","url":"https:\/\/secure.gravatar.com\/avatar\/fc1bd94c7d40f2446e6bf778bb34cf9ab000168f63533cec8e072f4ad96ce7f3?s=96&d=mm&r=g","contentUrl":"https:\/\/secure.gravatar.com\/avatar\/fc1bd94c7d40f2446e6bf778bb34cf9ab000168f63533cec8e072f4ad96ce7f3?s=96&d=mm&r=g","caption":"Jorg Snoeck"},"url":"https:\/\/www.retaildetail.be\/fr\/author\/jorgsnoeck\/"}]}},"jetpack_featured_media_url":"https:\/\/www.retaildetail.be\/wp-content\/uploads\/2026\/09\/shutterstock_2150268079-1.jpg","jetpack_sharing_enabled":true,"_links":{"self":[{"href":"https:\/\/www.retaildetail.be\/fr\/wp-json\/wp\/v2\/posts\/154464","targetHints":{"allow":["GET"]}}],"collection":[{"href":"https:\/\/www.retaildetail.be\/fr\/wp-json\/wp\/v2\/posts"}],"about":[{"href":"https:\/\/www.retaildetail.be\/fr\/wp-json\/wp\/v2\/types\/post"}],"author":[{"embeddable":true,"href":"https:\/\/www.retaildetail.be\/fr\/wp-json\/wp\/v2\/users\/10"}],"replies":[{"embeddable":true,"href":"https:\/\/www.retaildetail.be\/fr\/wp-json\/wp\/v2\/comments?post=154464"}],"version-history":[{"count":1,"href":"https:\/\/www.retaildetail.be\/fr\/wp-json\/wp\/v2\/posts\/154464\/revisions"}],"predecessor-version":[{"id":154467,"href":"https:\/\/www.retaildetail.be\/fr\/wp-json\/wp\/v2\/posts\/154464\/revisions\/154467"}],"wp:featuredmedia":[{"embeddable":true,"href":"https:\/\/www.retaildetail.be\/fr\/wp-json\/wp\/v2\/media\/154465"}],"wp:attachment":[{"href":"https:\/\/www.retaildetail.be\/fr\/wp-json\/wp\/v2\/media?parent=154464"}],"wp:term":[{"taxonomy":"category","embeddable":true,"href":"https:\/\/www.retaildetail.be\/fr\/wp-json\/wp\/v2\/categories?post=154464"},{"taxonomy":"post_tag","embeddable":true,"href":"https:\/\/www.retaildetail.be\/fr\/wp-json\/wp\/v2\/tags?post=154464"},{"taxonomy":"people","embeddable":true,"href":"https:\/\/www.retaildetail.be\/fr\/wp-json\/wp\/v2\/people?post=154464"},{"taxonomy":"extra","embeddable":true,"href":"https:\/\/www.retaildetail.be\/fr\/wp-json\/wp\/v2\/extra?post=154464"},{"taxonomy":"company","embeddable":true,"href":"https:\/\/www.retaildetail.be\/fr\/wp-json\/wp\/v2\/company?post=154464"},{"taxonomy":"topic","embeddable":true,"href":"https:\/\/www.retaildetail.be\/fr\/wp-json\/wp\/v2\/topic?post=154464"},{"taxonomy":"region","embeddable":true,"href":"https:\/\/www.retaildetail.be\/fr\/wp-json\/wp\/v2\/region?post=154464"}],"curies":[{"name":"wp","href":"https:\/\/api.w.org\/{rel}","templated":true}]}}