{"id":154471,"date":"2026-09-01T12:05:44","date_gmt":"2026-09-01T10:05:44","guid":{"rendered":"https:\/\/www.retaildetail.be\/?p=154471"},"modified":"2026-09-01T12:05:45","modified_gmt":"2026-09-01T10:05:45","slug":"des-vetements-a-base-de-biere-inditex-et-le-mit-donnent-une-seconde-vie-aux-dechets-de-brasserie-en-les-transformant-en-textiles","status":"publish","type":"post","link":"https:\/\/www.retaildetail.be\/fr\/news\/mode\/des-vetements-a-base-de-biere-inditex-et-le-mit-donnent-une-seconde-vie-aux-dechets-de-brasserie-en-les-transformant-en-textiles\/","title":{"rendered":"Des v\u00eatements \u00e0 base de bi\u00e8re : Inditex et le MIT donnent une seconde vie aux d\u00e9chets de brasserie"},"content":{"rendered":"\n<p class=\"wp-block-paragraph\"><strong>Inditex <\/strong>lance, en collaboration avec le MIT et l&rsquo;Universidade da Coru\u00f1a, un projet de recherche visant \u00e0 transformer les d\u00e9chets issus de l&rsquo;industrie brassicole en nouveaux mat\u00e9riaux textiles durables. Cette initiative a pour objectif de promouvoir l&rsquo;\u00e9conomie circulaire dans le secteur de la mode.<\/p>\n\n\n\n<h2 class=\"wp-block-heading\">Des d\u00e9chets de brasserie aux v\u00eatements<\/h2>\n\n\n\n<p class=\"wp-block-paragraph\">Le projet est financ\u00e9 par le MIT-Espagne Inditex Circularity Seed Fund et s\u2019inscrit dans le cadre de la collaboration entre le MIT et des universit\u00e9s espagnoles visant \u00e0 d\u00e9velopper des solutions durables pour la mode. Depuis 2017, ce programme soutient des projets communs ax\u00e9s sur la technologie, l\u2019innovation et la durabilit\u00e9.<\/p>\n\n\n\n<p class=\"wp-block-paragraph\">Les chercheurs se concentrent sur les r\u00e9sidus v\u00e9g\u00e9taux issus de la culture et de la transformation du houblon, tels que les feuilles et les tiges. Le projet vise \u00e0 donner une nouvelle utilisation \u00e0 ces r\u00e9sidus de trois mani\u00e8res : les transformer en fibres textiles, d\u00e9velopper des colorants naturels \u00e0 partir des compos\u00e9s pr\u00e9sents et \u00e9laborer des prototypes exp\u00e9rimentaux. Viendra ensuite une analyse des performances, de la faisabilit\u00e9 technique et de l\u2019impact environnemental, par rapport aux mat\u00e9riaux conventionnels.<\/p>\n\n\n\n<p class=\"wp-block-paragraph\">Le projet agricole Cosecha de Galicia soutient la validation des d\u00e9veloppements, fournit l\u2019acc\u00e8s \u00e0 la mati\u00e8re premi\u00e8re et contribue \u00e0 garantir que les r\u00e9sultats soient \u00e9galement applicables \u00e0 grande \u00e9chelle. L\u2019\u00e9quipe de recherche souhaite en effet v\u00e9rifier si une mise \u00e0 l\u2019\u00e9chelle industrielle est possible.<\/p>\n\n\n\n<p class=\"wp-block-paragraph\">Selon les parties prenantes, le projet offre non seulement une opportunit\u00e9 de r\u00e9duire les d\u00e9chets, mais aussi de rendre le secteur textile plus durable et plus circulaire. L\u2019utilisation de sous-produits agricoles permet de r\u00e9duire l\u2019impact environnemental et d\u2019optimiser l\u2019utilisation des mati\u00e8res premi\u00e8res, conform\u00e9ment aux objectifs li\u00e9s \u00e0 l\u2019\u00e9conomie circulaire et \u00e0 la d\u00e9carbonisation dans ce secteur.<\/p>\n","protected":false},"excerpt":{"rendered":"<p>Inditex lance, en collaboration avec le MIT et l&rsquo;Universidade da Coru\u00f1a, un projet de recherche visant \u00e0 transformer les d\u00e9chets de l&rsquo;industrie brassicole en nouveaux mat\u00e9riaux textiles durables. Cette initiative a pour objectif de promouvoir l&rsquo;\u00e9conomie circulaire dans le secteur de la mode. <\/p>\n","protected":false},"author":5,"featured_media":154472,"comment_status":"closed","ping_status":"closed","sticky":false,"template":"","format":"standard","meta":{"_acf_changed":false,"inline_featured_image":false,"_jetpack_newsletter_access":"","_jetpack_dont_email_post_to_subs":false,"_jetpack_newsletter_tier_id":0,"_jetpack_memberships_contains_paywalled_content":false,"_jetpack_memberships_contains_paid_content":false,"footnotes":""},"categories":[24,14,22],"tags":[736,814,1112],"people":[],"extra":[43],"company":[405],"topic":[373],"region":[580],"class_list":["post-154471","post","type-post","status-publish","format-standard","has-post-thumbnail","hentry","category-food","category-mode","tag-bier","tag-circulair","tag-samenwerking","extra-plus","company-inditex","topic-durabilite","region-espagne"],"acf":[],"yoast_head":"<!-- This site is optimized with the Yoast SEO plugin v28.1 - https:\/\/yoast.com\/product\/yoast-seo-wordpress\/ -->\n<title>Des v\u00eatements \u00e0 base de bi\u00e8re : Inditex et le MIT donnent une seconde vie aux d\u00e9chets de brasserie - RetailDetail BE<\/title>\n<meta name=\"robots\" content=\"index, follow, max-snippet:-1, max-image-preview:large, max-video-preview:-1\" \/>\n<link rel=\"canonical\" href=\"https:\/\/www.retaildetail.be\/fr\/news\/mode\/des-vetements-a-base-de-biere-inditex-et-le-mit-donnent-une-seconde-vie-aux-dechets-de-brasserie-en-les-transformant-en-textiles\/\" \/>\n<meta property=\"og:locale\" content=\"fr_FR\" \/>\n<meta property=\"og:type\" content=\"article\" \/>\n<meta property=\"og:title\" content=\"Des v\u00eatements \u00e0 base de bi\u00e8re : Inditex et le MIT donnent une seconde vie aux d\u00e9chets de brasserie - RetailDetail BE\" \/>\n<meta property=\"og:description\" content=\"Inditex lance, en collaboration avec le MIT et l&#039;Universidade da Coru\u00f1a, un projet de recherche visant \u00e0 transformer les d\u00e9chets de l&#039;industrie brassicole en nouveaux mat\u00e9riaux textiles durables. Cette initiative a pour objectif de promouvoir l&#039;\u00e9conomie circulaire dans le secteur de la mode.\" \/>\n<meta property=\"og:url\" content=\"https:\/\/www.retaildetail.be\/fr\/news\/mode\/des-vetements-a-base-de-biere-inditex-et-le-mit-donnent-une-seconde-vie-aux-dechets-de-brasserie-en-les-transformant-en-textiles\/\" \/>\n<meta property=\"og:site_name\" content=\"RetailDetail BE\" \/>\n<meta property=\"article:published_time\" content=\"2026-09-01T10:05:44+00:00\" \/>\n<meta property=\"article:modified_time\" content=\"2026-09-01T10:05:45+00:00\" \/>\n<meta property=\"og:image\" content=\"https:\/\/www.retaildetail.be\/wp-content\/uploads\/2026\/09\/bier-shutterstock-561812323_0.jpg\" \/>\n\t<meta property=\"og:image:width\" content=\"1000\" \/>\n\t<meta property=\"og:image:height\" content=\"680\" \/>\n\t<meta property=\"og:image:type\" content=\"image\/jpeg\" \/>\n<meta name=\"author\" content=\"Pauline Neerman\" \/>\n<meta name=\"twitter:card\" content=\"summary_large_image\" \/>\n<meta name=\"twitter:label1\" content=\"\u00c9crit par\" \/>\n\t<meta name=\"twitter:data1\" content=\"Pauline Neerman\" \/>\n\t<meta name=\"twitter:label2\" content=\"Dur\u00e9e de lecture estim\u00e9e\" \/>\n\t<meta name=\"twitter:data2\" content=\"2 minutes\" \/>\n<script type=\"application\/ld+json\" class=\"yoast-schema-graph\">{\"@context\":\"https:\\\/\\\/schema.org\",\"@graph\":[{\"@type\":\"NewsArticle\",\"@id\":\"https:\\\/\\\/www.retaildetail.be\\\/fr\\\/news\\\/mode\\\/des-vetements-a-base-de-biere-inditex-et-le-mit-donnent-une-seconde-vie-aux-dechets-de-brasserie-en-les-transformant-en-textiles\\\/#article\",\"isPartOf\":{\"@id\":\"https:\\\/\\\/www.retaildetail.be\\\/fr\\\/news\\\/mode\\\/des-vetements-a-base-de-biere-inditex-et-le-mit-donnent-une-seconde-vie-aux-dechets-de-brasserie-en-les-transformant-en-textiles\\\/\"},\"author\":{\"name\":\"Pauline Neerman\",\"@id\":\"https:\\\/\\\/www.retaildetail.be\\\/nl\\\/#\\\/schema\\\/person\\\/66b54803fa10759039079458ea89e307\"},\"headline\":\"Des v\u00eatements \u00e0 base de bi\u00e8re : Inditex et le MIT donnent une seconde vie aux d\u00e9chets de brasserie\",\"datePublished\":\"2026-09-01T10:05:44+00:00\",\"dateModified\":\"2026-09-01T10:05:45+00:00\",\"mainEntityOfPage\":{\"@id\":\"https:\\\/\\\/www.retaildetail.be\\\/fr\\\/news\\\/mode\\\/des-vetements-a-base-de-biere-inditex-et-le-mit-donnent-une-seconde-vie-aux-dechets-de-brasserie-en-les-transformant-en-textiles\\\/\"},\"wordCount\":333,\"publisher\":{\"@id\":\"https:\\\/\\\/www.retaildetail.be\\\/nl\\\/#organization\"},\"image\":{\"@id\":\"https:\\\/\\\/www.retaildetail.be\\\/fr\\\/news\\\/mode\\\/des-vetements-a-base-de-biere-inditex-et-le-mit-donnent-une-seconde-vie-aux-dechets-de-brasserie-en-les-transformant-en-textiles\\\/#primaryimage\"},\"thumbnailUrl\":\"https:\\\/\\\/www.retaildetail.be\\\/wp-content\\\/uploads\\\/2026\\\/09\\\/bier-shutterstock-561812323_0.jpg\",\"keywords\":[\"Bier\",\"Circulair\",\"Samenwerking\"],\"articleSection\":[\"Food\",\"Mode\",\"Mode\"],\"inLanguage\":\"fr-FR\",\"copyrightYear\":\"2026\",\"copyrightHolder\":{\"@id\":\"https:\\\/\\\/www.retaildetail.be\\\/#organization\"}},{\"@type\":\"WebPage\",\"@id\":\"https:\\\/\\\/www.retaildetail.be\\\/fr\\\/news\\\/mode\\\/des-vetements-a-base-de-biere-inditex-et-le-mit-donnent-une-seconde-vie-aux-dechets-de-brasserie-en-les-transformant-en-textiles\\\/\",\"url\":\"https:\\\/\\\/www.retaildetail.be\\\/fr\\\/news\\\/mode\\\/des-vetements-a-base-de-biere-inditex-et-le-mit-donnent-une-seconde-vie-aux-dechets-de-brasserie-en-les-transformant-en-textiles\\\/\",\"name\":\"Des v\u00eatements \u00e0 base de bi\u00e8re : Inditex et le MIT donnent une seconde vie aux d\u00e9chets de brasserie - RetailDetail BE\",\"isPartOf\":{\"@id\":\"https:\\\/\\\/www.retaildetail.be\\\/nl\\\/#website\"},\"primaryImageOfPage\":{\"@id\":\"https:\\\/\\\/www.retaildetail.be\\\/fr\\\/news\\\/mode\\\/des-vetements-a-base-de-biere-inditex-et-le-mit-donnent-une-seconde-vie-aux-dechets-de-brasserie-en-les-transformant-en-textiles\\\/#primaryimage\"},\"image\":{\"@id\":\"https:\\\/\\\/www.retaildetail.be\\\/fr\\\/news\\\/mode\\\/des-vetements-a-base-de-biere-inditex-et-le-mit-donnent-une-seconde-vie-aux-dechets-de-brasserie-en-les-transformant-en-textiles\\\/#primaryimage\"},\"thumbnailUrl\":\"https:\\\/\\\/www.retaildetail.be\\\/wp-content\\\/uploads\\\/2026\\\/09\\\/bier-shutterstock-561812323_0.jpg\",\"datePublished\":\"2026-09-01T10:05:44+00:00\",\"dateModified\":\"2026-09-01T10:05:45+00:00\",\"breadcrumb\":{\"@id\":\"https:\\\/\\\/www.retaildetail.be\\\/fr\\\/news\\\/mode\\\/des-vetements-a-base-de-biere-inditex-et-le-mit-donnent-une-seconde-vie-aux-dechets-de-brasserie-en-les-transformant-en-textiles\\\/#breadcrumb\"},\"inLanguage\":\"fr-FR\",\"potentialAction\":[{\"@type\":\"ReadAction\",\"target\":[\"https:\\\/\\\/www.retaildetail.be\\\/fr\\\/news\\\/mode\\\/des-vetements-a-base-de-biere-inditex-et-le-mit-donnent-une-seconde-vie-aux-dechets-de-brasserie-en-les-transformant-en-textiles\\\/\"]}]},{\"@type\":\"ImageObject\",\"inLanguage\":\"fr-FR\",\"@id\":\"https:\\\/\\\/www.retaildetail.be\\\/fr\\\/news\\\/mode\\\/des-vetements-a-base-de-biere-inditex-et-le-mit-donnent-une-seconde-vie-aux-dechets-de-brasserie-en-les-transformant-en-textiles\\\/#primaryimage\",\"url\":\"https:\\\/\\\/www.retaildetail.be\\\/wp-content\\\/uploads\\\/2026\\\/09\\\/bier-shutterstock-561812323_0.jpg\",\"contentUrl\":\"https:\\\/\\\/www.retaildetail.be\\\/wp-content\\\/uploads\\\/2026\\\/09\\\/bier-shutterstock-561812323_0.jpg\",\"width\":1000,\"height\":680},{\"@type\":\"BreadcrumbList\",\"@id\":\"https:\\\/\\\/www.retaildetail.be\\\/fr\\\/news\\\/mode\\\/des-vetements-a-base-de-biere-inditex-et-le-mit-donnent-une-seconde-vie-aux-dechets-de-brasserie-en-les-transformant-en-textiles\\\/#breadcrumb\",\"itemListElement\":[{\"@type\":\"ListItem\",\"position\":1,\"name\":\"Home\",\"item\":\"https:\\\/\\\/www.retaildetail.be\\\/fr\\\/\"},{\"@type\":\"ListItem\",\"position\":2,\"name\":\"Des v\u00eatements \u00e0 base de bi\u00e8re : Inditex et le MIT donnent une seconde vie aux d\u00e9chets de brasserie\"}]},{\"@type\":\"WebSite\",\"@id\":\"https:\\\/\\\/www.retaildetail.be\\\/nl\\\/#website\",\"url\":\"https:\\\/\\\/www.retaildetail.be\\\/nl\\\/\",\"name\":\"RetailDetail BE\",\"description\":\"News\",\"publisher\":{\"@id\":\"https:\\\/\\\/www.retaildetail.be\\\/nl\\\/#organization\"},\"potentialAction\":[{\"@type\":\"SearchAction\",\"target\":{\"@type\":\"EntryPoint\",\"urlTemplate\":\"https:\\\/\\\/www.retaildetail.be\\\/nl\\\/?s={search_term_string}\"},\"query-input\":{\"@type\":\"PropertyValueSpecification\",\"valueRequired\":true,\"valueName\":\"search_term_string\"}}],\"inLanguage\":\"fr-FR\"},{\"@type\":\"Organization\",\"@id\":\"https:\\\/\\\/www.retaildetail.be\\\/nl\\\/#organization\",\"name\":\"RetailDetail BE\",\"url\":\"https:\\\/\\\/www.retaildetail.be\\\/nl\\\/\",\"logo\":{\"@type\":\"ImageObject\",\"inLanguage\":\"fr-FR\",\"@id\":\"https:\\\/\\\/www.retaildetail.be\\\/nl\\\/#\\\/schema\\\/logo\\\/image\\\/\",\"url\":\"https:\\\/\\\/www.retaildetail.be\\\/wp-content\\\/uploads\\\/2022\\\/04\\\/logo.svg\",\"contentUrl\":\"https:\\\/\\\/www.retaildetail.be\\\/wp-content\\\/uploads\\\/2022\\\/04\\\/logo.svg\",\"width\":131,\"height\":70,\"caption\":\"RetailDetail BE\"},\"image\":{\"@id\":\"https:\\\/\\\/www.retaildetail.be\\\/nl\\\/#\\\/schema\\\/logo\\\/image\\\/\"}},{\"@type\":\"Person\",\"@id\":\"https:\\\/\\\/www.retaildetail.be\\\/nl\\\/#\\\/schema\\\/person\\\/66b54803fa10759039079458ea89e307\",\"name\":\"Pauline Neerman\",\"image\":{\"@type\":\"ImageObject\",\"inLanguage\":\"fr-FR\",\"@id\":\"https:\\\/\\\/secure.gravatar.com\\\/avatar\\\/58db22aee589a691f9603e5765ac06010427a923f9b2728b951eb7fe27214d70?s=96&d=mm&r=g\",\"url\":\"https:\\\/\\\/secure.gravatar.com\\\/avatar\\\/58db22aee589a691f9603e5765ac06010427a923f9b2728b951eb7fe27214d70?s=96&d=mm&r=g\",\"contentUrl\":\"https:\\\/\\\/secure.gravatar.com\\\/avatar\\\/58db22aee589a691f9603e5765ac06010427a923f9b2728b951eb7fe27214d70?s=96&d=mm&r=g\",\"caption\":\"Pauline Neerman\"},\"url\":\"https:\\\/\\\/www.retaildetail.be\\\/fr\\\/author\\\/paulineneerman\\\/\"}]}<\/script>\n<!-- \/ Yoast SEO plugin. -->","yoast_head_json":{"title":"Des v\u00eatements \u00e0 base de bi\u00e8re : Inditex et le MIT donnent une seconde vie aux d\u00e9chets de brasserie - RetailDetail BE","robots":{"index":"index","follow":"follow","max-snippet":"max-snippet:-1","max-image-preview":"max-image-preview:large","max-video-preview":"max-video-preview:-1"},"canonical":"https:\/\/www.retaildetail.be\/fr\/news\/mode\/des-vetements-a-base-de-biere-inditex-et-le-mit-donnent-une-seconde-vie-aux-dechets-de-brasserie-en-les-transformant-en-textiles\/","og_locale":"fr_FR","og_type":"article","og_title":"Des v\u00eatements \u00e0 base de bi\u00e8re : Inditex et le MIT donnent une seconde vie aux d\u00e9chets de brasserie - RetailDetail BE","og_description":"Inditex lance, en collaboration avec le MIT et l'Universidade da Coru\u00f1a, un projet de recherche visant \u00e0 transformer les d\u00e9chets de l'industrie brassicole en nouveaux mat\u00e9riaux textiles durables. Cette initiative a pour objectif de promouvoir l'\u00e9conomie circulaire dans le secteur de la mode.","og_url":"https:\/\/www.retaildetail.be\/fr\/news\/mode\/des-vetements-a-base-de-biere-inditex-et-le-mit-donnent-une-seconde-vie-aux-dechets-de-brasserie-en-les-transformant-en-textiles\/","og_site_name":"RetailDetail BE","article_published_time":"2026-09-01T10:05:44+00:00","article_modified_time":"2026-09-01T10:05:45+00:00","og_image":[{"width":1000,"height":680,"url":"https:\/\/www.retaildetail.be\/wp-content\/uploads\/2026\/09\/bier-shutterstock-561812323_0.jpg","type":"image\/jpeg"}],"author":"Pauline Neerman","twitter_card":"summary_large_image","twitter_misc":{"\u00c9crit par":"Pauline Neerman","Dur\u00e9e de lecture estim\u00e9e":"2 minutes"},"schema":{"@context":"https:\/\/schema.org","@graph":[{"@type":"NewsArticle","@id":"https:\/\/www.retaildetail.be\/fr\/news\/mode\/des-vetements-a-base-de-biere-inditex-et-le-mit-donnent-une-seconde-vie-aux-dechets-de-brasserie-en-les-transformant-en-textiles\/#article","isPartOf":{"@id":"https:\/\/www.retaildetail.be\/fr\/news\/mode\/des-vetements-a-base-de-biere-inditex-et-le-mit-donnent-une-seconde-vie-aux-dechets-de-brasserie-en-les-transformant-en-textiles\/"},"author":{"name":"Pauline Neerman","@id":"https:\/\/www.retaildetail.be\/nl\/#\/schema\/person\/66b54803fa10759039079458ea89e307"},"headline":"Des v\u00eatements \u00e0 base de bi\u00e8re : Inditex et le MIT donnent une seconde vie aux d\u00e9chets de brasserie","datePublished":"2026-09-01T10:05:44+00:00","dateModified":"2026-09-01T10:05:45+00:00","mainEntityOfPage":{"@id":"https:\/\/www.retaildetail.be\/fr\/news\/mode\/des-vetements-a-base-de-biere-inditex-et-le-mit-donnent-une-seconde-vie-aux-dechets-de-brasserie-en-les-transformant-en-textiles\/"},"wordCount":333,"publisher":{"@id":"https:\/\/www.retaildetail.be\/nl\/#organization"},"image":{"@id":"https:\/\/www.retaildetail.be\/fr\/news\/mode\/des-vetements-a-base-de-biere-inditex-et-le-mit-donnent-une-seconde-vie-aux-dechets-de-brasserie-en-les-transformant-en-textiles\/#primaryimage"},"thumbnailUrl":"https:\/\/www.retaildetail.be\/wp-content\/uploads\/2026\/09\/bier-shutterstock-561812323_0.jpg","keywords":["Bier","Circulair","Samenwerking"],"articleSection":["Food","Mode","Mode"],"inLanguage":"fr-FR","copyrightYear":"2026","copyrightHolder":{"@id":"https:\/\/www.retaildetail.be\/#organization"}},{"@type":"WebPage","@id":"https:\/\/www.retaildetail.be\/fr\/news\/mode\/des-vetements-a-base-de-biere-inditex-et-le-mit-donnent-une-seconde-vie-aux-dechets-de-brasserie-en-les-transformant-en-textiles\/","url":"https:\/\/www.retaildetail.be\/fr\/news\/mode\/des-vetements-a-base-de-biere-inditex-et-le-mit-donnent-une-seconde-vie-aux-dechets-de-brasserie-en-les-transformant-en-textiles\/","name":"Des v\u00eatements \u00e0 base de bi\u00e8re : Inditex et le MIT donnent une seconde vie aux d\u00e9chets de brasserie - RetailDetail BE","isPartOf":{"@id":"https:\/\/www.retaildetail.be\/nl\/#website"},"primaryImageOfPage":{"@id":"https:\/\/www.retaildetail.be\/fr\/news\/mode\/des-vetements-a-base-de-biere-inditex-et-le-mit-donnent-une-seconde-vie-aux-dechets-de-brasserie-en-les-transformant-en-textiles\/#primaryimage"},"image":{"@id":"https:\/\/www.retaildetail.be\/fr\/news\/mode\/des-vetements-a-base-de-biere-inditex-et-le-mit-donnent-une-seconde-vie-aux-dechets-de-brasserie-en-les-transformant-en-textiles\/#primaryimage"},"thumbnailUrl":"https:\/\/www.retaildetail.be\/wp-content\/uploads\/2026\/09\/bier-shutterstock-561812323_0.jpg","datePublished":"2026-09-01T10:05:44+00:00","dateModified":"2026-09-01T10:05:45+00:00","breadcrumb":{"@id":"https:\/\/www.retaildetail.be\/fr\/news\/mode\/des-vetements-a-base-de-biere-inditex-et-le-mit-donnent-une-seconde-vie-aux-dechets-de-brasserie-en-les-transformant-en-textiles\/#breadcrumb"},"inLanguage":"fr-FR","potentialAction":[{"@type":"ReadAction","target":["https:\/\/www.retaildetail.be\/fr\/news\/mode\/des-vetements-a-base-de-biere-inditex-et-le-mit-donnent-une-seconde-vie-aux-dechets-de-brasserie-en-les-transformant-en-textiles\/"]}]},{"@type":"ImageObject","inLanguage":"fr-FR","@id":"https:\/\/www.retaildetail.be\/fr\/news\/mode\/des-vetements-a-base-de-biere-inditex-et-le-mit-donnent-une-seconde-vie-aux-dechets-de-brasserie-en-les-transformant-en-textiles\/#primaryimage","url":"https:\/\/www.retaildetail.be\/wp-content\/uploads\/2026\/09\/bier-shutterstock-561812323_0.jpg","contentUrl":"https:\/\/www.retaildetail.be\/wp-content\/uploads\/2026\/09\/bier-shutterstock-561812323_0.jpg","width":1000,"height":680},{"@type":"BreadcrumbList","@id":"https:\/\/www.retaildetail.be\/fr\/news\/mode\/des-vetements-a-base-de-biere-inditex-et-le-mit-donnent-une-seconde-vie-aux-dechets-de-brasserie-en-les-transformant-en-textiles\/#breadcrumb","itemListElement":[{"@type":"ListItem","position":1,"name":"Home","item":"https:\/\/www.retaildetail.be\/fr\/"},{"@type":"ListItem","position":2,"name":"Des v\u00eatements \u00e0 base de bi\u00e8re : Inditex et le MIT donnent une seconde vie aux d\u00e9chets de brasserie"}]},{"@type":"WebSite","@id":"https:\/\/www.retaildetail.be\/nl\/#website","url":"https:\/\/www.retaildetail.be\/nl\/","name":"RetailDetail BE","description":"News","publisher":{"@id":"https:\/\/www.retaildetail.be\/nl\/#organization"},"potentialAction":[{"@type":"SearchAction","target":{"@type":"EntryPoint","urlTemplate":"https:\/\/www.retaildetail.be\/nl\/?s={search_term_string}"},"query-input":{"@type":"PropertyValueSpecification","valueRequired":true,"valueName":"search_term_string"}}],"inLanguage":"fr-FR"},{"@type":"Organization","@id":"https:\/\/www.retaildetail.be\/nl\/#organization","name":"RetailDetail BE","url":"https:\/\/www.retaildetail.be\/nl\/","logo":{"@type":"ImageObject","inLanguage":"fr-FR","@id":"https:\/\/www.retaildetail.be\/nl\/#\/schema\/logo\/image\/","url":"https:\/\/www.retaildetail.be\/wp-content\/uploads\/2022\/04\/logo.svg","contentUrl":"https:\/\/www.retaildetail.be\/wp-content\/uploads\/2022\/04\/logo.svg","width":131,"height":70,"caption":"RetailDetail BE"},"image":{"@id":"https:\/\/www.retaildetail.be\/nl\/#\/schema\/logo\/image\/"}},{"@type":"Person","@id":"https:\/\/www.retaildetail.be\/nl\/#\/schema\/person\/66b54803fa10759039079458ea89e307","name":"Pauline Neerman","image":{"@type":"ImageObject","inLanguage":"fr-FR","@id":"https:\/\/secure.gravatar.com\/avatar\/58db22aee589a691f9603e5765ac06010427a923f9b2728b951eb7fe27214d70?s=96&d=mm&r=g","url":"https:\/\/secure.gravatar.com\/avatar\/58db22aee589a691f9603e5765ac06010427a923f9b2728b951eb7fe27214d70?s=96&d=mm&r=g","contentUrl":"https:\/\/secure.gravatar.com\/avatar\/58db22aee589a691f9603e5765ac06010427a923f9b2728b951eb7fe27214d70?s=96&d=mm&r=g","caption":"Pauline Neerman"},"url":"https:\/\/www.retaildetail.be\/fr\/author\/paulineneerman\/"}]}},"jetpack_featured_media_url":"https:\/\/www.retaildetail.be\/wp-content\/uploads\/2026\/09\/bier-shutterstock-561812323_0.jpg","jetpack_sharing_enabled":true,"_links":{"self":[{"href":"https:\/\/www.retaildetail.be\/fr\/wp-json\/wp\/v2\/posts\/154471","targetHints":{"allow":["GET"]}}],"collection":[{"href":"https:\/\/www.retaildetail.be\/fr\/wp-json\/wp\/v2\/posts"}],"about":[{"href":"https:\/\/www.retaildetail.be\/fr\/wp-json\/wp\/v2\/types\/post"}],"author":[{"embeddable":true,"href":"https:\/\/www.retaildetail.be\/fr\/wp-json\/wp\/v2\/users\/5"}],"replies":[{"embeddable":true,"href":"https:\/\/www.retaildetail.be\/fr\/wp-json\/wp\/v2\/comments?post=154471"}],"version-history":[{"count":1,"href":"https:\/\/www.retaildetail.be\/fr\/wp-json\/wp\/v2\/posts\/154471\/revisions"}],"predecessor-version":[{"id":154473,"href":"https:\/\/www.retaildetail.be\/fr\/wp-json\/wp\/v2\/posts\/154471\/revisions\/154473"}],"wp:featuredmedia":[{"embeddable":true,"href":"https:\/\/www.retaildetail.be\/fr\/wp-json\/wp\/v2\/media\/154472"}],"wp:attachment":[{"href":"https:\/\/www.retaildetail.be\/fr\/wp-json\/wp\/v2\/media?parent=154471"}],"wp:term":[{"taxonomy":"category","embeddable":true,"href":"https:\/\/www.retaildetail.be\/fr\/wp-json\/wp\/v2\/categories?post=154471"},{"taxonomy":"post_tag","embeddable":true,"href":"https:\/\/www.retaildetail.be\/fr\/wp-json\/wp\/v2\/tags?post=154471"},{"taxonomy":"people","embeddable":true,"href":"https:\/\/www.retaildetail.be\/fr\/wp-json\/wp\/v2\/people?post=154471"},{"taxonomy":"extra","embeddable":true,"href":"https:\/\/www.retaildetail.be\/fr\/wp-json\/wp\/v2\/extra?post=154471"},{"taxonomy":"company","embeddable":true,"href":"https:\/\/www.retaildetail.be\/fr\/wp-json\/wp\/v2\/company?post=154471"},{"taxonomy":"topic","embeddable":true,"href":"https:\/\/www.retaildetail.be\/fr\/wp-json\/wp\/v2\/topic?post=154471"},{"taxonomy":"region","embeddable":true,"href":"https:\/\/www.retaildetail.be\/fr\/wp-json\/wp\/v2\/region?post=154471"}],"curies":[{"name":"wp","href":"https:\/\/api.w.org\/{rel}","templated":true}]}}