{"id":154477,"date":"2026-09-01T12:27:02","date_gmt":"2026-09-01T10:27:02","guid":{"rendered":"https:\/\/www.retaildetail.be\/?p=154477"},"modified":"2026-09-01T12:27:05","modified_gmt":"2026-09-01T10:27:05","slug":"le-groupe-frasers-continue-de-viser-une-participation-majoritaire-dans-hugo-boss","status":"publish","type":"post","link":"https:\/\/www.retaildetail.be\/fr\/news\/mode\/le-groupe-frasers-continue-de-viser-une-participation-majoritaire-dans-hugo-boss\/","title":{"rendered":"Frasers Group continue de viser une participation majoritaire dans Hugo Boss"},"content":{"rendered":"\n<p class=\"wp-block-paragraph\"><strong>Frasers<\/strong> <strong>Group<\/strong> continue de viser une participation de plus de 50 % dans <strong>Hugo Boss<\/strong>, mais se heurte \u00e0 un rival de taille, puisque la marque de mode allemande a entre-temps elle-m\u00eame lanc\u00e9 un programme de rachat d&rsquo;actions.<\/p>\n\n\n\n<h2 class=\"wp-block-heading\">Frasers reconsid\u00e8re \u00e9galement son soutien au pr\u00e9sident<\/h2>\n\n\n\n<p class=\"wp-block-paragraph\">Frasers d\u00e9tient actuellement 47,89 % des actions et des droits de vote et souhaite augmenter encore ce pourcentage. Dans un communiqu\u00e9 de presse, le groupe britannique annonce d\u00e9sormais l&rsquo;achat \u00e9ventuel d&rsquo;actions suppl\u00e9mentaires, sans toutefois pr\u00e9ciser quand ni \u00e0 quel prix ces acquisitions auront lieu.<\/p>\n\n\n\n<p class=\"wp-block-paragraph\">Entre-temps, il appara\u00eet clairement que Frasers doit d\u00e9sormais faire face \u00e0 la concurrence de Hugo Boss lui-m\u00eame : la marque de mode a en effet r\u00e9cemment lanc\u00e9 un programme de rachat d\u2019actions d\u2019une valeur maximale de 200 millions d\u2019euros. Ce programme court jusqu\u2019\u00e0 la fin de l\u2019ann\u00e9e prochaine. Auparavant, Hugo Boss avait d\u00e9j\u00e0 appel\u00e9 ses actionnaires <a href=\"https:\/\/www.retaildetail.be\/fr\/news\/mode\/hugo-boss-demande-a-ses-actionnaires-de-rejeter-la-proposition-de-frasers\/\">\u00e0 rejeter l\u2019offre publique d\u2019achat de Frasers Group<\/a>.<\/p>\n\n\n\n<p class=\"wp-block-paragraph\">Par ailleurs, Frasers a annonc\u00e9 qu\u2019il r\u00e9examinait son soutien \u00e0 Stephan Sturm, pr\u00e9sident du conseil de surveillance d\u2019Hugo Boss. Si Frasers d\u00e9cidait de retirer ce soutien, il publierait un communiqu\u00e9.<\/p>\n\n\n\n<p class=\"wp-block-paragraph\"><\/p>\n","protected":false},"excerpt":{"rendered":"<p>Le groupe Frasers continue de viser une participation sup\u00e9rieure \u00e0 50 % dans Hugo Boss, mais se heurte \u00e0 un rival de taille, puisque la marque de mode allemande a entre-temps lanc\u00e9 elle-m\u00eame un programme de rachat d&rsquo;actions.<\/p>\n","protected":false},"author":10,"featured_media":154478,"comment_status":"closed","ping_status":"closed","sticky":false,"template":"","format":"standard","meta":{"_acf_changed":false,"inline_featured_image":false,"_jetpack_newsletter_access":"","_jetpack_dont_email_post_to_subs":false,"_jetpack_newsletter_tier_id":0,"_jetpack_memberships_contains_paywalled_content":false,"_jetpack_memberships_contains_paid_content":false,"footnotes":""},"categories":[14,22],"tags":[],"people":[],"extra":[43],"company":[1785,715],"topic":[282],"region":[],"class_list":["post-154477","post","type-post","status-publish","format-standard","has-post-thumbnail","hentry","category-mode","extra-plus","company-frasers","company-hugo-boss","topic-acquisition"],"acf":[],"yoast_head":"<!-- This site is optimized with the Yoast SEO plugin v28.1 - https:\/\/yoast.com\/product\/yoast-seo-wordpress\/ -->\n<title>Frasers Group continue de viser une participation majoritaire dans Hugo Boss - RetailDetail BE<\/title>\n<meta name=\"description\" content=\"Frasers Group continue de viser une participation de plus de 50 % dans Hugo Boss, mais se heurte \u00e0 un rival de taille, puisque la marque de mode allemande a entre-temps elle-m\u00eame lanc\u00e9 un programme de rachat d&#039;actions.\" \/>\n<meta name=\"robots\" content=\"index, follow, max-snippet:-1, max-image-preview:large, max-video-preview:-1\" \/>\n<link rel=\"canonical\" href=\"https:\/\/www.retaildetail.be\/fr\/news\/mode\/le-groupe-frasers-continue-de-viser-une-participation-majoritaire-dans-hugo-boss\/\" \/>\n<meta property=\"og:locale\" content=\"fr_FR\" \/>\n<meta property=\"og:type\" content=\"article\" \/>\n<meta property=\"og:title\" content=\"Frasers Group continue de viser une participation majoritaire dans Hugo Boss - RetailDetail BE\" \/>\n<meta property=\"og:description\" content=\"Frasers Group continue de viser une participation de plus de 50 % dans Hugo Boss, mais se heurte \u00e0 un rival de taille, puisque la marque de mode allemande a entre-temps elle-m\u00eame lanc\u00e9 un programme de rachat d&#039;actions.\" \/>\n<meta property=\"og:url\" content=\"https:\/\/www.retaildetail.be\/fr\/news\/mode\/le-groupe-frasers-continue-de-viser-une-participation-majoritaire-dans-hugo-boss\/\" \/>\n<meta property=\"og:site_name\" content=\"RetailDetail BE\" \/>\n<meta property=\"article:published_time\" content=\"2026-09-01T10:27:02+00:00\" \/>\n<meta property=\"article:modified_time\" content=\"2026-09-01T10:27:05+00:00\" \/>\n<meta property=\"og:image\" content=\"https:\/\/www.retaildetail.be\/wp-content\/uploads\/2026\/09\/Hugo-Boss_2.jpg\" \/>\n\t<meta property=\"og:image:width\" content=\"1000\" \/>\n\t<meta property=\"og:image:height\" content=\"672\" \/>\n\t<meta property=\"og:image:type\" content=\"image\/jpeg\" \/>\n<meta name=\"author\" content=\"Jorg Snoeck\" \/>\n<meta name=\"twitter:card\" content=\"summary_large_image\" \/>\n<meta name=\"twitter:label1\" content=\"\u00c9crit par\" \/>\n\t<meta name=\"twitter:data1\" content=\"Jorg Snoeck\" \/>\n\t<meta name=\"twitter:label2\" content=\"Dur\u00e9e de lecture estim\u00e9e\" \/>\n\t<meta name=\"twitter:data2\" content=\"1 minute\" \/>\n<script type=\"application\/ld+json\" class=\"yoast-schema-graph\">{\"@context\":\"https:\\\/\\\/schema.org\",\"@graph\":[{\"@type\":\"NewsArticle\",\"@id\":\"https:\\\/\\\/www.retaildetail.be\\\/fr\\\/news\\\/mode\\\/le-groupe-frasers-continue-de-viser-une-participation-majoritaire-dans-hugo-boss\\\/#article\",\"isPartOf\":{\"@id\":\"https:\\\/\\\/www.retaildetail.be\\\/fr\\\/news\\\/mode\\\/le-groupe-frasers-continue-de-viser-une-participation-majoritaire-dans-hugo-boss\\\/\"},\"author\":{\"name\":\"Jorg Snoeck\",\"@id\":\"https:\\\/\\\/www.retaildetail.be\\\/nl\\\/#\\\/schema\\\/person\\\/71d9b89376db00e9b1aa8a2841e71a72\"},\"headline\":\"Frasers Group continue de viser une participation majoritaire dans Hugo Boss\",\"datePublished\":\"2026-09-01T10:27:02+00:00\",\"dateModified\":\"2026-09-01T10:27:05+00:00\",\"mainEntityOfPage\":{\"@id\":\"https:\\\/\\\/www.retaildetail.be\\\/fr\\\/news\\\/mode\\\/le-groupe-frasers-continue-de-viser-une-participation-majoritaire-dans-hugo-boss\\\/\"},\"wordCount\":210,\"publisher\":{\"@id\":\"https:\\\/\\\/www.retaildetail.be\\\/nl\\\/#organization\"},\"image\":{\"@id\":\"https:\\\/\\\/www.retaildetail.be\\\/fr\\\/news\\\/mode\\\/le-groupe-frasers-continue-de-viser-une-participation-majoritaire-dans-hugo-boss\\\/#primaryimage\"},\"thumbnailUrl\":\"https:\\\/\\\/www.retaildetail.be\\\/wp-content\\\/uploads\\\/2026\\\/09\\\/Hugo-Boss_2.jpg\",\"articleSection\":[\"Mode\",\"Mode\"],\"inLanguage\":\"fr-FR\",\"copyrightYear\":\"2026\",\"copyrightHolder\":{\"@id\":\"https:\\\/\\\/www.retaildetail.be\\\/#organization\"}},{\"@type\":\"WebPage\",\"@id\":\"https:\\\/\\\/www.retaildetail.be\\\/fr\\\/news\\\/mode\\\/le-groupe-frasers-continue-de-viser-une-participation-majoritaire-dans-hugo-boss\\\/\",\"url\":\"https:\\\/\\\/www.retaildetail.be\\\/fr\\\/news\\\/mode\\\/le-groupe-frasers-continue-de-viser-une-participation-majoritaire-dans-hugo-boss\\\/\",\"name\":\"Frasers Group continue de viser une participation majoritaire dans Hugo Boss - RetailDetail BE\",\"isPartOf\":{\"@id\":\"https:\\\/\\\/www.retaildetail.be\\\/nl\\\/#website\"},\"primaryImageOfPage\":{\"@id\":\"https:\\\/\\\/www.retaildetail.be\\\/fr\\\/news\\\/mode\\\/le-groupe-frasers-continue-de-viser-une-participation-majoritaire-dans-hugo-boss\\\/#primaryimage\"},\"image\":{\"@id\":\"https:\\\/\\\/www.retaildetail.be\\\/fr\\\/news\\\/mode\\\/le-groupe-frasers-continue-de-viser-une-participation-majoritaire-dans-hugo-boss\\\/#primaryimage\"},\"thumbnailUrl\":\"https:\\\/\\\/www.retaildetail.be\\\/wp-content\\\/uploads\\\/2026\\\/09\\\/Hugo-Boss_2.jpg\",\"datePublished\":\"2026-09-01T10:27:02+00:00\",\"dateModified\":\"2026-09-01T10:27:05+00:00\",\"description\":\"Frasers Group continue de viser une participation de plus de 50 % dans Hugo Boss, mais se heurte \u00e0 un rival de taille, puisque la marque de mode allemande a entre-temps elle-m\u00eame lanc\u00e9 un programme de rachat d'actions.\",\"breadcrumb\":{\"@id\":\"https:\\\/\\\/www.retaildetail.be\\\/fr\\\/news\\\/mode\\\/le-groupe-frasers-continue-de-viser-une-participation-majoritaire-dans-hugo-boss\\\/#breadcrumb\"},\"inLanguage\":\"fr-FR\",\"potentialAction\":[{\"@type\":\"ReadAction\",\"target\":[\"https:\\\/\\\/www.retaildetail.be\\\/fr\\\/news\\\/mode\\\/le-groupe-frasers-continue-de-viser-une-participation-majoritaire-dans-hugo-boss\\\/\"]}]},{\"@type\":\"ImageObject\",\"inLanguage\":\"fr-FR\",\"@id\":\"https:\\\/\\\/www.retaildetail.be\\\/fr\\\/news\\\/mode\\\/le-groupe-frasers-continue-de-viser-une-participation-majoritaire-dans-hugo-boss\\\/#primaryimage\",\"url\":\"https:\\\/\\\/www.retaildetail.be\\\/wp-content\\\/uploads\\\/2026\\\/09\\\/Hugo-Boss_2.jpg\",\"contentUrl\":\"https:\\\/\\\/www.retaildetail.be\\\/wp-content\\\/uploads\\\/2026\\\/09\\\/Hugo-Boss_2.jpg\",\"width\":1000,\"height\":672,\"caption\":\"Shutterstock.com\"},{\"@type\":\"BreadcrumbList\",\"@id\":\"https:\\\/\\\/www.retaildetail.be\\\/fr\\\/news\\\/mode\\\/le-groupe-frasers-continue-de-viser-une-participation-majoritaire-dans-hugo-boss\\\/#breadcrumb\",\"itemListElement\":[{\"@type\":\"ListItem\",\"position\":1,\"name\":\"Home\",\"item\":\"https:\\\/\\\/www.retaildetail.be\\\/fr\\\/\"},{\"@type\":\"ListItem\",\"position\":2,\"name\":\"Frasers Group continue de viser une participation majoritaire dans Hugo Boss\"}]},{\"@type\":\"WebSite\",\"@id\":\"https:\\\/\\\/www.retaildetail.be\\\/nl\\\/#website\",\"url\":\"https:\\\/\\\/www.retaildetail.be\\\/nl\\\/\",\"name\":\"RetailDetail BE\",\"description\":\"News\",\"publisher\":{\"@id\":\"https:\\\/\\\/www.retaildetail.be\\\/nl\\\/#organization\"},\"potentialAction\":[{\"@type\":\"SearchAction\",\"target\":{\"@type\":\"EntryPoint\",\"urlTemplate\":\"https:\\\/\\\/www.retaildetail.be\\\/nl\\\/?s={search_term_string}\"},\"query-input\":{\"@type\":\"PropertyValueSpecification\",\"valueRequired\":true,\"valueName\":\"search_term_string\"}}],\"inLanguage\":\"fr-FR\"},{\"@type\":\"Organization\",\"@id\":\"https:\\\/\\\/www.retaildetail.be\\\/nl\\\/#organization\",\"name\":\"RetailDetail BE\",\"url\":\"https:\\\/\\\/www.retaildetail.be\\\/nl\\\/\",\"logo\":{\"@type\":\"ImageObject\",\"inLanguage\":\"fr-FR\",\"@id\":\"https:\\\/\\\/www.retaildetail.be\\\/nl\\\/#\\\/schema\\\/logo\\\/image\\\/\",\"url\":\"https:\\\/\\\/www.retaildetail.be\\\/wp-content\\\/uploads\\\/2022\\\/04\\\/logo.svg\",\"contentUrl\":\"https:\\\/\\\/www.retaildetail.be\\\/wp-content\\\/uploads\\\/2022\\\/04\\\/logo.svg\",\"width\":131,\"height\":70,\"caption\":\"RetailDetail BE\"},\"image\":{\"@id\":\"https:\\\/\\\/www.retaildetail.be\\\/nl\\\/#\\\/schema\\\/logo\\\/image\\\/\"}},{\"@type\":\"Person\",\"@id\":\"https:\\\/\\\/www.retaildetail.be\\\/nl\\\/#\\\/schema\\\/person\\\/71d9b89376db00e9b1aa8a2841e71a72\",\"name\":\"Jorg Snoeck\",\"image\":{\"@type\":\"ImageObject\",\"inLanguage\":\"fr-FR\",\"@id\":\"https:\\\/\\\/secure.gravatar.com\\\/avatar\\\/fc1bd94c7d40f2446e6bf778bb34cf9ab000168f63533cec8e072f4ad96ce7f3?s=96&d=mm&r=g\",\"url\":\"https:\\\/\\\/secure.gravatar.com\\\/avatar\\\/fc1bd94c7d40f2446e6bf778bb34cf9ab000168f63533cec8e072f4ad96ce7f3?s=96&d=mm&r=g\",\"contentUrl\":\"https:\\\/\\\/secure.gravatar.com\\\/avatar\\\/fc1bd94c7d40f2446e6bf778bb34cf9ab000168f63533cec8e072f4ad96ce7f3?s=96&d=mm&r=g\",\"caption\":\"Jorg Snoeck\"},\"url\":\"https:\\\/\\\/www.retaildetail.be\\\/fr\\\/author\\\/jorgsnoeck\\\/\"}]}<\/script>\n<!-- \/ Yoast SEO plugin. -->","yoast_head_json":{"title":"Frasers Group continue de viser une participation majoritaire dans Hugo Boss - RetailDetail BE","description":"Frasers Group continue de viser une participation de plus de 50 % dans Hugo Boss, mais se heurte \u00e0 un rival de taille, puisque la marque de mode allemande a entre-temps elle-m\u00eame lanc\u00e9 un programme de rachat d'actions.","robots":{"index":"index","follow":"follow","max-snippet":"max-snippet:-1","max-image-preview":"max-image-preview:large","max-video-preview":"max-video-preview:-1"},"canonical":"https:\/\/www.retaildetail.be\/fr\/news\/mode\/le-groupe-frasers-continue-de-viser-une-participation-majoritaire-dans-hugo-boss\/","og_locale":"fr_FR","og_type":"article","og_title":"Frasers Group continue de viser une participation majoritaire dans Hugo Boss - RetailDetail BE","og_description":"Frasers Group continue de viser une participation de plus de 50 % dans Hugo Boss, mais se heurte \u00e0 un rival de taille, puisque la marque de mode allemande a entre-temps elle-m\u00eame lanc\u00e9 un programme de rachat d'actions.","og_url":"https:\/\/www.retaildetail.be\/fr\/news\/mode\/le-groupe-frasers-continue-de-viser-une-participation-majoritaire-dans-hugo-boss\/","og_site_name":"RetailDetail BE","article_published_time":"2026-09-01T10:27:02+00:00","article_modified_time":"2026-09-01T10:27:05+00:00","og_image":[{"width":1000,"height":672,"url":"https:\/\/www.retaildetail.be\/wp-content\/uploads\/2026\/09\/Hugo-Boss_2.jpg","type":"image\/jpeg"}],"author":"Jorg Snoeck","twitter_card":"summary_large_image","twitter_misc":{"\u00c9crit par":"Jorg Snoeck","Dur\u00e9e de lecture estim\u00e9e":"1 minute"},"schema":{"@context":"https:\/\/schema.org","@graph":[{"@type":"NewsArticle","@id":"https:\/\/www.retaildetail.be\/fr\/news\/mode\/le-groupe-frasers-continue-de-viser-une-participation-majoritaire-dans-hugo-boss\/#article","isPartOf":{"@id":"https:\/\/www.retaildetail.be\/fr\/news\/mode\/le-groupe-frasers-continue-de-viser-une-participation-majoritaire-dans-hugo-boss\/"},"author":{"name":"Jorg Snoeck","@id":"https:\/\/www.retaildetail.be\/nl\/#\/schema\/person\/71d9b89376db00e9b1aa8a2841e71a72"},"headline":"Frasers Group continue de viser une participation majoritaire dans Hugo Boss","datePublished":"2026-09-01T10:27:02+00:00","dateModified":"2026-09-01T10:27:05+00:00","mainEntityOfPage":{"@id":"https:\/\/www.retaildetail.be\/fr\/news\/mode\/le-groupe-frasers-continue-de-viser-une-participation-majoritaire-dans-hugo-boss\/"},"wordCount":210,"publisher":{"@id":"https:\/\/www.retaildetail.be\/nl\/#organization"},"image":{"@id":"https:\/\/www.retaildetail.be\/fr\/news\/mode\/le-groupe-frasers-continue-de-viser-une-participation-majoritaire-dans-hugo-boss\/#primaryimage"},"thumbnailUrl":"https:\/\/www.retaildetail.be\/wp-content\/uploads\/2026\/09\/Hugo-Boss_2.jpg","articleSection":["Mode","Mode"],"inLanguage":"fr-FR","copyrightYear":"2026","copyrightHolder":{"@id":"https:\/\/www.retaildetail.be\/#organization"}},{"@type":"WebPage","@id":"https:\/\/www.retaildetail.be\/fr\/news\/mode\/le-groupe-frasers-continue-de-viser-une-participation-majoritaire-dans-hugo-boss\/","url":"https:\/\/www.retaildetail.be\/fr\/news\/mode\/le-groupe-frasers-continue-de-viser-une-participation-majoritaire-dans-hugo-boss\/","name":"Frasers Group continue de viser une participation majoritaire dans Hugo Boss - RetailDetail BE","isPartOf":{"@id":"https:\/\/www.retaildetail.be\/nl\/#website"},"primaryImageOfPage":{"@id":"https:\/\/www.retaildetail.be\/fr\/news\/mode\/le-groupe-frasers-continue-de-viser-une-participation-majoritaire-dans-hugo-boss\/#primaryimage"},"image":{"@id":"https:\/\/www.retaildetail.be\/fr\/news\/mode\/le-groupe-frasers-continue-de-viser-une-participation-majoritaire-dans-hugo-boss\/#primaryimage"},"thumbnailUrl":"https:\/\/www.retaildetail.be\/wp-content\/uploads\/2026\/09\/Hugo-Boss_2.jpg","datePublished":"2026-09-01T10:27:02+00:00","dateModified":"2026-09-01T10:27:05+00:00","description":"Frasers Group continue de viser une participation de plus de 50 % dans Hugo Boss, mais se heurte \u00e0 un rival de taille, puisque la marque de mode allemande a entre-temps elle-m\u00eame lanc\u00e9 un programme de rachat d'actions.","breadcrumb":{"@id":"https:\/\/www.retaildetail.be\/fr\/news\/mode\/le-groupe-frasers-continue-de-viser-une-participation-majoritaire-dans-hugo-boss\/#breadcrumb"},"inLanguage":"fr-FR","potentialAction":[{"@type":"ReadAction","target":["https:\/\/www.retaildetail.be\/fr\/news\/mode\/le-groupe-frasers-continue-de-viser-une-participation-majoritaire-dans-hugo-boss\/"]}]},{"@type":"ImageObject","inLanguage":"fr-FR","@id":"https:\/\/www.retaildetail.be\/fr\/news\/mode\/le-groupe-frasers-continue-de-viser-une-participation-majoritaire-dans-hugo-boss\/#primaryimage","url":"https:\/\/www.retaildetail.be\/wp-content\/uploads\/2026\/09\/Hugo-Boss_2.jpg","contentUrl":"https:\/\/www.retaildetail.be\/wp-content\/uploads\/2026\/09\/Hugo-Boss_2.jpg","width":1000,"height":672,"caption":"Shutterstock.com"},{"@type":"BreadcrumbList","@id":"https:\/\/www.retaildetail.be\/fr\/news\/mode\/le-groupe-frasers-continue-de-viser-une-participation-majoritaire-dans-hugo-boss\/#breadcrumb","itemListElement":[{"@type":"ListItem","position":1,"name":"Home","item":"https:\/\/www.retaildetail.be\/fr\/"},{"@type":"ListItem","position":2,"name":"Frasers Group continue de viser une participation majoritaire dans Hugo Boss"}]},{"@type":"WebSite","@id":"https:\/\/www.retaildetail.be\/nl\/#website","url":"https:\/\/www.retaildetail.be\/nl\/","name":"RetailDetail BE","description":"News","publisher":{"@id":"https:\/\/www.retaildetail.be\/nl\/#organization"},"potentialAction":[{"@type":"SearchAction","target":{"@type":"EntryPoint","urlTemplate":"https:\/\/www.retaildetail.be\/nl\/?s={search_term_string}"},"query-input":{"@type":"PropertyValueSpecification","valueRequired":true,"valueName":"search_term_string"}}],"inLanguage":"fr-FR"},{"@type":"Organization","@id":"https:\/\/www.retaildetail.be\/nl\/#organization","name":"RetailDetail BE","url":"https:\/\/www.retaildetail.be\/nl\/","logo":{"@type":"ImageObject","inLanguage":"fr-FR","@id":"https:\/\/www.retaildetail.be\/nl\/#\/schema\/logo\/image\/","url":"https:\/\/www.retaildetail.be\/wp-content\/uploads\/2022\/04\/logo.svg","contentUrl":"https:\/\/www.retaildetail.be\/wp-content\/uploads\/2022\/04\/logo.svg","width":131,"height":70,"caption":"RetailDetail BE"},"image":{"@id":"https:\/\/www.retaildetail.be\/nl\/#\/schema\/logo\/image\/"}},{"@type":"Person","@id":"https:\/\/www.retaildetail.be\/nl\/#\/schema\/person\/71d9b89376db00e9b1aa8a2841e71a72","name":"Jorg Snoeck","image":{"@type":"ImageObject","inLanguage":"fr-FR","@id":"https:\/\/secure.gravatar.com\/avatar\/fc1bd94c7d40f2446e6bf778bb34cf9ab000168f63533cec8e072f4ad96ce7f3?s=96&d=mm&r=g","url":"https:\/\/secure.gravatar.com\/avatar\/fc1bd94c7d40f2446e6bf778bb34cf9ab000168f63533cec8e072f4ad96ce7f3?s=96&d=mm&r=g","contentUrl":"https:\/\/secure.gravatar.com\/avatar\/fc1bd94c7d40f2446e6bf778bb34cf9ab000168f63533cec8e072f4ad96ce7f3?s=96&d=mm&r=g","caption":"Jorg Snoeck"},"url":"https:\/\/www.retaildetail.be\/fr\/author\/jorgsnoeck\/"}]}},"jetpack_featured_media_url":"https:\/\/www.retaildetail.be\/wp-content\/uploads\/2026\/09\/Hugo-Boss_2.jpg","jetpack_sharing_enabled":true,"_links":{"self":[{"href":"https:\/\/www.retaildetail.be\/fr\/wp-json\/wp\/v2\/posts\/154477","targetHints":{"allow":["GET"]}}],"collection":[{"href":"https:\/\/www.retaildetail.be\/fr\/wp-json\/wp\/v2\/posts"}],"about":[{"href":"https:\/\/www.retaildetail.be\/fr\/wp-json\/wp\/v2\/types\/post"}],"author":[{"embeddable":true,"href":"https:\/\/www.retaildetail.be\/fr\/wp-json\/wp\/v2\/users\/10"}],"replies":[{"embeddable":true,"href":"https:\/\/www.retaildetail.be\/fr\/wp-json\/wp\/v2\/comments?post=154477"}],"version-history":[{"count":1,"href":"https:\/\/www.retaildetail.be\/fr\/wp-json\/wp\/v2\/posts\/154477\/revisions"}],"predecessor-version":[{"id":154480,"href":"https:\/\/www.retaildetail.be\/fr\/wp-json\/wp\/v2\/posts\/154477\/revisions\/154480"}],"wp:featuredmedia":[{"embeddable":true,"href":"https:\/\/www.retaildetail.be\/fr\/wp-json\/wp\/v2\/media\/154478"}],"wp:attachment":[{"href":"https:\/\/www.retaildetail.be\/fr\/wp-json\/wp\/v2\/media?parent=154477"}],"wp:term":[{"taxonomy":"category","embeddable":true,"href":"https:\/\/www.retaildetail.be\/fr\/wp-json\/wp\/v2\/categories?post=154477"},{"taxonomy":"post_tag","embeddable":true,"href":"https:\/\/www.retaildetail.be\/fr\/wp-json\/wp\/v2\/tags?post=154477"},{"taxonomy":"people","embeddable":true,"href":"https:\/\/www.retaildetail.be\/fr\/wp-json\/wp\/v2\/people?post=154477"},{"taxonomy":"extra","embeddable":true,"href":"https:\/\/www.retaildetail.be\/fr\/wp-json\/wp\/v2\/extra?post=154477"},{"taxonomy":"company","embeddable":true,"href":"https:\/\/www.retaildetail.be\/fr\/wp-json\/wp\/v2\/company?post=154477"},{"taxonomy":"topic","embeddable":true,"href":"https:\/\/www.retaildetail.be\/fr\/wp-json\/wp\/v2\/topic?post=154477"},{"taxonomy":"region","embeddable":true,"href":"https:\/\/www.retaildetail.be\/fr\/wp-json\/wp\/v2\/region?post=154477"}],"curies":[{"name":"wp","href":"https:\/\/api.w.org\/{rel}","templated":true}]}}