{"id":154493,"date":"2026-09-01T15:46:53","date_gmt":"2026-09-01T13:46:53","guid":{"rendered":"https:\/\/www.retaildetail.be\/?p=154493"},"modified":"2026-09-01T15:46:55","modified_gmt":"2026-09-01T13:46:55","slug":"la-plus-grande-chaine-de-boulangeries-flamande-serait-a-vendre","status":"publish","type":"post","link":"https:\/\/www.retaildetail.be\/fr\/news\/food\/la-plus-grande-chaine-de-boulangeries-flamande-serait-a-vendre\/","title":{"rendered":"La plus grande cha\u00eene de boulangeries flamande serait \u00e0 vendre"},"content":{"rendered":"\n<p class=\"wp-block-paragraph\">Les investisseurs \u00e0 la t\u00eate de <strong>Bakkerij Aernoudt<\/strong>, la plus grande cha\u00eene de boulangeries artisanales de Flandre avec pr\u00e8s de 50 points de vente, sont \u00e0 la recherche d&rsquo;un repreneur pour l&rsquo;entreprise, rapporte De Tijd.<\/p>\n\n\n\n<h2 class=\"wp-block-heading\">Une croissance gr\u00e2ce aux acquisitions<\/h2>\n\n\n\n<p class=\"wp-block-paragraph\">Selon le journal \u00e9conomique, les fonds d\u2019investissement Vectis et Finco, qui d\u00e9tiennent ensemble 70 % des actions de la cha\u00eene de boulangeries, ont fait appel \u00e0 la soci\u00e9t\u00e9 de fusions-acquisitions Kumulus <a href=\"https:\/\/www.tijd.be\/ondernemen\/voeding-drank\/grootste-bakker-van-vlaanderen-aernoudt-in-de-etalage\/10684112.html\">pour trouver un nouveau partenaire financier<\/a>. Les actions restantes sont d\u00e9tenues par l\u2019entrepreneur Luc De Corte, qui a rachet\u00e9 l\u2019entreprise en 1993, et par la PDG Carolien De Sutter, qui a rejoint l\u2019\u00e9quipe en 1998.<\/p>\n\n\n\n<p class=\"wp-block-paragraph\">La boulangerie Aernoudt a connu une forte croissance gr\u00e2ce \u00e0 des acquisitions, \u00e0 une \u00e9poque o\u00f9 de nombreux boulangers ind\u00e9pendants mettaient fin \u00e0 leur activit\u00e9 faute de successeur et de personnel, et en raison de la concurrence croissante des supermarch\u00e9s. L\u2019entreprise r\u00e9alise aujourd\u2019hui un chiffre d\u2019affaires d\u2019environ 50 millions d\u2019euros et emploie quelque 400 salari\u00e9s permanents. Les produits sont fabriqu\u00e9s dans deux ateliers situ\u00e9s \u00e0 Gentbrugge et \u00e0 Ruddervoorde. L\u2019intelligence artificielle pr\u00e9voit chaque jour la quantit\u00e9 de produits dont chaque point de vente a besoin.<\/p>\n\n\n\n<p class=\"wp-block-paragraph\"><\/p>\n","protected":false},"excerpt":{"rendered":"<p>Les investisseurs \u00e0 l&rsquo;origine de Bakkerij Aernoudt, la plus grande cha\u00eene de boulangeries artisanales de Flandre avec pr\u00e8s de 50 points de vente, sont \u00e0 la recherche d&rsquo;un repreneur pour l&rsquo;entreprise, rapporte De Tijd. <\/p>\n","protected":false},"author":3,"featured_media":154494,"comment_status":"closed","ping_status":"closed","sticky":false,"template":"","format":"standard","meta":{"_acf_changed":false,"inline_featured_image":false,"_jetpack_newsletter_access":"","_jetpack_dont_email_post_to_subs":false,"_jetpack_newsletter_tier_id":0,"_jetpack_memberships_contains_paywalled_content":false,"_jetpack_memberships_contains_paid_content":false,"footnotes":""},"categories":[18,24],"tags":[],"people":[],"extra":[],"company":[2108],"topic":[282],"region":[226],"class_list":["post-154493","post","type-post","status-publish","format-standard","has-post-thumbnail","hentry","category-food","company-bakkerij-aernoudt","topic-acquisition","region-belgique"],"acf":[],"yoast_head":"<!-- This site is optimized with the Yoast SEO plugin v28.1 - https:\/\/yoast.com\/product\/yoast-seo-wordpress\/ -->\n<title>La plus grande cha\u00eene de boulangeries flamande serait \u00e0 vendre - RetailDetail BE<\/title>\n<meta name=\"description\" content=\"Les investisseurs \u00e0 la t\u00eate de Bakkerij Aernoudt, la plus grande cha\u00eene de boulangeries artisanales de Flandre avec pr\u00e8s de 50 points de vente, sont \u00e0 la recherche d&#039;un repreneur pour l&#039;entreprise, rapporte De Tijd.\" \/>\n<meta name=\"robots\" content=\"index, follow, max-snippet:-1, max-image-preview:large, max-video-preview:-1\" \/>\n<link rel=\"canonical\" href=\"https:\/\/www.retaildetail.be\/fr\/news\/food\/la-plus-grande-chaine-de-boulangeries-flamande-serait-a-vendre\/\" \/>\n<meta property=\"og:locale\" content=\"fr_FR\" \/>\n<meta property=\"og:type\" content=\"article\" \/>\n<meta property=\"og:title\" content=\"La plus grande cha\u00eene de boulangeries flamande serait \u00e0 vendre - RetailDetail BE\" \/>\n<meta property=\"og:description\" content=\"Les investisseurs \u00e0 la t\u00eate de Bakkerij Aernoudt, la plus grande cha\u00eene de boulangeries artisanales de Flandre avec pr\u00e8s de 50 points de vente, sont \u00e0 la recherche d&#039;un repreneur pour l&#039;entreprise, rapporte De Tijd.\" \/>\n<meta property=\"og:url\" content=\"https:\/\/www.retaildetail.be\/fr\/news\/food\/la-plus-grande-chaine-de-boulangeries-flamande-serait-a-vendre\/\" \/>\n<meta property=\"og:site_name\" content=\"RetailDetail BE\" \/>\n<meta property=\"article:published_time\" content=\"2026-09-01T13:46:53+00:00\" \/>\n<meta property=\"article:modified_time\" content=\"2026-09-01T13:46:55+00:00\" \/>\n<meta property=\"og:image\" content=\"https:\/\/www.retaildetail.be\/wp-content\/uploads\/2026\/09\/shutterstock_1270016116-1.jpg\" \/>\n\t<meta property=\"og:image:width\" content=\"1000\" \/>\n\t<meta property=\"og:image:height\" content=\"667\" \/>\n\t<meta property=\"og:image:type\" content=\"image\/jpeg\" \/>\n<meta name=\"author\" content=\"Stefan Van Rompaey\" \/>\n<meta name=\"twitter:card\" content=\"summary_large_image\" \/>\n<meta name=\"twitter:label1\" content=\"\u00c9crit par\" \/>\n\t<meta name=\"twitter:data1\" content=\"Stefan Van Rompaey\" \/>\n\t<meta name=\"twitter:label2\" content=\"Dur\u00e9e de lecture estim\u00e9e\" \/>\n\t<meta name=\"twitter:data2\" content=\"1 minute\" \/>\n<script type=\"application\/ld+json\" class=\"yoast-schema-graph\">{\"@context\":\"https:\\\/\\\/schema.org\",\"@graph\":[{\"@type\":\"NewsArticle\",\"@id\":\"https:\\\/\\\/www.retaildetail.be\\\/fr\\\/news\\\/food\\\/la-plus-grande-chaine-de-boulangeries-flamande-serait-a-vendre\\\/#article\",\"isPartOf\":{\"@id\":\"https:\\\/\\\/www.retaildetail.be\\\/fr\\\/news\\\/food\\\/la-plus-grande-chaine-de-boulangeries-flamande-serait-a-vendre\\\/\"},\"author\":{\"name\":\"Stefan Van Rompaey\",\"@id\":\"https:\\\/\\\/www.retaildetail.be\\\/nl\\\/#\\\/schema\\\/person\\\/51aec6069c4416aa2f68b2e4ff3455df\"},\"headline\":\"La plus grande cha\u00eene de boulangeries flamande serait \u00e0 vendre\",\"datePublished\":\"2026-09-01T13:46:53+00:00\",\"dateModified\":\"2026-09-01T13:46:55+00:00\",\"mainEntityOfPage\":{\"@id\":\"https:\\\/\\\/www.retaildetail.be\\\/fr\\\/news\\\/food\\\/la-plus-grande-chaine-de-boulangeries-flamande-serait-a-vendre\\\/\"},\"wordCount\":214,\"publisher\":{\"@id\":\"https:\\\/\\\/www.retaildetail.be\\\/nl\\\/#organization\"},\"image\":{\"@id\":\"https:\\\/\\\/www.retaildetail.be\\\/fr\\\/news\\\/food\\\/la-plus-grande-chaine-de-boulangeries-flamande-serait-a-vendre\\\/#primaryimage\"},\"thumbnailUrl\":\"https:\\\/\\\/www.retaildetail.be\\\/wp-content\\\/uploads\\\/2026\\\/09\\\/shutterstock_1270016116-1.jpg\",\"articleSection\":[\"Food\",\"Food\"],\"inLanguage\":\"fr-FR\",\"copyrightYear\":\"2026\",\"copyrightHolder\":{\"@id\":\"https:\\\/\\\/www.retaildetail.be\\\/#organization\"}},{\"@type\":\"WebPage\",\"@id\":\"https:\\\/\\\/www.retaildetail.be\\\/fr\\\/news\\\/food\\\/la-plus-grande-chaine-de-boulangeries-flamande-serait-a-vendre\\\/\",\"url\":\"https:\\\/\\\/www.retaildetail.be\\\/fr\\\/news\\\/food\\\/la-plus-grande-chaine-de-boulangeries-flamande-serait-a-vendre\\\/\",\"name\":\"La plus grande cha\u00eene de boulangeries flamande serait \u00e0 vendre - RetailDetail BE\",\"isPartOf\":{\"@id\":\"https:\\\/\\\/www.retaildetail.be\\\/nl\\\/#website\"},\"primaryImageOfPage\":{\"@id\":\"https:\\\/\\\/www.retaildetail.be\\\/fr\\\/news\\\/food\\\/la-plus-grande-chaine-de-boulangeries-flamande-serait-a-vendre\\\/#primaryimage\"},\"image\":{\"@id\":\"https:\\\/\\\/www.retaildetail.be\\\/fr\\\/news\\\/food\\\/la-plus-grande-chaine-de-boulangeries-flamande-serait-a-vendre\\\/#primaryimage\"},\"thumbnailUrl\":\"https:\\\/\\\/www.retaildetail.be\\\/wp-content\\\/uploads\\\/2026\\\/09\\\/shutterstock_1270016116-1.jpg\",\"datePublished\":\"2026-09-01T13:46:53+00:00\",\"dateModified\":\"2026-09-01T13:46:55+00:00\",\"description\":\"Les investisseurs \u00e0 la t\u00eate de Bakkerij Aernoudt, la plus grande cha\u00eene de boulangeries artisanales de Flandre avec pr\u00e8s de 50 points de vente, sont \u00e0 la recherche d'un repreneur pour l'entreprise, rapporte De Tijd.\",\"breadcrumb\":{\"@id\":\"https:\\\/\\\/www.retaildetail.be\\\/fr\\\/news\\\/food\\\/la-plus-grande-chaine-de-boulangeries-flamande-serait-a-vendre\\\/#breadcrumb\"},\"inLanguage\":\"fr-FR\",\"potentialAction\":[{\"@type\":\"ReadAction\",\"target\":[\"https:\\\/\\\/www.retaildetail.be\\\/fr\\\/news\\\/food\\\/la-plus-grande-chaine-de-boulangeries-flamande-serait-a-vendre\\\/\"]}]},{\"@type\":\"ImageObject\",\"inLanguage\":\"fr-FR\",\"@id\":\"https:\\\/\\\/www.retaildetail.be\\\/fr\\\/news\\\/food\\\/la-plus-grande-chaine-de-boulangeries-flamande-serait-a-vendre\\\/#primaryimage\",\"url\":\"https:\\\/\\\/www.retaildetail.be\\\/wp-content\\\/uploads\\\/2026\\\/09\\\/shutterstock_1270016116-1.jpg\",\"contentUrl\":\"https:\\\/\\\/www.retaildetail.be\\\/wp-content\\\/uploads\\\/2026\\\/09\\\/shutterstock_1270016116-1.jpg\",\"width\":1000,\"height\":667,\"caption\":\"Shutterstock.com\"},{\"@type\":\"BreadcrumbList\",\"@id\":\"https:\\\/\\\/www.retaildetail.be\\\/fr\\\/news\\\/food\\\/la-plus-grande-chaine-de-boulangeries-flamande-serait-a-vendre\\\/#breadcrumb\",\"itemListElement\":[{\"@type\":\"ListItem\",\"position\":1,\"name\":\"Home\",\"item\":\"https:\\\/\\\/www.retaildetail.be\\\/fr\\\/\"},{\"@type\":\"ListItem\",\"position\":2,\"name\":\"La plus grande cha\u00eene de boulangeries flamande serait \u00e0 vendre\"}]},{\"@type\":\"WebSite\",\"@id\":\"https:\\\/\\\/www.retaildetail.be\\\/nl\\\/#website\",\"url\":\"https:\\\/\\\/www.retaildetail.be\\\/nl\\\/\",\"name\":\"RetailDetail BE\",\"description\":\"News\",\"publisher\":{\"@id\":\"https:\\\/\\\/www.retaildetail.be\\\/nl\\\/#organization\"},\"potentialAction\":[{\"@type\":\"SearchAction\",\"target\":{\"@type\":\"EntryPoint\",\"urlTemplate\":\"https:\\\/\\\/www.retaildetail.be\\\/nl\\\/?s={search_term_string}\"},\"query-input\":{\"@type\":\"PropertyValueSpecification\",\"valueRequired\":true,\"valueName\":\"search_term_string\"}}],\"inLanguage\":\"fr-FR\"},{\"@type\":\"Organization\",\"@id\":\"https:\\\/\\\/www.retaildetail.be\\\/nl\\\/#organization\",\"name\":\"RetailDetail BE\",\"url\":\"https:\\\/\\\/www.retaildetail.be\\\/nl\\\/\",\"logo\":{\"@type\":\"ImageObject\",\"inLanguage\":\"fr-FR\",\"@id\":\"https:\\\/\\\/www.retaildetail.be\\\/nl\\\/#\\\/schema\\\/logo\\\/image\\\/\",\"url\":\"https:\\\/\\\/www.retaildetail.be\\\/wp-content\\\/uploads\\\/2022\\\/04\\\/logo.svg\",\"contentUrl\":\"https:\\\/\\\/www.retaildetail.be\\\/wp-content\\\/uploads\\\/2022\\\/04\\\/logo.svg\",\"width\":131,\"height\":70,\"caption\":\"RetailDetail BE\"},\"image\":{\"@id\":\"https:\\\/\\\/www.retaildetail.be\\\/nl\\\/#\\\/schema\\\/logo\\\/image\\\/\"}},{\"@type\":\"Person\",\"@id\":\"https:\\\/\\\/www.retaildetail.be\\\/nl\\\/#\\\/schema\\\/person\\\/51aec6069c4416aa2f68b2e4ff3455df\",\"name\":\"Stefan Van Rompaey\",\"image\":{\"@type\":\"ImageObject\",\"inLanguage\":\"fr-FR\",\"@id\":\"https:\\\/\\\/secure.gravatar.com\\\/avatar\\\/fbbb4a80a0f109888b2a5ab8ae255617499ecde533749b3ab2fa6c23b5d65dac?s=96&d=mm&r=g\",\"url\":\"https:\\\/\\\/secure.gravatar.com\\\/avatar\\\/fbbb4a80a0f109888b2a5ab8ae255617499ecde533749b3ab2fa6c23b5d65dac?s=96&d=mm&r=g\",\"contentUrl\":\"https:\\\/\\\/secure.gravatar.com\\\/avatar\\\/fbbb4a80a0f109888b2a5ab8ae255617499ecde533749b3ab2fa6c23b5d65dac?s=96&d=mm&r=g\",\"caption\":\"Stefan Van Rompaey\"},\"url\":\"https:\\\/\\\/www.retaildetail.be\\\/fr\\\/author\\\/stefanvanrompaey\\\/\"}]}<\/script>\n<!-- \/ Yoast SEO plugin. -->","yoast_head_json":{"title":"La plus grande cha\u00eene de boulangeries flamande serait \u00e0 vendre - RetailDetail BE","description":"Les investisseurs \u00e0 la t\u00eate de Bakkerij Aernoudt, la plus grande cha\u00eene de boulangeries artisanales de Flandre avec pr\u00e8s de 50 points de vente, sont \u00e0 la recherche d'un repreneur pour l'entreprise, rapporte De Tijd.","robots":{"index":"index","follow":"follow","max-snippet":"max-snippet:-1","max-image-preview":"max-image-preview:large","max-video-preview":"max-video-preview:-1"},"canonical":"https:\/\/www.retaildetail.be\/fr\/news\/food\/la-plus-grande-chaine-de-boulangeries-flamande-serait-a-vendre\/","og_locale":"fr_FR","og_type":"article","og_title":"La plus grande cha\u00eene de boulangeries flamande serait \u00e0 vendre - RetailDetail BE","og_description":"Les investisseurs \u00e0 la t\u00eate de Bakkerij Aernoudt, la plus grande cha\u00eene de boulangeries artisanales de Flandre avec pr\u00e8s de 50 points de vente, sont \u00e0 la recherche d'un repreneur pour l'entreprise, rapporte De Tijd.","og_url":"https:\/\/www.retaildetail.be\/fr\/news\/food\/la-plus-grande-chaine-de-boulangeries-flamande-serait-a-vendre\/","og_site_name":"RetailDetail BE","article_published_time":"2026-09-01T13:46:53+00:00","article_modified_time":"2026-09-01T13:46:55+00:00","og_image":[{"width":1000,"height":667,"url":"https:\/\/www.retaildetail.be\/wp-content\/uploads\/2026\/09\/shutterstock_1270016116-1.jpg","type":"image\/jpeg"}],"author":"Stefan Van Rompaey","twitter_card":"summary_large_image","twitter_misc":{"\u00c9crit par":"Stefan Van Rompaey","Dur\u00e9e de lecture estim\u00e9e":"1 minute"},"schema":{"@context":"https:\/\/schema.org","@graph":[{"@type":"NewsArticle","@id":"https:\/\/www.retaildetail.be\/fr\/news\/food\/la-plus-grande-chaine-de-boulangeries-flamande-serait-a-vendre\/#article","isPartOf":{"@id":"https:\/\/www.retaildetail.be\/fr\/news\/food\/la-plus-grande-chaine-de-boulangeries-flamande-serait-a-vendre\/"},"author":{"name":"Stefan Van Rompaey","@id":"https:\/\/www.retaildetail.be\/nl\/#\/schema\/person\/51aec6069c4416aa2f68b2e4ff3455df"},"headline":"La plus grande cha\u00eene de boulangeries flamande serait \u00e0 vendre","datePublished":"2026-09-01T13:46:53+00:00","dateModified":"2026-09-01T13:46:55+00:00","mainEntityOfPage":{"@id":"https:\/\/www.retaildetail.be\/fr\/news\/food\/la-plus-grande-chaine-de-boulangeries-flamande-serait-a-vendre\/"},"wordCount":214,"publisher":{"@id":"https:\/\/www.retaildetail.be\/nl\/#organization"},"image":{"@id":"https:\/\/www.retaildetail.be\/fr\/news\/food\/la-plus-grande-chaine-de-boulangeries-flamande-serait-a-vendre\/#primaryimage"},"thumbnailUrl":"https:\/\/www.retaildetail.be\/wp-content\/uploads\/2026\/09\/shutterstock_1270016116-1.jpg","articleSection":["Food","Food"],"inLanguage":"fr-FR","copyrightYear":"2026","copyrightHolder":{"@id":"https:\/\/www.retaildetail.be\/#organization"}},{"@type":"WebPage","@id":"https:\/\/www.retaildetail.be\/fr\/news\/food\/la-plus-grande-chaine-de-boulangeries-flamande-serait-a-vendre\/","url":"https:\/\/www.retaildetail.be\/fr\/news\/food\/la-plus-grande-chaine-de-boulangeries-flamande-serait-a-vendre\/","name":"La plus grande cha\u00eene de boulangeries flamande serait \u00e0 vendre - RetailDetail BE","isPartOf":{"@id":"https:\/\/www.retaildetail.be\/nl\/#website"},"primaryImageOfPage":{"@id":"https:\/\/www.retaildetail.be\/fr\/news\/food\/la-plus-grande-chaine-de-boulangeries-flamande-serait-a-vendre\/#primaryimage"},"image":{"@id":"https:\/\/www.retaildetail.be\/fr\/news\/food\/la-plus-grande-chaine-de-boulangeries-flamande-serait-a-vendre\/#primaryimage"},"thumbnailUrl":"https:\/\/www.retaildetail.be\/wp-content\/uploads\/2026\/09\/shutterstock_1270016116-1.jpg","datePublished":"2026-09-01T13:46:53+00:00","dateModified":"2026-09-01T13:46:55+00:00","description":"Les investisseurs \u00e0 la t\u00eate de Bakkerij Aernoudt, la plus grande cha\u00eene de boulangeries artisanales de Flandre avec pr\u00e8s de 50 points de vente, sont \u00e0 la recherche d'un repreneur pour l'entreprise, rapporte De Tijd.","breadcrumb":{"@id":"https:\/\/www.retaildetail.be\/fr\/news\/food\/la-plus-grande-chaine-de-boulangeries-flamande-serait-a-vendre\/#breadcrumb"},"inLanguage":"fr-FR","potentialAction":[{"@type":"ReadAction","target":["https:\/\/www.retaildetail.be\/fr\/news\/food\/la-plus-grande-chaine-de-boulangeries-flamande-serait-a-vendre\/"]}]},{"@type":"ImageObject","inLanguage":"fr-FR","@id":"https:\/\/www.retaildetail.be\/fr\/news\/food\/la-plus-grande-chaine-de-boulangeries-flamande-serait-a-vendre\/#primaryimage","url":"https:\/\/www.retaildetail.be\/wp-content\/uploads\/2026\/09\/shutterstock_1270016116-1.jpg","contentUrl":"https:\/\/www.retaildetail.be\/wp-content\/uploads\/2026\/09\/shutterstock_1270016116-1.jpg","width":1000,"height":667,"caption":"Shutterstock.com"},{"@type":"BreadcrumbList","@id":"https:\/\/www.retaildetail.be\/fr\/news\/food\/la-plus-grande-chaine-de-boulangeries-flamande-serait-a-vendre\/#breadcrumb","itemListElement":[{"@type":"ListItem","position":1,"name":"Home","item":"https:\/\/www.retaildetail.be\/fr\/"},{"@type":"ListItem","position":2,"name":"La plus grande cha\u00eene de boulangeries flamande serait \u00e0 vendre"}]},{"@type":"WebSite","@id":"https:\/\/www.retaildetail.be\/nl\/#website","url":"https:\/\/www.retaildetail.be\/nl\/","name":"RetailDetail BE","description":"News","publisher":{"@id":"https:\/\/www.retaildetail.be\/nl\/#organization"},"potentialAction":[{"@type":"SearchAction","target":{"@type":"EntryPoint","urlTemplate":"https:\/\/www.retaildetail.be\/nl\/?s={search_term_string}"},"query-input":{"@type":"PropertyValueSpecification","valueRequired":true,"valueName":"search_term_string"}}],"inLanguage":"fr-FR"},{"@type":"Organization","@id":"https:\/\/www.retaildetail.be\/nl\/#organization","name":"RetailDetail BE","url":"https:\/\/www.retaildetail.be\/nl\/","logo":{"@type":"ImageObject","inLanguage":"fr-FR","@id":"https:\/\/www.retaildetail.be\/nl\/#\/schema\/logo\/image\/","url":"https:\/\/www.retaildetail.be\/wp-content\/uploads\/2022\/04\/logo.svg","contentUrl":"https:\/\/www.retaildetail.be\/wp-content\/uploads\/2022\/04\/logo.svg","width":131,"height":70,"caption":"RetailDetail BE"},"image":{"@id":"https:\/\/www.retaildetail.be\/nl\/#\/schema\/logo\/image\/"}},{"@type":"Person","@id":"https:\/\/www.retaildetail.be\/nl\/#\/schema\/person\/51aec6069c4416aa2f68b2e4ff3455df","name":"Stefan Van Rompaey","image":{"@type":"ImageObject","inLanguage":"fr-FR","@id":"https:\/\/secure.gravatar.com\/avatar\/fbbb4a80a0f109888b2a5ab8ae255617499ecde533749b3ab2fa6c23b5d65dac?s=96&d=mm&r=g","url":"https:\/\/secure.gravatar.com\/avatar\/fbbb4a80a0f109888b2a5ab8ae255617499ecde533749b3ab2fa6c23b5d65dac?s=96&d=mm&r=g","contentUrl":"https:\/\/secure.gravatar.com\/avatar\/fbbb4a80a0f109888b2a5ab8ae255617499ecde533749b3ab2fa6c23b5d65dac?s=96&d=mm&r=g","caption":"Stefan Van Rompaey"},"url":"https:\/\/www.retaildetail.be\/fr\/author\/stefanvanrompaey\/"}]}},"jetpack_featured_media_url":"https:\/\/www.retaildetail.be\/wp-content\/uploads\/2026\/09\/shutterstock_1270016116-1.jpg","jetpack_sharing_enabled":true,"_links":{"self":[{"href":"https:\/\/www.retaildetail.be\/fr\/wp-json\/wp\/v2\/posts\/154493","targetHints":{"allow":["GET"]}}],"collection":[{"href":"https:\/\/www.retaildetail.be\/fr\/wp-json\/wp\/v2\/posts"}],"about":[{"href":"https:\/\/www.retaildetail.be\/fr\/wp-json\/wp\/v2\/types\/post"}],"author":[{"embeddable":true,"href":"https:\/\/www.retaildetail.be\/fr\/wp-json\/wp\/v2\/users\/3"}],"replies":[{"embeddable":true,"href":"https:\/\/www.retaildetail.be\/fr\/wp-json\/wp\/v2\/comments?post=154493"}],"version-history":[{"count":1,"href":"https:\/\/www.retaildetail.be\/fr\/wp-json\/wp\/v2\/posts\/154493\/revisions"}],"predecessor-version":[{"id":154495,"href":"https:\/\/www.retaildetail.be\/fr\/wp-json\/wp\/v2\/posts\/154493\/revisions\/154495"}],"wp:featuredmedia":[{"embeddable":true,"href":"https:\/\/www.retaildetail.be\/fr\/wp-json\/wp\/v2\/media\/154494"}],"wp:attachment":[{"href":"https:\/\/www.retaildetail.be\/fr\/wp-json\/wp\/v2\/media?parent=154493"}],"wp:term":[{"taxonomy":"category","embeddable":true,"href":"https:\/\/www.retaildetail.be\/fr\/wp-json\/wp\/v2\/categories?post=154493"},{"taxonomy":"post_tag","embeddable":true,"href":"https:\/\/www.retaildetail.be\/fr\/wp-json\/wp\/v2\/tags?post=154493"},{"taxonomy":"people","embeddable":true,"href":"https:\/\/www.retaildetail.be\/fr\/wp-json\/wp\/v2\/people?post=154493"},{"taxonomy":"extra","embeddable":true,"href":"https:\/\/www.retaildetail.be\/fr\/wp-json\/wp\/v2\/extra?post=154493"},{"taxonomy":"company","embeddable":true,"href":"https:\/\/www.retaildetail.be\/fr\/wp-json\/wp\/v2\/company?post=154493"},{"taxonomy":"topic","embeddable":true,"href":"https:\/\/www.retaildetail.be\/fr\/wp-json\/wp\/v2\/topic?post=154493"},{"taxonomy":"region","embeddable":true,"href":"https:\/\/www.retaildetail.be\/fr\/wp-json\/wp\/v2\/region?post=154493"}],"curies":[{"name":"wp","href":"https:\/\/api.w.org\/{rel}","templated":true}]}}