{"id":154499,"date":"2026-09-01T16:02:12","date_gmt":"2026-09-01T14:02:12","guid":{"rendered":"https:\/\/www.retaildetail.be\/?p=154499"},"modified":"2026-09-01T16:02:13","modified_gmt":"2026-09-01T14:02:13","slug":"lespagne-est-un-moteur-de-croissance-remarquable-pour-shein","status":"publish","type":"post","link":"https:\/\/www.retaildetail.be\/fr\/news\/mode\/lespagne-est-un-moteur-de-croissance-remarquable-pour-shein\/","title":{"rendered":"L&rsquo;Espagne est un moteur de croissance remarquable pour Shein"},"content":{"rendered":"\n<p class=\"wp-block-paragraph\">Alors que la croissance de <strong>Shein <\/strong>marque le pas \u00e0 l&rsquo;\u00e9chelle mondiale et que son introduction en bourse ne s&rsquo;av\u00e8re pas \u00eatre un succ\u00e8s retentissant, la boutique en ligne chinoise conna\u00eet en revanche un franc succ\u00e8s en Espagne, o\u00f9 de plus en plus de vendeurs locaux rejoignent la plateforme.<\/p>\n\n\n\n<h2 class=\"wp-block-heading\">Des consommateurs sensibles au prix<\/h2>\n\n\n\n<p class=\"wp-block-paragraph\">Avec une hausse de son chiffre d&rsquo;affaires atteignant 80 % pour atteindre 4,6 milliards d&rsquo;euros, l&rsquo;Espagne s&rsquo;est r\u00e9v\u00e9l\u00e9e l&rsquo;ann\u00e9e derni\u00e8re un moteur de croissance important pour la plateforme de commerce \u00e9lectronique chinoise Shein, qui a cl\u00f4tur\u00e9 l&rsquo;exercice 2025 \u00e0 l&rsquo;\u00e9chelle mondiale avec une croissance modeste de 8 %, pour un chiffre d&rsquo;affaires \u00e9quivalent \u00e0 environ 36 milliards d&rsquo;euros. C&rsquo;est ce qui ressort des chiffres publi\u00e9s par le site web Ecommerce-News. La plateforme compte d\u00e9sormais <a href=\"https:\/\/ecommerce-news.es\/shein-se-dispara-en-espana\/\">plus de 1 000 partenaires commerciaux espagnols<\/a>, qui peuvent utiliser l\u2019infrastructure de Shein pour toucher \u00e9galement les consommateurs d\u2019autres march\u00e9s internationaux.<\/p>\n\n\n\n<p class=\"wp-block-paragraph\">L\u2019une des cl\u00e9s de cette croissance remarquable r\u00e9side dans la forte sensibilit\u00e9 au prix des consommateurs espagnols. Gr\u00e2ce \u00e0 des prix bas, une offre en constante \u00e9volution, des promotions personnalis\u00e9es et une forte pr\u00e9sence sur les r\u00e9seaux sociaux, Shein parvient \u00e0 attirer notamment les jeunes consommateurs. De plus, la plateforme de l\u2019entreprise couvre de plus en plus de cat\u00e9gories, telles que les articles pour la maison, les produits de beaut\u00e9, les soins personnels et le lifestyle, ce qui entra\u00eene une augmentation du panier moyen. <strong>AliExpress <\/strong>et <strong>Temu<\/strong> sont \u00e9galement tr\u00e8s appr\u00e9ci\u00e9s des consommateurs espagnols.<\/p>\n\n\n\n<h2 class=\"wp-block-heading\">Pression internationale croissante<\/h2>\n\n\n\n<p class=\"wp-block-paragraph\">Ces excellentes performances en Espagne sont d\u2019autant plus remarquables que le mod\u00e8le \u00e9conomique de Shein est soumis \u00e0 une pression internationale croissante, notamment en raison des droits de douane am\u00e9ricains et de la taxe europ\u00e9enne sur les colis. De plus, l\u2019entreprise fait face \u00e0 une concurrence acharn\u00e9e de la part d\u2019acteurs tels que Temu, <strong>TikTok Shop<\/strong> et d\u2019autres places de march\u00e9 asiatiques, et elle est critiqu\u00e9e depuis des ann\u00e9es pour des abus pr\u00e9sum\u00e9s au sein de sa cha\u00eene d\u2019approvisionnement et dans ses conditions de travail.<\/p>\n\n\n\n<p class=\"wp-block-paragraph\">De ce fait, l\u2019introduction en bourse tant attendue de l\u2019entreprise s\u2019est sold\u00e9e par une d\u00e9ception. Alors que la valorisation de Shein s\u2019\u00e9levait encore \u00e0 environ 100 milliards de dollars am\u00e9ricains en 2022, elle \u00e9tait d\u00e9j\u00e0 tomb\u00e9e \u00e0 26 milliards de dollars (22,4 milliards d\u2019euros) au moment de l\u2019introduction en bourse. D\u00e8s le premier jour de cotation, <a href=\"https:\/\/www.retaildetail.be\/fr\/news\/mode\/shein-seffondre-des-son-entree-en-bourse-a-hong-kong\/\">l\u2019action a imm\u00e9diatement perdu 10 %.<\/a><\/p>\n\n\n\n<p class=\"wp-block-paragraph\"><\/p>\n","protected":false},"excerpt":{"rendered":"<p>Alors que la croissance de Shein marque le pas \u00e0 l&rsquo;\u00e9chelle mondiale et que son introduction en bourse ne s&rsquo;av\u00e8re pas \u00eatre un succ\u00e8s retentissant, la boutique en ligne chinoise conna\u00eet en revanche un franc succ\u00e8s en Espagne, o\u00f9 de plus en plus de vendeurs locaux rejoignent la plateforme.<\/p>\n","protected":false},"author":3,"featured_media":154500,"comment_status":"closed","ping_status":"closed","sticky":false,"template":"","format":"standard","meta":{"_acf_changed":false,"inline_featured_image":false,"_jetpack_newsletter_access":"","_jetpack_dont_email_post_to_subs":false,"_jetpack_newsletter_tier_id":0,"_jetpack_memberships_contains_paywalled_content":false,"_jetpack_memberships_contains_paid_content":false,"footnotes":""},"categories":[14,22],"tags":[],"people":[],"extra":[43],"company":[571],"topic":[198],"region":[580],"class_list":["post-154499","post","type-post","status-publish","format-standard","has-post-thumbnail","hentry","category-mode","extra-plus","company-shein","topic-e-commerce","region-espagne"],"acf":[],"yoast_head":"<!-- This site is optimized with the Yoast SEO plugin v28.1 - https:\/\/yoast.com\/product\/yoast-seo-wordpress\/ -->\n<title>L&#039;Espagne est un moteur de croissance remarquable pour Shein - RetailDetail BE<\/title>\n<meta name=\"description\" content=\"Alors que la croissance de Shein marque le pas \u00e0 l&#039;\u00e9chelle mondiale et que son introduction en bourse ne s&#039;av\u00e8re pas \u00eatre un succ\u00e8s retentissant, la boutique en ligne chinoise conna\u00eet en revanche un franc succ\u00e8s en Espagne, o\u00f9 de plus en plus de vendeurs locaux rejoignent la plateforme.\" \/>\n<meta name=\"robots\" content=\"index, follow, max-snippet:-1, max-image-preview:large, max-video-preview:-1\" \/>\n<link rel=\"canonical\" href=\"https:\/\/www.retaildetail.be\/fr\/news\/mode\/lespagne-est-un-moteur-de-croissance-remarquable-pour-shein\/\" \/>\n<meta property=\"og:locale\" content=\"fr_FR\" \/>\n<meta property=\"og:type\" content=\"article\" \/>\n<meta property=\"og:title\" content=\"L&#039;Espagne est un moteur de croissance remarquable pour Shein - RetailDetail BE\" \/>\n<meta property=\"og:description\" content=\"Alors que la croissance de Shein marque le pas \u00e0 l&#039;\u00e9chelle mondiale et que son introduction en bourse ne s&#039;av\u00e8re pas \u00eatre un succ\u00e8s retentissant, la boutique en ligne chinoise conna\u00eet en revanche un franc succ\u00e8s en Espagne, o\u00f9 de plus en plus de vendeurs locaux rejoignent la plateforme.\" \/>\n<meta property=\"og:url\" content=\"https:\/\/www.retaildetail.be\/fr\/news\/mode\/lespagne-est-un-moteur-de-croissance-remarquable-pour-shein\/\" \/>\n<meta property=\"og:site_name\" content=\"RetailDetail BE\" \/>\n<meta property=\"article:published_time\" content=\"2026-09-01T14:02:12+00:00\" \/>\n<meta property=\"article:modified_time\" content=\"2026-09-01T14:02:13+00:00\" \/>\n<meta property=\"og:image\" content=\"https:\/\/www.retaildetail.be\/wp-content\/uploads\/2026\/09\/shutterstock_2660595633-1.jpg\" \/>\n\t<meta property=\"og:image:width\" content=\"1000\" \/>\n\t<meta property=\"og:image:height\" content=\"666\" \/>\n\t<meta property=\"og:image:type\" content=\"image\/jpeg\" \/>\n<meta name=\"author\" content=\"Stefan Van Rompaey\" \/>\n<meta name=\"twitter:card\" content=\"summary_large_image\" \/>\n<meta name=\"twitter:label1\" content=\"\u00c9crit par\" \/>\n\t<meta name=\"twitter:data1\" content=\"Stefan Van Rompaey\" \/>\n\t<meta name=\"twitter:label2\" content=\"Dur\u00e9e de lecture estim\u00e9e\" \/>\n\t<meta name=\"twitter:data2\" content=\"2 minutes\" \/>\n<script type=\"application\/ld+json\" class=\"yoast-schema-graph\">{\"@context\":\"https:\\\/\\\/schema.org\",\"@graph\":[{\"@type\":\"NewsArticle\",\"@id\":\"https:\\\/\\\/www.retaildetail.be\\\/fr\\\/news\\\/mode\\\/lespagne-est-un-moteur-de-croissance-remarquable-pour-shein\\\/#article\",\"isPartOf\":{\"@id\":\"https:\\\/\\\/www.retaildetail.be\\\/fr\\\/news\\\/mode\\\/lespagne-est-un-moteur-de-croissance-remarquable-pour-shein\\\/\"},\"author\":{\"name\":\"Stefan Van Rompaey\",\"@id\":\"https:\\\/\\\/www.retaildetail.be\\\/nl\\\/#\\\/schema\\\/person\\\/51aec6069c4416aa2f68b2e4ff3455df\"},\"headline\":\"L&rsquo;Espagne est un moteur de croissance remarquable pour Shein\",\"datePublished\":\"2026-09-01T14:02:12+00:00\",\"dateModified\":\"2026-09-01T14:02:13+00:00\",\"mainEntityOfPage\":{\"@id\":\"https:\\\/\\\/www.retaildetail.be\\\/fr\\\/news\\\/mode\\\/lespagne-est-un-moteur-de-croissance-remarquable-pour-shein\\\/\"},\"wordCount\":447,\"publisher\":{\"@id\":\"https:\\\/\\\/www.retaildetail.be\\\/nl\\\/#organization\"},\"image\":{\"@id\":\"https:\\\/\\\/www.retaildetail.be\\\/fr\\\/news\\\/mode\\\/lespagne-est-un-moteur-de-croissance-remarquable-pour-shein\\\/#primaryimage\"},\"thumbnailUrl\":\"https:\\\/\\\/www.retaildetail.be\\\/wp-content\\\/uploads\\\/2026\\\/09\\\/shutterstock_2660595633-1.jpg\",\"articleSection\":[\"Mode\",\"Mode\"],\"inLanguage\":\"fr-FR\",\"copyrightYear\":\"2026\",\"copyrightHolder\":{\"@id\":\"https:\\\/\\\/www.retaildetail.be\\\/#organization\"}},{\"@type\":\"WebPage\",\"@id\":\"https:\\\/\\\/www.retaildetail.be\\\/fr\\\/news\\\/mode\\\/lespagne-est-un-moteur-de-croissance-remarquable-pour-shein\\\/\",\"url\":\"https:\\\/\\\/www.retaildetail.be\\\/fr\\\/news\\\/mode\\\/lespagne-est-un-moteur-de-croissance-remarquable-pour-shein\\\/\",\"name\":\"L'Espagne est un moteur de croissance remarquable pour Shein - RetailDetail BE\",\"isPartOf\":{\"@id\":\"https:\\\/\\\/www.retaildetail.be\\\/nl\\\/#website\"},\"primaryImageOfPage\":{\"@id\":\"https:\\\/\\\/www.retaildetail.be\\\/fr\\\/news\\\/mode\\\/lespagne-est-un-moteur-de-croissance-remarquable-pour-shein\\\/#primaryimage\"},\"image\":{\"@id\":\"https:\\\/\\\/www.retaildetail.be\\\/fr\\\/news\\\/mode\\\/lespagne-est-un-moteur-de-croissance-remarquable-pour-shein\\\/#primaryimage\"},\"thumbnailUrl\":\"https:\\\/\\\/www.retaildetail.be\\\/wp-content\\\/uploads\\\/2026\\\/09\\\/shutterstock_2660595633-1.jpg\",\"datePublished\":\"2026-09-01T14:02:12+00:00\",\"dateModified\":\"2026-09-01T14:02:13+00:00\",\"description\":\"Alors que la croissance de Shein marque le pas \u00e0 l'\u00e9chelle mondiale et que son introduction en bourse ne s'av\u00e8re pas \u00eatre un succ\u00e8s retentissant, la boutique en ligne chinoise conna\u00eet en revanche un franc succ\u00e8s en Espagne, o\u00f9 de plus en plus de vendeurs locaux rejoignent la plateforme.\",\"breadcrumb\":{\"@id\":\"https:\\\/\\\/www.retaildetail.be\\\/fr\\\/news\\\/mode\\\/lespagne-est-un-moteur-de-croissance-remarquable-pour-shein\\\/#breadcrumb\"},\"inLanguage\":\"fr-FR\",\"potentialAction\":[{\"@type\":\"ReadAction\",\"target\":[\"https:\\\/\\\/www.retaildetail.be\\\/fr\\\/news\\\/mode\\\/lespagne-est-un-moteur-de-croissance-remarquable-pour-shein\\\/\"]}]},{\"@type\":\"ImageObject\",\"inLanguage\":\"fr-FR\",\"@id\":\"https:\\\/\\\/www.retaildetail.be\\\/fr\\\/news\\\/mode\\\/lespagne-est-un-moteur-de-croissance-remarquable-pour-shein\\\/#primaryimage\",\"url\":\"https:\\\/\\\/www.retaildetail.be\\\/wp-content\\\/uploads\\\/2026\\\/09\\\/shutterstock_2660595633-1.jpg\",\"contentUrl\":\"https:\\\/\\\/www.retaildetail.be\\\/wp-content\\\/uploads\\\/2026\\\/09\\\/shutterstock_2660595633-1.jpg\",\"width\":1000,\"height\":666,\"caption\":\"Shutterstock.com\"},{\"@type\":\"BreadcrumbList\",\"@id\":\"https:\\\/\\\/www.retaildetail.be\\\/fr\\\/news\\\/mode\\\/lespagne-est-un-moteur-de-croissance-remarquable-pour-shein\\\/#breadcrumb\",\"itemListElement\":[{\"@type\":\"ListItem\",\"position\":1,\"name\":\"Home\",\"item\":\"https:\\\/\\\/www.retaildetail.be\\\/fr\\\/\"},{\"@type\":\"ListItem\",\"position\":2,\"name\":\"L&#8217;Espagne est un moteur de croissance remarquable pour Shein\"}]},{\"@type\":\"WebSite\",\"@id\":\"https:\\\/\\\/www.retaildetail.be\\\/nl\\\/#website\",\"url\":\"https:\\\/\\\/www.retaildetail.be\\\/nl\\\/\",\"name\":\"RetailDetail BE\",\"description\":\"News\",\"publisher\":{\"@id\":\"https:\\\/\\\/www.retaildetail.be\\\/nl\\\/#organization\"},\"potentialAction\":[{\"@type\":\"SearchAction\",\"target\":{\"@type\":\"EntryPoint\",\"urlTemplate\":\"https:\\\/\\\/www.retaildetail.be\\\/nl\\\/?s={search_term_string}\"},\"query-input\":{\"@type\":\"PropertyValueSpecification\",\"valueRequired\":true,\"valueName\":\"search_term_string\"}}],\"inLanguage\":\"fr-FR\"},{\"@type\":\"Organization\",\"@id\":\"https:\\\/\\\/www.retaildetail.be\\\/nl\\\/#organization\",\"name\":\"RetailDetail BE\",\"url\":\"https:\\\/\\\/www.retaildetail.be\\\/nl\\\/\",\"logo\":{\"@type\":\"ImageObject\",\"inLanguage\":\"fr-FR\",\"@id\":\"https:\\\/\\\/www.retaildetail.be\\\/nl\\\/#\\\/schema\\\/logo\\\/image\\\/\",\"url\":\"https:\\\/\\\/www.retaildetail.be\\\/wp-content\\\/uploads\\\/2022\\\/04\\\/logo.svg\",\"contentUrl\":\"https:\\\/\\\/www.retaildetail.be\\\/wp-content\\\/uploads\\\/2022\\\/04\\\/logo.svg\",\"width\":131,\"height\":70,\"caption\":\"RetailDetail BE\"},\"image\":{\"@id\":\"https:\\\/\\\/www.retaildetail.be\\\/nl\\\/#\\\/schema\\\/logo\\\/image\\\/\"}},{\"@type\":\"Person\",\"@id\":\"https:\\\/\\\/www.retaildetail.be\\\/nl\\\/#\\\/schema\\\/person\\\/51aec6069c4416aa2f68b2e4ff3455df\",\"name\":\"Stefan Van Rompaey\",\"image\":{\"@type\":\"ImageObject\",\"inLanguage\":\"fr-FR\",\"@id\":\"https:\\\/\\\/secure.gravatar.com\\\/avatar\\\/fbbb4a80a0f109888b2a5ab8ae255617499ecde533749b3ab2fa6c23b5d65dac?s=96&d=mm&r=g\",\"url\":\"https:\\\/\\\/secure.gravatar.com\\\/avatar\\\/fbbb4a80a0f109888b2a5ab8ae255617499ecde533749b3ab2fa6c23b5d65dac?s=96&d=mm&r=g\",\"contentUrl\":\"https:\\\/\\\/secure.gravatar.com\\\/avatar\\\/fbbb4a80a0f109888b2a5ab8ae255617499ecde533749b3ab2fa6c23b5d65dac?s=96&d=mm&r=g\",\"caption\":\"Stefan Van Rompaey\"},\"url\":\"https:\\\/\\\/www.retaildetail.be\\\/fr\\\/author\\\/stefanvanrompaey\\\/\"}]}<\/script>\n<!-- \/ Yoast SEO plugin. -->","yoast_head_json":{"title":"L'Espagne est un moteur de croissance remarquable pour Shein - RetailDetail BE","description":"Alors que la croissance de Shein marque le pas \u00e0 l'\u00e9chelle mondiale et que son introduction en bourse ne s'av\u00e8re pas \u00eatre un succ\u00e8s retentissant, la boutique en ligne chinoise conna\u00eet en revanche un franc succ\u00e8s en Espagne, o\u00f9 de plus en plus de vendeurs locaux rejoignent la plateforme.","robots":{"index":"index","follow":"follow","max-snippet":"max-snippet:-1","max-image-preview":"max-image-preview:large","max-video-preview":"max-video-preview:-1"},"canonical":"https:\/\/www.retaildetail.be\/fr\/news\/mode\/lespagne-est-un-moteur-de-croissance-remarquable-pour-shein\/","og_locale":"fr_FR","og_type":"article","og_title":"L'Espagne est un moteur de croissance remarquable pour Shein - RetailDetail BE","og_description":"Alors que la croissance de Shein marque le pas \u00e0 l'\u00e9chelle mondiale et que son introduction en bourse ne s'av\u00e8re pas \u00eatre un succ\u00e8s retentissant, la boutique en ligne chinoise conna\u00eet en revanche un franc succ\u00e8s en Espagne, o\u00f9 de plus en plus de vendeurs locaux rejoignent la plateforme.","og_url":"https:\/\/www.retaildetail.be\/fr\/news\/mode\/lespagne-est-un-moteur-de-croissance-remarquable-pour-shein\/","og_site_name":"RetailDetail BE","article_published_time":"2026-09-01T14:02:12+00:00","article_modified_time":"2026-09-01T14:02:13+00:00","og_image":[{"width":1000,"height":666,"url":"https:\/\/www.retaildetail.be\/wp-content\/uploads\/2026\/09\/shutterstock_2660595633-1.jpg","type":"image\/jpeg"}],"author":"Stefan Van Rompaey","twitter_card":"summary_large_image","twitter_misc":{"\u00c9crit par":"Stefan Van Rompaey","Dur\u00e9e de lecture estim\u00e9e":"2 minutes"},"schema":{"@context":"https:\/\/schema.org","@graph":[{"@type":"NewsArticle","@id":"https:\/\/www.retaildetail.be\/fr\/news\/mode\/lespagne-est-un-moteur-de-croissance-remarquable-pour-shein\/#article","isPartOf":{"@id":"https:\/\/www.retaildetail.be\/fr\/news\/mode\/lespagne-est-un-moteur-de-croissance-remarquable-pour-shein\/"},"author":{"name":"Stefan Van Rompaey","@id":"https:\/\/www.retaildetail.be\/nl\/#\/schema\/person\/51aec6069c4416aa2f68b2e4ff3455df"},"headline":"L&rsquo;Espagne est un moteur de croissance remarquable pour Shein","datePublished":"2026-09-01T14:02:12+00:00","dateModified":"2026-09-01T14:02:13+00:00","mainEntityOfPage":{"@id":"https:\/\/www.retaildetail.be\/fr\/news\/mode\/lespagne-est-un-moteur-de-croissance-remarquable-pour-shein\/"},"wordCount":447,"publisher":{"@id":"https:\/\/www.retaildetail.be\/nl\/#organization"},"image":{"@id":"https:\/\/www.retaildetail.be\/fr\/news\/mode\/lespagne-est-un-moteur-de-croissance-remarquable-pour-shein\/#primaryimage"},"thumbnailUrl":"https:\/\/www.retaildetail.be\/wp-content\/uploads\/2026\/09\/shutterstock_2660595633-1.jpg","articleSection":["Mode","Mode"],"inLanguage":"fr-FR","copyrightYear":"2026","copyrightHolder":{"@id":"https:\/\/www.retaildetail.be\/#organization"}},{"@type":"WebPage","@id":"https:\/\/www.retaildetail.be\/fr\/news\/mode\/lespagne-est-un-moteur-de-croissance-remarquable-pour-shein\/","url":"https:\/\/www.retaildetail.be\/fr\/news\/mode\/lespagne-est-un-moteur-de-croissance-remarquable-pour-shein\/","name":"L'Espagne est un moteur de croissance remarquable pour Shein - RetailDetail BE","isPartOf":{"@id":"https:\/\/www.retaildetail.be\/nl\/#website"},"primaryImageOfPage":{"@id":"https:\/\/www.retaildetail.be\/fr\/news\/mode\/lespagne-est-un-moteur-de-croissance-remarquable-pour-shein\/#primaryimage"},"image":{"@id":"https:\/\/www.retaildetail.be\/fr\/news\/mode\/lespagne-est-un-moteur-de-croissance-remarquable-pour-shein\/#primaryimage"},"thumbnailUrl":"https:\/\/www.retaildetail.be\/wp-content\/uploads\/2026\/09\/shutterstock_2660595633-1.jpg","datePublished":"2026-09-01T14:02:12+00:00","dateModified":"2026-09-01T14:02:13+00:00","description":"Alors que la croissance de Shein marque le pas \u00e0 l'\u00e9chelle mondiale et que son introduction en bourse ne s'av\u00e8re pas \u00eatre un succ\u00e8s retentissant, la boutique en ligne chinoise conna\u00eet en revanche un franc succ\u00e8s en Espagne, o\u00f9 de plus en plus de vendeurs locaux rejoignent la plateforme.","breadcrumb":{"@id":"https:\/\/www.retaildetail.be\/fr\/news\/mode\/lespagne-est-un-moteur-de-croissance-remarquable-pour-shein\/#breadcrumb"},"inLanguage":"fr-FR","potentialAction":[{"@type":"ReadAction","target":["https:\/\/www.retaildetail.be\/fr\/news\/mode\/lespagne-est-un-moteur-de-croissance-remarquable-pour-shein\/"]}]},{"@type":"ImageObject","inLanguage":"fr-FR","@id":"https:\/\/www.retaildetail.be\/fr\/news\/mode\/lespagne-est-un-moteur-de-croissance-remarquable-pour-shein\/#primaryimage","url":"https:\/\/www.retaildetail.be\/wp-content\/uploads\/2026\/09\/shutterstock_2660595633-1.jpg","contentUrl":"https:\/\/www.retaildetail.be\/wp-content\/uploads\/2026\/09\/shutterstock_2660595633-1.jpg","width":1000,"height":666,"caption":"Shutterstock.com"},{"@type":"BreadcrumbList","@id":"https:\/\/www.retaildetail.be\/fr\/news\/mode\/lespagne-est-un-moteur-de-croissance-remarquable-pour-shein\/#breadcrumb","itemListElement":[{"@type":"ListItem","position":1,"name":"Home","item":"https:\/\/www.retaildetail.be\/fr\/"},{"@type":"ListItem","position":2,"name":"L&#8217;Espagne est un moteur de croissance remarquable pour Shein"}]},{"@type":"WebSite","@id":"https:\/\/www.retaildetail.be\/nl\/#website","url":"https:\/\/www.retaildetail.be\/nl\/","name":"RetailDetail BE","description":"News","publisher":{"@id":"https:\/\/www.retaildetail.be\/nl\/#organization"},"potentialAction":[{"@type":"SearchAction","target":{"@type":"EntryPoint","urlTemplate":"https:\/\/www.retaildetail.be\/nl\/?s={search_term_string}"},"query-input":{"@type":"PropertyValueSpecification","valueRequired":true,"valueName":"search_term_string"}}],"inLanguage":"fr-FR"},{"@type":"Organization","@id":"https:\/\/www.retaildetail.be\/nl\/#organization","name":"RetailDetail BE","url":"https:\/\/www.retaildetail.be\/nl\/","logo":{"@type":"ImageObject","inLanguage":"fr-FR","@id":"https:\/\/www.retaildetail.be\/nl\/#\/schema\/logo\/image\/","url":"https:\/\/www.retaildetail.be\/wp-content\/uploads\/2022\/04\/logo.svg","contentUrl":"https:\/\/www.retaildetail.be\/wp-content\/uploads\/2022\/04\/logo.svg","width":131,"height":70,"caption":"RetailDetail BE"},"image":{"@id":"https:\/\/www.retaildetail.be\/nl\/#\/schema\/logo\/image\/"}},{"@type":"Person","@id":"https:\/\/www.retaildetail.be\/nl\/#\/schema\/person\/51aec6069c4416aa2f68b2e4ff3455df","name":"Stefan Van Rompaey","image":{"@type":"ImageObject","inLanguage":"fr-FR","@id":"https:\/\/secure.gravatar.com\/avatar\/fbbb4a80a0f109888b2a5ab8ae255617499ecde533749b3ab2fa6c23b5d65dac?s=96&d=mm&r=g","url":"https:\/\/secure.gravatar.com\/avatar\/fbbb4a80a0f109888b2a5ab8ae255617499ecde533749b3ab2fa6c23b5d65dac?s=96&d=mm&r=g","contentUrl":"https:\/\/secure.gravatar.com\/avatar\/fbbb4a80a0f109888b2a5ab8ae255617499ecde533749b3ab2fa6c23b5d65dac?s=96&d=mm&r=g","caption":"Stefan Van Rompaey"},"url":"https:\/\/www.retaildetail.be\/fr\/author\/stefanvanrompaey\/"}]}},"jetpack_featured_media_url":"https:\/\/www.retaildetail.be\/wp-content\/uploads\/2026\/09\/shutterstock_2660595633-1.jpg","jetpack_sharing_enabled":true,"_links":{"self":[{"href":"https:\/\/www.retaildetail.be\/fr\/wp-json\/wp\/v2\/posts\/154499","targetHints":{"allow":["GET"]}}],"collection":[{"href":"https:\/\/www.retaildetail.be\/fr\/wp-json\/wp\/v2\/posts"}],"about":[{"href":"https:\/\/www.retaildetail.be\/fr\/wp-json\/wp\/v2\/types\/post"}],"author":[{"embeddable":true,"href":"https:\/\/www.retaildetail.be\/fr\/wp-json\/wp\/v2\/users\/3"}],"replies":[{"embeddable":true,"href":"https:\/\/www.retaildetail.be\/fr\/wp-json\/wp\/v2\/comments?post=154499"}],"version-history":[{"count":1,"href":"https:\/\/www.retaildetail.be\/fr\/wp-json\/wp\/v2\/posts\/154499\/revisions"}],"predecessor-version":[{"id":154501,"href":"https:\/\/www.retaildetail.be\/fr\/wp-json\/wp\/v2\/posts\/154499\/revisions\/154501"}],"wp:featuredmedia":[{"embeddable":true,"href":"https:\/\/www.retaildetail.be\/fr\/wp-json\/wp\/v2\/media\/154500"}],"wp:attachment":[{"href":"https:\/\/www.retaildetail.be\/fr\/wp-json\/wp\/v2\/media?parent=154499"}],"wp:term":[{"taxonomy":"category","embeddable":true,"href":"https:\/\/www.retaildetail.be\/fr\/wp-json\/wp\/v2\/categories?post=154499"},{"taxonomy":"post_tag","embeddable":true,"href":"https:\/\/www.retaildetail.be\/fr\/wp-json\/wp\/v2\/tags?post=154499"},{"taxonomy":"people","embeddable":true,"href":"https:\/\/www.retaildetail.be\/fr\/wp-json\/wp\/v2\/people?post=154499"},{"taxonomy":"extra","embeddable":true,"href":"https:\/\/www.retaildetail.be\/fr\/wp-json\/wp\/v2\/extra?post=154499"},{"taxonomy":"company","embeddable":true,"href":"https:\/\/www.retaildetail.be\/fr\/wp-json\/wp\/v2\/company?post=154499"},{"taxonomy":"topic","embeddable":true,"href":"https:\/\/www.retaildetail.be\/fr\/wp-json\/wp\/v2\/topic?post=154499"},{"taxonomy":"region","embeddable":true,"href":"https:\/\/www.retaildetail.be\/fr\/wp-json\/wp\/v2\/region?post=154499"}],"curies":[{"name":"wp","href":"https:\/\/api.w.org\/{rel}","templated":true}]}}