{"id":154513,"date":"2026-09-02T09:56:13","date_gmt":"2026-09-02T07:56:13","guid":{"rendered":"https:\/\/www.retaildetail.be\/?p=154513"},"modified":"2026-09-02T09:56:14","modified_gmt":"2026-09-02T07:56:14","slug":"premiere-victoire-en-six-ans-pour-jules-destrooper","status":"publish","type":"post","link":"https:\/\/www.retaildetail.be\/fr\/news\/food\/premiere-victoire-en-six-ans-pour-jules-destrooper\/","title":{"rendered":"Premiers b\u00e9n\u00e9fices en six ans pour Jules Destrooper"},"content":{"rendered":"\n<p class=\"wp-block-paragraph\">Apr\u00e8s quelques ann\u00e9es difficiles,<strong> Jules Destrooper<\/strong> renoue avec les b\u00e9n\u00e9fices. Il y a dix ans, le fabricant de biscuits a chang\u00e9 de propri\u00e9taire, ce qui a permis de redresser la situation, et il a \u00e9galement un nouveau PDG depuis un an.<\/p>\n\n\n\n<h2 class=\"wp-block-heading\">Sortie du rouge<\/h2>\n\n\n\n<p class=\"wp-block-paragraph\">La holding qui chapeaute l\u2019entreprise familiale de Flandre occidentale a cl\u00f4tur\u00e9 le dernier exercice avec un b\u00e9n\u00e9fice de 1,9 million d\u2019euros, contre une perte de 5,5 millions d\u2019euros l\u2019ann\u00e9e pr\u00e9c\u00e9dente. Hubisco, la holding qui chapeaute Jules Destrooper, renoue ainsi <a href=\"https:\/\/www.made-in.be\/west-vlaanderen\/familie-vandermarliere-zet-jules-destrooper-op-het-juiste-spoor\/\">avec les chiffres noirs pour la premi\u00e8re fois en six ans<\/a>, rapporte Made-In.<\/p>\n\n\n\n<p class=\"wp-block-paragraph\">Selon la famille Vandermarliere, qui a rachet\u00e9 le fabricant de biscuits en 2015, ce redressement est le fruit d\u2019une combinaison de r\u00e9ductions de co\u00fbts, d\u2019efforts commerciaux suppl\u00e9mentaires et d\u2019une nouvelle \u00e9quipe de direction. Le PDG Ives Depoortere a fait progresser le chiffre d\u2019affaires de plus de 50 % au cours de la derni\u00e8re d\u00e9cennie et a \u00e9galement consid\u00e9rablement am\u00e9lior\u00e9 la rentabilit\u00e9, mais il a pass\u00e9 le relais l\u2019ann\u00e9e derni\u00e8re <a href=\"https:\/\/www.retaildetail.be\/fr\/news\/food\/un-belge-dote-dune-vaste-experience-internationale-prendra-la-tete-de-jules-destrooper\/\" data-type=\"link\" data-id=\"https:\/\/www.retaildetail.be\/fr\/news\/food\/un-belge-dote-dune-vaste-experience-internationale-prendra-la-tete-de-jules-destrooper\/\">\u00e0 Wim Petermans, un v\u00e9t\u00e9ran du secteur des biens de grande consommation<\/a>.<\/p>\n","protected":false},"excerpt":{"rendered":"<p>Apr\u00e8s quelques ann\u00e9es difficiles, Jules Destrooper renoue avec les b\u00e9n\u00e9fices. Il y a dix ans, le fabricant de biscuits a chang\u00e9 de propri\u00e9taire, ce qui a permis un redressement de l&rsquo;entreprise, et il a \u00e9galement un nouveau PDG depuis un an.<\/p>\n","protected":false},"author":5,"featured_media":154514,"comment_status":"closed","ping_status":"closed","sticky":false,"template":"","format":"standard","meta":{"_acf_changed":false,"inline_featured_image":false,"_jetpack_newsletter_access":"","_jetpack_dont_email_post_to_subs":false,"_jetpack_newsletter_tier_id":0,"_jetpack_memberships_contains_paywalled_content":false,"_jetpack_memberships_contains_paid_content":false,"footnotes":""},"categories":[18,24],"tags":[],"people":[],"extra":[],"company":[1866],"topic":[266],"region":[226],"class_list":["post-154513","post","type-post","status-publish","format-standard","has-post-thumbnail","hentry","category-food","company-jules-destrooper","topic-resultats-financiers","region-belgique"],"acf":[],"yoast_head":"<!-- This site is optimized with the Yoast SEO plugin v28.1 - https:\/\/yoast.com\/product\/yoast-seo-wordpress\/ -->\n<title>Premiers b\u00e9n\u00e9fices en six ans pour Jules Destrooper - RetailDetail BE<\/title>\n<meta name=\"robots\" content=\"index, follow, max-snippet:-1, max-image-preview:large, max-video-preview:-1\" \/>\n<link rel=\"canonical\" href=\"https:\/\/www.retaildetail.be\/fr\/news\/food\/premiere-victoire-en-six-ans-pour-jules-destrooper\/\" \/>\n<meta property=\"og:locale\" content=\"fr_FR\" \/>\n<meta property=\"og:type\" content=\"article\" \/>\n<meta property=\"og:title\" content=\"Premiers b\u00e9n\u00e9fices en six ans pour Jules Destrooper - RetailDetail BE\" \/>\n<meta property=\"og:description\" content=\"Apr\u00e8s quelques ann\u00e9es difficiles, Jules Destrooper renoue avec les b\u00e9n\u00e9fices. Il y a dix ans, le fabricant de biscuits a chang\u00e9 de propri\u00e9taire, ce qui a permis un redressement de l&#039;entreprise, et il a \u00e9galement un nouveau PDG depuis un an.\" \/>\n<meta property=\"og:url\" content=\"https:\/\/www.retaildetail.be\/fr\/news\/food\/premiere-victoire-en-six-ans-pour-jules-destrooper\/\" \/>\n<meta property=\"og:site_name\" content=\"RetailDetail BE\" \/>\n<meta property=\"article:published_time\" content=\"2026-09-02T07:56:13+00:00\" \/>\n<meta property=\"article:modified_time\" content=\"2026-09-02T07:56:14+00:00\" \/>\n<meta property=\"og:image\" content=\"https:\/\/www.retaildetail.be\/wp-content\/uploads\/2026\/09\/shutterstock_2676901253-1.jpg\" \/>\n\t<meta property=\"og:image:width\" content=\"1000\" \/>\n\t<meta property=\"og:image:height\" content=\"767\" \/>\n\t<meta property=\"og:image:type\" content=\"image\/jpeg\" \/>\n<meta name=\"author\" content=\"Pauline Neerman\" \/>\n<meta name=\"twitter:card\" content=\"summary_large_image\" \/>\n<meta name=\"twitter:label1\" content=\"\u00c9crit par\" \/>\n\t<meta name=\"twitter:data1\" content=\"Pauline Neerman\" \/>\n\t<meta name=\"twitter:label2\" content=\"Dur\u00e9e de lecture estim\u00e9e\" \/>\n\t<meta name=\"twitter:data2\" content=\"1 minute\" \/>\n<script type=\"application\/ld+json\" class=\"yoast-schema-graph\">{\"@context\":\"https:\\\/\\\/schema.org\",\"@graph\":[{\"@type\":\"NewsArticle\",\"@id\":\"https:\\\/\\\/www.retaildetail.be\\\/fr\\\/news\\\/food\\\/premiere-victoire-en-six-ans-pour-jules-destrooper\\\/#article\",\"isPartOf\":{\"@id\":\"https:\\\/\\\/www.retaildetail.be\\\/fr\\\/news\\\/food\\\/premiere-victoire-en-six-ans-pour-jules-destrooper\\\/\"},\"author\":{\"name\":\"Pauline Neerman\",\"@id\":\"https:\\\/\\\/www.retaildetail.be\\\/nl\\\/#\\\/schema\\\/person\\\/66b54803fa10759039079458ea89e307\"},\"headline\":\"Premiers b\u00e9n\u00e9fices en six ans pour Jules Destrooper\",\"datePublished\":\"2026-09-02T07:56:13+00:00\",\"dateModified\":\"2026-09-02T07:56:14+00:00\",\"mainEntityOfPage\":{\"@id\":\"https:\\\/\\\/www.retaildetail.be\\\/fr\\\/news\\\/food\\\/premiere-victoire-en-six-ans-pour-jules-destrooper\\\/\"},\"wordCount\":213,\"publisher\":{\"@id\":\"https:\\\/\\\/www.retaildetail.be\\\/nl\\\/#organization\"},\"image\":{\"@id\":\"https:\\\/\\\/www.retaildetail.be\\\/fr\\\/news\\\/food\\\/premiere-victoire-en-six-ans-pour-jules-destrooper\\\/#primaryimage\"},\"thumbnailUrl\":\"https:\\\/\\\/www.retaildetail.be\\\/wp-content\\\/uploads\\\/2026\\\/09\\\/shutterstock_2676901253-1.jpg\",\"articleSection\":[\"Food\",\"Food\"],\"inLanguage\":\"fr-FR\",\"copyrightYear\":\"2026\",\"copyrightHolder\":{\"@id\":\"https:\\\/\\\/www.retaildetail.be\\\/#organization\"}},{\"@type\":\"WebPage\",\"@id\":\"https:\\\/\\\/www.retaildetail.be\\\/fr\\\/news\\\/food\\\/premiere-victoire-en-six-ans-pour-jules-destrooper\\\/\",\"url\":\"https:\\\/\\\/www.retaildetail.be\\\/fr\\\/news\\\/food\\\/premiere-victoire-en-six-ans-pour-jules-destrooper\\\/\",\"name\":\"Premiers b\u00e9n\u00e9fices en six ans pour Jules Destrooper - RetailDetail BE\",\"isPartOf\":{\"@id\":\"https:\\\/\\\/www.retaildetail.be\\\/nl\\\/#website\"},\"primaryImageOfPage\":{\"@id\":\"https:\\\/\\\/www.retaildetail.be\\\/fr\\\/news\\\/food\\\/premiere-victoire-en-six-ans-pour-jules-destrooper\\\/#primaryimage\"},\"image\":{\"@id\":\"https:\\\/\\\/www.retaildetail.be\\\/fr\\\/news\\\/food\\\/premiere-victoire-en-six-ans-pour-jules-destrooper\\\/#primaryimage\"},\"thumbnailUrl\":\"https:\\\/\\\/www.retaildetail.be\\\/wp-content\\\/uploads\\\/2026\\\/09\\\/shutterstock_2676901253-1.jpg\",\"datePublished\":\"2026-09-02T07:56:13+00:00\",\"dateModified\":\"2026-09-02T07:56:14+00:00\",\"breadcrumb\":{\"@id\":\"https:\\\/\\\/www.retaildetail.be\\\/fr\\\/news\\\/food\\\/premiere-victoire-en-six-ans-pour-jules-destrooper\\\/#breadcrumb\"},\"inLanguage\":\"fr-FR\",\"potentialAction\":[{\"@type\":\"ReadAction\",\"target\":[\"https:\\\/\\\/www.retaildetail.be\\\/fr\\\/news\\\/food\\\/premiere-victoire-en-six-ans-pour-jules-destrooper\\\/\"]}]},{\"@type\":\"ImageObject\",\"inLanguage\":\"fr-FR\",\"@id\":\"https:\\\/\\\/www.retaildetail.be\\\/fr\\\/news\\\/food\\\/premiere-victoire-en-six-ans-pour-jules-destrooper\\\/#primaryimage\",\"url\":\"https:\\\/\\\/www.retaildetail.be\\\/wp-content\\\/uploads\\\/2026\\\/09\\\/shutterstock_2676901253-1.jpg\",\"contentUrl\":\"https:\\\/\\\/www.retaildetail.be\\\/wp-content\\\/uploads\\\/2026\\\/09\\\/shutterstock_2676901253-1.jpg\",\"width\":1000,\"height\":767,\"caption\":\"Shutterstock.com\"},{\"@type\":\"BreadcrumbList\",\"@id\":\"https:\\\/\\\/www.retaildetail.be\\\/fr\\\/news\\\/food\\\/premiere-victoire-en-six-ans-pour-jules-destrooper\\\/#breadcrumb\",\"itemListElement\":[{\"@type\":\"ListItem\",\"position\":1,\"name\":\"Home\",\"item\":\"https:\\\/\\\/www.retaildetail.be\\\/fr\\\/\"},{\"@type\":\"ListItem\",\"position\":2,\"name\":\"Premiers b\u00e9n\u00e9fices en six ans pour Jules Destrooper\"}]},{\"@type\":\"WebSite\",\"@id\":\"https:\\\/\\\/www.retaildetail.be\\\/nl\\\/#website\",\"url\":\"https:\\\/\\\/www.retaildetail.be\\\/nl\\\/\",\"name\":\"RetailDetail BE\",\"description\":\"News\",\"publisher\":{\"@id\":\"https:\\\/\\\/www.retaildetail.be\\\/nl\\\/#organization\"},\"potentialAction\":[{\"@type\":\"SearchAction\",\"target\":{\"@type\":\"EntryPoint\",\"urlTemplate\":\"https:\\\/\\\/www.retaildetail.be\\\/nl\\\/?s={search_term_string}\"},\"query-input\":{\"@type\":\"PropertyValueSpecification\",\"valueRequired\":true,\"valueName\":\"search_term_string\"}}],\"inLanguage\":\"fr-FR\"},{\"@type\":\"Organization\",\"@id\":\"https:\\\/\\\/www.retaildetail.be\\\/nl\\\/#organization\",\"name\":\"RetailDetail BE\",\"url\":\"https:\\\/\\\/www.retaildetail.be\\\/nl\\\/\",\"logo\":{\"@type\":\"ImageObject\",\"inLanguage\":\"fr-FR\",\"@id\":\"https:\\\/\\\/www.retaildetail.be\\\/nl\\\/#\\\/schema\\\/logo\\\/image\\\/\",\"url\":\"https:\\\/\\\/www.retaildetail.be\\\/wp-content\\\/uploads\\\/2022\\\/04\\\/logo.svg\",\"contentUrl\":\"https:\\\/\\\/www.retaildetail.be\\\/wp-content\\\/uploads\\\/2022\\\/04\\\/logo.svg\",\"width\":131,\"height\":70,\"caption\":\"RetailDetail BE\"},\"image\":{\"@id\":\"https:\\\/\\\/www.retaildetail.be\\\/nl\\\/#\\\/schema\\\/logo\\\/image\\\/\"}},{\"@type\":\"Person\",\"@id\":\"https:\\\/\\\/www.retaildetail.be\\\/nl\\\/#\\\/schema\\\/person\\\/66b54803fa10759039079458ea89e307\",\"name\":\"Pauline Neerman\",\"image\":{\"@type\":\"ImageObject\",\"inLanguage\":\"fr-FR\",\"@id\":\"https:\\\/\\\/secure.gravatar.com\\\/avatar\\\/58db22aee589a691f9603e5765ac06010427a923f9b2728b951eb7fe27214d70?s=96&d=mm&r=g\",\"url\":\"https:\\\/\\\/secure.gravatar.com\\\/avatar\\\/58db22aee589a691f9603e5765ac06010427a923f9b2728b951eb7fe27214d70?s=96&d=mm&r=g\",\"contentUrl\":\"https:\\\/\\\/secure.gravatar.com\\\/avatar\\\/58db22aee589a691f9603e5765ac06010427a923f9b2728b951eb7fe27214d70?s=96&d=mm&r=g\",\"caption\":\"Pauline Neerman\"},\"url\":\"https:\\\/\\\/www.retaildetail.be\\\/fr\\\/author\\\/paulineneerman\\\/\"}]}<\/script>\n<!-- \/ Yoast SEO plugin. -->","yoast_head_json":{"title":"Premiers b\u00e9n\u00e9fices en six ans pour Jules Destrooper - RetailDetail BE","robots":{"index":"index","follow":"follow","max-snippet":"max-snippet:-1","max-image-preview":"max-image-preview:large","max-video-preview":"max-video-preview:-1"},"canonical":"https:\/\/www.retaildetail.be\/fr\/news\/food\/premiere-victoire-en-six-ans-pour-jules-destrooper\/","og_locale":"fr_FR","og_type":"article","og_title":"Premiers b\u00e9n\u00e9fices en six ans pour Jules Destrooper - RetailDetail BE","og_description":"Apr\u00e8s quelques ann\u00e9es difficiles, Jules Destrooper renoue avec les b\u00e9n\u00e9fices. Il y a dix ans, le fabricant de biscuits a chang\u00e9 de propri\u00e9taire, ce qui a permis un redressement de l'entreprise, et il a \u00e9galement un nouveau PDG depuis un an.","og_url":"https:\/\/www.retaildetail.be\/fr\/news\/food\/premiere-victoire-en-six-ans-pour-jules-destrooper\/","og_site_name":"RetailDetail BE","article_published_time":"2026-09-02T07:56:13+00:00","article_modified_time":"2026-09-02T07:56:14+00:00","og_image":[{"width":1000,"height":767,"url":"https:\/\/www.retaildetail.be\/wp-content\/uploads\/2026\/09\/shutterstock_2676901253-1.jpg","type":"image\/jpeg"}],"author":"Pauline Neerman","twitter_card":"summary_large_image","twitter_misc":{"\u00c9crit par":"Pauline Neerman","Dur\u00e9e de lecture estim\u00e9e":"1 minute"},"schema":{"@context":"https:\/\/schema.org","@graph":[{"@type":"NewsArticle","@id":"https:\/\/www.retaildetail.be\/fr\/news\/food\/premiere-victoire-en-six-ans-pour-jules-destrooper\/#article","isPartOf":{"@id":"https:\/\/www.retaildetail.be\/fr\/news\/food\/premiere-victoire-en-six-ans-pour-jules-destrooper\/"},"author":{"name":"Pauline Neerman","@id":"https:\/\/www.retaildetail.be\/nl\/#\/schema\/person\/66b54803fa10759039079458ea89e307"},"headline":"Premiers b\u00e9n\u00e9fices en six ans pour Jules Destrooper","datePublished":"2026-09-02T07:56:13+00:00","dateModified":"2026-09-02T07:56:14+00:00","mainEntityOfPage":{"@id":"https:\/\/www.retaildetail.be\/fr\/news\/food\/premiere-victoire-en-six-ans-pour-jules-destrooper\/"},"wordCount":213,"publisher":{"@id":"https:\/\/www.retaildetail.be\/nl\/#organization"},"image":{"@id":"https:\/\/www.retaildetail.be\/fr\/news\/food\/premiere-victoire-en-six-ans-pour-jules-destrooper\/#primaryimage"},"thumbnailUrl":"https:\/\/www.retaildetail.be\/wp-content\/uploads\/2026\/09\/shutterstock_2676901253-1.jpg","articleSection":["Food","Food"],"inLanguage":"fr-FR","copyrightYear":"2026","copyrightHolder":{"@id":"https:\/\/www.retaildetail.be\/#organization"}},{"@type":"WebPage","@id":"https:\/\/www.retaildetail.be\/fr\/news\/food\/premiere-victoire-en-six-ans-pour-jules-destrooper\/","url":"https:\/\/www.retaildetail.be\/fr\/news\/food\/premiere-victoire-en-six-ans-pour-jules-destrooper\/","name":"Premiers b\u00e9n\u00e9fices en six ans pour Jules Destrooper - RetailDetail BE","isPartOf":{"@id":"https:\/\/www.retaildetail.be\/nl\/#website"},"primaryImageOfPage":{"@id":"https:\/\/www.retaildetail.be\/fr\/news\/food\/premiere-victoire-en-six-ans-pour-jules-destrooper\/#primaryimage"},"image":{"@id":"https:\/\/www.retaildetail.be\/fr\/news\/food\/premiere-victoire-en-six-ans-pour-jules-destrooper\/#primaryimage"},"thumbnailUrl":"https:\/\/www.retaildetail.be\/wp-content\/uploads\/2026\/09\/shutterstock_2676901253-1.jpg","datePublished":"2026-09-02T07:56:13+00:00","dateModified":"2026-09-02T07:56:14+00:00","breadcrumb":{"@id":"https:\/\/www.retaildetail.be\/fr\/news\/food\/premiere-victoire-en-six-ans-pour-jules-destrooper\/#breadcrumb"},"inLanguage":"fr-FR","potentialAction":[{"@type":"ReadAction","target":["https:\/\/www.retaildetail.be\/fr\/news\/food\/premiere-victoire-en-six-ans-pour-jules-destrooper\/"]}]},{"@type":"ImageObject","inLanguage":"fr-FR","@id":"https:\/\/www.retaildetail.be\/fr\/news\/food\/premiere-victoire-en-six-ans-pour-jules-destrooper\/#primaryimage","url":"https:\/\/www.retaildetail.be\/wp-content\/uploads\/2026\/09\/shutterstock_2676901253-1.jpg","contentUrl":"https:\/\/www.retaildetail.be\/wp-content\/uploads\/2026\/09\/shutterstock_2676901253-1.jpg","width":1000,"height":767,"caption":"Shutterstock.com"},{"@type":"BreadcrumbList","@id":"https:\/\/www.retaildetail.be\/fr\/news\/food\/premiere-victoire-en-six-ans-pour-jules-destrooper\/#breadcrumb","itemListElement":[{"@type":"ListItem","position":1,"name":"Home","item":"https:\/\/www.retaildetail.be\/fr\/"},{"@type":"ListItem","position":2,"name":"Premiers b\u00e9n\u00e9fices en six ans pour Jules Destrooper"}]},{"@type":"WebSite","@id":"https:\/\/www.retaildetail.be\/nl\/#website","url":"https:\/\/www.retaildetail.be\/nl\/","name":"RetailDetail BE","description":"News","publisher":{"@id":"https:\/\/www.retaildetail.be\/nl\/#organization"},"potentialAction":[{"@type":"SearchAction","target":{"@type":"EntryPoint","urlTemplate":"https:\/\/www.retaildetail.be\/nl\/?s={search_term_string}"},"query-input":{"@type":"PropertyValueSpecification","valueRequired":true,"valueName":"search_term_string"}}],"inLanguage":"fr-FR"},{"@type":"Organization","@id":"https:\/\/www.retaildetail.be\/nl\/#organization","name":"RetailDetail BE","url":"https:\/\/www.retaildetail.be\/nl\/","logo":{"@type":"ImageObject","inLanguage":"fr-FR","@id":"https:\/\/www.retaildetail.be\/nl\/#\/schema\/logo\/image\/","url":"https:\/\/www.retaildetail.be\/wp-content\/uploads\/2022\/04\/logo.svg","contentUrl":"https:\/\/www.retaildetail.be\/wp-content\/uploads\/2022\/04\/logo.svg","width":131,"height":70,"caption":"RetailDetail BE"},"image":{"@id":"https:\/\/www.retaildetail.be\/nl\/#\/schema\/logo\/image\/"}},{"@type":"Person","@id":"https:\/\/www.retaildetail.be\/nl\/#\/schema\/person\/66b54803fa10759039079458ea89e307","name":"Pauline Neerman","image":{"@type":"ImageObject","inLanguage":"fr-FR","@id":"https:\/\/secure.gravatar.com\/avatar\/58db22aee589a691f9603e5765ac06010427a923f9b2728b951eb7fe27214d70?s=96&d=mm&r=g","url":"https:\/\/secure.gravatar.com\/avatar\/58db22aee589a691f9603e5765ac06010427a923f9b2728b951eb7fe27214d70?s=96&d=mm&r=g","contentUrl":"https:\/\/secure.gravatar.com\/avatar\/58db22aee589a691f9603e5765ac06010427a923f9b2728b951eb7fe27214d70?s=96&d=mm&r=g","caption":"Pauline Neerman"},"url":"https:\/\/www.retaildetail.be\/fr\/author\/paulineneerman\/"}]}},"jetpack_featured_media_url":"https:\/\/www.retaildetail.be\/wp-content\/uploads\/2026\/09\/shutterstock_2676901253-1.jpg","jetpack_sharing_enabled":true,"_links":{"self":[{"href":"https:\/\/www.retaildetail.be\/fr\/wp-json\/wp\/v2\/posts\/154513","targetHints":{"allow":["GET"]}}],"collection":[{"href":"https:\/\/www.retaildetail.be\/fr\/wp-json\/wp\/v2\/posts"}],"about":[{"href":"https:\/\/www.retaildetail.be\/fr\/wp-json\/wp\/v2\/types\/post"}],"author":[{"embeddable":true,"href":"https:\/\/www.retaildetail.be\/fr\/wp-json\/wp\/v2\/users\/5"}],"replies":[{"embeddable":true,"href":"https:\/\/www.retaildetail.be\/fr\/wp-json\/wp\/v2\/comments?post=154513"}],"version-history":[{"count":1,"href":"https:\/\/www.retaildetail.be\/fr\/wp-json\/wp\/v2\/posts\/154513\/revisions"}],"predecessor-version":[{"id":154516,"href":"https:\/\/www.retaildetail.be\/fr\/wp-json\/wp\/v2\/posts\/154513\/revisions\/154516"}],"wp:featuredmedia":[{"embeddable":true,"href":"https:\/\/www.retaildetail.be\/fr\/wp-json\/wp\/v2\/media\/154514"}],"wp:attachment":[{"href":"https:\/\/www.retaildetail.be\/fr\/wp-json\/wp\/v2\/media?parent=154513"}],"wp:term":[{"taxonomy":"category","embeddable":true,"href":"https:\/\/www.retaildetail.be\/fr\/wp-json\/wp\/v2\/categories?post=154513"},{"taxonomy":"post_tag","embeddable":true,"href":"https:\/\/www.retaildetail.be\/fr\/wp-json\/wp\/v2\/tags?post=154513"},{"taxonomy":"people","embeddable":true,"href":"https:\/\/www.retaildetail.be\/fr\/wp-json\/wp\/v2\/people?post=154513"},{"taxonomy":"extra","embeddable":true,"href":"https:\/\/www.retaildetail.be\/fr\/wp-json\/wp\/v2\/extra?post=154513"},{"taxonomy":"company","embeddable":true,"href":"https:\/\/www.retaildetail.be\/fr\/wp-json\/wp\/v2\/company?post=154513"},{"taxonomy":"topic","embeddable":true,"href":"https:\/\/www.retaildetail.be\/fr\/wp-json\/wp\/v2\/topic?post=154513"},{"taxonomy":"region","embeddable":true,"href":"https:\/\/www.retaildetail.be\/fr\/wp-json\/wp\/v2\/region?post=154513"}],"curies":[{"name":"wp","href":"https:\/\/api.w.org\/{rel}","templated":true}]}}