{"id":154522,"date":"2026-09-03T09:00:00","date_gmt":"2026-09-03T07:00:00","guid":{"rendered":"https:\/\/www.retaildetail.be\/?p=154522"},"modified":"2026-09-03T09:01:10","modified_gmt":"2026-09-03T07:01:10","slug":"selon-une-nouvelle-enquete-temu-aide-les-pme-europeennes-a-se-developper-a-linternational-et-a-creer-des-emplois","status":"publish","type":"post","link":"https:\/\/www.retaildetail.be\/fr\/news\/general\/selon-une-nouvelle-enquete-temu-aide-les-pme-europeennes-a-se-developper-a-linternational-et-a-creer-des-emplois\/","title":{"rendered":"Selon une nouvelle enqu\u00eate, Temu aide les PME europ\u00e9ennes \u00e0 se d\u00e9velopper \u00e0 l&rsquo;international et \u00e0 cr\u00e9er des emplois"},"content":{"rendered":"\n<p class=\"wp-block-paragraph\"><em>(Publireportage)<\/em> Une enqu\u00eate men\u00e9e par <strong>Temu<\/strong> r\u00e9v\u00e8le que la moiti\u00e9 des vendeurs ayant r\u00e9pondu ont augment\u00e9 leur capacit\u00e9 de production, embauch\u00e9 du personnel, ou les deux, tandis qu&rsquo;un tiers des vendeurs interrog\u00e9s sur les march\u00e9s de l&rsquo;UE se sont d\u00e9velopp\u00e9s \u00e0 l&rsquo;international.<\/p>\n\n\n\n<h2 class=\"wp-block-heading\">Comment les PME se d\u00e9veloppent<\/h2>\n\n\n\n<p class=\"wp-block-paragraph\">Recrutements, hausse de la capacit\u00e9 de production, conqu\u00eate de nouveaux march\u00e9s : c&rsquo;est le bilan que dressent les entreprises europ\u00e9ennes vendant sur Temu, selon une enqu\u00eate men\u00e9e par la marketplace.<\/p>\n\n\n\n<p class=\"wp-block-paragraph\">La moiti\u00e9 des plus de 150 r\u00e9pondants (50 %) d\u00e9clarent avoir augment\u00e9 leur capacit\u00e9 de production, recrut\u00e9 du personnel, ou les deux, depuis leur arriv\u00e9e sur Temu. Un tiers d&rsquo;entre eux (34 %), interrog\u00e9s dans l&rsquo;UE, indiquent s&rsquo;\u00eatre d\u00e9velopp\u00e9s sur de nouveaux march\u00e9s internationaux.<\/p>\n\n\n\n<p class=\"wp-block-paragraph\">Parmi les autres r\u00e9sultats marquants de l&rsquo;enqu\u00eate :<\/p>\n\n\n\n<p class=\"wp-block-paragraph\">&#8211;&nbsp;&nbsp;&nbsp;&nbsp;&nbsp;&nbsp;&nbsp;&nbsp;&nbsp;&nbsp;&nbsp;&nbsp; Temu est un canal de vente compl\u00e9mentaire important, voire un canal principal pour trois quarts des r\u00e9pondants (75 %).<\/p>\n\n\n\n<p class=\"wp-block-paragraph\">&#8211;&nbsp;&nbsp;&nbsp;&nbsp;&nbsp;&nbsp;&nbsp;&nbsp;&nbsp;&nbsp;&nbsp;&nbsp; 43 % des r\u00e9pondants \u00e9taient d\u00e9j\u00e0 en activit\u00e9 depuis plus de dix ans avant de rejoindre la plateforme, d\u00e9montrant ainsi que Temu accompagne \u00e9galement des entreprises d\u00e9j\u00e0 bien \u00e9tablies dans leur croissance.<\/p>\n\n\n\n<p class=\"wp-block-paragraph\"><\/p>\n\n\n\n<figure class=\"wp-block-image size-full\"><img loading=\"lazy\" decoding=\"async\" width=\"602\" height=\"385\" src=\"https:\/\/www.retaildetail.be\/wp-content\/uploads\/2026\/09\/fr-temu-visual.png\" alt=\"\" class=\"wp-image-154523\" srcset=\"https:\/\/www.retaildetail.be\/wp-content\/uploads\/2026\/09\/fr-temu-visual.png 602w, https:\/\/www.retaildetail.be\/wp-content\/uploads\/2026\/09\/fr-temu-visual-300x192.png 300w, https:\/\/www.retaildetail.be\/wp-content\/uploads\/2026\/09\/fr-temu-visual-345x220.png 345w\" sizes=\"auto, (max-width: 602px) 100vw, 602px\" \/><\/figure>\n\n\n\n<p class=\"wp-block-paragraph\"><\/p>\n\n\n\n<h2 class=\"wp-block-heading\">Immense potentiel<\/h2>\n\n\n\n<p class=\"wp-block-paragraph\">\u00ab Les r\u00e9sultats de cette enqu\u00eate soulignent l\u2019immense potentiel de croissance des PME europ\u00e9ennes et des futurs entrepreneurs, \u00e0 condition de leur donner des moyens plus simples et plus abordables pour toucher de nouveaux clients \u00bb, d\u00e9clare un porte-parole de Temu. \u00ab Nous sommes impatients de poursuivre notre action pour aider les vendeurs \u00e0 se d\u00e9velopper tant dans leur pays qu\u2019\u00e0 l\u2019\u00e9tranger et \u00e0 cr\u00e9er des emplois locaux. \u00bb<\/p>\n\n\n\n<p class=\"wp-block-paragraph\">L&rsquo;enqu\u00eate a \u00e9t\u00e9 men\u00e9e entre juin et juillet 2026 aupr\u00e8s de vendeurs locaux Temu en Allemagne, en France, en Espagne, en Italie, en Pologne et au Royaume-Uni. Le programme de vendeurs locaux de Temu, qui permet \u00e0 des entreprises locales de vendre sur la plateforme, existe depuis 2024 : il est aujourd&rsquo;hui ouvert \u00e0 des entreprises de toutes tailles dans plus de 35 march\u00e9s, dont une grande partie de l&rsquo;Europe.<\/p>\n\n\n\n<h2 class=\"wp-block-heading\">Cr\u00e9er de l&#8217;emploi, augmenter la production<\/h2>\n\n\n\n<p class=\"wp-block-paragraph\">\u00ab Temu a sans aucun doute eu un impact tr\u00e8s positif sur notre activit\u00e9 : cela s&rsquo;est traduit par une croissance significative pour Recamania \u00bb, r\u00e9sume Natalia Collado Castillo, 26 ans. Elle a rejoint cette entreprise familiale de pi\u00e8ces d\u00e9tach\u00e9es, bas\u00e9e \u00e0 Albacete (Espagne), en pleine expansion depuis son lancement sur Temu.<\/p>\n\n\n\n<p class=\"wp-block-paragraph\">Recamania est en activit\u00e9 depuis plus de 40 ans, mais peinait \u00e0 trouver un canal de vente en ligne performant. L&rsquo;entreprise a ouvert sa boutique Temu en mars 2025 et a travaill\u00e9 avec l&rsquo;\u00e9quipe de d\u00e9veloppement commercial de la marketplace pour optimiser ses annonces. R\u00e9sultat : 4 000 commandes par mois, ce qui l&rsquo;a pouss\u00e9e \u00e0 renforcer ses \u00e9quipes d&rsquo;entrep\u00f4t et administratives.<\/p>\n\n\n\n<p class=\"wp-block-paragraph\">Au Royaume-Uni, le d\u00e9taillant Money Cruncher (Leeds), \u00e9galement actif en ligne sous le nom Spot On-Line, a honor\u00e9 plus d&rsquo;un million de commandes depuis son arriv\u00e9e sur Temu d\u00e9but 2025. L&rsquo;entreprise a cr\u00e9\u00e9 plus de 20 postes en entrep\u00f4t en 18 mois pour absorber cette demande suppl\u00e9mentaire.<\/p>\n\n\n\n<p class=\"wp-block-paragraph\">En France, Mathis Rouchouze et Charles Jeuffrain ont lanc\u00e9 leur marque de poudre d&rsquo;ube, Ubedia, sur Temu en septembre 2025. En quelques semaines, cette entreprise d&rsquo;Aix-en-Provence a \u00e9coul\u00e9 plus de 1 400 paquets, port\u00e9e par le seul trafic organique de la plateforme.<\/p>\n\n\n\n<p class=\"wp-block-paragraph\">Ces premi\u00e8res ventes leur ont permis de quitter leur emploi pour se consacrer \u00e0 Ubedia \u00e0 temps plein. L&rsquo;entreprise compte d\u00e9sormais six salari\u00e9s (production, exp\u00e9dition, marketing), investit dans du conditionnement automatis\u00e9 et pr\u00e9voit de recruter davantage \u00e0 mesure que l\u2019entreprise se d\u00e9veloppe sur d&rsquo;autres march\u00e9s europ\u00e9ens.<\/p>\n\n\n\n<p class=\"wp-block-paragraph\">\u00ab Temu nous a offert une visibilit\u00e9 imm\u00e9diate \u00bb, indique le cofondateur Mathis Rouchouze. \u00ab Les bons avis ont accru notre exposition, et donc nos ventes. \u00bb<\/p>\n\n\n\n<p class=\"wp-block-paragraph\">L&rsquo;approche adopt\u00e9e par Temu pour soutenir les vendeurs locaux s&rsquo;appuie sur des r\u00e9unions et des \u00e9changes avec des organismes sectoriels, des associations professionnelles et d&rsquo;autres parties prenantes. Au cours de ces discussions, trois d\u00e9fis r\u00e9currents sont apparus : la complexit\u00e9, le co\u00fbt et la connexion.<\/p>\n\n\n\n<p class=\"wp-block-paragraph\">Temu s&rsquo;attaque directement \u00e0 chacun de ces obstacles, gr\u00e2ce \u00e0 un accompagnement d\u00e9di\u00e9 \u00e0 la mise en route, \u00e0 des outils de gestion des commandes simplifi\u00e9s et \u00e0 des partenariats croissants avec des organismes professionnels locaux et des r\u00e9seaux de start-ups.<\/p>\n\n\n\n<p class=\"wp-block-paragraph\">Dans l&rsquo;enqu\u00eate, 38 % des r\u00e9pondants saluent la simplicit\u00e9 de la plateforme pour les vendeurs, et 35 % saluent sa structure de co\u00fbts avantageuse. La connexion arrive en t\u00eate : plus de 65 % valorisent l&rsquo;accompagnement personnalis\u00e9 propos\u00e9 aux vendeurs.<\/p>\n\n\n\n<h2 class=\"wp-block-heading\">De nouveaux march\u00e9s, de nouveaux clients<\/h2>\n\n\n\n<p class=\"wp-block-paragraph\">\u00ab Rejoindre Temu a tout chang\u00e9, raconte Antonino Quaranta, \u00e0 la t\u00eate de SD Calabria, une entreprise familiale italienne sp\u00e9cialis\u00e9e dans l&rsquo;\u00e9picerie fine. Je vois d\u00e9sormais des noms espagnols, des patronymes allemands, des acheteurs n\u00e9erlandais, polonais, autrichiens, irlandais, danois, tch\u00e8ques&#8230; Avant, je ne voyais que des noms italiens. Maintenant, c\u2019est une tout autre histoire. \u00bb<\/p>\n\n\n\n<p class=\"wp-block-paragraph\">Avant Temu, la client\u00e8le de SD Calabria hors d&rsquo;Italie se limitait presque exclusivement aux expatri\u00e9s italiens. La plateforme lui a permis de toucher une client\u00e8le bien plus large en Europe, sans investir dans des campagnes marketing pays par pays. Pour Antonino Quaranta, le trafic organique g\u00e9n\u00e9r\u00e9 par Temu a \u00e9t\u00e9 pr\u00e9cieux pour une petite entreprise aux moyens de promotion limit\u00e9s \u00e0 l&rsquo;international.<\/p>\n\n\n\n<p class=\"wp-block-paragraph\">L&rsquo;enqu\u00eate a r\u00e9v\u00e9l\u00e9 une expansion internationale particuli\u00e8rement forte parmi les personnes interrog\u00e9es, un vendeur sur trois (34 %) ayant \u00e9tendu ses activit\u00e9s \u00e0 de nouveaux march\u00e9s internationaux.<\/p>\n\n\n\n<p class=\"wp-block-paragraph\">Quelques semaines apr\u00e8s avoir rejoint Temu, le distributeur polonais d\u2019\u00e9l\u00e9ctronique Euroelectronics s&rsquo;est d\u00e9velopp\u00e9 dans 18 march\u00e9s europ\u00e9ens, y compris des pays o\u00f9 elle n&rsquo;\u00e9tait pas encore implant\u00e9e. Plut\u00f4t que de b\u00e2tir une strat\u00e9gie de lancement pays par pays, elle a pu d\u00e9ployer son vaste catalogue sur plusieurs march\u00e9s \u00e0 la fois, en s&rsquo;appuyant sur son infrastructure logistique existante.<\/p>\n\n\n\n<h2 class=\"wp-block-heading\">Un accompagnement concret<\/h2>\n\n\n\n<p class=\"wp-block-paragraph\">Temu s&rsquo;est implant\u00e9 en Europe en avril 2023. La plateforme est aujourd&rsquo;hui pr\u00e9sente dans plus de 90 march\u00e9s, dont l&rsquo;ensemble des \u00c9tats membres de l&rsquo;UE, avec plus de 700 cat\u00e9gories de produits.<\/p>\n\n\n\n<p class=\"wp-block-paragraph\">Pour le fabricant allemand AMF Creation, en activit\u00e9 depuis 15 ans, Temu a offert un moyen simple de s&rsquo;adapter \u00e0 un march\u00e9 du e-commerce en pleine mutation. Onboarding simplifi\u00e9, donn\u00e9es en temps r\u00e9el, accompagnement d\u00e9di\u00e9 : autant d&rsquo;atouts qui lui ont permis d&rsquo;affiner sa strat\u00e9gie en ligne, de toucher de nouveaux clients et de r\u00e9agir plus vite \u00e0 la demande.<\/p>\n\n\n\n<p class=\"wp-block-paragraph\">\u00ab Plut\u00f4t que de deviner ce que veulent nos clients, nous avons d\u00e9sormais des donn\u00e9es pour guider nos d\u00e9cisions, explique le fondateur Marcus Fochler. Quand quelque chose ne marchait pas, nous pouvions changer de cap imm\u00e9diatement. C&rsquo;est exactement la flexibilit\u00e9 dont nous avions besoin. \u00bb<\/p>\n\n\n\n<h2 class=\"wp-block-heading\">Chiffres cl\u00e9s de l\u2019enqu\u00eate<\/h2>\n\n\n\n<p class=\"wp-block-paragraph\">&#8211;&nbsp;&nbsp;&nbsp;&nbsp;&nbsp;&nbsp;&nbsp;&nbsp;&nbsp;&nbsp;&nbsp;&nbsp; 152 vendeurs locaux (Allemagne, France, Espagne, Italie, Pologne, Royaume-Uni) ont r\u00e9pondu \u00e0 l&rsquo;enqu\u00eate europ\u00e9enne de Temu, men\u00e9e en juin et juillet 2026.<\/p>\n\n\n\n<p class=\"wp-block-paragraph\">&#8211;&nbsp;&nbsp;&nbsp;&nbsp;&nbsp;&nbsp;&nbsp;&nbsp;&nbsp;&nbsp;&nbsp;&nbsp; 50 % des r\u00e9pondants ont augment\u00e9 leur capacit\u00e9 de production ou op\u00e9rationnelle, recrut\u00e9 du personnel, ou les deux, depuis leur arriv\u00e9e sur Temu.<\/p>\n\n\n\n<p class=\"wp-block-paragraph\">&#8211;&nbsp;&nbsp;&nbsp;&nbsp;&nbsp;&nbsp;&nbsp;&nbsp;&nbsp;&nbsp;&nbsp;&nbsp; 34 % des r\u00e9pondants actifs dans l&rsquo;UE se sont d\u00e9velopp\u00e9s sur de nouveaux march\u00e9s internationaux apr\u00e8s avoir rejoint Temu.<\/p>\n\n\n\n<p class=\"wp-block-paragraph\">&#8211;&nbsp;&nbsp;&nbsp;&nbsp;&nbsp;&nbsp;&nbsp;&nbsp;&nbsp;&nbsp;&nbsp;&nbsp; 75 % des r\u00e9pondants consid\u00e8rent Temu comme un canal de vente compl\u00e9mentaire important, voire comme leur canal principal.<\/p>\n\n\n\n<p class=\"wp-block-paragraph\">&#8211;&nbsp;&nbsp;&nbsp;&nbsp;&nbsp;&nbsp;&nbsp;&nbsp;&nbsp;&nbsp;&nbsp;&nbsp; 43 % des r\u00e9pondants \u00e9taient en activit\u00e9 depuis plus de dix ans avant de rejoindre Temu.<\/p>\n\n\n\n<p class=\"wp-block-paragraph\">&#8211;&nbsp;&nbsp;&nbsp;&nbsp;&nbsp;&nbsp;&nbsp;&nbsp;&nbsp;&nbsp;&nbsp;&nbsp; 38 % des r\u00e9pondants citent la simplicit\u00e9 d&rsquo;utilisation de la plateforme vendeurs parmi les raisons de leur choix.<\/p>\n\n\n\n<p class=\"wp-block-paragraph\">&#8211;&nbsp;&nbsp;&nbsp;&nbsp;&nbsp;&nbsp;&nbsp;&nbsp;&nbsp;&nbsp;&nbsp;&nbsp; 35 % citent la structure de co\u00fbts de Temu.<\/p>\n\n\n\n<p class=\"wp-block-paragraph\">&#8211;&nbsp;&nbsp;&nbsp;&nbsp;&nbsp;&nbsp;&nbsp;&nbsp;&nbsp;&nbsp;&nbsp;&nbsp; 65 % appr\u00e9cient l&rsquo;accompagnement personnalis\u00e9 et d\u00e9di\u00e9 propos\u00e9 aux vendeurs.<\/p>\n\n\n\n<p class=\"wp-block-paragraph\"><\/p>\n","protected":false},"excerpt":{"rendered":"<p>Une enqu\u00eate men\u00e9e par Temu r\u00e9v\u00e8le que la moiti\u00e9 des vendeurs ayant r\u00e9pondu ont augment\u00e9 leur capacit\u00e9 de production, embauch\u00e9 du personnel, ou les deux, tandis qu&rsquo;un tiers des vendeurs interrog\u00e9s sur les march\u00e9s de l&rsquo;UE se sont d\u00e9velopp\u00e9s \u00e0 l&rsquo;international.<\/p>\n","protected":false},"author":3,"featured_media":154521,"comment_status":"closed","ping_status":"closed","sticky":false,"template":"","format":"standard","meta":{"_acf_changed":false,"inline_featured_image":false,"_jetpack_newsletter_access":"","_jetpack_dont_email_post_to_subs":false,"_jetpack_newsletter_tier_id":0,"_jetpack_memberships_contains_paywalled_content":false,"_jetpack_memberships_contains_paid_content":false,"footnotes":""},"categories":[25],"tags":[2081],"people":[],"extra":[],"company":[1259],"topic":[318],"region":[],"class_list":["post-154522","post","type-post","status-publish","format-standard","has-post-thumbnail","hentry","category-general","tag-marketplace","company-temu","topic-publireportage"],"acf":[],"yoast_head":"<!-- This site is optimized with the Yoast SEO plugin v28.1 - https:\/\/yoast.com\/product\/yoast-seo-wordpress\/ -->\n<title>Selon une nouvelle enqu\u00eate, Temu aide les PME europ\u00e9ennes \u00e0 se d\u00e9velopper \u00e0 l&#039;international et \u00e0 cr\u00e9er des emplois - RetailDetail BE<\/title>\n<meta name=\"description\" content=\"Une enqu\u00eate men\u00e9e par Temu r\u00e9v\u00e8le que la moiti\u00e9 des vendeurs ayant r\u00e9pondu ont augment\u00e9 leur capacit\u00e9 de production, embauch\u00e9 du personnel, ou les deux, tandis qu&#039;un tiers des vendeurs interrog\u00e9s sur les march\u00e9s de l&#039;UE se sont d\u00e9velopp\u00e9s \u00e0 l&#039;international.\" \/>\n<meta name=\"robots\" content=\"index, follow, max-snippet:-1, max-image-preview:large, max-video-preview:-1\" \/>\n<link rel=\"canonical\" href=\"https:\/\/www.retaildetail.be\/fr\/news\/general\/selon-une-nouvelle-enquete-temu-aide-les-pme-europeennes-a-se-developper-a-linternational-et-a-creer-des-emplois\/\" \/>\n<meta property=\"og:locale\" content=\"fr_FR\" \/>\n<meta property=\"og:type\" content=\"article\" \/>\n<meta property=\"og:title\" content=\"Selon une nouvelle enqu\u00eate, Temu aide les PME europ\u00e9ennes \u00e0 se d\u00e9velopper \u00e0 l&#039;international et \u00e0 cr\u00e9er des emplois - RetailDetail BE\" \/>\n<meta property=\"og:description\" content=\"Une enqu\u00eate men\u00e9e par Temu r\u00e9v\u00e8le que la moiti\u00e9 des vendeurs ayant r\u00e9pondu ont augment\u00e9 leur capacit\u00e9 de production, embauch\u00e9 du personnel, ou les deux, tandis qu&#039;un tiers des vendeurs interrog\u00e9s sur les march\u00e9s de l&#039;UE se sont d\u00e9velopp\u00e9s \u00e0 l&#039;international.\" \/>\n<meta property=\"og:url\" content=\"https:\/\/www.retaildetail.be\/fr\/news\/general\/selon-une-nouvelle-enquete-temu-aide-les-pme-europeennes-a-se-developper-a-linternational-et-a-creer-des-emplois\/\" \/>\n<meta property=\"og:site_name\" content=\"RetailDetail BE\" \/>\n<meta property=\"article:published_time\" content=\"2026-09-03T07:00:00+00:00\" \/>\n<meta property=\"article:modified_time\" content=\"2026-09-03T07:01:10+00:00\" \/>\n<meta property=\"og:image\" content=\"https:\/\/www.retaildetail.be\/wp-content\/uploads\/2026\/09\/shutterstock_2508116005.jpg\" \/>\n\t<meta property=\"og:image:width\" content=\"1000\" \/>\n\t<meta property=\"og:image:height\" content=\"667\" \/>\n\t<meta property=\"og:image:type\" content=\"image\/jpeg\" \/>\n<meta name=\"author\" content=\"Stefan Van Rompaey\" \/>\n<meta name=\"twitter:card\" content=\"summary_large_image\" \/>\n<meta name=\"twitter:label1\" content=\"\u00c9crit par\" \/>\n\t<meta name=\"twitter:data1\" content=\"Stefan Van Rompaey\" \/>\n\t<meta name=\"twitter:label2\" content=\"Dur\u00e9e de lecture estim\u00e9e\" \/>\n\t<meta name=\"twitter:data2\" content=\"7 minutes\" \/>\n<script type=\"application\/ld+json\" class=\"yoast-schema-graph\">{\"@context\":\"https:\\\/\\\/schema.org\",\"@graph\":[{\"@type\":\"NewsArticle\",\"@id\":\"https:\\\/\\\/www.retaildetail.be\\\/fr\\\/news\\\/general\\\/selon-une-nouvelle-enquete-temu-aide-les-pme-europeennes-a-se-developper-a-linternational-et-a-creer-des-emplois\\\/#article\",\"isPartOf\":{\"@id\":\"https:\\\/\\\/www.retaildetail.be\\\/fr\\\/news\\\/general\\\/selon-une-nouvelle-enquete-temu-aide-les-pme-europeennes-a-se-developper-a-linternational-et-a-creer-des-emplois\\\/\"},\"author\":{\"name\":\"Stefan Van Rompaey\",\"@id\":\"https:\\\/\\\/www.retaildetail.be\\\/nl\\\/#\\\/schema\\\/person\\\/51aec6069c4416aa2f68b2e4ff3455df\"},\"headline\":\"Selon une nouvelle enqu\u00eate, Temu aide les PME europ\u00e9ennes \u00e0 se d\u00e9velopper \u00e0 l&rsquo;international et \u00e0 cr\u00e9er des emplois\",\"datePublished\":\"2026-09-03T07:00:00+00:00\",\"dateModified\":\"2026-09-03T07:01:10+00:00\",\"mainEntityOfPage\":{\"@id\":\"https:\\\/\\\/www.retaildetail.be\\\/fr\\\/news\\\/general\\\/selon-une-nouvelle-enquete-temu-aide-les-pme-europeennes-a-se-developper-a-linternational-et-a-creer-des-emplois\\\/\"},\"wordCount\":1469,\"publisher\":{\"@id\":\"https:\\\/\\\/www.retaildetail.be\\\/nl\\\/#organization\"},\"image\":{\"@id\":\"https:\\\/\\\/www.retaildetail.be\\\/fr\\\/news\\\/general\\\/selon-une-nouvelle-enquete-temu-aide-les-pme-europeennes-a-se-developper-a-linternational-et-a-creer-des-emplois\\\/#primaryimage\"},\"thumbnailUrl\":\"https:\\\/\\\/www.retaildetail.be\\\/wp-content\\\/uploads\\\/2026\\\/09\\\/shutterstock_2508116005.jpg\",\"keywords\":[\"marketplace\"],\"articleSection\":[\"G\u00e9n\u00e9ral\"],\"inLanguage\":\"fr-FR\",\"copyrightYear\":\"2026\",\"copyrightHolder\":{\"@id\":\"https:\\\/\\\/www.retaildetail.be\\\/#organization\"}},{\"@type\":\"WebPage\",\"@id\":\"https:\\\/\\\/www.retaildetail.be\\\/fr\\\/news\\\/general\\\/selon-une-nouvelle-enquete-temu-aide-les-pme-europeennes-a-se-developper-a-linternational-et-a-creer-des-emplois\\\/\",\"url\":\"https:\\\/\\\/www.retaildetail.be\\\/fr\\\/news\\\/general\\\/selon-une-nouvelle-enquete-temu-aide-les-pme-europeennes-a-se-developper-a-linternational-et-a-creer-des-emplois\\\/\",\"name\":\"Selon une nouvelle enqu\u00eate, Temu aide les PME europ\u00e9ennes \u00e0 se d\u00e9velopper \u00e0 l'international et \u00e0 cr\u00e9er des emplois - RetailDetail BE\",\"isPartOf\":{\"@id\":\"https:\\\/\\\/www.retaildetail.be\\\/nl\\\/#website\"},\"primaryImageOfPage\":{\"@id\":\"https:\\\/\\\/www.retaildetail.be\\\/fr\\\/news\\\/general\\\/selon-une-nouvelle-enquete-temu-aide-les-pme-europeennes-a-se-developper-a-linternational-et-a-creer-des-emplois\\\/#primaryimage\"},\"image\":{\"@id\":\"https:\\\/\\\/www.retaildetail.be\\\/fr\\\/news\\\/general\\\/selon-une-nouvelle-enquete-temu-aide-les-pme-europeennes-a-se-developper-a-linternational-et-a-creer-des-emplois\\\/#primaryimage\"},\"thumbnailUrl\":\"https:\\\/\\\/www.retaildetail.be\\\/wp-content\\\/uploads\\\/2026\\\/09\\\/shutterstock_2508116005.jpg\",\"datePublished\":\"2026-09-03T07:00:00+00:00\",\"dateModified\":\"2026-09-03T07:01:10+00:00\",\"description\":\"Une enqu\u00eate men\u00e9e par Temu r\u00e9v\u00e8le que la moiti\u00e9 des vendeurs ayant r\u00e9pondu ont augment\u00e9 leur capacit\u00e9 de production, embauch\u00e9 du personnel, ou les deux, tandis qu'un tiers des vendeurs interrog\u00e9s sur les march\u00e9s de l'UE se sont d\u00e9velopp\u00e9s \u00e0 l'international.\",\"breadcrumb\":{\"@id\":\"https:\\\/\\\/www.retaildetail.be\\\/fr\\\/news\\\/general\\\/selon-une-nouvelle-enquete-temu-aide-les-pme-europeennes-a-se-developper-a-linternational-et-a-creer-des-emplois\\\/#breadcrumb\"},\"inLanguage\":\"fr-FR\",\"potentialAction\":[{\"@type\":\"ReadAction\",\"target\":[\"https:\\\/\\\/www.retaildetail.be\\\/fr\\\/news\\\/general\\\/selon-une-nouvelle-enquete-temu-aide-les-pme-europeennes-a-se-developper-a-linternational-et-a-creer-des-emplois\\\/\"]}]},{\"@type\":\"ImageObject\",\"inLanguage\":\"fr-FR\",\"@id\":\"https:\\\/\\\/www.retaildetail.be\\\/fr\\\/news\\\/general\\\/selon-une-nouvelle-enquete-temu-aide-les-pme-europeennes-a-se-developper-a-linternational-et-a-creer-des-emplois\\\/#primaryimage\",\"url\":\"https:\\\/\\\/www.retaildetail.be\\\/wp-content\\\/uploads\\\/2026\\\/09\\\/shutterstock_2508116005.jpg\",\"contentUrl\":\"https:\\\/\\\/www.retaildetail.be\\\/wp-content\\\/uploads\\\/2026\\\/09\\\/shutterstock_2508116005.jpg\",\"width\":1000,\"height\":667,\"caption\":\"Shutterstock.com\"},{\"@type\":\"BreadcrumbList\",\"@id\":\"https:\\\/\\\/www.retaildetail.be\\\/fr\\\/news\\\/general\\\/selon-une-nouvelle-enquete-temu-aide-les-pme-europeennes-a-se-developper-a-linternational-et-a-creer-des-emplois\\\/#breadcrumb\",\"itemListElement\":[{\"@type\":\"ListItem\",\"position\":1,\"name\":\"Home\",\"item\":\"https:\\\/\\\/www.retaildetail.be\\\/fr\\\/\"},{\"@type\":\"ListItem\",\"position\":2,\"name\":\"Selon une nouvelle enqu\u00eate, Temu aide les PME europ\u00e9ennes \u00e0 se d\u00e9velopper \u00e0 l&#8217;international et \u00e0 cr\u00e9er des emplois\"}]},{\"@type\":\"WebSite\",\"@id\":\"https:\\\/\\\/www.retaildetail.be\\\/nl\\\/#website\",\"url\":\"https:\\\/\\\/www.retaildetail.be\\\/nl\\\/\",\"name\":\"RetailDetail BE\",\"description\":\"News\",\"publisher\":{\"@id\":\"https:\\\/\\\/www.retaildetail.be\\\/nl\\\/#organization\"},\"potentialAction\":[{\"@type\":\"SearchAction\",\"target\":{\"@type\":\"EntryPoint\",\"urlTemplate\":\"https:\\\/\\\/www.retaildetail.be\\\/nl\\\/?s={search_term_string}\"},\"query-input\":{\"@type\":\"PropertyValueSpecification\",\"valueRequired\":true,\"valueName\":\"search_term_string\"}}],\"inLanguage\":\"fr-FR\"},{\"@type\":\"Organization\",\"@id\":\"https:\\\/\\\/www.retaildetail.be\\\/nl\\\/#organization\",\"name\":\"RetailDetail BE\",\"url\":\"https:\\\/\\\/www.retaildetail.be\\\/nl\\\/\",\"logo\":{\"@type\":\"ImageObject\",\"inLanguage\":\"fr-FR\",\"@id\":\"https:\\\/\\\/www.retaildetail.be\\\/nl\\\/#\\\/schema\\\/logo\\\/image\\\/\",\"url\":\"https:\\\/\\\/www.retaildetail.be\\\/wp-content\\\/uploads\\\/2022\\\/04\\\/logo.svg\",\"contentUrl\":\"https:\\\/\\\/www.retaildetail.be\\\/wp-content\\\/uploads\\\/2022\\\/04\\\/logo.svg\",\"width\":131,\"height\":70,\"caption\":\"RetailDetail BE\"},\"image\":{\"@id\":\"https:\\\/\\\/www.retaildetail.be\\\/nl\\\/#\\\/schema\\\/logo\\\/image\\\/\"}},{\"@type\":\"Person\",\"@id\":\"https:\\\/\\\/www.retaildetail.be\\\/nl\\\/#\\\/schema\\\/person\\\/51aec6069c4416aa2f68b2e4ff3455df\",\"name\":\"Stefan Van Rompaey\",\"image\":{\"@type\":\"ImageObject\",\"inLanguage\":\"fr-FR\",\"@id\":\"https:\\\/\\\/secure.gravatar.com\\\/avatar\\\/fbbb4a80a0f109888b2a5ab8ae255617499ecde533749b3ab2fa6c23b5d65dac?s=96&d=mm&r=g\",\"url\":\"https:\\\/\\\/secure.gravatar.com\\\/avatar\\\/fbbb4a80a0f109888b2a5ab8ae255617499ecde533749b3ab2fa6c23b5d65dac?s=96&d=mm&r=g\",\"contentUrl\":\"https:\\\/\\\/secure.gravatar.com\\\/avatar\\\/fbbb4a80a0f109888b2a5ab8ae255617499ecde533749b3ab2fa6c23b5d65dac?s=96&d=mm&r=g\",\"caption\":\"Stefan Van Rompaey\"},\"url\":\"https:\\\/\\\/www.retaildetail.be\\\/fr\\\/author\\\/stefanvanrompaey\\\/\"}]}<\/script>\n<!-- \/ Yoast SEO plugin. -->","yoast_head_json":{"title":"Selon une nouvelle enqu\u00eate, Temu aide les PME europ\u00e9ennes \u00e0 se d\u00e9velopper \u00e0 l'international et \u00e0 cr\u00e9er des emplois - RetailDetail BE","description":"Une enqu\u00eate men\u00e9e par Temu r\u00e9v\u00e8le que la moiti\u00e9 des vendeurs ayant r\u00e9pondu ont augment\u00e9 leur capacit\u00e9 de production, embauch\u00e9 du personnel, ou les deux, tandis qu'un tiers des vendeurs interrog\u00e9s sur les march\u00e9s de l'UE se sont d\u00e9velopp\u00e9s \u00e0 l'international.","robots":{"index":"index","follow":"follow","max-snippet":"max-snippet:-1","max-image-preview":"max-image-preview:large","max-video-preview":"max-video-preview:-1"},"canonical":"https:\/\/www.retaildetail.be\/fr\/news\/general\/selon-une-nouvelle-enquete-temu-aide-les-pme-europeennes-a-se-developper-a-linternational-et-a-creer-des-emplois\/","og_locale":"fr_FR","og_type":"article","og_title":"Selon une nouvelle enqu\u00eate, Temu aide les PME europ\u00e9ennes \u00e0 se d\u00e9velopper \u00e0 l'international et \u00e0 cr\u00e9er des emplois - RetailDetail BE","og_description":"Une enqu\u00eate men\u00e9e par Temu r\u00e9v\u00e8le que la moiti\u00e9 des vendeurs ayant r\u00e9pondu ont augment\u00e9 leur capacit\u00e9 de production, embauch\u00e9 du personnel, ou les deux, tandis qu'un tiers des vendeurs interrog\u00e9s sur les march\u00e9s de l'UE se sont d\u00e9velopp\u00e9s \u00e0 l'international.","og_url":"https:\/\/www.retaildetail.be\/fr\/news\/general\/selon-une-nouvelle-enquete-temu-aide-les-pme-europeennes-a-se-developper-a-linternational-et-a-creer-des-emplois\/","og_site_name":"RetailDetail BE","article_published_time":"2026-09-03T07:00:00+00:00","article_modified_time":"2026-09-03T07:01:10+00:00","og_image":[{"width":1000,"height":667,"url":"https:\/\/www.retaildetail.be\/wp-content\/uploads\/2026\/09\/shutterstock_2508116005.jpg","type":"image\/jpeg"}],"author":"Stefan Van Rompaey","twitter_card":"summary_large_image","twitter_misc":{"\u00c9crit par":"Stefan Van Rompaey","Dur\u00e9e de lecture estim\u00e9e":"7 minutes"},"schema":{"@context":"https:\/\/schema.org","@graph":[{"@type":"NewsArticle","@id":"https:\/\/www.retaildetail.be\/fr\/news\/general\/selon-une-nouvelle-enquete-temu-aide-les-pme-europeennes-a-se-developper-a-linternational-et-a-creer-des-emplois\/#article","isPartOf":{"@id":"https:\/\/www.retaildetail.be\/fr\/news\/general\/selon-une-nouvelle-enquete-temu-aide-les-pme-europeennes-a-se-developper-a-linternational-et-a-creer-des-emplois\/"},"author":{"name":"Stefan Van Rompaey","@id":"https:\/\/www.retaildetail.be\/nl\/#\/schema\/person\/51aec6069c4416aa2f68b2e4ff3455df"},"headline":"Selon une nouvelle enqu\u00eate, Temu aide les PME europ\u00e9ennes \u00e0 se d\u00e9velopper \u00e0 l&rsquo;international et \u00e0 cr\u00e9er des emplois","datePublished":"2026-09-03T07:00:00+00:00","dateModified":"2026-09-03T07:01:10+00:00","mainEntityOfPage":{"@id":"https:\/\/www.retaildetail.be\/fr\/news\/general\/selon-une-nouvelle-enquete-temu-aide-les-pme-europeennes-a-se-developper-a-linternational-et-a-creer-des-emplois\/"},"wordCount":1469,"publisher":{"@id":"https:\/\/www.retaildetail.be\/nl\/#organization"},"image":{"@id":"https:\/\/www.retaildetail.be\/fr\/news\/general\/selon-une-nouvelle-enquete-temu-aide-les-pme-europeennes-a-se-developper-a-linternational-et-a-creer-des-emplois\/#primaryimage"},"thumbnailUrl":"https:\/\/www.retaildetail.be\/wp-content\/uploads\/2026\/09\/shutterstock_2508116005.jpg","keywords":["marketplace"],"articleSection":["G\u00e9n\u00e9ral"],"inLanguage":"fr-FR","copyrightYear":"2026","copyrightHolder":{"@id":"https:\/\/www.retaildetail.be\/#organization"}},{"@type":"WebPage","@id":"https:\/\/www.retaildetail.be\/fr\/news\/general\/selon-une-nouvelle-enquete-temu-aide-les-pme-europeennes-a-se-developper-a-linternational-et-a-creer-des-emplois\/","url":"https:\/\/www.retaildetail.be\/fr\/news\/general\/selon-une-nouvelle-enquete-temu-aide-les-pme-europeennes-a-se-developper-a-linternational-et-a-creer-des-emplois\/","name":"Selon une nouvelle enqu\u00eate, Temu aide les PME europ\u00e9ennes \u00e0 se d\u00e9velopper \u00e0 l'international et \u00e0 cr\u00e9er des emplois - RetailDetail BE","isPartOf":{"@id":"https:\/\/www.retaildetail.be\/nl\/#website"},"primaryImageOfPage":{"@id":"https:\/\/www.retaildetail.be\/fr\/news\/general\/selon-une-nouvelle-enquete-temu-aide-les-pme-europeennes-a-se-developper-a-linternational-et-a-creer-des-emplois\/#primaryimage"},"image":{"@id":"https:\/\/www.retaildetail.be\/fr\/news\/general\/selon-une-nouvelle-enquete-temu-aide-les-pme-europeennes-a-se-developper-a-linternational-et-a-creer-des-emplois\/#primaryimage"},"thumbnailUrl":"https:\/\/www.retaildetail.be\/wp-content\/uploads\/2026\/09\/shutterstock_2508116005.jpg","datePublished":"2026-09-03T07:00:00+00:00","dateModified":"2026-09-03T07:01:10+00:00","description":"Une enqu\u00eate men\u00e9e par Temu r\u00e9v\u00e8le que la moiti\u00e9 des vendeurs ayant r\u00e9pondu ont augment\u00e9 leur capacit\u00e9 de production, embauch\u00e9 du personnel, ou les deux, tandis qu'un tiers des vendeurs interrog\u00e9s sur les march\u00e9s de l'UE se sont d\u00e9velopp\u00e9s \u00e0 l'international.","breadcrumb":{"@id":"https:\/\/www.retaildetail.be\/fr\/news\/general\/selon-une-nouvelle-enquete-temu-aide-les-pme-europeennes-a-se-developper-a-linternational-et-a-creer-des-emplois\/#breadcrumb"},"inLanguage":"fr-FR","potentialAction":[{"@type":"ReadAction","target":["https:\/\/www.retaildetail.be\/fr\/news\/general\/selon-une-nouvelle-enquete-temu-aide-les-pme-europeennes-a-se-developper-a-linternational-et-a-creer-des-emplois\/"]}]},{"@type":"ImageObject","inLanguage":"fr-FR","@id":"https:\/\/www.retaildetail.be\/fr\/news\/general\/selon-une-nouvelle-enquete-temu-aide-les-pme-europeennes-a-se-developper-a-linternational-et-a-creer-des-emplois\/#primaryimage","url":"https:\/\/www.retaildetail.be\/wp-content\/uploads\/2026\/09\/shutterstock_2508116005.jpg","contentUrl":"https:\/\/www.retaildetail.be\/wp-content\/uploads\/2026\/09\/shutterstock_2508116005.jpg","width":1000,"height":667,"caption":"Shutterstock.com"},{"@type":"BreadcrumbList","@id":"https:\/\/www.retaildetail.be\/fr\/news\/general\/selon-une-nouvelle-enquete-temu-aide-les-pme-europeennes-a-se-developper-a-linternational-et-a-creer-des-emplois\/#breadcrumb","itemListElement":[{"@type":"ListItem","position":1,"name":"Home","item":"https:\/\/www.retaildetail.be\/fr\/"},{"@type":"ListItem","position":2,"name":"Selon une nouvelle enqu\u00eate, Temu aide les PME europ\u00e9ennes \u00e0 se d\u00e9velopper \u00e0 l&#8217;international et \u00e0 cr\u00e9er des emplois"}]},{"@type":"WebSite","@id":"https:\/\/www.retaildetail.be\/nl\/#website","url":"https:\/\/www.retaildetail.be\/nl\/","name":"RetailDetail BE","description":"News","publisher":{"@id":"https:\/\/www.retaildetail.be\/nl\/#organization"},"potentialAction":[{"@type":"SearchAction","target":{"@type":"EntryPoint","urlTemplate":"https:\/\/www.retaildetail.be\/nl\/?s={search_term_string}"},"query-input":{"@type":"PropertyValueSpecification","valueRequired":true,"valueName":"search_term_string"}}],"inLanguage":"fr-FR"},{"@type":"Organization","@id":"https:\/\/www.retaildetail.be\/nl\/#organization","name":"RetailDetail BE","url":"https:\/\/www.retaildetail.be\/nl\/","logo":{"@type":"ImageObject","inLanguage":"fr-FR","@id":"https:\/\/www.retaildetail.be\/nl\/#\/schema\/logo\/image\/","url":"https:\/\/www.retaildetail.be\/wp-content\/uploads\/2022\/04\/logo.svg","contentUrl":"https:\/\/www.retaildetail.be\/wp-content\/uploads\/2022\/04\/logo.svg","width":131,"height":70,"caption":"RetailDetail BE"},"image":{"@id":"https:\/\/www.retaildetail.be\/nl\/#\/schema\/logo\/image\/"}},{"@type":"Person","@id":"https:\/\/www.retaildetail.be\/nl\/#\/schema\/person\/51aec6069c4416aa2f68b2e4ff3455df","name":"Stefan Van Rompaey","image":{"@type":"ImageObject","inLanguage":"fr-FR","@id":"https:\/\/secure.gravatar.com\/avatar\/fbbb4a80a0f109888b2a5ab8ae255617499ecde533749b3ab2fa6c23b5d65dac?s=96&d=mm&r=g","url":"https:\/\/secure.gravatar.com\/avatar\/fbbb4a80a0f109888b2a5ab8ae255617499ecde533749b3ab2fa6c23b5d65dac?s=96&d=mm&r=g","contentUrl":"https:\/\/secure.gravatar.com\/avatar\/fbbb4a80a0f109888b2a5ab8ae255617499ecde533749b3ab2fa6c23b5d65dac?s=96&d=mm&r=g","caption":"Stefan Van Rompaey"},"url":"https:\/\/www.retaildetail.be\/fr\/author\/stefanvanrompaey\/"}]}},"jetpack_featured_media_url":"https:\/\/www.retaildetail.be\/wp-content\/uploads\/2026\/09\/shutterstock_2508116005.jpg","jetpack_sharing_enabled":true,"_links":{"self":[{"href":"https:\/\/www.retaildetail.be\/fr\/wp-json\/wp\/v2\/posts\/154522","targetHints":{"allow":["GET"]}}],"collection":[{"href":"https:\/\/www.retaildetail.be\/fr\/wp-json\/wp\/v2\/posts"}],"about":[{"href":"https:\/\/www.retaildetail.be\/fr\/wp-json\/wp\/v2\/types\/post"}],"author":[{"embeddable":true,"href":"https:\/\/www.retaildetail.be\/fr\/wp-json\/wp\/v2\/users\/3"}],"replies":[{"embeddable":true,"href":"https:\/\/www.retaildetail.be\/fr\/wp-json\/wp\/v2\/comments?post=154522"}],"version-history":[{"count":1,"href":"https:\/\/www.retaildetail.be\/fr\/wp-json\/wp\/v2\/posts\/154522\/revisions"}],"predecessor-version":[{"id":154524,"href":"https:\/\/www.retaildetail.be\/fr\/wp-json\/wp\/v2\/posts\/154522\/revisions\/154524"}],"wp:featuredmedia":[{"embeddable":true,"href":"https:\/\/www.retaildetail.be\/fr\/wp-json\/wp\/v2\/media\/154521"}],"wp:attachment":[{"href":"https:\/\/www.retaildetail.be\/fr\/wp-json\/wp\/v2\/media?parent=154522"}],"wp:term":[{"taxonomy":"category","embeddable":true,"href":"https:\/\/www.retaildetail.be\/fr\/wp-json\/wp\/v2\/categories?post=154522"},{"taxonomy":"post_tag","embeddable":true,"href":"https:\/\/www.retaildetail.be\/fr\/wp-json\/wp\/v2\/tags?post=154522"},{"taxonomy":"people","embeddable":true,"href":"https:\/\/www.retaildetail.be\/fr\/wp-json\/wp\/v2\/people?post=154522"},{"taxonomy":"extra","embeddable":true,"href":"https:\/\/www.retaildetail.be\/fr\/wp-json\/wp\/v2\/extra?post=154522"},{"taxonomy":"company","embeddable":true,"href":"https:\/\/www.retaildetail.be\/fr\/wp-json\/wp\/v2\/company?post=154522"},{"taxonomy":"topic","embeddable":true,"href":"https:\/\/www.retaildetail.be\/fr\/wp-json\/wp\/v2\/topic?post=154522"},{"taxonomy":"region","embeddable":true,"href":"https:\/\/www.retaildetail.be\/fr\/wp-json\/wp\/v2\/region?post=154522"}],"curies":[{"name":"wp","href":"https:\/\/api.w.org\/{rel}","templated":true}]}}