{"id":154531,"date":"2026-09-02T10:53:49","date_gmt":"2026-09-02T08:53:49","guid":{"rendered":"https:\/\/www.retaildetail.be\/?p=154531"},"modified":"2026-09-02T10:53:51","modified_gmt":"2026-09-02T08:53:51","slug":"nestle-vend-ses-vitamines-et-complements-alimentaires-pour-1-milliard-de-dollars","status":"publish","type":"post","link":"https:\/\/www.retaildetail.be\/fr\/news\/food\/nestle-vend-ses-vitamines-et-complements-alimentaires-pour-1-milliard-de-dollars\/","title":{"rendered":"Nestl\u00e9 vend ses vitamines et compl\u00e9ments alimentaires pour 1 milliard de dollars"},"content":{"rendered":"\n<p class=\"wp-block-paragraph\"><strong>Nestl\u00e9 <\/strong>c\u00e8de sa division Holistic Health, sp\u00e9cialis\u00e9e dans la fabrication de vitamines, de min\u00e9raux et de compl\u00e9ments alimentaires, \u00e0 <strong>Yellow Wood Partners<\/strong>. Le groupe d&rsquo;investissement d\u00e9boursera 1 milliard de dollars pour acqu\u00e9rir des marques principalement connues aux \u00c9tats-Unis, telles que <strong>Nature\u2019s Bounty<\/strong>.<\/p>\n\n\n\n<h2 class=\"wp-block-heading\">Un march\u00e9 en pleine expansion<\/h2>\n\n\n\n<p class=\"wp-block-paragraph\">\u00ab Holistic Health constitue une excellente plateforme de marques de confiance entretenant des liens \u00e9troits avec les d\u00e9taillants, ce qui offre des opportunit\u00e9s consid\u00e9rables de croissance future \u00bb, a d\u00e9clar\u00e9 Dana Schmaltz, associ\u00e9e chez Yellow Wood Partners, dans un communiqu\u00e9 de presse. C\u2019est notamment aux \u00c9tats-Unis que Nestl\u00e9 occupe une place pr\u00e9pond\u00e9rante dans le secteur des vitamines, min\u00e9raux et compl\u00e9ments alimentaires (VMS) : Nature\u2019s Bounty y est la deuxi\u00e8me marque VMS en importance et le leader du march\u00e9 de la sant\u00e9 f\u00e9minine. Un foyer am\u00e9ricain sur cinq utilise cette marque, selon le groupe.<\/p>\n\n\n\n<p class=\"wp-block-paragraph\">La division compte \u00e9galement des marques sp\u00e9cialis\u00e9es telles que Nuun, Osteo Bi-Flex et Gard. Mme Schmaltz ajoute : \u00ab Le portefeuille de Holistic Health comprend un ensemble de marques leaders dans des cat\u00e9gories sp\u00e9cialis\u00e9es au sein de divers segments \u00e0 forte croissance du march\u00e9 attractif des VMS, tels que l\u2019hydratation, la sant\u00e9 intestinale et l\u2019immunit\u00e9. En permettant \u00e0 Holistic Health de fonctionner comme une entit\u00e9 ind\u00e9pendante, nous pouvons tirer parti de la force de chaque marque pour acc\u00e9l\u00e9rer la croissance, stimuler l\u2019innovation et renforcer leur position sur le march\u00e9 aupr\u00e8s des consommateurs et des partenaires de distribution. \u00bb<\/p>\n\n\n\n<p class=\"wp-block-paragraph\">Yellow Wood avait d\u00e9j\u00e0 rachet\u00e9 auparavant de grandes marques de produits de soins \u00e0 des multinationales du secteur des biens de grande consommation (FMCG), telles que Bayer et Unilever. La soci\u00e9t\u00e9 g\u00e8re un portefeuille de plus de quarante marques de produits m\u00e9nagers, parmi lesquelles Chapstick, Suave, Q-tips et Dr. Scholl\u2019s. L\u2019op\u00e9ration reste toutefois soumise \u00e0 l\u2019approbation des autorit\u00e9s de la concurrence et devrait \u00eatre finalis\u00e9e au cours du premier semestre 2027. <\/p>\n","protected":false},"excerpt":{"rendered":"<p>Nestl\u00e9 c\u00e8de sa division Holistic Health, sp\u00e9cialis\u00e9e dans la fabrication de vitamines, de min\u00e9raux et de compl\u00e9ments alimentaires, \u00e0 Yellow Wood Partners. Le groupe d&rsquo;investissement d\u00e9boursera 1 milliard de dollars pour acqu\u00e9rir des marques principalement connues aux \u00c9tats-Unis, telles que Nature\u2019s Bounty.<\/p>\n","protected":false},"author":5,"featured_media":154532,"comment_status":"closed","ping_status":"closed","sticky":false,"template":"","format":"standard","meta":{"_acf_changed":false,"inline_featured_image":false,"_jetpack_newsletter_access":"","_jetpack_dont_email_post_to_subs":false,"_jetpack_newsletter_tier_id":0,"_jetpack_memberships_contains_paywalled_content":false,"_jetpack_memberships_contains_paid_content":false,"footnotes":""},"categories":[24,19],"tags":[],"people":[],"extra":[43],"company":[319],"topic":[282],"region":[],"class_list":["post-154531","post","type-post","status-publish","format-standard","has-post-thumbnail","hentry","category-food","category-schoonheid-verzorging","extra-plus","company-nestle","topic-acquisition"],"acf":[],"yoast_head":"<!-- This site is optimized with the Yoast SEO plugin v28.1 - https:\/\/yoast.com\/product\/yoast-seo-wordpress\/ -->\n<title>Nestl\u00e9 vend ses vitamines et compl\u00e9ments alimentaires pour 1 milliard de dollars - RetailDetail BE<\/title>\n<meta name=\"robots\" content=\"index, follow, max-snippet:-1, max-image-preview:large, max-video-preview:-1\" \/>\n<link rel=\"canonical\" href=\"https:\/\/www.retaildetail.be\/fr\/news\/food\/nestle-vend-ses-vitamines-et-complements-alimentaires-pour-1-milliard-de-dollars\/\" \/>\n<meta property=\"og:locale\" content=\"fr_FR\" \/>\n<meta property=\"og:type\" content=\"article\" \/>\n<meta property=\"og:title\" content=\"Nestl\u00e9 vend ses vitamines et compl\u00e9ments alimentaires pour 1 milliard de dollars - RetailDetail BE\" \/>\n<meta property=\"og:description\" content=\"Nestl\u00e9 c\u00e8de sa division Holistic Health, sp\u00e9cialis\u00e9e dans la fabrication de vitamines, de min\u00e9raux et de compl\u00e9ments alimentaires, \u00e0 Yellow Wood Partners. Le groupe d&#039;investissement d\u00e9boursera 1 milliard de dollars pour acqu\u00e9rir des marques principalement connues aux \u00c9tats-Unis, telles que Nature\u2019s Bounty.\" \/>\n<meta property=\"og:url\" content=\"https:\/\/www.retaildetail.be\/fr\/news\/food\/nestle-vend-ses-vitamines-et-complements-alimentaires-pour-1-milliard-de-dollars\/\" \/>\n<meta property=\"og:site_name\" content=\"RetailDetail BE\" \/>\n<meta property=\"article:published_time\" content=\"2026-09-02T08:53:49+00:00\" \/>\n<meta property=\"article:modified_time\" content=\"2026-09-02T08:53:51+00:00\" \/>\n<meta property=\"og:image\" content=\"https:\/\/www.retaildetail.be\/wp-content\/uploads\/2026\/09\/Nestle-HQ-Vivey_0.jpg\" \/>\n\t<meta property=\"og:image:width\" content=\"1067\" \/>\n\t<meta property=\"og:image:height\" content=\"706\" \/>\n\t<meta property=\"og:image:type\" content=\"image\/jpeg\" \/>\n<meta name=\"author\" content=\"Pauline Neerman\" \/>\n<meta name=\"twitter:card\" content=\"summary_large_image\" \/>\n<meta name=\"twitter:label1\" content=\"\u00c9crit par\" \/>\n\t<meta name=\"twitter:data1\" content=\"Pauline Neerman\" \/>\n\t<meta name=\"twitter:label2\" content=\"Dur\u00e9e de lecture estim\u00e9e\" \/>\n\t<meta name=\"twitter:data2\" content=\"2 minutes\" \/>\n<script type=\"application\/ld+json\" class=\"yoast-schema-graph\">{\"@context\":\"https:\\\/\\\/schema.org\",\"@graph\":[{\"@type\":\"NewsArticle\",\"@id\":\"https:\\\/\\\/www.retaildetail.be\\\/fr\\\/news\\\/food\\\/nestle-vend-ses-vitamines-et-complements-alimentaires-pour-1-milliard-de-dollars\\\/#article\",\"isPartOf\":{\"@id\":\"https:\\\/\\\/www.retaildetail.be\\\/fr\\\/news\\\/food\\\/nestle-vend-ses-vitamines-et-complements-alimentaires-pour-1-milliard-de-dollars\\\/\"},\"author\":{\"name\":\"Pauline Neerman\",\"@id\":\"https:\\\/\\\/www.retaildetail.be\\\/nl\\\/#\\\/schema\\\/person\\\/66b54803fa10759039079458ea89e307\"},\"headline\":\"Nestl\u00e9 vend ses vitamines et compl\u00e9ments alimentaires pour 1 milliard de dollars\",\"datePublished\":\"2026-09-02T08:53:49+00:00\",\"dateModified\":\"2026-09-02T08:53:51+00:00\",\"mainEntityOfPage\":{\"@id\":\"https:\\\/\\\/www.retaildetail.be\\\/fr\\\/news\\\/food\\\/nestle-vend-ses-vitamines-et-complements-alimentaires-pour-1-milliard-de-dollars\\\/\"},\"wordCount\":353,\"publisher\":{\"@id\":\"https:\\\/\\\/www.retaildetail.be\\\/nl\\\/#organization\"},\"image\":{\"@id\":\"https:\\\/\\\/www.retaildetail.be\\\/fr\\\/news\\\/food\\\/nestle-vend-ses-vitamines-et-complements-alimentaires-pour-1-milliard-de-dollars\\\/#primaryimage\"},\"thumbnailUrl\":\"https:\\\/\\\/www.retaildetail.be\\\/wp-content\\\/uploads\\\/2026\\\/09\\\/Nestle-HQ-Vivey_0.jpg\",\"articleSection\":[\"Food\",\"Schoonheid\\\/verzorging\"],\"inLanguage\":\"fr-FR\",\"copyrightYear\":\"2026\",\"copyrightHolder\":{\"@id\":\"https:\\\/\\\/www.retaildetail.be\\\/#organization\"}},{\"@type\":\"WebPage\",\"@id\":\"https:\\\/\\\/www.retaildetail.be\\\/fr\\\/news\\\/food\\\/nestle-vend-ses-vitamines-et-complements-alimentaires-pour-1-milliard-de-dollars\\\/\",\"url\":\"https:\\\/\\\/www.retaildetail.be\\\/fr\\\/news\\\/food\\\/nestle-vend-ses-vitamines-et-complements-alimentaires-pour-1-milliard-de-dollars\\\/\",\"name\":\"Nestl\u00e9 vend ses vitamines et compl\u00e9ments alimentaires pour 1 milliard de dollars - RetailDetail BE\",\"isPartOf\":{\"@id\":\"https:\\\/\\\/www.retaildetail.be\\\/nl\\\/#website\"},\"primaryImageOfPage\":{\"@id\":\"https:\\\/\\\/www.retaildetail.be\\\/fr\\\/news\\\/food\\\/nestle-vend-ses-vitamines-et-complements-alimentaires-pour-1-milliard-de-dollars\\\/#primaryimage\"},\"image\":{\"@id\":\"https:\\\/\\\/www.retaildetail.be\\\/fr\\\/news\\\/food\\\/nestle-vend-ses-vitamines-et-complements-alimentaires-pour-1-milliard-de-dollars\\\/#primaryimage\"},\"thumbnailUrl\":\"https:\\\/\\\/www.retaildetail.be\\\/wp-content\\\/uploads\\\/2026\\\/09\\\/Nestle-HQ-Vivey_0.jpg\",\"datePublished\":\"2026-09-02T08:53:49+00:00\",\"dateModified\":\"2026-09-02T08:53:51+00:00\",\"breadcrumb\":{\"@id\":\"https:\\\/\\\/www.retaildetail.be\\\/fr\\\/news\\\/food\\\/nestle-vend-ses-vitamines-et-complements-alimentaires-pour-1-milliard-de-dollars\\\/#breadcrumb\"},\"inLanguage\":\"fr-FR\",\"potentialAction\":[{\"@type\":\"ReadAction\",\"target\":[\"https:\\\/\\\/www.retaildetail.be\\\/fr\\\/news\\\/food\\\/nestle-vend-ses-vitamines-et-complements-alimentaires-pour-1-milliard-de-dollars\\\/\"]}]},{\"@type\":\"ImageObject\",\"inLanguage\":\"fr-FR\",\"@id\":\"https:\\\/\\\/www.retaildetail.be\\\/fr\\\/news\\\/food\\\/nestle-vend-ses-vitamines-et-complements-alimentaires-pour-1-milliard-de-dollars\\\/#primaryimage\",\"url\":\"https:\\\/\\\/www.retaildetail.be\\\/wp-content\\\/uploads\\\/2026\\\/09\\\/Nestle-HQ-Vivey_0.jpg\",\"contentUrl\":\"https:\\\/\\\/www.retaildetail.be\\\/wp-content\\\/uploads\\\/2026\\\/09\\\/Nestle-HQ-Vivey_0.jpg\",\"width\":1067,\"height\":706,\"caption\":\"Shutterstock.com\"},{\"@type\":\"BreadcrumbList\",\"@id\":\"https:\\\/\\\/www.retaildetail.be\\\/fr\\\/news\\\/food\\\/nestle-vend-ses-vitamines-et-complements-alimentaires-pour-1-milliard-de-dollars\\\/#breadcrumb\",\"itemListElement\":[{\"@type\":\"ListItem\",\"position\":1,\"name\":\"Home\",\"item\":\"https:\\\/\\\/www.retaildetail.be\\\/fr\\\/\"},{\"@type\":\"ListItem\",\"position\":2,\"name\":\"Nestl\u00e9 vend ses vitamines et compl\u00e9ments alimentaires pour 1 milliard de dollars\"}]},{\"@type\":\"WebSite\",\"@id\":\"https:\\\/\\\/www.retaildetail.be\\\/nl\\\/#website\",\"url\":\"https:\\\/\\\/www.retaildetail.be\\\/nl\\\/\",\"name\":\"RetailDetail BE\",\"description\":\"News\",\"publisher\":{\"@id\":\"https:\\\/\\\/www.retaildetail.be\\\/nl\\\/#organization\"},\"potentialAction\":[{\"@type\":\"SearchAction\",\"target\":{\"@type\":\"EntryPoint\",\"urlTemplate\":\"https:\\\/\\\/www.retaildetail.be\\\/nl\\\/?s={search_term_string}\"},\"query-input\":{\"@type\":\"PropertyValueSpecification\",\"valueRequired\":true,\"valueName\":\"search_term_string\"}}],\"inLanguage\":\"fr-FR\"},{\"@type\":\"Organization\",\"@id\":\"https:\\\/\\\/www.retaildetail.be\\\/nl\\\/#organization\",\"name\":\"RetailDetail BE\",\"url\":\"https:\\\/\\\/www.retaildetail.be\\\/nl\\\/\",\"logo\":{\"@type\":\"ImageObject\",\"inLanguage\":\"fr-FR\",\"@id\":\"https:\\\/\\\/www.retaildetail.be\\\/nl\\\/#\\\/schema\\\/logo\\\/image\\\/\",\"url\":\"https:\\\/\\\/www.retaildetail.be\\\/wp-content\\\/uploads\\\/2022\\\/04\\\/logo.svg\",\"contentUrl\":\"https:\\\/\\\/www.retaildetail.be\\\/wp-content\\\/uploads\\\/2022\\\/04\\\/logo.svg\",\"width\":131,\"height\":70,\"caption\":\"RetailDetail BE\"},\"image\":{\"@id\":\"https:\\\/\\\/www.retaildetail.be\\\/nl\\\/#\\\/schema\\\/logo\\\/image\\\/\"}},{\"@type\":\"Person\",\"@id\":\"https:\\\/\\\/www.retaildetail.be\\\/nl\\\/#\\\/schema\\\/person\\\/66b54803fa10759039079458ea89e307\",\"name\":\"Pauline Neerman\",\"image\":{\"@type\":\"ImageObject\",\"inLanguage\":\"fr-FR\",\"@id\":\"https:\\\/\\\/secure.gravatar.com\\\/avatar\\\/58db22aee589a691f9603e5765ac06010427a923f9b2728b951eb7fe27214d70?s=96&d=mm&r=g\",\"url\":\"https:\\\/\\\/secure.gravatar.com\\\/avatar\\\/58db22aee589a691f9603e5765ac06010427a923f9b2728b951eb7fe27214d70?s=96&d=mm&r=g\",\"contentUrl\":\"https:\\\/\\\/secure.gravatar.com\\\/avatar\\\/58db22aee589a691f9603e5765ac06010427a923f9b2728b951eb7fe27214d70?s=96&d=mm&r=g\",\"caption\":\"Pauline Neerman\"},\"url\":\"https:\\\/\\\/www.retaildetail.be\\\/fr\\\/author\\\/paulineneerman\\\/\"}]}<\/script>\n<!-- \/ Yoast SEO plugin. -->","yoast_head_json":{"title":"Nestl\u00e9 vend ses vitamines et compl\u00e9ments alimentaires pour 1 milliard de dollars - RetailDetail BE","robots":{"index":"index","follow":"follow","max-snippet":"max-snippet:-1","max-image-preview":"max-image-preview:large","max-video-preview":"max-video-preview:-1"},"canonical":"https:\/\/www.retaildetail.be\/fr\/news\/food\/nestle-vend-ses-vitamines-et-complements-alimentaires-pour-1-milliard-de-dollars\/","og_locale":"fr_FR","og_type":"article","og_title":"Nestl\u00e9 vend ses vitamines et compl\u00e9ments alimentaires pour 1 milliard de dollars - RetailDetail BE","og_description":"Nestl\u00e9 c\u00e8de sa division Holistic Health, sp\u00e9cialis\u00e9e dans la fabrication de vitamines, de min\u00e9raux et de compl\u00e9ments alimentaires, \u00e0 Yellow Wood Partners. Le groupe d'investissement d\u00e9boursera 1 milliard de dollars pour acqu\u00e9rir des marques principalement connues aux \u00c9tats-Unis, telles que Nature\u2019s Bounty.","og_url":"https:\/\/www.retaildetail.be\/fr\/news\/food\/nestle-vend-ses-vitamines-et-complements-alimentaires-pour-1-milliard-de-dollars\/","og_site_name":"RetailDetail BE","article_published_time":"2026-09-02T08:53:49+00:00","article_modified_time":"2026-09-02T08:53:51+00:00","og_image":[{"width":1067,"height":706,"url":"https:\/\/www.retaildetail.be\/wp-content\/uploads\/2026\/09\/Nestle-HQ-Vivey_0.jpg","type":"image\/jpeg"}],"author":"Pauline Neerman","twitter_card":"summary_large_image","twitter_misc":{"\u00c9crit par":"Pauline Neerman","Dur\u00e9e de lecture estim\u00e9e":"2 minutes"},"schema":{"@context":"https:\/\/schema.org","@graph":[{"@type":"NewsArticle","@id":"https:\/\/www.retaildetail.be\/fr\/news\/food\/nestle-vend-ses-vitamines-et-complements-alimentaires-pour-1-milliard-de-dollars\/#article","isPartOf":{"@id":"https:\/\/www.retaildetail.be\/fr\/news\/food\/nestle-vend-ses-vitamines-et-complements-alimentaires-pour-1-milliard-de-dollars\/"},"author":{"name":"Pauline Neerman","@id":"https:\/\/www.retaildetail.be\/nl\/#\/schema\/person\/66b54803fa10759039079458ea89e307"},"headline":"Nestl\u00e9 vend ses vitamines et compl\u00e9ments alimentaires pour 1 milliard de dollars","datePublished":"2026-09-02T08:53:49+00:00","dateModified":"2026-09-02T08:53:51+00:00","mainEntityOfPage":{"@id":"https:\/\/www.retaildetail.be\/fr\/news\/food\/nestle-vend-ses-vitamines-et-complements-alimentaires-pour-1-milliard-de-dollars\/"},"wordCount":353,"publisher":{"@id":"https:\/\/www.retaildetail.be\/nl\/#organization"},"image":{"@id":"https:\/\/www.retaildetail.be\/fr\/news\/food\/nestle-vend-ses-vitamines-et-complements-alimentaires-pour-1-milliard-de-dollars\/#primaryimage"},"thumbnailUrl":"https:\/\/www.retaildetail.be\/wp-content\/uploads\/2026\/09\/Nestle-HQ-Vivey_0.jpg","articleSection":["Food","Schoonheid\/verzorging"],"inLanguage":"fr-FR","copyrightYear":"2026","copyrightHolder":{"@id":"https:\/\/www.retaildetail.be\/#organization"}},{"@type":"WebPage","@id":"https:\/\/www.retaildetail.be\/fr\/news\/food\/nestle-vend-ses-vitamines-et-complements-alimentaires-pour-1-milliard-de-dollars\/","url":"https:\/\/www.retaildetail.be\/fr\/news\/food\/nestle-vend-ses-vitamines-et-complements-alimentaires-pour-1-milliard-de-dollars\/","name":"Nestl\u00e9 vend ses vitamines et compl\u00e9ments alimentaires pour 1 milliard de dollars - RetailDetail BE","isPartOf":{"@id":"https:\/\/www.retaildetail.be\/nl\/#website"},"primaryImageOfPage":{"@id":"https:\/\/www.retaildetail.be\/fr\/news\/food\/nestle-vend-ses-vitamines-et-complements-alimentaires-pour-1-milliard-de-dollars\/#primaryimage"},"image":{"@id":"https:\/\/www.retaildetail.be\/fr\/news\/food\/nestle-vend-ses-vitamines-et-complements-alimentaires-pour-1-milliard-de-dollars\/#primaryimage"},"thumbnailUrl":"https:\/\/www.retaildetail.be\/wp-content\/uploads\/2026\/09\/Nestle-HQ-Vivey_0.jpg","datePublished":"2026-09-02T08:53:49+00:00","dateModified":"2026-09-02T08:53:51+00:00","breadcrumb":{"@id":"https:\/\/www.retaildetail.be\/fr\/news\/food\/nestle-vend-ses-vitamines-et-complements-alimentaires-pour-1-milliard-de-dollars\/#breadcrumb"},"inLanguage":"fr-FR","potentialAction":[{"@type":"ReadAction","target":["https:\/\/www.retaildetail.be\/fr\/news\/food\/nestle-vend-ses-vitamines-et-complements-alimentaires-pour-1-milliard-de-dollars\/"]}]},{"@type":"ImageObject","inLanguage":"fr-FR","@id":"https:\/\/www.retaildetail.be\/fr\/news\/food\/nestle-vend-ses-vitamines-et-complements-alimentaires-pour-1-milliard-de-dollars\/#primaryimage","url":"https:\/\/www.retaildetail.be\/wp-content\/uploads\/2026\/09\/Nestle-HQ-Vivey_0.jpg","contentUrl":"https:\/\/www.retaildetail.be\/wp-content\/uploads\/2026\/09\/Nestle-HQ-Vivey_0.jpg","width":1067,"height":706,"caption":"Shutterstock.com"},{"@type":"BreadcrumbList","@id":"https:\/\/www.retaildetail.be\/fr\/news\/food\/nestle-vend-ses-vitamines-et-complements-alimentaires-pour-1-milliard-de-dollars\/#breadcrumb","itemListElement":[{"@type":"ListItem","position":1,"name":"Home","item":"https:\/\/www.retaildetail.be\/fr\/"},{"@type":"ListItem","position":2,"name":"Nestl\u00e9 vend ses vitamines et compl\u00e9ments alimentaires pour 1 milliard de dollars"}]},{"@type":"WebSite","@id":"https:\/\/www.retaildetail.be\/nl\/#website","url":"https:\/\/www.retaildetail.be\/nl\/","name":"RetailDetail BE","description":"News","publisher":{"@id":"https:\/\/www.retaildetail.be\/nl\/#organization"},"potentialAction":[{"@type":"SearchAction","target":{"@type":"EntryPoint","urlTemplate":"https:\/\/www.retaildetail.be\/nl\/?s={search_term_string}"},"query-input":{"@type":"PropertyValueSpecification","valueRequired":true,"valueName":"search_term_string"}}],"inLanguage":"fr-FR"},{"@type":"Organization","@id":"https:\/\/www.retaildetail.be\/nl\/#organization","name":"RetailDetail BE","url":"https:\/\/www.retaildetail.be\/nl\/","logo":{"@type":"ImageObject","inLanguage":"fr-FR","@id":"https:\/\/www.retaildetail.be\/nl\/#\/schema\/logo\/image\/","url":"https:\/\/www.retaildetail.be\/wp-content\/uploads\/2022\/04\/logo.svg","contentUrl":"https:\/\/www.retaildetail.be\/wp-content\/uploads\/2022\/04\/logo.svg","width":131,"height":70,"caption":"RetailDetail BE"},"image":{"@id":"https:\/\/www.retaildetail.be\/nl\/#\/schema\/logo\/image\/"}},{"@type":"Person","@id":"https:\/\/www.retaildetail.be\/nl\/#\/schema\/person\/66b54803fa10759039079458ea89e307","name":"Pauline Neerman","image":{"@type":"ImageObject","inLanguage":"fr-FR","@id":"https:\/\/secure.gravatar.com\/avatar\/58db22aee589a691f9603e5765ac06010427a923f9b2728b951eb7fe27214d70?s=96&d=mm&r=g","url":"https:\/\/secure.gravatar.com\/avatar\/58db22aee589a691f9603e5765ac06010427a923f9b2728b951eb7fe27214d70?s=96&d=mm&r=g","contentUrl":"https:\/\/secure.gravatar.com\/avatar\/58db22aee589a691f9603e5765ac06010427a923f9b2728b951eb7fe27214d70?s=96&d=mm&r=g","caption":"Pauline Neerman"},"url":"https:\/\/www.retaildetail.be\/fr\/author\/paulineneerman\/"}]}},"jetpack_featured_media_url":"https:\/\/www.retaildetail.be\/wp-content\/uploads\/2026\/09\/Nestle-HQ-Vivey_0.jpg","jetpack_sharing_enabled":true,"_links":{"self":[{"href":"https:\/\/www.retaildetail.be\/fr\/wp-json\/wp\/v2\/posts\/154531","targetHints":{"allow":["GET"]}}],"collection":[{"href":"https:\/\/www.retaildetail.be\/fr\/wp-json\/wp\/v2\/posts"}],"about":[{"href":"https:\/\/www.retaildetail.be\/fr\/wp-json\/wp\/v2\/types\/post"}],"author":[{"embeddable":true,"href":"https:\/\/www.retaildetail.be\/fr\/wp-json\/wp\/v2\/users\/5"}],"replies":[{"embeddable":true,"href":"https:\/\/www.retaildetail.be\/fr\/wp-json\/wp\/v2\/comments?post=154531"}],"version-history":[{"count":1,"href":"https:\/\/www.retaildetail.be\/fr\/wp-json\/wp\/v2\/posts\/154531\/revisions"}],"predecessor-version":[{"id":154539,"href":"https:\/\/www.retaildetail.be\/fr\/wp-json\/wp\/v2\/posts\/154531\/revisions\/154539"}],"wp:featuredmedia":[{"embeddable":true,"href":"https:\/\/www.retaildetail.be\/fr\/wp-json\/wp\/v2\/media\/154532"}],"wp:attachment":[{"href":"https:\/\/www.retaildetail.be\/fr\/wp-json\/wp\/v2\/media?parent=154531"}],"wp:term":[{"taxonomy":"category","embeddable":true,"href":"https:\/\/www.retaildetail.be\/fr\/wp-json\/wp\/v2\/categories?post=154531"},{"taxonomy":"post_tag","embeddable":true,"href":"https:\/\/www.retaildetail.be\/fr\/wp-json\/wp\/v2\/tags?post=154531"},{"taxonomy":"people","embeddable":true,"href":"https:\/\/www.retaildetail.be\/fr\/wp-json\/wp\/v2\/people?post=154531"},{"taxonomy":"extra","embeddable":true,"href":"https:\/\/www.retaildetail.be\/fr\/wp-json\/wp\/v2\/extra?post=154531"},{"taxonomy":"company","embeddable":true,"href":"https:\/\/www.retaildetail.be\/fr\/wp-json\/wp\/v2\/company?post=154531"},{"taxonomy":"topic","embeddable":true,"href":"https:\/\/www.retaildetail.be\/fr\/wp-json\/wp\/v2\/topic?post=154531"},{"taxonomy":"region","embeddable":true,"href":"https:\/\/www.retaildetail.be\/fr\/wp-json\/wp\/v2\/region?post=154531"}],"curies":[{"name":"wp","href":"https:\/\/api.w.org\/{rel}","templated":true}]}}