{"id":154536,"date":"2026-09-02T10:52:04","date_gmt":"2026-09-02T08:52:04","guid":{"rendered":"https:\/\/www.retaildetail.be\/?p=154536"},"modified":"2026-09-02T10:52:06","modified_gmt":"2026-09-02T08:52:06","slug":"hema-ouvre-ses-portes-au-shopping-cora-de-woluwe","status":"publish","type":"post","link":"https:\/\/www.retaildetail.be\/fr\/news\/general\/hema-ouvre-ses-portes-au-shopping-cora-de-woluwe\/","title":{"rendered":"HEMA ouvre ses portes au Shopping Cora de Woluwe"},"content":{"rendered":"\n<p class=\"wp-block-paragraph\"><strong>HEMA<\/strong> ouvre un nouveau magasin au Shopping Cora Woluwe. Il s&rsquo;agit du huiti\u00e8me point de vente du d\u00e9taillant \u00e0 Bruxelles. Avec l&rsquo;arriv\u00e9e de cette attraction, le centre commercial franchit une nouvelle \u00e9tape dans sa transformation.<\/p>\n\n\n\n<h2 class=\"wp-block-heading\">Au plus pr\u00e8s de la client\u00e8le locale<\/h2>\n\n\n\n<p class=\"wp-block-paragraph\">L&rsquo;ouverture de ce nouveau magasin HEMA de 440 m\u00b2 co\u00efncide avec le week-end de d\u00e9couverte du Shopping Cora Woluwe, les 4, 5 et 6 septembre. Au cours de ce week-end, les nouveaux magasins du site seront mis \u00e0 l&rsquo;honneur avec diverses surprises et animations pour les visiteurs.<\/p>\n\n\n\n<p class=\"wp-block-paragraph\">\u00ab Nous sommes impatients d\u2019ouvrir nos portes \u00e0 Woluwe et d\u2019y accueillir nos clients. Shopping Cora Woluwe est un site solidement ancr\u00e9 qui nous offre la possibilit\u00e9 d\u2019\u00eatre proches de la client\u00e8le locale \u00bb, d\u00e9clare Carla Velghe, Country Manager de HEMA Belgique.<\/p>\n\n\n\n<p class=\"wp-block-paragraph\">Pour Shopping Cora Woluwe, l\u2019arriv\u00e9e de HEMA marque une nouvelle \u00e9tape dans le d\u00e9veloppement du site. Apr\u00e8s l\u2019arriv\u00e9e de enseignes connues telles que Delhaize, Action, Kiabi, Aldi, Wibra et Dreamland, des magasins Kruidvat, Jysk et Extra Shop ouvriront \u00e9galement leurs portes sur le site. 95 % de la surface commerciale des sept anciens hypermarch\u00e9s Cora <a href=\"https:\/\/www.retaildetail.be\/fr\/news\/general\/les-sites-commerciaux-cora-sont-deja-loues-a-95\/\">est d\u00e9sormais lou\u00e9e<\/a>, indique Mitiska REIM. Un acteur europ\u00e9en de la mode ouvrira en novembre de grands magasins dans six des sept centres.<\/p>\n\n\n\n<p class=\"wp-block-paragraph\"><\/p>\n","protected":false},"excerpt":{"rendered":"<p>HEMA ouvre un nouveau magasin au Shopping Cora Woluwe. Il s&rsquo;agit du huiti\u00e8me point de vente du d\u00e9taillant \u00e0 Bruxelles. Avec l&rsquo;arriv\u00e9e de cette enseigne phare, le centre commercial franchit une nouvelle \u00e9tape dans sa transformation. <\/p>\n","protected":false},"author":3,"featured_media":154537,"comment_status":"closed","ping_status":"closed","sticky":false,"template":"","format":"standard","meta":{"_acf_changed":false,"inline_featured_image":false,"_jetpack_newsletter_access":"","_jetpack_dont_email_post_to_subs":false,"_jetpack_newsletter_tier_id":0,"_jetpack_memberships_contains_paywalled_content":false,"_jetpack_memberships_contains_paid_content":false,"footnotes":""},"categories":[15,25],"tags":[],"people":[],"extra":[],"company":[931,419],"topic":[276],"region":[226],"class_list":["post-154536","post","type-post","status-publish","format-standard","has-post-thumbnail","hentry","category-algemeen","category-general","company-cora","company-hema","topic-expansion","region-belgique"],"acf":[],"yoast_head":"<!-- This site is optimized with the Yoast SEO plugin v28.1 - https:\/\/yoast.com\/product\/yoast-seo-wordpress\/ -->\n<title>HEMA ouvre ses portes au Shopping Cora de Woluwe - RetailDetail BE<\/title>\n<meta name=\"description\" content=\"HEMA ouvre un nouveau magasin au Shopping Cora Woluwe. Il s&#039;agit du huiti\u00e8me point de vente du d\u00e9taillant \u00e0 Bruxelles. Avec l&#039;arriv\u00e9e de cette attraction, le centre commercial franchit une nouvelle \u00e9tape dans sa transformation.\" \/>\n<meta name=\"robots\" content=\"index, follow, max-snippet:-1, max-image-preview:large, max-video-preview:-1\" \/>\n<link rel=\"canonical\" href=\"https:\/\/www.retaildetail.be\/fr\/news\/general\/hema-ouvre-ses-portes-au-shopping-cora-de-woluwe\/\" \/>\n<meta property=\"og:locale\" content=\"fr_FR\" \/>\n<meta property=\"og:type\" content=\"article\" \/>\n<meta property=\"og:title\" content=\"HEMA ouvre ses portes au Shopping Cora de Woluwe - RetailDetail BE\" \/>\n<meta property=\"og:description\" content=\"HEMA ouvre un nouveau magasin au Shopping Cora Woluwe. Il s&#039;agit du huiti\u00e8me point de vente du d\u00e9taillant \u00e0 Bruxelles. Avec l&#039;arriv\u00e9e de cette attraction, le centre commercial franchit une nouvelle \u00e9tape dans sa transformation.\" \/>\n<meta property=\"og:url\" content=\"https:\/\/www.retaildetail.be\/fr\/news\/general\/hema-ouvre-ses-portes-au-shopping-cora-de-woluwe\/\" \/>\n<meta property=\"og:site_name\" content=\"RetailDetail BE\" \/>\n<meta property=\"article:published_time\" content=\"2026-09-02T08:52:04+00:00\" \/>\n<meta property=\"article:modified_time\" content=\"2026-09-02T08:52:06+00:00\" \/>\n<meta property=\"og:image\" content=\"https:\/\/www.retaildetail.be\/wp-content\/uploads\/2026\/09\/hema-cora-woluwe-1.jpg\" \/>\n\t<meta property=\"og:image:width\" content=\"1086\" \/>\n\t<meta property=\"og:image:height\" content=\"777\" \/>\n\t<meta property=\"og:image:type\" content=\"image\/jpeg\" \/>\n<meta name=\"author\" content=\"Stefan Van Rompaey\" \/>\n<meta name=\"twitter:card\" content=\"summary_large_image\" \/>\n<meta name=\"twitter:label1\" content=\"\u00c9crit par\" \/>\n\t<meta name=\"twitter:data1\" content=\"Stefan Van Rompaey\" \/>\n\t<meta name=\"twitter:label2\" content=\"Dur\u00e9e de lecture estim\u00e9e\" \/>\n\t<meta name=\"twitter:data2\" content=\"1 minute\" \/>\n<script type=\"application\/ld+json\" class=\"yoast-schema-graph\">{\"@context\":\"https:\\\/\\\/schema.org\",\"@graph\":[{\"@type\":\"NewsArticle\",\"@id\":\"https:\\\/\\\/www.retaildetail.be\\\/fr\\\/news\\\/general\\\/hema-ouvre-ses-portes-au-shopping-cora-de-woluwe\\\/#article\",\"isPartOf\":{\"@id\":\"https:\\\/\\\/www.retaildetail.be\\\/fr\\\/news\\\/general\\\/hema-ouvre-ses-portes-au-shopping-cora-de-woluwe\\\/\"},\"author\":{\"name\":\"Stefan Van Rompaey\",\"@id\":\"https:\\\/\\\/www.retaildetail.be\\\/nl\\\/#\\\/schema\\\/person\\\/51aec6069c4416aa2f68b2e4ff3455df\"},\"headline\":\"HEMA ouvre ses portes au Shopping Cora de Woluwe\",\"datePublished\":\"2026-09-02T08:52:04+00:00\",\"dateModified\":\"2026-09-02T08:52:06+00:00\",\"mainEntityOfPage\":{\"@id\":\"https:\\\/\\\/www.retaildetail.be\\\/fr\\\/news\\\/general\\\/hema-ouvre-ses-portes-au-shopping-cora-de-woluwe\\\/\"},\"wordCount\":233,\"publisher\":{\"@id\":\"https:\\\/\\\/www.retaildetail.be\\\/nl\\\/#organization\"},\"image\":{\"@id\":\"https:\\\/\\\/www.retaildetail.be\\\/fr\\\/news\\\/general\\\/hema-ouvre-ses-portes-au-shopping-cora-de-woluwe\\\/#primaryimage\"},\"thumbnailUrl\":\"https:\\\/\\\/www.retaildetail.be\\\/wp-content\\\/uploads\\\/2026\\\/09\\\/hema-cora-woluwe-1.jpg\",\"articleSection\":[\"Algemeen\",\"G\u00e9n\u00e9ral\"],\"inLanguage\":\"fr-FR\",\"copyrightYear\":\"2026\",\"copyrightHolder\":{\"@id\":\"https:\\\/\\\/www.retaildetail.be\\\/#organization\"}},{\"@type\":\"WebPage\",\"@id\":\"https:\\\/\\\/www.retaildetail.be\\\/fr\\\/news\\\/general\\\/hema-ouvre-ses-portes-au-shopping-cora-de-woluwe\\\/\",\"url\":\"https:\\\/\\\/www.retaildetail.be\\\/fr\\\/news\\\/general\\\/hema-ouvre-ses-portes-au-shopping-cora-de-woluwe\\\/\",\"name\":\"HEMA ouvre ses portes au Shopping Cora de Woluwe - RetailDetail BE\",\"isPartOf\":{\"@id\":\"https:\\\/\\\/www.retaildetail.be\\\/nl\\\/#website\"},\"primaryImageOfPage\":{\"@id\":\"https:\\\/\\\/www.retaildetail.be\\\/fr\\\/news\\\/general\\\/hema-ouvre-ses-portes-au-shopping-cora-de-woluwe\\\/#primaryimage\"},\"image\":{\"@id\":\"https:\\\/\\\/www.retaildetail.be\\\/fr\\\/news\\\/general\\\/hema-ouvre-ses-portes-au-shopping-cora-de-woluwe\\\/#primaryimage\"},\"thumbnailUrl\":\"https:\\\/\\\/www.retaildetail.be\\\/wp-content\\\/uploads\\\/2026\\\/09\\\/hema-cora-woluwe-1.jpg\",\"datePublished\":\"2026-09-02T08:52:04+00:00\",\"dateModified\":\"2026-09-02T08:52:06+00:00\",\"description\":\"HEMA ouvre un nouveau magasin au Shopping Cora Woluwe. Il s'agit du huiti\u00e8me point de vente du d\u00e9taillant \u00e0 Bruxelles. Avec l'arriv\u00e9e de cette attraction, le centre commercial franchit une nouvelle \u00e9tape dans sa transformation.\",\"breadcrumb\":{\"@id\":\"https:\\\/\\\/www.retaildetail.be\\\/fr\\\/news\\\/general\\\/hema-ouvre-ses-portes-au-shopping-cora-de-woluwe\\\/#breadcrumb\"},\"inLanguage\":\"fr-FR\",\"potentialAction\":[{\"@type\":\"ReadAction\",\"target\":[\"https:\\\/\\\/www.retaildetail.be\\\/fr\\\/news\\\/general\\\/hema-ouvre-ses-portes-au-shopping-cora-de-woluwe\\\/\"]}]},{\"@type\":\"ImageObject\",\"inLanguage\":\"fr-FR\",\"@id\":\"https:\\\/\\\/www.retaildetail.be\\\/fr\\\/news\\\/general\\\/hema-ouvre-ses-portes-au-shopping-cora-de-woluwe\\\/#primaryimage\",\"url\":\"https:\\\/\\\/www.retaildetail.be\\\/wp-content\\\/uploads\\\/2026\\\/09\\\/hema-cora-woluwe-1.jpg\",\"contentUrl\":\"https:\\\/\\\/www.retaildetail.be\\\/wp-content\\\/uploads\\\/2026\\\/09\\\/hema-cora-woluwe-1.jpg\",\"width\":1086,\"height\":777},{\"@type\":\"BreadcrumbList\",\"@id\":\"https:\\\/\\\/www.retaildetail.be\\\/fr\\\/news\\\/general\\\/hema-ouvre-ses-portes-au-shopping-cora-de-woluwe\\\/#breadcrumb\",\"itemListElement\":[{\"@type\":\"ListItem\",\"position\":1,\"name\":\"Home\",\"item\":\"https:\\\/\\\/www.retaildetail.be\\\/fr\\\/\"},{\"@type\":\"ListItem\",\"position\":2,\"name\":\"HEMA ouvre ses portes au Shopping Cora de Woluwe\"}]},{\"@type\":\"WebSite\",\"@id\":\"https:\\\/\\\/www.retaildetail.be\\\/nl\\\/#website\",\"url\":\"https:\\\/\\\/www.retaildetail.be\\\/nl\\\/\",\"name\":\"RetailDetail BE\",\"description\":\"News\",\"publisher\":{\"@id\":\"https:\\\/\\\/www.retaildetail.be\\\/nl\\\/#organization\"},\"potentialAction\":[{\"@type\":\"SearchAction\",\"target\":{\"@type\":\"EntryPoint\",\"urlTemplate\":\"https:\\\/\\\/www.retaildetail.be\\\/nl\\\/?s={search_term_string}\"},\"query-input\":{\"@type\":\"PropertyValueSpecification\",\"valueRequired\":true,\"valueName\":\"search_term_string\"}}],\"inLanguage\":\"fr-FR\"},{\"@type\":\"Organization\",\"@id\":\"https:\\\/\\\/www.retaildetail.be\\\/nl\\\/#organization\",\"name\":\"RetailDetail BE\",\"url\":\"https:\\\/\\\/www.retaildetail.be\\\/nl\\\/\",\"logo\":{\"@type\":\"ImageObject\",\"inLanguage\":\"fr-FR\",\"@id\":\"https:\\\/\\\/www.retaildetail.be\\\/nl\\\/#\\\/schema\\\/logo\\\/image\\\/\",\"url\":\"https:\\\/\\\/www.retaildetail.be\\\/wp-content\\\/uploads\\\/2022\\\/04\\\/logo.svg\",\"contentUrl\":\"https:\\\/\\\/www.retaildetail.be\\\/wp-content\\\/uploads\\\/2022\\\/04\\\/logo.svg\",\"width\":131,\"height\":70,\"caption\":\"RetailDetail BE\"},\"image\":{\"@id\":\"https:\\\/\\\/www.retaildetail.be\\\/nl\\\/#\\\/schema\\\/logo\\\/image\\\/\"}},{\"@type\":\"Person\",\"@id\":\"https:\\\/\\\/www.retaildetail.be\\\/nl\\\/#\\\/schema\\\/person\\\/51aec6069c4416aa2f68b2e4ff3455df\",\"name\":\"Stefan Van Rompaey\",\"image\":{\"@type\":\"ImageObject\",\"inLanguage\":\"fr-FR\",\"@id\":\"https:\\\/\\\/secure.gravatar.com\\\/avatar\\\/fbbb4a80a0f109888b2a5ab8ae255617499ecde533749b3ab2fa6c23b5d65dac?s=96&d=mm&r=g\",\"url\":\"https:\\\/\\\/secure.gravatar.com\\\/avatar\\\/fbbb4a80a0f109888b2a5ab8ae255617499ecde533749b3ab2fa6c23b5d65dac?s=96&d=mm&r=g\",\"contentUrl\":\"https:\\\/\\\/secure.gravatar.com\\\/avatar\\\/fbbb4a80a0f109888b2a5ab8ae255617499ecde533749b3ab2fa6c23b5d65dac?s=96&d=mm&r=g\",\"caption\":\"Stefan Van Rompaey\"},\"url\":\"https:\\\/\\\/www.retaildetail.be\\\/fr\\\/author\\\/stefanvanrompaey\\\/\"}]}<\/script>\n<!-- \/ Yoast SEO plugin. -->","yoast_head_json":{"title":"HEMA ouvre ses portes au Shopping Cora de Woluwe - RetailDetail BE","description":"HEMA ouvre un nouveau magasin au Shopping Cora Woluwe. Il s'agit du huiti\u00e8me point de vente du d\u00e9taillant \u00e0 Bruxelles. Avec l'arriv\u00e9e de cette attraction, le centre commercial franchit une nouvelle \u00e9tape dans sa transformation.","robots":{"index":"index","follow":"follow","max-snippet":"max-snippet:-1","max-image-preview":"max-image-preview:large","max-video-preview":"max-video-preview:-1"},"canonical":"https:\/\/www.retaildetail.be\/fr\/news\/general\/hema-ouvre-ses-portes-au-shopping-cora-de-woluwe\/","og_locale":"fr_FR","og_type":"article","og_title":"HEMA ouvre ses portes au Shopping Cora de Woluwe - RetailDetail BE","og_description":"HEMA ouvre un nouveau magasin au Shopping Cora Woluwe. Il s'agit du huiti\u00e8me point de vente du d\u00e9taillant \u00e0 Bruxelles. Avec l'arriv\u00e9e de cette attraction, le centre commercial franchit une nouvelle \u00e9tape dans sa transformation.","og_url":"https:\/\/www.retaildetail.be\/fr\/news\/general\/hema-ouvre-ses-portes-au-shopping-cora-de-woluwe\/","og_site_name":"RetailDetail BE","article_published_time":"2026-09-02T08:52:04+00:00","article_modified_time":"2026-09-02T08:52:06+00:00","og_image":[{"width":1086,"height":777,"url":"https:\/\/www.retaildetail.be\/wp-content\/uploads\/2026\/09\/hema-cora-woluwe-1.jpg","type":"image\/jpeg"}],"author":"Stefan Van Rompaey","twitter_card":"summary_large_image","twitter_misc":{"\u00c9crit par":"Stefan Van Rompaey","Dur\u00e9e de lecture estim\u00e9e":"1 minute"},"schema":{"@context":"https:\/\/schema.org","@graph":[{"@type":"NewsArticle","@id":"https:\/\/www.retaildetail.be\/fr\/news\/general\/hema-ouvre-ses-portes-au-shopping-cora-de-woluwe\/#article","isPartOf":{"@id":"https:\/\/www.retaildetail.be\/fr\/news\/general\/hema-ouvre-ses-portes-au-shopping-cora-de-woluwe\/"},"author":{"name":"Stefan Van Rompaey","@id":"https:\/\/www.retaildetail.be\/nl\/#\/schema\/person\/51aec6069c4416aa2f68b2e4ff3455df"},"headline":"HEMA ouvre ses portes au Shopping Cora de Woluwe","datePublished":"2026-09-02T08:52:04+00:00","dateModified":"2026-09-02T08:52:06+00:00","mainEntityOfPage":{"@id":"https:\/\/www.retaildetail.be\/fr\/news\/general\/hema-ouvre-ses-portes-au-shopping-cora-de-woluwe\/"},"wordCount":233,"publisher":{"@id":"https:\/\/www.retaildetail.be\/nl\/#organization"},"image":{"@id":"https:\/\/www.retaildetail.be\/fr\/news\/general\/hema-ouvre-ses-portes-au-shopping-cora-de-woluwe\/#primaryimage"},"thumbnailUrl":"https:\/\/www.retaildetail.be\/wp-content\/uploads\/2026\/09\/hema-cora-woluwe-1.jpg","articleSection":["Algemeen","G\u00e9n\u00e9ral"],"inLanguage":"fr-FR","copyrightYear":"2026","copyrightHolder":{"@id":"https:\/\/www.retaildetail.be\/#organization"}},{"@type":"WebPage","@id":"https:\/\/www.retaildetail.be\/fr\/news\/general\/hema-ouvre-ses-portes-au-shopping-cora-de-woluwe\/","url":"https:\/\/www.retaildetail.be\/fr\/news\/general\/hema-ouvre-ses-portes-au-shopping-cora-de-woluwe\/","name":"HEMA ouvre ses portes au Shopping Cora de Woluwe - RetailDetail BE","isPartOf":{"@id":"https:\/\/www.retaildetail.be\/nl\/#website"},"primaryImageOfPage":{"@id":"https:\/\/www.retaildetail.be\/fr\/news\/general\/hema-ouvre-ses-portes-au-shopping-cora-de-woluwe\/#primaryimage"},"image":{"@id":"https:\/\/www.retaildetail.be\/fr\/news\/general\/hema-ouvre-ses-portes-au-shopping-cora-de-woluwe\/#primaryimage"},"thumbnailUrl":"https:\/\/www.retaildetail.be\/wp-content\/uploads\/2026\/09\/hema-cora-woluwe-1.jpg","datePublished":"2026-09-02T08:52:04+00:00","dateModified":"2026-09-02T08:52:06+00:00","description":"HEMA ouvre un nouveau magasin au Shopping Cora Woluwe. Il s'agit du huiti\u00e8me point de vente du d\u00e9taillant \u00e0 Bruxelles. Avec l'arriv\u00e9e de cette attraction, le centre commercial franchit une nouvelle \u00e9tape dans sa transformation.","breadcrumb":{"@id":"https:\/\/www.retaildetail.be\/fr\/news\/general\/hema-ouvre-ses-portes-au-shopping-cora-de-woluwe\/#breadcrumb"},"inLanguage":"fr-FR","potentialAction":[{"@type":"ReadAction","target":["https:\/\/www.retaildetail.be\/fr\/news\/general\/hema-ouvre-ses-portes-au-shopping-cora-de-woluwe\/"]}]},{"@type":"ImageObject","inLanguage":"fr-FR","@id":"https:\/\/www.retaildetail.be\/fr\/news\/general\/hema-ouvre-ses-portes-au-shopping-cora-de-woluwe\/#primaryimage","url":"https:\/\/www.retaildetail.be\/wp-content\/uploads\/2026\/09\/hema-cora-woluwe-1.jpg","contentUrl":"https:\/\/www.retaildetail.be\/wp-content\/uploads\/2026\/09\/hema-cora-woluwe-1.jpg","width":1086,"height":777},{"@type":"BreadcrumbList","@id":"https:\/\/www.retaildetail.be\/fr\/news\/general\/hema-ouvre-ses-portes-au-shopping-cora-de-woluwe\/#breadcrumb","itemListElement":[{"@type":"ListItem","position":1,"name":"Home","item":"https:\/\/www.retaildetail.be\/fr\/"},{"@type":"ListItem","position":2,"name":"HEMA ouvre ses portes au Shopping Cora de Woluwe"}]},{"@type":"WebSite","@id":"https:\/\/www.retaildetail.be\/nl\/#website","url":"https:\/\/www.retaildetail.be\/nl\/","name":"RetailDetail BE","description":"News","publisher":{"@id":"https:\/\/www.retaildetail.be\/nl\/#organization"},"potentialAction":[{"@type":"SearchAction","target":{"@type":"EntryPoint","urlTemplate":"https:\/\/www.retaildetail.be\/nl\/?s={search_term_string}"},"query-input":{"@type":"PropertyValueSpecification","valueRequired":true,"valueName":"search_term_string"}}],"inLanguage":"fr-FR"},{"@type":"Organization","@id":"https:\/\/www.retaildetail.be\/nl\/#organization","name":"RetailDetail BE","url":"https:\/\/www.retaildetail.be\/nl\/","logo":{"@type":"ImageObject","inLanguage":"fr-FR","@id":"https:\/\/www.retaildetail.be\/nl\/#\/schema\/logo\/image\/","url":"https:\/\/www.retaildetail.be\/wp-content\/uploads\/2022\/04\/logo.svg","contentUrl":"https:\/\/www.retaildetail.be\/wp-content\/uploads\/2022\/04\/logo.svg","width":131,"height":70,"caption":"RetailDetail BE"},"image":{"@id":"https:\/\/www.retaildetail.be\/nl\/#\/schema\/logo\/image\/"}},{"@type":"Person","@id":"https:\/\/www.retaildetail.be\/nl\/#\/schema\/person\/51aec6069c4416aa2f68b2e4ff3455df","name":"Stefan Van Rompaey","image":{"@type":"ImageObject","inLanguage":"fr-FR","@id":"https:\/\/secure.gravatar.com\/avatar\/fbbb4a80a0f109888b2a5ab8ae255617499ecde533749b3ab2fa6c23b5d65dac?s=96&d=mm&r=g","url":"https:\/\/secure.gravatar.com\/avatar\/fbbb4a80a0f109888b2a5ab8ae255617499ecde533749b3ab2fa6c23b5d65dac?s=96&d=mm&r=g","contentUrl":"https:\/\/secure.gravatar.com\/avatar\/fbbb4a80a0f109888b2a5ab8ae255617499ecde533749b3ab2fa6c23b5d65dac?s=96&d=mm&r=g","caption":"Stefan Van Rompaey"},"url":"https:\/\/www.retaildetail.be\/fr\/author\/stefanvanrompaey\/"}]}},"jetpack_featured_media_url":"https:\/\/www.retaildetail.be\/wp-content\/uploads\/2026\/09\/hema-cora-woluwe-1.jpg","jetpack_sharing_enabled":true,"_links":{"self":[{"href":"https:\/\/www.retaildetail.be\/fr\/wp-json\/wp\/v2\/posts\/154536","targetHints":{"allow":["GET"]}}],"collection":[{"href":"https:\/\/www.retaildetail.be\/fr\/wp-json\/wp\/v2\/posts"}],"about":[{"href":"https:\/\/www.retaildetail.be\/fr\/wp-json\/wp\/v2\/types\/post"}],"author":[{"embeddable":true,"href":"https:\/\/www.retaildetail.be\/fr\/wp-json\/wp\/v2\/users\/3"}],"replies":[{"embeddable":true,"href":"https:\/\/www.retaildetail.be\/fr\/wp-json\/wp\/v2\/comments?post=154536"}],"version-history":[{"count":1,"href":"https:\/\/www.retaildetail.be\/fr\/wp-json\/wp\/v2\/posts\/154536\/revisions"}],"predecessor-version":[{"id":154538,"href":"https:\/\/www.retaildetail.be\/fr\/wp-json\/wp\/v2\/posts\/154536\/revisions\/154538"}],"wp:featuredmedia":[{"embeddable":true,"href":"https:\/\/www.retaildetail.be\/fr\/wp-json\/wp\/v2\/media\/154537"}],"wp:attachment":[{"href":"https:\/\/www.retaildetail.be\/fr\/wp-json\/wp\/v2\/media?parent=154536"}],"wp:term":[{"taxonomy":"category","embeddable":true,"href":"https:\/\/www.retaildetail.be\/fr\/wp-json\/wp\/v2\/categories?post=154536"},{"taxonomy":"post_tag","embeddable":true,"href":"https:\/\/www.retaildetail.be\/fr\/wp-json\/wp\/v2\/tags?post=154536"},{"taxonomy":"people","embeddable":true,"href":"https:\/\/www.retaildetail.be\/fr\/wp-json\/wp\/v2\/people?post=154536"},{"taxonomy":"extra","embeddable":true,"href":"https:\/\/www.retaildetail.be\/fr\/wp-json\/wp\/v2\/extra?post=154536"},{"taxonomy":"company","embeddable":true,"href":"https:\/\/www.retaildetail.be\/fr\/wp-json\/wp\/v2\/company?post=154536"},{"taxonomy":"topic","embeddable":true,"href":"https:\/\/www.retaildetail.be\/fr\/wp-json\/wp\/v2\/topic?post=154536"},{"taxonomy":"region","embeddable":true,"href":"https:\/\/www.retaildetail.be\/fr\/wp-json\/wp\/v2\/region?post=154536"}],"curies":[{"name":"wp","href":"https:\/\/api.w.org\/{rel}","templated":true}]}}