{"id":154547,"date":"2026-09-02T12:01:08","date_gmt":"2026-09-02T10:01:08","guid":{"rendered":"https:\/\/www.retaildetail.be\/?p=154547"},"modified":"2026-09-02T12:01:10","modified_gmt":"2026-09-02T10:01:10","slug":"primark-franchit-le-cap-des-500-magasins-encore-de-nombreuses-opportunites","status":"publish","type":"post","link":"https:\/\/www.retaildetail.be\/fr\/news\/mode\/primark-franchit-le-cap-des-500-magasins-encore-de-nombreuses-opportunites\/","title":{"rendered":"Primark franchit le cap des 500 magasins ; \u00ab encore plein d&rsquo;opportunit\u00e9s \u00bb"},"content":{"rendered":"\n<p class=\"wp-block-paragraph\"><strong>Primark<\/strong> a ouvert les portes de son 500e magasin \u00e0 Naples. Selon l&rsquo;enseigne de mode, cela d\u00e9montre la \u00ab force de son mod\u00e8le ax\u00e9 sur les magasins \u00bb. La marque \u00e0 petits prix voit encore de nombreuses opportunit\u00e9s d&rsquo;expansion et de renforcement de son r\u00e9seau ; en Belgique \u00e9galement ?<\/p>\n\n\n\n<h2 class=\"wp-block-heading\">Renforcer le r\u00e9seau de magasins<\/h2>\n\n\n\n<p class=\"wp-block-paragraph\">L&rsquo;ouverture d&rsquo;un nouveau magasin de plus de 3 000 m\u00e8tres carr\u00e9s \u00e0 Naples porte \u00e0 vingt le nombre de magasins du r\u00e9seau en Italie. \u00c0 l\u2019\u00e9chelle mondiale, Primark compte d\u00e9sormais 500 points de vente. \u00ab C\u2019est une \u00e9tape incroyable et nous sommes tr\u00e8s reconnaissants envers nos clients fid\u00e8les, nos fournisseurs et nos partenaires qui ont grandi avec nous \u00bb, a d\u00e9clar\u00e9 le PDG Eoin Tonge lors de l\u2019inauguration le 1er septembre.<\/p>\n\n\n\n<p class=\"wp-block-paragraph\">Selon l\u2019enseigne, le r\u00e9seau de magasins physiques constitue un \u00ab avantage concurrentiel majeur \u00bb et reste \u00ab au c\u0153ur de l\u2019offre client \u00bb. Le dirigeant voit encore \u00ab d\u2019importantes opportunit\u00e9s d\u2019\u00e9tendre davantage notre r\u00e9seau de magasins et de faire d\u00e9couvrir Primark \u00e0 encore plus de clients \u00e0 travers le monde \u00bb.<\/p>\n\n\n\n<p class=\"wp-block-paragraph\">L\u2019ouverture \u00e0 Naples fait suite \u00e0 d\u2019autres inaugurations r\u00e9centes, notamment le premier magasin Primark au Moyen-Orient, au Kowe\u00eft, l\u2019ann\u00e9e derni\u00e8re, et un magasin phare \u00e0 Manhattan, New York, en mai de cette ann\u00e9e.<\/p>\n\n\n\n<p class=\"wp-block-paragraph\">En Belgique, le gestionnaire immobilier Mitiska REIM a annonc\u00e9 qu\u2019un \u00ab acteur europ\u00e9en de la mode \u00bb ouvrirait en novembre des magasins de plusieurs milliers de m\u00e8tres carr\u00e9s <a href=\"https:\/\/www.retaildetail.be\/fr\/news\/general\/les-sites-commerciaux-cora-sont-deja-loues-a-95\/\" data-type=\"link\" data-id=\"https:\/\/www.retaildetail.be\/fr\/news\/general\/les-sites-commerciaux-cora-sont-deja-loues-a-95\/\">sur six des sept sites Shopping Cora<\/a>, ce qui a depuis aliment\u00e9 les sp\u00e9culations selon lesquelles Primark s\u2019y installerait prochainement. Pour l\u2019instant, il ne s\u2019agit toutefois que de rumeurs, sans confirmation officielle.<\/p>\n","protected":false},"excerpt":{"rendered":"<p>Primark ouvre \u00e0 Naples les portes de son 500e magasin. Selon l&rsquo;enseigne de mode, cela d\u00e9montre la \u00ab force de son mod\u00e8le ax\u00e9 sur les magasins \u00bb. La marque \u00e0 petits prix voit encore de nombreuses opportunit\u00e9s d&rsquo;expansion et de d\u00e9veloppement ; en Belgique \u00e9galement ?<\/p>\n","protected":false},"author":5,"featured_media":154548,"comment_status":"closed","ping_status":"closed","sticky":false,"template":"","format":"standard","meta":{"_acf_changed":false,"inline_featured_image":false,"_jetpack_newsletter_access":"","_jetpack_dont_email_post_to_subs":false,"_jetpack_newsletter_tier_id":0,"_jetpack_memberships_contains_paywalled_content":false,"_jetpack_memberships_contains_paid_content":false,"footnotes":""},"categories":[14,22],"tags":[],"people":[],"extra":[43],"company":[230],"topic":[276,310],"region":[525],"class_list":["post-154547","post","type-post","status-publish","format-standard","has-post-thumbnail","hentry","category-mode","extra-plus","company-primark","topic-expansion","topic-ouverture-de-magasin","region-italie"],"acf":[],"yoast_head":"<!-- This site is optimized with the Yoast SEO plugin v28.1 - https:\/\/yoast.com\/product\/yoast-seo-wordpress\/ -->\n<title>Primark franchit le cap des 500 magasins ; \u00ab encore plein d&#039;opportunit\u00e9s \u00bb - RetailDetail BE<\/title>\n<meta name=\"robots\" content=\"index, follow, max-snippet:-1, max-image-preview:large, max-video-preview:-1\" \/>\n<link rel=\"canonical\" href=\"https:\/\/www.retaildetail.be\/fr\/news\/mode\/primark-franchit-le-cap-des-500-magasins-encore-de-nombreuses-opportunites\/\" \/>\n<meta property=\"og:locale\" content=\"fr_FR\" \/>\n<meta property=\"og:type\" content=\"article\" \/>\n<meta property=\"og:title\" content=\"Primark franchit le cap des 500 magasins ; \u00ab encore plein d&#039;opportunit\u00e9s \u00bb - RetailDetail BE\" \/>\n<meta property=\"og:description\" content=\"Primark ouvre \u00e0 Naples les portes de son 500e magasin. Selon l&#039;enseigne de mode, cela d\u00e9montre la \u00ab force de son mod\u00e8le ax\u00e9 sur les magasins \u00bb. La marque \u00e0 petits prix voit encore de nombreuses opportunit\u00e9s d&#039;expansion et de d\u00e9veloppement ; en Belgique \u00e9galement ?\" \/>\n<meta property=\"og:url\" content=\"https:\/\/www.retaildetail.be\/fr\/news\/mode\/primark-franchit-le-cap-des-500-magasins-encore-de-nombreuses-opportunites\/\" \/>\n<meta property=\"og:site_name\" content=\"RetailDetail BE\" \/>\n<meta property=\"article:published_time\" content=\"2026-09-02T10:01:08+00:00\" \/>\n<meta property=\"article:modified_time\" content=\"2026-09-02T10:01:10+00:00\" \/>\n<meta property=\"og:image\" content=\"https:\/\/www.retaildetail.be\/wp-content\/uploads\/2026\/09\/shutterstock_2529599839-1.jpg\" \/>\n\t<meta property=\"og:image:width\" content=\"1000\" \/>\n\t<meta property=\"og:image:height\" content=\"704\" \/>\n\t<meta property=\"og:image:type\" content=\"image\/jpeg\" \/>\n<meta name=\"author\" content=\"Pauline Neerman\" \/>\n<meta name=\"twitter:card\" content=\"summary_large_image\" \/>\n<meta name=\"twitter:label1\" content=\"\u00c9crit par\" \/>\n\t<meta name=\"twitter:data1\" content=\"Pauline Neerman\" \/>\n\t<meta name=\"twitter:label2\" content=\"Dur\u00e9e de lecture estim\u00e9e\" \/>\n\t<meta name=\"twitter:data2\" content=\"1 minute\" \/>\n<script type=\"application\/ld+json\" class=\"yoast-schema-graph\">{\"@context\":\"https:\\\/\\\/schema.org\",\"@graph\":[{\"@type\":\"NewsArticle\",\"@id\":\"https:\\\/\\\/www.retaildetail.be\\\/fr\\\/news\\\/mode\\\/primark-franchit-le-cap-des-500-magasins-encore-de-nombreuses-opportunites\\\/#article\",\"isPartOf\":{\"@id\":\"https:\\\/\\\/www.retaildetail.be\\\/fr\\\/news\\\/mode\\\/primark-franchit-le-cap-des-500-magasins-encore-de-nombreuses-opportunites\\\/\"},\"author\":{\"name\":\"Pauline Neerman\",\"@id\":\"https:\\\/\\\/www.retaildetail.be\\\/nl\\\/#\\\/schema\\\/person\\\/66b54803fa10759039079458ea89e307\"},\"headline\":\"Primark franchit le cap des 500 magasins ; \u00ab encore plein d&rsquo;opportunit\u00e9s \u00bb\",\"datePublished\":\"2026-09-02T10:01:08+00:00\",\"dateModified\":\"2026-09-02T10:01:10+00:00\",\"mainEntityOfPage\":{\"@id\":\"https:\\\/\\\/www.retaildetail.be\\\/fr\\\/news\\\/mode\\\/primark-franchit-le-cap-des-500-magasins-encore-de-nombreuses-opportunites\\\/\"},\"wordCount\":298,\"publisher\":{\"@id\":\"https:\\\/\\\/www.retaildetail.be\\\/nl\\\/#organization\"},\"image\":{\"@id\":\"https:\\\/\\\/www.retaildetail.be\\\/fr\\\/news\\\/mode\\\/primark-franchit-le-cap-des-500-magasins-encore-de-nombreuses-opportunites\\\/#primaryimage\"},\"thumbnailUrl\":\"https:\\\/\\\/www.retaildetail.be\\\/wp-content\\\/uploads\\\/2026\\\/09\\\/shutterstock_2529599839-1.jpg\",\"articleSection\":[\"Mode\",\"Mode\"],\"inLanguage\":\"fr-FR\",\"copyrightYear\":\"2026\",\"copyrightHolder\":{\"@id\":\"https:\\\/\\\/www.retaildetail.be\\\/#organization\"}},{\"@type\":\"WebPage\",\"@id\":\"https:\\\/\\\/www.retaildetail.be\\\/fr\\\/news\\\/mode\\\/primark-franchit-le-cap-des-500-magasins-encore-de-nombreuses-opportunites\\\/\",\"url\":\"https:\\\/\\\/www.retaildetail.be\\\/fr\\\/news\\\/mode\\\/primark-franchit-le-cap-des-500-magasins-encore-de-nombreuses-opportunites\\\/\",\"name\":\"Primark franchit le cap des 500 magasins ; \u00ab encore plein d'opportunit\u00e9s \u00bb - RetailDetail BE\",\"isPartOf\":{\"@id\":\"https:\\\/\\\/www.retaildetail.be\\\/nl\\\/#website\"},\"primaryImageOfPage\":{\"@id\":\"https:\\\/\\\/www.retaildetail.be\\\/fr\\\/news\\\/mode\\\/primark-franchit-le-cap-des-500-magasins-encore-de-nombreuses-opportunites\\\/#primaryimage\"},\"image\":{\"@id\":\"https:\\\/\\\/www.retaildetail.be\\\/fr\\\/news\\\/mode\\\/primark-franchit-le-cap-des-500-magasins-encore-de-nombreuses-opportunites\\\/#primaryimage\"},\"thumbnailUrl\":\"https:\\\/\\\/www.retaildetail.be\\\/wp-content\\\/uploads\\\/2026\\\/09\\\/shutterstock_2529599839-1.jpg\",\"datePublished\":\"2026-09-02T10:01:08+00:00\",\"dateModified\":\"2026-09-02T10:01:10+00:00\",\"breadcrumb\":{\"@id\":\"https:\\\/\\\/www.retaildetail.be\\\/fr\\\/news\\\/mode\\\/primark-franchit-le-cap-des-500-magasins-encore-de-nombreuses-opportunites\\\/#breadcrumb\"},\"inLanguage\":\"fr-FR\",\"potentialAction\":[{\"@type\":\"ReadAction\",\"target\":[\"https:\\\/\\\/www.retaildetail.be\\\/fr\\\/news\\\/mode\\\/primark-franchit-le-cap-des-500-magasins-encore-de-nombreuses-opportunites\\\/\"]}]},{\"@type\":\"ImageObject\",\"inLanguage\":\"fr-FR\",\"@id\":\"https:\\\/\\\/www.retaildetail.be\\\/fr\\\/news\\\/mode\\\/primark-franchit-le-cap-des-500-magasins-encore-de-nombreuses-opportunites\\\/#primaryimage\",\"url\":\"https:\\\/\\\/www.retaildetail.be\\\/wp-content\\\/uploads\\\/2026\\\/09\\\/shutterstock_2529599839-1.jpg\",\"contentUrl\":\"https:\\\/\\\/www.retaildetail.be\\\/wp-content\\\/uploads\\\/2026\\\/09\\\/shutterstock_2529599839-1.jpg\",\"width\":1000,\"height\":704,\"caption\":\"Shutterstock.com\"},{\"@type\":\"BreadcrumbList\",\"@id\":\"https:\\\/\\\/www.retaildetail.be\\\/fr\\\/news\\\/mode\\\/primark-franchit-le-cap-des-500-magasins-encore-de-nombreuses-opportunites\\\/#breadcrumb\",\"itemListElement\":[{\"@type\":\"ListItem\",\"position\":1,\"name\":\"Home\",\"item\":\"https:\\\/\\\/www.retaildetail.be\\\/fr\\\/\"},{\"@type\":\"ListItem\",\"position\":2,\"name\":\"Primark franchit le cap des 500 magasins ; \u00ab encore plein d&#8217;opportunit\u00e9s \u00bb\"}]},{\"@type\":\"WebSite\",\"@id\":\"https:\\\/\\\/www.retaildetail.be\\\/nl\\\/#website\",\"url\":\"https:\\\/\\\/www.retaildetail.be\\\/nl\\\/\",\"name\":\"RetailDetail BE\",\"description\":\"News\",\"publisher\":{\"@id\":\"https:\\\/\\\/www.retaildetail.be\\\/nl\\\/#organization\"},\"potentialAction\":[{\"@type\":\"SearchAction\",\"target\":{\"@type\":\"EntryPoint\",\"urlTemplate\":\"https:\\\/\\\/www.retaildetail.be\\\/nl\\\/?s={search_term_string}\"},\"query-input\":{\"@type\":\"PropertyValueSpecification\",\"valueRequired\":true,\"valueName\":\"search_term_string\"}}],\"inLanguage\":\"fr-FR\"},{\"@type\":\"Organization\",\"@id\":\"https:\\\/\\\/www.retaildetail.be\\\/nl\\\/#organization\",\"name\":\"RetailDetail BE\",\"url\":\"https:\\\/\\\/www.retaildetail.be\\\/nl\\\/\",\"logo\":{\"@type\":\"ImageObject\",\"inLanguage\":\"fr-FR\",\"@id\":\"https:\\\/\\\/www.retaildetail.be\\\/nl\\\/#\\\/schema\\\/logo\\\/image\\\/\",\"url\":\"https:\\\/\\\/www.retaildetail.be\\\/wp-content\\\/uploads\\\/2022\\\/04\\\/logo.svg\",\"contentUrl\":\"https:\\\/\\\/www.retaildetail.be\\\/wp-content\\\/uploads\\\/2022\\\/04\\\/logo.svg\",\"width\":131,\"height\":70,\"caption\":\"RetailDetail BE\"},\"image\":{\"@id\":\"https:\\\/\\\/www.retaildetail.be\\\/nl\\\/#\\\/schema\\\/logo\\\/image\\\/\"}},{\"@type\":\"Person\",\"@id\":\"https:\\\/\\\/www.retaildetail.be\\\/nl\\\/#\\\/schema\\\/person\\\/66b54803fa10759039079458ea89e307\",\"name\":\"Pauline Neerman\",\"image\":{\"@type\":\"ImageObject\",\"inLanguage\":\"fr-FR\",\"@id\":\"https:\\\/\\\/secure.gravatar.com\\\/avatar\\\/58db22aee589a691f9603e5765ac06010427a923f9b2728b951eb7fe27214d70?s=96&d=mm&r=g\",\"url\":\"https:\\\/\\\/secure.gravatar.com\\\/avatar\\\/58db22aee589a691f9603e5765ac06010427a923f9b2728b951eb7fe27214d70?s=96&d=mm&r=g\",\"contentUrl\":\"https:\\\/\\\/secure.gravatar.com\\\/avatar\\\/58db22aee589a691f9603e5765ac06010427a923f9b2728b951eb7fe27214d70?s=96&d=mm&r=g\",\"caption\":\"Pauline Neerman\"},\"url\":\"https:\\\/\\\/www.retaildetail.be\\\/fr\\\/author\\\/paulineneerman\\\/\"}]}<\/script>\n<!-- \/ Yoast SEO plugin. -->","yoast_head_json":{"title":"Primark franchit le cap des 500 magasins ; \u00ab encore plein d'opportunit\u00e9s \u00bb - RetailDetail BE","robots":{"index":"index","follow":"follow","max-snippet":"max-snippet:-1","max-image-preview":"max-image-preview:large","max-video-preview":"max-video-preview:-1"},"canonical":"https:\/\/www.retaildetail.be\/fr\/news\/mode\/primark-franchit-le-cap-des-500-magasins-encore-de-nombreuses-opportunites\/","og_locale":"fr_FR","og_type":"article","og_title":"Primark franchit le cap des 500 magasins ; \u00ab encore plein d'opportunit\u00e9s \u00bb - RetailDetail BE","og_description":"Primark ouvre \u00e0 Naples les portes de son 500e magasin. Selon l'enseigne de mode, cela d\u00e9montre la \u00ab force de son mod\u00e8le ax\u00e9 sur les magasins \u00bb. La marque \u00e0 petits prix voit encore de nombreuses opportunit\u00e9s d'expansion et de d\u00e9veloppement ; en Belgique \u00e9galement ?","og_url":"https:\/\/www.retaildetail.be\/fr\/news\/mode\/primark-franchit-le-cap-des-500-magasins-encore-de-nombreuses-opportunites\/","og_site_name":"RetailDetail BE","article_published_time":"2026-09-02T10:01:08+00:00","article_modified_time":"2026-09-02T10:01:10+00:00","og_image":[{"width":1000,"height":704,"url":"https:\/\/www.retaildetail.be\/wp-content\/uploads\/2026\/09\/shutterstock_2529599839-1.jpg","type":"image\/jpeg"}],"author":"Pauline Neerman","twitter_card":"summary_large_image","twitter_misc":{"\u00c9crit par":"Pauline Neerman","Dur\u00e9e de lecture estim\u00e9e":"1 minute"},"schema":{"@context":"https:\/\/schema.org","@graph":[{"@type":"NewsArticle","@id":"https:\/\/www.retaildetail.be\/fr\/news\/mode\/primark-franchit-le-cap-des-500-magasins-encore-de-nombreuses-opportunites\/#article","isPartOf":{"@id":"https:\/\/www.retaildetail.be\/fr\/news\/mode\/primark-franchit-le-cap-des-500-magasins-encore-de-nombreuses-opportunites\/"},"author":{"name":"Pauline Neerman","@id":"https:\/\/www.retaildetail.be\/nl\/#\/schema\/person\/66b54803fa10759039079458ea89e307"},"headline":"Primark franchit le cap des 500 magasins ; \u00ab encore plein d&rsquo;opportunit\u00e9s \u00bb","datePublished":"2026-09-02T10:01:08+00:00","dateModified":"2026-09-02T10:01:10+00:00","mainEntityOfPage":{"@id":"https:\/\/www.retaildetail.be\/fr\/news\/mode\/primark-franchit-le-cap-des-500-magasins-encore-de-nombreuses-opportunites\/"},"wordCount":298,"publisher":{"@id":"https:\/\/www.retaildetail.be\/nl\/#organization"},"image":{"@id":"https:\/\/www.retaildetail.be\/fr\/news\/mode\/primark-franchit-le-cap-des-500-magasins-encore-de-nombreuses-opportunites\/#primaryimage"},"thumbnailUrl":"https:\/\/www.retaildetail.be\/wp-content\/uploads\/2026\/09\/shutterstock_2529599839-1.jpg","articleSection":["Mode","Mode"],"inLanguage":"fr-FR","copyrightYear":"2026","copyrightHolder":{"@id":"https:\/\/www.retaildetail.be\/#organization"}},{"@type":"WebPage","@id":"https:\/\/www.retaildetail.be\/fr\/news\/mode\/primark-franchit-le-cap-des-500-magasins-encore-de-nombreuses-opportunites\/","url":"https:\/\/www.retaildetail.be\/fr\/news\/mode\/primark-franchit-le-cap-des-500-magasins-encore-de-nombreuses-opportunites\/","name":"Primark franchit le cap des 500 magasins ; \u00ab encore plein d'opportunit\u00e9s \u00bb - RetailDetail BE","isPartOf":{"@id":"https:\/\/www.retaildetail.be\/nl\/#website"},"primaryImageOfPage":{"@id":"https:\/\/www.retaildetail.be\/fr\/news\/mode\/primark-franchit-le-cap-des-500-magasins-encore-de-nombreuses-opportunites\/#primaryimage"},"image":{"@id":"https:\/\/www.retaildetail.be\/fr\/news\/mode\/primark-franchit-le-cap-des-500-magasins-encore-de-nombreuses-opportunites\/#primaryimage"},"thumbnailUrl":"https:\/\/www.retaildetail.be\/wp-content\/uploads\/2026\/09\/shutterstock_2529599839-1.jpg","datePublished":"2026-09-02T10:01:08+00:00","dateModified":"2026-09-02T10:01:10+00:00","breadcrumb":{"@id":"https:\/\/www.retaildetail.be\/fr\/news\/mode\/primark-franchit-le-cap-des-500-magasins-encore-de-nombreuses-opportunites\/#breadcrumb"},"inLanguage":"fr-FR","potentialAction":[{"@type":"ReadAction","target":["https:\/\/www.retaildetail.be\/fr\/news\/mode\/primark-franchit-le-cap-des-500-magasins-encore-de-nombreuses-opportunites\/"]}]},{"@type":"ImageObject","inLanguage":"fr-FR","@id":"https:\/\/www.retaildetail.be\/fr\/news\/mode\/primark-franchit-le-cap-des-500-magasins-encore-de-nombreuses-opportunites\/#primaryimage","url":"https:\/\/www.retaildetail.be\/wp-content\/uploads\/2026\/09\/shutterstock_2529599839-1.jpg","contentUrl":"https:\/\/www.retaildetail.be\/wp-content\/uploads\/2026\/09\/shutterstock_2529599839-1.jpg","width":1000,"height":704,"caption":"Shutterstock.com"},{"@type":"BreadcrumbList","@id":"https:\/\/www.retaildetail.be\/fr\/news\/mode\/primark-franchit-le-cap-des-500-magasins-encore-de-nombreuses-opportunites\/#breadcrumb","itemListElement":[{"@type":"ListItem","position":1,"name":"Home","item":"https:\/\/www.retaildetail.be\/fr\/"},{"@type":"ListItem","position":2,"name":"Primark franchit le cap des 500 magasins ; \u00ab encore plein d&#8217;opportunit\u00e9s \u00bb"}]},{"@type":"WebSite","@id":"https:\/\/www.retaildetail.be\/nl\/#website","url":"https:\/\/www.retaildetail.be\/nl\/","name":"RetailDetail BE","description":"News","publisher":{"@id":"https:\/\/www.retaildetail.be\/nl\/#organization"},"potentialAction":[{"@type":"SearchAction","target":{"@type":"EntryPoint","urlTemplate":"https:\/\/www.retaildetail.be\/nl\/?s={search_term_string}"},"query-input":{"@type":"PropertyValueSpecification","valueRequired":true,"valueName":"search_term_string"}}],"inLanguage":"fr-FR"},{"@type":"Organization","@id":"https:\/\/www.retaildetail.be\/nl\/#organization","name":"RetailDetail BE","url":"https:\/\/www.retaildetail.be\/nl\/","logo":{"@type":"ImageObject","inLanguage":"fr-FR","@id":"https:\/\/www.retaildetail.be\/nl\/#\/schema\/logo\/image\/","url":"https:\/\/www.retaildetail.be\/wp-content\/uploads\/2022\/04\/logo.svg","contentUrl":"https:\/\/www.retaildetail.be\/wp-content\/uploads\/2022\/04\/logo.svg","width":131,"height":70,"caption":"RetailDetail BE"},"image":{"@id":"https:\/\/www.retaildetail.be\/nl\/#\/schema\/logo\/image\/"}},{"@type":"Person","@id":"https:\/\/www.retaildetail.be\/nl\/#\/schema\/person\/66b54803fa10759039079458ea89e307","name":"Pauline Neerman","image":{"@type":"ImageObject","inLanguage":"fr-FR","@id":"https:\/\/secure.gravatar.com\/avatar\/58db22aee589a691f9603e5765ac06010427a923f9b2728b951eb7fe27214d70?s=96&d=mm&r=g","url":"https:\/\/secure.gravatar.com\/avatar\/58db22aee589a691f9603e5765ac06010427a923f9b2728b951eb7fe27214d70?s=96&d=mm&r=g","contentUrl":"https:\/\/secure.gravatar.com\/avatar\/58db22aee589a691f9603e5765ac06010427a923f9b2728b951eb7fe27214d70?s=96&d=mm&r=g","caption":"Pauline Neerman"},"url":"https:\/\/www.retaildetail.be\/fr\/author\/paulineneerman\/"}]}},"jetpack_featured_media_url":"https:\/\/www.retaildetail.be\/wp-content\/uploads\/2026\/09\/shutterstock_2529599839-1.jpg","jetpack_sharing_enabled":true,"_links":{"self":[{"href":"https:\/\/www.retaildetail.be\/fr\/wp-json\/wp\/v2\/posts\/154547","targetHints":{"allow":["GET"]}}],"collection":[{"href":"https:\/\/www.retaildetail.be\/fr\/wp-json\/wp\/v2\/posts"}],"about":[{"href":"https:\/\/www.retaildetail.be\/fr\/wp-json\/wp\/v2\/types\/post"}],"author":[{"embeddable":true,"href":"https:\/\/www.retaildetail.be\/fr\/wp-json\/wp\/v2\/users\/5"}],"replies":[{"embeddable":true,"href":"https:\/\/www.retaildetail.be\/fr\/wp-json\/wp\/v2\/comments?post=154547"}],"version-history":[{"count":1,"href":"https:\/\/www.retaildetail.be\/fr\/wp-json\/wp\/v2\/posts\/154547\/revisions"}],"predecessor-version":[{"id":154549,"href":"https:\/\/www.retaildetail.be\/fr\/wp-json\/wp\/v2\/posts\/154547\/revisions\/154549"}],"wp:featuredmedia":[{"embeddable":true,"href":"https:\/\/www.retaildetail.be\/fr\/wp-json\/wp\/v2\/media\/154548"}],"wp:attachment":[{"href":"https:\/\/www.retaildetail.be\/fr\/wp-json\/wp\/v2\/media?parent=154547"}],"wp:term":[{"taxonomy":"category","embeddable":true,"href":"https:\/\/www.retaildetail.be\/fr\/wp-json\/wp\/v2\/categories?post=154547"},{"taxonomy":"post_tag","embeddable":true,"href":"https:\/\/www.retaildetail.be\/fr\/wp-json\/wp\/v2\/tags?post=154547"},{"taxonomy":"people","embeddable":true,"href":"https:\/\/www.retaildetail.be\/fr\/wp-json\/wp\/v2\/people?post=154547"},{"taxonomy":"extra","embeddable":true,"href":"https:\/\/www.retaildetail.be\/fr\/wp-json\/wp\/v2\/extra?post=154547"},{"taxonomy":"company","embeddable":true,"href":"https:\/\/www.retaildetail.be\/fr\/wp-json\/wp\/v2\/company?post=154547"},{"taxonomy":"topic","embeddable":true,"href":"https:\/\/www.retaildetail.be\/fr\/wp-json\/wp\/v2\/topic?post=154547"},{"taxonomy":"region","embeddable":true,"href":"https:\/\/www.retaildetail.be\/fr\/wp-json\/wp\/v2\/region?post=154547"}],"curies":[{"name":"wp","href":"https:\/\/api.w.org\/{rel}","templated":true}]}}