{"id":154575,"date":"2026-09-02T17:12:42","date_gmt":"2026-09-02T15:12:42","guid":{"rendered":"https:\/\/www.retaildetail.be\/?p=154575"},"modified":"2026-09-02T17:12:43","modified_gmt":"2026-09-02T15:12:43","slug":"le-secteur-textile-europeen-souhaite-augmenter-de-10-euros-le-prix-des-colis-de-shein-et-temu","status":"publish","type":"post","link":"https:\/\/www.retaildetail.be\/fr\/news\/mode\/le-secteur-textile-europeen-souhaite-augmenter-de-10-euros-le-prix-des-colis-de-shein-et-temu\/","title":{"rendered":"Le secteur textile europ\u00e9en souhaite augmenter de 10 euros le prix des colis de Shein et Temu"},"content":{"rendered":"\n<p class=\"wp-block-paragraph\">Le secteur europ\u00e9en du textile et de l&rsquo;habillement estime que la nouvelle taxe douani\u00e8re de 3 euros sur les colis import\u00e9s \u00e0 bas prix est insuffisante. Euratex et les organisations professionnelles fran\u00e7aises plaident en faveur d&rsquo;une taxe de traitement suppl\u00e9mentaire d&rsquo;environ 10 euros par colis, soi-disant pour couvrir les co\u00fbts des contr\u00f4les et de la surveillance du march\u00e9.<\/p>\n\n\n\n<h2 class=\"wp-block-heading\">\u00ab Co\u00fbts r\u00e9els \u00bb<\/h2>\n\n\n\n<p class=\"wp-block-paragraph\">Le secteur europ\u00e9en du textile souhaite que Bruxelles s\u00e9visse davantage contre l\u2019afflux de colis bon march\u00e9 provenant de plateformes de mode ultra-rapide telles que <strong>Shein <\/strong>et <strong>Temu<\/strong>. Le secteur salue la suppression de l\u2019exon\u00e9ration des droits de douane pour les envois inf\u00e9rieurs \u00e0 150 euros et la taxe douani\u00e8re temporaire de 3 euros, mais consid\u00e8re ces mesures comme un simple premier pas.<\/p>\n\n\n\n<p class=\"wp-block-paragraph\">Euratex et plusieurs f\u00e9d\u00e9rations fran\u00e7aises de la mode et du textile proposent d\u00e9sormais une redevance de traitement d\u2019environ 10 euros par colis. Selon elles, les montants de 2 \u00e0 4 euros actuellement \u00e0 l\u2019\u00e9tude ne contribueraient pas suffisamment \u00e0 couvrir les co\u00fbts li\u00e9s au d\u00e9douanement, \u00e0 l\u2019analyse des risques, \u00e0 la surveillance du march\u00e9 et aux contr\u00f4les de s\u00e9curit\u00e9 des produits.<\/p>\n\n\n\n<p class=\"wp-block-paragraph\">\u00ab Une redevance de traitement de 10 euros n\u2019est pas une taxe : elle refl\u00e8te les co\u00fbts r\u00e9els d\u2019un mod\u00e8le \u00e9conomique qui, jusqu\u2019\u00e0 pr\u00e9sent, a r\u00e9percut\u00e9 ses co\u00fbts externes sur d\u2019autres \u00bb, d\u00e9clare Lionel Gu\u00e9rin, copr\u00e9sident de la f\u00e9d\u00e9ration fran\u00e7aise de la mode UFIMH.<\/p>\n\n\n\n<h2 class=\"wp-block-heading\">Pas de traitement de faveur<\/h2>\n\n\n\n<p class=\"wp-block-paragraph\">Dans le m\u00eame temps, ils mettent en garde contre de nouvelles failles. Les plateformes ne doivent pas pouvoir contourner les r\u00e8gles plus strictes applicables aux petits colis en exp\u00e9diant des marchandises en vrac vers des entrep\u00f4ts ou des centres de distribution europ\u00e9ens. Les plateformes en ligne elles-m\u00eames doivent \u00e9galement assumer davantage de responsabilit\u00e9s en mati\u00e8re de respect des r\u00e8gles douani\u00e8res.<\/p>\n\n\n\n<p class=\"wp-block-paragraph\">Pour l\u2019instant, les associations professionnelles ne souhaitent toutefois pas de mesures \u00e9conomiques suppl\u00e9mentaires venant s\u2019ajouter aux droits de douane et aux frais de traitement propos\u00e9s. \u00ab Nos entreprises, nos usines et nos magasins en centre-ville ne demandent pas de traitement de faveur : ils demandent que les m\u00eames r\u00e8gles s\u2019appliquent \u00e0 tout le monde \u00bb, d\u00e9clare Pierre-Fran\u00e7ois Le Lou\u00ebt, copr\u00e9sident de l\u2019UFIMH.<\/p>\n","protected":false},"excerpt":{"rendered":"<p>Le secteur europ\u00e9en du textile et de l&rsquo;habillement estime que la nouvelle taxe douani\u00e8re de 3 euros sur les colis import\u00e9s \u00e0 bas prix est insuffisante. Euratex et les organisations professionnelles fran\u00e7aises plaident en faveur d&rsquo;une taxe de traitement suppl\u00e9mentaire d&rsquo;environ 10 euros par colis, soi-disant pour couvrir les co\u00fbts des contr\u00f4les et de la surveillance du march\u00e9.<\/p>\n","protected":false},"author":5,"featured_media":154576,"comment_status":"closed","ping_status":"closed","sticky":false,"template":"","format":"standard","meta":{"_acf_changed":false,"inline_featured_image":false,"_jetpack_newsletter_access":"","_jetpack_dont_email_post_to_subs":false,"_jetpack_newsletter_tier_id":0,"_jetpack_memberships_contains_paywalled_content":false,"_jetpack_memberships_contains_paid_content":false,"footnotes":""},"categories":[14,22],"tags":[1892,1786],"people":[],"extra":[43],"company":[209,571,1259],"topic":[710],"region":[243],"class_list":["post-154575","post","type-post","status-publish","format-standard","has-post-thumbnail","hentry","category-mode","tag-achats-transfrontaliers","tag-taxes","extra-plus","company-alibaba","company-shein","company-temu","topic-legislation","region-europe"],"acf":[],"yoast_head":"<!-- This site is optimized with the Yoast SEO plugin v28.1 - https:\/\/yoast.com\/product\/yoast-seo-wordpress\/ -->\n<title>Le secteur textile europ\u00e9en souhaite augmenter de 10 euros le prix des colis de Shein et Temu - RetailDetail BE<\/title>\n<meta name=\"robots\" content=\"index, follow, max-snippet:-1, max-image-preview:large, max-video-preview:-1\" \/>\n<link rel=\"canonical\" href=\"https:\/\/www.retaildetail.be\/fr\/news\/mode\/le-secteur-textile-europeen-souhaite-augmenter-de-10-euros-le-prix-des-colis-de-shein-et-temu\/\" \/>\n<meta property=\"og:locale\" content=\"fr_FR\" \/>\n<meta property=\"og:type\" content=\"article\" \/>\n<meta property=\"og:title\" content=\"Le secteur textile europ\u00e9en souhaite augmenter de 10 euros le prix des colis de Shein et Temu - RetailDetail BE\" \/>\n<meta property=\"og:description\" content=\"Le secteur europ\u00e9en du textile et de l&#039;habillement estime que la nouvelle taxe douani\u00e8re de 3 euros sur les colis import\u00e9s \u00e0 bas prix est insuffisante. Euratex et les organisations professionnelles fran\u00e7aises plaident en faveur d&#039;une taxe de traitement suppl\u00e9mentaire d&#039;environ 10 euros par colis, soi-disant pour couvrir les co\u00fbts des contr\u00f4les et de la surveillance du march\u00e9.\" \/>\n<meta property=\"og:url\" content=\"https:\/\/www.retaildetail.be\/fr\/news\/mode\/le-secteur-textile-europeen-souhaite-augmenter-de-10-euros-le-prix-des-colis-de-shein-et-temu\/\" \/>\n<meta property=\"og:site_name\" content=\"RetailDetail BE\" \/>\n<meta property=\"article:published_time\" content=\"2026-09-02T15:12:42+00:00\" \/>\n<meta property=\"article:modified_time\" content=\"2026-09-02T15:12:43+00:00\" \/>\n<meta property=\"og:image\" content=\"https:\/\/www.retaildetail.be\/wp-content\/uploads\/2026\/09\/shutterstock_temu-2.jpg\" \/>\n\t<meta property=\"og:image:width\" content=\"1000\" \/>\n\t<meta property=\"og:image:height\" content=\"666\" \/>\n\t<meta property=\"og:image:type\" content=\"image\/jpeg\" \/>\n<meta name=\"author\" content=\"Pauline Neerman\" \/>\n<meta name=\"twitter:card\" content=\"summary_large_image\" \/>\n<meta name=\"twitter:label1\" content=\"\u00c9crit par\" \/>\n\t<meta name=\"twitter:data1\" content=\"Pauline Neerman\" \/>\n\t<meta name=\"twitter:label2\" content=\"Dur\u00e9e de lecture estim\u00e9e\" \/>\n\t<meta name=\"twitter:data2\" content=\"2 minutes\" \/>\n<script type=\"application\/ld+json\" class=\"yoast-schema-graph\">{\"@context\":\"https:\\\/\\\/schema.org\",\"@graph\":[{\"@type\":\"NewsArticle\",\"@id\":\"https:\\\/\\\/www.retaildetail.be\\\/fr\\\/news\\\/mode\\\/le-secteur-textile-europeen-souhaite-augmenter-de-10-euros-le-prix-des-colis-de-shein-et-temu\\\/#article\",\"isPartOf\":{\"@id\":\"https:\\\/\\\/www.retaildetail.be\\\/fr\\\/news\\\/mode\\\/le-secteur-textile-europeen-souhaite-augmenter-de-10-euros-le-prix-des-colis-de-shein-et-temu\\\/\"},\"author\":{\"name\":\"Pauline Neerman\",\"@id\":\"https:\\\/\\\/www.retaildetail.be\\\/nl\\\/#\\\/schema\\\/person\\\/66b54803fa10759039079458ea89e307\"},\"headline\":\"Le secteur textile europ\u00e9en souhaite augmenter de 10 euros le prix des colis de Shein et Temu\",\"datePublished\":\"2026-09-02T15:12:42+00:00\",\"dateModified\":\"2026-09-02T15:12:43+00:00\",\"mainEntityOfPage\":{\"@id\":\"https:\\\/\\\/www.retaildetail.be\\\/fr\\\/news\\\/mode\\\/le-secteur-textile-europeen-souhaite-augmenter-de-10-euros-le-prix-des-colis-de-shein-et-temu\\\/\"},\"wordCount\":419,\"publisher\":{\"@id\":\"https:\\\/\\\/www.retaildetail.be\\\/nl\\\/#organization\"},\"image\":{\"@id\":\"https:\\\/\\\/www.retaildetail.be\\\/fr\\\/news\\\/mode\\\/le-secteur-textile-europeen-souhaite-augmenter-de-10-euros-le-prix-des-colis-de-shein-et-temu\\\/#primaryimage\"},\"thumbnailUrl\":\"https:\\\/\\\/www.retaildetail.be\\\/wp-content\\\/uploads\\\/2026\\\/09\\\/shutterstock_temu-2.jpg\",\"keywords\":[\"achats transfrontaliers\",\"taxes\"],\"articleSection\":[\"Mode\",\"Mode\"],\"inLanguage\":\"fr-FR\",\"copyrightYear\":\"2026\",\"copyrightHolder\":{\"@id\":\"https:\\\/\\\/www.retaildetail.be\\\/#organization\"}},{\"@type\":\"WebPage\",\"@id\":\"https:\\\/\\\/www.retaildetail.be\\\/fr\\\/news\\\/mode\\\/le-secteur-textile-europeen-souhaite-augmenter-de-10-euros-le-prix-des-colis-de-shein-et-temu\\\/\",\"url\":\"https:\\\/\\\/www.retaildetail.be\\\/fr\\\/news\\\/mode\\\/le-secteur-textile-europeen-souhaite-augmenter-de-10-euros-le-prix-des-colis-de-shein-et-temu\\\/\",\"name\":\"Le secteur textile europ\u00e9en souhaite augmenter de 10 euros le prix des colis de Shein et Temu - RetailDetail BE\",\"isPartOf\":{\"@id\":\"https:\\\/\\\/www.retaildetail.be\\\/nl\\\/#website\"},\"primaryImageOfPage\":{\"@id\":\"https:\\\/\\\/www.retaildetail.be\\\/fr\\\/news\\\/mode\\\/le-secteur-textile-europeen-souhaite-augmenter-de-10-euros-le-prix-des-colis-de-shein-et-temu\\\/#primaryimage\"},\"image\":{\"@id\":\"https:\\\/\\\/www.retaildetail.be\\\/fr\\\/news\\\/mode\\\/le-secteur-textile-europeen-souhaite-augmenter-de-10-euros-le-prix-des-colis-de-shein-et-temu\\\/#primaryimage\"},\"thumbnailUrl\":\"https:\\\/\\\/www.retaildetail.be\\\/wp-content\\\/uploads\\\/2026\\\/09\\\/shutterstock_temu-2.jpg\",\"datePublished\":\"2026-09-02T15:12:42+00:00\",\"dateModified\":\"2026-09-02T15:12:43+00:00\",\"breadcrumb\":{\"@id\":\"https:\\\/\\\/www.retaildetail.be\\\/fr\\\/news\\\/mode\\\/le-secteur-textile-europeen-souhaite-augmenter-de-10-euros-le-prix-des-colis-de-shein-et-temu\\\/#breadcrumb\"},\"inLanguage\":\"fr-FR\",\"potentialAction\":[{\"@type\":\"ReadAction\",\"target\":[\"https:\\\/\\\/www.retaildetail.be\\\/fr\\\/news\\\/mode\\\/le-secteur-textile-europeen-souhaite-augmenter-de-10-euros-le-prix-des-colis-de-shein-et-temu\\\/\"]}]},{\"@type\":\"ImageObject\",\"inLanguage\":\"fr-FR\",\"@id\":\"https:\\\/\\\/www.retaildetail.be\\\/fr\\\/news\\\/mode\\\/le-secteur-textile-europeen-souhaite-augmenter-de-10-euros-le-prix-des-colis-de-shein-et-temu\\\/#primaryimage\",\"url\":\"https:\\\/\\\/www.retaildetail.be\\\/wp-content\\\/uploads\\\/2026\\\/09\\\/shutterstock_temu-2.jpg\",\"contentUrl\":\"https:\\\/\\\/www.retaildetail.be\\\/wp-content\\\/uploads\\\/2026\\\/09\\\/shutterstock_temu-2.jpg\",\"width\":1000,\"height\":666,\"caption\":\"Shutterstock.com\"},{\"@type\":\"BreadcrumbList\",\"@id\":\"https:\\\/\\\/www.retaildetail.be\\\/fr\\\/news\\\/mode\\\/le-secteur-textile-europeen-souhaite-augmenter-de-10-euros-le-prix-des-colis-de-shein-et-temu\\\/#breadcrumb\",\"itemListElement\":[{\"@type\":\"ListItem\",\"position\":1,\"name\":\"Home\",\"item\":\"https:\\\/\\\/www.retaildetail.be\\\/fr\\\/\"},{\"@type\":\"ListItem\",\"position\":2,\"name\":\"Le secteur textile europ\u00e9en souhaite augmenter de 10 euros le prix des colis de Shein et Temu\"}]},{\"@type\":\"WebSite\",\"@id\":\"https:\\\/\\\/www.retaildetail.be\\\/nl\\\/#website\",\"url\":\"https:\\\/\\\/www.retaildetail.be\\\/nl\\\/\",\"name\":\"RetailDetail BE\",\"description\":\"News\",\"publisher\":{\"@id\":\"https:\\\/\\\/www.retaildetail.be\\\/nl\\\/#organization\"},\"potentialAction\":[{\"@type\":\"SearchAction\",\"target\":{\"@type\":\"EntryPoint\",\"urlTemplate\":\"https:\\\/\\\/www.retaildetail.be\\\/nl\\\/?s={search_term_string}\"},\"query-input\":{\"@type\":\"PropertyValueSpecification\",\"valueRequired\":true,\"valueName\":\"search_term_string\"}}],\"inLanguage\":\"fr-FR\"},{\"@type\":\"Organization\",\"@id\":\"https:\\\/\\\/www.retaildetail.be\\\/nl\\\/#organization\",\"name\":\"RetailDetail BE\",\"url\":\"https:\\\/\\\/www.retaildetail.be\\\/nl\\\/\",\"logo\":{\"@type\":\"ImageObject\",\"inLanguage\":\"fr-FR\",\"@id\":\"https:\\\/\\\/www.retaildetail.be\\\/nl\\\/#\\\/schema\\\/logo\\\/image\\\/\",\"url\":\"https:\\\/\\\/www.retaildetail.be\\\/wp-content\\\/uploads\\\/2022\\\/04\\\/logo.svg\",\"contentUrl\":\"https:\\\/\\\/www.retaildetail.be\\\/wp-content\\\/uploads\\\/2022\\\/04\\\/logo.svg\",\"width\":131,\"height\":70,\"caption\":\"RetailDetail BE\"},\"image\":{\"@id\":\"https:\\\/\\\/www.retaildetail.be\\\/nl\\\/#\\\/schema\\\/logo\\\/image\\\/\"}},{\"@type\":\"Person\",\"@id\":\"https:\\\/\\\/www.retaildetail.be\\\/nl\\\/#\\\/schema\\\/person\\\/66b54803fa10759039079458ea89e307\",\"name\":\"Pauline Neerman\",\"image\":{\"@type\":\"ImageObject\",\"inLanguage\":\"fr-FR\",\"@id\":\"https:\\\/\\\/secure.gravatar.com\\\/avatar\\\/58db22aee589a691f9603e5765ac06010427a923f9b2728b951eb7fe27214d70?s=96&d=mm&r=g\",\"url\":\"https:\\\/\\\/secure.gravatar.com\\\/avatar\\\/58db22aee589a691f9603e5765ac06010427a923f9b2728b951eb7fe27214d70?s=96&d=mm&r=g\",\"contentUrl\":\"https:\\\/\\\/secure.gravatar.com\\\/avatar\\\/58db22aee589a691f9603e5765ac06010427a923f9b2728b951eb7fe27214d70?s=96&d=mm&r=g\",\"caption\":\"Pauline Neerman\"},\"url\":\"https:\\\/\\\/www.retaildetail.be\\\/fr\\\/author\\\/paulineneerman\\\/\"}]}<\/script>\n<!-- \/ Yoast SEO plugin. -->","yoast_head_json":{"title":"Le secteur textile europ\u00e9en souhaite augmenter de 10 euros le prix des colis de Shein et Temu - RetailDetail BE","robots":{"index":"index","follow":"follow","max-snippet":"max-snippet:-1","max-image-preview":"max-image-preview:large","max-video-preview":"max-video-preview:-1"},"canonical":"https:\/\/www.retaildetail.be\/fr\/news\/mode\/le-secteur-textile-europeen-souhaite-augmenter-de-10-euros-le-prix-des-colis-de-shein-et-temu\/","og_locale":"fr_FR","og_type":"article","og_title":"Le secteur textile europ\u00e9en souhaite augmenter de 10 euros le prix des colis de Shein et Temu - RetailDetail BE","og_description":"Le secteur europ\u00e9en du textile et de l'habillement estime que la nouvelle taxe douani\u00e8re de 3 euros sur les colis import\u00e9s \u00e0 bas prix est insuffisante. Euratex et les organisations professionnelles fran\u00e7aises plaident en faveur d'une taxe de traitement suppl\u00e9mentaire d'environ 10 euros par colis, soi-disant pour couvrir les co\u00fbts des contr\u00f4les et de la surveillance du march\u00e9.","og_url":"https:\/\/www.retaildetail.be\/fr\/news\/mode\/le-secteur-textile-europeen-souhaite-augmenter-de-10-euros-le-prix-des-colis-de-shein-et-temu\/","og_site_name":"RetailDetail BE","article_published_time":"2026-09-02T15:12:42+00:00","article_modified_time":"2026-09-02T15:12:43+00:00","og_image":[{"width":1000,"height":666,"url":"https:\/\/www.retaildetail.be\/wp-content\/uploads\/2026\/09\/shutterstock_temu-2.jpg","type":"image\/jpeg"}],"author":"Pauline Neerman","twitter_card":"summary_large_image","twitter_misc":{"\u00c9crit par":"Pauline Neerman","Dur\u00e9e de lecture estim\u00e9e":"2 minutes"},"schema":{"@context":"https:\/\/schema.org","@graph":[{"@type":"NewsArticle","@id":"https:\/\/www.retaildetail.be\/fr\/news\/mode\/le-secteur-textile-europeen-souhaite-augmenter-de-10-euros-le-prix-des-colis-de-shein-et-temu\/#article","isPartOf":{"@id":"https:\/\/www.retaildetail.be\/fr\/news\/mode\/le-secteur-textile-europeen-souhaite-augmenter-de-10-euros-le-prix-des-colis-de-shein-et-temu\/"},"author":{"name":"Pauline Neerman","@id":"https:\/\/www.retaildetail.be\/nl\/#\/schema\/person\/66b54803fa10759039079458ea89e307"},"headline":"Le secteur textile europ\u00e9en souhaite augmenter de 10 euros le prix des colis de Shein et Temu","datePublished":"2026-09-02T15:12:42+00:00","dateModified":"2026-09-02T15:12:43+00:00","mainEntityOfPage":{"@id":"https:\/\/www.retaildetail.be\/fr\/news\/mode\/le-secteur-textile-europeen-souhaite-augmenter-de-10-euros-le-prix-des-colis-de-shein-et-temu\/"},"wordCount":419,"publisher":{"@id":"https:\/\/www.retaildetail.be\/nl\/#organization"},"image":{"@id":"https:\/\/www.retaildetail.be\/fr\/news\/mode\/le-secteur-textile-europeen-souhaite-augmenter-de-10-euros-le-prix-des-colis-de-shein-et-temu\/#primaryimage"},"thumbnailUrl":"https:\/\/www.retaildetail.be\/wp-content\/uploads\/2026\/09\/shutterstock_temu-2.jpg","keywords":["achats transfrontaliers","taxes"],"articleSection":["Mode","Mode"],"inLanguage":"fr-FR","copyrightYear":"2026","copyrightHolder":{"@id":"https:\/\/www.retaildetail.be\/#organization"}},{"@type":"WebPage","@id":"https:\/\/www.retaildetail.be\/fr\/news\/mode\/le-secteur-textile-europeen-souhaite-augmenter-de-10-euros-le-prix-des-colis-de-shein-et-temu\/","url":"https:\/\/www.retaildetail.be\/fr\/news\/mode\/le-secteur-textile-europeen-souhaite-augmenter-de-10-euros-le-prix-des-colis-de-shein-et-temu\/","name":"Le secteur textile europ\u00e9en souhaite augmenter de 10 euros le prix des colis de Shein et Temu - RetailDetail BE","isPartOf":{"@id":"https:\/\/www.retaildetail.be\/nl\/#website"},"primaryImageOfPage":{"@id":"https:\/\/www.retaildetail.be\/fr\/news\/mode\/le-secteur-textile-europeen-souhaite-augmenter-de-10-euros-le-prix-des-colis-de-shein-et-temu\/#primaryimage"},"image":{"@id":"https:\/\/www.retaildetail.be\/fr\/news\/mode\/le-secteur-textile-europeen-souhaite-augmenter-de-10-euros-le-prix-des-colis-de-shein-et-temu\/#primaryimage"},"thumbnailUrl":"https:\/\/www.retaildetail.be\/wp-content\/uploads\/2026\/09\/shutterstock_temu-2.jpg","datePublished":"2026-09-02T15:12:42+00:00","dateModified":"2026-09-02T15:12:43+00:00","breadcrumb":{"@id":"https:\/\/www.retaildetail.be\/fr\/news\/mode\/le-secteur-textile-europeen-souhaite-augmenter-de-10-euros-le-prix-des-colis-de-shein-et-temu\/#breadcrumb"},"inLanguage":"fr-FR","potentialAction":[{"@type":"ReadAction","target":["https:\/\/www.retaildetail.be\/fr\/news\/mode\/le-secteur-textile-europeen-souhaite-augmenter-de-10-euros-le-prix-des-colis-de-shein-et-temu\/"]}]},{"@type":"ImageObject","inLanguage":"fr-FR","@id":"https:\/\/www.retaildetail.be\/fr\/news\/mode\/le-secteur-textile-europeen-souhaite-augmenter-de-10-euros-le-prix-des-colis-de-shein-et-temu\/#primaryimage","url":"https:\/\/www.retaildetail.be\/wp-content\/uploads\/2026\/09\/shutterstock_temu-2.jpg","contentUrl":"https:\/\/www.retaildetail.be\/wp-content\/uploads\/2026\/09\/shutterstock_temu-2.jpg","width":1000,"height":666,"caption":"Shutterstock.com"},{"@type":"BreadcrumbList","@id":"https:\/\/www.retaildetail.be\/fr\/news\/mode\/le-secteur-textile-europeen-souhaite-augmenter-de-10-euros-le-prix-des-colis-de-shein-et-temu\/#breadcrumb","itemListElement":[{"@type":"ListItem","position":1,"name":"Home","item":"https:\/\/www.retaildetail.be\/fr\/"},{"@type":"ListItem","position":2,"name":"Le secteur textile europ\u00e9en souhaite augmenter de 10 euros le prix des colis de Shein et Temu"}]},{"@type":"WebSite","@id":"https:\/\/www.retaildetail.be\/nl\/#website","url":"https:\/\/www.retaildetail.be\/nl\/","name":"RetailDetail BE","description":"News","publisher":{"@id":"https:\/\/www.retaildetail.be\/nl\/#organization"},"potentialAction":[{"@type":"SearchAction","target":{"@type":"EntryPoint","urlTemplate":"https:\/\/www.retaildetail.be\/nl\/?s={search_term_string}"},"query-input":{"@type":"PropertyValueSpecification","valueRequired":true,"valueName":"search_term_string"}}],"inLanguage":"fr-FR"},{"@type":"Organization","@id":"https:\/\/www.retaildetail.be\/nl\/#organization","name":"RetailDetail BE","url":"https:\/\/www.retaildetail.be\/nl\/","logo":{"@type":"ImageObject","inLanguage":"fr-FR","@id":"https:\/\/www.retaildetail.be\/nl\/#\/schema\/logo\/image\/","url":"https:\/\/www.retaildetail.be\/wp-content\/uploads\/2022\/04\/logo.svg","contentUrl":"https:\/\/www.retaildetail.be\/wp-content\/uploads\/2022\/04\/logo.svg","width":131,"height":70,"caption":"RetailDetail BE"},"image":{"@id":"https:\/\/www.retaildetail.be\/nl\/#\/schema\/logo\/image\/"}},{"@type":"Person","@id":"https:\/\/www.retaildetail.be\/nl\/#\/schema\/person\/66b54803fa10759039079458ea89e307","name":"Pauline Neerman","image":{"@type":"ImageObject","inLanguage":"fr-FR","@id":"https:\/\/secure.gravatar.com\/avatar\/58db22aee589a691f9603e5765ac06010427a923f9b2728b951eb7fe27214d70?s=96&d=mm&r=g","url":"https:\/\/secure.gravatar.com\/avatar\/58db22aee589a691f9603e5765ac06010427a923f9b2728b951eb7fe27214d70?s=96&d=mm&r=g","contentUrl":"https:\/\/secure.gravatar.com\/avatar\/58db22aee589a691f9603e5765ac06010427a923f9b2728b951eb7fe27214d70?s=96&d=mm&r=g","caption":"Pauline Neerman"},"url":"https:\/\/www.retaildetail.be\/fr\/author\/paulineneerman\/"}]}},"jetpack_featured_media_url":"https:\/\/www.retaildetail.be\/wp-content\/uploads\/2026\/09\/shutterstock_temu-2.jpg","jetpack_sharing_enabled":true,"_links":{"self":[{"href":"https:\/\/www.retaildetail.be\/fr\/wp-json\/wp\/v2\/posts\/154575","targetHints":{"allow":["GET"]}}],"collection":[{"href":"https:\/\/www.retaildetail.be\/fr\/wp-json\/wp\/v2\/posts"}],"about":[{"href":"https:\/\/www.retaildetail.be\/fr\/wp-json\/wp\/v2\/types\/post"}],"author":[{"embeddable":true,"href":"https:\/\/www.retaildetail.be\/fr\/wp-json\/wp\/v2\/users\/5"}],"replies":[{"embeddable":true,"href":"https:\/\/www.retaildetail.be\/fr\/wp-json\/wp\/v2\/comments?post=154575"}],"version-history":[{"count":1,"href":"https:\/\/www.retaildetail.be\/fr\/wp-json\/wp\/v2\/posts\/154575\/revisions"}],"predecessor-version":[{"id":154577,"href":"https:\/\/www.retaildetail.be\/fr\/wp-json\/wp\/v2\/posts\/154575\/revisions\/154577"}],"wp:featuredmedia":[{"embeddable":true,"href":"https:\/\/www.retaildetail.be\/fr\/wp-json\/wp\/v2\/media\/154576"}],"wp:attachment":[{"href":"https:\/\/www.retaildetail.be\/fr\/wp-json\/wp\/v2\/media?parent=154575"}],"wp:term":[{"taxonomy":"category","embeddable":true,"href":"https:\/\/www.retaildetail.be\/fr\/wp-json\/wp\/v2\/categories?post=154575"},{"taxonomy":"post_tag","embeddable":true,"href":"https:\/\/www.retaildetail.be\/fr\/wp-json\/wp\/v2\/tags?post=154575"},{"taxonomy":"people","embeddable":true,"href":"https:\/\/www.retaildetail.be\/fr\/wp-json\/wp\/v2\/people?post=154575"},{"taxonomy":"extra","embeddable":true,"href":"https:\/\/www.retaildetail.be\/fr\/wp-json\/wp\/v2\/extra?post=154575"},{"taxonomy":"company","embeddable":true,"href":"https:\/\/www.retaildetail.be\/fr\/wp-json\/wp\/v2\/company?post=154575"},{"taxonomy":"topic","embeddable":true,"href":"https:\/\/www.retaildetail.be\/fr\/wp-json\/wp\/v2\/topic?post=154575"},{"taxonomy":"region","embeddable":true,"href":"https:\/\/www.retaildetail.be\/fr\/wp-json\/wp\/v2\/region?post=154575"}],"curies":[{"name":"wp","href":"https:\/\/api.w.org\/{rel}","templated":true}]}}