{"id":154586,"date":"2026-09-03T09:39:41","date_gmt":"2026-09-03T07:39:41","guid":{"rendered":"https:\/\/www.retaildetail.be\/?p=154586"},"modified":"2026-09-03T09:39:42","modified_gmt":"2026-09-03T07:39:42","slug":"colruyt-professionals-ouvre-ses-portes-sur-le-site-makro-de-deurne","status":"publish","type":"post","link":"https:\/\/www.retaildetail.be\/fr\/news\/food\/colruyt-professionals-ouvre-ses-portes-sur-le-site-makro-de-deurne\/","title":{"rendered":"Colruyt Professionals ouvrira ses portes sur le site Makro de Deurne"},"content":{"rendered":"\n<p class=\"wp-block-paragraph\">Alors que les discussions sur le r\u00e9am\u00e9nagement de l&rsquo;ancien site <strong>Makro<\/strong> \u00e0 Deurne battent encore leur plein, <strong>Colruyt Professionals<\/strong> y ouvrira le 16 septembre son neuvi\u00e8me magasin, le troisi\u00e8me en Flandre.<\/p>\n\n\n\n<h2 class=\"wp-block-heading\">Le plan d&rsquo;am\u00e9nagement se fait attendre<\/h2>\n\n\n\n<p class=\"wp-block-paragraph\">Le 16 septembre, un magasin de gros en libre-service Colruyt Professionals ouvrira ses portes au 1A Krijgsbaan \u00e0 Deurne \u2013 c&rsquo;est-\u00e0-dire \u00e0 l&rsquo;adresse de l&rsquo;ancien Makro \u2013 et s&rsquo;adressera exclusivement \u00e0 une client\u00e8le professionnelle : exploitants du secteur de la restauration, associations disposant d&rsquo;un num\u00e9ro de TVA, exploitants de magasins de nuit et autres commer\u00e7ants. Colruyt Group annonce cette nouvelle quelque peu surprenante sur sa cha\u00eene YouTube.<\/p>\n\n\n\n<p class=\"wp-block-paragraph\">Le b\u00e2timent Makro \u00e9tait inoccup\u00e9 depuis la faillite, fin 2022, de la cha\u00eene de cash &amp; carry ; le parking \u00e9tait utilis\u00e9 comme aire de stationnement par le groupe automobile Beerens. En 2025, <a href=\"https:\/\/www.retaildetail.be\/fr\/news\/general\/la-ville-danvers-bloque-les-projets-retail-sur-le-site-makro-de-deurne\/\">la ville d&rsquo;Anvers a bloqu\u00e9 la mise en place d&rsquo;un projet commercial<\/a> impliquant Euro Shop, Albert Heijn et Jysk sur ces terrains, car celui-ci n&rsquo;\u00e9tait pas conforme aux plans d&rsquo;am\u00e9nagement du territoire. Depuis lors, <a href=\"https:\/\/www.retaildetail.be\/fr\/news\/general\/anvers-souhaite-ouvrir-lacces-a-lancien-site-makro\/\">la province s\u2019est saisie du dossier<\/a>, notamment parce que le site est situ\u00e9 \u00e0 la fois sur le territoire de Deurne et de Wijnegem. Un plan d\u2019am\u00e9nagement provincial doit permettre d\u2019y exercer d\u2019autres activit\u00e9s que le commerce de gros.<\/p>\n\n\n\n<h2 class=\"wp-block-heading\">Permis pour le commerce de gros \u00e0 grande \u00e9chelle<\/h2>\n\n\n\n<p class=\"wp-block-paragraph\">Mais le groupe Colruyt, copropri\u00e9taire du complexe avec LCV Real Estate, n\u2019a donc pas attendu ces plans. Le site disposant d\u2019un permis pour le commerce de gros \u00e0 grande \u00e9chelle, le d\u00e9taillant peut bel et bien y ouvrir un \u00e9tablissement de son enseigne \u00ab business-to-business \u00bb. Le d\u00e9taillant avait d\u00e9j\u00e0 annonc\u00e9 vouloir ouvrir une dizaine de magasins Colruyt Professionals. Ce chiffre est d\u00e9sormais presque atteint.<\/p>\n\n\n\n<p class=\"wp-block-paragraph\">La cha\u00eene de vente en gros a ouvert un premier magasin \u00e0 Schaerbeek en 2020 et s\u2019est implant\u00e9e en Flandre plus t\u00f4t cette ann\u00e9e avec des ouvertures \u00e0 Gand et \u00e0 Machelen (\u00e9galement un ancien site Makro). Avec ce concept, l\u2019entreprise souhaite \u00e9galement soulager quelque peu les magasins Colruyt classiques, en transf\u00e9rant les achats en gros vers les magasins B2B. Chez Colruyt Professionals, les commer\u00e7ants peuvent faire leurs achats plus efficacement, gr\u00e2ce \u00e0 des chariots plus grands, des all\u00e9es plus larges et un assortiment compos\u00e9 principalement de grands conditionnements, de produits en vrac et de palettes.<\/p>\n\n\n\n<figure class=\"wp-block-embed is-type-video is-provider-youtube wp-block-embed-youtube wp-embed-aspect-16-9 wp-has-aspect-ratio\"><div class=\"wp-block-embed__wrapper\">\n<iframe loading=\"lazy\" title=\"Colruyt Professionals opening winkel Deurne 16\/09\/2026\" width=\"500\" height=\"281\" src=\"https:\/\/www.youtube.com\/embed\/iChZQtLR0S8?feature=oembed\" frameborder=\"0\" allow=\"accelerometer; autoplay; clipboard-write; encrypted-media; gyroscope; picture-in-picture; web-share\" referrerpolicy=\"strict-origin-when-cross-origin\" allowfullscreen><\/iframe>\n<\/div><\/figure>\n\n\n\n<p class=\"wp-block-paragraph\"><\/p>\n","protected":false},"excerpt":{"rendered":"<p>Alors que les discussions sur le r\u00e9am\u00e9nagement de l&rsquo;ancien site Makro \u00e0 Deurne battent encore leur plein, Colruyt Professionals y ouvrira le 16 septembre son neuvi\u00e8me magasin, le troisi\u00e8me en Flandre. <\/p>\n","protected":false},"author":3,"featured_media":154587,"comment_status":"closed","ping_status":"closed","sticky":false,"template":"","format":"standard","meta":{"_acf_changed":false,"inline_featured_image":false,"_jetpack_newsletter_access":"","_jetpack_dont_email_post_to_subs":false,"_jetpack_newsletter_tier_id":0,"_jetpack_memberships_contains_paywalled_content":false,"_jetpack_memberships_contains_paid_content":false,"footnotes":""},"categories":[18,24],"tags":[],"people":[],"extra":[],"company":[201,141,402],"topic":[591,310],"region":[226],"class_list":["post-154586","post","type-post","status-publish","format-standard","has-post-thumbnail","hentry","category-food","company-colruyt","company-colruyt-group","company-makro","topic-immobilier","topic-ouverture-de-magasin","region-belgique"],"acf":[],"yoast_head":"<!-- This site is optimized with the Yoast SEO plugin v28.1 - https:\/\/yoast.com\/product\/yoast-seo-wordpress\/ -->\n<title>Colruyt Professionals ouvrira ses portes sur le site Makro de Deurne - RetailDetail BE<\/title>\n<meta name=\"description\" content=\"Alors que les discussions sur le r\u00e9am\u00e9nagement de l&#039;ancien site Makro \u00e0 Deurne battent encore leur plein, Colruyt Professionals y ouvrira le 16 septembre son neuvi\u00e8me magasin, le troisi\u00e8me en Flandre.\" \/>\n<meta name=\"robots\" content=\"index, follow, max-snippet:-1, max-image-preview:large, max-video-preview:-1\" \/>\n<link rel=\"canonical\" href=\"https:\/\/www.retaildetail.be\/fr\/news\/food\/colruyt-professionals-ouvre-ses-portes-sur-le-site-makro-de-deurne\/\" \/>\n<meta property=\"og:locale\" content=\"fr_FR\" \/>\n<meta property=\"og:type\" content=\"article\" \/>\n<meta property=\"og:title\" content=\"Colruyt Professionals ouvrira ses portes sur le site Makro de Deurne - RetailDetail BE\" \/>\n<meta property=\"og:description\" content=\"Alors que les discussions sur le r\u00e9am\u00e9nagement de l&#039;ancien site Makro \u00e0 Deurne battent encore leur plein, Colruyt Professionals y ouvrira le 16 septembre son neuvi\u00e8me magasin, le troisi\u00e8me en Flandre.\" \/>\n<meta property=\"og:url\" content=\"https:\/\/www.retaildetail.be\/fr\/news\/food\/colruyt-professionals-ouvre-ses-portes-sur-le-site-makro-de-deurne\/\" \/>\n<meta property=\"og:site_name\" content=\"RetailDetail BE\" \/>\n<meta property=\"article:published_time\" content=\"2026-09-03T07:39:41+00:00\" \/>\n<meta property=\"article:modified_time\" content=\"2026-09-03T07:39:42+00:00\" \/>\n<meta property=\"og:image\" content=\"https:\/\/www.retaildetail.be\/wp-content\/uploads\/2026\/09\/CLPProfessionals-Aangepast-1.jpg\" \/>\n\t<meta property=\"og:image:width\" content=\"1024\" \/>\n\t<meta property=\"og:image:height\" content=\"632\" \/>\n\t<meta property=\"og:image:type\" content=\"image\/jpeg\" \/>\n<meta name=\"author\" content=\"Stefan Van Rompaey\" \/>\n<meta name=\"twitter:card\" content=\"summary_large_image\" \/>\n<meta name=\"twitter:label1\" content=\"\u00c9crit par\" \/>\n\t<meta name=\"twitter:data1\" content=\"Stefan Van Rompaey\" \/>\n\t<meta name=\"twitter:label2\" content=\"Dur\u00e9e de lecture estim\u00e9e\" \/>\n\t<meta name=\"twitter:data2\" content=\"2 minutes\" \/>\n<script type=\"application\/ld+json\" class=\"yoast-schema-graph\">{\"@context\":\"https:\\\/\\\/schema.org\",\"@graph\":[{\"@type\":\"NewsArticle\",\"@id\":\"https:\\\/\\\/www.retaildetail.be\\\/fr\\\/news\\\/food\\\/colruyt-professionals-ouvre-ses-portes-sur-le-site-makro-de-deurne\\\/#article\",\"isPartOf\":{\"@id\":\"https:\\\/\\\/www.retaildetail.be\\\/fr\\\/news\\\/food\\\/colruyt-professionals-ouvre-ses-portes-sur-le-site-makro-de-deurne\\\/\"},\"author\":{\"name\":\"Stefan Van Rompaey\",\"@id\":\"https:\\\/\\\/www.retaildetail.be\\\/nl\\\/#\\\/schema\\\/person\\\/51aec6069c4416aa2f68b2e4ff3455df\"},\"headline\":\"Colruyt Professionals ouvrira ses portes sur le site Makro de Deurne\",\"datePublished\":\"2026-09-03T07:39:41+00:00\",\"dateModified\":\"2026-09-03T07:39:42+00:00\",\"mainEntityOfPage\":{\"@id\":\"https:\\\/\\\/www.retaildetail.be\\\/fr\\\/news\\\/food\\\/colruyt-professionals-ouvre-ses-portes-sur-le-site-makro-de-deurne\\\/\"},\"wordCount\":427,\"publisher\":{\"@id\":\"https:\\\/\\\/www.retaildetail.be\\\/nl\\\/#organization\"},\"image\":{\"@id\":\"https:\\\/\\\/www.retaildetail.be\\\/fr\\\/news\\\/food\\\/colruyt-professionals-ouvre-ses-portes-sur-le-site-makro-de-deurne\\\/#primaryimage\"},\"thumbnailUrl\":\"https:\\\/\\\/www.retaildetail.be\\\/wp-content\\\/uploads\\\/2026\\\/09\\\/CLPProfessionals-Aangepast-1.jpg\",\"articleSection\":[\"Food\",\"Food\"],\"inLanguage\":\"fr-FR\",\"copyrightYear\":\"2026\",\"copyrightHolder\":{\"@id\":\"https:\\\/\\\/www.retaildetail.be\\\/#organization\"}},{\"@type\":\"WebPage\",\"@id\":\"https:\\\/\\\/www.retaildetail.be\\\/fr\\\/news\\\/food\\\/colruyt-professionals-ouvre-ses-portes-sur-le-site-makro-de-deurne\\\/\",\"url\":\"https:\\\/\\\/www.retaildetail.be\\\/fr\\\/news\\\/food\\\/colruyt-professionals-ouvre-ses-portes-sur-le-site-makro-de-deurne\\\/\",\"name\":\"Colruyt Professionals ouvrira ses portes sur le site Makro de Deurne - RetailDetail BE\",\"isPartOf\":{\"@id\":\"https:\\\/\\\/www.retaildetail.be\\\/nl\\\/#website\"},\"primaryImageOfPage\":{\"@id\":\"https:\\\/\\\/www.retaildetail.be\\\/fr\\\/news\\\/food\\\/colruyt-professionals-ouvre-ses-portes-sur-le-site-makro-de-deurne\\\/#primaryimage\"},\"image\":{\"@id\":\"https:\\\/\\\/www.retaildetail.be\\\/fr\\\/news\\\/food\\\/colruyt-professionals-ouvre-ses-portes-sur-le-site-makro-de-deurne\\\/#primaryimage\"},\"thumbnailUrl\":\"https:\\\/\\\/www.retaildetail.be\\\/wp-content\\\/uploads\\\/2026\\\/09\\\/CLPProfessionals-Aangepast-1.jpg\",\"datePublished\":\"2026-09-03T07:39:41+00:00\",\"dateModified\":\"2026-09-03T07:39:42+00:00\",\"description\":\"Alors que les discussions sur le r\u00e9am\u00e9nagement de l'ancien site Makro \u00e0 Deurne battent encore leur plein, Colruyt Professionals y ouvrira le 16 septembre son neuvi\u00e8me magasin, le troisi\u00e8me en Flandre.\",\"breadcrumb\":{\"@id\":\"https:\\\/\\\/www.retaildetail.be\\\/fr\\\/news\\\/food\\\/colruyt-professionals-ouvre-ses-portes-sur-le-site-makro-de-deurne\\\/#breadcrumb\"},\"inLanguage\":\"fr-FR\",\"potentialAction\":[{\"@type\":\"ReadAction\",\"target\":[\"https:\\\/\\\/www.retaildetail.be\\\/fr\\\/news\\\/food\\\/colruyt-professionals-ouvre-ses-portes-sur-le-site-makro-de-deurne\\\/\"]}]},{\"@type\":\"ImageObject\",\"inLanguage\":\"fr-FR\",\"@id\":\"https:\\\/\\\/www.retaildetail.be\\\/fr\\\/news\\\/food\\\/colruyt-professionals-ouvre-ses-portes-sur-le-site-makro-de-deurne\\\/#primaryimage\",\"url\":\"https:\\\/\\\/www.retaildetail.be\\\/wp-content\\\/uploads\\\/2026\\\/09\\\/CLPProfessionals-Aangepast-1.jpg\",\"contentUrl\":\"https:\\\/\\\/www.retaildetail.be\\\/wp-content\\\/uploads\\\/2026\\\/09\\\/CLPProfessionals-Aangepast-1.jpg\",\"width\":1024,\"height\":632,\"caption\":\"Colruyt Group\"},{\"@type\":\"BreadcrumbList\",\"@id\":\"https:\\\/\\\/www.retaildetail.be\\\/fr\\\/news\\\/food\\\/colruyt-professionals-ouvre-ses-portes-sur-le-site-makro-de-deurne\\\/#breadcrumb\",\"itemListElement\":[{\"@type\":\"ListItem\",\"position\":1,\"name\":\"Home\",\"item\":\"https:\\\/\\\/www.retaildetail.be\\\/fr\\\/\"},{\"@type\":\"ListItem\",\"position\":2,\"name\":\"Colruyt Professionals ouvrira ses portes sur le site Makro de Deurne\"}]},{\"@type\":\"WebSite\",\"@id\":\"https:\\\/\\\/www.retaildetail.be\\\/nl\\\/#website\",\"url\":\"https:\\\/\\\/www.retaildetail.be\\\/nl\\\/\",\"name\":\"RetailDetail BE\",\"description\":\"News\",\"publisher\":{\"@id\":\"https:\\\/\\\/www.retaildetail.be\\\/nl\\\/#organization\"},\"potentialAction\":[{\"@type\":\"SearchAction\",\"target\":{\"@type\":\"EntryPoint\",\"urlTemplate\":\"https:\\\/\\\/www.retaildetail.be\\\/nl\\\/?s={search_term_string}\"},\"query-input\":{\"@type\":\"PropertyValueSpecification\",\"valueRequired\":true,\"valueName\":\"search_term_string\"}}],\"inLanguage\":\"fr-FR\"},{\"@type\":\"Organization\",\"@id\":\"https:\\\/\\\/www.retaildetail.be\\\/nl\\\/#organization\",\"name\":\"RetailDetail BE\",\"url\":\"https:\\\/\\\/www.retaildetail.be\\\/nl\\\/\",\"logo\":{\"@type\":\"ImageObject\",\"inLanguage\":\"fr-FR\",\"@id\":\"https:\\\/\\\/www.retaildetail.be\\\/nl\\\/#\\\/schema\\\/logo\\\/image\\\/\",\"url\":\"https:\\\/\\\/www.retaildetail.be\\\/wp-content\\\/uploads\\\/2022\\\/04\\\/logo.svg\",\"contentUrl\":\"https:\\\/\\\/www.retaildetail.be\\\/wp-content\\\/uploads\\\/2022\\\/04\\\/logo.svg\",\"width\":131,\"height\":70,\"caption\":\"RetailDetail BE\"},\"image\":{\"@id\":\"https:\\\/\\\/www.retaildetail.be\\\/nl\\\/#\\\/schema\\\/logo\\\/image\\\/\"}},{\"@type\":\"Person\",\"@id\":\"https:\\\/\\\/www.retaildetail.be\\\/nl\\\/#\\\/schema\\\/person\\\/51aec6069c4416aa2f68b2e4ff3455df\",\"name\":\"Stefan Van Rompaey\",\"image\":{\"@type\":\"ImageObject\",\"inLanguage\":\"fr-FR\",\"@id\":\"https:\\\/\\\/secure.gravatar.com\\\/avatar\\\/fbbb4a80a0f109888b2a5ab8ae255617499ecde533749b3ab2fa6c23b5d65dac?s=96&d=mm&r=g\",\"url\":\"https:\\\/\\\/secure.gravatar.com\\\/avatar\\\/fbbb4a80a0f109888b2a5ab8ae255617499ecde533749b3ab2fa6c23b5d65dac?s=96&d=mm&r=g\",\"contentUrl\":\"https:\\\/\\\/secure.gravatar.com\\\/avatar\\\/fbbb4a80a0f109888b2a5ab8ae255617499ecde533749b3ab2fa6c23b5d65dac?s=96&d=mm&r=g\",\"caption\":\"Stefan Van Rompaey\"},\"url\":\"https:\\\/\\\/www.retaildetail.be\\\/fr\\\/author\\\/stefanvanrompaey\\\/\"}]}<\/script>\n<!-- \/ Yoast SEO plugin. -->","yoast_head_json":{"title":"Colruyt Professionals ouvrira ses portes sur le site Makro de Deurne - RetailDetail BE","description":"Alors que les discussions sur le r\u00e9am\u00e9nagement de l'ancien site Makro \u00e0 Deurne battent encore leur plein, Colruyt Professionals y ouvrira le 16 septembre son neuvi\u00e8me magasin, le troisi\u00e8me en Flandre.","robots":{"index":"index","follow":"follow","max-snippet":"max-snippet:-1","max-image-preview":"max-image-preview:large","max-video-preview":"max-video-preview:-1"},"canonical":"https:\/\/www.retaildetail.be\/fr\/news\/food\/colruyt-professionals-ouvre-ses-portes-sur-le-site-makro-de-deurne\/","og_locale":"fr_FR","og_type":"article","og_title":"Colruyt Professionals ouvrira ses portes sur le site Makro de Deurne - RetailDetail BE","og_description":"Alors que les discussions sur le r\u00e9am\u00e9nagement de l'ancien site Makro \u00e0 Deurne battent encore leur plein, Colruyt Professionals y ouvrira le 16 septembre son neuvi\u00e8me magasin, le troisi\u00e8me en Flandre.","og_url":"https:\/\/www.retaildetail.be\/fr\/news\/food\/colruyt-professionals-ouvre-ses-portes-sur-le-site-makro-de-deurne\/","og_site_name":"RetailDetail BE","article_published_time":"2026-09-03T07:39:41+00:00","article_modified_time":"2026-09-03T07:39:42+00:00","og_image":[{"width":1024,"height":632,"url":"https:\/\/www.retaildetail.be\/wp-content\/uploads\/2026\/09\/CLPProfessionals-Aangepast-1.jpg","type":"image\/jpeg"}],"author":"Stefan Van Rompaey","twitter_card":"summary_large_image","twitter_misc":{"\u00c9crit par":"Stefan Van Rompaey","Dur\u00e9e de lecture estim\u00e9e":"2 minutes"},"schema":{"@context":"https:\/\/schema.org","@graph":[{"@type":"NewsArticle","@id":"https:\/\/www.retaildetail.be\/fr\/news\/food\/colruyt-professionals-ouvre-ses-portes-sur-le-site-makro-de-deurne\/#article","isPartOf":{"@id":"https:\/\/www.retaildetail.be\/fr\/news\/food\/colruyt-professionals-ouvre-ses-portes-sur-le-site-makro-de-deurne\/"},"author":{"name":"Stefan Van Rompaey","@id":"https:\/\/www.retaildetail.be\/nl\/#\/schema\/person\/51aec6069c4416aa2f68b2e4ff3455df"},"headline":"Colruyt Professionals ouvrira ses portes sur le site Makro de Deurne","datePublished":"2026-09-03T07:39:41+00:00","dateModified":"2026-09-03T07:39:42+00:00","mainEntityOfPage":{"@id":"https:\/\/www.retaildetail.be\/fr\/news\/food\/colruyt-professionals-ouvre-ses-portes-sur-le-site-makro-de-deurne\/"},"wordCount":427,"publisher":{"@id":"https:\/\/www.retaildetail.be\/nl\/#organization"},"image":{"@id":"https:\/\/www.retaildetail.be\/fr\/news\/food\/colruyt-professionals-ouvre-ses-portes-sur-le-site-makro-de-deurne\/#primaryimage"},"thumbnailUrl":"https:\/\/www.retaildetail.be\/wp-content\/uploads\/2026\/09\/CLPProfessionals-Aangepast-1.jpg","articleSection":["Food","Food"],"inLanguage":"fr-FR","copyrightYear":"2026","copyrightHolder":{"@id":"https:\/\/www.retaildetail.be\/#organization"}},{"@type":"WebPage","@id":"https:\/\/www.retaildetail.be\/fr\/news\/food\/colruyt-professionals-ouvre-ses-portes-sur-le-site-makro-de-deurne\/","url":"https:\/\/www.retaildetail.be\/fr\/news\/food\/colruyt-professionals-ouvre-ses-portes-sur-le-site-makro-de-deurne\/","name":"Colruyt Professionals ouvrira ses portes sur le site Makro de Deurne - RetailDetail BE","isPartOf":{"@id":"https:\/\/www.retaildetail.be\/nl\/#website"},"primaryImageOfPage":{"@id":"https:\/\/www.retaildetail.be\/fr\/news\/food\/colruyt-professionals-ouvre-ses-portes-sur-le-site-makro-de-deurne\/#primaryimage"},"image":{"@id":"https:\/\/www.retaildetail.be\/fr\/news\/food\/colruyt-professionals-ouvre-ses-portes-sur-le-site-makro-de-deurne\/#primaryimage"},"thumbnailUrl":"https:\/\/www.retaildetail.be\/wp-content\/uploads\/2026\/09\/CLPProfessionals-Aangepast-1.jpg","datePublished":"2026-09-03T07:39:41+00:00","dateModified":"2026-09-03T07:39:42+00:00","description":"Alors que les discussions sur le r\u00e9am\u00e9nagement de l'ancien site Makro \u00e0 Deurne battent encore leur plein, Colruyt Professionals y ouvrira le 16 septembre son neuvi\u00e8me magasin, le troisi\u00e8me en Flandre.","breadcrumb":{"@id":"https:\/\/www.retaildetail.be\/fr\/news\/food\/colruyt-professionals-ouvre-ses-portes-sur-le-site-makro-de-deurne\/#breadcrumb"},"inLanguage":"fr-FR","potentialAction":[{"@type":"ReadAction","target":["https:\/\/www.retaildetail.be\/fr\/news\/food\/colruyt-professionals-ouvre-ses-portes-sur-le-site-makro-de-deurne\/"]}]},{"@type":"ImageObject","inLanguage":"fr-FR","@id":"https:\/\/www.retaildetail.be\/fr\/news\/food\/colruyt-professionals-ouvre-ses-portes-sur-le-site-makro-de-deurne\/#primaryimage","url":"https:\/\/www.retaildetail.be\/wp-content\/uploads\/2026\/09\/CLPProfessionals-Aangepast-1.jpg","contentUrl":"https:\/\/www.retaildetail.be\/wp-content\/uploads\/2026\/09\/CLPProfessionals-Aangepast-1.jpg","width":1024,"height":632,"caption":"Colruyt Group"},{"@type":"BreadcrumbList","@id":"https:\/\/www.retaildetail.be\/fr\/news\/food\/colruyt-professionals-ouvre-ses-portes-sur-le-site-makro-de-deurne\/#breadcrumb","itemListElement":[{"@type":"ListItem","position":1,"name":"Home","item":"https:\/\/www.retaildetail.be\/fr\/"},{"@type":"ListItem","position":2,"name":"Colruyt Professionals ouvrira ses portes sur le site Makro de Deurne"}]},{"@type":"WebSite","@id":"https:\/\/www.retaildetail.be\/nl\/#website","url":"https:\/\/www.retaildetail.be\/nl\/","name":"RetailDetail BE","description":"News","publisher":{"@id":"https:\/\/www.retaildetail.be\/nl\/#organization"},"potentialAction":[{"@type":"SearchAction","target":{"@type":"EntryPoint","urlTemplate":"https:\/\/www.retaildetail.be\/nl\/?s={search_term_string}"},"query-input":{"@type":"PropertyValueSpecification","valueRequired":true,"valueName":"search_term_string"}}],"inLanguage":"fr-FR"},{"@type":"Organization","@id":"https:\/\/www.retaildetail.be\/nl\/#organization","name":"RetailDetail BE","url":"https:\/\/www.retaildetail.be\/nl\/","logo":{"@type":"ImageObject","inLanguage":"fr-FR","@id":"https:\/\/www.retaildetail.be\/nl\/#\/schema\/logo\/image\/","url":"https:\/\/www.retaildetail.be\/wp-content\/uploads\/2022\/04\/logo.svg","contentUrl":"https:\/\/www.retaildetail.be\/wp-content\/uploads\/2022\/04\/logo.svg","width":131,"height":70,"caption":"RetailDetail BE"},"image":{"@id":"https:\/\/www.retaildetail.be\/nl\/#\/schema\/logo\/image\/"}},{"@type":"Person","@id":"https:\/\/www.retaildetail.be\/nl\/#\/schema\/person\/51aec6069c4416aa2f68b2e4ff3455df","name":"Stefan Van Rompaey","image":{"@type":"ImageObject","inLanguage":"fr-FR","@id":"https:\/\/secure.gravatar.com\/avatar\/fbbb4a80a0f109888b2a5ab8ae255617499ecde533749b3ab2fa6c23b5d65dac?s=96&d=mm&r=g","url":"https:\/\/secure.gravatar.com\/avatar\/fbbb4a80a0f109888b2a5ab8ae255617499ecde533749b3ab2fa6c23b5d65dac?s=96&d=mm&r=g","contentUrl":"https:\/\/secure.gravatar.com\/avatar\/fbbb4a80a0f109888b2a5ab8ae255617499ecde533749b3ab2fa6c23b5d65dac?s=96&d=mm&r=g","caption":"Stefan Van Rompaey"},"url":"https:\/\/www.retaildetail.be\/fr\/author\/stefanvanrompaey\/"}]}},"jetpack_featured_media_url":"https:\/\/www.retaildetail.be\/wp-content\/uploads\/2026\/09\/CLPProfessionals-Aangepast-1.jpg","jetpack_sharing_enabled":true,"_links":{"self":[{"href":"https:\/\/www.retaildetail.be\/fr\/wp-json\/wp\/v2\/posts\/154586","targetHints":{"allow":["GET"]}}],"collection":[{"href":"https:\/\/www.retaildetail.be\/fr\/wp-json\/wp\/v2\/posts"}],"about":[{"href":"https:\/\/www.retaildetail.be\/fr\/wp-json\/wp\/v2\/types\/post"}],"author":[{"embeddable":true,"href":"https:\/\/www.retaildetail.be\/fr\/wp-json\/wp\/v2\/users\/3"}],"replies":[{"embeddable":true,"href":"https:\/\/www.retaildetail.be\/fr\/wp-json\/wp\/v2\/comments?post=154586"}],"version-history":[{"count":1,"href":"https:\/\/www.retaildetail.be\/fr\/wp-json\/wp\/v2\/posts\/154586\/revisions"}],"predecessor-version":[{"id":154588,"href":"https:\/\/www.retaildetail.be\/fr\/wp-json\/wp\/v2\/posts\/154586\/revisions\/154588"}],"wp:featuredmedia":[{"embeddable":true,"href":"https:\/\/www.retaildetail.be\/fr\/wp-json\/wp\/v2\/media\/154587"}],"wp:attachment":[{"href":"https:\/\/www.retaildetail.be\/fr\/wp-json\/wp\/v2\/media?parent=154586"}],"wp:term":[{"taxonomy":"category","embeddable":true,"href":"https:\/\/www.retaildetail.be\/fr\/wp-json\/wp\/v2\/categories?post=154586"},{"taxonomy":"post_tag","embeddable":true,"href":"https:\/\/www.retaildetail.be\/fr\/wp-json\/wp\/v2\/tags?post=154586"},{"taxonomy":"people","embeddable":true,"href":"https:\/\/www.retaildetail.be\/fr\/wp-json\/wp\/v2\/people?post=154586"},{"taxonomy":"extra","embeddable":true,"href":"https:\/\/www.retaildetail.be\/fr\/wp-json\/wp\/v2\/extra?post=154586"},{"taxonomy":"company","embeddable":true,"href":"https:\/\/www.retaildetail.be\/fr\/wp-json\/wp\/v2\/company?post=154586"},{"taxonomy":"topic","embeddable":true,"href":"https:\/\/www.retaildetail.be\/fr\/wp-json\/wp\/v2\/topic?post=154586"},{"taxonomy":"region","embeddable":true,"href":"https:\/\/www.retaildetail.be\/fr\/wp-json\/wp\/v2\/region?post=154586"}],"curies":[{"name":"wp","href":"https:\/\/api.w.org\/{rel}","templated":true}]}}