{"id":154606,"date":"2026-09-03T11:25:05","date_gmt":"2026-09-03T09:25:05","guid":{"rendered":"https:\/\/www.retaildetail.be\/?p=154606"},"modified":"2026-09-03T11:44:52","modified_gmt":"2026-09-03T09:44:52","slug":"en-images-schiphol-devient-une-vitrine-internationale-pour-marie-stella-maris","status":"publish","type":"post","link":"https:\/\/www.retaildetail.be\/fr\/news\/beaute-soins\/en-images-schiphol-devient-une-vitrine-internationale-pour-marie-stella-maris\/","title":{"rendered":"[En Images] Marie-Stella-Maris fait d\u00e9couvrir \u00ab le parfum d&rsquo;Amsterdam \u00bb au monde \u00e0 l&rsquo;a\u00e9roport de Schiphol"},"content":{"rendered":"\n<div class=\"wp-block-jetpack-slideshow aligncenter\" data-effect=\"slide\" style=\"--aspect-ratio:calc(800 \/ 600)\"><div class=\"wp-block-jetpack-slideshow_container swiper\"><ul class=\"wp-block-jetpack-slideshow_swiper-wrapper swiper-wrapper\"><li class=\"wp-block-jetpack-slideshow_slide swiper-slide\"><figure><img loading=\"lazy\" decoding=\"async\" width=\"800\" height=\"600\" alt=\"\" class=\"wp-block-jetpack-slideshow_image wp-image-154597\" data-id=\"154597\" data-aspect-ratio=\"800 \/ 600\" src=\"https:\/\/www.retaildetail.be\/wp-content\/uploads\/2026\/09\/1788352743209.jpg\" srcset=\"https:\/\/www.retaildetail.be\/wp-content\/uploads\/2026\/09\/1788352743209.jpg 800w, https:\/\/www.retaildetail.be\/wp-content\/uploads\/2026\/09\/1788352743209-300x225.jpg 300w, https:\/\/www.retaildetail.be\/wp-content\/uploads\/2026\/09\/1788352743209-768x576.jpg 768w\" sizes=\"(max-width: 800px) 100vw, 800px\" \/><\/figure><\/li><li class=\"wp-block-jetpack-slideshow_slide swiper-slide\"><figure><img loading=\"lazy\" decoding=\"async\" width=\"768\" height=\"1024\" alt=\"\" class=\"wp-block-jetpack-slideshow_image wp-image-154600\" data-id=\"154600\" data-aspect-ratio=\"768 \/ 1024\" src=\"https:\/\/www.retaildetail.be\/wp-content\/uploads\/2026\/09\/1788352734608-768x1024.jpg\" srcset=\"https:\/\/www.retaildetail.be\/wp-content\/uploads\/2026\/09\/1788352734608-768x1023.jpg 768w, https:\/\/www.retaildetail.be\/wp-content\/uploads\/2026\/09\/1788352734608-225x300.jpg 225w, https:\/\/www.retaildetail.be\/wp-content\/uploads\/2026\/09\/1788352734608.jpg 800w\" sizes=\"(max-width: 768px) 100vw, 768px\" \/><\/figure><\/li><li class=\"wp-block-jetpack-slideshow_slide swiper-slide\"><figure><img loading=\"lazy\" decoding=\"async\" width=\"768\" height=\"1024\" alt=\"\" class=\"wp-block-jetpack-slideshow_image wp-image-154599\" data-id=\"154599\" data-aspect-ratio=\"768 \/ 1024\" src=\"https:\/\/www.retaildetail.be\/wp-content\/uploads\/2026\/09\/1788352740920-768x1024.jpg\" srcset=\"https:\/\/www.retaildetail.be\/wp-content\/uploads\/2026\/09\/1788352740920-768x1023.jpg 768w, https:\/\/www.retaildetail.be\/wp-content\/uploads\/2026\/09\/1788352740920-225x300.jpg 225w, https:\/\/www.retaildetail.be\/wp-content\/uploads\/2026\/09\/1788352740920.jpg 800w\" sizes=\"(max-width: 768px) 100vw, 768px\" \/><\/figure><\/li><li class=\"wp-block-jetpack-slideshow_slide swiper-slide\"><figure><img loading=\"lazy\" decoding=\"async\" width=\"768\" height=\"1024\" alt=\"\" class=\"wp-block-jetpack-slideshow_image wp-image-154598\" data-id=\"154598\" data-aspect-ratio=\"768 \/ 1024\" src=\"https:\/\/www.retaildetail.be\/wp-content\/uploads\/2026\/09\/1788352740544-768x1024.jpg\" srcset=\"https:\/\/www.retaildetail.be\/wp-content\/uploads\/2026\/09\/1788352740544-768x1023.jpg 768w, https:\/\/www.retaildetail.be\/wp-content\/uploads\/2026\/09\/1788352740544-225x300.jpg 225w, https:\/\/www.retaildetail.be\/wp-content\/uploads\/2026\/09\/1788352740544.jpg 800w\" sizes=\"(max-width: 768px) 100vw, 768px\" \/><\/figure><\/li><li class=\"wp-block-jetpack-slideshow_slide swiper-slide\"><figure><img loading=\"lazy\" decoding=\"async\" width=\"768\" height=\"1024\" alt=\"\" class=\"wp-block-jetpack-slideshow_image wp-image-154601\" data-id=\"154601\" data-aspect-ratio=\"768 \/ 1024\" src=\"https:\/\/www.retaildetail.be\/wp-content\/uploads\/2026\/09\/1788352744426-768x1024.jpg\" srcset=\"https:\/\/www.retaildetail.be\/wp-content\/uploads\/2026\/09\/1788352744426-768x1023.jpg 768w, https:\/\/www.retaildetail.be\/wp-content\/uploads\/2026\/09\/1788352744426-225x300.jpg 225w, https:\/\/www.retaildetail.be\/wp-content\/uploads\/2026\/09\/1788352744426.jpg 800w\" sizes=\"(max-width: 768px) 100vw, 768px\" \/><\/figure><\/li><\/ul><a class=\"wp-block-jetpack-slideshow_button-prev swiper-button-prev swiper-button-white\" role=\"button\"><\/a><a class=\"wp-block-jetpack-slideshow_button-next swiper-button-next swiper-button-white\" role=\"button\"><\/a><a aria-label=\"Pause Slideshow\" class=\"wp-block-jetpack-slideshow_button-pause\" role=\"button\"><\/a><div class=\"wp-block-jetpack-slideshow_pagination swiper-pagination swiper-pagination-white\"><\/div><\/div><\/div>\n\n\n\n<p class=\"wp-block-paragraph\"><strong>Marie-Stella-Maris<\/strong> fait son entr\u00e9e dans le secteur du travel retail avec une boutique \u00e9ph\u00e9m\u00e8re \u00e0 Schiphol. Dans le Lounge 1, la marque n\u00e9erlandaise souhaite faire d\u00e9couvrir \u00ab le parfum d&rsquo;Amsterdam \u00bb aux voyageurs internationaux.<\/p>\n\n\n\n<h2 class=\"wp-block-heading\">Un d\u00e9but logique<\/h2>\n\n\n\n<p class=\"wp-block-paragraph\">En collaboration avec Lagard\u00e8re Travel Retail, Marie-Stella-Maris a d\u00e9lib\u00e9r\u00e9ment choisi Schiphol comme premier site dans le secteur du travel retail. Pour la marque d\u2019Amsterdam, l\u2019a\u00e9roport constitue en effet un lieu tout indiqu\u00e9 pour toucher un public international. \u00ab En tant que marque fond\u00e9e \u00e0 Amsterdam, <a href=\"https:\/\/www.linkedin.com\/posts\/marie-stella-maris_mariestellamaris-schiphol-amsterdam-activity-7500895076072591360-VLnS?utm_source=share&amp;utm_medium=member_desktop&amp;rcm=ACoAAABHaesBSYhC8LGkvHPCpty8JG4Dv4MIlQw\">Schiphol offre une plateforme naturelle<\/a> pour pr\u00e9senter notre univers \u00e0 un public international \u00bb, explique l\u2019entreprise sur LinkedIn.<\/p>\n\n\n\n<p class=\"wp-block-paragraph\">Au c\u0153ur de cette boutique \u00e9ph\u00e9m\u00e8re se trouve \u00ab No.12 Objets d\u2019Amsterdam \u00bb, un parfum que la marque a cr\u00e9\u00e9 en s\u2019inspirant de sa ville d\u2019origine. Les visiteurs peuvent non seulement y d\u00e9couvrir des produits et des parfums, mais aussi \u00e9crire une carte postale \u00e0 un \u00eatre cher. Avec ce concept, Marie-Stella-Maris cherche \u00e0 offrir bien plus qu\u2019un simple point de vente classique. \u00ab Cette boutique \u00e9ph\u00e9m\u00e8re captivante allie parfum, design et moment de partage \u00bb, explique la marque.<\/p>\n","protected":false},"excerpt":{"rendered":"<p>Marie-Stella-Maris fait son entr\u00e9e dans le secteur du travel retail avec une boutique \u00e9ph\u00e9m\u00e8re \u00e0 Schiphol. Dans le Lounge 1, la marque n\u00e9erlandaise souhaite faire d\u00e9couvrir \u00ab le parfum d&rsquo;Amsterdam \u00bb aux voyageurs internationaux.<\/p>\n","protected":false},"author":5,"featured_media":154607,"comment_status":"closed","ping_status":"closed","sticky":false,"template":"template-gallery.php","format":"standard","meta":{"_acf_changed":false,"inline_featured_image":false,"_jetpack_newsletter_access":"","_jetpack_dont_email_post_to_subs":false,"_jetpack_newsletter_tier_id":0,"_jetpack_memberships_contains_paywalled_content":false,"_jetpack_memberships_contains_paid_content":false,"footnotes":""},"categories":[27,19],"tags":[],"people":[],"extra":[],"company":[1544],"topic":[1262],"region":[524],"class_list":["post-154606","post","type-post","status-publish","format-standard","has-post-thumbnail","hentry","category-beaute-soins","category-schoonheid-verzorging","company-marie-stella-maris","topic-en-images","region-pays-bas"],"acf":[],"yoast_head":"<!-- This site is optimized with the Yoast SEO plugin v28.1 - https:\/\/yoast.com\/product\/yoast-seo-wordpress\/ -->\n<title>[En Images] Marie-Stella-Maris fait d\u00e9couvrir \u00ab le parfum d&#039;Amsterdam \u00bb au monde \u00e0 l&#039;a\u00e9roport de Schiphol - RetailDetail BE<\/title>\n<meta name=\"robots\" content=\"index, follow, max-snippet:-1, max-image-preview:large, max-video-preview:-1\" \/>\n<link rel=\"canonical\" href=\"https:\/\/www.retaildetail.be\/fr\/news\/beaute-soins\/en-images-schiphol-devient-une-vitrine-internationale-pour-marie-stella-maris\/\" \/>\n<meta property=\"og:locale\" content=\"fr_FR\" \/>\n<meta property=\"og:type\" content=\"article\" \/>\n<meta property=\"og:title\" content=\"[En Images] Marie-Stella-Maris fait d\u00e9couvrir \u00ab le parfum d&#039;Amsterdam \u00bb au monde \u00e0 l&#039;a\u00e9roport de Schiphol - RetailDetail BE\" \/>\n<meta property=\"og:description\" content=\"Marie-Stella-Maris fait son entr\u00e9e dans le secteur du travel retail avec une boutique \u00e9ph\u00e9m\u00e8re \u00e0 Schiphol. Dans le Lounge 1, la marque n\u00e9erlandaise souhaite faire d\u00e9couvrir \u00ab le parfum d&#039;Amsterdam \u00bb aux voyageurs internationaux.\" \/>\n<meta property=\"og:url\" content=\"https:\/\/www.retaildetail.be\/fr\/news\/beaute-soins\/en-images-schiphol-devient-une-vitrine-internationale-pour-marie-stella-maris\/\" \/>\n<meta property=\"og:site_name\" content=\"RetailDetail BE\" \/>\n<meta property=\"article:published_time\" content=\"2026-09-03T09:25:05+00:00\" \/>\n<meta property=\"article:modified_time\" content=\"2026-09-03T09:44:52+00:00\" \/>\n<meta property=\"og:image\" content=\"https:\/\/www.retaildetail.be\/wp-content\/uploads\/2026\/09\/1788352743209-1.jpg\" \/>\n\t<meta property=\"og:image:width\" content=\"800\" \/>\n\t<meta property=\"og:image:height\" content=\"600\" \/>\n\t<meta property=\"og:image:type\" content=\"image\/jpeg\" \/>\n<meta name=\"author\" content=\"Pauline Neerman\" \/>\n<meta name=\"twitter:card\" content=\"summary_large_image\" \/>\n<meta name=\"twitter:label1\" content=\"\u00c9crit par\" \/>\n\t<meta name=\"twitter:data1\" content=\"Pauline Neerman\" \/>\n\t<meta name=\"twitter:label2\" content=\"Dur\u00e9e de lecture estim\u00e9e\" \/>\n\t<meta name=\"twitter:data2\" content=\"1 minute\" \/>\n<script type=\"application\/ld+json\" class=\"yoast-schema-graph\">{\"@context\":\"https:\\\/\\\/schema.org\",\"@graph\":[{\"@type\":\"NewsArticle\",\"@id\":\"https:\\\/\\\/www.retaildetail.be\\\/fr\\\/news\\\/beaute-soins\\\/en-images-schiphol-devient-une-vitrine-internationale-pour-marie-stella-maris\\\/#article\",\"isPartOf\":{\"@id\":\"https:\\\/\\\/www.retaildetail.be\\\/fr\\\/news\\\/beaute-soins\\\/en-images-schiphol-devient-une-vitrine-internationale-pour-marie-stella-maris\\\/\"},\"author\":{\"name\":\"Pauline Neerman\",\"@id\":\"https:\\\/\\\/www.retaildetail.be\\\/nl\\\/#\\\/schema\\\/person\\\/66b54803fa10759039079458ea89e307\"},\"headline\":\"[En Images] Marie-Stella-Maris fait d\u00e9couvrir \u00ab le parfum d&rsquo;Amsterdam \u00bb au monde \u00e0 l&rsquo;a\u00e9roport de Schiphol\",\"datePublished\":\"2026-09-03T09:25:05+00:00\",\"dateModified\":\"2026-09-03T09:44:52+00:00\",\"mainEntityOfPage\":{\"@id\":\"https:\\\/\\\/www.retaildetail.be\\\/fr\\\/news\\\/beaute-soins\\\/en-images-schiphol-devient-une-vitrine-internationale-pour-marie-stella-maris\\\/\"},\"wordCount\":209,\"publisher\":{\"@id\":\"https:\\\/\\\/www.retaildetail.be\\\/nl\\\/#organization\"},\"image\":{\"@id\":\"https:\\\/\\\/www.retaildetail.be\\\/fr\\\/news\\\/beaute-soins\\\/en-images-schiphol-devient-une-vitrine-internationale-pour-marie-stella-maris\\\/#primaryimage\"},\"thumbnailUrl\":\"https:\\\/\\\/www.retaildetail.be\\\/wp-content\\\/uploads\\\/2026\\\/09\\\/1788352743209-1.jpg\",\"articleSection\":[\"Beaut\u00e9\\\/Soins\",\"Schoonheid\\\/verzorging\"],\"inLanguage\":\"fr-FR\",\"copyrightYear\":\"2026\",\"copyrightHolder\":{\"@id\":\"https:\\\/\\\/www.retaildetail.be\\\/#organization\"}},{\"@type\":\"WebPage\",\"@id\":\"https:\\\/\\\/www.retaildetail.be\\\/fr\\\/news\\\/beaute-soins\\\/en-images-schiphol-devient-une-vitrine-internationale-pour-marie-stella-maris\\\/\",\"url\":\"https:\\\/\\\/www.retaildetail.be\\\/fr\\\/news\\\/beaute-soins\\\/en-images-schiphol-devient-une-vitrine-internationale-pour-marie-stella-maris\\\/\",\"name\":\"[En Images] Marie-Stella-Maris fait d\u00e9couvrir \u00ab le parfum d'Amsterdam \u00bb au monde \u00e0 l'a\u00e9roport de Schiphol - RetailDetail BE\",\"isPartOf\":{\"@id\":\"https:\\\/\\\/www.retaildetail.be\\\/nl\\\/#website\"},\"primaryImageOfPage\":{\"@id\":\"https:\\\/\\\/www.retaildetail.be\\\/fr\\\/news\\\/beaute-soins\\\/en-images-schiphol-devient-une-vitrine-internationale-pour-marie-stella-maris\\\/#primaryimage\"},\"image\":{\"@id\":\"https:\\\/\\\/www.retaildetail.be\\\/fr\\\/news\\\/beaute-soins\\\/en-images-schiphol-devient-une-vitrine-internationale-pour-marie-stella-maris\\\/#primaryimage\"},\"thumbnailUrl\":\"https:\\\/\\\/www.retaildetail.be\\\/wp-content\\\/uploads\\\/2026\\\/09\\\/1788352743209-1.jpg\",\"datePublished\":\"2026-09-03T09:25:05+00:00\",\"dateModified\":\"2026-09-03T09:44:52+00:00\",\"breadcrumb\":{\"@id\":\"https:\\\/\\\/www.retaildetail.be\\\/fr\\\/news\\\/beaute-soins\\\/en-images-schiphol-devient-une-vitrine-internationale-pour-marie-stella-maris\\\/#breadcrumb\"},\"inLanguage\":\"fr-FR\",\"potentialAction\":[{\"@type\":\"ReadAction\",\"target\":[\"https:\\\/\\\/www.retaildetail.be\\\/fr\\\/news\\\/beaute-soins\\\/en-images-schiphol-devient-une-vitrine-internationale-pour-marie-stella-maris\\\/\"]}]},{\"@type\":\"ImageObject\",\"inLanguage\":\"fr-FR\",\"@id\":\"https:\\\/\\\/www.retaildetail.be\\\/fr\\\/news\\\/beaute-soins\\\/en-images-schiphol-devient-une-vitrine-internationale-pour-marie-stella-maris\\\/#primaryimage\",\"url\":\"https:\\\/\\\/www.retaildetail.be\\\/wp-content\\\/uploads\\\/2026\\\/09\\\/1788352743209-1.jpg\",\"contentUrl\":\"https:\\\/\\\/www.retaildetail.be\\\/wp-content\\\/uploads\\\/2026\\\/09\\\/1788352743209-1.jpg\",\"width\":800,\"height\":600},{\"@type\":\"BreadcrumbList\",\"@id\":\"https:\\\/\\\/www.retaildetail.be\\\/fr\\\/news\\\/beaute-soins\\\/en-images-schiphol-devient-une-vitrine-internationale-pour-marie-stella-maris\\\/#breadcrumb\",\"itemListElement\":[{\"@type\":\"ListItem\",\"position\":1,\"name\":\"Home\",\"item\":\"https:\\\/\\\/www.retaildetail.be\\\/fr\\\/\"},{\"@type\":\"ListItem\",\"position\":2,\"name\":\"[En Images] Marie-Stella-Maris fait d\u00e9couvrir \u00ab le parfum d&#8217;Amsterdam \u00bb au monde \u00e0 l&#8217;a\u00e9roport de Schiphol\"}]},{\"@type\":\"WebSite\",\"@id\":\"https:\\\/\\\/www.retaildetail.be\\\/nl\\\/#website\",\"url\":\"https:\\\/\\\/www.retaildetail.be\\\/nl\\\/\",\"name\":\"RetailDetail BE\",\"description\":\"News\",\"publisher\":{\"@id\":\"https:\\\/\\\/www.retaildetail.be\\\/nl\\\/#organization\"},\"potentialAction\":[{\"@type\":\"SearchAction\",\"target\":{\"@type\":\"EntryPoint\",\"urlTemplate\":\"https:\\\/\\\/www.retaildetail.be\\\/nl\\\/?s={search_term_string}\"},\"query-input\":{\"@type\":\"PropertyValueSpecification\",\"valueRequired\":true,\"valueName\":\"search_term_string\"}}],\"inLanguage\":\"fr-FR\"},{\"@type\":\"Organization\",\"@id\":\"https:\\\/\\\/www.retaildetail.be\\\/nl\\\/#organization\",\"name\":\"RetailDetail BE\",\"url\":\"https:\\\/\\\/www.retaildetail.be\\\/nl\\\/\",\"logo\":{\"@type\":\"ImageObject\",\"inLanguage\":\"fr-FR\",\"@id\":\"https:\\\/\\\/www.retaildetail.be\\\/nl\\\/#\\\/schema\\\/logo\\\/image\\\/\",\"url\":\"https:\\\/\\\/www.retaildetail.be\\\/wp-content\\\/uploads\\\/2022\\\/04\\\/logo.svg\",\"contentUrl\":\"https:\\\/\\\/www.retaildetail.be\\\/wp-content\\\/uploads\\\/2022\\\/04\\\/logo.svg\",\"width\":131,\"height\":70,\"caption\":\"RetailDetail BE\"},\"image\":{\"@id\":\"https:\\\/\\\/www.retaildetail.be\\\/nl\\\/#\\\/schema\\\/logo\\\/image\\\/\"}},{\"@type\":\"Person\",\"@id\":\"https:\\\/\\\/www.retaildetail.be\\\/nl\\\/#\\\/schema\\\/person\\\/66b54803fa10759039079458ea89e307\",\"name\":\"Pauline Neerman\",\"image\":{\"@type\":\"ImageObject\",\"inLanguage\":\"fr-FR\",\"@id\":\"https:\\\/\\\/secure.gravatar.com\\\/avatar\\\/58db22aee589a691f9603e5765ac06010427a923f9b2728b951eb7fe27214d70?s=96&d=mm&r=g\",\"url\":\"https:\\\/\\\/secure.gravatar.com\\\/avatar\\\/58db22aee589a691f9603e5765ac06010427a923f9b2728b951eb7fe27214d70?s=96&d=mm&r=g\",\"contentUrl\":\"https:\\\/\\\/secure.gravatar.com\\\/avatar\\\/58db22aee589a691f9603e5765ac06010427a923f9b2728b951eb7fe27214d70?s=96&d=mm&r=g\",\"caption\":\"Pauline Neerman\"},\"url\":\"https:\\\/\\\/www.retaildetail.be\\\/fr\\\/author\\\/paulineneerman\\\/\"}]}<\/script>\n<!-- \/ Yoast SEO plugin. -->","yoast_head_json":{"title":"[En Images] Marie-Stella-Maris fait d\u00e9couvrir \u00ab le parfum d'Amsterdam \u00bb au monde \u00e0 l'a\u00e9roport de Schiphol - RetailDetail BE","robots":{"index":"index","follow":"follow","max-snippet":"max-snippet:-1","max-image-preview":"max-image-preview:large","max-video-preview":"max-video-preview:-1"},"canonical":"https:\/\/www.retaildetail.be\/fr\/news\/beaute-soins\/en-images-schiphol-devient-une-vitrine-internationale-pour-marie-stella-maris\/","og_locale":"fr_FR","og_type":"article","og_title":"[En Images] Marie-Stella-Maris fait d\u00e9couvrir \u00ab le parfum d'Amsterdam \u00bb au monde \u00e0 l'a\u00e9roport de Schiphol - RetailDetail BE","og_description":"Marie-Stella-Maris fait son entr\u00e9e dans le secteur du travel retail avec une boutique \u00e9ph\u00e9m\u00e8re \u00e0 Schiphol. Dans le Lounge 1, la marque n\u00e9erlandaise souhaite faire d\u00e9couvrir \u00ab le parfum d'Amsterdam \u00bb aux voyageurs internationaux.","og_url":"https:\/\/www.retaildetail.be\/fr\/news\/beaute-soins\/en-images-schiphol-devient-une-vitrine-internationale-pour-marie-stella-maris\/","og_site_name":"RetailDetail BE","article_published_time":"2026-09-03T09:25:05+00:00","article_modified_time":"2026-09-03T09:44:52+00:00","og_image":[{"width":800,"height":600,"url":"https:\/\/www.retaildetail.be\/wp-content\/uploads\/2026\/09\/1788352743209-1.jpg","type":"image\/jpeg"}],"author":"Pauline Neerman","twitter_card":"summary_large_image","twitter_misc":{"\u00c9crit par":"Pauline Neerman","Dur\u00e9e de lecture estim\u00e9e":"1 minute"},"schema":{"@context":"https:\/\/schema.org","@graph":[{"@type":"NewsArticle","@id":"https:\/\/www.retaildetail.be\/fr\/news\/beaute-soins\/en-images-schiphol-devient-une-vitrine-internationale-pour-marie-stella-maris\/#article","isPartOf":{"@id":"https:\/\/www.retaildetail.be\/fr\/news\/beaute-soins\/en-images-schiphol-devient-une-vitrine-internationale-pour-marie-stella-maris\/"},"author":{"name":"Pauline Neerman","@id":"https:\/\/www.retaildetail.be\/nl\/#\/schema\/person\/66b54803fa10759039079458ea89e307"},"headline":"[En Images] Marie-Stella-Maris fait d\u00e9couvrir \u00ab le parfum d&rsquo;Amsterdam \u00bb au monde \u00e0 l&rsquo;a\u00e9roport de Schiphol","datePublished":"2026-09-03T09:25:05+00:00","dateModified":"2026-09-03T09:44:52+00:00","mainEntityOfPage":{"@id":"https:\/\/www.retaildetail.be\/fr\/news\/beaute-soins\/en-images-schiphol-devient-une-vitrine-internationale-pour-marie-stella-maris\/"},"wordCount":209,"publisher":{"@id":"https:\/\/www.retaildetail.be\/nl\/#organization"},"image":{"@id":"https:\/\/www.retaildetail.be\/fr\/news\/beaute-soins\/en-images-schiphol-devient-une-vitrine-internationale-pour-marie-stella-maris\/#primaryimage"},"thumbnailUrl":"https:\/\/www.retaildetail.be\/wp-content\/uploads\/2026\/09\/1788352743209-1.jpg","articleSection":["Beaut\u00e9\/Soins","Schoonheid\/verzorging"],"inLanguage":"fr-FR","copyrightYear":"2026","copyrightHolder":{"@id":"https:\/\/www.retaildetail.be\/#organization"}},{"@type":"WebPage","@id":"https:\/\/www.retaildetail.be\/fr\/news\/beaute-soins\/en-images-schiphol-devient-une-vitrine-internationale-pour-marie-stella-maris\/","url":"https:\/\/www.retaildetail.be\/fr\/news\/beaute-soins\/en-images-schiphol-devient-une-vitrine-internationale-pour-marie-stella-maris\/","name":"[En Images] Marie-Stella-Maris fait d\u00e9couvrir \u00ab le parfum d'Amsterdam \u00bb au monde \u00e0 l'a\u00e9roport de Schiphol - RetailDetail BE","isPartOf":{"@id":"https:\/\/www.retaildetail.be\/nl\/#website"},"primaryImageOfPage":{"@id":"https:\/\/www.retaildetail.be\/fr\/news\/beaute-soins\/en-images-schiphol-devient-une-vitrine-internationale-pour-marie-stella-maris\/#primaryimage"},"image":{"@id":"https:\/\/www.retaildetail.be\/fr\/news\/beaute-soins\/en-images-schiphol-devient-une-vitrine-internationale-pour-marie-stella-maris\/#primaryimage"},"thumbnailUrl":"https:\/\/www.retaildetail.be\/wp-content\/uploads\/2026\/09\/1788352743209-1.jpg","datePublished":"2026-09-03T09:25:05+00:00","dateModified":"2026-09-03T09:44:52+00:00","breadcrumb":{"@id":"https:\/\/www.retaildetail.be\/fr\/news\/beaute-soins\/en-images-schiphol-devient-une-vitrine-internationale-pour-marie-stella-maris\/#breadcrumb"},"inLanguage":"fr-FR","potentialAction":[{"@type":"ReadAction","target":["https:\/\/www.retaildetail.be\/fr\/news\/beaute-soins\/en-images-schiphol-devient-une-vitrine-internationale-pour-marie-stella-maris\/"]}]},{"@type":"ImageObject","inLanguage":"fr-FR","@id":"https:\/\/www.retaildetail.be\/fr\/news\/beaute-soins\/en-images-schiphol-devient-une-vitrine-internationale-pour-marie-stella-maris\/#primaryimage","url":"https:\/\/www.retaildetail.be\/wp-content\/uploads\/2026\/09\/1788352743209-1.jpg","contentUrl":"https:\/\/www.retaildetail.be\/wp-content\/uploads\/2026\/09\/1788352743209-1.jpg","width":800,"height":600},{"@type":"BreadcrumbList","@id":"https:\/\/www.retaildetail.be\/fr\/news\/beaute-soins\/en-images-schiphol-devient-une-vitrine-internationale-pour-marie-stella-maris\/#breadcrumb","itemListElement":[{"@type":"ListItem","position":1,"name":"Home","item":"https:\/\/www.retaildetail.be\/fr\/"},{"@type":"ListItem","position":2,"name":"[En Images] Marie-Stella-Maris fait d\u00e9couvrir \u00ab le parfum d&#8217;Amsterdam \u00bb au monde \u00e0 l&#8217;a\u00e9roport de Schiphol"}]},{"@type":"WebSite","@id":"https:\/\/www.retaildetail.be\/nl\/#website","url":"https:\/\/www.retaildetail.be\/nl\/","name":"RetailDetail BE","description":"News","publisher":{"@id":"https:\/\/www.retaildetail.be\/nl\/#organization"},"potentialAction":[{"@type":"SearchAction","target":{"@type":"EntryPoint","urlTemplate":"https:\/\/www.retaildetail.be\/nl\/?s={search_term_string}"},"query-input":{"@type":"PropertyValueSpecification","valueRequired":true,"valueName":"search_term_string"}}],"inLanguage":"fr-FR"},{"@type":"Organization","@id":"https:\/\/www.retaildetail.be\/nl\/#organization","name":"RetailDetail BE","url":"https:\/\/www.retaildetail.be\/nl\/","logo":{"@type":"ImageObject","inLanguage":"fr-FR","@id":"https:\/\/www.retaildetail.be\/nl\/#\/schema\/logo\/image\/","url":"https:\/\/www.retaildetail.be\/wp-content\/uploads\/2022\/04\/logo.svg","contentUrl":"https:\/\/www.retaildetail.be\/wp-content\/uploads\/2022\/04\/logo.svg","width":131,"height":70,"caption":"RetailDetail BE"},"image":{"@id":"https:\/\/www.retaildetail.be\/nl\/#\/schema\/logo\/image\/"}},{"@type":"Person","@id":"https:\/\/www.retaildetail.be\/nl\/#\/schema\/person\/66b54803fa10759039079458ea89e307","name":"Pauline Neerman","image":{"@type":"ImageObject","inLanguage":"fr-FR","@id":"https:\/\/secure.gravatar.com\/avatar\/58db22aee589a691f9603e5765ac06010427a923f9b2728b951eb7fe27214d70?s=96&d=mm&r=g","url":"https:\/\/secure.gravatar.com\/avatar\/58db22aee589a691f9603e5765ac06010427a923f9b2728b951eb7fe27214d70?s=96&d=mm&r=g","contentUrl":"https:\/\/secure.gravatar.com\/avatar\/58db22aee589a691f9603e5765ac06010427a923f9b2728b951eb7fe27214d70?s=96&d=mm&r=g","caption":"Pauline Neerman"},"url":"https:\/\/www.retaildetail.be\/fr\/author\/paulineneerman\/"}]}},"jetpack_featured_media_url":"https:\/\/www.retaildetail.be\/wp-content\/uploads\/2026\/09\/1788352743209-1.jpg","jetpack_sharing_enabled":true,"_links":{"self":[{"href":"https:\/\/www.retaildetail.be\/fr\/wp-json\/wp\/v2\/posts\/154606","targetHints":{"allow":["GET"]}}],"collection":[{"href":"https:\/\/www.retaildetail.be\/fr\/wp-json\/wp\/v2\/posts"}],"about":[{"href":"https:\/\/www.retaildetail.be\/fr\/wp-json\/wp\/v2\/types\/post"}],"author":[{"embeddable":true,"href":"https:\/\/www.retaildetail.be\/fr\/wp-json\/wp\/v2\/users\/5"}],"replies":[{"embeddable":true,"href":"https:\/\/www.retaildetail.be\/fr\/wp-json\/wp\/v2\/comments?post=154606"}],"version-history":[{"count":1,"href":"https:\/\/www.retaildetail.be\/fr\/wp-json\/wp\/v2\/posts\/154606\/revisions"}],"predecessor-version":[{"id":154612,"href":"https:\/\/www.retaildetail.be\/fr\/wp-json\/wp\/v2\/posts\/154606\/revisions\/154612"}],"wp:featuredmedia":[{"embeddable":true,"href":"https:\/\/www.retaildetail.be\/fr\/wp-json\/wp\/v2\/media\/154607"}],"wp:attachment":[{"href":"https:\/\/www.retaildetail.be\/fr\/wp-json\/wp\/v2\/media?parent=154606"}],"wp:term":[{"taxonomy":"category","embeddable":true,"href":"https:\/\/www.retaildetail.be\/fr\/wp-json\/wp\/v2\/categories?post=154606"},{"taxonomy":"post_tag","embeddable":true,"href":"https:\/\/www.retaildetail.be\/fr\/wp-json\/wp\/v2\/tags?post=154606"},{"taxonomy":"people","embeddable":true,"href":"https:\/\/www.retaildetail.be\/fr\/wp-json\/wp\/v2\/people?post=154606"},{"taxonomy":"extra","embeddable":true,"href":"https:\/\/www.retaildetail.be\/fr\/wp-json\/wp\/v2\/extra?post=154606"},{"taxonomy":"company","embeddable":true,"href":"https:\/\/www.retaildetail.be\/fr\/wp-json\/wp\/v2\/company?post=154606"},{"taxonomy":"topic","embeddable":true,"href":"https:\/\/www.retaildetail.be\/fr\/wp-json\/wp\/v2\/topic?post=154606"},{"taxonomy":"region","embeddable":true,"href":"https:\/\/www.retaildetail.be\/fr\/wp-json\/wp\/v2\/region?post=154606"}],"curies":[{"name":"wp","href":"https:\/\/api.w.org\/{rel}","templated":true}]}}