{"id":154609,"date":"2026-09-03T11:12:09","date_gmt":"2026-09-03T09:12:09","guid":{"rendered":"https:\/\/www.retaildetail.be\/?p=154609"},"modified":"2026-09-03T11:12:11","modified_gmt":"2026-09-03T09:12:11","slug":"la-belgique-ne-figure-plus-parmi-les-cinq-premiers-producteurs-de-biere-lespagne-connait-une-forte-croissance","status":"publish","type":"post","link":"https:\/\/www.retaildetail.be\/fr\/news\/food\/la-belgique-ne-figure-plus-parmi-les-cinq-premiers-producteurs-de-biere-lespagne-connait-une-forte-croissance\/","title":{"rendered":"La Belgique ne figure plus parmi les cinq premiers producteurs de bi\u00e8re"},"content":{"rendered":"\n<p class=\"wp-block-paragraph\">La Belgique ne figure plus parmi les cinq premiers pays producteurs de bi\u00e8re en Europe, m\u00eame si cela est principalement d\u00fb \u00e0 une erreur administrative. La production de bi\u00e8re est en baisse un peu partout, sauf en Espagne.<\/p>\n\n\n\n<h2 class=\"wp-block-heading\">Une exception notable<\/h2>\n\n\n\n<p class=\"wp-block-paragraph\">L&rsquo;ann\u00e9e derni\u00e8re, 34,4 milliards de litres de bi\u00e8re ont \u00e9t\u00e9 brass\u00e9s dans l&rsquo;UE, selon un nouveau rapport d&rsquo;Eurostat. Cela repr\u00e9sente une baisse de 0,7 % par rapport \u00e0 2024. L&rsquo;Allemagne reste de loin le plus grand producteur de bi\u00e8re, avec 7,4 milliards de litres, soit 21,6 % de la production totale. L&rsquo;Espagne, la Pologne, les Pays-Bas et la France compl\u00e8tent le top 5.<\/p>\n\n\n\n<p class=\"wp-block-paragraph\">Le fait que la Belgique, grand pays de la bi\u00e8re, sorte pour la premi\u00e8re fois du top 5 s&rsquo;explique par une raison administrative : Eurostat a \u00e9tabli pour la premi\u00e8re fois ce classement en regroupant la bi\u00e8re alcoolis\u00e9e et la bi\u00e8re sans alcool, et l&rsquo;UE n&rsquo;a pas re\u00e7u de la Belgique de chiffres concernant la production de bi\u00e8re sans alcool. Le pays occupe donc d\u00e9sormais la sixi\u00e8me place.<\/p>\n\n\n\n<p class=\"wp-block-paragraph\">Les chiffres montrent \u00e9galement que la production de bi\u00e8re est en baisse dans presque tous les pays europ\u00e9ens. Il existe toutefois une exception notable : l\u2019Espagne. La production de bi\u00e8re y a augment\u00e9 de pas moins d\u2019un quart. Les Espagnols eux-m\u00eames, tout comme les nombreux touristes qui visitent le pays, semblent appr\u00e9cier la bi\u00e8re ; de plus, les exportations de bi\u00e8re espagnole sont \u00e9galement en hausse.<\/p>\n\n\n\n<figure class=\"wp-block-image size-large\"><img loading=\"lazy\" decoding=\"async\" width=\"1024\" height=\"576\" src=\"https:\/\/www.retaildetail.be\/wp-content\/uploads\/2026\/09\/EUROSTAT_top-beer-producers-eu-2025-1024x576.jpg\" alt=\"\" class=\"wp-image-154603\" srcset=\"https:\/\/www.retaildetail.be\/wp-content\/uploads\/2026\/09\/EUROSTAT_top-beer-producers-eu-2025-1024x576.jpg 1024w, https:\/\/www.retaildetail.be\/wp-content\/uploads\/2026\/09\/EUROSTAT_top-beer-producers-eu-2025-300x169.jpg 300w, https:\/\/www.retaildetail.be\/wp-content\/uploads\/2026\/09\/EUROSTAT_top-beer-producers-eu-2025-768x432.jpg 768w, https:\/\/www.retaildetail.be\/wp-content\/uploads\/2026\/09\/EUROSTAT_top-beer-producers-eu-2025-1270x714.jpg 1270w, https:\/\/www.retaildetail.be\/wp-content\/uploads\/2026\/09\/EUROSTAT_top-beer-producers-eu-2025.jpg 1440w\" sizes=\"auto, (max-width: 1024px) 100vw, 1024px\" \/><\/figure>\n\n\n\n<p class=\"wp-block-paragraph\"><\/p>\n","protected":false},"excerpt":{"rendered":"<p>La Belgique ne figure plus parmi les cinq premiers pays producteurs de bi\u00e8re en Europe, m\u00eame si cela est principalement d\u00fb \u00e0 une erreur administrative. La production de bi\u00e8re est en baisse presque partout, sauf en Espagne.<\/p>\n","protected":false},"author":3,"featured_media":154610,"comment_status":"closed","ping_status":"closed","sticky":false,"template":"","format":"standard","meta":{"_acf_changed":false,"inline_featured_image":false,"_jetpack_newsletter_access":"","_jetpack_dont_email_post_to_subs":false,"_jetpack_newsletter_tier_id":0,"_jetpack_memberships_contains_paywalled_content":false,"_jetpack_memberships_contains_paid_content":false,"footnotes":""},"categories":[18,24],"tags":[736],"people":[],"extra":[],"company":[],"topic":[],"region":[243],"class_list":["post-154609","post","type-post","status-publish","format-standard","has-post-thumbnail","hentry","category-food","tag-bier","region-europe"],"acf":[],"yoast_head":"<!-- This site is optimized with the Yoast SEO plugin v28.1 - https:\/\/yoast.com\/product\/yoast-seo-wordpress\/ -->\n<title>La Belgique ne figure plus parmi les cinq premiers producteurs de bi\u00e8re - RetailDetail BE<\/title>\n<meta name=\"description\" content=\"La Belgique ne figure plus parmi les cinq premiers pays producteurs de bi\u00e8re en Europe, m\u00eame si cela est principalement d\u00fb \u00e0 une erreur administrative. La production de bi\u00e8re est en baisse un peu partout, sauf en Espagne.\" \/>\n<meta name=\"robots\" content=\"index, follow, max-snippet:-1, max-image-preview:large, max-video-preview:-1\" \/>\n<link rel=\"canonical\" href=\"https:\/\/www.retaildetail.be\/fr\/news\/food\/la-belgique-ne-figure-plus-parmi-les-cinq-premiers-producteurs-de-biere-lespagne-connait-une-forte-croissance\/\" \/>\n<meta property=\"og:locale\" content=\"fr_FR\" \/>\n<meta property=\"og:type\" content=\"article\" \/>\n<meta property=\"og:title\" content=\"La Belgique ne figure plus parmi les cinq premiers producteurs de bi\u00e8re - RetailDetail BE\" \/>\n<meta property=\"og:description\" content=\"La Belgique ne figure plus parmi les cinq premiers pays producteurs de bi\u00e8re en Europe, m\u00eame si cela est principalement d\u00fb \u00e0 une erreur administrative. La production de bi\u00e8re est en baisse un peu partout, sauf en Espagne.\" \/>\n<meta property=\"og:url\" content=\"https:\/\/www.retaildetail.be\/fr\/news\/food\/la-belgique-ne-figure-plus-parmi-les-cinq-premiers-producteurs-de-biere-lespagne-connait-une-forte-croissance\/\" \/>\n<meta property=\"og:site_name\" content=\"RetailDetail BE\" \/>\n<meta property=\"article:published_time\" content=\"2026-09-03T09:12:09+00:00\" \/>\n<meta property=\"article:modified_time\" content=\"2026-09-03T09:12:11+00:00\" \/>\n<meta property=\"og:image\" content=\"https:\/\/www.retaildetail.be\/wp-content\/uploads\/2026\/09\/shutterstock_2159543787-1.jpg\" \/>\n\t<meta property=\"og:image:width\" content=\"1000\" \/>\n\t<meta property=\"og:image:height\" content=\"665\" \/>\n\t<meta property=\"og:image:type\" content=\"image\/jpeg\" \/>\n<meta name=\"author\" content=\"Stefan Van Rompaey\" \/>\n<meta name=\"twitter:card\" content=\"summary_large_image\" \/>\n<meta name=\"twitter:label1\" content=\"\u00c9crit par\" \/>\n\t<meta name=\"twitter:data1\" content=\"Stefan Van Rompaey\" \/>\n\t<meta name=\"twitter:label2\" content=\"Dur\u00e9e de lecture estim\u00e9e\" \/>\n\t<meta name=\"twitter:data2\" content=\"1 minute\" \/>\n<script type=\"application\/ld+json\" class=\"yoast-schema-graph\">{\"@context\":\"https:\\\/\\\/schema.org\",\"@graph\":[{\"@type\":\"NewsArticle\",\"@id\":\"https:\\\/\\\/www.retaildetail.be\\\/fr\\\/news\\\/food\\\/la-belgique-ne-figure-plus-parmi-les-cinq-premiers-producteurs-de-biere-lespagne-connait-une-forte-croissance\\\/#article\",\"isPartOf\":{\"@id\":\"https:\\\/\\\/www.retaildetail.be\\\/fr\\\/news\\\/food\\\/la-belgique-ne-figure-plus-parmi-les-cinq-premiers-producteurs-de-biere-lespagne-connait-une-forte-croissance\\\/\"},\"author\":{\"name\":\"Stefan Van Rompaey\",\"@id\":\"https:\\\/\\\/www.retaildetail.be\\\/nl\\\/#\\\/schema\\\/person\\\/51aec6069c4416aa2f68b2e4ff3455df\"},\"headline\":\"La Belgique ne figure plus parmi les cinq premiers producteurs de bi\u00e8re\",\"datePublished\":\"2026-09-03T09:12:09+00:00\",\"dateModified\":\"2026-09-03T09:12:11+00:00\",\"mainEntityOfPage\":{\"@id\":\"https:\\\/\\\/www.retaildetail.be\\\/fr\\\/news\\\/food\\\/la-belgique-ne-figure-plus-parmi-les-cinq-premiers-producteurs-de-biere-lespagne-connait-une-forte-croissance\\\/\"},\"wordCount\":274,\"publisher\":{\"@id\":\"https:\\\/\\\/www.retaildetail.be\\\/nl\\\/#organization\"},\"image\":{\"@id\":\"https:\\\/\\\/www.retaildetail.be\\\/fr\\\/news\\\/food\\\/la-belgique-ne-figure-plus-parmi-les-cinq-premiers-producteurs-de-biere-lespagne-connait-une-forte-croissance\\\/#primaryimage\"},\"thumbnailUrl\":\"https:\\\/\\\/www.retaildetail.be\\\/wp-content\\\/uploads\\\/2026\\\/09\\\/shutterstock_2159543787-1.jpg\",\"keywords\":[\"Bier\"],\"articleSection\":[\"Food\",\"Food\"],\"inLanguage\":\"fr-FR\",\"copyrightYear\":\"2026\",\"copyrightHolder\":{\"@id\":\"https:\\\/\\\/www.retaildetail.be\\\/#organization\"}},{\"@type\":\"WebPage\",\"@id\":\"https:\\\/\\\/www.retaildetail.be\\\/fr\\\/news\\\/food\\\/la-belgique-ne-figure-plus-parmi-les-cinq-premiers-producteurs-de-biere-lespagne-connait-une-forte-croissance\\\/\",\"url\":\"https:\\\/\\\/www.retaildetail.be\\\/fr\\\/news\\\/food\\\/la-belgique-ne-figure-plus-parmi-les-cinq-premiers-producteurs-de-biere-lespagne-connait-une-forte-croissance\\\/\",\"name\":\"La Belgique ne figure plus parmi les cinq premiers producteurs de bi\u00e8re - RetailDetail BE\",\"isPartOf\":{\"@id\":\"https:\\\/\\\/www.retaildetail.be\\\/nl\\\/#website\"},\"primaryImageOfPage\":{\"@id\":\"https:\\\/\\\/www.retaildetail.be\\\/fr\\\/news\\\/food\\\/la-belgique-ne-figure-plus-parmi-les-cinq-premiers-producteurs-de-biere-lespagne-connait-une-forte-croissance\\\/#primaryimage\"},\"image\":{\"@id\":\"https:\\\/\\\/www.retaildetail.be\\\/fr\\\/news\\\/food\\\/la-belgique-ne-figure-plus-parmi-les-cinq-premiers-producteurs-de-biere-lespagne-connait-une-forte-croissance\\\/#primaryimage\"},\"thumbnailUrl\":\"https:\\\/\\\/www.retaildetail.be\\\/wp-content\\\/uploads\\\/2026\\\/09\\\/shutterstock_2159543787-1.jpg\",\"datePublished\":\"2026-09-03T09:12:09+00:00\",\"dateModified\":\"2026-09-03T09:12:11+00:00\",\"description\":\"La Belgique ne figure plus parmi les cinq premiers pays producteurs de bi\u00e8re en Europe, m\u00eame si cela est principalement d\u00fb \u00e0 une erreur administrative. La production de bi\u00e8re est en baisse un peu partout, sauf en Espagne.\",\"breadcrumb\":{\"@id\":\"https:\\\/\\\/www.retaildetail.be\\\/fr\\\/news\\\/food\\\/la-belgique-ne-figure-plus-parmi-les-cinq-premiers-producteurs-de-biere-lespagne-connait-une-forte-croissance\\\/#breadcrumb\"},\"inLanguage\":\"fr-FR\",\"potentialAction\":[{\"@type\":\"ReadAction\",\"target\":[\"https:\\\/\\\/www.retaildetail.be\\\/fr\\\/news\\\/food\\\/la-belgique-ne-figure-plus-parmi-les-cinq-premiers-producteurs-de-biere-lespagne-connait-une-forte-croissance\\\/\"]}]},{\"@type\":\"ImageObject\",\"inLanguage\":\"fr-FR\",\"@id\":\"https:\\\/\\\/www.retaildetail.be\\\/fr\\\/news\\\/food\\\/la-belgique-ne-figure-plus-parmi-les-cinq-premiers-producteurs-de-biere-lespagne-connait-une-forte-croissance\\\/#primaryimage\",\"url\":\"https:\\\/\\\/www.retaildetail.be\\\/wp-content\\\/uploads\\\/2026\\\/09\\\/shutterstock_2159543787-1.jpg\",\"contentUrl\":\"https:\\\/\\\/www.retaildetail.be\\\/wp-content\\\/uploads\\\/2026\\\/09\\\/shutterstock_2159543787-1.jpg\",\"width\":1000,\"height\":665,\"caption\":\"Shutterstock.com\"},{\"@type\":\"BreadcrumbList\",\"@id\":\"https:\\\/\\\/www.retaildetail.be\\\/fr\\\/news\\\/food\\\/la-belgique-ne-figure-plus-parmi-les-cinq-premiers-producteurs-de-biere-lespagne-connait-une-forte-croissance\\\/#breadcrumb\",\"itemListElement\":[{\"@type\":\"ListItem\",\"position\":1,\"name\":\"Home\",\"item\":\"https:\\\/\\\/www.retaildetail.be\\\/fr\\\/\"},{\"@type\":\"ListItem\",\"position\":2,\"name\":\"La Belgique ne figure plus parmi les cinq premiers producteurs de bi\u00e8re\"}]},{\"@type\":\"WebSite\",\"@id\":\"https:\\\/\\\/www.retaildetail.be\\\/nl\\\/#website\",\"url\":\"https:\\\/\\\/www.retaildetail.be\\\/nl\\\/\",\"name\":\"RetailDetail BE\",\"description\":\"News\",\"publisher\":{\"@id\":\"https:\\\/\\\/www.retaildetail.be\\\/nl\\\/#organization\"},\"potentialAction\":[{\"@type\":\"SearchAction\",\"target\":{\"@type\":\"EntryPoint\",\"urlTemplate\":\"https:\\\/\\\/www.retaildetail.be\\\/nl\\\/?s={search_term_string}\"},\"query-input\":{\"@type\":\"PropertyValueSpecification\",\"valueRequired\":true,\"valueName\":\"search_term_string\"}}],\"inLanguage\":\"fr-FR\"},{\"@type\":\"Organization\",\"@id\":\"https:\\\/\\\/www.retaildetail.be\\\/nl\\\/#organization\",\"name\":\"RetailDetail BE\",\"url\":\"https:\\\/\\\/www.retaildetail.be\\\/nl\\\/\",\"logo\":{\"@type\":\"ImageObject\",\"inLanguage\":\"fr-FR\",\"@id\":\"https:\\\/\\\/www.retaildetail.be\\\/nl\\\/#\\\/schema\\\/logo\\\/image\\\/\",\"url\":\"https:\\\/\\\/www.retaildetail.be\\\/wp-content\\\/uploads\\\/2022\\\/04\\\/logo.svg\",\"contentUrl\":\"https:\\\/\\\/www.retaildetail.be\\\/wp-content\\\/uploads\\\/2022\\\/04\\\/logo.svg\",\"width\":131,\"height\":70,\"caption\":\"RetailDetail BE\"},\"image\":{\"@id\":\"https:\\\/\\\/www.retaildetail.be\\\/nl\\\/#\\\/schema\\\/logo\\\/image\\\/\"}},{\"@type\":\"Person\",\"@id\":\"https:\\\/\\\/www.retaildetail.be\\\/nl\\\/#\\\/schema\\\/person\\\/51aec6069c4416aa2f68b2e4ff3455df\",\"name\":\"Stefan Van Rompaey\",\"image\":{\"@type\":\"ImageObject\",\"inLanguage\":\"fr-FR\",\"@id\":\"https:\\\/\\\/secure.gravatar.com\\\/avatar\\\/fbbb4a80a0f109888b2a5ab8ae255617499ecde533749b3ab2fa6c23b5d65dac?s=96&d=mm&r=g\",\"url\":\"https:\\\/\\\/secure.gravatar.com\\\/avatar\\\/fbbb4a80a0f109888b2a5ab8ae255617499ecde533749b3ab2fa6c23b5d65dac?s=96&d=mm&r=g\",\"contentUrl\":\"https:\\\/\\\/secure.gravatar.com\\\/avatar\\\/fbbb4a80a0f109888b2a5ab8ae255617499ecde533749b3ab2fa6c23b5d65dac?s=96&d=mm&r=g\",\"caption\":\"Stefan Van Rompaey\"},\"url\":\"https:\\\/\\\/www.retaildetail.be\\\/fr\\\/author\\\/stefanvanrompaey\\\/\"}]}<\/script>\n<!-- \/ Yoast SEO plugin. -->","yoast_head_json":{"title":"La Belgique ne figure plus parmi les cinq premiers producteurs de bi\u00e8re - RetailDetail BE","description":"La Belgique ne figure plus parmi les cinq premiers pays producteurs de bi\u00e8re en Europe, m\u00eame si cela est principalement d\u00fb \u00e0 une erreur administrative. La production de bi\u00e8re est en baisse un peu partout, sauf en Espagne.","robots":{"index":"index","follow":"follow","max-snippet":"max-snippet:-1","max-image-preview":"max-image-preview:large","max-video-preview":"max-video-preview:-1"},"canonical":"https:\/\/www.retaildetail.be\/fr\/news\/food\/la-belgique-ne-figure-plus-parmi-les-cinq-premiers-producteurs-de-biere-lespagne-connait-une-forte-croissance\/","og_locale":"fr_FR","og_type":"article","og_title":"La Belgique ne figure plus parmi les cinq premiers producteurs de bi\u00e8re - RetailDetail BE","og_description":"La Belgique ne figure plus parmi les cinq premiers pays producteurs de bi\u00e8re en Europe, m\u00eame si cela est principalement d\u00fb \u00e0 une erreur administrative. La production de bi\u00e8re est en baisse un peu partout, sauf en Espagne.","og_url":"https:\/\/www.retaildetail.be\/fr\/news\/food\/la-belgique-ne-figure-plus-parmi-les-cinq-premiers-producteurs-de-biere-lespagne-connait-une-forte-croissance\/","og_site_name":"RetailDetail BE","article_published_time":"2026-09-03T09:12:09+00:00","article_modified_time":"2026-09-03T09:12:11+00:00","og_image":[{"width":1000,"height":665,"url":"https:\/\/www.retaildetail.be\/wp-content\/uploads\/2026\/09\/shutterstock_2159543787-1.jpg","type":"image\/jpeg"}],"author":"Stefan Van Rompaey","twitter_card":"summary_large_image","twitter_misc":{"\u00c9crit par":"Stefan Van Rompaey","Dur\u00e9e de lecture estim\u00e9e":"1 minute"},"schema":{"@context":"https:\/\/schema.org","@graph":[{"@type":"NewsArticle","@id":"https:\/\/www.retaildetail.be\/fr\/news\/food\/la-belgique-ne-figure-plus-parmi-les-cinq-premiers-producteurs-de-biere-lespagne-connait-une-forte-croissance\/#article","isPartOf":{"@id":"https:\/\/www.retaildetail.be\/fr\/news\/food\/la-belgique-ne-figure-plus-parmi-les-cinq-premiers-producteurs-de-biere-lespagne-connait-une-forte-croissance\/"},"author":{"name":"Stefan Van Rompaey","@id":"https:\/\/www.retaildetail.be\/nl\/#\/schema\/person\/51aec6069c4416aa2f68b2e4ff3455df"},"headline":"La Belgique ne figure plus parmi les cinq premiers producteurs de bi\u00e8re","datePublished":"2026-09-03T09:12:09+00:00","dateModified":"2026-09-03T09:12:11+00:00","mainEntityOfPage":{"@id":"https:\/\/www.retaildetail.be\/fr\/news\/food\/la-belgique-ne-figure-plus-parmi-les-cinq-premiers-producteurs-de-biere-lespagne-connait-une-forte-croissance\/"},"wordCount":274,"publisher":{"@id":"https:\/\/www.retaildetail.be\/nl\/#organization"},"image":{"@id":"https:\/\/www.retaildetail.be\/fr\/news\/food\/la-belgique-ne-figure-plus-parmi-les-cinq-premiers-producteurs-de-biere-lespagne-connait-une-forte-croissance\/#primaryimage"},"thumbnailUrl":"https:\/\/www.retaildetail.be\/wp-content\/uploads\/2026\/09\/shutterstock_2159543787-1.jpg","keywords":["Bier"],"articleSection":["Food","Food"],"inLanguage":"fr-FR","copyrightYear":"2026","copyrightHolder":{"@id":"https:\/\/www.retaildetail.be\/#organization"}},{"@type":"WebPage","@id":"https:\/\/www.retaildetail.be\/fr\/news\/food\/la-belgique-ne-figure-plus-parmi-les-cinq-premiers-producteurs-de-biere-lespagne-connait-une-forte-croissance\/","url":"https:\/\/www.retaildetail.be\/fr\/news\/food\/la-belgique-ne-figure-plus-parmi-les-cinq-premiers-producteurs-de-biere-lespagne-connait-une-forte-croissance\/","name":"La Belgique ne figure plus parmi les cinq premiers producteurs de bi\u00e8re - RetailDetail BE","isPartOf":{"@id":"https:\/\/www.retaildetail.be\/nl\/#website"},"primaryImageOfPage":{"@id":"https:\/\/www.retaildetail.be\/fr\/news\/food\/la-belgique-ne-figure-plus-parmi-les-cinq-premiers-producteurs-de-biere-lespagne-connait-une-forte-croissance\/#primaryimage"},"image":{"@id":"https:\/\/www.retaildetail.be\/fr\/news\/food\/la-belgique-ne-figure-plus-parmi-les-cinq-premiers-producteurs-de-biere-lespagne-connait-une-forte-croissance\/#primaryimage"},"thumbnailUrl":"https:\/\/www.retaildetail.be\/wp-content\/uploads\/2026\/09\/shutterstock_2159543787-1.jpg","datePublished":"2026-09-03T09:12:09+00:00","dateModified":"2026-09-03T09:12:11+00:00","description":"La Belgique ne figure plus parmi les cinq premiers pays producteurs de bi\u00e8re en Europe, m\u00eame si cela est principalement d\u00fb \u00e0 une erreur administrative. La production de bi\u00e8re est en baisse un peu partout, sauf en Espagne.","breadcrumb":{"@id":"https:\/\/www.retaildetail.be\/fr\/news\/food\/la-belgique-ne-figure-plus-parmi-les-cinq-premiers-producteurs-de-biere-lespagne-connait-une-forte-croissance\/#breadcrumb"},"inLanguage":"fr-FR","potentialAction":[{"@type":"ReadAction","target":["https:\/\/www.retaildetail.be\/fr\/news\/food\/la-belgique-ne-figure-plus-parmi-les-cinq-premiers-producteurs-de-biere-lespagne-connait-une-forte-croissance\/"]}]},{"@type":"ImageObject","inLanguage":"fr-FR","@id":"https:\/\/www.retaildetail.be\/fr\/news\/food\/la-belgique-ne-figure-plus-parmi-les-cinq-premiers-producteurs-de-biere-lespagne-connait-une-forte-croissance\/#primaryimage","url":"https:\/\/www.retaildetail.be\/wp-content\/uploads\/2026\/09\/shutterstock_2159543787-1.jpg","contentUrl":"https:\/\/www.retaildetail.be\/wp-content\/uploads\/2026\/09\/shutterstock_2159543787-1.jpg","width":1000,"height":665,"caption":"Shutterstock.com"},{"@type":"BreadcrumbList","@id":"https:\/\/www.retaildetail.be\/fr\/news\/food\/la-belgique-ne-figure-plus-parmi-les-cinq-premiers-producteurs-de-biere-lespagne-connait-une-forte-croissance\/#breadcrumb","itemListElement":[{"@type":"ListItem","position":1,"name":"Home","item":"https:\/\/www.retaildetail.be\/fr\/"},{"@type":"ListItem","position":2,"name":"La Belgique ne figure plus parmi les cinq premiers producteurs de bi\u00e8re"}]},{"@type":"WebSite","@id":"https:\/\/www.retaildetail.be\/nl\/#website","url":"https:\/\/www.retaildetail.be\/nl\/","name":"RetailDetail BE","description":"News","publisher":{"@id":"https:\/\/www.retaildetail.be\/nl\/#organization"},"potentialAction":[{"@type":"SearchAction","target":{"@type":"EntryPoint","urlTemplate":"https:\/\/www.retaildetail.be\/nl\/?s={search_term_string}"},"query-input":{"@type":"PropertyValueSpecification","valueRequired":true,"valueName":"search_term_string"}}],"inLanguage":"fr-FR"},{"@type":"Organization","@id":"https:\/\/www.retaildetail.be\/nl\/#organization","name":"RetailDetail BE","url":"https:\/\/www.retaildetail.be\/nl\/","logo":{"@type":"ImageObject","inLanguage":"fr-FR","@id":"https:\/\/www.retaildetail.be\/nl\/#\/schema\/logo\/image\/","url":"https:\/\/www.retaildetail.be\/wp-content\/uploads\/2022\/04\/logo.svg","contentUrl":"https:\/\/www.retaildetail.be\/wp-content\/uploads\/2022\/04\/logo.svg","width":131,"height":70,"caption":"RetailDetail BE"},"image":{"@id":"https:\/\/www.retaildetail.be\/nl\/#\/schema\/logo\/image\/"}},{"@type":"Person","@id":"https:\/\/www.retaildetail.be\/nl\/#\/schema\/person\/51aec6069c4416aa2f68b2e4ff3455df","name":"Stefan Van Rompaey","image":{"@type":"ImageObject","inLanguage":"fr-FR","@id":"https:\/\/secure.gravatar.com\/avatar\/fbbb4a80a0f109888b2a5ab8ae255617499ecde533749b3ab2fa6c23b5d65dac?s=96&d=mm&r=g","url":"https:\/\/secure.gravatar.com\/avatar\/fbbb4a80a0f109888b2a5ab8ae255617499ecde533749b3ab2fa6c23b5d65dac?s=96&d=mm&r=g","contentUrl":"https:\/\/secure.gravatar.com\/avatar\/fbbb4a80a0f109888b2a5ab8ae255617499ecde533749b3ab2fa6c23b5d65dac?s=96&d=mm&r=g","caption":"Stefan Van Rompaey"},"url":"https:\/\/www.retaildetail.be\/fr\/author\/stefanvanrompaey\/"}]}},"jetpack_featured_media_url":"https:\/\/www.retaildetail.be\/wp-content\/uploads\/2026\/09\/shutterstock_2159543787-1.jpg","jetpack_sharing_enabled":true,"_links":{"self":[{"href":"https:\/\/www.retaildetail.be\/fr\/wp-json\/wp\/v2\/posts\/154609","targetHints":{"allow":["GET"]}}],"collection":[{"href":"https:\/\/www.retaildetail.be\/fr\/wp-json\/wp\/v2\/posts"}],"about":[{"href":"https:\/\/www.retaildetail.be\/fr\/wp-json\/wp\/v2\/types\/post"}],"author":[{"embeddable":true,"href":"https:\/\/www.retaildetail.be\/fr\/wp-json\/wp\/v2\/users\/3"}],"replies":[{"embeddable":true,"href":"https:\/\/www.retaildetail.be\/fr\/wp-json\/wp\/v2\/comments?post=154609"}],"version-history":[{"count":1,"href":"https:\/\/www.retaildetail.be\/fr\/wp-json\/wp\/v2\/posts\/154609\/revisions"}],"predecessor-version":[{"id":154611,"href":"https:\/\/www.retaildetail.be\/fr\/wp-json\/wp\/v2\/posts\/154609\/revisions\/154611"}],"wp:featuredmedia":[{"embeddable":true,"href":"https:\/\/www.retaildetail.be\/fr\/wp-json\/wp\/v2\/media\/154610"}],"wp:attachment":[{"href":"https:\/\/www.retaildetail.be\/fr\/wp-json\/wp\/v2\/media?parent=154609"}],"wp:term":[{"taxonomy":"category","embeddable":true,"href":"https:\/\/www.retaildetail.be\/fr\/wp-json\/wp\/v2\/categories?post=154609"},{"taxonomy":"post_tag","embeddable":true,"href":"https:\/\/www.retaildetail.be\/fr\/wp-json\/wp\/v2\/tags?post=154609"},{"taxonomy":"people","embeddable":true,"href":"https:\/\/www.retaildetail.be\/fr\/wp-json\/wp\/v2\/people?post=154609"},{"taxonomy":"extra","embeddable":true,"href":"https:\/\/www.retaildetail.be\/fr\/wp-json\/wp\/v2\/extra?post=154609"},{"taxonomy":"company","embeddable":true,"href":"https:\/\/www.retaildetail.be\/fr\/wp-json\/wp\/v2\/company?post=154609"},{"taxonomy":"topic","embeddable":true,"href":"https:\/\/www.retaildetail.be\/fr\/wp-json\/wp\/v2\/topic?post=154609"},{"taxonomy":"region","embeddable":true,"href":"https:\/\/www.retaildetail.be\/fr\/wp-json\/wp\/v2\/region?post=154609"}],"curies":[{"name":"wp","href":"https:\/\/api.w.org\/{rel}","templated":true}]}}