{"id":154619,"date":"2026-09-03T11:56:44","date_gmt":"2026-09-03T09:56:44","guid":{"rendered":"https:\/\/www.retaildetail.be\/?p=154619"},"modified":"2026-09-03T11:56:45","modified_gmt":"2026-09-03T09:56:45","slug":"le-centre-commercial-woluwe-shopping-center-tente-a-nouveau-de-sagrandir","status":"publish","type":"post","link":"https:\/\/www.retaildetail.be\/fr\/news\/general\/le-centre-commercial-woluwe-shopping-center-tente-a-nouveau-de-sagrandir\/","title":{"rendered":"Woluwe Shopping Center tente \u00e0 nouveau de s&rsquo;agrandir"},"content":{"rendered":"\n<p class=\"wp-block-paragraph\">Le propri\u00e9taire du centre commercial Woluwe Shopping Center, situ\u00e9 \u00e0 Woluwe-Saint-Lambert, pr\u00e9sentera la semaine prochaine un nouveau projet d&rsquo;extension aux riverains. Ce n&rsquo;est pas la premi\u00e8re tentative de l&rsquo;investisseur.<\/p>\n\n\n\n<h2 class=\"wp-block-heading\">Version r\u00e9vis\u00e9e<\/h2>\n\n\n\n<p class=\"wp-block-paragraph\">La semaine prochaine, Eurocommercial, le propri\u00e9taire n\u00e9erlandais du Woluwe Shopping Center, pr\u00e9sentera un nouveau projet d\u2019extension aux riverains. L\u2019investisseur immobilier, qui a acquis le centre commercial bruxellois en 2018, avait d\u00e9j\u00e0 fait des propositions pour \u00e9tendre le projet. Un plan d\u2019extension pr\u00e9voyant 8 000 m\u00b2 de surface commerciale suppl\u00e9mentaire, 71 appartements et un parking souterrain de deux \u00e9tages <a href=\"https:\/\/www.retaildetail.be\/fr\/news\/general\/woluwe-shopping-range-ses-plans-dexpansion\/\">avait \u00e9t\u00e9 rejet\u00e9 en 2023<\/a>.<\/p>\n\n\n\n<p class=\"wp-block-paragraph\">Le centre commercial pr\u00e9sente d\u00e9sormais <a href=\"https:\/\/www.lecho.be\/entreprises\/immobilier\/le-dossier-de-l-extension-du-woluwe-shopping-center-sort-du-frigo\/10684203.html\">une version r\u00e9vis\u00e9e<\/a> de ce projet d\u2019extension, selon L\u2019Echo. Les habitants de la commune ont re\u00e7u une invitation \u00e0 une r\u00e9union d\u2019information. On ne conna\u00eet pas encore les d\u00e9tails pr\u00e9cis du nouveau plan, mais selon le journal \u00e9conomique, Eurocommercial aurait supprim\u00e9 la partie r\u00e9sidentielle initialement pr\u00e9vue dans le projet, ainsi que le parking souterrain.<\/p>\n\n\n\n<p class=\"wp-block-paragraph\"><\/p>\n","protected":false},"excerpt":{"rendered":"<p>Le propri\u00e9taire du centre commercial Woluwe Shopping Center, situ\u00e9 \u00e0 Woluwe-Saint-Lambert, pr\u00e9sentera la semaine prochaine un nouveau projet d&rsquo;agrandissement aux riverains. Ce n&rsquo;est pas la premi\u00e8re tentative de l&rsquo;investisseur. <\/p>\n","protected":false},"author":3,"featured_media":154620,"comment_status":"closed","ping_status":"closed","sticky":false,"template":"","format":"standard","meta":{"_acf_changed":false,"inline_featured_image":false,"_jetpack_newsletter_access":"","_jetpack_dont_email_post_to_subs":false,"_jetpack_newsletter_tier_id":0,"_jetpack_memberships_contains_paywalled_content":false,"_jetpack_memberships_contains_paid_content":false,"footnotes":""},"categories":[15,25],"tags":[],"people":[],"extra":[43],"company":[1389],"topic":[591],"region":[413],"class_list":["post-154619","post","type-post","status-publish","format-standard","has-post-thumbnail","hentry","category-algemeen","category-general","extra-plus","company-woluwe-shopping-center","topic-immobilier","region-bruxelles"],"acf":[],"yoast_head":"<!-- This site is optimized with the Yoast SEO plugin v28.1 - https:\/\/yoast.com\/product\/yoast-seo-wordpress\/ -->\n<title>Woluwe Shopping Center tente \u00e0 nouveau de s&#039;agrandir - RetailDetail BE<\/title>\n<meta name=\"description\" content=\"Le propri\u00e9taire du centre commercial Woluwe Shopping Center, situ\u00e9 \u00e0 Woluwe-Saint-Lambert, pr\u00e9sentera la semaine prochaine un nouveau projet d&#039;extension aux riverains. Ce n&#039;est pas la premi\u00e8re tentative de l&#039;investisseur.\" \/>\n<meta name=\"robots\" content=\"index, follow, max-snippet:-1, max-image-preview:large, max-video-preview:-1\" \/>\n<link rel=\"canonical\" href=\"https:\/\/www.retaildetail.be\/fr\/news\/general\/le-centre-commercial-woluwe-shopping-center-tente-a-nouveau-de-sagrandir\/\" \/>\n<meta property=\"og:locale\" content=\"fr_FR\" \/>\n<meta property=\"og:type\" content=\"article\" \/>\n<meta property=\"og:title\" content=\"Woluwe Shopping Center tente \u00e0 nouveau de s&#039;agrandir - RetailDetail BE\" \/>\n<meta property=\"og:description\" content=\"Le propri\u00e9taire du centre commercial Woluwe Shopping Center, situ\u00e9 \u00e0 Woluwe-Saint-Lambert, pr\u00e9sentera la semaine prochaine un nouveau projet d&#039;extension aux riverains. Ce n&#039;est pas la premi\u00e8re tentative de l&#039;investisseur.\" \/>\n<meta property=\"og:url\" content=\"https:\/\/www.retaildetail.be\/fr\/news\/general\/le-centre-commercial-woluwe-shopping-center-tente-a-nouveau-de-sagrandir\/\" \/>\n<meta property=\"og:site_name\" content=\"RetailDetail BE\" \/>\n<meta property=\"article:published_time\" content=\"2026-09-03T09:56:44+00:00\" \/>\n<meta property=\"article:modified_time\" content=\"2026-09-03T09:56:45+00:00\" \/>\n<meta property=\"og:image\" content=\"https:\/\/www.retaildetail.be\/wp-content\/uploads\/2026\/09\/WoluweShopping-2.jpg\" \/>\n\t<meta property=\"og:image:width\" content=\"1280\" \/>\n\t<meta property=\"og:image:height\" content=\"853\" \/>\n\t<meta property=\"og:image:type\" content=\"image\/jpeg\" \/>\n<meta name=\"author\" content=\"Stefan Van Rompaey\" \/>\n<meta name=\"twitter:card\" content=\"summary_large_image\" \/>\n<meta name=\"twitter:label1\" content=\"\u00c9crit par\" \/>\n\t<meta name=\"twitter:data1\" content=\"Stefan Van Rompaey\" \/>\n\t<meta name=\"twitter:label2\" content=\"Dur\u00e9e de lecture estim\u00e9e\" \/>\n\t<meta name=\"twitter:data2\" content=\"1 minute\" \/>\n<script type=\"application\/ld+json\" class=\"yoast-schema-graph\">{\"@context\":\"https:\\\/\\\/schema.org\",\"@graph\":[{\"@type\":\"NewsArticle\",\"@id\":\"https:\\\/\\\/www.retaildetail.be\\\/fr\\\/news\\\/general\\\/le-centre-commercial-woluwe-shopping-center-tente-a-nouveau-de-sagrandir\\\/#article\",\"isPartOf\":{\"@id\":\"https:\\\/\\\/www.retaildetail.be\\\/fr\\\/news\\\/general\\\/le-centre-commercial-woluwe-shopping-center-tente-a-nouveau-de-sagrandir\\\/\"},\"author\":{\"name\":\"Stefan Van Rompaey\",\"@id\":\"https:\\\/\\\/www.retaildetail.be\\\/nl\\\/#\\\/schema\\\/person\\\/51aec6069c4416aa2f68b2e4ff3455df\"},\"headline\":\"Woluwe Shopping Center tente \u00e0 nouveau de s&rsquo;agrandir\",\"datePublished\":\"2026-09-03T09:56:44+00:00\",\"dateModified\":\"2026-09-03T09:56:45+00:00\",\"mainEntityOfPage\":{\"@id\":\"https:\\\/\\\/www.retaildetail.be\\\/fr\\\/news\\\/general\\\/le-centre-commercial-woluwe-shopping-center-tente-a-nouveau-de-sagrandir\\\/\"},\"wordCount\":185,\"publisher\":{\"@id\":\"https:\\\/\\\/www.retaildetail.be\\\/nl\\\/#organization\"},\"image\":{\"@id\":\"https:\\\/\\\/www.retaildetail.be\\\/fr\\\/news\\\/general\\\/le-centre-commercial-woluwe-shopping-center-tente-a-nouveau-de-sagrandir\\\/#primaryimage\"},\"thumbnailUrl\":\"https:\\\/\\\/www.retaildetail.be\\\/wp-content\\\/uploads\\\/2026\\\/09\\\/WoluweShopping-2.jpg\",\"articleSection\":[\"Algemeen\",\"G\u00e9n\u00e9ral\"],\"inLanguage\":\"fr-FR\",\"copyrightYear\":\"2026\",\"copyrightHolder\":{\"@id\":\"https:\\\/\\\/www.retaildetail.be\\\/#organization\"}},{\"@type\":\"WebPage\",\"@id\":\"https:\\\/\\\/www.retaildetail.be\\\/fr\\\/news\\\/general\\\/le-centre-commercial-woluwe-shopping-center-tente-a-nouveau-de-sagrandir\\\/\",\"url\":\"https:\\\/\\\/www.retaildetail.be\\\/fr\\\/news\\\/general\\\/le-centre-commercial-woluwe-shopping-center-tente-a-nouveau-de-sagrandir\\\/\",\"name\":\"Woluwe Shopping Center tente \u00e0 nouveau de s'agrandir - RetailDetail BE\",\"isPartOf\":{\"@id\":\"https:\\\/\\\/www.retaildetail.be\\\/nl\\\/#website\"},\"primaryImageOfPage\":{\"@id\":\"https:\\\/\\\/www.retaildetail.be\\\/fr\\\/news\\\/general\\\/le-centre-commercial-woluwe-shopping-center-tente-a-nouveau-de-sagrandir\\\/#primaryimage\"},\"image\":{\"@id\":\"https:\\\/\\\/www.retaildetail.be\\\/fr\\\/news\\\/general\\\/le-centre-commercial-woluwe-shopping-center-tente-a-nouveau-de-sagrandir\\\/#primaryimage\"},\"thumbnailUrl\":\"https:\\\/\\\/www.retaildetail.be\\\/wp-content\\\/uploads\\\/2026\\\/09\\\/WoluweShopping-2.jpg\",\"datePublished\":\"2026-09-03T09:56:44+00:00\",\"dateModified\":\"2026-09-03T09:56:45+00:00\",\"description\":\"Le propri\u00e9taire du centre commercial Woluwe Shopping Center, situ\u00e9 \u00e0 Woluwe-Saint-Lambert, pr\u00e9sentera la semaine prochaine un nouveau projet d'extension aux riverains. Ce n'est pas la premi\u00e8re tentative de l'investisseur.\",\"breadcrumb\":{\"@id\":\"https:\\\/\\\/www.retaildetail.be\\\/fr\\\/news\\\/general\\\/le-centre-commercial-woluwe-shopping-center-tente-a-nouveau-de-sagrandir\\\/#breadcrumb\"},\"inLanguage\":\"fr-FR\",\"potentialAction\":[{\"@type\":\"ReadAction\",\"target\":[\"https:\\\/\\\/www.retaildetail.be\\\/fr\\\/news\\\/general\\\/le-centre-commercial-woluwe-shopping-center-tente-a-nouveau-de-sagrandir\\\/\"]}]},{\"@type\":\"ImageObject\",\"inLanguage\":\"fr-FR\",\"@id\":\"https:\\\/\\\/www.retaildetail.be\\\/fr\\\/news\\\/general\\\/le-centre-commercial-woluwe-shopping-center-tente-a-nouveau-de-sagrandir\\\/#primaryimage\",\"url\":\"https:\\\/\\\/www.retaildetail.be\\\/wp-content\\\/uploads\\\/2026\\\/09\\\/WoluweShopping-2.jpg\",\"contentUrl\":\"https:\\\/\\\/www.retaildetail.be\\\/wp-content\\\/uploads\\\/2026\\\/09\\\/WoluweShopping-2.jpg\",\"width\":1280,\"height\":853,\"caption\":\"Woluwe Shopping\"},{\"@type\":\"BreadcrumbList\",\"@id\":\"https:\\\/\\\/www.retaildetail.be\\\/fr\\\/news\\\/general\\\/le-centre-commercial-woluwe-shopping-center-tente-a-nouveau-de-sagrandir\\\/#breadcrumb\",\"itemListElement\":[{\"@type\":\"ListItem\",\"position\":1,\"name\":\"Home\",\"item\":\"https:\\\/\\\/www.retaildetail.be\\\/fr\\\/\"},{\"@type\":\"ListItem\",\"position\":2,\"name\":\"Woluwe Shopping Center tente \u00e0 nouveau de s&#8217;agrandir\"}]},{\"@type\":\"WebSite\",\"@id\":\"https:\\\/\\\/www.retaildetail.be\\\/nl\\\/#website\",\"url\":\"https:\\\/\\\/www.retaildetail.be\\\/nl\\\/\",\"name\":\"RetailDetail BE\",\"description\":\"News\",\"publisher\":{\"@id\":\"https:\\\/\\\/www.retaildetail.be\\\/nl\\\/#organization\"},\"potentialAction\":[{\"@type\":\"SearchAction\",\"target\":{\"@type\":\"EntryPoint\",\"urlTemplate\":\"https:\\\/\\\/www.retaildetail.be\\\/nl\\\/?s={search_term_string}\"},\"query-input\":{\"@type\":\"PropertyValueSpecification\",\"valueRequired\":true,\"valueName\":\"search_term_string\"}}],\"inLanguage\":\"fr-FR\"},{\"@type\":\"Organization\",\"@id\":\"https:\\\/\\\/www.retaildetail.be\\\/nl\\\/#organization\",\"name\":\"RetailDetail BE\",\"url\":\"https:\\\/\\\/www.retaildetail.be\\\/nl\\\/\",\"logo\":{\"@type\":\"ImageObject\",\"inLanguage\":\"fr-FR\",\"@id\":\"https:\\\/\\\/www.retaildetail.be\\\/nl\\\/#\\\/schema\\\/logo\\\/image\\\/\",\"url\":\"https:\\\/\\\/www.retaildetail.be\\\/wp-content\\\/uploads\\\/2022\\\/04\\\/logo.svg\",\"contentUrl\":\"https:\\\/\\\/www.retaildetail.be\\\/wp-content\\\/uploads\\\/2022\\\/04\\\/logo.svg\",\"width\":131,\"height\":70,\"caption\":\"RetailDetail BE\"},\"image\":{\"@id\":\"https:\\\/\\\/www.retaildetail.be\\\/nl\\\/#\\\/schema\\\/logo\\\/image\\\/\"}},{\"@type\":\"Person\",\"@id\":\"https:\\\/\\\/www.retaildetail.be\\\/nl\\\/#\\\/schema\\\/person\\\/51aec6069c4416aa2f68b2e4ff3455df\",\"name\":\"Stefan Van Rompaey\",\"image\":{\"@type\":\"ImageObject\",\"inLanguage\":\"fr-FR\",\"@id\":\"https:\\\/\\\/secure.gravatar.com\\\/avatar\\\/fbbb4a80a0f109888b2a5ab8ae255617499ecde533749b3ab2fa6c23b5d65dac?s=96&d=mm&r=g\",\"url\":\"https:\\\/\\\/secure.gravatar.com\\\/avatar\\\/fbbb4a80a0f109888b2a5ab8ae255617499ecde533749b3ab2fa6c23b5d65dac?s=96&d=mm&r=g\",\"contentUrl\":\"https:\\\/\\\/secure.gravatar.com\\\/avatar\\\/fbbb4a80a0f109888b2a5ab8ae255617499ecde533749b3ab2fa6c23b5d65dac?s=96&d=mm&r=g\",\"caption\":\"Stefan Van Rompaey\"},\"url\":\"https:\\\/\\\/www.retaildetail.be\\\/fr\\\/author\\\/stefanvanrompaey\\\/\"}]}<\/script>\n<!-- \/ Yoast SEO plugin. -->","yoast_head_json":{"title":"Woluwe Shopping Center tente \u00e0 nouveau de s'agrandir - RetailDetail BE","description":"Le propri\u00e9taire du centre commercial Woluwe Shopping Center, situ\u00e9 \u00e0 Woluwe-Saint-Lambert, pr\u00e9sentera la semaine prochaine un nouveau projet d'extension aux riverains. Ce n'est pas la premi\u00e8re tentative de l'investisseur.","robots":{"index":"index","follow":"follow","max-snippet":"max-snippet:-1","max-image-preview":"max-image-preview:large","max-video-preview":"max-video-preview:-1"},"canonical":"https:\/\/www.retaildetail.be\/fr\/news\/general\/le-centre-commercial-woluwe-shopping-center-tente-a-nouveau-de-sagrandir\/","og_locale":"fr_FR","og_type":"article","og_title":"Woluwe Shopping Center tente \u00e0 nouveau de s'agrandir - RetailDetail BE","og_description":"Le propri\u00e9taire du centre commercial Woluwe Shopping Center, situ\u00e9 \u00e0 Woluwe-Saint-Lambert, pr\u00e9sentera la semaine prochaine un nouveau projet d'extension aux riverains. Ce n'est pas la premi\u00e8re tentative de l'investisseur.","og_url":"https:\/\/www.retaildetail.be\/fr\/news\/general\/le-centre-commercial-woluwe-shopping-center-tente-a-nouveau-de-sagrandir\/","og_site_name":"RetailDetail BE","article_published_time":"2026-09-03T09:56:44+00:00","article_modified_time":"2026-09-03T09:56:45+00:00","og_image":[{"width":1280,"height":853,"url":"https:\/\/www.retaildetail.be\/wp-content\/uploads\/2026\/09\/WoluweShopping-2.jpg","type":"image\/jpeg"}],"author":"Stefan Van Rompaey","twitter_card":"summary_large_image","twitter_misc":{"\u00c9crit par":"Stefan Van Rompaey","Dur\u00e9e de lecture estim\u00e9e":"1 minute"},"schema":{"@context":"https:\/\/schema.org","@graph":[{"@type":"NewsArticle","@id":"https:\/\/www.retaildetail.be\/fr\/news\/general\/le-centre-commercial-woluwe-shopping-center-tente-a-nouveau-de-sagrandir\/#article","isPartOf":{"@id":"https:\/\/www.retaildetail.be\/fr\/news\/general\/le-centre-commercial-woluwe-shopping-center-tente-a-nouveau-de-sagrandir\/"},"author":{"name":"Stefan Van Rompaey","@id":"https:\/\/www.retaildetail.be\/nl\/#\/schema\/person\/51aec6069c4416aa2f68b2e4ff3455df"},"headline":"Woluwe Shopping Center tente \u00e0 nouveau de s&rsquo;agrandir","datePublished":"2026-09-03T09:56:44+00:00","dateModified":"2026-09-03T09:56:45+00:00","mainEntityOfPage":{"@id":"https:\/\/www.retaildetail.be\/fr\/news\/general\/le-centre-commercial-woluwe-shopping-center-tente-a-nouveau-de-sagrandir\/"},"wordCount":185,"publisher":{"@id":"https:\/\/www.retaildetail.be\/nl\/#organization"},"image":{"@id":"https:\/\/www.retaildetail.be\/fr\/news\/general\/le-centre-commercial-woluwe-shopping-center-tente-a-nouveau-de-sagrandir\/#primaryimage"},"thumbnailUrl":"https:\/\/www.retaildetail.be\/wp-content\/uploads\/2026\/09\/WoluweShopping-2.jpg","articleSection":["Algemeen","G\u00e9n\u00e9ral"],"inLanguage":"fr-FR","copyrightYear":"2026","copyrightHolder":{"@id":"https:\/\/www.retaildetail.be\/#organization"}},{"@type":"WebPage","@id":"https:\/\/www.retaildetail.be\/fr\/news\/general\/le-centre-commercial-woluwe-shopping-center-tente-a-nouveau-de-sagrandir\/","url":"https:\/\/www.retaildetail.be\/fr\/news\/general\/le-centre-commercial-woluwe-shopping-center-tente-a-nouveau-de-sagrandir\/","name":"Woluwe Shopping Center tente \u00e0 nouveau de s'agrandir - RetailDetail BE","isPartOf":{"@id":"https:\/\/www.retaildetail.be\/nl\/#website"},"primaryImageOfPage":{"@id":"https:\/\/www.retaildetail.be\/fr\/news\/general\/le-centre-commercial-woluwe-shopping-center-tente-a-nouveau-de-sagrandir\/#primaryimage"},"image":{"@id":"https:\/\/www.retaildetail.be\/fr\/news\/general\/le-centre-commercial-woluwe-shopping-center-tente-a-nouveau-de-sagrandir\/#primaryimage"},"thumbnailUrl":"https:\/\/www.retaildetail.be\/wp-content\/uploads\/2026\/09\/WoluweShopping-2.jpg","datePublished":"2026-09-03T09:56:44+00:00","dateModified":"2026-09-03T09:56:45+00:00","description":"Le propri\u00e9taire du centre commercial Woluwe Shopping Center, situ\u00e9 \u00e0 Woluwe-Saint-Lambert, pr\u00e9sentera la semaine prochaine un nouveau projet d'extension aux riverains. Ce n'est pas la premi\u00e8re tentative de l'investisseur.","breadcrumb":{"@id":"https:\/\/www.retaildetail.be\/fr\/news\/general\/le-centre-commercial-woluwe-shopping-center-tente-a-nouveau-de-sagrandir\/#breadcrumb"},"inLanguage":"fr-FR","potentialAction":[{"@type":"ReadAction","target":["https:\/\/www.retaildetail.be\/fr\/news\/general\/le-centre-commercial-woluwe-shopping-center-tente-a-nouveau-de-sagrandir\/"]}]},{"@type":"ImageObject","inLanguage":"fr-FR","@id":"https:\/\/www.retaildetail.be\/fr\/news\/general\/le-centre-commercial-woluwe-shopping-center-tente-a-nouveau-de-sagrandir\/#primaryimage","url":"https:\/\/www.retaildetail.be\/wp-content\/uploads\/2026\/09\/WoluweShopping-2.jpg","contentUrl":"https:\/\/www.retaildetail.be\/wp-content\/uploads\/2026\/09\/WoluweShopping-2.jpg","width":1280,"height":853,"caption":"Woluwe Shopping"},{"@type":"BreadcrumbList","@id":"https:\/\/www.retaildetail.be\/fr\/news\/general\/le-centre-commercial-woluwe-shopping-center-tente-a-nouveau-de-sagrandir\/#breadcrumb","itemListElement":[{"@type":"ListItem","position":1,"name":"Home","item":"https:\/\/www.retaildetail.be\/fr\/"},{"@type":"ListItem","position":2,"name":"Woluwe Shopping Center tente \u00e0 nouveau de s&#8217;agrandir"}]},{"@type":"WebSite","@id":"https:\/\/www.retaildetail.be\/nl\/#website","url":"https:\/\/www.retaildetail.be\/nl\/","name":"RetailDetail BE","description":"News","publisher":{"@id":"https:\/\/www.retaildetail.be\/nl\/#organization"},"potentialAction":[{"@type":"SearchAction","target":{"@type":"EntryPoint","urlTemplate":"https:\/\/www.retaildetail.be\/nl\/?s={search_term_string}"},"query-input":{"@type":"PropertyValueSpecification","valueRequired":true,"valueName":"search_term_string"}}],"inLanguage":"fr-FR"},{"@type":"Organization","@id":"https:\/\/www.retaildetail.be\/nl\/#organization","name":"RetailDetail BE","url":"https:\/\/www.retaildetail.be\/nl\/","logo":{"@type":"ImageObject","inLanguage":"fr-FR","@id":"https:\/\/www.retaildetail.be\/nl\/#\/schema\/logo\/image\/","url":"https:\/\/www.retaildetail.be\/wp-content\/uploads\/2022\/04\/logo.svg","contentUrl":"https:\/\/www.retaildetail.be\/wp-content\/uploads\/2022\/04\/logo.svg","width":131,"height":70,"caption":"RetailDetail BE"},"image":{"@id":"https:\/\/www.retaildetail.be\/nl\/#\/schema\/logo\/image\/"}},{"@type":"Person","@id":"https:\/\/www.retaildetail.be\/nl\/#\/schema\/person\/51aec6069c4416aa2f68b2e4ff3455df","name":"Stefan Van Rompaey","image":{"@type":"ImageObject","inLanguage":"fr-FR","@id":"https:\/\/secure.gravatar.com\/avatar\/fbbb4a80a0f109888b2a5ab8ae255617499ecde533749b3ab2fa6c23b5d65dac?s=96&d=mm&r=g","url":"https:\/\/secure.gravatar.com\/avatar\/fbbb4a80a0f109888b2a5ab8ae255617499ecde533749b3ab2fa6c23b5d65dac?s=96&d=mm&r=g","contentUrl":"https:\/\/secure.gravatar.com\/avatar\/fbbb4a80a0f109888b2a5ab8ae255617499ecde533749b3ab2fa6c23b5d65dac?s=96&d=mm&r=g","caption":"Stefan Van Rompaey"},"url":"https:\/\/www.retaildetail.be\/fr\/author\/stefanvanrompaey\/"}]}},"jetpack_featured_media_url":"https:\/\/www.retaildetail.be\/wp-content\/uploads\/2026\/09\/WoluweShopping-2.jpg","jetpack_sharing_enabled":true,"_links":{"self":[{"href":"https:\/\/www.retaildetail.be\/fr\/wp-json\/wp\/v2\/posts\/154619","targetHints":{"allow":["GET"]}}],"collection":[{"href":"https:\/\/www.retaildetail.be\/fr\/wp-json\/wp\/v2\/posts"}],"about":[{"href":"https:\/\/www.retaildetail.be\/fr\/wp-json\/wp\/v2\/types\/post"}],"author":[{"embeddable":true,"href":"https:\/\/www.retaildetail.be\/fr\/wp-json\/wp\/v2\/users\/3"}],"replies":[{"embeddable":true,"href":"https:\/\/www.retaildetail.be\/fr\/wp-json\/wp\/v2\/comments?post=154619"}],"version-history":[{"count":1,"href":"https:\/\/www.retaildetail.be\/fr\/wp-json\/wp\/v2\/posts\/154619\/revisions"}],"predecessor-version":[{"id":154622,"href":"https:\/\/www.retaildetail.be\/fr\/wp-json\/wp\/v2\/posts\/154619\/revisions\/154622"}],"wp:featuredmedia":[{"embeddable":true,"href":"https:\/\/www.retaildetail.be\/fr\/wp-json\/wp\/v2\/media\/154620"}],"wp:attachment":[{"href":"https:\/\/www.retaildetail.be\/fr\/wp-json\/wp\/v2\/media?parent=154619"}],"wp:term":[{"taxonomy":"category","embeddable":true,"href":"https:\/\/www.retaildetail.be\/fr\/wp-json\/wp\/v2\/categories?post=154619"},{"taxonomy":"post_tag","embeddable":true,"href":"https:\/\/www.retaildetail.be\/fr\/wp-json\/wp\/v2\/tags?post=154619"},{"taxonomy":"people","embeddable":true,"href":"https:\/\/www.retaildetail.be\/fr\/wp-json\/wp\/v2\/people?post=154619"},{"taxonomy":"extra","embeddable":true,"href":"https:\/\/www.retaildetail.be\/fr\/wp-json\/wp\/v2\/extra?post=154619"},{"taxonomy":"company","embeddable":true,"href":"https:\/\/www.retaildetail.be\/fr\/wp-json\/wp\/v2\/company?post=154619"},{"taxonomy":"topic","embeddable":true,"href":"https:\/\/www.retaildetail.be\/fr\/wp-json\/wp\/v2\/topic?post=154619"},{"taxonomy":"region","embeddable":true,"href":"https:\/\/www.retaildetail.be\/fr\/wp-json\/wp\/v2\/region?post=154619"}],"curies":[{"name":"wp","href":"https:\/\/api.w.org\/{rel}","templated":true}]}}