{"id":154632,"date":"2026-09-03T14:03:19","date_gmt":"2026-09-03T12:03:19","guid":{"rendered":"https:\/\/www.retaildetail.be\/?p=154632"},"modified":"2026-09-03T14:03:21","modified_gmt":"2026-09-03T12:03:21","slug":"nicky-vankets-fait-peau-neuve-house-of-vankets-se-dote-dune-structure-dun-pdg-et-de-nouveaux-capitaux","status":"publish","type":"post","link":"https:\/\/www.retaildetail.be\/fr\/news\/mode\/nicky-vankets-fait-peau-neuve-house-of-vankets-se-dote-dune-structure-dun-pdg-et-de-nouveaux-capitaux\/","title":{"rendered":"Nicky Vankets fait peau neuve : House of Vankets se dote d&rsquo;une nouvelle structure, d&rsquo;un PDG et de capitaux\u00a0"},"content":{"rendered":"\n<p class=\"wp-block-paragraph\">Depuis juin, l\u2019entrepreneuse du b\u00e2timent Daphn\u00e9 Vandenplas est \u00e0 la t\u00eate, en tant que PDG, de ce qui s\u2019appelle d\u00e9sormais <strong>House of Vankets<\/strong>. Ensemble, ils souhaitent d\u00e9velopper et stabiliser la maison de mode belge. \u00ab Il faut de la rentabilit\u00e9, il faut une structure, il faut une s\u00e9curit\u00e9 sur laquelle on peut compter. \u00bb <\/p>\n\n\n\n<h2 class=\"wp-block-heading\">Une maison de mode \u00e0 part enti\u00e8re<\/h2>\n\n\n\n<p class=\"wp-block-paragraph\">Alors que le nom de Nicky Vankets est indissociable des robes de mari\u00e9e, House of Vankets souhaite se concentrer davantage sur les tenues pour entrepreneurs, l\u2019image de marque personnelle et, \u00e0 terme, de nouvelles cat\u00e9gories de produits. Le sur-mesure, les tenues de mariage et les tenues de sc\u00e8ne continueront de faire partie int\u00e9grante de la maison, mais Vankets souhaite \u00e9galement d\u00e9velopper une entreprise aux horizons bien plus larges.<\/p>\n\n\n\n<p class=\"wp-block-paragraph\">Pour la cr\u00e9atrice limbourgeoise, cette nouvelle orientation est le fruit d\u2019une p\u00e9riode de r\u00e9flexion. \u00ab Je suis arriv\u00e9e \u00e0 un moment o\u00f9 je me suis demand\u00e9 : o\u00f9 est l\u2019avenir ? Que veux-je faire de plus ? D\u2019autant plus que l\u2019appel d\u2019un poste de cr\u00e9atrice \u00e0 l\u2019\u00e9tranger se faisait entendre. \u00bb <\/p>\n\n\n\n<p class=\"wp-block-paragraph\">\u00ab C\u2019est alors que je me suis dit : tu crois vraiment que je vais laisser un autre talent dispara\u00eetre de la sc\u00e8ne de la mode belge ? \u00bb Il s\u2019agit de Daphn\u00e9 Vandenplas, qui, en tant que cliente de longue date, est devenue de plus en plus une interlocutrice privil\u00e9gi\u00e9e pour Vankets. \u00ab Quelqu\u2019un capable de le contredire sur le plan professionnel \u00bb, sourient-ils tous les deux. <\/p>\n\n\n\n<h2 class=\"wp-block-heading\">\u00ab Toute entreprise doit \u00eatre rentable \u00bb&nbsp;<\/h2>\n\n\n\n<p class=\"wp-block-paragraph\">Vandenplas a une formation en droit et en ing\u00e9nierie civile, et dirige toujours plusieurs entreprises dans l\u2019immobilier, la construction et la finance, mais c\u2019est \u00ab tout de m\u00eame un r\u00eave de petite fille \u00bb, admet-elle volontiers. Elle a d\u00fb d\u00e9couvrir le secteur de la mode en partant de z\u00e9ro. \u00ab Plus je me rapprochais de ce secteur et plus je d\u00e9couvrais le m\u00e9tier, la fa\u00e7on dont il fonctionnait, plus j\u2019\u00e9prouvais de respect. Et je me suis dit : pourquoi les gens ne le savent-ils pas ? \u00bb\u00a0<\/p>\n\n\n\n<p class=\"wp-block-paragraph\">Sur le plan professionnel, Vandenplas voit justement de nombreux points communs avec ses autres activit\u00e9s. \u00ab Que ce soit une agence immobili\u00e8re, une entreprise de construction ou un <em>family office<\/em>, c\u2019est la m\u00eame chose. On s\u2019y consacre avec conviction et passion, on soutient ses collaborateurs et, d\u2019un point de vue financier, chaque entreprise doit \u00eatre rentable. Celle-ci aussi. \u00bb <\/p>\n\n\n\n<h2 class=\"wp-block-heading\">Plus de magasin classique\u00a0<\/h2>\n\n\n\n<p class=\"wp-block-paragraph\">Concr\u00e8tement, qu\u2019est-ce qui change dans le mod\u00e8le de House of Vankets ? Vandenplas : \u00ab Nous voulons miser davantage sur le contact personnel en t\u00eate-\u00e0-t\u00eate et cr\u00e9er une ambiance chaleureuse et accueillante. Nous nous \u00e9loignons, par exemple, du magasin classique. \u00bb <\/p>\n\n\n\n<p class=\"wp-block-paragraph\">House of Vankets compte aujourd\u2019hui trois sites r\u00e9partis \u00e0 travers la Belgique. \u00ab Ce sont des penthouses, ce sont des lofts, afin de rendre l\u2019acc\u00e8s plus facile.&nbsp;Les gens aiment aussi voir Nicky. Dans un magasin classique, on ne peut pas s\u2019attendre \u00e0 ce qu\u2019elle soit l\u00e0 tous les jours de 9 h \u00e0 18 h. Et si l\u2019on a plusieurs magasins, que fait-on alors ? Nous avons donc vraiment cherch\u00e9 comment aborder cela diff\u00e9remment. \u00bb <\/p>\n\n\n\n<p class=\"wp-block-paragraph\">Pour Vandenplas, ce mod\u00e8le personnalis\u00e9 s\u2019inscrit en outre dans un mouvement de r\u00e9action plus large. \u00ab Humain, authentique, artisanal\u2026 On peut m\u00eame y ajouter une bonne dose de chauvinisme : un v\u00e9ritable produit belge, avec tout le souci du d\u00e9tail et de la qualit\u00e9. C\u2019est tout ce qui nous manque aujourd\u2019hui. \u00bb <\/p>\n\n\n\n<h2 class=\"wp-block-heading\"><strong>Confort pour les entrepreneurs<\/strong> <\/h2>\n\n\n\n<p class=\"wp-block-paragraph\">En d\u2019autres termes, s\u2019ouvrir \u00e0 un public plus large ne signifie pas que Nicky Vankets devienne une marque de mode grand public. Vankets : \u00ab Disons que nous allons \u00e9largir notre march\u00e9, mais surtout en r\u00e9ponse aux demandes que nous avons d\u00e9j\u00e0 re\u00e7ues de la part de nos clients. Les gens venaient uniquement pour une occasion particuli\u00e8re et nous disaient ensuite : \u201cEn fait, nous aimerions bien avoir quelque chose pour tous les jours.\u201d \u00bb Ce sont justement des personnes qui appr\u00e9cient le savoir-faire et le sur-mesure, ce qui reste donc au c\u0153ur de notre d\u00e9marche. <\/p>\n\n\n\n<p class=\"wp-block-paragraph\">La premi\u00e8re \u00e9tape concr\u00e8te est la cr\u00e9ation d\u2019une ligne professionnelle destin\u00e9e aux entrepreneurs. Les v\u00eatements ne doivent pas seulement \u00eatre esth\u00e9tiques, mais faire partie int\u00e9grante de l\u2019identit\u00e9 professionnelle de chacun. Vankets : \u00ab Qui \u00eates-vous ? Que souhaitez-vous d\u00e9gager ? Quelle image souhaitez-vous projeter ? Quels sont les \u00e9l\u00e9ments importants pour votre entreprise ? Nous pouvons traduire ces \u00e9l\u00e9ments, car nous ma\u00eetrisons bien s\u00fbr l\u2019ensemble du processus et parce que nous pouvons travailler en t\u00eate-\u00e0-t\u00eate. \u00bb <\/p>\n\n\n\n<p class=\"wp-block-paragraph\">Pour Vandenplas, lui-m\u00eame entrepreneur, le confort est la priorit\u00e9 num\u00e9ro un \u2013 ainsi que la libert\u00e9 d\u2019en d\u00e9finir soi-m\u00eame la signification. \u00ab Pour certains, le confort, c\u2019est un tissu agr\u00e9able ; pour d\u2019autres, cela signifie : je n\u2019ai pas besoin de le repasser ou je peux simplement le mettre \u00e0 la machine. Nos journ\u00e9es sont extr\u00eamement longues, alors le pull que j\u2019enfile le matin, j\u2019ai envie de l\u2019emporter avec moi au lit le soir. \u00bb <\/p>\n\n\n\n<h2 class=\"wp-block-heading\"><strong>Le pr\u00eat-\u00e0-porter et les accessoires suivront plus tard<\/strong> <\/h2>\n\n\n\n<p class=\"wp-block-paragraph\">Le pr\u00eat-\u00e0-porter est pr\u00e9vu pour l\u2019avenir. Les accessoires figurent \u00e9galement sur la liste. \u00ab Mais ce n\u2019est pas pour demain \u00bb, nuancent imm\u00e9diatement les deux associ\u00e9es. \u00ab Lorsque nous lan\u00e7ons un produit sur le march\u00e9, il doit s\u2019agir d\u2019un produit que nous soutenons toutes les deux, dont nous sommes fi\u00e8res et qui a une histoire. \u00bb  <\/p>\n\n\n\n<p class=\"wp-block-paragraph\">Et cela prend du temps : Vankets estime que le d\u00e9veloppement de certaines cat\u00e9gories peut prendre au moins un an et demi \u00e0 deux ans. En coulisses, des recherches sont d\u00e9j\u00e0 en cours, notamment sur les chaussures, le cuir et d\u2019\u00e9ventuels partenaires. La maison souhaite \u00e9viter de se contenter d\u2019acheter des produits existants pour y apposer sa propre marque. <\/p>\n\n\n\n<p class=\"wp-block-paragraph\">Le choix des mat\u00e9riaux occupe \u00e9galement une place plus importante dans la nouvelle strat\u00e9gie. Ainsi, pour ses articles en cuir, la maison de mode recherche des mat\u00e9riaux issus des d\u00e9chets de l\u2019industrie alimentaire et s\u2019int\u00e9resse aux mati\u00e8res premi\u00e8res recycl\u00e9es.&nbsp;Vankets souhaite toutefois \u00e9viter que la durabilit\u00e9 ne serve que d\u2019argument marketing. \u00ab Nous sommes dans la mode, nous voulons donc rendre un peu de ce que le secteur a d\u00e9truit ces derni\u00e8res ann\u00e9es. Mais cela implique aussi des certifications, et le discours doit \u00eatre coh\u00e9rent. \u00bb <\/p>\n\n\n\n<h2 class=\"wp-block-heading\">\u00ab L\u2019\u00e9tranger attend \u00bb&nbsp;<\/h2>\n\n\n\n<p class=\"wp-block-paragraph\">Le duo a d\u00e9j\u00e0 recens\u00e9 toutes les pistes de croissance possibles et d\u00e9fini des priorit\u00e9s. Celles-ci font d\u00e9sormais l\u2019objet d\u2019une \u00e9valuation approfondie quant \u00e0 leur faisabilit\u00e9. Vankets : \u00ab Quand on fait tout tout seul, on ne peut pas voir plus loin que demain. Aujourd\u2019hui, on dispose d\u2019une marge de man\u0153uvre pour \u00e9laborer une strat\u00e9gie. \u00bb Son r\u00f4le s\u2019oriente davantage vers la cr\u00e9ation, tandis que Vandenplas se tourne vers l\u2019avenir. <\/p>\n\n\n\n<p class=\"wp-block-paragraph\">Dans un premier temps, House of Vankets souhaite renforcer sa position en Belgique. Ensuite, la maison de mode voit nettement plus loin : \u00ab Je pense que, pour la premi\u00e8re fois, nous osons dire : l\u2019\u00e9tranger nous attend. Pas seulement juste de l\u2019autre c\u00f4t\u00e9 de la fronti\u00e8re, voyons les choses en grand. M\u00eame s\u2019il n\u2019est pas n\u00e9cessaire d\u2019\u00eatre pr\u00e9sent partout, car je continue de croire que ma signature apporte une touche d\u2019exclusivit\u00e9. \u00bb <\/p>\n\n\n\n<p class=\"wp-block-paragraph\">Pour Vandenplas, ce r\u00eave d\u2019expansion commence toutefois par une entreprise solide. \u00ab Il faut de la rentabilit\u00e9, il faut une structure, il faut une s\u00e9curit\u00e9 sur laquelle on peut s\u2019appuyer. \u00bb Ce n\u2019est qu\u2019ensuite que le cr\u00e9ateur pourra \u00e0 nouveau se laisser aller un peu plus. \u00ab Au cours des deux prochaines ann\u00e9es, nous devons avant tout poser les fondations. Pour ensuite peut-\u00eatre faire \u00e0 nouveau un saut fou dans l\u2019inconnu \u00bb, s\u2019enthousiasme d\u00e9j\u00e0 le cr\u00e9ateur. <\/p>\n","protected":false},"excerpt":{"rendered":"<p>Depuis juin, l&rsquo;entrepreneuse du b\u00e2timent Daphn\u00e9 Vandenplas est \u00e0 la t\u00eate, en tant que PDG, de ce qui s&rsquo;appelle d\u00e9sormais House of Vankets. Ensemble, ils souhaitent d\u00e9velopper et stabiliser la maison de mode belge. \u00ab Il faut de la rentabilit\u00e9, il faut une structure, il faut une s\u00e9curit\u00e9 sur laquelle on puisse compter. \u00bb<\/p>\n","protected":false},"author":5,"featured_media":154633,"comment_status":"closed","ping_status":"closed","sticky":false,"template":"","format":"standard","meta":{"_acf_changed":false,"inline_featured_image":false,"_jetpack_newsletter_access":"","_jetpack_dont_email_post_to_subs":false,"_jetpack_newsletter_tier_id":0,"_jetpack_memberships_contains_paywalled_content":false,"_jetpack_memberships_contains_paid_content":false,"footnotes":""},"categories":[14,22],"tags":[],"people":[2111],"extra":[43],"company":[2110],"topic":[609,276,643],"region":[226],"class_list":["post-154632","post","type-post","status-publish","format-standard","has-post-thumbnail","hentry","category-mode","people-nicky-vankets","extra-plus","company-house-of-vankets","topic-changement-de-direction","topic-expansion","topic-interview","region-belgique"],"acf":[],"yoast_head":"<!-- This site is optimized with the Yoast SEO plugin v28.1 - https:\/\/yoast.com\/product\/yoast-seo-wordpress\/ -->\n<title>Nicky Vankets fait peau neuve : House of Vankets se dote d&#039;une nouvelle structure, d&#039;un PDG et de capitaux\u00a0 - RetailDetail BE<\/title>\n<meta name=\"robots\" content=\"index, follow, max-snippet:-1, max-image-preview:large, max-video-preview:-1\" \/>\n<link rel=\"canonical\" href=\"https:\/\/www.retaildetail.be\/fr\/news\/mode\/nicky-vankets-fait-peau-neuve-house-of-vankets-se-dote-dune-structure-dun-pdg-et-de-nouveaux-capitaux\/\" \/>\n<meta property=\"og:locale\" content=\"fr_FR\" \/>\n<meta property=\"og:type\" content=\"article\" \/>\n<meta property=\"og:title\" content=\"Nicky Vankets fait peau neuve : House of Vankets se dote d&#039;une nouvelle structure, d&#039;un PDG et de capitaux\u00a0 - RetailDetail BE\" \/>\n<meta property=\"og:description\" content=\"Depuis juin, l&#039;entrepreneuse du b\u00e2timent Daphn\u00e9 Vandenplas est \u00e0 la t\u00eate, en tant que PDG, de ce qui s&#039;appelle d\u00e9sormais House of Vankets. Ensemble, ils souhaitent d\u00e9velopper et stabiliser la maison de mode belge. \u00ab Il faut de la rentabilit\u00e9, il faut une structure, il faut une s\u00e9curit\u00e9 sur laquelle on puisse compter. \u00bb\" \/>\n<meta property=\"og:url\" content=\"https:\/\/www.retaildetail.be\/fr\/news\/mode\/nicky-vankets-fait-peau-neuve-house-of-vankets-se-dote-dune-structure-dun-pdg-et-de-nouveaux-capitaux\/\" \/>\n<meta property=\"og:site_name\" content=\"RetailDetail BE\" \/>\n<meta property=\"article:published_time\" content=\"2026-09-03T12:03:19+00:00\" \/>\n<meta property=\"article:modified_time\" content=\"2026-09-03T12:03:21+00:00\" \/>\n<meta property=\"og:image\" content=\"https:\/\/www.retaildetail.be\/wp-content\/uploads\/2026\/09\/House-of-Vankets-1.jpg\" \/>\n\t<meta property=\"og:image:width\" content=\"1338\" \/>\n\t<meta property=\"og:image:height\" content=\"900\" \/>\n\t<meta property=\"og:image:type\" content=\"image\/jpeg\" \/>\n<meta name=\"author\" content=\"Pauline Neerman\" \/>\n<meta name=\"twitter:card\" content=\"summary_large_image\" \/>\n<meta name=\"twitter:label1\" content=\"\u00c9crit par\" \/>\n\t<meta name=\"twitter:data1\" content=\"Pauline Neerman\" \/>\n\t<meta name=\"twitter:label2\" content=\"Dur\u00e9e de lecture estim\u00e9e\" \/>\n\t<meta name=\"twitter:data2\" content=\"7 minutes\" \/>\n<script type=\"application\/ld+json\" class=\"yoast-schema-graph\">{\"@context\":\"https:\\\/\\\/schema.org\",\"@graph\":[{\"@type\":\"NewsArticle\",\"@id\":\"https:\\\/\\\/www.retaildetail.be\\\/fr\\\/news\\\/mode\\\/nicky-vankets-fait-peau-neuve-house-of-vankets-se-dote-dune-structure-dun-pdg-et-de-nouveaux-capitaux\\\/#article\",\"isPartOf\":{\"@id\":\"https:\\\/\\\/www.retaildetail.be\\\/fr\\\/news\\\/mode\\\/nicky-vankets-fait-peau-neuve-house-of-vankets-se-dote-dune-structure-dun-pdg-et-de-nouveaux-capitaux\\\/\"},\"author\":{\"name\":\"Pauline Neerman\",\"@id\":\"https:\\\/\\\/www.retaildetail.be\\\/nl\\\/#\\\/schema\\\/person\\\/66b54803fa10759039079458ea89e307\"},\"headline\":\"Nicky Vankets fait peau neuve : House of Vankets se dote d&rsquo;une nouvelle structure, d&rsquo;un PDG et de capitaux\u00a0\",\"datePublished\":\"2026-09-03T12:03:19+00:00\",\"dateModified\":\"2026-09-03T12:03:21+00:00\",\"mainEntityOfPage\":{\"@id\":\"https:\\\/\\\/www.retaildetail.be\\\/fr\\\/news\\\/mode\\\/nicky-vankets-fait-peau-neuve-house-of-vankets-se-dote-dune-structure-dun-pdg-et-de-nouveaux-capitaux\\\/\"},\"wordCount\":1382,\"publisher\":{\"@id\":\"https:\\\/\\\/www.retaildetail.be\\\/nl\\\/#organization\"},\"image\":{\"@id\":\"https:\\\/\\\/www.retaildetail.be\\\/fr\\\/news\\\/mode\\\/nicky-vankets-fait-peau-neuve-house-of-vankets-se-dote-dune-structure-dun-pdg-et-de-nouveaux-capitaux\\\/#primaryimage\"},\"thumbnailUrl\":\"https:\\\/\\\/www.retaildetail.be\\\/wp-content\\\/uploads\\\/2026\\\/09\\\/House-of-Vankets-1.jpg\",\"articleSection\":[\"Mode\",\"Mode\"],\"inLanguage\":\"fr-FR\",\"copyrightYear\":\"2026\",\"copyrightHolder\":{\"@id\":\"https:\\\/\\\/www.retaildetail.be\\\/#organization\"}},{\"@type\":\"WebPage\",\"@id\":\"https:\\\/\\\/www.retaildetail.be\\\/fr\\\/news\\\/mode\\\/nicky-vankets-fait-peau-neuve-house-of-vankets-se-dote-dune-structure-dun-pdg-et-de-nouveaux-capitaux\\\/\",\"url\":\"https:\\\/\\\/www.retaildetail.be\\\/fr\\\/news\\\/mode\\\/nicky-vankets-fait-peau-neuve-house-of-vankets-se-dote-dune-structure-dun-pdg-et-de-nouveaux-capitaux\\\/\",\"name\":\"Nicky Vankets fait peau neuve : House of Vankets se dote d'une nouvelle structure, d'un PDG et de capitaux\u00a0 - RetailDetail BE\",\"isPartOf\":{\"@id\":\"https:\\\/\\\/www.retaildetail.be\\\/nl\\\/#website\"},\"primaryImageOfPage\":{\"@id\":\"https:\\\/\\\/www.retaildetail.be\\\/fr\\\/news\\\/mode\\\/nicky-vankets-fait-peau-neuve-house-of-vankets-se-dote-dune-structure-dun-pdg-et-de-nouveaux-capitaux\\\/#primaryimage\"},\"image\":{\"@id\":\"https:\\\/\\\/www.retaildetail.be\\\/fr\\\/news\\\/mode\\\/nicky-vankets-fait-peau-neuve-house-of-vankets-se-dote-dune-structure-dun-pdg-et-de-nouveaux-capitaux\\\/#primaryimage\"},\"thumbnailUrl\":\"https:\\\/\\\/www.retaildetail.be\\\/wp-content\\\/uploads\\\/2026\\\/09\\\/House-of-Vankets-1.jpg\",\"datePublished\":\"2026-09-03T12:03:19+00:00\",\"dateModified\":\"2026-09-03T12:03:21+00:00\",\"breadcrumb\":{\"@id\":\"https:\\\/\\\/www.retaildetail.be\\\/fr\\\/news\\\/mode\\\/nicky-vankets-fait-peau-neuve-house-of-vankets-se-dote-dune-structure-dun-pdg-et-de-nouveaux-capitaux\\\/#breadcrumb\"},\"inLanguage\":\"fr-FR\",\"potentialAction\":[{\"@type\":\"ReadAction\",\"target\":[\"https:\\\/\\\/www.retaildetail.be\\\/fr\\\/news\\\/mode\\\/nicky-vankets-fait-peau-neuve-house-of-vankets-se-dote-dune-structure-dun-pdg-et-de-nouveaux-capitaux\\\/\"]}]},{\"@type\":\"ImageObject\",\"inLanguage\":\"fr-FR\",\"@id\":\"https:\\\/\\\/www.retaildetail.be\\\/fr\\\/news\\\/mode\\\/nicky-vankets-fait-peau-neuve-house-of-vankets-se-dote-dune-structure-dun-pdg-et-de-nouveaux-capitaux\\\/#primaryimage\",\"url\":\"https:\\\/\\\/www.retaildetail.be\\\/wp-content\\\/uploads\\\/2026\\\/09\\\/House-of-Vankets-1.jpg\",\"contentUrl\":\"https:\\\/\\\/www.retaildetail.be\\\/wp-content\\\/uploads\\\/2026\\\/09\\\/House-of-Vankets-1.jpg\",\"width\":1338,\"height\":900},{\"@type\":\"BreadcrumbList\",\"@id\":\"https:\\\/\\\/www.retaildetail.be\\\/fr\\\/news\\\/mode\\\/nicky-vankets-fait-peau-neuve-house-of-vankets-se-dote-dune-structure-dun-pdg-et-de-nouveaux-capitaux\\\/#breadcrumb\",\"itemListElement\":[{\"@type\":\"ListItem\",\"position\":1,\"name\":\"Home\",\"item\":\"https:\\\/\\\/www.retaildetail.be\\\/fr\\\/\"},{\"@type\":\"ListItem\",\"position\":2,\"name\":\"Nicky Vankets fait peau neuve : House of Vankets se dote d&#8217;une nouvelle structure, d&#8217;un PDG et de capitaux\u00a0\"}]},{\"@type\":\"WebSite\",\"@id\":\"https:\\\/\\\/www.retaildetail.be\\\/nl\\\/#website\",\"url\":\"https:\\\/\\\/www.retaildetail.be\\\/nl\\\/\",\"name\":\"RetailDetail BE\",\"description\":\"News\",\"publisher\":{\"@id\":\"https:\\\/\\\/www.retaildetail.be\\\/nl\\\/#organization\"},\"potentialAction\":[{\"@type\":\"SearchAction\",\"target\":{\"@type\":\"EntryPoint\",\"urlTemplate\":\"https:\\\/\\\/www.retaildetail.be\\\/nl\\\/?s={search_term_string}\"},\"query-input\":{\"@type\":\"PropertyValueSpecification\",\"valueRequired\":true,\"valueName\":\"search_term_string\"}}],\"inLanguage\":\"fr-FR\"},{\"@type\":\"Organization\",\"@id\":\"https:\\\/\\\/www.retaildetail.be\\\/nl\\\/#organization\",\"name\":\"RetailDetail BE\",\"url\":\"https:\\\/\\\/www.retaildetail.be\\\/nl\\\/\",\"logo\":{\"@type\":\"ImageObject\",\"inLanguage\":\"fr-FR\",\"@id\":\"https:\\\/\\\/www.retaildetail.be\\\/nl\\\/#\\\/schema\\\/logo\\\/image\\\/\",\"url\":\"https:\\\/\\\/www.retaildetail.be\\\/wp-content\\\/uploads\\\/2022\\\/04\\\/logo.svg\",\"contentUrl\":\"https:\\\/\\\/www.retaildetail.be\\\/wp-content\\\/uploads\\\/2022\\\/04\\\/logo.svg\",\"width\":131,\"height\":70,\"caption\":\"RetailDetail BE\"},\"image\":{\"@id\":\"https:\\\/\\\/www.retaildetail.be\\\/nl\\\/#\\\/schema\\\/logo\\\/image\\\/\"}},{\"@type\":\"Person\",\"@id\":\"https:\\\/\\\/www.retaildetail.be\\\/nl\\\/#\\\/schema\\\/person\\\/66b54803fa10759039079458ea89e307\",\"name\":\"Pauline Neerman\",\"image\":{\"@type\":\"ImageObject\",\"inLanguage\":\"fr-FR\",\"@id\":\"https:\\\/\\\/secure.gravatar.com\\\/avatar\\\/58db22aee589a691f9603e5765ac06010427a923f9b2728b951eb7fe27214d70?s=96&d=mm&r=g\",\"url\":\"https:\\\/\\\/secure.gravatar.com\\\/avatar\\\/58db22aee589a691f9603e5765ac06010427a923f9b2728b951eb7fe27214d70?s=96&d=mm&r=g\",\"contentUrl\":\"https:\\\/\\\/secure.gravatar.com\\\/avatar\\\/58db22aee589a691f9603e5765ac06010427a923f9b2728b951eb7fe27214d70?s=96&d=mm&r=g\",\"caption\":\"Pauline Neerman\"},\"url\":\"https:\\\/\\\/www.retaildetail.be\\\/fr\\\/author\\\/paulineneerman\\\/\"}]}<\/script>\n<!-- \/ Yoast SEO plugin. -->","yoast_head_json":{"title":"Nicky Vankets fait peau neuve : House of Vankets se dote d'une nouvelle structure, d'un PDG et de capitaux\u00a0 - RetailDetail BE","robots":{"index":"index","follow":"follow","max-snippet":"max-snippet:-1","max-image-preview":"max-image-preview:large","max-video-preview":"max-video-preview:-1"},"canonical":"https:\/\/www.retaildetail.be\/fr\/news\/mode\/nicky-vankets-fait-peau-neuve-house-of-vankets-se-dote-dune-structure-dun-pdg-et-de-nouveaux-capitaux\/","og_locale":"fr_FR","og_type":"article","og_title":"Nicky Vankets fait peau neuve : House of Vankets se dote d'une nouvelle structure, d'un PDG et de capitaux\u00a0 - RetailDetail BE","og_description":"Depuis juin, l'entrepreneuse du b\u00e2timent Daphn\u00e9 Vandenplas est \u00e0 la t\u00eate, en tant que PDG, de ce qui s'appelle d\u00e9sormais House of Vankets. Ensemble, ils souhaitent d\u00e9velopper et stabiliser la maison de mode belge. \u00ab Il faut de la rentabilit\u00e9, il faut une structure, il faut une s\u00e9curit\u00e9 sur laquelle on puisse compter. \u00bb","og_url":"https:\/\/www.retaildetail.be\/fr\/news\/mode\/nicky-vankets-fait-peau-neuve-house-of-vankets-se-dote-dune-structure-dun-pdg-et-de-nouveaux-capitaux\/","og_site_name":"RetailDetail BE","article_published_time":"2026-09-03T12:03:19+00:00","article_modified_time":"2026-09-03T12:03:21+00:00","og_image":[{"width":1338,"height":900,"url":"https:\/\/www.retaildetail.be\/wp-content\/uploads\/2026\/09\/House-of-Vankets-1.jpg","type":"image\/jpeg"}],"author":"Pauline Neerman","twitter_card":"summary_large_image","twitter_misc":{"\u00c9crit par":"Pauline Neerman","Dur\u00e9e de lecture estim\u00e9e":"7 minutes"},"schema":{"@context":"https:\/\/schema.org","@graph":[{"@type":"NewsArticle","@id":"https:\/\/www.retaildetail.be\/fr\/news\/mode\/nicky-vankets-fait-peau-neuve-house-of-vankets-se-dote-dune-structure-dun-pdg-et-de-nouveaux-capitaux\/#article","isPartOf":{"@id":"https:\/\/www.retaildetail.be\/fr\/news\/mode\/nicky-vankets-fait-peau-neuve-house-of-vankets-se-dote-dune-structure-dun-pdg-et-de-nouveaux-capitaux\/"},"author":{"name":"Pauline Neerman","@id":"https:\/\/www.retaildetail.be\/nl\/#\/schema\/person\/66b54803fa10759039079458ea89e307"},"headline":"Nicky Vankets fait peau neuve : House of Vankets se dote d&rsquo;une nouvelle structure, d&rsquo;un PDG et de capitaux\u00a0","datePublished":"2026-09-03T12:03:19+00:00","dateModified":"2026-09-03T12:03:21+00:00","mainEntityOfPage":{"@id":"https:\/\/www.retaildetail.be\/fr\/news\/mode\/nicky-vankets-fait-peau-neuve-house-of-vankets-se-dote-dune-structure-dun-pdg-et-de-nouveaux-capitaux\/"},"wordCount":1382,"publisher":{"@id":"https:\/\/www.retaildetail.be\/nl\/#organization"},"image":{"@id":"https:\/\/www.retaildetail.be\/fr\/news\/mode\/nicky-vankets-fait-peau-neuve-house-of-vankets-se-dote-dune-structure-dun-pdg-et-de-nouveaux-capitaux\/#primaryimage"},"thumbnailUrl":"https:\/\/www.retaildetail.be\/wp-content\/uploads\/2026\/09\/House-of-Vankets-1.jpg","articleSection":["Mode","Mode"],"inLanguage":"fr-FR","copyrightYear":"2026","copyrightHolder":{"@id":"https:\/\/www.retaildetail.be\/#organization"}},{"@type":"WebPage","@id":"https:\/\/www.retaildetail.be\/fr\/news\/mode\/nicky-vankets-fait-peau-neuve-house-of-vankets-se-dote-dune-structure-dun-pdg-et-de-nouveaux-capitaux\/","url":"https:\/\/www.retaildetail.be\/fr\/news\/mode\/nicky-vankets-fait-peau-neuve-house-of-vankets-se-dote-dune-structure-dun-pdg-et-de-nouveaux-capitaux\/","name":"Nicky Vankets fait peau neuve : House of Vankets se dote d'une nouvelle structure, d'un PDG et de capitaux\u00a0 - RetailDetail BE","isPartOf":{"@id":"https:\/\/www.retaildetail.be\/nl\/#website"},"primaryImageOfPage":{"@id":"https:\/\/www.retaildetail.be\/fr\/news\/mode\/nicky-vankets-fait-peau-neuve-house-of-vankets-se-dote-dune-structure-dun-pdg-et-de-nouveaux-capitaux\/#primaryimage"},"image":{"@id":"https:\/\/www.retaildetail.be\/fr\/news\/mode\/nicky-vankets-fait-peau-neuve-house-of-vankets-se-dote-dune-structure-dun-pdg-et-de-nouveaux-capitaux\/#primaryimage"},"thumbnailUrl":"https:\/\/www.retaildetail.be\/wp-content\/uploads\/2026\/09\/House-of-Vankets-1.jpg","datePublished":"2026-09-03T12:03:19+00:00","dateModified":"2026-09-03T12:03:21+00:00","breadcrumb":{"@id":"https:\/\/www.retaildetail.be\/fr\/news\/mode\/nicky-vankets-fait-peau-neuve-house-of-vankets-se-dote-dune-structure-dun-pdg-et-de-nouveaux-capitaux\/#breadcrumb"},"inLanguage":"fr-FR","potentialAction":[{"@type":"ReadAction","target":["https:\/\/www.retaildetail.be\/fr\/news\/mode\/nicky-vankets-fait-peau-neuve-house-of-vankets-se-dote-dune-structure-dun-pdg-et-de-nouveaux-capitaux\/"]}]},{"@type":"ImageObject","inLanguage":"fr-FR","@id":"https:\/\/www.retaildetail.be\/fr\/news\/mode\/nicky-vankets-fait-peau-neuve-house-of-vankets-se-dote-dune-structure-dun-pdg-et-de-nouveaux-capitaux\/#primaryimage","url":"https:\/\/www.retaildetail.be\/wp-content\/uploads\/2026\/09\/House-of-Vankets-1.jpg","contentUrl":"https:\/\/www.retaildetail.be\/wp-content\/uploads\/2026\/09\/House-of-Vankets-1.jpg","width":1338,"height":900},{"@type":"BreadcrumbList","@id":"https:\/\/www.retaildetail.be\/fr\/news\/mode\/nicky-vankets-fait-peau-neuve-house-of-vankets-se-dote-dune-structure-dun-pdg-et-de-nouveaux-capitaux\/#breadcrumb","itemListElement":[{"@type":"ListItem","position":1,"name":"Home","item":"https:\/\/www.retaildetail.be\/fr\/"},{"@type":"ListItem","position":2,"name":"Nicky Vankets fait peau neuve : House of Vankets se dote d&#8217;une nouvelle structure, d&#8217;un PDG et de capitaux\u00a0"}]},{"@type":"WebSite","@id":"https:\/\/www.retaildetail.be\/nl\/#website","url":"https:\/\/www.retaildetail.be\/nl\/","name":"RetailDetail BE","description":"News","publisher":{"@id":"https:\/\/www.retaildetail.be\/nl\/#organization"},"potentialAction":[{"@type":"SearchAction","target":{"@type":"EntryPoint","urlTemplate":"https:\/\/www.retaildetail.be\/nl\/?s={search_term_string}"},"query-input":{"@type":"PropertyValueSpecification","valueRequired":true,"valueName":"search_term_string"}}],"inLanguage":"fr-FR"},{"@type":"Organization","@id":"https:\/\/www.retaildetail.be\/nl\/#organization","name":"RetailDetail BE","url":"https:\/\/www.retaildetail.be\/nl\/","logo":{"@type":"ImageObject","inLanguage":"fr-FR","@id":"https:\/\/www.retaildetail.be\/nl\/#\/schema\/logo\/image\/","url":"https:\/\/www.retaildetail.be\/wp-content\/uploads\/2022\/04\/logo.svg","contentUrl":"https:\/\/www.retaildetail.be\/wp-content\/uploads\/2022\/04\/logo.svg","width":131,"height":70,"caption":"RetailDetail BE"},"image":{"@id":"https:\/\/www.retaildetail.be\/nl\/#\/schema\/logo\/image\/"}},{"@type":"Person","@id":"https:\/\/www.retaildetail.be\/nl\/#\/schema\/person\/66b54803fa10759039079458ea89e307","name":"Pauline Neerman","image":{"@type":"ImageObject","inLanguage":"fr-FR","@id":"https:\/\/secure.gravatar.com\/avatar\/58db22aee589a691f9603e5765ac06010427a923f9b2728b951eb7fe27214d70?s=96&d=mm&r=g","url":"https:\/\/secure.gravatar.com\/avatar\/58db22aee589a691f9603e5765ac06010427a923f9b2728b951eb7fe27214d70?s=96&d=mm&r=g","contentUrl":"https:\/\/secure.gravatar.com\/avatar\/58db22aee589a691f9603e5765ac06010427a923f9b2728b951eb7fe27214d70?s=96&d=mm&r=g","caption":"Pauline Neerman"},"url":"https:\/\/www.retaildetail.be\/fr\/author\/paulineneerman\/"}]}},"jetpack_featured_media_url":"https:\/\/www.retaildetail.be\/wp-content\/uploads\/2026\/09\/House-of-Vankets-1.jpg","jetpack_sharing_enabled":true,"_links":{"self":[{"href":"https:\/\/www.retaildetail.be\/fr\/wp-json\/wp\/v2\/posts\/154632","targetHints":{"allow":["GET"]}}],"collection":[{"href":"https:\/\/www.retaildetail.be\/fr\/wp-json\/wp\/v2\/posts"}],"about":[{"href":"https:\/\/www.retaildetail.be\/fr\/wp-json\/wp\/v2\/types\/post"}],"author":[{"embeddable":true,"href":"https:\/\/www.retaildetail.be\/fr\/wp-json\/wp\/v2\/users\/5"}],"replies":[{"embeddable":true,"href":"https:\/\/www.retaildetail.be\/fr\/wp-json\/wp\/v2\/comments?post=154632"}],"version-history":[{"count":1,"href":"https:\/\/www.retaildetail.be\/fr\/wp-json\/wp\/v2\/posts\/154632\/revisions"}],"predecessor-version":[{"id":154634,"href":"https:\/\/www.retaildetail.be\/fr\/wp-json\/wp\/v2\/posts\/154632\/revisions\/154634"}],"wp:featuredmedia":[{"embeddable":true,"href":"https:\/\/www.retaildetail.be\/fr\/wp-json\/wp\/v2\/media\/154633"}],"wp:attachment":[{"href":"https:\/\/www.retaildetail.be\/fr\/wp-json\/wp\/v2\/media?parent=154632"}],"wp:term":[{"taxonomy":"category","embeddable":true,"href":"https:\/\/www.retaildetail.be\/fr\/wp-json\/wp\/v2\/categories?post=154632"},{"taxonomy":"post_tag","embeddable":true,"href":"https:\/\/www.retaildetail.be\/fr\/wp-json\/wp\/v2\/tags?post=154632"},{"taxonomy":"people","embeddable":true,"href":"https:\/\/www.retaildetail.be\/fr\/wp-json\/wp\/v2\/people?post=154632"},{"taxonomy":"extra","embeddable":true,"href":"https:\/\/www.retaildetail.be\/fr\/wp-json\/wp\/v2\/extra?post=154632"},{"taxonomy":"company","embeddable":true,"href":"https:\/\/www.retaildetail.be\/fr\/wp-json\/wp\/v2\/company?post=154632"},{"taxonomy":"topic","embeddable":true,"href":"https:\/\/www.retaildetail.be\/fr\/wp-json\/wp\/v2\/topic?post=154632"},{"taxonomy":"region","embeddable":true,"href":"https:\/\/www.retaildetail.be\/fr\/wp-json\/wp\/v2\/region?post=154632"}],"curies":[{"name":"wp","href":"https:\/\/api.w.org\/{rel}","templated":true}]}}