{"id":154640,"date":"2026-09-03T14:31:50","date_gmt":"2026-09-03T12:31:50","guid":{"rendered":"https:\/\/www.retaildetail.be\/?p=154640"},"modified":"2026-09-03T14:31:52","modified_gmt":"2026-09-03T12:31:52","slug":"sephora-annonce-louverture-de-son-quatrieme-magasin-en-belgique","status":"publish","type":"post","link":"https:\/\/www.retaildetail.be\/fr\/news\/beaute-soins\/sephora-annonce-louverture-de-son-quatrieme-magasin-en-belgique\/","title":{"rendered":"Sephora annonce l&rsquo;ouverture d&rsquo;un quatri\u00e8me magasin en Belgique"},"content":{"rendered":"\n<p class=\"wp-block-paragraph\">La cha\u00eene fran\u00e7aise de cosm\u00e9tiques <strong>Sephora<\/strong> poursuit son expansion en Belgique. Apr\u00e8s des ouvertures dans les centres commerciaux bruxellois Docks Bruxsel et City2, c&rsquo;est d\u00e9sormais Westland Shopping qui est au programme. Une ouverture \u00e0 Li\u00e8ge avait d\u00e9j\u00e0 \u00e9t\u00e9 annonc\u00e9e auparavant.<\/p>\n\n\n\n<h2 class=\"wp-block-heading\">Emplacement de choix<\/h2>\n\n\n\n<p class=\"wp-block-paragraph\">Westland Shopping annonce lui-m\u00eame la nouvelle sur ses r\u00e9seaux sociaux : Sephora ouvrira bient\u00f4t ses portes dans le c\u00e9l\u00e8bre centre commercial d\u2019Anderlecht. C\u2019est assez surprenant, car apr\u00e8s les ouvertures \u00e0 Docks Bruxsel le 25 juin et \u00e0 City2 le 9 juillet, l\u2019enseigne de cosm\u00e9tiques n\u2019avait jusqu\u2019\u00e0 pr\u00e9sent annonc\u00e9 qu\u2019une seule ouverture pr\u00e9vue pour septembre dans le centre commercial li\u00e9geois M\u00e9diacit\u00e9.<\/p>\n\n\n\n<p class=\"wp-block-paragraph\">Il faut donc compter sur l\u2019ouverture d\u2019un quatri\u00e8me magasin belge en plus de ceux-l\u00e0. La date d\u2019ouverture n\u2019est pas encore connue. Sephora n\u2019a pas encore communiqu\u00e9 sur d\u2019autres emplacements, mais le d\u00e9taillant a indiqu\u00e9 que la priorit\u00e9, <a href=\"https:\/\/www.retaildetail.be\/fr\/news\/beaute-soins\/interview-sephora-simplante-en-belgique-nous-ressentons-lengouement-des-consommateurs-belges\/\">dans un premier temps, serait donn\u00e9e \u00e0 la partie francophone du pays<\/a>: la Flandre ne suivrait qu\u2019apr\u00e8s une dizaine d\u2019ouvertures.<\/p>\n\n\n\n<p class=\"wp-block-paragraph\">Westland Shopping constitue en tout cas \u00e0 nouveau un emplacement de choix dans la r\u00e9gion bruxelloise pour le d\u00e9taillant. R\u00e9cemment encore, le centre commercial <a href=\"https:\/\/www.retaildetail.be\/fr\/news\/general\/la-chaleur-attire-les-clients-dans-les-centres-commerciaux-records-quotidiens-pour-westland-shopping\/\">a annonc\u00e9 de nouveaux chiffres records<\/a>: en juin, il a accueilli plus de 650 000 visiteurs, soit 16,6 % de plus qu\u2019un an auparavant et le chiffre mensuel le plus \u00e9lev\u00e9 de cette ann\u00e9e \u00e0 ce jour. En juillet et ao\u00fbt \u00e9galement, les journ\u00e9es caniculaires ont entra\u00een\u00e9 des pics de fr\u00e9quentation remarquables.<\/p>\n\n\n\n<p class=\"wp-block-paragraph\"><\/p>\n","protected":false},"excerpt":{"rendered":"<p>La cha\u00eene fran\u00e7aise de cosm\u00e9tiques Sephora poursuit son expansion en Belgique. Apr\u00e8s s&rsquo;\u00eatre implant\u00e9e dans les centres commerciaux bruxellois Docks Bruxsel et City2, elle pr\u00e9voit d\u00e9sormais de s&rsquo;installer \u00e0 Westland Shopping. Une ouverture \u00e0 Li\u00e8ge avait d\u00e9j\u00e0 \u00e9t\u00e9 annonc\u00e9e auparavant.<\/p>\n","protected":false},"author":3,"featured_media":154641,"comment_status":"closed","ping_status":"closed","sticky":false,"template":"","format":"standard","meta":{"_acf_changed":false,"inline_featured_image":false,"_jetpack_newsletter_access":"","_jetpack_dont_email_post_to_subs":false,"_jetpack_newsletter_tier_id":0,"_jetpack_memberships_contains_paywalled_content":false,"_jetpack_memberships_contains_paid_content":false,"footnotes":""},"categories":[27,19],"tags":[],"people":[],"extra":[],"company":[1899,916],"topic":[276],"region":[226],"class_list":["post-154640","post","type-post","status-publish","format-standard","has-post-thumbnail","hentry","category-beaute-soins","category-schoonheid-verzorging","company-sephora","company-westland-shopping","topic-expansion","region-belgique"],"acf":[],"yoast_head":"<!-- This site is optimized with the Yoast SEO plugin v28.1 - https:\/\/yoast.com\/product\/yoast-seo-wordpress\/ -->\n<title>Sephora annonce l&#039;ouverture d&#039;un quatri\u00e8me magasin en Belgique - RetailDetail BE<\/title>\n<meta name=\"description\" content=\"La cha\u00eene fran\u00e7aise de cosm\u00e9tiques Sephora poursuit son expansion en Belgique. Apr\u00e8s des ouvertures dans les centres commerciaux bruxellois Docks Bruxsel et City2, c&#039;est d\u00e9sormais Westland Shopping qui est au programme. Une ouverture \u00e0 Li\u00e8ge avait d\u00e9j\u00e0 \u00e9t\u00e9 annonc\u00e9e auparavant.\" \/>\n<meta name=\"robots\" content=\"index, follow, max-snippet:-1, max-image-preview:large, max-video-preview:-1\" \/>\n<link rel=\"canonical\" href=\"https:\/\/www.retaildetail.be\/fr\/news\/beaute-soins\/sephora-annonce-louverture-de-son-quatrieme-magasin-en-belgique\/\" \/>\n<meta property=\"og:locale\" content=\"fr_FR\" \/>\n<meta property=\"og:type\" content=\"article\" \/>\n<meta property=\"og:title\" content=\"Sephora annonce l&#039;ouverture d&#039;un quatri\u00e8me magasin en Belgique - RetailDetail BE\" \/>\n<meta property=\"og:description\" content=\"La cha\u00eene fran\u00e7aise de cosm\u00e9tiques Sephora poursuit son expansion en Belgique. Apr\u00e8s des ouvertures dans les centres commerciaux bruxellois Docks Bruxsel et City2, c&#039;est d\u00e9sormais Westland Shopping qui est au programme. Une ouverture \u00e0 Li\u00e8ge avait d\u00e9j\u00e0 \u00e9t\u00e9 annonc\u00e9e auparavant.\" \/>\n<meta property=\"og:url\" content=\"https:\/\/www.retaildetail.be\/fr\/news\/beaute-soins\/sephora-annonce-louverture-de-son-quatrieme-magasin-en-belgique\/\" \/>\n<meta property=\"og:site_name\" content=\"RetailDetail BE\" \/>\n<meta property=\"article:published_time\" content=\"2026-09-03T12:31:50+00:00\" \/>\n<meta property=\"article:modified_time\" content=\"2026-09-03T12:31:52+00:00\" \/>\n<meta property=\"og:image\" content=\"https:\/\/www.retaildetail.be\/wp-content\/uploads\/2026\/09\/sephora-westland-shopping-1.jpg\" \/>\n\t<meta property=\"og:image:width\" content=\"961\" \/>\n\t<meta property=\"og:image:height\" content=\"681\" \/>\n\t<meta property=\"og:image:type\" content=\"image\/jpeg\" \/>\n<meta name=\"author\" content=\"Stefan Van Rompaey\" \/>\n<meta name=\"twitter:card\" content=\"summary_large_image\" \/>\n<meta name=\"twitter:label1\" content=\"\u00c9crit par\" \/>\n\t<meta name=\"twitter:data1\" content=\"Stefan Van Rompaey\" \/>\n\t<meta name=\"twitter:label2\" content=\"Dur\u00e9e de lecture estim\u00e9e\" \/>\n\t<meta name=\"twitter:data2\" content=\"1 minute\" \/>\n<script type=\"application\/ld+json\" class=\"yoast-schema-graph\">{\"@context\":\"https:\\\/\\\/schema.org\",\"@graph\":[{\"@type\":\"NewsArticle\",\"@id\":\"https:\\\/\\\/www.retaildetail.be\\\/fr\\\/news\\\/beaute-soins\\\/sephora-annonce-louverture-de-son-quatrieme-magasin-en-belgique\\\/#article\",\"isPartOf\":{\"@id\":\"https:\\\/\\\/www.retaildetail.be\\\/fr\\\/news\\\/beaute-soins\\\/sephora-annonce-louverture-de-son-quatrieme-magasin-en-belgique\\\/\"},\"author\":{\"name\":\"Stefan Van Rompaey\",\"@id\":\"https:\\\/\\\/www.retaildetail.be\\\/nl\\\/#\\\/schema\\\/person\\\/51aec6069c4416aa2f68b2e4ff3455df\"},\"headline\":\"Sephora annonce l&rsquo;ouverture d&rsquo;un quatri\u00e8me magasin en Belgique\",\"datePublished\":\"2026-09-03T12:31:50+00:00\",\"dateModified\":\"2026-09-03T12:31:52+00:00\",\"mainEntityOfPage\":{\"@id\":\"https:\\\/\\\/www.retaildetail.be\\\/fr\\\/news\\\/beaute-soins\\\/sephora-annonce-louverture-de-son-quatrieme-magasin-en-belgique\\\/\"},\"wordCount\":280,\"publisher\":{\"@id\":\"https:\\\/\\\/www.retaildetail.be\\\/nl\\\/#organization\"},\"image\":{\"@id\":\"https:\\\/\\\/www.retaildetail.be\\\/fr\\\/news\\\/beaute-soins\\\/sephora-annonce-louverture-de-son-quatrieme-magasin-en-belgique\\\/#primaryimage\"},\"thumbnailUrl\":\"https:\\\/\\\/www.retaildetail.be\\\/wp-content\\\/uploads\\\/2026\\\/09\\\/sephora-westland-shopping-1.jpg\",\"articleSection\":[\"Beaut\u00e9\\\/Soins\",\"Schoonheid\\\/verzorging\"],\"inLanguage\":\"fr-FR\",\"copyrightYear\":\"2026\",\"copyrightHolder\":{\"@id\":\"https:\\\/\\\/www.retaildetail.be\\\/#organization\"}},{\"@type\":\"WebPage\",\"@id\":\"https:\\\/\\\/www.retaildetail.be\\\/fr\\\/news\\\/beaute-soins\\\/sephora-annonce-louverture-de-son-quatrieme-magasin-en-belgique\\\/\",\"url\":\"https:\\\/\\\/www.retaildetail.be\\\/fr\\\/news\\\/beaute-soins\\\/sephora-annonce-louverture-de-son-quatrieme-magasin-en-belgique\\\/\",\"name\":\"Sephora annonce l'ouverture d'un quatri\u00e8me magasin en Belgique - RetailDetail BE\",\"isPartOf\":{\"@id\":\"https:\\\/\\\/www.retaildetail.be\\\/nl\\\/#website\"},\"primaryImageOfPage\":{\"@id\":\"https:\\\/\\\/www.retaildetail.be\\\/fr\\\/news\\\/beaute-soins\\\/sephora-annonce-louverture-de-son-quatrieme-magasin-en-belgique\\\/#primaryimage\"},\"image\":{\"@id\":\"https:\\\/\\\/www.retaildetail.be\\\/fr\\\/news\\\/beaute-soins\\\/sephora-annonce-louverture-de-son-quatrieme-magasin-en-belgique\\\/#primaryimage\"},\"thumbnailUrl\":\"https:\\\/\\\/www.retaildetail.be\\\/wp-content\\\/uploads\\\/2026\\\/09\\\/sephora-westland-shopping-1.jpg\",\"datePublished\":\"2026-09-03T12:31:50+00:00\",\"dateModified\":\"2026-09-03T12:31:52+00:00\",\"description\":\"La cha\u00eene fran\u00e7aise de cosm\u00e9tiques Sephora poursuit son expansion en Belgique. Apr\u00e8s des ouvertures dans les centres commerciaux bruxellois Docks Bruxsel et City2, c'est d\u00e9sormais Westland Shopping qui est au programme. Une ouverture \u00e0 Li\u00e8ge avait d\u00e9j\u00e0 \u00e9t\u00e9 annonc\u00e9e auparavant.\",\"breadcrumb\":{\"@id\":\"https:\\\/\\\/www.retaildetail.be\\\/fr\\\/news\\\/beaute-soins\\\/sephora-annonce-louverture-de-son-quatrieme-magasin-en-belgique\\\/#breadcrumb\"},\"inLanguage\":\"fr-FR\",\"potentialAction\":[{\"@type\":\"ReadAction\",\"target\":[\"https:\\\/\\\/www.retaildetail.be\\\/fr\\\/news\\\/beaute-soins\\\/sephora-annonce-louverture-de-son-quatrieme-magasin-en-belgique\\\/\"]}]},{\"@type\":\"ImageObject\",\"inLanguage\":\"fr-FR\",\"@id\":\"https:\\\/\\\/www.retaildetail.be\\\/fr\\\/news\\\/beaute-soins\\\/sephora-annonce-louverture-de-son-quatrieme-magasin-en-belgique\\\/#primaryimage\",\"url\":\"https:\\\/\\\/www.retaildetail.be\\\/wp-content\\\/uploads\\\/2026\\\/09\\\/sephora-westland-shopping-1.jpg\",\"contentUrl\":\"https:\\\/\\\/www.retaildetail.be\\\/wp-content\\\/uploads\\\/2026\\\/09\\\/sephora-westland-shopping-1.jpg\",\"width\":961,\"height\":681,\"caption\":\"Westland Shopping\"},{\"@type\":\"BreadcrumbList\",\"@id\":\"https:\\\/\\\/www.retaildetail.be\\\/fr\\\/news\\\/beaute-soins\\\/sephora-annonce-louverture-de-son-quatrieme-magasin-en-belgique\\\/#breadcrumb\",\"itemListElement\":[{\"@type\":\"ListItem\",\"position\":1,\"name\":\"Home\",\"item\":\"https:\\\/\\\/www.retaildetail.be\\\/fr\\\/\"},{\"@type\":\"ListItem\",\"position\":2,\"name\":\"Sephora annonce l&#8217;ouverture d&#8217;un quatri\u00e8me magasin en Belgique\"}]},{\"@type\":\"WebSite\",\"@id\":\"https:\\\/\\\/www.retaildetail.be\\\/nl\\\/#website\",\"url\":\"https:\\\/\\\/www.retaildetail.be\\\/nl\\\/\",\"name\":\"RetailDetail BE\",\"description\":\"News\",\"publisher\":{\"@id\":\"https:\\\/\\\/www.retaildetail.be\\\/nl\\\/#organization\"},\"potentialAction\":[{\"@type\":\"SearchAction\",\"target\":{\"@type\":\"EntryPoint\",\"urlTemplate\":\"https:\\\/\\\/www.retaildetail.be\\\/nl\\\/?s={search_term_string}\"},\"query-input\":{\"@type\":\"PropertyValueSpecification\",\"valueRequired\":true,\"valueName\":\"search_term_string\"}}],\"inLanguage\":\"fr-FR\"},{\"@type\":\"Organization\",\"@id\":\"https:\\\/\\\/www.retaildetail.be\\\/nl\\\/#organization\",\"name\":\"RetailDetail BE\",\"url\":\"https:\\\/\\\/www.retaildetail.be\\\/nl\\\/\",\"logo\":{\"@type\":\"ImageObject\",\"inLanguage\":\"fr-FR\",\"@id\":\"https:\\\/\\\/www.retaildetail.be\\\/nl\\\/#\\\/schema\\\/logo\\\/image\\\/\",\"url\":\"https:\\\/\\\/www.retaildetail.be\\\/wp-content\\\/uploads\\\/2022\\\/04\\\/logo.svg\",\"contentUrl\":\"https:\\\/\\\/www.retaildetail.be\\\/wp-content\\\/uploads\\\/2022\\\/04\\\/logo.svg\",\"width\":131,\"height\":70,\"caption\":\"RetailDetail BE\"},\"image\":{\"@id\":\"https:\\\/\\\/www.retaildetail.be\\\/nl\\\/#\\\/schema\\\/logo\\\/image\\\/\"}},{\"@type\":\"Person\",\"@id\":\"https:\\\/\\\/www.retaildetail.be\\\/nl\\\/#\\\/schema\\\/person\\\/51aec6069c4416aa2f68b2e4ff3455df\",\"name\":\"Stefan Van Rompaey\",\"image\":{\"@type\":\"ImageObject\",\"inLanguage\":\"fr-FR\",\"@id\":\"https:\\\/\\\/secure.gravatar.com\\\/avatar\\\/fbbb4a80a0f109888b2a5ab8ae255617499ecde533749b3ab2fa6c23b5d65dac?s=96&d=mm&r=g\",\"url\":\"https:\\\/\\\/secure.gravatar.com\\\/avatar\\\/fbbb4a80a0f109888b2a5ab8ae255617499ecde533749b3ab2fa6c23b5d65dac?s=96&d=mm&r=g\",\"contentUrl\":\"https:\\\/\\\/secure.gravatar.com\\\/avatar\\\/fbbb4a80a0f109888b2a5ab8ae255617499ecde533749b3ab2fa6c23b5d65dac?s=96&d=mm&r=g\",\"caption\":\"Stefan Van Rompaey\"},\"url\":\"https:\\\/\\\/www.retaildetail.be\\\/fr\\\/author\\\/stefanvanrompaey\\\/\"}]}<\/script>\n<!-- \/ Yoast SEO plugin. -->","yoast_head_json":{"title":"Sephora annonce l'ouverture d'un quatri\u00e8me magasin en Belgique - RetailDetail BE","description":"La cha\u00eene fran\u00e7aise de cosm\u00e9tiques Sephora poursuit son expansion en Belgique. Apr\u00e8s des ouvertures dans les centres commerciaux bruxellois Docks Bruxsel et City2, c'est d\u00e9sormais Westland Shopping qui est au programme. Une ouverture \u00e0 Li\u00e8ge avait d\u00e9j\u00e0 \u00e9t\u00e9 annonc\u00e9e auparavant.","robots":{"index":"index","follow":"follow","max-snippet":"max-snippet:-1","max-image-preview":"max-image-preview:large","max-video-preview":"max-video-preview:-1"},"canonical":"https:\/\/www.retaildetail.be\/fr\/news\/beaute-soins\/sephora-annonce-louverture-de-son-quatrieme-magasin-en-belgique\/","og_locale":"fr_FR","og_type":"article","og_title":"Sephora annonce l'ouverture d'un quatri\u00e8me magasin en Belgique - RetailDetail BE","og_description":"La cha\u00eene fran\u00e7aise de cosm\u00e9tiques Sephora poursuit son expansion en Belgique. Apr\u00e8s des ouvertures dans les centres commerciaux bruxellois Docks Bruxsel et City2, c'est d\u00e9sormais Westland Shopping qui est au programme. Une ouverture \u00e0 Li\u00e8ge avait d\u00e9j\u00e0 \u00e9t\u00e9 annonc\u00e9e auparavant.","og_url":"https:\/\/www.retaildetail.be\/fr\/news\/beaute-soins\/sephora-annonce-louverture-de-son-quatrieme-magasin-en-belgique\/","og_site_name":"RetailDetail BE","article_published_time":"2026-09-03T12:31:50+00:00","article_modified_time":"2026-09-03T12:31:52+00:00","og_image":[{"width":961,"height":681,"url":"https:\/\/www.retaildetail.be\/wp-content\/uploads\/2026\/09\/sephora-westland-shopping-1.jpg","type":"image\/jpeg"}],"author":"Stefan Van Rompaey","twitter_card":"summary_large_image","twitter_misc":{"\u00c9crit par":"Stefan Van Rompaey","Dur\u00e9e de lecture estim\u00e9e":"1 minute"},"schema":{"@context":"https:\/\/schema.org","@graph":[{"@type":"NewsArticle","@id":"https:\/\/www.retaildetail.be\/fr\/news\/beaute-soins\/sephora-annonce-louverture-de-son-quatrieme-magasin-en-belgique\/#article","isPartOf":{"@id":"https:\/\/www.retaildetail.be\/fr\/news\/beaute-soins\/sephora-annonce-louverture-de-son-quatrieme-magasin-en-belgique\/"},"author":{"name":"Stefan Van Rompaey","@id":"https:\/\/www.retaildetail.be\/nl\/#\/schema\/person\/51aec6069c4416aa2f68b2e4ff3455df"},"headline":"Sephora annonce l&rsquo;ouverture d&rsquo;un quatri\u00e8me magasin en Belgique","datePublished":"2026-09-03T12:31:50+00:00","dateModified":"2026-09-03T12:31:52+00:00","mainEntityOfPage":{"@id":"https:\/\/www.retaildetail.be\/fr\/news\/beaute-soins\/sephora-annonce-louverture-de-son-quatrieme-magasin-en-belgique\/"},"wordCount":280,"publisher":{"@id":"https:\/\/www.retaildetail.be\/nl\/#organization"},"image":{"@id":"https:\/\/www.retaildetail.be\/fr\/news\/beaute-soins\/sephora-annonce-louverture-de-son-quatrieme-magasin-en-belgique\/#primaryimage"},"thumbnailUrl":"https:\/\/www.retaildetail.be\/wp-content\/uploads\/2026\/09\/sephora-westland-shopping-1.jpg","articleSection":["Beaut\u00e9\/Soins","Schoonheid\/verzorging"],"inLanguage":"fr-FR","copyrightYear":"2026","copyrightHolder":{"@id":"https:\/\/www.retaildetail.be\/#organization"}},{"@type":"WebPage","@id":"https:\/\/www.retaildetail.be\/fr\/news\/beaute-soins\/sephora-annonce-louverture-de-son-quatrieme-magasin-en-belgique\/","url":"https:\/\/www.retaildetail.be\/fr\/news\/beaute-soins\/sephora-annonce-louverture-de-son-quatrieme-magasin-en-belgique\/","name":"Sephora annonce l'ouverture d'un quatri\u00e8me magasin en Belgique - RetailDetail BE","isPartOf":{"@id":"https:\/\/www.retaildetail.be\/nl\/#website"},"primaryImageOfPage":{"@id":"https:\/\/www.retaildetail.be\/fr\/news\/beaute-soins\/sephora-annonce-louverture-de-son-quatrieme-magasin-en-belgique\/#primaryimage"},"image":{"@id":"https:\/\/www.retaildetail.be\/fr\/news\/beaute-soins\/sephora-annonce-louverture-de-son-quatrieme-magasin-en-belgique\/#primaryimage"},"thumbnailUrl":"https:\/\/www.retaildetail.be\/wp-content\/uploads\/2026\/09\/sephora-westland-shopping-1.jpg","datePublished":"2026-09-03T12:31:50+00:00","dateModified":"2026-09-03T12:31:52+00:00","description":"La cha\u00eene fran\u00e7aise de cosm\u00e9tiques Sephora poursuit son expansion en Belgique. Apr\u00e8s des ouvertures dans les centres commerciaux bruxellois Docks Bruxsel et City2, c'est d\u00e9sormais Westland Shopping qui est au programme. Une ouverture \u00e0 Li\u00e8ge avait d\u00e9j\u00e0 \u00e9t\u00e9 annonc\u00e9e auparavant.","breadcrumb":{"@id":"https:\/\/www.retaildetail.be\/fr\/news\/beaute-soins\/sephora-annonce-louverture-de-son-quatrieme-magasin-en-belgique\/#breadcrumb"},"inLanguage":"fr-FR","potentialAction":[{"@type":"ReadAction","target":["https:\/\/www.retaildetail.be\/fr\/news\/beaute-soins\/sephora-annonce-louverture-de-son-quatrieme-magasin-en-belgique\/"]}]},{"@type":"ImageObject","inLanguage":"fr-FR","@id":"https:\/\/www.retaildetail.be\/fr\/news\/beaute-soins\/sephora-annonce-louverture-de-son-quatrieme-magasin-en-belgique\/#primaryimage","url":"https:\/\/www.retaildetail.be\/wp-content\/uploads\/2026\/09\/sephora-westland-shopping-1.jpg","contentUrl":"https:\/\/www.retaildetail.be\/wp-content\/uploads\/2026\/09\/sephora-westland-shopping-1.jpg","width":961,"height":681,"caption":"Westland Shopping"},{"@type":"BreadcrumbList","@id":"https:\/\/www.retaildetail.be\/fr\/news\/beaute-soins\/sephora-annonce-louverture-de-son-quatrieme-magasin-en-belgique\/#breadcrumb","itemListElement":[{"@type":"ListItem","position":1,"name":"Home","item":"https:\/\/www.retaildetail.be\/fr\/"},{"@type":"ListItem","position":2,"name":"Sephora annonce l&#8217;ouverture d&#8217;un quatri\u00e8me magasin en Belgique"}]},{"@type":"WebSite","@id":"https:\/\/www.retaildetail.be\/nl\/#website","url":"https:\/\/www.retaildetail.be\/nl\/","name":"RetailDetail BE","description":"News","publisher":{"@id":"https:\/\/www.retaildetail.be\/nl\/#organization"},"potentialAction":[{"@type":"SearchAction","target":{"@type":"EntryPoint","urlTemplate":"https:\/\/www.retaildetail.be\/nl\/?s={search_term_string}"},"query-input":{"@type":"PropertyValueSpecification","valueRequired":true,"valueName":"search_term_string"}}],"inLanguage":"fr-FR"},{"@type":"Organization","@id":"https:\/\/www.retaildetail.be\/nl\/#organization","name":"RetailDetail BE","url":"https:\/\/www.retaildetail.be\/nl\/","logo":{"@type":"ImageObject","inLanguage":"fr-FR","@id":"https:\/\/www.retaildetail.be\/nl\/#\/schema\/logo\/image\/","url":"https:\/\/www.retaildetail.be\/wp-content\/uploads\/2022\/04\/logo.svg","contentUrl":"https:\/\/www.retaildetail.be\/wp-content\/uploads\/2022\/04\/logo.svg","width":131,"height":70,"caption":"RetailDetail BE"},"image":{"@id":"https:\/\/www.retaildetail.be\/nl\/#\/schema\/logo\/image\/"}},{"@type":"Person","@id":"https:\/\/www.retaildetail.be\/nl\/#\/schema\/person\/51aec6069c4416aa2f68b2e4ff3455df","name":"Stefan Van Rompaey","image":{"@type":"ImageObject","inLanguage":"fr-FR","@id":"https:\/\/secure.gravatar.com\/avatar\/fbbb4a80a0f109888b2a5ab8ae255617499ecde533749b3ab2fa6c23b5d65dac?s=96&d=mm&r=g","url":"https:\/\/secure.gravatar.com\/avatar\/fbbb4a80a0f109888b2a5ab8ae255617499ecde533749b3ab2fa6c23b5d65dac?s=96&d=mm&r=g","contentUrl":"https:\/\/secure.gravatar.com\/avatar\/fbbb4a80a0f109888b2a5ab8ae255617499ecde533749b3ab2fa6c23b5d65dac?s=96&d=mm&r=g","caption":"Stefan Van Rompaey"},"url":"https:\/\/www.retaildetail.be\/fr\/author\/stefanvanrompaey\/"}]}},"jetpack_featured_media_url":"https:\/\/www.retaildetail.be\/wp-content\/uploads\/2026\/09\/sephora-westland-shopping-1.jpg","jetpack_sharing_enabled":true,"_links":{"self":[{"href":"https:\/\/www.retaildetail.be\/fr\/wp-json\/wp\/v2\/posts\/154640","targetHints":{"allow":["GET"]}}],"collection":[{"href":"https:\/\/www.retaildetail.be\/fr\/wp-json\/wp\/v2\/posts"}],"about":[{"href":"https:\/\/www.retaildetail.be\/fr\/wp-json\/wp\/v2\/types\/post"}],"author":[{"embeddable":true,"href":"https:\/\/www.retaildetail.be\/fr\/wp-json\/wp\/v2\/users\/3"}],"replies":[{"embeddable":true,"href":"https:\/\/www.retaildetail.be\/fr\/wp-json\/wp\/v2\/comments?post=154640"}],"version-history":[{"count":1,"href":"https:\/\/www.retaildetail.be\/fr\/wp-json\/wp\/v2\/posts\/154640\/revisions"}],"predecessor-version":[{"id":154642,"href":"https:\/\/www.retaildetail.be\/fr\/wp-json\/wp\/v2\/posts\/154640\/revisions\/154642"}],"wp:featuredmedia":[{"embeddable":true,"href":"https:\/\/www.retaildetail.be\/fr\/wp-json\/wp\/v2\/media\/154641"}],"wp:attachment":[{"href":"https:\/\/www.retaildetail.be\/fr\/wp-json\/wp\/v2\/media?parent=154640"}],"wp:term":[{"taxonomy":"category","embeddable":true,"href":"https:\/\/www.retaildetail.be\/fr\/wp-json\/wp\/v2\/categories?post=154640"},{"taxonomy":"post_tag","embeddable":true,"href":"https:\/\/www.retaildetail.be\/fr\/wp-json\/wp\/v2\/tags?post=154640"},{"taxonomy":"people","embeddable":true,"href":"https:\/\/www.retaildetail.be\/fr\/wp-json\/wp\/v2\/people?post=154640"},{"taxonomy":"extra","embeddable":true,"href":"https:\/\/www.retaildetail.be\/fr\/wp-json\/wp\/v2\/extra?post=154640"},{"taxonomy":"company","embeddable":true,"href":"https:\/\/www.retaildetail.be\/fr\/wp-json\/wp\/v2\/company?post=154640"},{"taxonomy":"topic","embeddable":true,"href":"https:\/\/www.retaildetail.be\/fr\/wp-json\/wp\/v2\/topic?post=154640"},{"taxonomy":"region","embeddable":true,"href":"https:\/\/www.retaildetail.be\/fr\/wp-json\/wp\/v2\/region?post=154640"}],"curies":[{"name":"wp","href":"https:\/\/api.w.org\/{rel}","templated":true}]}}