{"id":154666,"date":"2026-09-03T16:17:02","date_gmt":"2026-09-03T14:17:02","guid":{"rendered":"https:\/\/www.retaildetail.be\/?p=154666"},"modified":"2026-09-03T16:17:03","modified_gmt":"2026-09-03T14:17:03","slug":"la-baisse-des-ventes-de-calvin-klein-pese-sur-pvh","status":"publish","type":"post","link":"https:\/\/www.retaildetail.be\/fr\/news\/mode\/la-baisse-des-ventes-de-calvin-klein-pese-sur-pvh\/","title":{"rendered":"La baisse des ventes de Calvin Klein p\u00e8se sur PVH"},"content":{"rendered":"\n<p class=\"wp-block-paragraph\">Au deuxi\u00e8me trimestre, <strong>PVH<\/strong> a vu<strong> <\/strong>son chiffre d&rsquo;affaires reculer de 3 % pour s&rsquo;\u00e9tablir \u00e0 2,1 milliards de dollars (environ 1,78 milliard d&rsquo;euros). C&rsquo;est surtout <strong>Calvin Klein<\/strong> qui a pes\u00e9 sur ce r\u00e9sultat, tandis que <strong>Tommy Hilfiger<\/strong> est rest\u00e9 stable. Le groupe de mode confirme d\u00e9sormais ses pr\u00e9visions d&rsquo;un chiffre d&rsquo;affaires annuel pratiquement stable.<\/p>\n\n\n\n<h2 class=\"wp-block-heading\">Diff\u00e9rences r\u00e9gionales<\/h2>\n\n\n\n<p class=\"wp-block-paragraph\">Calvin Klein a enregistr\u00e9 une baisse de son chiffre d&rsquo;affaires de 7 %, dont 4 % \u00e9taient toutefois li\u00e9s au calendrier des livraisons aux grossistes en Am\u00e9rique du Nord et du Sud. Chez Tommy Hilfiger, l&rsquo;\u00e9volution du chiffre d&rsquo;affaires est rest\u00e9e inchang\u00e9e.<\/p>\n\n\n\n<p class=\"wp-block-paragraph\">La r\u00e9gion EMEA a vu son chiffre d\u2019affaires reculer de 6 %. PVH attribue cette baisse \u00e0 une faible demande des consommateurs due aux r\u00e9percussions persistantes du conflit au Moyen-Orient et \u00e0 l\u2019impact macro\u00e9conomique plus large. En Am\u00e9rique, le chiffre d\u2019affaires a baiss\u00e9 de 1 % : la croissance des ventes directes aux consommateurs y a partiellement compens\u00e9 le recul des ventes en gros.<\/p>\n\n\n\n<p class=\"wp-block-paragraph\">L&rsquo;APAC a \u00e9t\u00e9 la seule r\u00e9gion \u00e0 afficher une croissance, avec une hausse de 3 %. Sur les trois mois clos le 2 ao\u00fbt, la soci\u00e9t\u00e9 a enregistr\u00e9 une perte nette de 102,9 millions de dollars (87,5 millions d&rsquo;euros), contre un b\u00e9n\u00e9fice net de 224,2 millions de dollars un an plus t\u00f4t.<\/p>\n\n\n\n<h2 class=\"wp-block-heading\">Des r\u00e9sultats sup\u00e9rieurs aux pr\u00e9visions<\/h2>\n\n\n\n<p class=\"wp-block-paragraph\">Le PDG Stefan Larsson se montre n\u00e9anmoins satisfait : \u00ab Au deuxi\u00e8me trimestre, nous avons r\u00e9alis\u00e9 un chiffre d\u2019affaires conforme \u00e0 nos pr\u00e9visions et une rentabilit\u00e9 sup\u00e9rieure aux attentes. \u00bb Il ajoute que le commerce \u00e9lectronique a progress\u00e9 pour les deux marques, avec notamment de fortes hausses du trafic en ligne. <\/p>\n\n\n\n<p class=\"wp-block-paragraph\">\u00ab Pour les deux marques, nous constatons une dynamique pr\u00e9coce pour la nouvelle saison d\u2019automne, avec une r\u00e9action tr\u00e8s positive des consommateurs \u00e0 nos campagnes r\u00e9cemment lanc\u00e9es avec Tate McRae pour Calvin Klein et Travis Kelce pour Tommy Hilfiger \u00bb, a encore d\u00e9clar\u00e9 Larsson. Pour l\u2019ensemble de l\u2019exercice, PVH pr\u00e9voit de rattraper cette baisse de chiffre d\u2019affaires. Le groupe maintient donc ses pr\u00e9visions d\u2019un chiffre d\u2019affaires globalement stable sur une base d\u00e9clar\u00e9e.<\/p>\n","protected":false},"excerpt":{"rendered":"<p>Au deuxi\u00e8me trimestre, PVH a vu son chiffre d&rsquo;affaires reculer de 3 % pour s&rsquo;\u00e9tablir \u00e0 2,1 milliards de dollars (environ 1,78 milliard d&rsquo;euros). C&rsquo;est surtout Calvin Klein qui a pes\u00e9 sur ce r\u00e9sultat, tandis que Tommy Hilfiger est rest\u00e9 stable. Le groupe de mode confirme d\u00e9sormais ses pr\u00e9visions d&rsquo;un chiffre d&rsquo;affaires annuel pratiquement stable.<\/p>\n","protected":false},"author":5,"featured_media":154667,"comment_status":"closed","ping_status":"closed","sticky":false,"template":"","format":"standard","meta":{"_acf_changed":false,"inline_featured_image":false,"_jetpack_newsletter_access":"","_jetpack_dont_email_post_to_subs":false,"_jetpack_newsletter_tier_id":0,"_jetpack_memberships_contains_paywalled_content":false,"_jetpack_memberships_contains_paid_content":false,"footnotes":""},"categories":[14,22],"tags":[],"people":[],"extra":[43],"company":[1997,1996,1745,946],"topic":[266],"region":[],"class_list":["post-154666","post","type-post","status-publish","format-standard","has-post-thumbnail","hentry","category-mode","extra-plus","company-calvin-klein","company-phv-corp","company-pvh","company-tommy-hilfiger","topic-resultats-financiers"],"acf":[],"yoast_head":"<!-- This site is optimized with the Yoast SEO plugin v28.1 - https:\/\/yoast.com\/product\/yoast-seo-wordpress\/ -->\n<title>La baisse des ventes de Calvin Klein p\u00e8se sur PVH - RetailDetail BE<\/title>\n<meta name=\"robots\" content=\"index, follow, max-snippet:-1, max-image-preview:large, max-video-preview:-1\" \/>\n<link rel=\"canonical\" href=\"https:\/\/www.retaildetail.be\/fr\/news\/mode\/la-baisse-des-ventes-de-calvin-klein-pese-sur-pvh\/\" \/>\n<meta property=\"og:locale\" content=\"fr_FR\" \/>\n<meta property=\"og:type\" content=\"article\" \/>\n<meta property=\"og:title\" content=\"La baisse des ventes de Calvin Klein p\u00e8se sur PVH - RetailDetail BE\" \/>\n<meta property=\"og:description\" content=\"Au deuxi\u00e8me trimestre, PVH a vu son chiffre d&#039;affaires reculer de 3 % pour s&#039;\u00e9tablir \u00e0 2,1 milliards de dollars (environ 1,78 milliard d&#039;euros). C&#039;est surtout Calvin Klein qui a pes\u00e9 sur ce r\u00e9sultat, tandis que Tommy Hilfiger est rest\u00e9 stable. Le groupe de mode confirme d\u00e9sormais ses pr\u00e9visions d&#039;un chiffre d&#039;affaires annuel pratiquement stable.\" \/>\n<meta property=\"og:url\" content=\"https:\/\/www.retaildetail.be\/fr\/news\/mode\/la-baisse-des-ventes-de-calvin-klein-pese-sur-pvh\/\" \/>\n<meta property=\"og:site_name\" content=\"RetailDetail BE\" \/>\n<meta property=\"article:published_time\" content=\"2026-09-03T14:17:02+00:00\" \/>\n<meta property=\"article:modified_time\" content=\"2026-09-03T14:17:03+00:00\" \/>\n<meta property=\"og:image\" content=\"https:\/\/www.retaildetail.be\/wp-content\/uploads\/2026\/09\/shutterstock_calvin-klein-1.jpg\" \/>\n\t<meta property=\"og:image:width\" content=\"1000\" \/>\n\t<meta property=\"og:image:height\" content=\"667\" \/>\n\t<meta property=\"og:image:type\" content=\"image\/jpeg\" \/>\n<meta name=\"author\" content=\"Pauline Neerman\" \/>\n<meta name=\"twitter:card\" content=\"summary_large_image\" \/>\n<meta name=\"twitter:label1\" content=\"\u00c9crit par\" \/>\n\t<meta name=\"twitter:data1\" content=\"Pauline Neerman\" \/>\n\t<meta name=\"twitter:label2\" content=\"Dur\u00e9e de lecture estim\u00e9e\" \/>\n\t<meta name=\"twitter:data2\" content=\"2 minutes\" \/>\n<script type=\"application\/ld+json\" class=\"yoast-schema-graph\">{\"@context\":\"https:\\\/\\\/schema.org\",\"@graph\":[{\"@type\":\"NewsArticle\",\"@id\":\"https:\\\/\\\/www.retaildetail.be\\\/fr\\\/news\\\/mode\\\/la-baisse-des-ventes-de-calvin-klein-pese-sur-pvh\\\/#article\",\"isPartOf\":{\"@id\":\"https:\\\/\\\/www.retaildetail.be\\\/fr\\\/news\\\/mode\\\/la-baisse-des-ventes-de-calvin-klein-pese-sur-pvh\\\/\"},\"author\":{\"name\":\"Pauline Neerman\",\"@id\":\"https:\\\/\\\/www.retaildetail.be\\\/nl\\\/#\\\/schema\\\/person\\\/66b54803fa10759039079458ea89e307\"},\"headline\":\"La baisse des ventes de Calvin Klein p\u00e8se sur PVH\",\"datePublished\":\"2026-09-03T14:17:02+00:00\",\"dateModified\":\"2026-09-03T14:17:03+00:00\",\"mainEntityOfPage\":{\"@id\":\"https:\\\/\\\/www.retaildetail.be\\\/fr\\\/news\\\/mode\\\/la-baisse-des-ventes-de-calvin-klein-pese-sur-pvh\\\/\"},\"wordCount\":383,\"publisher\":{\"@id\":\"https:\\\/\\\/www.retaildetail.be\\\/nl\\\/#organization\"},\"image\":{\"@id\":\"https:\\\/\\\/www.retaildetail.be\\\/fr\\\/news\\\/mode\\\/la-baisse-des-ventes-de-calvin-klein-pese-sur-pvh\\\/#primaryimage\"},\"thumbnailUrl\":\"https:\\\/\\\/www.retaildetail.be\\\/wp-content\\\/uploads\\\/2026\\\/09\\\/shutterstock_calvin-klein-1.jpg\",\"articleSection\":[\"Mode\",\"Mode\"],\"inLanguage\":\"fr-FR\",\"copyrightYear\":\"2026\",\"copyrightHolder\":{\"@id\":\"https:\\\/\\\/www.retaildetail.be\\\/#organization\"}},{\"@type\":\"WebPage\",\"@id\":\"https:\\\/\\\/www.retaildetail.be\\\/fr\\\/news\\\/mode\\\/la-baisse-des-ventes-de-calvin-klein-pese-sur-pvh\\\/\",\"url\":\"https:\\\/\\\/www.retaildetail.be\\\/fr\\\/news\\\/mode\\\/la-baisse-des-ventes-de-calvin-klein-pese-sur-pvh\\\/\",\"name\":\"La baisse des ventes de Calvin Klein p\u00e8se sur PVH - RetailDetail BE\",\"isPartOf\":{\"@id\":\"https:\\\/\\\/www.retaildetail.be\\\/nl\\\/#website\"},\"primaryImageOfPage\":{\"@id\":\"https:\\\/\\\/www.retaildetail.be\\\/fr\\\/news\\\/mode\\\/la-baisse-des-ventes-de-calvin-klein-pese-sur-pvh\\\/#primaryimage\"},\"image\":{\"@id\":\"https:\\\/\\\/www.retaildetail.be\\\/fr\\\/news\\\/mode\\\/la-baisse-des-ventes-de-calvin-klein-pese-sur-pvh\\\/#primaryimage\"},\"thumbnailUrl\":\"https:\\\/\\\/www.retaildetail.be\\\/wp-content\\\/uploads\\\/2026\\\/09\\\/shutterstock_calvin-klein-1.jpg\",\"datePublished\":\"2026-09-03T14:17:02+00:00\",\"dateModified\":\"2026-09-03T14:17:03+00:00\",\"breadcrumb\":{\"@id\":\"https:\\\/\\\/www.retaildetail.be\\\/fr\\\/news\\\/mode\\\/la-baisse-des-ventes-de-calvin-klein-pese-sur-pvh\\\/#breadcrumb\"},\"inLanguage\":\"fr-FR\",\"potentialAction\":[{\"@type\":\"ReadAction\",\"target\":[\"https:\\\/\\\/www.retaildetail.be\\\/fr\\\/news\\\/mode\\\/la-baisse-des-ventes-de-calvin-klein-pese-sur-pvh\\\/\"]}]},{\"@type\":\"ImageObject\",\"inLanguage\":\"fr-FR\",\"@id\":\"https:\\\/\\\/www.retaildetail.be\\\/fr\\\/news\\\/mode\\\/la-baisse-des-ventes-de-calvin-klein-pese-sur-pvh\\\/#primaryimage\",\"url\":\"https:\\\/\\\/www.retaildetail.be\\\/wp-content\\\/uploads\\\/2026\\\/09\\\/shutterstock_calvin-klein-1.jpg\",\"contentUrl\":\"https:\\\/\\\/www.retaildetail.be\\\/wp-content\\\/uploads\\\/2026\\\/09\\\/shutterstock_calvin-klein-1.jpg\",\"width\":1000,\"height\":667},{\"@type\":\"BreadcrumbList\",\"@id\":\"https:\\\/\\\/www.retaildetail.be\\\/fr\\\/news\\\/mode\\\/la-baisse-des-ventes-de-calvin-klein-pese-sur-pvh\\\/#breadcrumb\",\"itemListElement\":[{\"@type\":\"ListItem\",\"position\":1,\"name\":\"Home\",\"item\":\"https:\\\/\\\/www.retaildetail.be\\\/fr\\\/\"},{\"@type\":\"ListItem\",\"position\":2,\"name\":\"La baisse des ventes de Calvin Klein p\u00e8se sur PVH\"}]},{\"@type\":\"WebSite\",\"@id\":\"https:\\\/\\\/www.retaildetail.be\\\/nl\\\/#website\",\"url\":\"https:\\\/\\\/www.retaildetail.be\\\/nl\\\/\",\"name\":\"RetailDetail BE\",\"description\":\"News\",\"publisher\":{\"@id\":\"https:\\\/\\\/www.retaildetail.be\\\/nl\\\/#organization\"},\"potentialAction\":[{\"@type\":\"SearchAction\",\"target\":{\"@type\":\"EntryPoint\",\"urlTemplate\":\"https:\\\/\\\/www.retaildetail.be\\\/nl\\\/?s={search_term_string}\"},\"query-input\":{\"@type\":\"PropertyValueSpecification\",\"valueRequired\":true,\"valueName\":\"search_term_string\"}}],\"inLanguage\":\"fr-FR\"},{\"@type\":\"Organization\",\"@id\":\"https:\\\/\\\/www.retaildetail.be\\\/nl\\\/#organization\",\"name\":\"RetailDetail BE\",\"url\":\"https:\\\/\\\/www.retaildetail.be\\\/nl\\\/\",\"logo\":{\"@type\":\"ImageObject\",\"inLanguage\":\"fr-FR\",\"@id\":\"https:\\\/\\\/www.retaildetail.be\\\/nl\\\/#\\\/schema\\\/logo\\\/image\\\/\",\"url\":\"https:\\\/\\\/www.retaildetail.be\\\/wp-content\\\/uploads\\\/2022\\\/04\\\/logo.svg\",\"contentUrl\":\"https:\\\/\\\/www.retaildetail.be\\\/wp-content\\\/uploads\\\/2022\\\/04\\\/logo.svg\",\"width\":131,\"height\":70,\"caption\":\"RetailDetail BE\"},\"image\":{\"@id\":\"https:\\\/\\\/www.retaildetail.be\\\/nl\\\/#\\\/schema\\\/logo\\\/image\\\/\"}},{\"@type\":\"Person\",\"@id\":\"https:\\\/\\\/www.retaildetail.be\\\/nl\\\/#\\\/schema\\\/person\\\/66b54803fa10759039079458ea89e307\",\"name\":\"Pauline Neerman\",\"image\":{\"@type\":\"ImageObject\",\"inLanguage\":\"fr-FR\",\"@id\":\"https:\\\/\\\/secure.gravatar.com\\\/avatar\\\/58db22aee589a691f9603e5765ac06010427a923f9b2728b951eb7fe27214d70?s=96&d=mm&r=g\",\"url\":\"https:\\\/\\\/secure.gravatar.com\\\/avatar\\\/58db22aee589a691f9603e5765ac06010427a923f9b2728b951eb7fe27214d70?s=96&d=mm&r=g\",\"contentUrl\":\"https:\\\/\\\/secure.gravatar.com\\\/avatar\\\/58db22aee589a691f9603e5765ac06010427a923f9b2728b951eb7fe27214d70?s=96&d=mm&r=g\",\"caption\":\"Pauline Neerman\"},\"url\":\"https:\\\/\\\/www.retaildetail.be\\\/fr\\\/author\\\/paulineneerman\\\/\"}]}<\/script>\n<!-- \/ Yoast SEO plugin. -->","yoast_head_json":{"title":"La baisse des ventes de Calvin Klein p\u00e8se sur PVH - RetailDetail BE","robots":{"index":"index","follow":"follow","max-snippet":"max-snippet:-1","max-image-preview":"max-image-preview:large","max-video-preview":"max-video-preview:-1"},"canonical":"https:\/\/www.retaildetail.be\/fr\/news\/mode\/la-baisse-des-ventes-de-calvin-klein-pese-sur-pvh\/","og_locale":"fr_FR","og_type":"article","og_title":"La baisse des ventes de Calvin Klein p\u00e8se sur PVH - RetailDetail BE","og_description":"Au deuxi\u00e8me trimestre, PVH a vu son chiffre d'affaires reculer de 3 % pour s'\u00e9tablir \u00e0 2,1 milliards de dollars (environ 1,78 milliard d'euros). C'est surtout Calvin Klein qui a pes\u00e9 sur ce r\u00e9sultat, tandis que Tommy Hilfiger est rest\u00e9 stable. Le groupe de mode confirme d\u00e9sormais ses pr\u00e9visions d'un chiffre d'affaires annuel pratiquement stable.","og_url":"https:\/\/www.retaildetail.be\/fr\/news\/mode\/la-baisse-des-ventes-de-calvin-klein-pese-sur-pvh\/","og_site_name":"RetailDetail BE","article_published_time":"2026-09-03T14:17:02+00:00","article_modified_time":"2026-09-03T14:17:03+00:00","og_image":[{"width":1000,"height":667,"url":"https:\/\/www.retaildetail.be\/wp-content\/uploads\/2026\/09\/shutterstock_calvin-klein-1.jpg","type":"image\/jpeg"}],"author":"Pauline Neerman","twitter_card":"summary_large_image","twitter_misc":{"\u00c9crit par":"Pauline Neerman","Dur\u00e9e de lecture estim\u00e9e":"2 minutes"},"schema":{"@context":"https:\/\/schema.org","@graph":[{"@type":"NewsArticle","@id":"https:\/\/www.retaildetail.be\/fr\/news\/mode\/la-baisse-des-ventes-de-calvin-klein-pese-sur-pvh\/#article","isPartOf":{"@id":"https:\/\/www.retaildetail.be\/fr\/news\/mode\/la-baisse-des-ventes-de-calvin-klein-pese-sur-pvh\/"},"author":{"name":"Pauline Neerman","@id":"https:\/\/www.retaildetail.be\/nl\/#\/schema\/person\/66b54803fa10759039079458ea89e307"},"headline":"La baisse des ventes de Calvin Klein p\u00e8se sur PVH","datePublished":"2026-09-03T14:17:02+00:00","dateModified":"2026-09-03T14:17:03+00:00","mainEntityOfPage":{"@id":"https:\/\/www.retaildetail.be\/fr\/news\/mode\/la-baisse-des-ventes-de-calvin-klein-pese-sur-pvh\/"},"wordCount":383,"publisher":{"@id":"https:\/\/www.retaildetail.be\/nl\/#organization"},"image":{"@id":"https:\/\/www.retaildetail.be\/fr\/news\/mode\/la-baisse-des-ventes-de-calvin-klein-pese-sur-pvh\/#primaryimage"},"thumbnailUrl":"https:\/\/www.retaildetail.be\/wp-content\/uploads\/2026\/09\/shutterstock_calvin-klein-1.jpg","articleSection":["Mode","Mode"],"inLanguage":"fr-FR","copyrightYear":"2026","copyrightHolder":{"@id":"https:\/\/www.retaildetail.be\/#organization"}},{"@type":"WebPage","@id":"https:\/\/www.retaildetail.be\/fr\/news\/mode\/la-baisse-des-ventes-de-calvin-klein-pese-sur-pvh\/","url":"https:\/\/www.retaildetail.be\/fr\/news\/mode\/la-baisse-des-ventes-de-calvin-klein-pese-sur-pvh\/","name":"La baisse des ventes de Calvin Klein p\u00e8se sur PVH - RetailDetail BE","isPartOf":{"@id":"https:\/\/www.retaildetail.be\/nl\/#website"},"primaryImageOfPage":{"@id":"https:\/\/www.retaildetail.be\/fr\/news\/mode\/la-baisse-des-ventes-de-calvin-klein-pese-sur-pvh\/#primaryimage"},"image":{"@id":"https:\/\/www.retaildetail.be\/fr\/news\/mode\/la-baisse-des-ventes-de-calvin-klein-pese-sur-pvh\/#primaryimage"},"thumbnailUrl":"https:\/\/www.retaildetail.be\/wp-content\/uploads\/2026\/09\/shutterstock_calvin-klein-1.jpg","datePublished":"2026-09-03T14:17:02+00:00","dateModified":"2026-09-03T14:17:03+00:00","breadcrumb":{"@id":"https:\/\/www.retaildetail.be\/fr\/news\/mode\/la-baisse-des-ventes-de-calvin-klein-pese-sur-pvh\/#breadcrumb"},"inLanguage":"fr-FR","potentialAction":[{"@type":"ReadAction","target":["https:\/\/www.retaildetail.be\/fr\/news\/mode\/la-baisse-des-ventes-de-calvin-klein-pese-sur-pvh\/"]}]},{"@type":"ImageObject","inLanguage":"fr-FR","@id":"https:\/\/www.retaildetail.be\/fr\/news\/mode\/la-baisse-des-ventes-de-calvin-klein-pese-sur-pvh\/#primaryimage","url":"https:\/\/www.retaildetail.be\/wp-content\/uploads\/2026\/09\/shutterstock_calvin-klein-1.jpg","contentUrl":"https:\/\/www.retaildetail.be\/wp-content\/uploads\/2026\/09\/shutterstock_calvin-klein-1.jpg","width":1000,"height":667},{"@type":"BreadcrumbList","@id":"https:\/\/www.retaildetail.be\/fr\/news\/mode\/la-baisse-des-ventes-de-calvin-klein-pese-sur-pvh\/#breadcrumb","itemListElement":[{"@type":"ListItem","position":1,"name":"Home","item":"https:\/\/www.retaildetail.be\/fr\/"},{"@type":"ListItem","position":2,"name":"La baisse des ventes de Calvin Klein p\u00e8se sur PVH"}]},{"@type":"WebSite","@id":"https:\/\/www.retaildetail.be\/nl\/#website","url":"https:\/\/www.retaildetail.be\/nl\/","name":"RetailDetail BE","description":"News","publisher":{"@id":"https:\/\/www.retaildetail.be\/nl\/#organization"},"potentialAction":[{"@type":"SearchAction","target":{"@type":"EntryPoint","urlTemplate":"https:\/\/www.retaildetail.be\/nl\/?s={search_term_string}"},"query-input":{"@type":"PropertyValueSpecification","valueRequired":true,"valueName":"search_term_string"}}],"inLanguage":"fr-FR"},{"@type":"Organization","@id":"https:\/\/www.retaildetail.be\/nl\/#organization","name":"RetailDetail BE","url":"https:\/\/www.retaildetail.be\/nl\/","logo":{"@type":"ImageObject","inLanguage":"fr-FR","@id":"https:\/\/www.retaildetail.be\/nl\/#\/schema\/logo\/image\/","url":"https:\/\/www.retaildetail.be\/wp-content\/uploads\/2022\/04\/logo.svg","contentUrl":"https:\/\/www.retaildetail.be\/wp-content\/uploads\/2022\/04\/logo.svg","width":131,"height":70,"caption":"RetailDetail BE"},"image":{"@id":"https:\/\/www.retaildetail.be\/nl\/#\/schema\/logo\/image\/"}},{"@type":"Person","@id":"https:\/\/www.retaildetail.be\/nl\/#\/schema\/person\/66b54803fa10759039079458ea89e307","name":"Pauline Neerman","image":{"@type":"ImageObject","inLanguage":"fr-FR","@id":"https:\/\/secure.gravatar.com\/avatar\/58db22aee589a691f9603e5765ac06010427a923f9b2728b951eb7fe27214d70?s=96&d=mm&r=g","url":"https:\/\/secure.gravatar.com\/avatar\/58db22aee589a691f9603e5765ac06010427a923f9b2728b951eb7fe27214d70?s=96&d=mm&r=g","contentUrl":"https:\/\/secure.gravatar.com\/avatar\/58db22aee589a691f9603e5765ac06010427a923f9b2728b951eb7fe27214d70?s=96&d=mm&r=g","caption":"Pauline Neerman"},"url":"https:\/\/www.retaildetail.be\/fr\/author\/paulineneerman\/"}]}},"jetpack_featured_media_url":"https:\/\/www.retaildetail.be\/wp-content\/uploads\/2026\/09\/shutterstock_calvin-klein-1.jpg","jetpack_sharing_enabled":true,"_links":{"self":[{"href":"https:\/\/www.retaildetail.be\/fr\/wp-json\/wp\/v2\/posts\/154666","targetHints":{"allow":["GET"]}}],"collection":[{"href":"https:\/\/www.retaildetail.be\/fr\/wp-json\/wp\/v2\/posts"}],"about":[{"href":"https:\/\/www.retaildetail.be\/fr\/wp-json\/wp\/v2\/types\/post"}],"author":[{"embeddable":true,"href":"https:\/\/www.retaildetail.be\/fr\/wp-json\/wp\/v2\/users\/5"}],"replies":[{"embeddable":true,"href":"https:\/\/www.retaildetail.be\/fr\/wp-json\/wp\/v2\/comments?post=154666"}],"version-history":[{"count":1,"href":"https:\/\/www.retaildetail.be\/fr\/wp-json\/wp\/v2\/posts\/154666\/revisions"}],"predecessor-version":[{"id":154668,"href":"https:\/\/www.retaildetail.be\/fr\/wp-json\/wp\/v2\/posts\/154666\/revisions\/154668"}],"wp:featuredmedia":[{"embeddable":true,"href":"https:\/\/www.retaildetail.be\/fr\/wp-json\/wp\/v2\/media\/154667"}],"wp:attachment":[{"href":"https:\/\/www.retaildetail.be\/fr\/wp-json\/wp\/v2\/media?parent=154666"}],"wp:term":[{"taxonomy":"category","embeddable":true,"href":"https:\/\/www.retaildetail.be\/fr\/wp-json\/wp\/v2\/categories?post=154666"},{"taxonomy":"post_tag","embeddable":true,"href":"https:\/\/www.retaildetail.be\/fr\/wp-json\/wp\/v2\/tags?post=154666"},{"taxonomy":"people","embeddable":true,"href":"https:\/\/www.retaildetail.be\/fr\/wp-json\/wp\/v2\/people?post=154666"},{"taxonomy":"extra","embeddable":true,"href":"https:\/\/www.retaildetail.be\/fr\/wp-json\/wp\/v2\/extra?post=154666"},{"taxonomy":"company","embeddable":true,"href":"https:\/\/www.retaildetail.be\/fr\/wp-json\/wp\/v2\/company?post=154666"},{"taxonomy":"topic","embeddable":true,"href":"https:\/\/www.retaildetail.be\/fr\/wp-json\/wp\/v2\/topic?post=154666"},{"taxonomy":"region","embeddable":true,"href":"https:\/\/www.retaildetail.be\/fr\/wp-json\/wp\/v2\/region?post=154666"}],"curies":[{"name":"wp","href":"https:\/\/api.w.org\/{rel}","templated":true}]}}