{"id":154681,"date":"2026-09-04T10:10:59","date_gmt":"2026-09-04T08:10:59","guid":{"rendered":"https:\/\/www.retaildetail.be\/?p=154681"},"modified":"2026-09-04T10:11:00","modified_gmt":"2026-09-04T08:11:00","slug":"en-images-atelier-rebul-ouvre-son-premier-magasin-phare-belge-au-wijnegem-shopping-center","status":"publish","type":"post","link":"https:\/\/www.retaildetail.be\/fr\/news\/beaute-soins\/en-images-atelier-rebul-ouvre-son-premier-magasin-phare-belge-au-wijnegem-shopping-center\/","title":{"rendered":"[En Images] Atelier Rebul ouvre son premier magasin belge au Wijnegem Shopping Center"},"content":{"rendered":"\n<figure class=\"wp-block-video\"><video height=\"1080\" style=\"aspect-ratio: 1920 \/ 1080;\" width=\"1920\" controls src=\"https:\/\/www.retaildetail.be\/wp-content\/uploads\/2026\/09\/90a1ef9d34c14b50beb622d0cee43420.HD-1080p-7.2Mbps-93397720.mp4\"><\/video><\/figure>\n\n\n\n<p class=\"wp-block-paragraph\">La marque de beaut\u00e9 turque <strong>Atelier Rebul<\/strong> a inaugur\u00e9 mercredi son premier magasin phare belge au Wijnegem Shopping Center. Selon les PDG pour le Benelux, Xander Gielen et Kris Gielen, l&rsquo;affluence a d\u00e9pass\u00e9 toutes les attentes.<\/p>\n\n\n\n<h2 class=\"wp-block-heading\">\u00ab Savoir-faire, parfums et exp\u00e9rience \u00bb<\/h2>\n\n\n\n<p class=\"wp-block-paragraph\">Situ\u00e9e au rez-de-chauss\u00e9e du centre commercial et accessible par les entr\u00e9es 3 et 12, la nouvelle boutique propose l\u2019ensemble de la gamme de la marque. Celle-ci comprend des parfums, des produits de soins corporels et des parfums d\u2019ambiance. La collection Istanbul, en particulier, est l\u2019une des gammes les plus c\u00e9l\u00e8bres d\u2019Atelier Rebul.<\/p>\n\n\n\n<p class=\"wp-block-paragraph\">L\u2019inauguration a imm\u00e9diatement attir\u00e9 une foule nombreuse : d\u00e8s 8 h 30, les premiers clients faisaient la queue, soit une heure et demie avant l\u2019heure officielle d\u2019ouverture. Les deux cents premiers acheteurs ont re\u00e7u un sac cadeau d\u2019une valeur de cent euros. Gielen : \u00ab Les r\u00e9actions chaleureuses et l\u2019affluence massive montrent qu\u2019il existe clairement en Belgique une demande pour une marque qui met l\u2019accent sur le savoir-faire, les parfums et l\u2019exp\u00e9rience. Nous sommes extr\u00eamement fiers d\u2019ouvrir notre premi\u00e8re boutique belge au Wijnegem Shopping Center. \u00bb<\/p>\n\n\n\n<p class=\"wp-block-paragraph\">Atelier Rebul a vu le jour en 1895, lorsque le pharmacien fran\u00e7ais Jean C\u00e9sar Reboul a ouvert une pharmacie \u00e0 Istanbul. Forte de cette tradition, l\u2019entreprise s\u2019est d\u00e9velopp\u00e9e pour devenir une marque internationale sp\u00e9cialis\u00e9e dans les parfums et les produits de soin.<\/p>\n","protected":false},"excerpt":{"rendered":"<p>La marque de beaut\u00e9 turque Atelier Rebul a inaugur\u00e9 mercredi son premier magasin phare belge au Wijnegem Shopping Center. Selon les PDG pour le Benelux, Xander Gielen et Kris Gielen, l&rsquo;affluence a d\u00e9pass\u00e9 toutes les attentes.<\/p>\n","protected":false},"author":5,"featured_media":154682,"comment_status":"closed","ping_status":"closed","sticky":false,"template":"template-video.php","format":"standard","meta":{"_acf_changed":false,"inline_featured_image":false,"_jetpack_newsletter_access":"","_jetpack_dont_email_post_to_subs":false,"_jetpack_newsletter_tier_id":0,"_jetpack_memberships_contains_paywalled_content":false,"_jetpack_memberships_contains_paid_content":false,"footnotes":""},"categories":[27,19],"tags":[],"people":[],"extra":[],"company":[2086],"topic":[340,1262,310],"region":[561],"class_list":["post-154681","post","type-post","status-publish","format-standard","has-post-thumbnail","hentry","category-beaute-soins","category-schoonheid-verzorging","company-atelier-rebul","topic-concept-de-magasin","topic-en-images","topic-ouverture-de-magasin","region-anvers"],"acf":[],"yoast_head":"<!-- This site is optimized with the Yoast SEO plugin v28.1 - https:\/\/yoast.com\/product\/yoast-seo-wordpress\/ -->\n<title>[En Images] Atelier Rebul ouvre son premier magasin belge au Wijnegem Shopping Center - RetailDetail BE<\/title>\n<meta name=\"robots\" content=\"index, follow, max-snippet:-1, max-image-preview:large, max-video-preview:-1\" \/>\n<link rel=\"canonical\" href=\"https:\/\/www.retaildetail.be\/fr\/news\/beaute-soins\/en-images-atelier-rebul-ouvre-son-premier-magasin-phare-belge-au-wijnegem-shopping-center\/\" \/>\n<meta property=\"og:locale\" content=\"fr_FR\" \/>\n<meta property=\"og:type\" content=\"article\" \/>\n<meta property=\"og:title\" content=\"[En Images] Atelier Rebul ouvre son premier magasin belge au Wijnegem Shopping Center - RetailDetail BE\" \/>\n<meta property=\"og:description\" content=\"La marque de beaut\u00e9 turque Atelier Rebul a inaugur\u00e9 mercredi son premier magasin phare belge au Wijnegem Shopping Center. Selon les PDG pour le Benelux, Xander Gielen et Kris Gielen, l&#039;affluence a d\u00e9pass\u00e9 toutes les attentes.\" \/>\n<meta property=\"og:url\" content=\"https:\/\/www.retaildetail.be\/fr\/news\/beaute-soins\/en-images-atelier-rebul-ouvre-son-premier-magasin-phare-belge-au-wijnegem-shopping-center\/\" \/>\n<meta property=\"og:site_name\" content=\"RetailDetail BE\" \/>\n<meta property=\"article:published_time\" content=\"2026-09-04T08:10:59+00:00\" \/>\n<meta property=\"article:modified_time\" content=\"2026-09-04T08:11:00+00:00\" \/>\n<meta property=\"og:image\" content=\"https:\/\/www.retaildetail.be\/wp-content\/uploads\/2026\/09\/atelier-rebul1-1.jpg\" \/>\n\t<meta property=\"og:image:width\" content=\"1280\" \/>\n\t<meta property=\"og:image:height\" content=\"853\" \/>\n\t<meta property=\"og:image:type\" content=\"image\/jpeg\" \/>\n<meta name=\"author\" content=\"Pauline Neerman\" \/>\n<meta name=\"twitter:card\" content=\"summary_large_image\" \/>\n<meta name=\"twitter:label1\" content=\"\u00c9crit par\" \/>\n\t<meta name=\"twitter:data1\" content=\"Pauline Neerman\" \/>\n\t<meta name=\"twitter:label2\" content=\"Dur\u00e9e de lecture estim\u00e9e\" \/>\n\t<meta name=\"twitter:data2\" content=\"1 minute\" \/>\n<script type=\"application\/ld+json\" class=\"yoast-schema-graph\">{\"@context\":\"https:\\\/\\\/schema.org\",\"@graph\":[{\"@type\":\"NewsArticle\",\"@id\":\"https:\\\/\\\/www.retaildetail.be\\\/fr\\\/news\\\/beaute-soins\\\/en-images-atelier-rebul-ouvre-son-premier-magasin-phare-belge-au-wijnegem-shopping-center\\\/#article\",\"isPartOf\":{\"@id\":\"https:\\\/\\\/www.retaildetail.be\\\/fr\\\/news\\\/beaute-soins\\\/en-images-atelier-rebul-ouvre-son-premier-magasin-phare-belge-au-wijnegem-shopping-center\\\/\"},\"author\":{\"name\":\"Pauline Neerman\",\"@id\":\"https:\\\/\\\/www.retaildetail.be\\\/nl\\\/#\\\/schema\\\/person\\\/66b54803fa10759039079458ea89e307\"},\"headline\":\"[En Images] Atelier Rebul ouvre son premier magasin belge au Wijnegem Shopping Center\",\"datePublished\":\"2026-09-04T08:10:59+00:00\",\"dateModified\":\"2026-09-04T08:11:00+00:00\",\"mainEntityOfPage\":{\"@id\":\"https:\\\/\\\/www.retaildetail.be\\\/fr\\\/news\\\/beaute-soins\\\/en-images-atelier-rebul-ouvre-son-premier-magasin-phare-belge-au-wijnegem-shopping-center\\\/\"},\"wordCount\":259,\"publisher\":{\"@id\":\"https:\\\/\\\/www.retaildetail.be\\\/nl\\\/#organization\"},\"image\":{\"@id\":\"https:\\\/\\\/www.retaildetail.be\\\/fr\\\/news\\\/beaute-soins\\\/en-images-atelier-rebul-ouvre-son-premier-magasin-phare-belge-au-wijnegem-shopping-center\\\/#primaryimage\"},\"thumbnailUrl\":\"https:\\\/\\\/www.retaildetail.be\\\/wp-content\\\/uploads\\\/2026\\\/09\\\/atelier-rebul1-1.jpg\",\"articleSection\":[\"Beaut\u00e9\\\/Soins\",\"Schoonheid\\\/verzorging\"],\"inLanguage\":\"fr-FR\",\"copyrightYear\":\"2026\",\"copyrightHolder\":{\"@id\":\"https:\\\/\\\/www.retaildetail.be\\\/#organization\"}},{\"@type\":\"WebPage\",\"@id\":\"https:\\\/\\\/www.retaildetail.be\\\/fr\\\/news\\\/beaute-soins\\\/en-images-atelier-rebul-ouvre-son-premier-magasin-phare-belge-au-wijnegem-shopping-center\\\/\",\"url\":\"https:\\\/\\\/www.retaildetail.be\\\/fr\\\/news\\\/beaute-soins\\\/en-images-atelier-rebul-ouvre-son-premier-magasin-phare-belge-au-wijnegem-shopping-center\\\/\",\"name\":\"[En Images] Atelier Rebul ouvre son premier magasin belge au Wijnegem Shopping Center - RetailDetail BE\",\"isPartOf\":{\"@id\":\"https:\\\/\\\/www.retaildetail.be\\\/nl\\\/#website\"},\"primaryImageOfPage\":{\"@id\":\"https:\\\/\\\/www.retaildetail.be\\\/fr\\\/news\\\/beaute-soins\\\/en-images-atelier-rebul-ouvre-son-premier-magasin-phare-belge-au-wijnegem-shopping-center\\\/#primaryimage\"},\"image\":{\"@id\":\"https:\\\/\\\/www.retaildetail.be\\\/fr\\\/news\\\/beaute-soins\\\/en-images-atelier-rebul-ouvre-son-premier-magasin-phare-belge-au-wijnegem-shopping-center\\\/#primaryimage\"},\"thumbnailUrl\":\"https:\\\/\\\/www.retaildetail.be\\\/wp-content\\\/uploads\\\/2026\\\/09\\\/atelier-rebul1-1.jpg\",\"datePublished\":\"2026-09-04T08:10:59+00:00\",\"dateModified\":\"2026-09-04T08:11:00+00:00\",\"breadcrumb\":{\"@id\":\"https:\\\/\\\/www.retaildetail.be\\\/fr\\\/news\\\/beaute-soins\\\/en-images-atelier-rebul-ouvre-son-premier-magasin-phare-belge-au-wijnegem-shopping-center\\\/#breadcrumb\"},\"inLanguage\":\"fr-FR\",\"potentialAction\":[{\"@type\":\"ReadAction\",\"target\":[\"https:\\\/\\\/www.retaildetail.be\\\/fr\\\/news\\\/beaute-soins\\\/en-images-atelier-rebul-ouvre-son-premier-magasin-phare-belge-au-wijnegem-shopping-center\\\/\"]}]},{\"@type\":\"ImageObject\",\"inLanguage\":\"fr-FR\",\"@id\":\"https:\\\/\\\/www.retaildetail.be\\\/fr\\\/news\\\/beaute-soins\\\/en-images-atelier-rebul-ouvre-son-premier-magasin-phare-belge-au-wijnegem-shopping-center\\\/#primaryimage\",\"url\":\"https:\\\/\\\/www.retaildetail.be\\\/wp-content\\\/uploads\\\/2026\\\/09\\\/atelier-rebul1-1.jpg\",\"contentUrl\":\"https:\\\/\\\/www.retaildetail.be\\\/wp-content\\\/uploads\\\/2026\\\/09\\\/atelier-rebul1-1.jpg\",\"width\":1280,\"height\":853,\"caption\":\"Foto & video: Atelier Rebul\"},{\"@type\":\"BreadcrumbList\",\"@id\":\"https:\\\/\\\/www.retaildetail.be\\\/fr\\\/news\\\/beaute-soins\\\/en-images-atelier-rebul-ouvre-son-premier-magasin-phare-belge-au-wijnegem-shopping-center\\\/#breadcrumb\",\"itemListElement\":[{\"@type\":\"ListItem\",\"position\":1,\"name\":\"Home\",\"item\":\"https:\\\/\\\/www.retaildetail.be\\\/fr\\\/\"},{\"@type\":\"ListItem\",\"position\":2,\"name\":\"[En Images] Atelier Rebul ouvre son premier magasin belge au Wijnegem Shopping Center\"}]},{\"@type\":\"WebSite\",\"@id\":\"https:\\\/\\\/www.retaildetail.be\\\/nl\\\/#website\",\"url\":\"https:\\\/\\\/www.retaildetail.be\\\/nl\\\/\",\"name\":\"RetailDetail BE\",\"description\":\"News\",\"publisher\":{\"@id\":\"https:\\\/\\\/www.retaildetail.be\\\/nl\\\/#organization\"},\"potentialAction\":[{\"@type\":\"SearchAction\",\"target\":{\"@type\":\"EntryPoint\",\"urlTemplate\":\"https:\\\/\\\/www.retaildetail.be\\\/nl\\\/?s={search_term_string}\"},\"query-input\":{\"@type\":\"PropertyValueSpecification\",\"valueRequired\":true,\"valueName\":\"search_term_string\"}}],\"inLanguage\":\"fr-FR\"},{\"@type\":\"Organization\",\"@id\":\"https:\\\/\\\/www.retaildetail.be\\\/nl\\\/#organization\",\"name\":\"RetailDetail BE\",\"url\":\"https:\\\/\\\/www.retaildetail.be\\\/nl\\\/\",\"logo\":{\"@type\":\"ImageObject\",\"inLanguage\":\"fr-FR\",\"@id\":\"https:\\\/\\\/www.retaildetail.be\\\/nl\\\/#\\\/schema\\\/logo\\\/image\\\/\",\"url\":\"https:\\\/\\\/www.retaildetail.be\\\/wp-content\\\/uploads\\\/2022\\\/04\\\/logo.svg\",\"contentUrl\":\"https:\\\/\\\/www.retaildetail.be\\\/wp-content\\\/uploads\\\/2022\\\/04\\\/logo.svg\",\"width\":131,\"height\":70,\"caption\":\"RetailDetail BE\"},\"image\":{\"@id\":\"https:\\\/\\\/www.retaildetail.be\\\/nl\\\/#\\\/schema\\\/logo\\\/image\\\/\"}},{\"@type\":\"Person\",\"@id\":\"https:\\\/\\\/www.retaildetail.be\\\/nl\\\/#\\\/schema\\\/person\\\/66b54803fa10759039079458ea89e307\",\"name\":\"Pauline Neerman\",\"image\":{\"@type\":\"ImageObject\",\"inLanguage\":\"fr-FR\",\"@id\":\"https:\\\/\\\/secure.gravatar.com\\\/avatar\\\/58db22aee589a691f9603e5765ac06010427a923f9b2728b951eb7fe27214d70?s=96&d=mm&r=g\",\"url\":\"https:\\\/\\\/secure.gravatar.com\\\/avatar\\\/58db22aee589a691f9603e5765ac06010427a923f9b2728b951eb7fe27214d70?s=96&d=mm&r=g\",\"contentUrl\":\"https:\\\/\\\/secure.gravatar.com\\\/avatar\\\/58db22aee589a691f9603e5765ac06010427a923f9b2728b951eb7fe27214d70?s=96&d=mm&r=g\",\"caption\":\"Pauline Neerman\"},\"url\":\"https:\\\/\\\/www.retaildetail.be\\\/fr\\\/author\\\/paulineneerman\\\/\"}]}<\/script>\n<!-- \/ Yoast SEO plugin. -->","yoast_head_json":{"title":"[En Images] Atelier Rebul ouvre son premier magasin belge au Wijnegem Shopping Center - RetailDetail BE","robots":{"index":"index","follow":"follow","max-snippet":"max-snippet:-1","max-image-preview":"max-image-preview:large","max-video-preview":"max-video-preview:-1"},"canonical":"https:\/\/www.retaildetail.be\/fr\/news\/beaute-soins\/en-images-atelier-rebul-ouvre-son-premier-magasin-phare-belge-au-wijnegem-shopping-center\/","og_locale":"fr_FR","og_type":"article","og_title":"[En Images] Atelier Rebul ouvre son premier magasin belge au Wijnegem Shopping Center - RetailDetail BE","og_description":"La marque de beaut\u00e9 turque Atelier Rebul a inaugur\u00e9 mercredi son premier magasin phare belge au Wijnegem Shopping Center. Selon les PDG pour le Benelux, Xander Gielen et Kris Gielen, l'affluence a d\u00e9pass\u00e9 toutes les attentes.","og_url":"https:\/\/www.retaildetail.be\/fr\/news\/beaute-soins\/en-images-atelier-rebul-ouvre-son-premier-magasin-phare-belge-au-wijnegem-shopping-center\/","og_site_name":"RetailDetail BE","article_published_time":"2026-09-04T08:10:59+00:00","article_modified_time":"2026-09-04T08:11:00+00:00","og_image":[{"width":1280,"height":853,"url":"https:\/\/www.retaildetail.be\/wp-content\/uploads\/2026\/09\/atelier-rebul1-1.jpg","type":"image\/jpeg"}],"author":"Pauline Neerman","twitter_card":"summary_large_image","twitter_misc":{"\u00c9crit par":"Pauline Neerman","Dur\u00e9e de lecture estim\u00e9e":"1 minute"},"schema":{"@context":"https:\/\/schema.org","@graph":[{"@type":"NewsArticle","@id":"https:\/\/www.retaildetail.be\/fr\/news\/beaute-soins\/en-images-atelier-rebul-ouvre-son-premier-magasin-phare-belge-au-wijnegem-shopping-center\/#article","isPartOf":{"@id":"https:\/\/www.retaildetail.be\/fr\/news\/beaute-soins\/en-images-atelier-rebul-ouvre-son-premier-magasin-phare-belge-au-wijnegem-shopping-center\/"},"author":{"name":"Pauline Neerman","@id":"https:\/\/www.retaildetail.be\/nl\/#\/schema\/person\/66b54803fa10759039079458ea89e307"},"headline":"[En Images] Atelier Rebul ouvre son premier magasin belge au Wijnegem Shopping Center","datePublished":"2026-09-04T08:10:59+00:00","dateModified":"2026-09-04T08:11:00+00:00","mainEntityOfPage":{"@id":"https:\/\/www.retaildetail.be\/fr\/news\/beaute-soins\/en-images-atelier-rebul-ouvre-son-premier-magasin-phare-belge-au-wijnegem-shopping-center\/"},"wordCount":259,"publisher":{"@id":"https:\/\/www.retaildetail.be\/nl\/#organization"},"image":{"@id":"https:\/\/www.retaildetail.be\/fr\/news\/beaute-soins\/en-images-atelier-rebul-ouvre-son-premier-magasin-phare-belge-au-wijnegem-shopping-center\/#primaryimage"},"thumbnailUrl":"https:\/\/www.retaildetail.be\/wp-content\/uploads\/2026\/09\/atelier-rebul1-1.jpg","articleSection":["Beaut\u00e9\/Soins","Schoonheid\/verzorging"],"inLanguage":"fr-FR","copyrightYear":"2026","copyrightHolder":{"@id":"https:\/\/www.retaildetail.be\/#organization"}},{"@type":"WebPage","@id":"https:\/\/www.retaildetail.be\/fr\/news\/beaute-soins\/en-images-atelier-rebul-ouvre-son-premier-magasin-phare-belge-au-wijnegem-shopping-center\/","url":"https:\/\/www.retaildetail.be\/fr\/news\/beaute-soins\/en-images-atelier-rebul-ouvre-son-premier-magasin-phare-belge-au-wijnegem-shopping-center\/","name":"[En Images] Atelier Rebul ouvre son premier magasin belge au Wijnegem Shopping Center - RetailDetail BE","isPartOf":{"@id":"https:\/\/www.retaildetail.be\/nl\/#website"},"primaryImageOfPage":{"@id":"https:\/\/www.retaildetail.be\/fr\/news\/beaute-soins\/en-images-atelier-rebul-ouvre-son-premier-magasin-phare-belge-au-wijnegem-shopping-center\/#primaryimage"},"image":{"@id":"https:\/\/www.retaildetail.be\/fr\/news\/beaute-soins\/en-images-atelier-rebul-ouvre-son-premier-magasin-phare-belge-au-wijnegem-shopping-center\/#primaryimage"},"thumbnailUrl":"https:\/\/www.retaildetail.be\/wp-content\/uploads\/2026\/09\/atelier-rebul1-1.jpg","datePublished":"2026-09-04T08:10:59+00:00","dateModified":"2026-09-04T08:11:00+00:00","breadcrumb":{"@id":"https:\/\/www.retaildetail.be\/fr\/news\/beaute-soins\/en-images-atelier-rebul-ouvre-son-premier-magasin-phare-belge-au-wijnegem-shopping-center\/#breadcrumb"},"inLanguage":"fr-FR","potentialAction":[{"@type":"ReadAction","target":["https:\/\/www.retaildetail.be\/fr\/news\/beaute-soins\/en-images-atelier-rebul-ouvre-son-premier-magasin-phare-belge-au-wijnegem-shopping-center\/"]}]},{"@type":"ImageObject","inLanguage":"fr-FR","@id":"https:\/\/www.retaildetail.be\/fr\/news\/beaute-soins\/en-images-atelier-rebul-ouvre-son-premier-magasin-phare-belge-au-wijnegem-shopping-center\/#primaryimage","url":"https:\/\/www.retaildetail.be\/wp-content\/uploads\/2026\/09\/atelier-rebul1-1.jpg","contentUrl":"https:\/\/www.retaildetail.be\/wp-content\/uploads\/2026\/09\/atelier-rebul1-1.jpg","width":1280,"height":853,"caption":"Foto & video: Atelier Rebul"},{"@type":"BreadcrumbList","@id":"https:\/\/www.retaildetail.be\/fr\/news\/beaute-soins\/en-images-atelier-rebul-ouvre-son-premier-magasin-phare-belge-au-wijnegem-shopping-center\/#breadcrumb","itemListElement":[{"@type":"ListItem","position":1,"name":"Home","item":"https:\/\/www.retaildetail.be\/fr\/"},{"@type":"ListItem","position":2,"name":"[En Images] Atelier Rebul ouvre son premier magasin belge au Wijnegem Shopping Center"}]},{"@type":"WebSite","@id":"https:\/\/www.retaildetail.be\/nl\/#website","url":"https:\/\/www.retaildetail.be\/nl\/","name":"RetailDetail BE","description":"News","publisher":{"@id":"https:\/\/www.retaildetail.be\/nl\/#organization"},"potentialAction":[{"@type":"SearchAction","target":{"@type":"EntryPoint","urlTemplate":"https:\/\/www.retaildetail.be\/nl\/?s={search_term_string}"},"query-input":{"@type":"PropertyValueSpecification","valueRequired":true,"valueName":"search_term_string"}}],"inLanguage":"fr-FR"},{"@type":"Organization","@id":"https:\/\/www.retaildetail.be\/nl\/#organization","name":"RetailDetail BE","url":"https:\/\/www.retaildetail.be\/nl\/","logo":{"@type":"ImageObject","inLanguage":"fr-FR","@id":"https:\/\/www.retaildetail.be\/nl\/#\/schema\/logo\/image\/","url":"https:\/\/www.retaildetail.be\/wp-content\/uploads\/2022\/04\/logo.svg","contentUrl":"https:\/\/www.retaildetail.be\/wp-content\/uploads\/2022\/04\/logo.svg","width":131,"height":70,"caption":"RetailDetail BE"},"image":{"@id":"https:\/\/www.retaildetail.be\/nl\/#\/schema\/logo\/image\/"}},{"@type":"Person","@id":"https:\/\/www.retaildetail.be\/nl\/#\/schema\/person\/66b54803fa10759039079458ea89e307","name":"Pauline Neerman","image":{"@type":"ImageObject","inLanguage":"fr-FR","@id":"https:\/\/secure.gravatar.com\/avatar\/58db22aee589a691f9603e5765ac06010427a923f9b2728b951eb7fe27214d70?s=96&d=mm&r=g","url":"https:\/\/secure.gravatar.com\/avatar\/58db22aee589a691f9603e5765ac06010427a923f9b2728b951eb7fe27214d70?s=96&d=mm&r=g","contentUrl":"https:\/\/secure.gravatar.com\/avatar\/58db22aee589a691f9603e5765ac06010427a923f9b2728b951eb7fe27214d70?s=96&d=mm&r=g","caption":"Pauline Neerman"},"url":"https:\/\/www.retaildetail.be\/fr\/author\/paulineneerman\/"}]}},"jetpack_featured_media_url":"https:\/\/www.retaildetail.be\/wp-content\/uploads\/2026\/09\/atelier-rebul1-1.jpg","jetpack_sharing_enabled":true,"_links":{"self":[{"href":"https:\/\/www.retaildetail.be\/fr\/wp-json\/wp\/v2\/posts\/154681","targetHints":{"allow":["GET"]}}],"collection":[{"href":"https:\/\/www.retaildetail.be\/fr\/wp-json\/wp\/v2\/posts"}],"about":[{"href":"https:\/\/www.retaildetail.be\/fr\/wp-json\/wp\/v2\/types\/post"}],"author":[{"embeddable":true,"href":"https:\/\/www.retaildetail.be\/fr\/wp-json\/wp\/v2\/users\/5"}],"replies":[{"embeddable":true,"href":"https:\/\/www.retaildetail.be\/fr\/wp-json\/wp\/v2\/comments?post=154681"}],"version-history":[{"count":1,"href":"https:\/\/www.retaildetail.be\/fr\/wp-json\/wp\/v2\/posts\/154681\/revisions"}],"predecessor-version":[{"id":154683,"href":"https:\/\/www.retaildetail.be\/fr\/wp-json\/wp\/v2\/posts\/154681\/revisions\/154683"}],"wp:featuredmedia":[{"embeddable":true,"href":"https:\/\/www.retaildetail.be\/fr\/wp-json\/wp\/v2\/media\/154682"}],"wp:attachment":[{"href":"https:\/\/www.retaildetail.be\/fr\/wp-json\/wp\/v2\/media?parent=154681"}],"wp:term":[{"taxonomy":"category","embeddable":true,"href":"https:\/\/www.retaildetail.be\/fr\/wp-json\/wp\/v2\/categories?post=154681"},{"taxonomy":"post_tag","embeddable":true,"href":"https:\/\/www.retaildetail.be\/fr\/wp-json\/wp\/v2\/tags?post=154681"},{"taxonomy":"people","embeddable":true,"href":"https:\/\/www.retaildetail.be\/fr\/wp-json\/wp\/v2\/people?post=154681"},{"taxonomy":"extra","embeddable":true,"href":"https:\/\/www.retaildetail.be\/fr\/wp-json\/wp\/v2\/extra?post=154681"},{"taxonomy":"company","embeddable":true,"href":"https:\/\/www.retaildetail.be\/fr\/wp-json\/wp\/v2\/company?post=154681"},{"taxonomy":"topic","embeddable":true,"href":"https:\/\/www.retaildetail.be\/fr\/wp-json\/wp\/v2\/topic?post=154681"},{"taxonomy":"region","embeddable":true,"href":"https:\/\/www.retaildetail.be\/fr\/wp-json\/wp\/v2\/region?post=154681"}],"curies":[{"name":"wp","href":"https:\/\/api.w.org\/{rel}","templated":true}]}}