{"id":154688,"date":"2026-09-04T10:34:13","date_gmt":"2026-09-04T08:34:13","guid":{"rendered":"https:\/\/www.retaildetail.be\/?p=154688"},"modified":"2026-09-04T10:34:15","modified_gmt":"2026-09-04T08:34:15","slug":"hm-quitte-la-chaussee-dixelles-pour-un-plus-grand-magasin-sur-lavenue-louise","status":"publish","type":"post","link":"https:\/\/www.retaildetail.be\/fr\/news\/mode\/hm-quitte-la-chaussee-dixelles-pour-un-plus-grand-magasin-sur-lavenue-louise\/","title":{"rendered":"H&amp;M quitte la chauss\u00e9e d&rsquo;Ixelles pour un plus grand magasin sur l&rsquo;avenue Louise"},"content":{"rendered":"\n<p class=\"wp-block-paragraph\"><strong>H&amp;M<\/strong> quitte apr\u00e8s trente ans la chauss\u00e9e d\u2019Ixelles \u00e0 Bruxelles. La cha\u00eene de mode su\u00e9doise y fermera ses portes fin octobre et d\u00e9m\u00e9nagera vers un magasin d\u2019environ 2.000 m\u00e8tres carr\u00e9s sur l\u2019avenue Louise.<\/p>\n\n\n\n<h2 class=\"wp-block-heading\">Chute du roi de l\u2019immobilier<\/h2>\n\n\n\n<p class=\"wp-block-paragraph\">H&amp;M s\u2019installera au 43 avenue Louise, \u00e0 la fronti\u00e8re entre Ixelles et Saint-Gilles. La nouvelle succursale comptera trois \u00e9tages, avec des d\u00e9partements distincts pour les femmes, les hommes et les enfants. Les collections Studio et Designer y auront \u00e9galement leur place. \u00ab En d\u00e9m\u00e9nageant vers l\u2019un des principaux quartiers commer\u00e7ants de la ville, <a href=\"https:\/\/www.bruzz.be\/select\/shop\/hm-verlaat-elsensesteenweg-en-opent-winkel-van-2000-vierkante-meter-aan-louizalaan-2026-09-03\">nous renfor\u00e7ons notre pr\u00e9sence \u00e0 Bruxelles<\/a> \u00bb, d\u00e9clare un porte-parole de H&amp;M \u00e0 BRUZZ.<\/p>\n\n\n\n<p class=\"wp-block-paragraph\">Le d\u00e9m\u00e9nagement marque la fin d\u2019une longue pr\u00e9sence sur la chauss\u00e9e d\u2019Ixelles. H&amp;M y a ouvert son premier magasin en 1996 et a d\u00e9m\u00e9nag\u00e9 en 2007 vers un b\u00e2timent plus grand dans la m\u00eame rue. Les <a href=\"https:\/\/www.retaildetail.be\/fr\/news\/general\/les-perles-du-commerce-bruxellois-mises-en-vente-apres-la-chute-de-lempire-de-gerald-hibert\/\" data-type=\"link\" data-id=\"https:\/\/www.retaildetail.be\/fr\/news\/general\/les-perles-du-commerce-bruxellois-mises-en-vente-apres-la-chute-de-lempire-de-gerald-hibert\/\">r\u00e9cents d\u00e9boires immobiliers autour de G\u00e9rald Hibert<\/a> ont acc\u00e9l\u00e9r\u00e9 le d\u00e9part : apr\u00e8s la faillite de la branche belge de son empire immobilier, le b\u00e2timent abritant notamment H&amp;M a \u00e9t\u00e9 mis en vente.<\/p>\n\n\n\n<p class=\"wp-block-paragraph\">Il subsiste \u00e9galement une incertitude autour de H&amp;M Home sur l\u2019avenue Louise. Le b\u00e2timent dans lequel ce concept est install\u00e9 appartenait lui aussi au patrimoine immobilier de Hibert et a \u00e9t\u00e9 mis en vente apr\u00e8s la faillite. Pour l\u2019instant, on ne sait pas quelles cons\u00e9quences cela aura pour le magasin.<\/p>\n","protected":false},"excerpt":{"rendered":"<p>H&#038;M quitte apr\u00e8s trente ans la chauss\u00e9e d&rsquo;Ixelles \u00e0 Bruxelles. La cha\u00eene de mode su\u00e9doise y fermera ses portes fin octobre et d\u00e9m\u00e9nagera dans un magasin d&rsquo;environ 2.000 m\u00e8tres carr\u00e9s sur l&rsquo;avenue Louise.<\/p>\n","protected":false},"author":5,"featured_media":154689,"comment_status":"closed","ping_status":"closed","sticky":false,"template":"","format":"standard","meta":{"_acf_changed":false,"inline_featured_image":false,"_jetpack_newsletter_access":"","_jetpack_dont_email_post_to_subs":false,"_jetpack_newsletter_tier_id":0,"_jetpack_memberships_contains_paywalled_content":false,"_jetpack_memberships_contains_paid_content":false,"footnotes":""},"categories":[14,22],"tags":[],"people":[],"extra":[43],"company":[526],"topic":[591],"region":[413],"class_list":["post-154688","post","type-post","status-publish","format-standard","has-post-thumbnail","hentry","category-mode","extra-plus","company-hm","topic-immobilier","region-bruxelles"],"acf":[],"yoast_head":"<!-- This site is optimized with the Yoast SEO plugin v28.1 - https:\/\/yoast.com\/product\/yoast-seo-wordpress\/ -->\n<title>H&amp;M quitte la chauss\u00e9e d&#039;Ixelles pour un plus grand magasin sur l&#039;avenue Louise - RetailDetail BE<\/title>\n<meta name=\"robots\" content=\"index, follow, max-snippet:-1, max-image-preview:large, max-video-preview:-1\" \/>\n<link rel=\"canonical\" href=\"https:\/\/www.retaildetail.be\/fr\/news\/mode\/hm-quitte-la-chaussee-dixelles-pour-un-plus-grand-magasin-sur-lavenue-louise\/\" \/>\n<meta property=\"og:locale\" content=\"fr_FR\" \/>\n<meta property=\"og:type\" content=\"article\" \/>\n<meta property=\"og:title\" content=\"H&amp;M quitte la chauss\u00e9e d&#039;Ixelles pour un plus grand magasin sur l&#039;avenue Louise - RetailDetail BE\" \/>\n<meta property=\"og:description\" content=\"H&amp;M quitte apr\u00e8s trente ans la chauss\u00e9e d&#039;Ixelles \u00e0 Bruxelles. La cha\u00eene de mode su\u00e9doise y fermera ses portes fin octobre et d\u00e9m\u00e9nagera dans un magasin d&#039;environ 2.000 m\u00e8tres carr\u00e9s sur l&#039;avenue Louise.\" \/>\n<meta property=\"og:url\" content=\"https:\/\/www.retaildetail.be\/fr\/news\/mode\/hm-quitte-la-chaussee-dixelles-pour-un-plus-grand-magasin-sur-lavenue-louise\/\" \/>\n<meta property=\"og:site_name\" content=\"RetailDetail BE\" \/>\n<meta property=\"article:published_time\" content=\"2026-09-04T08:34:13+00:00\" \/>\n<meta property=\"article:modified_time\" content=\"2026-09-04T08:34:15+00:00\" \/>\n<meta property=\"og:image\" content=\"https:\/\/www.retaildetail.be\/wp-content\/uploads\/2026\/09\/HM-shutterstock-285687581_3-1.jpg\" \/>\n\t<meta property=\"og:image:width\" content=\"1000\" \/>\n\t<meta property=\"og:image:height\" content=\"665\" \/>\n\t<meta property=\"og:image:type\" content=\"image\/jpeg\" \/>\n<meta name=\"author\" content=\"Pauline Neerman\" \/>\n<meta name=\"twitter:card\" content=\"summary_large_image\" \/>\n<meta name=\"twitter:label1\" content=\"\u00c9crit par\" \/>\n\t<meta name=\"twitter:data1\" content=\"Pauline Neerman\" \/>\n\t<meta name=\"twitter:label2\" content=\"Dur\u00e9e de lecture estim\u00e9e\" \/>\n\t<meta name=\"twitter:data2\" content=\"1 minute\" \/>\n<script type=\"application\/ld+json\" class=\"yoast-schema-graph\">{\"@context\":\"https:\\\/\\\/schema.org\",\"@graph\":[{\"@type\":\"NewsArticle\",\"@id\":\"https:\\\/\\\/www.retaildetail.be\\\/fr\\\/news\\\/mode\\\/hm-quitte-la-chaussee-dixelles-pour-un-plus-grand-magasin-sur-lavenue-louise\\\/#article\",\"isPartOf\":{\"@id\":\"https:\\\/\\\/www.retaildetail.be\\\/fr\\\/news\\\/mode\\\/hm-quitte-la-chaussee-dixelles-pour-un-plus-grand-magasin-sur-lavenue-louise\\\/\"},\"author\":{\"name\":\"Pauline Neerman\",\"@id\":\"https:\\\/\\\/www.retaildetail.be\\\/nl\\\/#\\\/schema\\\/person\\\/66b54803fa10759039079458ea89e307\"},\"headline\":\"H&amp;M quitte la chauss\u00e9e d&rsquo;Ixelles pour un plus grand magasin sur l&rsquo;avenue Louise\",\"datePublished\":\"2026-09-04T08:34:13+00:00\",\"dateModified\":\"2026-09-04T08:34:15+00:00\",\"mainEntityOfPage\":{\"@id\":\"https:\\\/\\\/www.retaildetail.be\\\/fr\\\/news\\\/mode\\\/hm-quitte-la-chaussee-dixelles-pour-un-plus-grand-magasin-sur-lavenue-louise\\\/\"},\"wordCount\":288,\"publisher\":{\"@id\":\"https:\\\/\\\/www.retaildetail.be\\\/nl\\\/#organization\"},\"image\":{\"@id\":\"https:\\\/\\\/www.retaildetail.be\\\/fr\\\/news\\\/mode\\\/hm-quitte-la-chaussee-dixelles-pour-un-plus-grand-magasin-sur-lavenue-louise\\\/#primaryimage\"},\"thumbnailUrl\":\"https:\\\/\\\/www.retaildetail.be\\\/wp-content\\\/uploads\\\/2026\\\/09\\\/HM-shutterstock-285687581_3-1.jpg\",\"articleSection\":[\"Mode\",\"Mode\"],\"inLanguage\":\"fr-FR\",\"copyrightYear\":\"2026\",\"copyrightHolder\":{\"@id\":\"https:\\\/\\\/www.retaildetail.be\\\/#organization\"}},{\"@type\":\"WebPage\",\"@id\":\"https:\\\/\\\/www.retaildetail.be\\\/fr\\\/news\\\/mode\\\/hm-quitte-la-chaussee-dixelles-pour-un-plus-grand-magasin-sur-lavenue-louise\\\/\",\"url\":\"https:\\\/\\\/www.retaildetail.be\\\/fr\\\/news\\\/mode\\\/hm-quitte-la-chaussee-dixelles-pour-un-plus-grand-magasin-sur-lavenue-louise\\\/\",\"name\":\"H&amp;M quitte la chauss\u00e9e d'Ixelles pour un plus grand magasin sur l'avenue Louise - RetailDetail BE\",\"isPartOf\":{\"@id\":\"https:\\\/\\\/www.retaildetail.be\\\/nl\\\/#website\"},\"primaryImageOfPage\":{\"@id\":\"https:\\\/\\\/www.retaildetail.be\\\/fr\\\/news\\\/mode\\\/hm-quitte-la-chaussee-dixelles-pour-un-plus-grand-magasin-sur-lavenue-louise\\\/#primaryimage\"},\"image\":{\"@id\":\"https:\\\/\\\/www.retaildetail.be\\\/fr\\\/news\\\/mode\\\/hm-quitte-la-chaussee-dixelles-pour-un-plus-grand-magasin-sur-lavenue-louise\\\/#primaryimage\"},\"thumbnailUrl\":\"https:\\\/\\\/www.retaildetail.be\\\/wp-content\\\/uploads\\\/2026\\\/09\\\/HM-shutterstock-285687581_3-1.jpg\",\"datePublished\":\"2026-09-04T08:34:13+00:00\",\"dateModified\":\"2026-09-04T08:34:15+00:00\",\"breadcrumb\":{\"@id\":\"https:\\\/\\\/www.retaildetail.be\\\/fr\\\/news\\\/mode\\\/hm-quitte-la-chaussee-dixelles-pour-un-plus-grand-magasin-sur-lavenue-louise\\\/#breadcrumb\"},\"inLanguage\":\"fr-FR\",\"potentialAction\":[{\"@type\":\"ReadAction\",\"target\":[\"https:\\\/\\\/www.retaildetail.be\\\/fr\\\/news\\\/mode\\\/hm-quitte-la-chaussee-dixelles-pour-un-plus-grand-magasin-sur-lavenue-louise\\\/\"]}]},{\"@type\":\"ImageObject\",\"inLanguage\":\"fr-FR\",\"@id\":\"https:\\\/\\\/www.retaildetail.be\\\/fr\\\/news\\\/mode\\\/hm-quitte-la-chaussee-dixelles-pour-un-plus-grand-magasin-sur-lavenue-louise\\\/#primaryimage\",\"url\":\"https:\\\/\\\/www.retaildetail.be\\\/wp-content\\\/uploads\\\/2026\\\/09\\\/HM-shutterstock-285687581_3-1.jpg\",\"contentUrl\":\"https:\\\/\\\/www.retaildetail.be\\\/wp-content\\\/uploads\\\/2026\\\/09\\\/HM-shutterstock-285687581_3-1.jpg\",\"width\":1000,\"height\":665},{\"@type\":\"BreadcrumbList\",\"@id\":\"https:\\\/\\\/www.retaildetail.be\\\/fr\\\/news\\\/mode\\\/hm-quitte-la-chaussee-dixelles-pour-un-plus-grand-magasin-sur-lavenue-louise\\\/#breadcrumb\",\"itemListElement\":[{\"@type\":\"ListItem\",\"position\":1,\"name\":\"Home\",\"item\":\"https:\\\/\\\/www.retaildetail.be\\\/fr\\\/\"},{\"@type\":\"ListItem\",\"position\":2,\"name\":\"H&amp;M quitte la chauss\u00e9e d&#8217;Ixelles pour un plus grand magasin sur l&#8217;avenue Louise\"}]},{\"@type\":\"WebSite\",\"@id\":\"https:\\\/\\\/www.retaildetail.be\\\/nl\\\/#website\",\"url\":\"https:\\\/\\\/www.retaildetail.be\\\/nl\\\/\",\"name\":\"RetailDetail BE\",\"description\":\"News\",\"publisher\":{\"@id\":\"https:\\\/\\\/www.retaildetail.be\\\/nl\\\/#organization\"},\"potentialAction\":[{\"@type\":\"SearchAction\",\"target\":{\"@type\":\"EntryPoint\",\"urlTemplate\":\"https:\\\/\\\/www.retaildetail.be\\\/nl\\\/?s={search_term_string}\"},\"query-input\":{\"@type\":\"PropertyValueSpecification\",\"valueRequired\":true,\"valueName\":\"search_term_string\"}}],\"inLanguage\":\"fr-FR\"},{\"@type\":\"Organization\",\"@id\":\"https:\\\/\\\/www.retaildetail.be\\\/nl\\\/#organization\",\"name\":\"RetailDetail BE\",\"url\":\"https:\\\/\\\/www.retaildetail.be\\\/nl\\\/\",\"logo\":{\"@type\":\"ImageObject\",\"inLanguage\":\"fr-FR\",\"@id\":\"https:\\\/\\\/www.retaildetail.be\\\/nl\\\/#\\\/schema\\\/logo\\\/image\\\/\",\"url\":\"https:\\\/\\\/www.retaildetail.be\\\/wp-content\\\/uploads\\\/2022\\\/04\\\/logo.svg\",\"contentUrl\":\"https:\\\/\\\/www.retaildetail.be\\\/wp-content\\\/uploads\\\/2022\\\/04\\\/logo.svg\",\"width\":131,\"height\":70,\"caption\":\"RetailDetail BE\"},\"image\":{\"@id\":\"https:\\\/\\\/www.retaildetail.be\\\/nl\\\/#\\\/schema\\\/logo\\\/image\\\/\"}},{\"@type\":\"Person\",\"@id\":\"https:\\\/\\\/www.retaildetail.be\\\/nl\\\/#\\\/schema\\\/person\\\/66b54803fa10759039079458ea89e307\",\"name\":\"Pauline Neerman\",\"image\":{\"@type\":\"ImageObject\",\"inLanguage\":\"fr-FR\",\"@id\":\"https:\\\/\\\/secure.gravatar.com\\\/avatar\\\/58db22aee589a691f9603e5765ac06010427a923f9b2728b951eb7fe27214d70?s=96&d=mm&r=g\",\"url\":\"https:\\\/\\\/secure.gravatar.com\\\/avatar\\\/58db22aee589a691f9603e5765ac06010427a923f9b2728b951eb7fe27214d70?s=96&d=mm&r=g\",\"contentUrl\":\"https:\\\/\\\/secure.gravatar.com\\\/avatar\\\/58db22aee589a691f9603e5765ac06010427a923f9b2728b951eb7fe27214d70?s=96&d=mm&r=g\",\"caption\":\"Pauline Neerman\"},\"url\":\"https:\\\/\\\/www.retaildetail.be\\\/fr\\\/author\\\/paulineneerman\\\/\"}]}<\/script>\n<!-- \/ Yoast SEO plugin. -->","yoast_head_json":{"title":"H&amp;M quitte la chauss\u00e9e d'Ixelles pour un plus grand magasin sur l'avenue Louise - RetailDetail BE","robots":{"index":"index","follow":"follow","max-snippet":"max-snippet:-1","max-image-preview":"max-image-preview:large","max-video-preview":"max-video-preview:-1"},"canonical":"https:\/\/www.retaildetail.be\/fr\/news\/mode\/hm-quitte-la-chaussee-dixelles-pour-un-plus-grand-magasin-sur-lavenue-louise\/","og_locale":"fr_FR","og_type":"article","og_title":"H&amp;M quitte la chauss\u00e9e d'Ixelles pour un plus grand magasin sur l'avenue Louise - RetailDetail BE","og_description":"H&M quitte apr\u00e8s trente ans la chauss\u00e9e d'Ixelles \u00e0 Bruxelles. La cha\u00eene de mode su\u00e9doise y fermera ses portes fin octobre et d\u00e9m\u00e9nagera dans un magasin d'environ 2.000 m\u00e8tres carr\u00e9s sur l'avenue Louise.","og_url":"https:\/\/www.retaildetail.be\/fr\/news\/mode\/hm-quitte-la-chaussee-dixelles-pour-un-plus-grand-magasin-sur-lavenue-louise\/","og_site_name":"RetailDetail BE","article_published_time":"2026-09-04T08:34:13+00:00","article_modified_time":"2026-09-04T08:34:15+00:00","og_image":[{"width":1000,"height":665,"url":"https:\/\/www.retaildetail.be\/wp-content\/uploads\/2026\/09\/HM-shutterstock-285687581_3-1.jpg","type":"image\/jpeg"}],"author":"Pauline Neerman","twitter_card":"summary_large_image","twitter_misc":{"\u00c9crit par":"Pauline Neerman","Dur\u00e9e de lecture estim\u00e9e":"1 minute"},"schema":{"@context":"https:\/\/schema.org","@graph":[{"@type":"NewsArticle","@id":"https:\/\/www.retaildetail.be\/fr\/news\/mode\/hm-quitte-la-chaussee-dixelles-pour-un-plus-grand-magasin-sur-lavenue-louise\/#article","isPartOf":{"@id":"https:\/\/www.retaildetail.be\/fr\/news\/mode\/hm-quitte-la-chaussee-dixelles-pour-un-plus-grand-magasin-sur-lavenue-louise\/"},"author":{"name":"Pauline Neerman","@id":"https:\/\/www.retaildetail.be\/nl\/#\/schema\/person\/66b54803fa10759039079458ea89e307"},"headline":"H&amp;M quitte la chauss\u00e9e d&rsquo;Ixelles pour un plus grand magasin sur l&rsquo;avenue Louise","datePublished":"2026-09-04T08:34:13+00:00","dateModified":"2026-09-04T08:34:15+00:00","mainEntityOfPage":{"@id":"https:\/\/www.retaildetail.be\/fr\/news\/mode\/hm-quitte-la-chaussee-dixelles-pour-un-plus-grand-magasin-sur-lavenue-louise\/"},"wordCount":288,"publisher":{"@id":"https:\/\/www.retaildetail.be\/nl\/#organization"},"image":{"@id":"https:\/\/www.retaildetail.be\/fr\/news\/mode\/hm-quitte-la-chaussee-dixelles-pour-un-plus-grand-magasin-sur-lavenue-louise\/#primaryimage"},"thumbnailUrl":"https:\/\/www.retaildetail.be\/wp-content\/uploads\/2026\/09\/HM-shutterstock-285687581_3-1.jpg","articleSection":["Mode","Mode"],"inLanguage":"fr-FR","copyrightYear":"2026","copyrightHolder":{"@id":"https:\/\/www.retaildetail.be\/#organization"}},{"@type":"WebPage","@id":"https:\/\/www.retaildetail.be\/fr\/news\/mode\/hm-quitte-la-chaussee-dixelles-pour-un-plus-grand-magasin-sur-lavenue-louise\/","url":"https:\/\/www.retaildetail.be\/fr\/news\/mode\/hm-quitte-la-chaussee-dixelles-pour-un-plus-grand-magasin-sur-lavenue-louise\/","name":"H&amp;M quitte la chauss\u00e9e d'Ixelles pour un plus grand magasin sur l'avenue Louise - RetailDetail BE","isPartOf":{"@id":"https:\/\/www.retaildetail.be\/nl\/#website"},"primaryImageOfPage":{"@id":"https:\/\/www.retaildetail.be\/fr\/news\/mode\/hm-quitte-la-chaussee-dixelles-pour-un-plus-grand-magasin-sur-lavenue-louise\/#primaryimage"},"image":{"@id":"https:\/\/www.retaildetail.be\/fr\/news\/mode\/hm-quitte-la-chaussee-dixelles-pour-un-plus-grand-magasin-sur-lavenue-louise\/#primaryimage"},"thumbnailUrl":"https:\/\/www.retaildetail.be\/wp-content\/uploads\/2026\/09\/HM-shutterstock-285687581_3-1.jpg","datePublished":"2026-09-04T08:34:13+00:00","dateModified":"2026-09-04T08:34:15+00:00","breadcrumb":{"@id":"https:\/\/www.retaildetail.be\/fr\/news\/mode\/hm-quitte-la-chaussee-dixelles-pour-un-plus-grand-magasin-sur-lavenue-louise\/#breadcrumb"},"inLanguage":"fr-FR","potentialAction":[{"@type":"ReadAction","target":["https:\/\/www.retaildetail.be\/fr\/news\/mode\/hm-quitte-la-chaussee-dixelles-pour-un-plus-grand-magasin-sur-lavenue-louise\/"]}]},{"@type":"ImageObject","inLanguage":"fr-FR","@id":"https:\/\/www.retaildetail.be\/fr\/news\/mode\/hm-quitte-la-chaussee-dixelles-pour-un-plus-grand-magasin-sur-lavenue-louise\/#primaryimage","url":"https:\/\/www.retaildetail.be\/wp-content\/uploads\/2026\/09\/HM-shutterstock-285687581_3-1.jpg","contentUrl":"https:\/\/www.retaildetail.be\/wp-content\/uploads\/2026\/09\/HM-shutterstock-285687581_3-1.jpg","width":1000,"height":665},{"@type":"BreadcrumbList","@id":"https:\/\/www.retaildetail.be\/fr\/news\/mode\/hm-quitte-la-chaussee-dixelles-pour-un-plus-grand-magasin-sur-lavenue-louise\/#breadcrumb","itemListElement":[{"@type":"ListItem","position":1,"name":"Home","item":"https:\/\/www.retaildetail.be\/fr\/"},{"@type":"ListItem","position":2,"name":"H&amp;M quitte la chauss\u00e9e d&#8217;Ixelles pour un plus grand magasin sur l&#8217;avenue Louise"}]},{"@type":"WebSite","@id":"https:\/\/www.retaildetail.be\/nl\/#website","url":"https:\/\/www.retaildetail.be\/nl\/","name":"RetailDetail BE","description":"News","publisher":{"@id":"https:\/\/www.retaildetail.be\/nl\/#organization"},"potentialAction":[{"@type":"SearchAction","target":{"@type":"EntryPoint","urlTemplate":"https:\/\/www.retaildetail.be\/nl\/?s={search_term_string}"},"query-input":{"@type":"PropertyValueSpecification","valueRequired":true,"valueName":"search_term_string"}}],"inLanguage":"fr-FR"},{"@type":"Organization","@id":"https:\/\/www.retaildetail.be\/nl\/#organization","name":"RetailDetail BE","url":"https:\/\/www.retaildetail.be\/nl\/","logo":{"@type":"ImageObject","inLanguage":"fr-FR","@id":"https:\/\/www.retaildetail.be\/nl\/#\/schema\/logo\/image\/","url":"https:\/\/www.retaildetail.be\/wp-content\/uploads\/2022\/04\/logo.svg","contentUrl":"https:\/\/www.retaildetail.be\/wp-content\/uploads\/2022\/04\/logo.svg","width":131,"height":70,"caption":"RetailDetail BE"},"image":{"@id":"https:\/\/www.retaildetail.be\/nl\/#\/schema\/logo\/image\/"}},{"@type":"Person","@id":"https:\/\/www.retaildetail.be\/nl\/#\/schema\/person\/66b54803fa10759039079458ea89e307","name":"Pauline Neerman","image":{"@type":"ImageObject","inLanguage":"fr-FR","@id":"https:\/\/secure.gravatar.com\/avatar\/58db22aee589a691f9603e5765ac06010427a923f9b2728b951eb7fe27214d70?s=96&d=mm&r=g","url":"https:\/\/secure.gravatar.com\/avatar\/58db22aee589a691f9603e5765ac06010427a923f9b2728b951eb7fe27214d70?s=96&d=mm&r=g","contentUrl":"https:\/\/secure.gravatar.com\/avatar\/58db22aee589a691f9603e5765ac06010427a923f9b2728b951eb7fe27214d70?s=96&d=mm&r=g","caption":"Pauline Neerman"},"url":"https:\/\/www.retaildetail.be\/fr\/author\/paulineneerman\/"}]}},"jetpack_featured_media_url":"https:\/\/www.retaildetail.be\/wp-content\/uploads\/2026\/09\/HM-shutterstock-285687581_3-1.jpg","jetpack_sharing_enabled":true,"_links":{"self":[{"href":"https:\/\/www.retaildetail.be\/fr\/wp-json\/wp\/v2\/posts\/154688","targetHints":{"allow":["GET"]}}],"collection":[{"href":"https:\/\/www.retaildetail.be\/fr\/wp-json\/wp\/v2\/posts"}],"about":[{"href":"https:\/\/www.retaildetail.be\/fr\/wp-json\/wp\/v2\/types\/post"}],"author":[{"embeddable":true,"href":"https:\/\/www.retaildetail.be\/fr\/wp-json\/wp\/v2\/users\/5"}],"replies":[{"embeddable":true,"href":"https:\/\/www.retaildetail.be\/fr\/wp-json\/wp\/v2\/comments?post=154688"}],"version-history":[{"count":1,"href":"https:\/\/www.retaildetail.be\/fr\/wp-json\/wp\/v2\/posts\/154688\/revisions"}],"predecessor-version":[{"id":154690,"href":"https:\/\/www.retaildetail.be\/fr\/wp-json\/wp\/v2\/posts\/154688\/revisions\/154690"}],"wp:featuredmedia":[{"embeddable":true,"href":"https:\/\/www.retaildetail.be\/fr\/wp-json\/wp\/v2\/media\/154689"}],"wp:attachment":[{"href":"https:\/\/www.retaildetail.be\/fr\/wp-json\/wp\/v2\/media?parent=154688"}],"wp:term":[{"taxonomy":"category","embeddable":true,"href":"https:\/\/www.retaildetail.be\/fr\/wp-json\/wp\/v2\/categories?post=154688"},{"taxonomy":"post_tag","embeddable":true,"href":"https:\/\/www.retaildetail.be\/fr\/wp-json\/wp\/v2\/tags?post=154688"},{"taxonomy":"people","embeddable":true,"href":"https:\/\/www.retaildetail.be\/fr\/wp-json\/wp\/v2\/people?post=154688"},{"taxonomy":"extra","embeddable":true,"href":"https:\/\/www.retaildetail.be\/fr\/wp-json\/wp\/v2\/extra?post=154688"},{"taxonomy":"company","embeddable":true,"href":"https:\/\/www.retaildetail.be\/fr\/wp-json\/wp\/v2\/company?post=154688"},{"taxonomy":"topic","embeddable":true,"href":"https:\/\/www.retaildetail.be\/fr\/wp-json\/wp\/v2\/topic?post=154688"},{"taxonomy":"region","embeddable":true,"href":"https:\/\/www.retaildetail.be\/fr\/wp-json\/wp\/v2\/region?post=154688"}],"curies":[{"name":"wp","href":"https:\/\/api.w.org\/{rel}","templated":true}]}}