{"id":154698,"date":"2026-09-04T10:58:47","date_gmt":"2026-09-04T08:58:47","guid":{"rendered":"https:\/\/www.retaildetail.be\/?p=154698"},"modified":"2026-09-04T10:58:48","modified_gmt":"2026-09-04T08:58:48","slug":"clarks-accelere-lexpansion-de-ses-magasins-en-europe-avec-la-france-en-tete","status":"publish","type":"post","link":"https:\/\/www.retaildetail.be\/fr\/news\/mode\/clarks-accelere-lexpansion-de-ses-magasins-en-europe-avec-la-france-en-tete\/","title":{"rendered":"Clarks acc\u00e9l\u00e8re l\u2019expansion de ses magasins en Europe, avec la France en t\u00eate"},"content":{"rendered":"\n<p class=\"wp-block-paragraph\">La marque de chaussures <strong>Clarks <\/strong>ouvre un deuxi\u00e8me magasin \u00e0 Paris et pr\u00e9voit encore trois implantations fran\u00e7aises suppl\u00e9mentaires cette ann\u00e9e. Le groupe britannique \u00e9tend en m\u00eame temps son r\u00e9seau de magasins et de vente en gros sur plusieurs march\u00e9s europ\u00e9ens.<\/p>\n\n\n\n<h2 class=\"wp-block-heading\">Trois magasins suivront<\/h2>\n\n\n\n<p class=\"wp-block-paragraph\">Clarks a ouvert un magasin au 11, boulevard de la Madeleine \u00e0 Paris, \u00e0 proximit\u00e9 de la place de la Madeleine et des rues commer\u00e7antes autour du boulevard Haussmann. Il s\u2019agit du deuxi\u00e8me point de vente de la marque britannique de chaussures dans la capitale fran\u00e7aise. D\u2019ici la fin de 2026, Clarks souhaite encore ouvrir trois magasins en France.<\/p>\n\n\n\n<p class=\"wp-block-paragraph\">L\u2019expansion ne se limite pas \u00e0 la France. Clarks a ouvert ou s\u00e9curis\u00e9 cette ann\u00e9e de nouveaux emplacements notamment en Italie, en Espagne, en Belgique et au Royaume-Uni. En Espagne, des magasins ont \u00e9t\u00e9 ajout\u00e9s \u00e0 Barcelone et \u00e0 Bilbao, tandis que la marque a \u00e9galement \u00e9tendu son r\u00e9seau italien. Le r\u00e9seau de vente en gros se d\u00e9veloppe lui aussi : pour la saison automne-hiver 2026, Clarks s\u2019est associ\u00e9 \u00e0 120 nouveaux d\u00e9taillants multimarques en Europe et au Royaume-Uni.<\/p>\n\n\n<h2 class=\"wp-block-heading\">De nouveau rentable<\/h2>\n\n\n\n<p class=\"wp-block-paragraph\">\u00ab L\u2019ouverture de notre nouveau magasin sur le Boulevard de la Madeleine est un moment important pour Clarks en France et montre clairement notre confiance dans le march\u00e9 \u00bb, d\u00e9clare Joe Ulloa, pr\u00e9sident UK &amp; Europe. \u00ab Il s\u2019agit de notre deuxi\u00e8me magasin \u00e0 Paris, mais ce n\u2019est qu\u2019un \u00e9l\u00e9ment de notre ambition pour la France. Avec encore trois ouvertures pr\u00e9vues cette ann\u00e9e, nous d\u00e9veloppons un r\u00e9seau de magasins plus solide tout en poursuivant notre croissance via le wholesale et d\u2019autres canaux. \u00bb<\/p>\n\n\n\n<p class=\"wp-block-paragraph\">Cette expansion fait suite au redressement des r\u00e9sultats : Clarks est redevenu b\u00e9n\u00e9ficiaire en 2025 et a enregistr\u00e9 un b\u00e9n\u00e9fice op\u00e9rationnel de 66,3 millions de livres sterling (77,2 millions d\u2019euros). L\u2019entreprise a en outre cl\u00f4tur\u00e9 l\u2019ann\u00e9e sans dettes bancaires. Clarks attribue notamment cette am\u00e9lioration \u00e0 un contr\u00f4le plus strict des co\u00fbts, \u00e0 une meilleure gestion des stocks et \u00e0 la simplification des processus op\u00e9rationnels. La marque a par ailleurs ajust\u00e9 sa structure tarifaire en Europe.<\/p>\n","protected":false},"excerpt":{"rendered":"<p>La marque de chaussures Clarks ouvre un deuxi\u00e8me magasin \u00e0 Paris et pr\u00e9voit encore trois implantations fran\u00e7aises suppl\u00e9mentaires cette ann\u00e9e. Le groupe britannique \u00e9tend en m\u00eame temps son r\u00e9seau de magasins et de vente en gros sur plusieurs march\u00e9s europ\u00e9ens.<\/p>\n","protected":false},"author":5,"featured_media":154699,"comment_status":"closed","ping_status":"closed","sticky":false,"template":"","format":"standard","meta":{"_acf_changed":false,"inline_featured_image":false,"_jetpack_newsletter_access":"","_jetpack_dont_email_post_to_subs":false,"_jetpack_newsletter_tier_id":0,"_jetpack_memberships_contains_paywalled_content":false,"_jetpack_memberships_contains_paid_content":false,"footnotes":""},"categories":[14,22],"tags":[],"people":[],"extra":[43],"company":[1384],"topic":[276,310],"region":[342],"class_list":["post-154698","post","type-post","status-publish","format-standard","has-post-thumbnail","hentry","category-mode","extra-plus","company-clarks","topic-expansion","topic-ouverture-de-magasin","region-france"],"acf":[],"yoast_head":"<!-- This site is optimized with the Yoast SEO plugin v28.1 - https:\/\/yoast.com\/product\/yoast-seo-wordpress\/ -->\n<title>Clarks acc\u00e9l\u00e8re l\u2019expansion de ses magasins en Europe, avec la France en t\u00eate - RetailDetail BE<\/title>\n<meta name=\"robots\" content=\"index, follow, max-snippet:-1, max-image-preview:large, max-video-preview:-1\" \/>\n<link rel=\"canonical\" href=\"https:\/\/www.retaildetail.be\/fr\/news\/mode\/clarks-accelere-lexpansion-de-ses-magasins-en-europe-avec-la-france-en-tete\/\" \/>\n<meta property=\"og:locale\" content=\"fr_FR\" \/>\n<meta property=\"og:type\" content=\"article\" \/>\n<meta property=\"og:title\" content=\"Clarks acc\u00e9l\u00e8re l\u2019expansion de ses magasins en Europe, avec la France en t\u00eate - RetailDetail BE\" \/>\n<meta property=\"og:description\" content=\"La marque de chaussures Clarks ouvre un deuxi\u00e8me magasin \u00e0 Paris et pr\u00e9voit encore trois implantations fran\u00e7aises suppl\u00e9mentaires cette ann\u00e9e. Le groupe britannique \u00e9tend en m\u00eame temps son r\u00e9seau de magasins et de vente en gros sur plusieurs march\u00e9s europ\u00e9ens.\" \/>\n<meta property=\"og:url\" content=\"https:\/\/www.retaildetail.be\/fr\/news\/mode\/clarks-accelere-lexpansion-de-ses-magasins-en-europe-avec-la-france-en-tete\/\" \/>\n<meta property=\"og:site_name\" content=\"RetailDetail BE\" \/>\n<meta property=\"article:published_time\" content=\"2026-09-04T08:58:47+00:00\" \/>\n<meta property=\"article:modified_time\" content=\"2026-09-04T08:58:48+00:00\" \/>\n<meta property=\"og:image\" content=\"https:\/\/www.retaildetail.be\/wp-content\/uploads\/2026\/09\/ClarksParisMadeline_3-scaled-2.jpg\" \/>\n\t<meta property=\"og:image:width\" content=\"2560\" \/>\n\t<meta property=\"og:image:height\" content=\"1934\" \/>\n\t<meta property=\"og:image:type\" content=\"image\/jpeg\" \/>\n<meta name=\"author\" content=\"Pauline Neerman\" \/>\n<meta name=\"twitter:card\" content=\"summary_large_image\" \/>\n<meta name=\"twitter:label1\" content=\"\u00c9crit par\" \/>\n\t<meta name=\"twitter:data1\" content=\"Pauline Neerman\" \/>\n\t<meta name=\"twitter:label2\" content=\"Dur\u00e9e de lecture estim\u00e9e\" \/>\n\t<meta name=\"twitter:data2\" content=\"2 minutes\" \/>\n<script type=\"application\/ld+json\" class=\"yoast-schema-graph\">{\"@context\":\"https:\\\/\\\/schema.org\",\"@graph\":[{\"@type\":\"NewsArticle\",\"@id\":\"https:\\\/\\\/www.retaildetail.be\\\/fr\\\/news\\\/mode\\\/clarks-accelere-lexpansion-de-ses-magasins-en-europe-avec-la-france-en-tete\\\/#article\",\"isPartOf\":{\"@id\":\"https:\\\/\\\/www.retaildetail.be\\\/fr\\\/news\\\/mode\\\/clarks-accelere-lexpansion-de-ses-magasins-en-europe-avec-la-france-en-tete\\\/\"},\"author\":{\"name\":\"Pauline Neerman\",\"@id\":\"https:\\\/\\\/www.retaildetail.be\\\/nl\\\/#\\\/schema\\\/person\\\/66b54803fa10759039079458ea89e307\"},\"headline\":\"Clarks acc\u00e9l\u00e8re l\u2019expansion de ses magasins en Europe, avec la France en t\u00eate\",\"datePublished\":\"2026-09-04T08:58:47+00:00\",\"dateModified\":\"2026-09-04T08:58:48+00:00\",\"mainEntityOfPage\":{\"@id\":\"https:\\\/\\\/www.retaildetail.be\\\/fr\\\/news\\\/mode\\\/clarks-accelere-lexpansion-de-ses-magasins-en-europe-avec-la-france-en-tete\\\/\"},\"wordCount\":386,\"publisher\":{\"@id\":\"https:\\\/\\\/www.retaildetail.be\\\/nl\\\/#organization\"},\"image\":{\"@id\":\"https:\\\/\\\/www.retaildetail.be\\\/fr\\\/news\\\/mode\\\/clarks-accelere-lexpansion-de-ses-magasins-en-europe-avec-la-france-en-tete\\\/#primaryimage\"},\"thumbnailUrl\":\"https:\\\/\\\/www.retaildetail.be\\\/wp-content\\\/uploads\\\/2026\\\/09\\\/ClarksParisMadeline_3-scaled-2.jpg\",\"articleSection\":[\"Mode\",\"Mode\"],\"inLanguage\":\"fr-FR\",\"copyrightYear\":\"2026\",\"copyrightHolder\":{\"@id\":\"https:\\\/\\\/www.retaildetail.be\\\/#organization\"}},{\"@type\":\"WebPage\",\"@id\":\"https:\\\/\\\/www.retaildetail.be\\\/fr\\\/news\\\/mode\\\/clarks-accelere-lexpansion-de-ses-magasins-en-europe-avec-la-france-en-tete\\\/\",\"url\":\"https:\\\/\\\/www.retaildetail.be\\\/fr\\\/news\\\/mode\\\/clarks-accelere-lexpansion-de-ses-magasins-en-europe-avec-la-france-en-tete\\\/\",\"name\":\"Clarks acc\u00e9l\u00e8re l\u2019expansion de ses magasins en Europe, avec la France en t\u00eate - RetailDetail BE\",\"isPartOf\":{\"@id\":\"https:\\\/\\\/www.retaildetail.be\\\/nl\\\/#website\"},\"primaryImageOfPage\":{\"@id\":\"https:\\\/\\\/www.retaildetail.be\\\/fr\\\/news\\\/mode\\\/clarks-accelere-lexpansion-de-ses-magasins-en-europe-avec-la-france-en-tete\\\/#primaryimage\"},\"image\":{\"@id\":\"https:\\\/\\\/www.retaildetail.be\\\/fr\\\/news\\\/mode\\\/clarks-accelere-lexpansion-de-ses-magasins-en-europe-avec-la-france-en-tete\\\/#primaryimage\"},\"thumbnailUrl\":\"https:\\\/\\\/www.retaildetail.be\\\/wp-content\\\/uploads\\\/2026\\\/09\\\/ClarksParisMadeline_3-scaled-2.jpg\",\"datePublished\":\"2026-09-04T08:58:47+00:00\",\"dateModified\":\"2026-09-04T08:58:48+00:00\",\"breadcrumb\":{\"@id\":\"https:\\\/\\\/www.retaildetail.be\\\/fr\\\/news\\\/mode\\\/clarks-accelere-lexpansion-de-ses-magasins-en-europe-avec-la-france-en-tete\\\/#breadcrumb\"},\"inLanguage\":\"fr-FR\",\"potentialAction\":[{\"@type\":\"ReadAction\",\"target\":[\"https:\\\/\\\/www.retaildetail.be\\\/fr\\\/news\\\/mode\\\/clarks-accelere-lexpansion-de-ses-magasins-en-europe-avec-la-france-en-tete\\\/\"]}]},{\"@type\":\"ImageObject\",\"inLanguage\":\"fr-FR\",\"@id\":\"https:\\\/\\\/www.retaildetail.be\\\/fr\\\/news\\\/mode\\\/clarks-accelere-lexpansion-de-ses-magasins-en-europe-avec-la-france-en-tete\\\/#primaryimage\",\"url\":\"https:\\\/\\\/www.retaildetail.be\\\/wp-content\\\/uploads\\\/2026\\\/09\\\/ClarksParisMadeline_3-scaled-2.jpg\",\"contentUrl\":\"https:\\\/\\\/www.retaildetail.be\\\/wp-content\\\/uploads\\\/2026\\\/09\\\/ClarksParisMadeline_3-scaled-2.jpg\",\"width\":2560,\"height\":1934},{\"@type\":\"BreadcrumbList\",\"@id\":\"https:\\\/\\\/www.retaildetail.be\\\/fr\\\/news\\\/mode\\\/clarks-accelere-lexpansion-de-ses-magasins-en-europe-avec-la-france-en-tete\\\/#breadcrumb\",\"itemListElement\":[{\"@type\":\"ListItem\",\"position\":1,\"name\":\"Home\",\"item\":\"https:\\\/\\\/www.retaildetail.be\\\/fr\\\/\"},{\"@type\":\"ListItem\",\"position\":2,\"name\":\"Clarks acc\u00e9l\u00e8re l\u2019expansion de ses magasins en Europe, avec la France en t\u00eate\"}]},{\"@type\":\"WebSite\",\"@id\":\"https:\\\/\\\/www.retaildetail.be\\\/nl\\\/#website\",\"url\":\"https:\\\/\\\/www.retaildetail.be\\\/nl\\\/\",\"name\":\"RetailDetail BE\",\"description\":\"News\",\"publisher\":{\"@id\":\"https:\\\/\\\/www.retaildetail.be\\\/nl\\\/#organization\"},\"potentialAction\":[{\"@type\":\"SearchAction\",\"target\":{\"@type\":\"EntryPoint\",\"urlTemplate\":\"https:\\\/\\\/www.retaildetail.be\\\/nl\\\/?s={search_term_string}\"},\"query-input\":{\"@type\":\"PropertyValueSpecification\",\"valueRequired\":true,\"valueName\":\"search_term_string\"}}],\"inLanguage\":\"fr-FR\"},{\"@type\":\"Organization\",\"@id\":\"https:\\\/\\\/www.retaildetail.be\\\/nl\\\/#organization\",\"name\":\"RetailDetail BE\",\"url\":\"https:\\\/\\\/www.retaildetail.be\\\/nl\\\/\",\"logo\":{\"@type\":\"ImageObject\",\"inLanguage\":\"fr-FR\",\"@id\":\"https:\\\/\\\/www.retaildetail.be\\\/nl\\\/#\\\/schema\\\/logo\\\/image\\\/\",\"url\":\"https:\\\/\\\/www.retaildetail.be\\\/wp-content\\\/uploads\\\/2022\\\/04\\\/logo.svg\",\"contentUrl\":\"https:\\\/\\\/www.retaildetail.be\\\/wp-content\\\/uploads\\\/2022\\\/04\\\/logo.svg\",\"width\":131,\"height\":70,\"caption\":\"RetailDetail BE\"},\"image\":{\"@id\":\"https:\\\/\\\/www.retaildetail.be\\\/nl\\\/#\\\/schema\\\/logo\\\/image\\\/\"}},{\"@type\":\"Person\",\"@id\":\"https:\\\/\\\/www.retaildetail.be\\\/nl\\\/#\\\/schema\\\/person\\\/66b54803fa10759039079458ea89e307\",\"name\":\"Pauline Neerman\",\"image\":{\"@type\":\"ImageObject\",\"inLanguage\":\"fr-FR\",\"@id\":\"https:\\\/\\\/secure.gravatar.com\\\/avatar\\\/58db22aee589a691f9603e5765ac06010427a923f9b2728b951eb7fe27214d70?s=96&d=mm&r=g\",\"url\":\"https:\\\/\\\/secure.gravatar.com\\\/avatar\\\/58db22aee589a691f9603e5765ac06010427a923f9b2728b951eb7fe27214d70?s=96&d=mm&r=g\",\"contentUrl\":\"https:\\\/\\\/secure.gravatar.com\\\/avatar\\\/58db22aee589a691f9603e5765ac06010427a923f9b2728b951eb7fe27214d70?s=96&d=mm&r=g\",\"caption\":\"Pauline Neerman\"},\"url\":\"https:\\\/\\\/www.retaildetail.be\\\/fr\\\/author\\\/paulineneerman\\\/\"}]}<\/script>\n<!-- \/ Yoast SEO plugin. -->","yoast_head_json":{"title":"Clarks acc\u00e9l\u00e8re l\u2019expansion de ses magasins en Europe, avec la France en t\u00eate - RetailDetail BE","robots":{"index":"index","follow":"follow","max-snippet":"max-snippet:-1","max-image-preview":"max-image-preview:large","max-video-preview":"max-video-preview:-1"},"canonical":"https:\/\/www.retaildetail.be\/fr\/news\/mode\/clarks-accelere-lexpansion-de-ses-magasins-en-europe-avec-la-france-en-tete\/","og_locale":"fr_FR","og_type":"article","og_title":"Clarks acc\u00e9l\u00e8re l\u2019expansion de ses magasins en Europe, avec la France en t\u00eate - RetailDetail BE","og_description":"La marque de chaussures Clarks ouvre un deuxi\u00e8me magasin \u00e0 Paris et pr\u00e9voit encore trois implantations fran\u00e7aises suppl\u00e9mentaires cette ann\u00e9e. Le groupe britannique \u00e9tend en m\u00eame temps son r\u00e9seau de magasins et de vente en gros sur plusieurs march\u00e9s europ\u00e9ens.","og_url":"https:\/\/www.retaildetail.be\/fr\/news\/mode\/clarks-accelere-lexpansion-de-ses-magasins-en-europe-avec-la-france-en-tete\/","og_site_name":"RetailDetail BE","article_published_time":"2026-09-04T08:58:47+00:00","article_modified_time":"2026-09-04T08:58:48+00:00","og_image":[{"width":2560,"height":1934,"url":"https:\/\/www.retaildetail.be\/wp-content\/uploads\/2026\/09\/ClarksParisMadeline_3-scaled-2.jpg","type":"image\/jpeg"}],"author":"Pauline Neerman","twitter_card":"summary_large_image","twitter_misc":{"\u00c9crit par":"Pauline Neerman","Dur\u00e9e de lecture estim\u00e9e":"2 minutes"},"schema":{"@context":"https:\/\/schema.org","@graph":[{"@type":"NewsArticle","@id":"https:\/\/www.retaildetail.be\/fr\/news\/mode\/clarks-accelere-lexpansion-de-ses-magasins-en-europe-avec-la-france-en-tete\/#article","isPartOf":{"@id":"https:\/\/www.retaildetail.be\/fr\/news\/mode\/clarks-accelere-lexpansion-de-ses-magasins-en-europe-avec-la-france-en-tete\/"},"author":{"name":"Pauline Neerman","@id":"https:\/\/www.retaildetail.be\/nl\/#\/schema\/person\/66b54803fa10759039079458ea89e307"},"headline":"Clarks acc\u00e9l\u00e8re l\u2019expansion de ses magasins en Europe, avec la France en t\u00eate","datePublished":"2026-09-04T08:58:47+00:00","dateModified":"2026-09-04T08:58:48+00:00","mainEntityOfPage":{"@id":"https:\/\/www.retaildetail.be\/fr\/news\/mode\/clarks-accelere-lexpansion-de-ses-magasins-en-europe-avec-la-france-en-tete\/"},"wordCount":386,"publisher":{"@id":"https:\/\/www.retaildetail.be\/nl\/#organization"},"image":{"@id":"https:\/\/www.retaildetail.be\/fr\/news\/mode\/clarks-accelere-lexpansion-de-ses-magasins-en-europe-avec-la-france-en-tete\/#primaryimage"},"thumbnailUrl":"https:\/\/www.retaildetail.be\/wp-content\/uploads\/2026\/09\/ClarksParisMadeline_3-scaled-2.jpg","articleSection":["Mode","Mode"],"inLanguage":"fr-FR","copyrightYear":"2026","copyrightHolder":{"@id":"https:\/\/www.retaildetail.be\/#organization"}},{"@type":"WebPage","@id":"https:\/\/www.retaildetail.be\/fr\/news\/mode\/clarks-accelere-lexpansion-de-ses-magasins-en-europe-avec-la-france-en-tete\/","url":"https:\/\/www.retaildetail.be\/fr\/news\/mode\/clarks-accelere-lexpansion-de-ses-magasins-en-europe-avec-la-france-en-tete\/","name":"Clarks acc\u00e9l\u00e8re l\u2019expansion de ses magasins en Europe, avec la France en t\u00eate - RetailDetail BE","isPartOf":{"@id":"https:\/\/www.retaildetail.be\/nl\/#website"},"primaryImageOfPage":{"@id":"https:\/\/www.retaildetail.be\/fr\/news\/mode\/clarks-accelere-lexpansion-de-ses-magasins-en-europe-avec-la-france-en-tete\/#primaryimage"},"image":{"@id":"https:\/\/www.retaildetail.be\/fr\/news\/mode\/clarks-accelere-lexpansion-de-ses-magasins-en-europe-avec-la-france-en-tete\/#primaryimage"},"thumbnailUrl":"https:\/\/www.retaildetail.be\/wp-content\/uploads\/2026\/09\/ClarksParisMadeline_3-scaled-2.jpg","datePublished":"2026-09-04T08:58:47+00:00","dateModified":"2026-09-04T08:58:48+00:00","breadcrumb":{"@id":"https:\/\/www.retaildetail.be\/fr\/news\/mode\/clarks-accelere-lexpansion-de-ses-magasins-en-europe-avec-la-france-en-tete\/#breadcrumb"},"inLanguage":"fr-FR","potentialAction":[{"@type":"ReadAction","target":["https:\/\/www.retaildetail.be\/fr\/news\/mode\/clarks-accelere-lexpansion-de-ses-magasins-en-europe-avec-la-france-en-tete\/"]}]},{"@type":"ImageObject","inLanguage":"fr-FR","@id":"https:\/\/www.retaildetail.be\/fr\/news\/mode\/clarks-accelere-lexpansion-de-ses-magasins-en-europe-avec-la-france-en-tete\/#primaryimage","url":"https:\/\/www.retaildetail.be\/wp-content\/uploads\/2026\/09\/ClarksParisMadeline_3-scaled-2.jpg","contentUrl":"https:\/\/www.retaildetail.be\/wp-content\/uploads\/2026\/09\/ClarksParisMadeline_3-scaled-2.jpg","width":2560,"height":1934},{"@type":"BreadcrumbList","@id":"https:\/\/www.retaildetail.be\/fr\/news\/mode\/clarks-accelere-lexpansion-de-ses-magasins-en-europe-avec-la-france-en-tete\/#breadcrumb","itemListElement":[{"@type":"ListItem","position":1,"name":"Home","item":"https:\/\/www.retaildetail.be\/fr\/"},{"@type":"ListItem","position":2,"name":"Clarks acc\u00e9l\u00e8re l\u2019expansion de ses magasins en Europe, avec la France en t\u00eate"}]},{"@type":"WebSite","@id":"https:\/\/www.retaildetail.be\/nl\/#website","url":"https:\/\/www.retaildetail.be\/nl\/","name":"RetailDetail BE","description":"News","publisher":{"@id":"https:\/\/www.retaildetail.be\/nl\/#organization"},"potentialAction":[{"@type":"SearchAction","target":{"@type":"EntryPoint","urlTemplate":"https:\/\/www.retaildetail.be\/nl\/?s={search_term_string}"},"query-input":{"@type":"PropertyValueSpecification","valueRequired":true,"valueName":"search_term_string"}}],"inLanguage":"fr-FR"},{"@type":"Organization","@id":"https:\/\/www.retaildetail.be\/nl\/#organization","name":"RetailDetail BE","url":"https:\/\/www.retaildetail.be\/nl\/","logo":{"@type":"ImageObject","inLanguage":"fr-FR","@id":"https:\/\/www.retaildetail.be\/nl\/#\/schema\/logo\/image\/","url":"https:\/\/www.retaildetail.be\/wp-content\/uploads\/2022\/04\/logo.svg","contentUrl":"https:\/\/www.retaildetail.be\/wp-content\/uploads\/2022\/04\/logo.svg","width":131,"height":70,"caption":"RetailDetail BE"},"image":{"@id":"https:\/\/www.retaildetail.be\/nl\/#\/schema\/logo\/image\/"}},{"@type":"Person","@id":"https:\/\/www.retaildetail.be\/nl\/#\/schema\/person\/66b54803fa10759039079458ea89e307","name":"Pauline Neerman","image":{"@type":"ImageObject","inLanguage":"fr-FR","@id":"https:\/\/secure.gravatar.com\/avatar\/58db22aee589a691f9603e5765ac06010427a923f9b2728b951eb7fe27214d70?s=96&d=mm&r=g","url":"https:\/\/secure.gravatar.com\/avatar\/58db22aee589a691f9603e5765ac06010427a923f9b2728b951eb7fe27214d70?s=96&d=mm&r=g","contentUrl":"https:\/\/secure.gravatar.com\/avatar\/58db22aee589a691f9603e5765ac06010427a923f9b2728b951eb7fe27214d70?s=96&d=mm&r=g","caption":"Pauline Neerman"},"url":"https:\/\/www.retaildetail.be\/fr\/author\/paulineneerman\/"}]}},"jetpack_featured_media_url":"https:\/\/www.retaildetail.be\/wp-content\/uploads\/2026\/09\/ClarksParisMadeline_3-scaled-2.jpg","jetpack_sharing_enabled":true,"_links":{"self":[{"href":"https:\/\/www.retaildetail.be\/fr\/wp-json\/wp\/v2\/posts\/154698","targetHints":{"allow":["GET"]}}],"collection":[{"href":"https:\/\/www.retaildetail.be\/fr\/wp-json\/wp\/v2\/posts"}],"about":[{"href":"https:\/\/www.retaildetail.be\/fr\/wp-json\/wp\/v2\/types\/post"}],"author":[{"embeddable":true,"href":"https:\/\/www.retaildetail.be\/fr\/wp-json\/wp\/v2\/users\/5"}],"replies":[{"embeddable":true,"href":"https:\/\/www.retaildetail.be\/fr\/wp-json\/wp\/v2\/comments?post=154698"}],"version-history":[{"count":1,"href":"https:\/\/www.retaildetail.be\/fr\/wp-json\/wp\/v2\/posts\/154698\/revisions"}],"predecessor-version":[{"id":154701,"href":"https:\/\/www.retaildetail.be\/fr\/wp-json\/wp\/v2\/posts\/154698\/revisions\/154701"}],"wp:featuredmedia":[{"embeddable":true,"href":"https:\/\/www.retaildetail.be\/fr\/wp-json\/wp\/v2\/media\/154699"}],"wp:attachment":[{"href":"https:\/\/www.retaildetail.be\/fr\/wp-json\/wp\/v2\/media?parent=154698"}],"wp:term":[{"taxonomy":"category","embeddable":true,"href":"https:\/\/www.retaildetail.be\/fr\/wp-json\/wp\/v2\/categories?post=154698"},{"taxonomy":"post_tag","embeddable":true,"href":"https:\/\/www.retaildetail.be\/fr\/wp-json\/wp\/v2\/tags?post=154698"},{"taxonomy":"people","embeddable":true,"href":"https:\/\/www.retaildetail.be\/fr\/wp-json\/wp\/v2\/people?post=154698"},{"taxonomy":"extra","embeddable":true,"href":"https:\/\/www.retaildetail.be\/fr\/wp-json\/wp\/v2\/extra?post=154698"},{"taxonomy":"company","embeddable":true,"href":"https:\/\/www.retaildetail.be\/fr\/wp-json\/wp\/v2\/company?post=154698"},{"taxonomy":"topic","embeddable":true,"href":"https:\/\/www.retaildetail.be\/fr\/wp-json\/wp\/v2\/topic?post=154698"},{"taxonomy":"region","embeddable":true,"href":"https:\/\/www.retaildetail.be\/fr\/wp-json\/wp\/v2\/region?post=154698"}],"curies":[{"name":"wp","href":"https:\/\/api.w.org\/{rel}","templated":true}]}}