{"id":154711,"date":"2026-09-04T11:30:10","date_gmt":"2026-09-04T09:30:10","guid":{"rendered":"https:\/\/www.retaildetail.be\/?p=154711"},"modified":"2026-09-04T11:30:12","modified_gmt":"2026-09-04T09:30:12","slug":"lidl-compte-desormais-13-000-magasins-a-travers-le-monde","status":"publish","type":"post","link":"https:\/\/www.retaildetail.be\/fr\/news\/food\/lidl-compte-desormais-13-000-magasins-a-travers-le-monde\/","title":{"rendered":"Lidl compte d\u00e9sormais 13 000 magasins \u00e0 travers le monde"},"content":{"rendered":"\n<p class=\"wp-block-paragraph\">Avec l&rsquo;ouverture, jeudi dernier, d&rsquo;un supermarch\u00e9 de 1 200 m\u00b2 \u00e0 Raunheim, non loin de Francfort, dans le Land allemand de Hesse, <strong>Lidl<\/strong> a franchi le cap des 13 000 magasins en activit\u00e9 \u00e0 travers le monde.<\/p>\n\n\n\n<h2 class=\"wp-block-heading\">\u00ab Une r\u00e9ussite unique \u00bb<\/h2>\n\n\n\n<p class=\"wp-block-paragraph\">Le distributeur c\u00e9l\u00e8bre cette \u00e9tape importante avec un programme d\u2019inauguration de trois jours destin\u00e9 aux habitants du quartier, comprenant des r\u00e9ductions via l\u2019application, des animations et des pr\u00e9sentations de produits. Le discounter, qui r\u00e9alise un chiffre d\u2019affaires de 140 milliards d\u2019euros, poss\u00e8de des magasins dans 32 pays, dont plus de 3 250 en Allemagne. Sur son march\u00e9 domestique, sa strat\u00e9gie d\u2019expansion se concentre actuellement sur les villes de taille moyenne et les m\u00e9tropoles.<\/p>\n\n\n\n<p class=\"wp-block-paragraph\">\u00ab 13 000 magasins \u00e0 travers le monde, c\u2019est une r\u00e9ussite unique, que nous poursuivons ici \u00e0 Raunheim avec beaucoup d\u2019engagement \u00bb, souligne Friedrich Fuchs, pr\u00e9sident du directoire de Lidl Allemagne. \u00ab Nous allions notre dynamisme d\u2019expansion mondiale \u00e0 une proximit\u00e9 locale fiable. Notre ambition reste claire : nous voulons offrir \u00e0 tous nos clients, partout, une exp\u00e9rience d\u2019achat simple et moderne, ainsi qu\u2019une qualit\u00e9 irr\u00e9prochable au meilleur prix possible. \u00bb<\/p>\n\n\n\n<p class=\"wp-block-paragraph\"><\/p>\n","protected":false},"excerpt":{"rendered":"<p>Avec l&rsquo;ouverture, jeudi dernier, d&rsquo;un supermarch\u00e9 de 1 200 m\u00b2 \u00e0 Raunheim, non loin de Francfort, dans le Land allemand de Hesse, Lidl a franchi le cap des 13 000 magasins en activit\u00e9 dans le monde entier. <\/p>\n","protected":false},"author":3,"featured_media":154712,"comment_status":"closed","ping_status":"closed","sticky":false,"template":"","format":"standard","meta":{"_acf_changed":false,"inline_featured_image":false,"_jetpack_newsletter_access":"","_jetpack_dont_email_post_to_subs":false,"_jetpack_newsletter_tier_id":0,"_jetpack_memberships_contains_paywalled_content":false,"_jetpack_memberships_contains_paid_content":false,"footnotes":""},"categories":[18,24],"tags":[],"people":[],"extra":[],"company":[204],"topic":[276],"region":[],"class_list":["post-154711","post","type-post","status-publish","format-standard","has-post-thumbnail","hentry","category-food","company-lidl","topic-expansion"],"acf":[],"yoast_head":"<!-- This site is optimized with the Yoast SEO plugin v28.1 - https:\/\/yoast.com\/product\/yoast-seo-wordpress\/ -->\n<title>Lidl compte d\u00e9sormais 13 000 magasins \u00e0 travers le monde - RetailDetail BE<\/title>\n<meta name=\"description\" content=\"Avec l&#039;ouverture, jeudi dernier, d&#039;un supermarch\u00e9 de 1 200 m\u00b2 \u00e0 Raunheim, non loin de Francfort, dans le Land allemand de Hesse, Lidl a franchi le cap des 13 000 magasins en activit\u00e9 \u00e0 travers le monde.\" \/>\n<meta name=\"robots\" content=\"index, follow, max-snippet:-1, max-image-preview:large, max-video-preview:-1\" \/>\n<link rel=\"canonical\" href=\"https:\/\/www.retaildetail.be\/fr\/news\/food\/lidl-compte-desormais-13-000-magasins-a-travers-le-monde\/\" \/>\n<meta property=\"og:locale\" content=\"fr_FR\" \/>\n<meta property=\"og:type\" content=\"article\" \/>\n<meta property=\"og:title\" content=\"Lidl compte d\u00e9sormais 13 000 magasins \u00e0 travers le monde - RetailDetail BE\" \/>\n<meta property=\"og:description\" content=\"Avec l&#039;ouverture, jeudi dernier, d&#039;un supermarch\u00e9 de 1 200 m\u00b2 \u00e0 Raunheim, non loin de Francfort, dans le Land allemand de Hesse, Lidl a franchi le cap des 13 000 magasins en activit\u00e9 \u00e0 travers le monde.\" \/>\n<meta property=\"og:url\" content=\"https:\/\/www.retaildetail.be\/fr\/news\/food\/lidl-compte-desormais-13-000-magasins-a-travers-le-monde\/\" \/>\n<meta property=\"og:site_name\" content=\"RetailDetail BE\" \/>\n<meta property=\"article:published_time\" content=\"2026-09-04T09:30:10+00:00\" \/>\n<meta property=\"article:modified_time\" content=\"2026-09-04T09:30:12+00:00\" \/>\n<meta property=\"og:image\" content=\"https:\/\/www.retaildetail.be\/wp-content\/uploads\/2026\/09\/lidl-raunheim-1.jpg\" \/>\n\t<meta property=\"og:image:width\" content=\"1900\" \/>\n\t<meta property=\"og:image:height\" content=\"1322\" \/>\n\t<meta property=\"og:image:type\" content=\"image\/jpeg\" \/>\n<meta name=\"author\" content=\"Stefan Van Rompaey\" \/>\n<meta name=\"twitter:card\" content=\"summary_large_image\" \/>\n<meta name=\"twitter:label1\" content=\"\u00c9crit par\" \/>\n\t<meta name=\"twitter:data1\" content=\"Stefan Van Rompaey\" \/>\n\t<meta name=\"twitter:label2\" content=\"Dur\u00e9e de lecture estim\u00e9e\" \/>\n\t<meta name=\"twitter:data2\" content=\"1 minute\" \/>\n<script type=\"application\/ld+json\" class=\"yoast-schema-graph\">{\"@context\":\"https:\\\/\\\/schema.org\",\"@graph\":[{\"@type\":\"NewsArticle\",\"@id\":\"https:\\\/\\\/www.retaildetail.be\\\/fr\\\/news\\\/food\\\/lidl-compte-desormais-13-000-magasins-a-travers-le-monde\\\/#article\",\"isPartOf\":{\"@id\":\"https:\\\/\\\/www.retaildetail.be\\\/fr\\\/news\\\/food\\\/lidl-compte-desormais-13-000-magasins-a-travers-le-monde\\\/\"},\"author\":{\"name\":\"Stefan Van Rompaey\",\"@id\":\"https:\\\/\\\/www.retaildetail.be\\\/nl\\\/#\\\/schema\\\/person\\\/51aec6069c4416aa2f68b2e4ff3455df\"},\"headline\":\"Lidl compte d\u00e9sormais 13 000 magasins \u00e0 travers le monde\",\"datePublished\":\"2026-09-04T09:30:10+00:00\",\"dateModified\":\"2026-09-04T09:30:12+00:00\",\"mainEntityOfPage\":{\"@id\":\"https:\\\/\\\/www.retaildetail.be\\\/fr\\\/news\\\/food\\\/lidl-compte-desormais-13-000-magasins-a-travers-le-monde\\\/\"},\"wordCount\":196,\"publisher\":{\"@id\":\"https:\\\/\\\/www.retaildetail.be\\\/nl\\\/#organization\"},\"image\":{\"@id\":\"https:\\\/\\\/www.retaildetail.be\\\/fr\\\/news\\\/food\\\/lidl-compte-desormais-13-000-magasins-a-travers-le-monde\\\/#primaryimage\"},\"thumbnailUrl\":\"https:\\\/\\\/www.retaildetail.be\\\/wp-content\\\/uploads\\\/2026\\\/09\\\/lidl-raunheim-1.jpg\",\"articleSection\":[\"Food\",\"Food\"],\"inLanguage\":\"fr-FR\",\"copyrightYear\":\"2026\",\"copyrightHolder\":{\"@id\":\"https:\\\/\\\/www.retaildetail.be\\\/#organization\"}},{\"@type\":\"WebPage\",\"@id\":\"https:\\\/\\\/www.retaildetail.be\\\/fr\\\/news\\\/food\\\/lidl-compte-desormais-13-000-magasins-a-travers-le-monde\\\/\",\"url\":\"https:\\\/\\\/www.retaildetail.be\\\/fr\\\/news\\\/food\\\/lidl-compte-desormais-13-000-magasins-a-travers-le-monde\\\/\",\"name\":\"Lidl compte d\u00e9sormais 13 000 magasins \u00e0 travers le monde - RetailDetail BE\",\"isPartOf\":{\"@id\":\"https:\\\/\\\/www.retaildetail.be\\\/nl\\\/#website\"},\"primaryImageOfPage\":{\"@id\":\"https:\\\/\\\/www.retaildetail.be\\\/fr\\\/news\\\/food\\\/lidl-compte-desormais-13-000-magasins-a-travers-le-monde\\\/#primaryimage\"},\"image\":{\"@id\":\"https:\\\/\\\/www.retaildetail.be\\\/fr\\\/news\\\/food\\\/lidl-compte-desormais-13-000-magasins-a-travers-le-monde\\\/#primaryimage\"},\"thumbnailUrl\":\"https:\\\/\\\/www.retaildetail.be\\\/wp-content\\\/uploads\\\/2026\\\/09\\\/lidl-raunheim-1.jpg\",\"datePublished\":\"2026-09-04T09:30:10+00:00\",\"dateModified\":\"2026-09-04T09:30:12+00:00\",\"description\":\"Avec l'ouverture, jeudi dernier, d'un supermarch\u00e9 de 1 200 m\u00b2 \u00e0 Raunheim, non loin de Francfort, dans le Land allemand de Hesse, Lidl a franchi le cap des 13 000 magasins en activit\u00e9 \u00e0 travers le monde.\",\"breadcrumb\":{\"@id\":\"https:\\\/\\\/www.retaildetail.be\\\/fr\\\/news\\\/food\\\/lidl-compte-desormais-13-000-magasins-a-travers-le-monde\\\/#breadcrumb\"},\"inLanguage\":\"fr-FR\",\"potentialAction\":[{\"@type\":\"ReadAction\",\"target\":[\"https:\\\/\\\/www.retaildetail.be\\\/fr\\\/news\\\/food\\\/lidl-compte-desormais-13-000-magasins-a-travers-le-monde\\\/\"]}]},{\"@type\":\"ImageObject\",\"inLanguage\":\"fr-FR\",\"@id\":\"https:\\\/\\\/www.retaildetail.be\\\/fr\\\/news\\\/food\\\/lidl-compte-desormais-13-000-magasins-a-travers-le-monde\\\/#primaryimage\",\"url\":\"https:\\\/\\\/www.retaildetail.be\\\/wp-content\\\/uploads\\\/2026\\\/09\\\/lidl-raunheim-1.jpg\",\"contentUrl\":\"https:\\\/\\\/www.retaildetail.be\\\/wp-content\\\/uploads\\\/2026\\\/09\\\/lidl-raunheim-1.jpg\",\"width\":1900,\"height\":1322,\"caption\":\"Lidl\"},{\"@type\":\"BreadcrumbList\",\"@id\":\"https:\\\/\\\/www.retaildetail.be\\\/fr\\\/news\\\/food\\\/lidl-compte-desormais-13-000-magasins-a-travers-le-monde\\\/#breadcrumb\",\"itemListElement\":[{\"@type\":\"ListItem\",\"position\":1,\"name\":\"Home\",\"item\":\"https:\\\/\\\/www.retaildetail.be\\\/fr\\\/\"},{\"@type\":\"ListItem\",\"position\":2,\"name\":\"Lidl compte d\u00e9sormais 13 000 magasins \u00e0 travers le monde\"}]},{\"@type\":\"WebSite\",\"@id\":\"https:\\\/\\\/www.retaildetail.be\\\/nl\\\/#website\",\"url\":\"https:\\\/\\\/www.retaildetail.be\\\/nl\\\/\",\"name\":\"RetailDetail BE\",\"description\":\"News\",\"publisher\":{\"@id\":\"https:\\\/\\\/www.retaildetail.be\\\/nl\\\/#organization\"},\"potentialAction\":[{\"@type\":\"SearchAction\",\"target\":{\"@type\":\"EntryPoint\",\"urlTemplate\":\"https:\\\/\\\/www.retaildetail.be\\\/nl\\\/?s={search_term_string}\"},\"query-input\":{\"@type\":\"PropertyValueSpecification\",\"valueRequired\":true,\"valueName\":\"search_term_string\"}}],\"inLanguage\":\"fr-FR\"},{\"@type\":\"Organization\",\"@id\":\"https:\\\/\\\/www.retaildetail.be\\\/nl\\\/#organization\",\"name\":\"RetailDetail BE\",\"url\":\"https:\\\/\\\/www.retaildetail.be\\\/nl\\\/\",\"logo\":{\"@type\":\"ImageObject\",\"inLanguage\":\"fr-FR\",\"@id\":\"https:\\\/\\\/www.retaildetail.be\\\/nl\\\/#\\\/schema\\\/logo\\\/image\\\/\",\"url\":\"https:\\\/\\\/www.retaildetail.be\\\/wp-content\\\/uploads\\\/2022\\\/04\\\/logo.svg\",\"contentUrl\":\"https:\\\/\\\/www.retaildetail.be\\\/wp-content\\\/uploads\\\/2022\\\/04\\\/logo.svg\",\"width\":131,\"height\":70,\"caption\":\"RetailDetail BE\"},\"image\":{\"@id\":\"https:\\\/\\\/www.retaildetail.be\\\/nl\\\/#\\\/schema\\\/logo\\\/image\\\/\"}},{\"@type\":\"Person\",\"@id\":\"https:\\\/\\\/www.retaildetail.be\\\/nl\\\/#\\\/schema\\\/person\\\/51aec6069c4416aa2f68b2e4ff3455df\",\"name\":\"Stefan Van Rompaey\",\"image\":{\"@type\":\"ImageObject\",\"inLanguage\":\"fr-FR\",\"@id\":\"https:\\\/\\\/secure.gravatar.com\\\/avatar\\\/fbbb4a80a0f109888b2a5ab8ae255617499ecde533749b3ab2fa6c23b5d65dac?s=96&d=mm&r=g\",\"url\":\"https:\\\/\\\/secure.gravatar.com\\\/avatar\\\/fbbb4a80a0f109888b2a5ab8ae255617499ecde533749b3ab2fa6c23b5d65dac?s=96&d=mm&r=g\",\"contentUrl\":\"https:\\\/\\\/secure.gravatar.com\\\/avatar\\\/fbbb4a80a0f109888b2a5ab8ae255617499ecde533749b3ab2fa6c23b5d65dac?s=96&d=mm&r=g\",\"caption\":\"Stefan Van Rompaey\"},\"url\":\"https:\\\/\\\/www.retaildetail.be\\\/fr\\\/author\\\/stefanvanrompaey\\\/\"}]}<\/script>\n<!-- \/ Yoast SEO plugin. -->","yoast_head_json":{"title":"Lidl compte d\u00e9sormais 13 000 magasins \u00e0 travers le monde - RetailDetail BE","description":"Avec l'ouverture, jeudi dernier, d'un supermarch\u00e9 de 1 200 m\u00b2 \u00e0 Raunheim, non loin de Francfort, dans le Land allemand de Hesse, Lidl a franchi le cap des 13 000 magasins en activit\u00e9 \u00e0 travers le monde.","robots":{"index":"index","follow":"follow","max-snippet":"max-snippet:-1","max-image-preview":"max-image-preview:large","max-video-preview":"max-video-preview:-1"},"canonical":"https:\/\/www.retaildetail.be\/fr\/news\/food\/lidl-compte-desormais-13-000-magasins-a-travers-le-monde\/","og_locale":"fr_FR","og_type":"article","og_title":"Lidl compte d\u00e9sormais 13 000 magasins \u00e0 travers le monde - RetailDetail BE","og_description":"Avec l'ouverture, jeudi dernier, d'un supermarch\u00e9 de 1 200 m\u00b2 \u00e0 Raunheim, non loin de Francfort, dans le Land allemand de Hesse, Lidl a franchi le cap des 13 000 magasins en activit\u00e9 \u00e0 travers le monde.","og_url":"https:\/\/www.retaildetail.be\/fr\/news\/food\/lidl-compte-desormais-13-000-magasins-a-travers-le-monde\/","og_site_name":"RetailDetail BE","article_published_time":"2026-09-04T09:30:10+00:00","article_modified_time":"2026-09-04T09:30:12+00:00","og_image":[{"width":1900,"height":1322,"url":"https:\/\/www.retaildetail.be\/wp-content\/uploads\/2026\/09\/lidl-raunheim-1.jpg","type":"image\/jpeg"}],"author":"Stefan Van Rompaey","twitter_card":"summary_large_image","twitter_misc":{"\u00c9crit par":"Stefan Van Rompaey","Dur\u00e9e de lecture estim\u00e9e":"1 minute"},"schema":{"@context":"https:\/\/schema.org","@graph":[{"@type":"NewsArticle","@id":"https:\/\/www.retaildetail.be\/fr\/news\/food\/lidl-compte-desormais-13-000-magasins-a-travers-le-monde\/#article","isPartOf":{"@id":"https:\/\/www.retaildetail.be\/fr\/news\/food\/lidl-compte-desormais-13-000-magasins-a-travers-le-monde\/"},"author":{"name":"Stefan Van Rompaey","@id":"https:\/\/www.retaildetail.be\/nl\/#\/schema\/person\/51aec6069c4416aa2f68b2e4ff3455df"},"headline":"Lidl compte d\u00e9sormais 13 000 magasins \u00e0 travers le monde","datePublished":"2026-09-04T09:30:10+00:00","dateModified":"2026-09-04T09:30:12+00:00","mainEntityOfPage":{"@id":"https:\/\/www.retaildetail.be\/fr\/news\/food\/lidl-compte-desormais-13-000-magasins-a-travers-le-monde\/"},"wordCount":196,"publisher":{"@id":"https:\/\/www.retaildetail.be\/nl\/#organization"},"image":{"@id":"https:\/\/www.retaildetail.be\/fr\/news\/food\/lidl-compte-desormais-13-000-magasins-a-travers-le-monde\/#primaryimage"},"thumbnailUrl":"https:\/\/www.retaildetail.be\/wp-content\/uploads\/2026\/09\/lidl-raunheim-1.jpg","articleSection":["Food","Food"],"inLanguage":"fr-FR","copyrightYear":"2026","copyrightHolder":{"@id":"https:\/\/www.retaildetail.be\/#organization"}},{"@type":"WebPage","@id":"https:\/\/www.retaildetail.be\/fr\/news\/food\/lidl-compte-desormais-13-000-magasins-a-travers-le-monde\/","url":"https:\/\/www.retaildetail.be\/fr\/news\/food\/lidl-compte-desormais-13-000-magasins-a-travers-le-monde\/","name":"Lidl compte d\u00e9sormais 13 000 magasins \u00e0 travers le monde - RetailDetail BE","isPartOf":{"@id":"https:\/\/www.retaildetail.be\/nl\/#website"},"primaryImageOfPage":{"@id":"https:\/\/www.retaildetail.be\/fr\/news\/food\/lidl-compte-desormais-13-000-magasins-a-travers-le-monde\/#primaryimage"},"image":{"@id":"https:\/\/www.retaildetail.be\/fr\/news\/food\/lidl-compte-desormais-13-000-magasins-a-travers-le-monde\/#primaryimage"},"thumbnailUrl":"https:\/\/www.retaildetail.be\/wp-content\/uploads\/2026\/09\/lidl-raunheim-1.jpg","datePublished":"2026-09-04T09:30:10+00:00","dateModified":"2026-09-04T09:30:12+00:00","description":"Avec l'ouverture, jeudi dernier, d'un supermarch\u00e9 de 1 200 m\u00b2 \u00e0 Raunheim, non loin de Francfort, dans le Land allemand de Hesse, Lidl a franchi le cap des 13 000 magasins en activit\u00e9 \u00e0 travers le monde.","breadcrumb":{"@id":"https:\/\/www.retaildetail.be\/fr\/news\/food\/lidl-compte-desormais-13-000-magasins-a-travers-le-monde\/#breadcrumb"},"inLanguage":"fr-FR","potentialAction":[{"@type":"ReadAction","target":["https:\/\/www.retaildetail.be\/fr\/news\/food\/lidl-compte-desormais-13-000-magasins-a-travers-le-monde\/"]}]},{"@type":"ImageObject","inLanguage":"fr-FR","@id":"https:\/\/www.retaildetail.be\/fr\/news\/food\/lidl-compte-desormais-13-000-magasins-a-travers-le-monde\/#primaryimage","url":"https:\/\/www.retaildetail.be\/wp-content\/uploads\/2026\/09\/lidl-raunheim-1.jpg","contentUrl":"https:\/\/www.retaildetail.be\/wp-content\/uploads\/2026\/09\/lidl-raunheim-1.jpg","width":1900,"height":1322,"caption":"Lidl"},{"@type":"BreadcrumbList","@id":"https:\/\/www.retaildetail.be\/fr\/news\/food\/lidl-compte-desormais-13-000-magasins-a-travers-le-monde\/#breadcrumb","itemListElement":[{"@type":"ListItem","position":1,"name":"Home","item":"https:\/\/www.retaildetail.be\/fr\/"},{"@type":"ListItem","position":2,"name":"Lidl compte d\u00e9sormais 13 000 magasins \u00e0 travers le monde"}]},{"@type":"WebSite","@id":"https:\/\/www.retaildetail.be\/nl\/#website","url":"https:\/\/www.retaildetail.be\/nl\/","name":"RetailDetail BE","description":"News","publisher":{"@id":"https:\/\/www.retaildetail.be\/nl\/#organization"},"potentialAction":[{"@type":"SearchAction","target":{"@type":"EntryPoint","urlTemplate":"https:\/\/www.retaildetail.be\/nl\/?s={search_term_string}"},"query-input":{"@type":"PropertyValueSpecification","valueRequired":true,"valueName":"search_term_string"}}],"inLanguage":"fr-FR"},{"@type":"Organization","@id":"https:\/\/www.retaildetail.be\/nl\/#organization","name":"RetailDetail BE","url":"https:\/\/www.retaildetail.be\/nl\/","logo":{"@type":"ImageObject","inLanguage":"fr-FR","@id":"https:\/\/www.retaildetail.be\/nl\/#\/schema\/logo\/image\/","url":"https:\/\/www.retaildetail.be\/wp-content\/uploads\/2022\/04\/logo.svg","contentUrl":"https:\/\/www.retaildetail.be\/wp-content\/uploads\/2022\/04\/logo.svg","width":131,"height":70,"caption":"RetailDetail BE"},"image":{"@id":"https:\/\/www.retaildetail.be\/nl\/#\/schema\/logo\/image\/"}},{"@type":"Person","@id":"https:\/\/www.retaildetail.be\/nl\/#\/schema\/person\/51aec6069c4416aa2f68b2e4ff3455df","name":"Stefan Van Rompaey","image":{"@type":"ImageObject","inLanguage":"fr-FR","@id":"https:\/\/secure.gravatar.com\/avatar\/fbbb4a80a0f109888b2a5ab8ae255617499ecde533749b3ab2fa6c23b5d65dac?s=96&d=mm&r=g","url":"https:\/\/secure.gravatar.com\/avatar\/fbbb4a80a0f109888b2a5ab8ae255617499ecde533749b3ab2fa6c23b5d65dac?s=96&d=mm&r=g","contentUrl":"https:\/\/secure.gravatar.com\/avatar\/fbbb4a80a0f109888b2a5ab8ae255617499ecde533749b3ab2fa6c23b5d65dac?s=96&d=mm&r=g","caption":"Stefan Van Rompaey"},"url":"https:\/\/www.retaildetail.be\/fr\/author\/stefanvanrompaey\/"}]}},"jetpack_featured_media_url":"https:\/\/www.retaildetail.be\/wp-content\/uploads\/2026\/09\/lidl-raunheim-1.jpg","jetpack_sharing_enabled":true,"_links":{"self":[{"href":"https:\/\/www.retaildetail.be\/fr\/wp-json\/wp\/v2\/posts\/154711","targetHints":{"allow":["GET"]}}],"collection":[{"href":"https:\/\/www.retaildetail.be\/fr\/wp-json\/wp\/v2\/posts"}],"about":[{"href":"https:\/\/www.retaildetail.be\/fr\/wp-json\/wp\/v2\/types\/post"}],"author":[{"embeddable":true,"href":"https:\/\/www.retaildetail.be\/fr\/wp-json\/wp\/v2\/users\/3"}],"replies":[{"embeddable":true,"href":"https:\/\/www.retaildetail.be\/fr\/wp-json\/wp\/v2\/comments?post=154711"}],"version-history":[{"count":1,"href":"https:\/\/www.retaildetail.be\/fr\/wp-json\/wp\/v2\/posts\/154711\/revisions"}],"predecessor-version":[{"id":154713,"href":"https:\/\/www.retaildetail.be\/fr\/wp-json\/wp\/v2\/posts\/154711\/revisions\/154713"}],"wp:featuredmedia":[{"embeddable":true,"href":"https:\/\/www.retaildetail.be\/fr\/wp-json\/wp\/v2\/media\/154712"}],"wp:attachment":[{"href":"https:\/\/www.retaildetail.be\/fr\/wp-json\/wp\/v2\/media?parent=154711"}],"wp:term":[{"taxonomy":"category","embeddable":true,"href":"https:\/\/www.retaildetail.be\/fr\/wp-json\/wp\/v2\/categories?post=154711"},{"taxonomy":"post_tag","embeddable":true,"href":"https:\/\/www.retaildetail.be\/fr\/wp-json\/wp\/v2\/tags?post=154711"},{"taxonomy":"people","embeddable":true,"href":"https:\/\/www.retaildetail.be\/fr\/wp-json\/wp\/v2\/people?post=154711"},{"taxonomy":"extra","embeddable":true,"href":"https:\/\/www.retaildetail.be\/fr\/wp-json\/wp\/v2\/extra?post=154711"},{"taxonomy":"company","embeddable":true,"href":"https:\/\/www.retaildetail.be\/fr\/wp-json\/wp\/v2\/company?post=154711"},{"taxonomy":"topic","embeddable":true,"href":"https:\/\/www.retaildetail.be\/fr\/wp-json\/wp\/v2\/topic?post=154711"},{"taxonomy":"region","embeddable":true,"href":"https:\/\/www.retaildetail.be\/fr\/wp-json\/wp\/v2\/region?post=154711"}],"curies":[{"name":"wp","href":"https:\/\/api.w.org\/{rel}","templated":true}]}}