{"id":154717,"date":"2026-09-04T11:41:45","date_gmt":"2026-09-04T09:41:45","guid":{"rendered":"https:\/\/www.retaildetail.be\/?p=154717"},"modified":"2026-09-04T11:41:46","modified_gmt":"2026-09-04T09:41:46","slug":"gus-foods-souhaite-deployer-des-refrigerateurs-connectes-a-lechelle-nationale","status":"publish","type":"post","link":"https:\/\/www.retaildetail.be\/fr\/news\/food\/gus-foods-souhaite-deployer-des-refrigerateurs-connectes-a-lechelle-nationale\/","title":{"rendered":"Gus Foods entend d\u00e9ployer ses r\u00e9frig\u00e9rateurs connect\u00e9s \u00e0 l&rsquo;\u00e9chelle nationale"},"content":{"rendered":"\n<p class=\"wp-block-paragraph\"><strong>Gus Foods<\/strong>, qui propose une alternative aux restaurants d&rsquo;entreprise gr\u00e2ce \u00e0 ses r\u00e9frig\u00e9rateurs intelligents contenant des plats frais, trouve de nouveaux financements pour acc\u00e9l\u00e9rer son d\u00e9ploiement \u00e0 l&rsquo;\u00e9chelle nationale.<\/p>\n\n\n\n<h2 class=\"wp-block-heading\">\u00ab Bien manger au bureau n\u2019est pas un luxe \u00bb<\/h2>\n\n\n\n<p class=\"wp-block-paragraph\">Gus Foods, qui sert aujourd\u2019hui pr\u00e8s de 5 000 clients uniques par mois et a r\u00e9alis\u00e9 un chiffre d\u2019affaires de plus de 1,5 million d\u2019euros en 2025, l\u00e8ve 500 000 euros aupr\u00e8s de ses investisseurs existants, compl\u00e9t\u00e9s par un financement bancaire. Parall\u00e8lement, Lore D\u2019Hooghe, qui a occup\u00e9 le poste de directrice des op\u00e9rations chez <strong>Foodbag<\/strong> pendant six ans, est nomm\u00e9e au conseil d\u2019administration. Le fondateur, Andreas De Ridder, croit en ce potentiel : \u00ab Le fait que nos investisseurs existants renouvellent leur engagement en dit long sur notre situation actuelle \u00bb, d\u00e9clare-t-il. \u00ab Nous savons d\u00e9sormais tr\u00e8s bien ce que co\u00fbte un site et ce qu\u2019il rapporte. Il s\u2019agit d\u00e9sormais de reproduire ce mod\u00e8le dans tout le pays. \u00bb<\/p>\n\n\n\n<p class=\"wp-block-paragraph\">O\u00f9 se situe la niche de march\u00e9 ? La cantine d\u2019entreprise classique ne s\u2019est jamais compl\u00e8tement remise de la crise du coronavirus, alors que les employeurs cherchent des moyens de rendre le travail au bureau plus attrayant. Avec une fr\u00e9quentation des bureaux en dents de scie, il est plus difficile de rentabiliser les grandes cuisines. \u00ab De plus, on sous-estime l\u2019impact d\u2019une pause (de midi) de qualit\u00e9. Pour beaucoup de gens, c\u2019est le seul moment o\u00f9 ils peuvent vraiment se d\u00e9tacher un instant de leur travail et discuter de sujets informels avec leurs coll\u00e8gues \u00bb, explique De Ridder. \u00ab Bien manger au bureau n\u2019est pas un simple avantage suppl\u00e9mentaire, c\u2019est l\u2019un des rares leviers concrets dont dispose un employeur pour influencer le bien-\u00eatre de ses collaborateurs au quotidien. \u00bb<\/p>\n\n\n\n<h2 class=\"wp-block-heading\">Rentable \u00e0 partir de 50 collaborateurs<\/h2>\n\n\n\n<p class=\"wp-block-paragraph\">Le r\u00e9frig\u00e9rateur de Gus Foods est install\u00e9 dans le b\u00e2timent m\u00eame et reste accessible toute la journ\u00e9e. L\u2019assortiment couvre chaque moment de la journ\u00e9e de travail : en-cas et petit-d\u00e9jeuner, boissons, produits de boulangerie, salades et plats chauds, provenant de producteurs belges et de fournisseurs locaux. Les employ\u00e9s paient via leur application mobile, y compris avec des ch\u00e8ques-repas. Gr\u00e2ce \u00e0 l\u2019utilisation de l\u2019apprentissage automatique et de l\u2019IA, Gus Foods peut optimiser l\u2019offre et limiter le gaspillage alimentaire.<\/p>\n\n\n\n<p class=\"wp-block-paragraph\">L&rsquo;installation du r\u00e9frig\u00e9rateur est rentable \u00e0 partir d&rsquo;environ 50 employ\u00e9s sur un m\u00eame site, et fonctionne \u00e9galement dans les immeubles \u00e0 locataires multiples, o\u00f9 les occupants g\u00e9n\u00e8rent ensemble le volume n\u00e9cessaire. Depuis peu, l&rsquo;entreprise collabore avec <strong>Sodexo<\/strong>, le plus grand acteur dans le domaine de la restauration et des services de gestion des installations en Belgique.<\/p>\n\n\n\n<p class=\"wp-block-paragraph\"><\/p>\n","protected":false},"excerpt":{"rendered":"<p>Gus Foods, qui propose une alternative aux restaurants d&rsquo;entreprise gr\u00e2ce \u00e0 ses r\u00e9frig\u00e9rateurs intelligents contenant des plats frais, a lev\u00e9 de nouveaux fonds afin d&rsquo;acc\u00e9l\u00e9rer son d\u00e9ploiement \u00e0 l&rsquo;\u00e9chelle nationale. <\/p>\n","protected":false},"author":3,"featured_media":154718,"comment_status":"closed","ping_status":"closed","sticky":false,"template":"","format":"standard","meta":{"_acf_changed":false,"inline_featured_image":false,"_jetpack_newsletter_access":"","_jetpack_dont_email_post_to_subs":false,"_jetpack_newsletter_tier_id":0,"_jetpack_memberships_contains_paywalled_content":false,"_jetpack_memberships_contains_paid_content":false,"footnotes":""},"categories":[18,24],"tags":[],"people":[],"extra":[],"company":[2112],"topic":[276],"region":[226],"class_list":["post-154717","post","type-post","status-publish","format-standard","has-post-thumbnail","hentry","category-food","company-gus-foods","topic-expansion","region-belgique"],"acf":[],"yoast_head":"<!-- This site is optimized with the Yoast SEO plugin v28.1 - https:\/\/yoast.com\/product\/yoast-seo-wordpress\/ -->\n<title>Gus Foods entend d\u00e9ployer ses r\u00e9frig\u00e9rateurs connect\u00e9s \u00e0 l&#039;\u00e9chelle nationale - RetailDetail BE<\/title>\n<meta name=\"description\" content=\"Gus Foods, qui propose une alternative aux restaurants d&#039;entreprise gr\u00e2ce \u00e0 ses r\u00e9frig\u00e9rateurs intelligents contenant des plats frais, trouve de nouveaux financements pour acc\u00e9l\u00e9rer son d\u00e9ploiement \u00e0 l&#039;\u00e9chelle nationale.\" \/>\n<meta name=\"robots\" content=\"index, follow, max-snippet:-1, max-image-preview:large, max-video-preview:-1\" \/>\n<link rel=\"canonical\" href=\"https:\/\/www.retaildetail.be\/fr\/news\/food\/gus-foods-souhaite-deployer-des-refrigerateurs-connectes-a-lechelle-nationale\/\" \/>\n<meta property=\"og:locale\" content=\"fr_FR\" \/>\n<meta property=\"og:type\" content=\"article\" \/>\n<meta property=\"og:title\" content=\"Gus Foods entend d\u00e9ployer ses r\u00e9frig\u00e9rateurs connect\u00e9s \u00e0 l&#039;\u00e9chelle nationale - RetailDetail BE\" \/>\n<meta property=\"og:description\" content=\"Gus Foods, qui propose une alternative aux restaurants d&#039;entreprise gr\u00e2ce \u00e0 ses r\u00e9frig\u00e9rateurs intelligents contenant des plats frais, trouve de nouveaux financements pour acc\u00e9l\u00e9rer son d\u00e9ploiement \u00e0 l&#039;\u00e9chelle nationale.\" \/>\n<meta property=\"og:url\" content=\"https:\/\/www.retaildetail.be\/fr\/news\/food\/gus-foods-souhaite-deployer-des-refrigerateurs-connectes-a-lechelle-nationale\/\" \/>\n<meta property=\"og:site_name\" content=\"RetailDetail BE\" \/>\n<meta property=\"article:published_time\" content=\"2026-09-04T09:41:45+00:00\" \/>\n<meta property=\"article:modified_time\" content=\"2026-09-04T09:41:46+00:00\" \/>\n<meta property=\"og:image\" content=\"https:\/\/www.retaildetail.be\/wp-content\/uploads\/2026\/09\/Gus-Foods-slimme-koelkast-1.jpg\" \/>\n\t<meta property=\"og:image:width\" content=\"1167\" \/>\n\t<meta property=\"og:image:height\" content=\"882\" \/>\n\t<meta property=\"og:image:type\" content=\"image\/jpeg\" \/>\n<meta name=\"author\" content=\"Stefan Van Rompaey\" \/>\n<meta name=\"twitter:card\" content=\"summary_large_image\" \/>\n<meta name=\"twitter:label1\" content=\"\u00c9crit par\" \/>\n\t<meta name=\"twitter:data1\" content=\"Stefan Van Rompaey\" \/>\n\t<meta name=\"twitter:label2\" content=\"Dur\u00e9e de lecture estim\u00e9e\" \/>\n\t<meta name=\"twitter:data2\" content=\"2 minutes\" \/>\n<script type=\"application\/ld+json\" class=\"yoast-schema-graph\">{\"@context\":\"https:\\\/\\\/schema.org\",\"@graph\":[{\"@type\":\"NewsArticle\",\"@id\":\"https:\\\/\\\/www.retaildetail.be\\\/fr\\\/news\\\/food\\\/gus-foods-souhaite-deployer-des-refrigerateurs-connectes-a-lechelle-nationale\\\/#article\",\"isPartOf\":{\"@id\":\"https:\\\/\\\/www.retaildetail.be\\\/fr\\\/news\\\/food\\\/gus-foods-souhaite-deployer-des-refrigerateurs-connectes-a-lechelle-nationale\\\/\"},\"author\":{\"name\":\"Stefan Van Rompaey\",\"@id\":\"https:\\\/\\\/www.retaildetail.be\\\/nl\\\/#\\\/schema\\\/person\\\/51aec6069c4416aa2f68b2e4ff3455df\"},\"headline\":\"Gus Foods entend d\u00e9ployer ses r\u00e9frig\u00e9rateurs connect\u00e9s \u00e0 l&rsquo;\u00e9chelle nationale\",\"datePublished\":\"2026-09-04T09:41:45+00:00\",\"dateModified\":\"2026-09-04T09:41:46+00:00\",\"mainEntityOfPage\":{\"@id\":\"https:\\\/\\\/www.retaildetail.be\\\/fr\\\/news\\\/food\\\/gus-foods-souhaite-deployer-des-refrigerateurs-connectes-a-lechelle-nationale\\\/\"},\"wordCount\":483,\"publisher\":{\"@id\":\"https:\\\/\\\/www.retaildetail.be\\\/nl\\\/#organization\"},\"image\":{\"@id\":\"https:\\\/\\\/www.retaildetail.be\\\/fr\\\/news\\\/food\\\/gus-foods-souhaite-deployer-des-refrigerateurs-connectes-a-lechelle-nationale\\\/#primaryimage\"},\"thumbnailUrl\":\"https:\\\/\\\/www.retaildetail.be\\\/wp-content\\\/uploads\\\/2026\\\/09\\\/Gus-Foods-slimme-koelkast-1.jpg\",\"articleSection\":[\"Food\",\"Food\"],\"inLanguage\":\"fr-FR\",\"copyrightYear\":\"2026\",\"copyrightHolder\":{\"@id\":\"https:\\\/\\\/www.retaildetail.be\\\/#organization\"}},{\"@type\":\"WebPage\",\"@id\":\"https:\\\/\\\/www.retaildetail.be\\\/fr\\\/news\\\/food\\\/gus-foods-souhaite-deployer-des-refrigerateurs-connectes-a-lechelle-nationale\\\/\",\"url\":\"https:\\\/\\\/www.retaildetail.be\\\/fr\\\/news\\\/food\\\/gus-foods-souhaite-deployer-des-refrigerateurs-connectes-a-lechelle-nationale\\\/\",\"name\":\"Gus Foods entend d\u00e9ployer ses r\u00e9frig\u00e9rateurs connect\u00e9s \u00e0 l'\u00e9chelle nationale - RetailDetail BE\",\"isPartOf\":{\"@id\":\"https:\\\/\\\/www.retaildetail.be\\\/nl\\\/#website\"},\"primaryImageOfPage\":{\"@id\":\"https:\\\/\\\/www.retaildetail.be\\\/fr\\\/news\\\/food\\\/gus-foods-souhaite-deployer-des-refrigerateurs-connectes-a-lechelle-nationale\\\/#primaryimage\"},\"image\":{\"@id\":\"https:\\\/\\\/www.retaildetail.be\\\/fr\\\/news\\\/food\\\/gus-foods-souhaite-deployer-des-refrigerateurs-connectes-a-lechelle-nationale\\\/#primaryimage\"},\"thumbnailUrl\":\"https:\\\/\\\/www.retaildetail.be\\\/wp-content\\\/uploads\\\/2026\\\/09\\\/Gus-Foods-slimme-koelkast-1.jpg\",\"datePublished\":\"2026-09-04T09:41:45+00:00\",\"dateModified\":\"2026-09-04T09:41:46+00:00\",\"description\":\"Gus Foods, qui propose une alternative aux restaurants d'entreprise gr\u00e2ce \u00e0 ses r\u00e9frig\u00e9rateurs intelligents contenant des plats frais, trouve de nouveaux financements pour acc\u00e9l\u00e9rer son d\u00e9ploiement \u00e0 l'\u00e9chelle nationale.\",\"breadcrumb\":{\"@id\":\"https:\\\/\\\/www.retaildetail.be\\\/fr\\\/news\\\/food\\\/gus-foods-souhaite-deployer-des-refrigerateurs-connectes-a-lechelle-nationale\\\/#breadcrumb\"},\"inLanguage\":\"fr-FR\",\"potentialAction\":[{\"@type\":\"ReadAction\",\"target\":[\"https:\\\/\\\/www.retaildetail.be\\\/fr\\\/news\\\/food\\\/gus-foods-souhaite-deployer-des-refrigerateurs-connectes-a-lechelle-nationale\\\/\"]}]},{\"@type\":\"ImageObject\",\"inLanguage\":\"fr-FR\",\"@id\":\"https:\\\/\\\/www.retaildetail.be\\\/fr\\\/news\\\/food\\\/gus-foods-souhaite-deployer-des-refrigerateurs-connectes-a-lechelle-nationale\\\/#primaryimage\",\"url\":\"https:\\\/\\\/www.retaildetail.be\\\/wp-content\\\/uploads\\\/2026\\\/09\\\/Gus-Foods-slimme-koelkast-1.jpg\",\"contentUrl\":\"https:\\\/\\\/www.retaildetail.be\\\/wp-content\\\/uploads\\\/2026\\\/09\\\/Gus-Foods-slimme-koelkast-1.jpg\",\"width\":1167,\"height\":882,\"caption\":\"\u00a9 Gus Foods\"},{\"@type\":\"BreadcrumbList\",\"@id\":\"https:\\\/\\\/www.retaildetail.be\\\/fr\\\/news\\\/food\\\/gus-foods-souhaite-deployer-des-refrigerateurs-connectes-a-lechelle-nationale\\\/#breadcrumb\",\"itemListElement\":[{\"@type\":\"ListItem\",\"position\":1,\"name\":\"Home\",\"item\":\"https:\\\/\\\/www.retaildetail.be\\\/fr\\\/\"},{\"@type\":\"ListItem\",\"position\":2,\"name\":\"Gus Foods entend d\u00e9ployer ses r\u00e9frig\u00e9rateurs connect\u00e9s \u00e0 l&#8217;\u00e9chelle nationale\"}]},{\"@type\":\"WebSite\",\"@id\":\"https:\\\/\\\/www.retaildetail.be\\\/nl\\\/#website\",\"url\":\"https:\\\/\\\/www.retaildetail.be\\\/nl\\\/\",\"name\":\"RetailDetail BE\",\"description\":\"News\",\"publisher\":{\"@id\":\"https:\\\/\\\/www.retaildetail.be\\\/nl\\\/#organization\"},\"potentialAction\":[{\"@type\":\"SearchAction\",\"target\":{\"@type\":\"EntryPoint\",\"urlTemplate\":\"https:\\\/\\\/www.retaildetail.be\\\/nl\\\/?s={search_term_string}\"},\"query-input\":{\"@type\":\"PropertyValueSpecification\",\"valueRequired\":true,\"valueName\":\"search_term_string\"}}],\"inLanguage\":\"fr-FR\"},{\"@type\":\"Organization\",\"@id\":\"https:\\\/\\\/www.retaildetail.be\\\/nl\\\/#organization\",\"name\":\"RetailDetail BE\",\"url\":\"https:\\\/\\\/www.retaildetail.be\\\/nl\\\/\",\"logo\":{\"@type\":\"ImageObject\",\"inLanguage\":\"fr-FR\",\"@id\":\"https:\\\/\\\/www.retaildetail.be\\\/nl\\\/#\\\/schema\\\/logo\\\/image\\\/\",\"url\":\"https:\\\/\\\/www.retaildetail.be\\\/wp-content\\\/uploads\\\/2022\\\/04\\\/logo.svg\",\"contentUrl\":\"https:\\\/\\\/www.retaildetail.be\\\/wp-content\\\/uploads\\\/2022\\\/04\\\/logo.svg\",\"width\":131,\"height\":70,\"caption\":\"RetailDetail BE\"},\"image\":{\"@id\":\"https:\\\/\\\/www.retaildetail.be\\\/nl\\\/#\\\/schema\\\/logo\\\/image\\\/\"}},{\"@type\":\"Person\",\"@id\":\"https:\\\/\\\/www.retaildetail.be\\\/nl\\\/#\\\/schema\\\/person\\\/51aec6069c4416aa2f68b2e4ff3455df\",\"name\":\"Stefan Van Rompaey\",\"image\":{\"@type\":\"ImageObject\",\"inLanguage\":\"fr-FR\",\"@id\":\"https:\\\/\\\/secure.gravatar.com\\\/avatar\\\/fbbb4a80a0f109888b2a5ab8ae255617499ecde533749b3ab2fa6c23b5d65dac?s=96&d=mm&r=g\",\"url\":\"https:\\\/\\\/secure.gravatar.com\\\/avatar\\\/fbbb4a80a0f109888b2a5ab8ae255617499ecde533749b3ab2fa6c23b5d65dac?s=96&d=mm&r=g\",\"contentUrl\":\"https:\\\/\\\/secure.gravatar.com\\\/avatar\\\/fbbb4a80a0f109888b2a5ab8ae255617499ecde533749b3ab2fa6c23b5d65dac?s=96&d=mm&r=g\",\"caption\":\"Stefan Van Rompaey\"},\"url\":\"https:\\\/\\\/www.retaildetail.be\\\/fr\\\/author\\\/stefanvanrompaey\\\/\"}]}<\/script>\n<!-- \/ Yoast SEO plugin. -->","yoast_head_json":{"title":"Gus Foods entend d\u00e9ployer ses r\u00e9frig\u00e9rateurs connect\u00e9s \u00e0 l'\u00e9chelle nationale - RetailDetail BE","description":"Gus Foods, qui propose une alternative aux restaurants d'entreprise gr\u00e2ce \u00e0 ses r\u00e9frig\u00e9rateurs intelligents contenant des plats frais, trouve de nouveaux financements pour acc\u00e9l\u00e9rer son d\u00e9ploiement \u00e0 l'\u00e9chelle nationale.","robots":{"index":"index","follow":"follow","max-snippet":"max-snippet:-1","max-image-preview":"max-image-preview:large","max-video-preview":"max-video-preview:-1"},"canonical":"https:\/\/www.retaildetail.be\/fr\/news\/food\/gus-foods-souhaite-deployer-des-refrigerateurs-connectes-a-lechelle-nationale\/","og_locale":"fr_FR","og_type":"article","og_title":"Gus Foods entend d\u00e9ployer ses r\u00e9frig\u00e9rateurs connect\u00e9s \u00e0 l'\u00e9chelle nationale - RetailDetail BE","og_description":"Gus Foods, qui propose une alternative aux restaurants d'entreprise gr\u00e2ce \u00e0 ses r\u00e9frig\u00e9rateurs intelligents contenant des plats frais, trouve de nouveaux financements pour acc\u00e9l\u00e9rer son d\u00e9ploiement \u00e0 l'\u00e9chelle nationale.","og_url":"https:\/\/www.retaildetail.be\/fr\/news\/food\/gus-foods-souhaite-deployer-des-refrigerateurs-connectes-a-lechelle-nationale\/","og_site_name":"RetailDetail BE","article_published_time":"2026-09-04T09:41:45+00:00","article_modified_time":"2026-09-04T09:41:46+00:00","og_image":[{"width":1167,"height":882,"url":"https:\/\/www.retaildetail.be\/wp-content\/uploads\/2026\/09\/Gus-Foods-slimme-koelkast-1.jpg","type":"image\/jpeg"}],"author":"Stefan Van Rompaey","twitter_card":"summary_large_image","twitter_misc":{"\u00c9crit par":"Stefan Van Rompaey","Dur\u00e9e de lecture estim\u00e9e":"2 minutes"},"schema":{"@context":"https:\/\/schema.org","@graph":[{"@type":"NewsArticle","@id":"https:\/\/www.retaildetail.be\/fr\/news\/food\/gus-foods-souhaite-deployer-des-refrigerateurs-connectes-a-lechelle-nationale\/#article","isPartOf":{"@id":"https:\/\/www.retaildetail.be\/fr\/news\/food\/gus-foods-souhaite-deployer-des-refrigerateurs-connectes-a-lechelle-nationale\/"},"author":{"name":"Stefan Van Rompaey","@id":"https:\/\/www.retaildetail.be\/nl\/#\/schema\/person\/51aec6069c4416aa2f68b2e4ff3455df"},"headline":"Gus Foods entend d\u00e9ployer ses r\u00e9frig\u00e9rateurs connect\u00e9s \u00e0 l&rsquo;\u00e9chelle nationale","datePublished":"2026-09-04T09:41:45+00:00","dateModified":"2026-09-04T09:41:46+00:00","mainEntityOfPage":{"@id":"https:\/\/www.retaildetail.be\/fr\/news\/food\/gus-foods-souhaite-deployer-des-refrigerateurs-connectes-a-lechelle-nationale\/"},"wordCount":483,"publisher":{"@id":"https:\/\/www.retaildetail.be\/nl\/#organization"},"image":{"@id":"https:\/\/www.retaildetail.be\/fr\/news\/food\/gus-foods-souhaite-deployer-des-refrigerateurs-connectes-a-lechelle-nationale\/#primaryimage"},"thumbnailUrl":"https:\/\/www.retaildetail.be\/wp-content\/uploads\/2026\/09\/Gus-Foods-slimme-koelkast-1.jpg","articleSection":["Food","Food"],"inLanguage":"fr-FR","copyrightYear":"2026","copyrightHolder":{"@id":"https:\/\/www.retaildetail.be\/#organization"}},{"@type":"WebPage","@id":"https:\/\/www.retaildetail.be\/fr\/news\/food\/gus-foods-souhaite-deployer-des-refrigerateurs-connectes-a-lechelle-nationale\/","url":"https:\/\/www.retaildetail.be\/fr\/news\/food\/gus-foods-souhaite-deployer-des-refrigerateurs-connectes-a-lechelle-nationale\/","name":"Gus Foods entend d\u00e9ployer ses r\u00e9frig\u00e9rateurs connect\u00e9s \u00e0 l'\u00e9chelle nationale - RetailDetail BE","isPartOf":{"@id":"https:\/\/www.retaildetail.be\/nl\/#website"},"primaryImageOfPage":{"@id":"https:\/\/www.retaildetail.be\/fr\/news\/food\/gus-foods-souhaite-deployer-des-refrigerateurs-connectes-a-lechelle-nationale\/#primaryimage"},"image":{"@id":"https:\/\/www.retaildetail.be\/fr\/news\/food\/gus-foods-souhaite-deployer-des-refrigerateurs-connectes-a-lechelle-nationale\/#primaryimage"},"thumbnailUrl":"https:\/\/www.retaildetail.be\/wp-content\/uploads\/2026\/09\/Gus-Foods-slimme-koelkast-1.jpg","datePublished":"2026-09-04T09:41:45+00:00","dateModified":"2026-09-04T09:41:46+00:00","description":"Gus Foods, qui propose une alternative aux restaurants d'entreprise gr\u00e2ce \u00e0 ses r\u00e9frig\u00e9rateurs intelligents contenant des plats frais, trouve de nouveaux financements pour acc\u00e9l\u00e9rer son d\u00e9ploiement \u00e0 l'\u00e9chelle nationale.","breadcrumb":{"@id":"https:\/\/www.retaildetail.be\/fr\/news\/food\/gus-foods-souhaite-deployer-des-refrigerateurs-connectes-a-lechelle-nationale\/#breadcrumb"},"inLanguage":"fr-FR","potentialAction":[{"@type":"ReadAction","target":["https:\/\/www.retaildetail.be\/fr\/news\/food\/gus-foods-souhaite-deployer-des-refrigerateurs-connectes-a-lechelle-nationale\/"]}]},{"@type":"ImageObject","inLanguage":"fr-FR","@id":"https:\/\/www.retaildetail.be\/fr\/news\/food\/gus-foods-souhaite-deployer-des-refrigerateurs-connectes-a-lechelle-nationale\/#primaryimage","url":"https:\/\/www.retaildetail.be\/wp-content\/uploads\/2026\/09\/Gus-Foods-slimme-koelkast-1.jpg","contentUrl":"https:\/\/www.retaildetail.be\/wp-content\/uploads\/2026\/09\/Gus-Foods-slimme-koelkast-1.jpg","width":1167,"height":882,"caption":"\u00a9 Gus Foods"},{"@type":"BreadcrumbList","@id":"https:\/\/www.retaildetail.be\/fr\/news\/food\/gus-foods-souhaite-deployer-des-refrigerateurs-connectes-a-lechelle-nationale\/#breadcrumb","itemListElement":[{"@type":"ListItem","position":1,"name":"Home","item":"https:\/\/www.retaildetail.be\/fr\/"},{"@type":"ListItem","position":2,"name":"Gus Foods entend d\u00e9ployer ses r\u00e9frig\u00e9rateurs connect\u00e9s \u00e0 l&#8217;\u00e9chelle nationale"}]},{"@type":"WebSite","@id":"https:\/\/www.retaildetail.be\/nl\/#website","url":"https:\/\/www.retaildetail.be\/nl\/","name":"RetailDetail BE","description":"News","publisher":{"@id":"https:\/\/www.retaildetail.be\/nl\/#organization"},"potentialAction":[{"@type":"SearchAction","target":{"@type":"EntryPoint","urlTemplate":"https:\/\/www.retaildetail.be\/nl\/?s={search_term_string}"},"query-input":{"@type":"PropertyValueSpecification","valueRequired":true,"valueName":"search_term_string"}}],"inLanguage":"fr-FR"},{"@type":"Organization","@id":"https:\/\/www.retaildetail.be\/nl\/#organization","name":"RetailDetail BE","url":"https:\/\/www.retaildetail.be\/nl\/","logo":{"@type":"ImageObject","inLanguage":"fr-FR","@id":"https:\/\/www.retaildetail.be\/nl\/#\/schema\/logo\/image\/","url":"https:\/\/www.retaildetail.be\/wp-content\/uploads\/2022\/04\/logo.svg","contentUrl":"https:\/\/www.retaildetail.be\/wp-content\/uploads\/2022\/04\/logo.svg","width":131,"height":70,"caption":"RetailDetail BE"},"image":{"@id":"https:\/\/www.retaildetail.be\/nl\/#\/schema\/logo\/image\/"}},{"@type":"Person","@id":"https:\/\/www.retaildetail.be\/nl\/#\/schema\/person\/51aec6069c4416aa2f68b2e4ff3455df","name":"Stefan Van Rompaey","image":{"@type":"ImageObject","inLanguage":"fr-FR","@id":"https:\/\/secure.gravatar.com\/avatar\/fbbb4a80a0f109888b2a5ab8ae255617499ecde533749b3ab2fa6c23b5d65dac?s=96&d=mm&r=g","url":"https:\/\/secure.gravatar.com\/avatar\/fbbb4a80a0f109888b2a5ab8ae255617499ecde533749b3ab2fa6c23b5d65dac?s=96&d=mm&r=g","contentUrl":"https:\/\/secure.gravatar.com\/avatar\/fbbb4a80a0f109888b2a5ab8ae255617499ecde533749b3ab2fa6c23b5d65dac?s=96&d=mm&r=g","caption":"Stefan Van Rompaey"},"url":"https:\/\/www.retaildetail.be\/fr\/author\/stefanvanrompaey\/"}]}},"jetpack_featured_media_url":"https:\/\/www.retaildetail.be\/wp-content\/uploads\/2026\/09\/Gus-Foods-slimme-koelkast-1.jpg","jetpack_sharing_enabled":true,"_links":{"self":[{"href":"https:\/\/www.retaildetail.be\/fr\/wp-json\/wp\/v2\/posts\/154717","targetHints":{"allow":["GET"]}}],"collection":[{"href":"https:\/\/www.retaildetail.be\/fr\/wp-json\/wp\/v2\/posts"}],"about":[{"href":"https:\/\/www.retaildetail.be\/fr\/wp-json\/wp\/v2\/types\/post"}],"author":[{"embeddable":true,"href":"https:\/\/www.retaildetail.be\/fr\/wp-json\/wp\/v2\/users\/3"}],"replies":[{"embeddable":true,"href":"https:\/\/www.retaildetail.be\/fr\/wp-json\/wp\/v2\/comments?post=154717"}],"version-history":[{"count":1,"href":"https:\/\/www.retaildetail.be\/fr\/wp-json\/wp\/v2\/posts\/154717\/revisions"}],"predecessor-version":[{"id":154719,"href":"https:\/\/www.retaildetail.be\/fr\/wp-json\/wp\/v2\/posts\/154717\/revisions\/154719"}],"wp:featuredmedia":[{"embeddable":true,"href":"https:\/\/www.retaildetail.be\/fr\/wp-json\/wp\/v2\/media\/154718"}],"wp:attachment":[{"href":"https:\/\/www.retaildetail.be\/fr\/wp-json\/wp\/v2\/media?parent=154717"}],"wp:term":[{"taxonomy":"category","embeddable":true,"href":"https:\/\/www.retaildetail.be\/fr\/wp-json\/wp\/v2\/categories?post=154717"},{"taxonomy":"post_tag","embeddable":true,"href":"https:\/\/www.retaildetail.be\/fr\/wp-json\/wp\/v2\/tags?post=154717"},{"taxonomy":"people","embeddable":true,"href":"https:\/\/www.retaildetail.be\/fr\/wp-json\/wp\/v2\/people?post=154717"},{"taxonomy":"extra","embeddable":true,"href":"https:\/\/www.retaildetail.be\/fr\/wp-json\/wp\/v2\/extra?post=154717"},{"taxonomy":"company","embeddable":true,"href":"https:\/\/www.retaildetail.be\/fr\/wp-json\/wp\/v2\/company?post=154717"},{"taxonomy":"topic","embeddable":true,"href":"https:\/\/www.retaildetail.be\/fr\/wp-json\/wp\/v2\/topic?post=154717"},{"taxonomy":"region","embeddable":true,"href":"https:\/\/www.retaildetail.be\/fr\/wp-json\/wp\/v2\/region?post=154717"}],"curies":[{"name":"wp","href":"https:\/\/api.w.org\/{rel}","templated":true}]}}