{"id":154726,"date":"2026-09-04T12:31:40","date_gmt":"2026-09-04T10:31:40","guid":{"rendered":"https:\/\/www.retaildetail.be\/?p=154726"},"modified":"2026-09-04T12:31:42","modified_gmt":"2026-09-04T10:31:42","slug":"les-freres-colmar-lancent-crunch-un-concept-destine-aux-jeunes-a-anvers-et-a-gand","status":"publish","type":"post","link":"https:\/\/www.retaildetail.be\/fr\/news\/food\/les-freres-colmar-lancent-crunch-un-concept-destine-aux-jeunes-a-anvers-et-a-gand\/","title":{"rendered":"Les fr\u00e8res Colmar lancent \u00ab Crunch \u00bb, un nouveau concept destin\u00e9 aux jeunes"},"content":{"rendered":"\n<p class=\"wp-block-paragraph\">La famille \u00e0 l&rsquo;origine des cha\u00eenes de restaurants <strong>Colmar <\/strong>et <strong>Crocodile<\/strong> se lance<strong> <\/strong>\u00e0 nouveau dans la restauration rapide. Avec <strong>Crunch<\/strong>, le PDG David et le directeur des op\u00e9rations Devign\u00e9 Van den Weghe lancent un nouveau concept destin\u00e9 aux jeunes et aux \u00e9tudiants. Les trois premiers \u00e9tablissements ouvriront leurs portes dans les semaines \u00e0 venir \u00e0 Anvers et \u00e0 Gand.<\/p>\n\n\n\n<h2 class=\"wp-block-heading\">Une alternative \u00e0 la restauration rapide<\/h2>\n\n\n\n<p class=\"wp-block-paragraph\">Crunch s\u2019adresse \u00e0 un public urbain \u00e2g\u00e9 de 12 \u00e0 25 ans et propose des plats \u00e0 base de riz (halal) accompagn\u00e9s de garnitures telles que du poulet, du saumon, des scampis ou de la banane plantain. Le concept s\u2019inspire d\u2019une tendance de restauration rapide venue de France, explique Devign\u00e9 Van den Weghe au GVA. Les \u00ab crousty\u2019s \u00bb co\u00fbtent entre 8,95 et 16 euros. Le PDG David Van den Weghe positionne tr\u00e8s clairement Crunch en opposition aux formules de fast-food classiques : \u00ab Crunch offre une alternative saine \u00e0 la pizza, aux hamburgers et aux tacos, par exemple. \u00bb<\/p>\n\n\n\n<p class=\"wp-block-paragraph\">Le premier \u00e9tablissement ouvrira ses portes le 16 septembre sur la Groenplaats \u00e0 Anvers. Deux semaines plus tard, un deuxi\u00e8me site suivra sur la Frankrijklei. Le 2 octobre, Crunch s\u2019installera \u00e9galement dans la Walpoortstraat \u00e0 Gand. \u00ab Si les premiers mois se passent bien, <a href=\"https:\/\/www.gva.be\/regio\/antwerpen\/regio-antwerpen\/antwerpen\/broers-achter-colmar-restaurants-starten-nieuw-concept-in-antwerpen-en-gent-komt-overgewaaid-uit-frankrijk\/160945691.html\">d\u2019autres sites pourraient rapidement voir le jour \u00bb<\/a>, d\u00e9clare Devign\u00e9 Van den Weghe.<\/p>\n\n\n\n<h2 class=\"wp-block-heading\">Un nouveau p\u00f4le de croissance aux c\u00f4t\u00e9s de Colmar<\/h2>\n\n\n\n<p class=\"wp-block-paragraph\">Pour la famille Van den Weghe, Crunch marque un retour \u00e0 une strat\u00e9gie reposant sur plusieurs concepts de restauration. Par le pass\u00e9, le groupe exploitait notamment des pizzerias<strong> Sbarro<\/strong> ainsi que des enseignes sp\u00e9cialis\u00e9es dans les hamburgers, les frites, les smoothies et les plats au wok. Apr\u00e8s la crise du coronavirus, la famille s&rsquo;est s\u00e9par\u00e9e de ces activit\u00e9s pour se recentrer sur Colmar en Belgique et Crocodile en France.<\/p>\n\n\n\n<p class=\"wp-block-paragraph\">Depuis fin 2025, Colmar Group investit 7 millions d\u2019euros dans la modernisation de ces deux cha\u00eenes. Le groupe r\u00e9nove cinq restaurants Colmar en Belgique et quinze \u00e9tablissements Crocodile en France. L\u2019ensemble des travaux doit \u00eatre achev\u00e9 au plus tard fin 2027. Colmar affichant \u00e0 nouveau de meilleurs r\u00e9sultats selon la famille, la troisi\u00e8me g\u00e9n\u00e9ration voit l\u00e0 l\u2019opportunit\u00e9 de d\u00e9velopper un nouveau p\u00f4le de croissance.<\/p>\n","protected":false},"excerpt":{"rendered":"<p>La famille \u00e0 l&rsquo;origine des cha\u00eenes de restaurants Colmar et Crocodile se lance \u00e0 nouveau dans la restauration rapide. Avec Crunch, le PDG David et le directeur des op\u00e9rations Devign\u00e9 Van den Weghe lancent un nouveau concept de plats \u00e0 emporter destin\u00e9 aux jeunes et aux \u00e9tudiants. Les trois premiers \u00e9tablissements ouvriront leurs portes dans les semaines \u00e0 venir \u00e0 Anvers et \u00e0 Gand.<\/p>\n","protected":false},"author":5,"featured_media":154727,"comment_status":"closed","ping_status":"closed","sticky":false,"template":"","format":"standard","meta":{"_acf_changed":false,"inline_featured_image":false,"_jetpack_newsletter_access":"","_jetpack_dont_email_post_to_subs":false,"_jetpack_newsletter_tier_id":0,"_jetpack_memberships_contains_paywalled_content":false,"_jetpack_memberships_contains_paid_content":false,"footnotes":""},"categories":[18,24],"tags":[302,314],"people":[],"extra":[43],"company":[1209],"topic":[276],"region":[226],"class_list":["post-154726","post","type-post","status-publish","format-standard","has-post-thumbnail","hentry","category-food","tag-fastfood","tag-horeca","extra-plus","company-colmar","topic-expansion","region-belgique"],"acf":[],"yoast_head":"<!-- This site is optimized with the Yoast SEO plugin v28.1 - https:\/\/yoast.com\/product\/yoast-seo-wordpress\/ -->\n<title>Les fr\u00e8res Colmar lancent \u00ab Crunch \u00bb, un nouveau concept destin\u00e9 aux jeunes - RetailDetail BE<\/title>\n<meta name=\"robots\" content=\"index, follow, max-snippet:-1, max-image-preview:large, max-video-preview:-1\" \/>\n<link rel=\"canonical\" href=\"https:\/\/www.retaildetail.be\/fr\/news\/food\/les-freres-colmar-lancent-crunch-un-concept-destine-aux-jeunes-a-anvers-et-a-gand\/\" \/>\n<meta property=\"og:locale\" content=\"fr_FR\" \/>\n<meta property=\"og:type\" content=\"article\" \/>\n<meta property=\"og:title\" content=\"Les fr\u00e8res Colmar lancent \u00ab Crunch \u00bb, un nouveau concept destin\u00e9 aux jeunes - RetailDetail BE\" \/>\n<meta property=\"og:description\" content=\"La famille \u00e0 l&#039;origine des cha\u00eenes de restaurants Colmar et Crocodile se lance \u00e0 nouveau dans la restauration rapide. Avec Crunch, le PDG David et le directeur des op\u00e9rations Devign\u00e9 Van den Weghe lancent un nouveau concept de plats \u00e0 emporter destin\u00e9 aux jeunes et aux \u00e9tudiants. Les trois premiers \u00e9tablissements ouvriront leurs portes dans les semaines \u00e0 venir \u00e0 Anvers et \u00e0 Gand.\" \/>\n<meta property=\"og:url\" content=\"https:\/\/www.retaildetail.be\/fr\/news\/food\/les-freres-colmar-lancent-crunch-un-concept-destine-aux-jeunes-a-anvers-et-a-gand\/\" \/>\n<meta property=\"og:site_name\" content=\"RetailDetail BE\" \/>\n<meta property=\"article:published_time\" content=\"2026-09-04T10:31:40+00:00\" \/>\n<meta property=\"article:modified_time\" content=\"2026-09-04T10:31:42+00:00\" \/>\n<meta property=\"og:image\" content=\"https:\/\/www.retaildetail.be\/wp-content\/uploads\/2026\/09\/20251201_Colmar_\u00a9ReadytoRumble_5-Aangepast.jpg\" \/>\n\t<meta property=\"og:image:width\" content=\"960\" \/>\n\t<meta property=\"og:image:height\" content=\"640\" \/>\n\t<meta property=\"og:image:type\" content=\"image\/jpeg\" \/>\n<meta name=\"author\" content=\"Pauline Neerman\" \/>\n<meta name=\"twitter:card\" content=\"summary_large_image\" \/>\n<meta name=\"twitter:label1\" content=\"\u00c9crit par\" \/>\n\t<meta name=\"twitter:data1\" content=\"Pauline Neerman\" \/>\n\t<meta name=\"twitter:label2\" content=\"Dur\u00e9e de lecture estim\u00e9e\" \/>\n\t<meta name=\"twitter:data2\" content=\"2 minutes\" \/>\n<script type=\"application\/ld+json\" class=\"yoast-schema-graph\">{\"@context\":\"https:\\\/\\\/schema.org\",\"@graph\":[{\"@type\":\"NewsArticle\",\"@id\":\"https:\\\/\\\/www.retaildetail.be\\\/fr\\\/news\\\/food\\\/les-freres-colmar-lancent-crunch-un-concept-destine-aux-jeunes-a-anvers-et-a-gand\\\/#article\",\"isPartOf\":{\"@id\":\"https:\\\/\\\/www.retaildetail.be\\\/fr\\\/news\\\/food\\\/les-freres-colmar-lancent-crunch-un-concept-destine-aux-jeunes-a-anvers-et-a-gand\\\/\"},\"author\":{\"name\":\"Pauline Neerman\",\"@id\":\"https:\\\/\\\/www.retaildetail.be\\\/nl\\\/#\\\/schema\\\/person\\\/66b54803fa10759039079458ea89e307\"},\"headline\":\"Les fr\u00e8res Colmar lancent \u00ab Crunch \u00bb, un nouveau concept destin\u00e9 aux jeunes\",\"datePublished\":\"2026-09-04T10:31:40+00:00\",\"dateModified\":\"2026-09-04T10:31:42+00:00\",\"mainEntityOfPage\":{\"@id\":\"https:\\\/\\\/www.retaildetail.be\\\/fr\\\/news\\\/food\\\/les-freres-colmar-lancent-crunch-un-concept-destine-aux-jeunes-a-anvers-et-a-gand\\\/\"},\"wordCount\":383,\"publisher\":{\"@id\":\"https:\\\/\\\/www.retaildetail.be\\\/nl\\\/#organization\"},\"image\":{\"@id\":\"https:\\\/\\\/www.retaildetail.be\\\/fr\\\/news\\\/food\\\/les-freres-colmar-lancent-crunch-un-concept-destine-aux-jeunes-a-anvers-et-a-gand\\\/#primaryimage\"},\"thumbnailUrl\":\"https:\\\/\\\/www.retaildetail.be\\\/wp-content\\\/uploads\\\/2026\\\/09\\\/20251201_Colmar_\u00a9ReadytoRumble_5-Aangepast.jpg\",\"keywords\":[\"Fastfood\",\"Horeca\"],\"articleSection\":[\"Food\",\"Food\"],\"inLanguage\":\"fr-FR\",\"copyrightYear\":\"2026\",\"copyrightHolder\":{\"@id\":\"https:\\\/\\\/www.retaildetail.be\\\/#organization\"}},{\"@type\":\"WebPage\",\"@id\":\"https:\\\/\\\/www.retaildetail.be\\\/fr\\\/news\\\/food\\\/les-freres-colmar-lancent-crunch-un-concept-destine-aux-jeunes-a-anvers-et-a-gand\\\/\",\"url\":\"https:\\\/\\\/www.retaildetail.be\\\/fr\\\/news\\\/food\\\/les-freres-colmar-lancent-crunch-un-concept-destine-aux-jeunes-a-anvers-et-a-gand\\\/\",\"name\":\"Les fr\u00e8res Colmar lancent \u00ab Crunch \u00bb, un nouveau concept destin\u00e9 aux jeunes - RetailDetail BE\",\"isPartOf\":{\"@id\":\"https:\\\/\\\/www.retaildetail.be\\\/nl\\\/#website\"},\"primaryImageOfPage\":{\"@id\":\"https:\\\/\\\/www.retaildetail.be\\\/fr\\\/news\\\/food\\\/les-freres-colmar-lancent-crunch-un-concept-destine-aux-jeunes-a-anvers-et-a-gand\\\/#primaryimage\"},\"image\":{\"@id\":\"https:\\\/\\\/www.retaildetail.be\\\/fr\\\/news\\\/food\\\/les-freres-colmar-lancent-crunch-un-concept-destine-aux-jeunes-a-anvers-et-a-gand\\\/#primaryimage\"},\"thumbnailUrl\":\"https:\\\/\\\/www.retaildetail.be\\\/wp-content\\\/uploads\\\/2026\\\/09\\\/20251201_Colmar_\u00a9ReadytoRumble_5-Aangepast.jpg\",\"datePublished\":\"2026-09-04T10:31:40+00:00\",\"dateModified\":\"2026-09-04T10:31:42+00:00\",\"breadcrumb\":{\"@id\":\"https:\\\/\\\/www.retaildetail.be\\\/fr\\\/news\\\/food\\\/les-freres-colmar-lancent-crunch-un-concept-destine-aux-jeunes-a-anvers-et-a-gand\\\/#breadcrumb\"},\"inLanguage\":\"fr-FR\",\"potentialAction\":[{\"@type\":\"ReadAction\",\"target\":[\"https:\\\/\\\/www.retaildetail.be\\\/fr\\\/news\\\/food\\\/les-freres-colmar-lancent-crunch-un-concept-destine-aux-jeunes-a-anvers-et-a-gand\\\/\"]}]},{\"@type\":\"ImageObject\",\"inLanguage\":\"fr-FR\",\"@id\":\"https:\\\/\\\/www.retaildetail.be\\\/fr\\\/news\\\/food\\\/les-freres-colmar-lancent-crunch-un-concept-destine-aux-jeunes-a-anvers-et-a-gand\\\/#primaryimage\",\"url\":\"https:\\\/\\\/www.retaildetail.be\\\/wp-content\\\/uploads\\\/2026\\\/09\\\/20251201_Colmar_\u00a9ReadytoRumble_5-Aangepast.jpg\",\"contentUrl\":\"https:\\\/\\\/www.retaildetail.be\\\/wp-content\\\/uploads\\\/2026\\\/09\\\/20251201_Colmar_\u00a9ReadytoRumble_5-Aangepast.jpg\",\"width\":960,\"height\":640},{\"@type\":\"BreadcrumbList\",\"@id\":\"https:\\\/\\\/www.retaildetail.be\\\/fr\\\/news\\\/food\\\/les-freres-colmar-lancent-crunch-un-concept-destine-aux-jeunes-a-anvers-et-a-gand\\\/#breadcrumb\",\"itemListElement\":[{\"@type\":\"ListItem\",\"position\":1,\"name\":\"Home\",\"item\":\"https:\\\/\\\/www.retaildetail.be\\\/fr\\\/\"},{\"@type\":\"ListItem\",\"position\":2,\"name\":\"Les fr\u00e8res Colmar lancent \u00ab Crunch \u00bb, un nouveau concept destin\u00e9 aux jeunes\"}]},{\"@type\":\"WebSite\",\"@id\":\"https:\\\/\\\/www.retaildetail.be\\\/nl\\\/#website\",\"url\":\"https:\\\/\\\/www.retaildetail.be\\\/nl\\\/\",\"name\":\"RetailDetail BE\",\"description\":\"News\",\"publisher\":{\"@id\":\"https:\\\/\\\/www.retaildetail.be\\\/nl\\\/#organization\"},\"potentialAction\":[{\"@type\":\"SearchAction\",\"target\":{\"@type\":\"EntryPoint\",\"urlTemplate\":\"https:\\\/\\\/www.retaildetail.be\\\/nl\\\/?s={search_term_string}\"},\"query-input\":{\"@type\":\"PropertyValueSpecification\",\"valueRequired\":true,\"valueName\":\"search_term_string\"}}],\"inLanguage\":\"fr-FR\"},{\"@type\":\"Organization\",\"@id\":\"https:\\\/\\\/www.retaildetail.be\\\/nl\\\/#organization\",\"name\":\"RetailDetail BE\",\"url\":\"https:\\\/\\\/www.retaildetail.be\\\/nl\\\/\",\"logo\":{\"@type\":\"ImageObject\",\"inLanguage\":\"fr-FR\",\"@id\":\"https:\\\/\\\/www.retaildetail.be\\\/nl\\\/#\\\/schema\\\/logo\\\/image\\\/\",\"url\":\"https:\\\/\\\/www.retaildetail.be\\\/wp-content\\\/uploads\\\/2022\\\/04\\\/logo.svg\",\"contentUrl\":\"https:\\\/\\\/www.retaildetail.be\\\/wp-content\\\/uploads\\\/2022\\\/04\\\/logo.svg\",\"width\":131,\"height\":70,\"caption\":\"RetailDetail BE\"},\"image\":{\"@id\":\"https:\\\/\\\/www.retaildetail.be\\\/nl\\\/#\\\/schema\\\/logo\\\/image\\\/\"}},{\"@type\":\"Person\",\"@id\":\"https:\\\/\\\/www.retaildetail.be\\\/nl\\\/#\\\/schema\\\/person\\\/66b54803fa10759039079458ea89e307\",\"name\":\"Pauline Neerman\",\"image\":{\"@type\":\"ImageObject\",\"inLanguage\":\"fr-FR\",\"@id\":\"https:\\\/\\\/secure.gravatar.com\\\/avatar\\\/58db22aee589a691f9603e5765ac06010427a923f9b2728b951eb7fe27214d70?s=96&d=mm&r=g\",\"url\":\"https:\\\/\\\/secure.gravatar.com\\\/avatar\\\/58db22aee589a691f9603e5765ac06010427a923f9b2728b951eb7fe27214d70?s=96&d=mm&r=g\",\"contentUrl\":\"https:\\\/\\\/secure.gravatar.com\\\/avatar\\\/58db22aee589a691f9603e5765ac06010427a923f9b2728b951eb7fe27214d70?s=96&d=mm&r=g\",\"caption\":\"Pauline Neerman\"},\"url\":\"https:\\\/\\\/www.retaildetail.be\\\/fr\\\/author\\\/paulineneerman\\\/\"}]}<\/script>\n<!-- \/ Yoast SEO plugin. -->","yoast_head_json":{"title":"Les fr\u00e8res Colmar lancent \u00ab Crunch \u00bb, un nouveau concept destin\u00e9 aux jeunes - RetailDetail BE","robots":{"index":"index","follow":"follow","max-snippet":"max-snippet:-1","max-image-preview":"max-image-preview:large","max-video-preview":"max-video-preview:-1"},"canonical":"https:\/\/www.retaildetail.be\/fr\/news\/food\/les-freres-colmar-lancent-crunch-un-concept-destine-aux-jeunes-a-anvers-et-a-gand\/","og_locale":"fr_FR","og_type":"article","og_title":"Les fr\u00e8res Colmar lancent \u00ab Crunch \u00bb, un nouveau concept destin\u00e9 aux jeunes - RetailDetail BE","og_description":"La famille \u00e0 l'origine des cha\u00eenes de restaurants Colmar et Crocodile se lance \u00e0 nouveau dans la restauration rapide. Avec Crunch, le PDG David et le directeur des op\u00e9rations Devign\u00e9 Van den Weghe lancent un nouveau concept de plats \u00e0 emporter destin\u00e9 aux jeunes et aux \u00e9tudiants. Les trois premiers \u00e9tablissements ouvriront leurs portes dans les semaines \u00e0 venir \u00e0 Anvers et \u00e0 Gand.","og_url":"https:\/\/www.retaildetail.be\/fr\/news\/food\/les-freres-colmar-lancent-crunch-un-concept-destine-aux-jeunes-a-anvers-et-a-gand\/","og_site_name":"RetailDetail BE","article_published_time":"2026-09-04T10:31:40+00:00","article_modified_time":"2026-09-04T10:31:42+00:00","og_image":[{"width":960,"height":640,"url":"https:\/\/www.retaildetail.be\/wp-content\/uploads\/2026\/09\/20251201_Colmar_\u00a9ReadytoRumble_5-Aangepast.jpg","type":"image\/jpeg"}],"author":"Pauline Neerman","twitter_card":"summary_large_image","twitter_misc":{"\u00c9crit par":"Pauline Neerman","Dur\u00e9e de lecture estim\u00e9e":"2 minutes"},"schema":{"@context":"https:\/\/schema.org","@graph":[{"@type":"NewsArticle","@id":"https:\/\/www.retaildetail.be\/fr\/news\/food\/les-freres-colmar-lancent-crunch-un-concept-destine-aux-jeunes-a-anvers-et-a-gand\/#article","isPartOf":{"@id":"https:\/\/www.retaildetail.be\/fr\/news\/food\/les-freres-colmar-lancent-crunch-un-concept-destine-aux-jeunes-a-anvers-et-a-gand\/"},"author":{"name":"Pauline Neerman","@id":"https:\/\/www.retaildetail.be\/nl\/#\/schema\/person\/66b54803fa10759039079458ea89e307"},"headline":"Les fr\u00e8res Colmar lancent \u00ab Crunch \u00bb, un nouveau concept destin\u00e9 aux jeunes","datePublished":"2026-09-04T10:31:40+00:00","dateModified":"2026-09-04T10:31:42+00:00","mainEntityOfPage":{"@id":"https:\/\/www.retaildetail.be\/fr\/news\/food\/les-freres-colmar-lancent-crunch-un-concept-destine-aux-jeunes-a-anvers-et-a-gand\/"},"wordCount":383,"publisher":{"@id":"https:\/\/www.retaildetail.be\/nl\/#organization"},"image":{"@id":"https:\/\/www.retaildetail.be\/fr\/news\/food\/les-freres-colmar-lancent-crunch-un-concept-destine-aux-jeunes-a-anvers-et-a-gand\/#primaryimage"},"thumbnailUrl":"https:\/\/www.retaildetail.be\/wp-content\/uploads\/2026\/09\/20251201_Colmar_\u00a9ReadytoRumble_5-Aangepast.jpg","keywords":["Fastfood","Horeca"],"articleSection":["Food","Food"],"inLanguage":"fr-FR","copyrightYear":"2026","copyrightHolder":{"@id":"https:\/\/www.retaildetail.be\/#organization"}},{"@type":"WebPage","@id":"https:\/\/www.retaildetail.be\/fr\/news\/food\/les-freres-colmar-lancent-crunch-un-concept-destine-aux-jeunes-a-anvers-et-a-gand\/","url":"https:\/\/www.retaildetail.be\/fr\/news\/food\/les-freres-colmar-lancent-crunch-un-concept-destine-aux-jeunes-a-anvers-et-a-gand\/","name":"Les fr\u00e8res Colmar lancent \u00ab Crunch \u00bb, un nouveau concept destin\u00e9 aux jeunes - RetailDetail BE","isPartOf":{"@id":"https:\/\/www.retaildetail.be\/nl\/#website"},"primaryImageOfPage":{"@id":"https:\/\/www.retaildetail.be\/fr\/news\/food\/les-freres-colmar-lancent-crunch-un-concept-destine-aux-jeunes-a-anvers-et-a-gand\/#primaryimage"},"image":{"@id":"https:\/\/www.retaildetail.be\/fr\/news\/food\/les-freres-colmar-lancent-crunch-un-concept-destine-aux-jeunes-a-anvers-et-a-gand\/#primaryimage"},"thumbnailUrl":"https:\/\/www.retaildetail.be\/wp-content\/uploads\/2026\/09\/20251201_Colmar_\u00a9ReadytoRumble_5-Aangepast.jpg","datePublished":"2026-09-04T10:31:40+00:00","dateModified":"2026-09-04T10:31:42+00:00","breadcrumb":{"@id":"https:\/\/www.retaildetail.be\/fr\/news\/food\/les-freres-colmar-lancent-crunch-un-concept-destine-aux-jeunes-a-anvers-et-a-gand\/#breadcrumb"},"inLanguage":"fr-FR","potentialAction":[{"@type":"ReadAction","target":["https:\/\/www.retaildetail.be\/fr\/news\/food\/les-freres-colmar-lancent-crunch-un-concept-destine-aux-jeunes-a-anvers-et-a-gand\/"]}]},{"@type":"ImageObject","inLanguage":"fr-FR","@id":"https:\/\/www.retaildetail.be\/fr\/news\/food\/les-freres-colmar-lancent-crunch-un-concept-destine-aux-jeunes-a-anvers-et-a-gand\/#primaryimage","url":"https:\/\/www.retaildetail.be\/wp-content\/uploads\/2026\/09\/20251201_Colmar_\u00a9ReadytoRumble_5-Aangepast.jpg","contentUrl":"https:\/\/www.retaildetail.be\/wp-content\/uploads\/2026\/09\/20251201_Colmar_\u00a9ReadytoRumble_5-Aangepast.jpg","width":960,"height":640},{"@type":"BreadcrumbList","@id":"https:\/\/www.retaildetail.be\/fr\/news\/food\/les-freres-colmar-lancent-crunch-un-concept-destine-aux-jeunes-a-anvers-et-a-gand\/#breadcrumb","itemListElement":[{"@type":"ListItem","position":1,"name":"Home","item":"https:\/\/www.retaildetail.be\/fr\/"},{"@type":"ListItem","position":2,"name":"Les fr\u00e8res Colmar lancent \u00ab Crunch \u00bb, un nouveau concept destin\u00e9 aux jeunes"}]},{"@type":"WebSite","@id":"https:\/\/www.retaildetail.be\/nl\/#website","url":"https:\/\/www.retaildetail.be\/nl\/","name":"RetailDetail BE","description":"News","publisher":{"@id":"https:\/\/www.retaildetail.be\/nl\/#organization"},"potentialAction":[{"@type":"SearchAction","target":{"@type":"EntryPoint","urlTemplate":"https:\/\/www.retaildetail.be\/nl\/?s={search_term_string}"},"query-input":{"@type":"PropertyValueSpecification","valueRequired":true,"valueName":"search_term_string"}}],"inLanguage":"fr-FR"},{"@type":"Organization","@id":"https:\/\/www.retaildetail.be\/nl\/#organization","name":"RetailDetail BE","url":"https:\/\/www.retaildetail.be\/nl\/","logo":{"@type":"ImageObject","inLanguage":"fr-FR","@id":"https:\/\/www.retaildetail.be\/nl\/#\/schema\/logo\/image\/","url":"https:\/\/www.retaildetail.be\/wp-content\/uploads\/2022\/04\/logo.svg","contentUrl":"https:\/\/www.retaildetail.be\/wp-content\/uploads\/2022\/04\/logo.svg","width":131,"height":70,"caption":"RetailDetail BE"},"image":{"@id":"https:\/\/www.retaildetail.be\/nl\/#\/schema\/logo\/image\/"}},{"@type":"Person","@id":"https:\/\/www.retaildetail.be\/nl\/#\/schema\/person\/66b54803fa10759039079458ea89e307","name":"Pauline Neerman","image":{"@type":"ImageObject","inLanguage":"fr-FR","@id":"https:\/\/secure.gravatar.com\/avatar\/58db22aee589a691f9603e5765ac06010427a923f9b2728b951eb7fe27214d70?s=96&d=mm&r=g","url":"https:\/\/secure.gravatar.com\/avatar\/58db22aee589a691f9603e5765ac06010427a923f9b2728b951eb7fe27214d70?s=96&d=mm&r=g","contentUrl":"https:\/\/secure.gravatar.com\/avatar\/58db22aee589a691f9603e5765ac06010427a923f9b2728b951eb7fe27214d70?s=96&d=mm&r=g","caption":"Pauline Neerman"},"url":"https:\/\/www.retaildetail.be\/fr\/author\/paulineneerman\/"}]}},"jetpack_featured_media_url":"https:\/\/www.retaildetail.be\/wp-content\/uploads\/2026\/09\/20251201_Colmar_\u00a9ReadytoRumble_5-Aangepast.jpg","jetpack_sharing_enabled":true,"_links":{"self":[{"href":"https:\/\/www.retaildetail.be\/fr\/wp-json\/wp\/v2\/posts\/154726","targetHints":{"allow":["GET"]}}],"collection":[{"href":"https:\/\/www.retaildetail.be\/fr\/wp-json\/wp\/v2\/posts"}],"about":[{"href":"https:\/\/www.retaildetail.be\/fr\/wp-json\/wp\/v2\/types\/post"}],"author":[{"embeddable":true,"href":"https:\/\/www.retaildetail.be\/fr\/wp-json\/wp\/v2\/users\/5"}],"replies":[{"embeddable":true,"href":"https:\/\/www.retaildetail.be\/fr\/wp-json\/wp\/v2\/comments?post=154726"}],"version-history":[{"count":1,"href":"https:\/\/www.retaildetail.be\/fr\/wp-json\/wp\/v2\/posts\/154726\/revisions"}],"predecessor-version":[{"id":154729,"href":"https:\/\/www.retaildetail.be\/fr\/wp-json\/wp\/v2\/posts\/154726\/revisions\/154729"}],"wp:featuredmedia":[{"embeddable":true,"href":"https:\/\/www.retaildetail.be\/fr\/wp-json\/wp\/v2\/media\/154727"}],"wp:attachment":[{"href":"https:\/\/www.retaildetail.be\/fr\/wp-json\/wp\/v2\/media?parent=154726"}],"wp:term":[{"taxonomy":"category","embeddable":true,"href":"https:\/\/www.retaildetail.be\/fr\/wp-json\/wp\/v2\/categories?post=154726"},{"taxonomy":"post_tag","embeddable":true,"href":"https:\/\/www.retaildetail.be\/fr\/wp-json\/wp\/v2\/tags?post=154726"},{"taxonomy":"people","embeddable":true,"href":"https:\/\/www.retaildetail.be\/fr\/wp-json\/wp\/v2\/people?post=154726"},{"taxonomy":"extra","embeddable":true,"href":"https:\/\/www.retaildetail.be\/fr\/wp-json\/wp\/v2\/extra?post=154726"},{"taxonomy":"company","embeddable":true,"href":"https:\/\/www.retaildetail.be\/fr\/wp-json\/wp\/v2\/company?post=154726"},{"taxonomy":"topic","embeddable":true,"href":"https:\/\/www.retaildetail.be\/fr\/wp-json\/wp\/v2\/topic?post=154726"},{"taxonomy":"region","embeddable":true,"href":"https:\/\/www.retaildetail.be\/fr\/wp-json\/wp\/v2\/region?post=154726"}],"curies":[{"name":"wp","href":"https:\/\/api.w.org\/{rel}","templated":true}]}}