{"id":154743,"date":"2026-09-04T15:28:35","date_gmt":"2026-09-04T13:28:35","guid":{"rendered":"https:\/\/www.retaildetail.be\/?p=154743"},"modified":"2026-09-04T15:28:36","modified_gmt":"2026-09-04T13:28:36","slug":"ikea-la-pression-sur-les-prix-modifie-les-attentes-des-consommateurs-vis-a-vis-de-leur-logement","status":"publish","type":"post","link":"https:\/\/www.retaildetail.be\/fr\/news\/maison-deco\/ikea-la-pression-sur-les-prix-modifie-les-attentes-des-consommateurs-vis-a-vis-de-leur-logement\/","title":{"rendered":"Ikea : la pression sur les prix modifie les attentes des consommateurs vis-\u00e0-vis de leur logement"},"content":{"rendered":"\n<p class=\"wp-block-paragraph\">L&rsquo;accessibilit\u00e9 financi\u00e8re joue un r\u00f4le de plus en plus important dans la mani\u00e8re dont les consommateurs am\u00e9nagent leur logement. Pourtant, beaucoup continuent d&rsquo;investir dans de petites am\u00e9liorations, notamment en mati\u00e8re d&rsquo;espaces de rangement. C&rsquo;est ce qui ressort de la nouvelle \u00e9tude mondiale \u00ab Life at Home \u00bb r\u00e9alis\u00e9e par <strong>Ikea<\/strong>.<\/p>\n\n\n\n<h2 class=\"wp-block-heading\">De petites t\u00e2ches \u00e0 n&rsquo;en plus finir<\/h2>\n\n\n\n<p class=\"wp-block-paragraph\">Les soucis financiers p\u00e8sent lourdement sur les consommateurs dans le domaine de l\u2019habitat : 37 % des consommateurs dans le monde citent le budget du m\u00e9nage et le revenu disponible comme l\u2019une de leurs principales pr\u00e9occupations. Pr\u00e8s de deux sur trois recherchent activement, au moins de temps en temps, le produit le moins cher. Ce sont surtout les personnes \u00e0 faibles revenus qui ressentent cette pression. Parmi elles, 37 % d\u00e9clarent que leur situation financi\u00e8re ne leur permet que de petits achats pour la maison. Ce chiffre est de 21 % chez les personnes aux revenus plus \u00e9lev\u00e9s.<\/p>\n\n\n\n<p class=\"wp-block-paragraph\">C\u2019est ce <a href=\"https:\/\/www.ikea.com\/global\/en\/stories\/life-at-home\/report-2026\/\">qu\u2019affirme Ikea dans son nouveau rapport \u00ab Life at Home<\/a> \u00bb, qui s\u2019appuie notamment sur un sondage YouGov men\u00e9 aupr\u00e8s de 31 689 adultes dans 31 pays, dont la Belgique et les Pays-Bas. Une autre \u00e9tude GlobeScan a port\u00e9 sur 30 701 personnes interrog\u00e9es dans 30 pays. <\/p>\n\n\n\n<p class=\"wp-block-paragraph\">Cela ne signifie toutefois pas que les consommateurs n\u00e9gligent leur logement. Ainsi, 37 % ont l\u2019intention de s\u2019attaquer \u00e0 l\u2019espace de rangement dans les six prochains mois. 19 % pr\u00e9voient d\u2019apporter des changements dans la chambre, la cuisine ou le salon. \u00ab Avec des moyens limit\u00e9s, les logements sont rarement \u201cparfaits\u201d : il y a toujours un petit d\u00e9tail qui m\u00e9rite d\u2019\u00eatre am\u00e9lior\u00e9 \u00bb, explique Anna Rosling R\u00f6nnlund, cofondatrice de Gapminder, dans le rapport.<\/p>\n\n\n\n<h2 class=\"wp-block-heading\">Le logement doit combiner davantage de fonctions<\/h2>\n\n\n\n<p class=\"wp-block-paragraph\">Dans le m\u00eame temps, les consommateurs attendent de plus en plus de leur espace de vie. Pour 56 % d\u2019entre eux, la maison id\u00e9ale doit avant tout favoriser la d\u00e9tente. 39 % souhaitent pouvoir y \u00eatre eux-m\u00eames, 38 % aspirent \u00e0 disposer de suffisamment d\u2019espace pour leurs loisirs et activit\u00e9s, et 31 % estiment qu\u2019il est important que le logement permette de faire des \u00e9conomies.<\/p>\n\n\n\n<p class=\"wp-block-paragraph\">Ikea y voit un besoin croissant d\u2019am\u00e9nagements flexibles et multifonctionnels. \u00ab La flexibilit\u00e9 est le nouveau confort \u00bb, affirme Queenie Lee, d\u2019Ikea Japon. Selon elle, les solutions modulaires permettent de mieux s\u2019adapter aux logements et aux situations familiales qui \u00e9voluent au fil du temps. L\u2019espace de rangement joue \u00e9galement un r\u00f4le important \u00e0 cet \u00e9gard : 29 % des personnes interrog\u00e9es indiquent qu\u2019un espace suffisant pour leurs besoins et leurs possessions contribue \u00e0 leur sentiment de ma\u00eetrise chez elles.<\/p>\n\n\n\n<h2 class=\"wp-block-heading\">La durabilit\u00e9 se heurte au prix<\/h2>\n\n\n\n<p class=\"wp-block-paragraph\">L\u2019\u00e9tude \u00e9tablit par ailleurs un lien clair entre la durabilit\u00e9 et l\u2019accessibilit\u00e9 financi\u00e8re. 41 % citent le co\u00fbt comme un obstacle \u00e0 la mise en \u0153uvre de davantage d\u2019actions en faveur du climat. Dans le m\u00eame temps, 54 % affirment que r\u00e9aliser des \u00e9conomies les inciterait justement \u00e0 en faire davantage. Les bienfaits pour la sant\u00e9 constituent une motivation suppl\u00e9mentaire pour 41 % des personnes interrog\u00e9es.<\/p>\n\n\n\n<p class=\"wp-block-paragraph\">Selon l\u2019\u00e9tude, la r\u00e9utilisation est d\u00e9j\u00e0 assez r\u00e9pandue. Sept personnes interrog\u00e9es sur dix d\u00e9clarent r\u00e9parer, vendre ou donner les meubles dont elles ne veulent plus ou qui sont cass\u00e9s. Les consommateurs se tournent \u00e9galement vers les entreprises \u00e0 cet \u00e9gard. 65 % attendent des entreprises qu\u2019elles prennent des mesures climatiques significatives d\u2019ici 2030, tandis que 71 % souhaitent des informations plus claires sur l\u2019impact \u00e9cologique et social des produits et services.<\/p>\n","protected":false},"excerpt":{"rendered":"<p>L&rsquo;accessibilit\u00e9 financi\u00e8re joue un r\u00f4le de plus en plus important dans la mani\u00e8re dont les consommateurs am\u00e9nagent leur logement. Pourtant, beaucoup continuent d&rsquo;investir dans de petites am\u00e9liorations, notamment en mati\u00e8re d&rsquo;espace de rangement. C&rsquo;est ce qui ressort de la nouvelle \u00e9tude mondiale \u00ab Life at Home \u00bb r\u00e9alis\u00e9e par Ikea.<\/p>\n","protected":false},"author":5,"featured_media":154744,"comment_status":"closed","ping_status":"closed","sticky":false,"template":"","format":"standard","meta":{"_acf_changed":false,"inline_featured_image":false,"_jetpack_newsletter_access":"","_jetpack_dont_email_post_to_subs":false,"_jetpack_newsletter_tier_id":0,"_jetpack_memberships_contains_paywalled_content":false,"_jetpack_memberships_contains_paid_content":false,"footnotes":""},"categories":[29,21],"tags":[],"people":[],"extra":[43],"company":[211],"topic":[275],"region":[],"class_list":["post-154743","post","type-post","status-publish","format-standard","has-post-thumbnail","hentry","category-maison-deco","category-wonen","extra-plus","company-ikea","topic-analyse"],"acf":[],"yoast_head":"<!-- This site is optimized with the Yoast SEO plugin v28.1 - https:\/\/yoast.com\/product\/yoast-seo-wordpress\/ -->\n<title>Ikea : la pression sur les prix modifie les attentes des consommateurs vis-\u00e0-vis de leur logement - RetailDetail BE<\/title>\n<meta name=\"robots\" content=\"index, follow, max-snippet:-1, max-image-preview:large, max-video-preview:-1\" \/>\n<link rel=\"canonical\" href=\"https:\/\/www.retaildetail.be\/fr\/news\/maison-deco\/ikea-la-pression-sur-les-prix-modifie-les-attentes-des-consommateurs-vis-a-vis-de-leur-logement\/\" \/>\n<meta property=\"og:locale\" content=\"fr_FR\" \/>\n<meta property=\"og:type\" content=\"article\" \/>\n<meta property=\"og:title\" content=\"Ikea : la pression sur les prix modifie les attentes des consommateurs vis-\u00e0-vis de leur logement - RetailDetail BE\" \/>\n<meta property=\"og:description\" content=\"L&#039;accessibilit\u00e9 financi\u00e8re joue un r\u00f4le de plus en plus important dans la mani\u00e8re dont les consommateurs am\u00e9nagent leur logement. Pourtant, beaucoup continuent d&#039;investir dans de petites am\u00e9liorations, notamment en mati\u00e8re d&#039;espace de rangement. C&#039;est ce qui ressort de la nouvelle \u00e9tude mondiale \u00ab Life at Home \u00bb r\u00e9alis\u00e9e par Ikea.\" \/>\n<meta property=\"og:url\" content=\"https:\/\/www.retaildetail.be\/fr\/news\/maison-deco\/ikea-la-pression-sur-les-prix-modifie-les-attentes-des-consommateurs-vis-a-vis-de-leur-logement\/\" \/>\n<meta property=\"og:site_name\" content=\"RetailDetail BE\" \/>\n<meta property=\"article:published_time\" content=\"2026-09-04T13:28:35+00:00\" \/>\n<meta property=\"article:modified_time\" content=\"2026-09-04T13:28:36+00:00\" \/>\n<meta property=\"og:image\" content=\"https:\/\/www.retaildetail.be\/wp-content\/uploads\/2026\/09\/large-CF-SecondHandMarketplace-FY26-MultipleUse-Image-10-1.jpg\" \/>\n\t<meta property=\"og:image:width\" content=\"1600\" \/>\n\t<meta property=\"og:image:height\" content=\"1067\" \/>\n\t<meta property=\"og:image:type\" content=\"image\/jpeg\" \/>\n<meta name=\"author\" content=\"Pauline Neerman\" \/>\n<meta name=\"twitter:card\" content=\"summary_large_image\" \/>\n<meta name=\"twitter:label1\" content=\"\u00c9crit par\" \/>\n\t<meta name=\"twitter:data1\" content=\"Pauline Neerman\" \/>\n\t<meta name=\"twitter:label2\" content=\"Dur\u00e9e de lecture estim\u00e9e\" \/>\n\t<meta name=\"twitter:data2\" content=\"3 minutes\" \/>\n<script type=\"application\/ld+json\" class=\"yoast-schema-graph\">{\"@context\":\"https:\\\/\\\/schema.org\",\"@graph\":[{\"@type\":\"NewsArticle\",\"@id\":\"https:\\\/\\\/www.retaildetail.be\\\/fr\\\/news\\\/maison-deco\\\/ikea-la-pression-sur-les-prix-modifie-les-attentes-des-consommateurs-vis-a-vis-de-leur-logement\\\/#article\",\"isPartOf\":{\"@id\":\"https:\\\/\\\/www.retaildetail.be\\\/fr\\\/news\\\/maison-deco\\\/ikea-la-pression-sur-les-prix-modifie-les-attentes-des-consommateurs-vis-a-vis-de-leur-logement\\\/\"},\"author\":{\"name\":\"Pauline Neerman\",\"@id\":\"https:\\\/\\\/www.retaildetail.be\\\/nl\\\/#\\\/schema\\\/person\\\/66b54803fa10759039079458ea89e307\"},\"headline\":\"Ikea : la pression sur les prix modifie les attentes des consommateurs vis-\u00e0-vis de leur logement\",\"datePublished\":\"2026-09-04T13:28:35+00:00\",\"dateModified\":\"2026-09-04T13:28:36+00:00\",\"mainEntityOfPage\":{\"@id\":\"https:\\\/\\\/www.retaildetail.be\\\/fr\\\/news\\\/maison-deco\\\/ikea-la-pression-sur-les-prix-modifie-les-attentes-des-consommateurs-vis-a-vis-de-leur-logement\\\/\"},\"wordCount\":608,\"publisher\":{\"@id\":\"https:\\\/\\\/www.retaildetail.be\\\/nl\\\/#organization\"},\"image\":{\"@id\":\"https:\\\/\\\/www.retaildetail.be\\\/fr\\\/news\\\/maison-deco\\\/ikea-la-pression-sur-les-prix-modifie-les-attentes-des-consommateurs-vis-a-vis-de-leur-logement\\\/#primaryimage\"},\"thumbnailUrl\":\"https:\\\/\\\/www.retaildetail.be\\\/wp-content\\\/uploads\\\/2026\\\/09\\\/large-CF-SecondHandMarketplace-FY26-MultipleUse-Image-10-1.jpg\",\"articleSection\":[\"Maison &amp; D\u00e9co\",\"Wonen\"],\"inLanguage\":\"fr-FR\",\"copyrightYear\":\"2026\",\"copyrightHolder\":{\"@id\":\"https:\\\/\\\/www.retaildetail.be\\\/#organization\"}},{\"@type\":\"WebPage\",\"@id\":\"https:\\\/\\\/www.retaildetail.be\\\/fr\\\/news\\\/maison-deco\\\/ikea-la-pression-sur-les-prix-modifie-les-attentes-des-consommateurs-vis-a-vis-de-leur-logement\\\/\",\"url\":\"https:\\\/\\\/www.retaildetail.be\\\/fr\\\/news\\\/maison-deco\\\/ikea-la-pression-sur-les-prix-modifie-les-attentes-des-consommateurs-vis-a-vis-de-leur-logement\\\/\",\"name\":\"Ikea : la pression sur les prix modifie les attentes des consommateurs vis-\u00e0-vis de leur logement - RetailDetail BE\",\"isPartOf\":{\"@id\":\"https:\\\/\\\/www.retaildetail.be\\\/nl\\\/#website\"},\"primaryImageOfPage\":{\"@id\":\"https:\\\/\\\/www.retaildetail.be\\\/fr\\\/news\\\/maison-deco\\\/ikea-la-pression-sur-les-prix-modifie-les-attentes-des-consommateurs-vis-a-vis-de-leur-logement\\\/#primaryimage\"},\"image\":{\"@id\":\"https:\\\/\\\/www.retaildetail.be\\\/fr\\\/news\\\/maison-deco\\\/ikea-la-pression-sur-les-prix-modifie-les-attentes-des-consommateurs-vis-a-vis-de-leur-logement\\\/#primaryimage\"},\"thumbnailUrl\":\"https:\\\/\\\/www.retaildetail.be\\\/wp-content\\\/uploads\\\/2026\\\/09\\\/large-CF-SecondHandMarketplace-FY26-MultipleUse-Image-10-1.jpg\",\"datePublished\":\"2026-09-04T13:28:35+00:00\",\"dateModified\":\"2026-09-04T13:28:36+00:00\",\"breadcrumb\":{\"@id\":\"https:\\\/\\\/www.retaildetail.be\\\/fr\\\/news\\\/maison-deco\\\/ikea-la-pression-sur-les-prix-modifie-les-attentes-des-consommateurs-vis-a-vis-de-leur-logement\\\/#breadcrumb\"},\"inLanguage\":\"fr-FR\",\"potentialAction\":[{\"@type\":\"ReadAction\",\"target\":[\"https:\\\/\\\/www.retaildetail.be\\\/fr\\\/news\\\/maison-deco\\\/ikea-la-pression-sur-les-prix-modifie-les-attentes-des-consommateurs-vis-a-vis-de-leur-logement\\\/\"]}]},{\"@type\":\"ImageObject\",\"inLanguage\":\"fr-FR\",\"@id\":\"https:\\\/\\\/www.retaildetail.be\\\/fr\\\/news\\\/maison-deco\\\/ikea-la-pression-sur-les-prix-modifie-les-attentes-des-consommateurs-vis-a-vis-de-leur-logement\\\/#primaryimage\",\"url\":\"https:\\\/\\\/www.retaildetail.be\\\/wp-content\\\/uploads\\\/2026\\\/09\\\/large-CF-SecondHandMarketplace-FY26-MultipleUse-Image-10-1.jpg\",\"contentUrl\":\"https:\\\/\\\/www.retaildetail.be\\\/wp-content\\\/uploads\\\/2026\\\/09\\\/large-CF-SecondHandMarketplace-FY26-MultipleUse-Image-10-1.jpg\",\"width\":1600,\"height\":1067,\"caption\":\"IKEA\"},{\"@type\":\"BreadcrumbList\",\"@id\":\"https:\\\/\\\/www.retaildetail.be\\\/fr\\\/news\\\/maison-deco\\\/ikea-la-pression-sur-les-prix-modifie-les-attentes-des-consommateurs-vis-a-vis-de-leur-logement\\\/#breadcrumb\",\"itemListElement\":[{\"@type\":\"ListItem\",\"position\":1,\"name\":\"Home\",\"item\":\"https:\\\/\\\/www.retaildetail.be\\\/fr\\\/\"},{\"@type\":\"ListItem\",\"position\":2,\"name\":\"Ikea : la pression sur les prix modifie les attentes des consommateurs vis-\u00e0-vis de leur logement\"}]},{\"@type\":\"WebSite\",\"@id\":\"https:\\\/\\\/www.retaildetail.be\\\/nl\\\/#website\",\"url\":\"https:\\\/\\\/www.retaildetail.be\\\/nl\\\/\",\"name\":\"RetailDetail BE\",\"description\":\"News\",\"publisher\":{\"@id\":\"https:\\\/\\\/www.retaildetail.be\\\/nl\\\/#organization\"},\"potentialAction\":[{\"@type\":\"SearchAction\",\"target\":{\"@type\":\"EntryPoint\",\"urlTemplate\":\"https:\\\/\\\/www.retaildetail.be\\\/nl\\\/?s={search_term_string}\"},\"query-input\":{\"@type\":\"PropertyValueSpecification\",\"valueRequired\":true,\"valueName\":\"search_term_string\"}}],\"inLanguage\":\"fr-FR\"},{\"@type\":\"Organization\",\"@id\":\"https:\\\/\\\/www.retaildetail.be\\\/nl\\\/#organization\",\"name\":\"RetailDetail BE\",\"url\":\"https:\\\/\\\/www.retaildetail.be\\\/nl\\\/\",\"logo\":{\"@type\":\"ImageObject\",\"inLanguage\":\"fr-FR\",\"@id\":\"https:\\\/\\\/www.retaildetail.be\\\/nl\\\/#\\\/schema\\\/logo\\\/image\\\/\",\"url\":\"https:\\\/\\\/www.retaildetail.be\\\/wp-content\\\/uploads\\\/2022\\\/04\\\/logo.svg\",\"contentUrl\":\"https:\\\/\\\/www.retaildetail.be\\\/wp-content\\\/uploads\\\/2022\\\/04\\\/logo.svg\",\"width\":131,\"height\":70,\"caption\":\"RetailDetail BE\"},\"image\":{\"@id\":\"https:\\\/\\\/www.retaildetail.be\\\/nl\\\/#\\\/schema\\\/logo\\\/image\\\/\"}},{\"@type\":\"Person\",\"@id\":\"https:\\\/\\\/www.retaildetail.be\\\/nl\\\/#\\\/schema\\\/person\\\/66b54803fa10759039079458ea89e307\",\"name\":\"Pauline Neerman\",\"image\":{\"@type\":\"ImageObject\",\"inLanguage\":\"fr-FR\",\"@id\":\"https:\\\/\\\/secure.gravatar.com\\\/avatar\\\/58db22aee589a691f9603e5765ac06010427a923f9b2728b951eb7fe27214d70?s=96&d=mm&r=g\",\"url\":\"https:\\\/\\\/secure.gravatar.com\\\/avatar\\\/58db22aee589a691f9603e5765ac06010427a923f9b2728b951eb7fe27214d70?s=96&d=mm&r=g\",\"contentUrl\":\"https:\\\/\\\/secure.gravatar.com\\\/avatar\\\/58db22aee589a691f9603e5765ac06010427a923f9b2728b951eb7fe27214d70?s=96&d=mm&r=g\",\"caption\":\"Pauline Neerman\"},\"url\":\"https:\\\/\\\/www.retaildetail.be\\\/fr\\\/author\\\/paulineneerman\\\/\"}]}<\/script>\n<!-- \/ Yoast SEO plugin. -->","yoast_head_json":{"title":"Ikea : la pression sur les prix modifie les attentes des consommateurs vis-\u00e0-vis de leur logement - RetailDetail BE","robots":{"index":"index","follow":"follow","max-snippet":"max-snippet:-1","max-image-preview":"max-image-preview:large","max-video-preview":"max-video-preview:-1"},"canonical":"https:\/\/www.retaildetail.be\/fr\/news\/maison-deco\/ikea-la-pression-sur-les-prix-modifie-les-attentes-des-consommateurs-vis-a-vis-de-leur-logement\/","og_locale":"fr_FR","og_type":"article","og_title":"Ikea : la pression sur les prix modifie les attentes des consommateurs vis-\u00e0-vis de leur logement - RetailDetail BE","og_description":"L'accessibilit\u00e9 financi\u00e8re joue un r\u00f4le de plus en plus important dans la mani\u00e8re dont les consommateurs am\u00e9nagent leur logement. Pourtant, beaucoup continuent d'investir dans de petites am\u00e9liorations, notamment en mati\u00e8re d'espace de rangement. C'est ce qui ressort de la nouvelle \u00e9tude mondiale \u00ab Life at Home \u00bb r\u00e9alis\u00e9e par Ikea.","og_url":"https:\/\/www.retaildetail.be\/fr\/news\/maison-deco\/ikea-la-pression-sur-les-prix-modifie-les-attentes-des-consommateurs-vis-a-vis-de-leur-logement\/","og_site_name":"RetailDetail BE","article_published_time":"2026-09-04T13:28:35+00:00","article_modified_time":"2026-09-04T13:28:36+00:00","og_image":[{"width":1600,"height":1067,"url":"https:\/\/www.retaildetail.be\/wp-content\/uploads\/2026\/09\/large-CF-SecondHandMarketplace-FY26-MultipleUse-Image-10-1.jpg","type":"image\/jpeg"}],"author":"Pauline Neerman","twitter_card":"summary_large_image","twitter_misc":{"\u00c9crit par":"Pauline Neerman","Dur\u00e9e de lecture estim\u00e9e":"3 minutes"},"schema":{"@context":"https:\/\/schema.org","@graph":[{"@type":"NewsArticle","@id":"https:\/\/www.retaildetail.be\/fr\/news\/maison-deco\/ikea-la-pression-sur-les-prix-modifie-les-attentes-des-consommateurs-vis-a-vis-de-leur-logement\/#article","isPartOf":{"@id":"https:\/\/www.retaildetail.be\/fr\/news\/maison-deco\/ikea-la-pression-sur-les-prix-modifie-les-attentes-des-consommateurs-vis-a-vis-de-leur-logement\/"},"author":{"name":"Pauline Neerman","@id":"https:\/\/www.retaildetail.be\/nl\/#\/schema\/person\/66b54803fa10759039079458ea89e307"},"headline":"Ikea : la pression sur les prix modifie les attentes des consommateurs vis-\u00e0-vis de leur logement","datePublished":"2026-09-04T13:28:35+00:00","dateModified":"2026-09-04T13:28:36+00:00","mainEntityOfPage":{"@id":"https:\/\/www.retaildetail.be\/fr\/news\/maison-deco\/ikea-la-pression-sur-les-prix-modifie-les-attentes-des-consommateurs-vis-a-vis-de-leur-logement\/"},"wordCount":608,"publisher":{"@id":"https:\/\/www.retaildetail.be\/nl\/#organization"},"image":{"@id":"https:\/\/www.retaildetail.be\/fr\/news\/maison-deco\/ikea-la-pression-sur-les-prix-modifie-les-attentes-des-consommateurs-vis-a-vis-de-leur-logement\/#primaryimage"},"thumbnailUrl":"https:\/\/www.retaildetail.be\/wp-content\/uploads\/2026\/09\/large-CF-SecondHandMarketplace-FY26-MultipleUse-Image-10-1.jpg","articleSection":["Maison &amp; D\u00e9co","Wonen"],"inLanguage":"fr-FR","copyrightYear":"2026","copyrightHolder":{"@id":"https:\/\/www.retaildetail.be\/#organization"}},{"@type":"WebPage","@id":"https:\/\/www.retaildetail.be\/fr\/news\/maison-deco\/ikea-la-pression-sur-les-prix-modifie-les-attentes-des-consommateurs-vis-a-vis-de-leur-logement\/","url":"https:\/\/www.retaildetail.be\/fr\/news\/maison-deco\/ikea-la-pression-sur-les-prix-modifie-les-attentes-des-consommateurs-vis-a-vis-de-leur-logement\/","name":"Ikea : la pression sur les prix modifie les attentes des consommateurs vis-\u00e0-vis de leur logement - RetailDetail BE","isPartOf":{"@id":"https:\/\/www.retaildetail.be\/nl\/#website"},"primaryImageOfPage":{"@id":"https:\/\/www.retaildetail.be\/fr\/news\/maison-deco\/ikea-la-pression-sur-les-prix-modifie-les-attentes-des-consommateurs-vis-a-vis-de-leur-logement\/#primaryimage"},"image":{"@id":"https:\/\/www.retaildetail.be\/fr\/news\/maison-deco\/ikea-la-pression-sur-les-prix-modifie-les-attentes-des-consommateurs-vis-a-vis-de-leur-logement\/#primaryimage"},"thumbnailUrl":"https:\/\/www.retaildetail.be\/wp-content\/uploads\/2026\/09\/large-CF-SecondHandMarketplace-FY26-MultipleUse-Image-10-1.jpg","datePublished":"2026-09-04T13:28:35+00:00","dateModified":"2026-09-04T13:28:36+00:00","breadcrumb":{"@id":"https:\/\/www.retaildetail.be\/fr\/news\/maison-deco\/ikea-la-pression-sur-les-prix-modifie-les-attentes-des-consommateurs-vis-a-vis-de-leur-logement\/#breadcrumb"},"inLanguage":"fr-FR","potentialAction":[{"@type":"ReadAction","target":["https:\/\/www.retaildetail.be\/fr\/news\/maison-deco\/ikea-la-pression-sur-les-prix-modifie-les-attentes-des-consommateurs-vis-a-vis-de-leur-logement\/"]}]},{"@type":"ImageObject","inLanguage":"fr-FR","@id":"https:\/\/www.retaildetail.be\/fr\/news\/maison-deco\/ikea-la-pression-sur-les-prix-modifie-les-attentes-des-consommateurs-vis-a-vis-de-leur-logement\/#primaryimage","url":"https:\/\/www.retaildetail.be\/wp-content\/uploads\/2026\/09\/large-CF-SecondHandMarketplace-FY26-MultipleUse-Image-10-1.jpg","contentUrl":"https:\/\/www.retaildetail.be\/wp-content\/uploads\/2026\/09\/large-CF-SecondHandMarketplace-FY26-MultipleUse-Image-10-1.jpg","width":1600,"height":1067,"caption":"IKEA"},{"@type":"BreadcrumbList","@id":"https:\/\/www.retaildetail.be\/fr\/news\/maison-deco\/ikea-la-pression-sur-les-prix-modifie-les-attentes-des-consommateurs-vis-a-vis-de-leur-logement\/#breadcrumb","itemListElement":[{"@type":"ListItem","position":1,"name":"Home","item":"https:\/\/www.retaildetail.be\/fr\/"},{"@type":"ListItem","position":2,"name":"Ikea : la pression sur les prix modifie les attentes des consommateurs vis-\u00e0-vis de leur logement"}]},{"@type":"WebSite","@id":"https:\/\/www.retaildetail.be\/nl\/#website","url":"https:\/\/www.retaildetail.be\/nl\/","name":"RetailDetail BE","description":"News","publisher":{"@id":"https:\/\/www.retaildetail.be\/nl\/#organization"},"potentialAction":[{"@type":"SearchAction","target":{"@type":"EntryPoint","urlTemplate":"https:\/\/www.retaildetail.be\/nl\/?s={search_term_string}"},"query-input":{"@type":"PropertyValueSpecification","valueRequired":true,"valueName":"search_term_string"}}],"inLanguage":"fr-FR"},{"@type":"Organization","@id":"https:\/\/www.retaildetail.be\/nl\/#organization","name":"RetailDetail BE","url":"https:\/\/www.retaildetail.be\/nl\/","logo":{"@type":"ImageObject","inLanguage":"fr-FR","@id":"https:\/\/www.retaildetail.be\/nl\/#\/schema\/logo\/image\/","url":"https:\/\/www.retaildetail.be\/wp-content\/uploads\/2022\/04\/logo.svg","contentUrl":"https:\/\/www.retaildetail.be\/wp-content\/uploads\/2022\/04\/logo.svg","width":131,"height":70,"caption":"RetailDetail BE"},"image":{"@id":"https:\/\/www.retaildetail.be\/nl\/#\/schema\/logo\/image\/"}},{"@type":"Person","@id":"https:\/\/www.retaildetail.be\/nl\/#\/schema\/person\/66b54803fa10759039079458ea89e307","name":"Pauline Neerman","image":{"@type":"ImageObject","inLanguage":"fr-FR","@id":"https:\/\/secure.gravatar.com\/avatar\/58db22aee589a691f9603e5765ac06010427a923f9b2728b951eb7fe27214d70?s=96&d=mm&r=g","url":"https:\/\/secure.gravatar.com\/avatar\/58db22aee589a691f9603e5765ac06010427a923f9b2728b951eb7fe27214d70?s=96&d=mm&r=g","contentUrl":"https:\/\/secure.gravatar.com\/avatar\/58db22aee589a691f9603e5765ac06010427a923f9b2728b951eb7fe27214d70?s=96&d=mm&r=g","caption":"Pauline Neerman"},"url":"https:\/\/www.retaildetail.be\/fr\/author\/paulineneerman\/"}]}},"jetpack_featured_media_url":"https:\/\/www.retaildetail.be\/wp-content\/uploads\/2026\/09\/large-CF-SecondHandMarketplace-FY26-MultipleUse-Image-10-1.jpg","jetpack_sharing_enabled":true,"_links":{"self":[{"href":"https:\/\/www.retaildetail.be\/fr\/wp-json\/wp\/v2\/posts\/154743","targetHints":{"allow":["GET"]}}],"collection":[{"href":"https:\/\/www.retaildetail.be\/fr\/wp-json\/wp\/v2\/posts"}],"about":[{"href":"https:\/\/www.retaildetail.be\/fr\/wp-json\/wp\/v2\/types\/post"}],"author":[{"embeddable":true,"href":"https:\/\/www.retaildetail.be\/fr\/wp-json\/wp\/v2\/users\/5"}],"replies":[{"embeddable":true,"href":"https:\/\/www.retaildetail.be\/fr\/wp-json\/wp\/v2\/comments?post=154743"}],"version-history":[{"count":1,"href":"https:\/\/www.retaildetail.be\/fr\/wp-json\/wp\/v2\/posts\/154743\/revisions"}],"predecessor-version":[{"id":154749,"href":"https:\/\/www.retaildetail.be\/fr\/wp-json\/wp\/v2\/posts\/154743\/revisions\/154749"}],"wp:featuredmedia":[{"embeddable":true,"href":"https:\/\/www.retaildetail.be\/fr\/wp-json\/wp\/v2\/media\/154744"}],"wp:attachment":[{"href":"https:\/\/www.retaildetail.be\/fr\/wp-json\/wp\/v2\/media?parent=154743"}],"wp:term":[{"taxonomy":"category","embeddable":true,"href":"https:\/\/www.retaildetail.be\/fr\/wp-json\/wp\/v2\/categories?post=154743"},{"taxonomy":"post_tag","embeddable":true,"href":"https:\/\/www.retaildetail.be\/fr\/wp-json\/wp\/v2\/tags?post=154743"},{"taxonomy":"people","embeddable":true,"href":"https:\/\/www.retaildetail.be\/fr\/wp-json\/wp\/v2\/people?post=154743"},{"taxonomy":"extra","embeddable":true,"href":"https:\/\/www.retaildetail.be\/fr\/wp-json\/wp\/v2\/extra?post=154743"},{"taxonomy":"company","embeddable":true,"href":"https:\/\/www.retaildetail.be\/fr\/wp-json\/wp\/v2\/company?post=154743"},{"taxonomy":"topic","embeddable":true,"href":"https:\/\/www.retaildetail.be\/fr\/wp-json\/wp\/v2\/topic?post=154743"},{"taxonomy":"region","embeddable":true,"href":"https:\/\/www.retaildetail.be\/fr\/wp-json\/wp\/v2\/region?post=154743"}],"curies":[{"name":"wp","href":"https:\/\/api.w.org\/{rel}","templated":true}]}}