{"id":154769,"date":"2026-09-04T16:34:11","date_gmt":"2026-09-04T14:34:11","guid":{"rendered":"https:\/\/www.retaildetail.be\/?p=154769"},"modified":"2026-09-04T16:34:12","modified_gmt":"2026-09-04T14:34:12","slug":"la-chaine-dapprovisionnement-alimentaire-est-insuffisamment-preparee-a-un-phenomene-el-nino-exceptionnel","status":"publish","type":"post","link":"https:\/\/www.retaildetail.be\/fr\/news\/food\/la-chaine-dapprovisionnement-alimentaire-est-insuffisamment-preparee-a-un-phenomene-el-nino-exceptionnel\/","title":{"rendered":"La cha\u00eene d&rsquo;approvisionnement alimentaire est \u00ab insuffisamment pr\u00e9par\u00e9e \u00bb \u00e0 l&rsquo;El Ni\u00f1o exceptionnel"},"content":{"rendered":"\n<p class=\"wp-block-paragraph\">Le ph\u00e9nom\u00e8ne El Ni\u00f1o actuel pourrait devenir le plus intense depuis des d\u00e9cennies. L&rsquo;Organisation m\u00e9t\u00e9orologique mondiale met en garde contre des cons\u00e9quences importantes en termes de pr\u00e9cipitations, de canicule et d&rsquo;inondations. Pour l&rsquo;industrie agroalimentaire, cela risque d&rsquo;entra\u00eener des r\u00e9coltes d\u00e9ficitaires, mais aussi une pression accrue sur des cha\u00eenes d&rsquo;approvisionnement d\u00e9j\u00e0 (trop) fragiles.<\/p>\n\n\n\n<h2 class=\"wp-block-heading\">Des conditions m\u00e9t\u00e9orologiques extr\u00eames jusqu\u2019en f\u00e9vrier<\/h2>\n\n\n\n<p class=\"wp-block-paragraph\">L\u2019Organisation m\u00e9t\u00e9orologique mondiale (OMM) pr\u00e9voit que l\u2019El Ni\u00f1o actuel <a href=\"https:\/\/wmo.int\/news\/media-centre\/el-nino-set-become-very-strong-raising-risks-of-extreme-weather-2027\">continuera de gagner en intensit\u00e9 au cours des prochains mois<\/a>. Selon l\u2019organisation, la probabilit\u00e9 que ce ph\u00e9nom\u00e8ne m\u00e9t\u00e9orologique se poursuive jusqu\u2019en f\u00e9vrier 2027 s\u2019\u00e9l\u00e8ve d\u00e9sormais \u00e0 pr\u00e8s de 100 %. Ses effets pourraient atteindre leur paroxysme d\u2019ici la fin de cette ann\u00e9e. \u00ab Cet El Ni\u00f1o exceptionnel exige une pr\u00e9paration et une r\u00e9action exceptionnelles \u00bb, pr\u00e9vient la secr\u00e9taire g\u00e9n\u00e9rale de l\u2019OMM, Celeste Saulo.<\/p>\n\n\n\n<p class=\"wp-block-paragraph\">Pour l&rsquo;industrie agroalimentaire, le message est particuli\u00e8rement alarmant : El Ni\u00f1o modifie les r\u00e9gimes pluviom\u00e9triques et thermiques \u00e0 l&rsquo;\u00e9chelle mondiale et augmente, dans diff\u00e9rentes r\u00e9gions, le risque de s\u00e9cheresse, d&rsquo;inondations et de canicules. Cela pourrait entra\u00eener des r\u00e9coltes d\u00e9cevantes, une hausse des prix des mati\u00e8res premi\u00e8res et mettre \u00e0 rude \u00e9preuve d&rsquo;importantes voies logistiques.<\/p>\n\n\n\n<h2 class=\"wp-block-heading\">Avertissement britannique : \u00ab p\u00e9nurie alimentaire \u00bb<\/h2>\n\n\n\n<p class=\"wp-block-paragraph\">M\u00eame si l\u2019Europe subit principalement les cons\u00e9quences indirectes \u2013 p\u00e9nuries \u00e9ventuelles dans les rayons des magasins et hausse des prix \u2013, le gouvernement britannique, en particulier, met \u00e9galement en garde la population : \u00ab<a href=\"https:\/\/www.bbc.com\/news\/articles\/cp931m8n3p5o\">Faites des r\u00e9serves de nourriture afin de pouvoir tenir le coup<\/a> en cas de violentes temp\u00eates et d\u2019intemp\u00e9ries \u00bb, a d\u00e9clar\u00e9 la ministre de l\u2019Environnement, Angela Eagle, dans le journal The Guardian.<\/p>\n\n\n\n<p class=\"wp-block-paragraph\">Dans le m\u00eame temps, le National Audit Office britannique avertit que les cha\u00eenes d\u2019approvisionnement alimentaire ne sont pas suffisamment pr\u00e9par\u00e9es \u00e0 des chocs de plus en plus violents. Le Royaume-Uni importe plus d\u2019un tiers de ses denr\u00e9es alimentaires et d\u00e9pend fortement de quelques grands ports, mais selon l\u2019organisme de contr\u00f4le britannique, non seulement les risques climatiques augmentent, mais il existe \u00e9galement la menace de cyberattaques, d\u2019\u00e9pid\u00e9mies et de perturbations g\u00e9opolitiques. Cette combinaison rend l\u2019approvisionnement alimentaire encore plus vuln\u00e9rable.<\/p>\n\n\n\n<p class=\"wp-block-paragraph\">Le rapport britannique plaide en faveur d\u2019une plus grande r\u00e9silience : la diversification des fournisseurs, les ingr\u00e9dients de substitution, les stocks suppl\u00e9mentaires, la s\u00e9curit\u00e9 \u00e9nerg\u00e9tique, la cybers\u00e9curit\u00e9 et les itin\u00e9raires de contournement dans les transports doivent se voir accorder une importance strat\u00e9gique accrue. Le rapport critique s\u00e9v\u00e8rement le fait que, ces derni\u00e8res ann\u00e9es, tant les citoyens que les entreprises \u00abn\u2019ont <a href=\"https:\/\/www.theguardian.com\/business\/2026\/sep\/04\/uk-not-done-enough-to-prepare-for-shocks-to-food-supplies-says-watchdog\">pas suffisamment agi pour se pr\u00e9parer<\/a> \u00e0 d\u2019\u00e9ventuelles situations d\u2019urgence \u00bb. Ce qui vaut pour les Britanniques constitue toutefois un d\u00e9fi international plus large, et l\u2019arriv\u00e9e imminente du ph\u00e9nom\u00e8ne El Ni\u00f1o rend la question d\u2019autant plus urgente.<\/p>\n","protected":false},"excerpt":{"rendered":"<p>Le ph\u00e9nom\u00e8ne El Ni\u00f1o actuel pourrait devenir le plus intense depuis des d\u00e9cennies. L&rsquo;Organisation m\u00e9t\u00e9orologique mondiale met en garde contre des cons\u00e9quences importantes en termes de pr\u00e9cipitations, de canicule et d&rsquo;inondations. Pour l&rsquo;industrie agroalimentaire, cela risque d&rsquo;entra\u00eener des r\u00e9coltes d\u00e9faillantes, mais aussi une hausse du prix des mati\u00e8res premi\u00e8res, des perturbations logistiques et une pression accrue sur des cha\u00eenes d&rsquo;approvisionnement d\u00e9j\u00e0 (trop) fragiles.<\/p>\n","protected":false},"author":5,"featured_media":154770,"comment_status":"closed","ping_status":"closed","sticky":false,"template":"","format":"standard","meta":{"_acf_changed":false,"inline_featured_image":false,"_jetpack_newsletter_access":"","_jetpack_dont_email_post_to_subs":false,"_jetpack_newsletter_tier_id":0,"_jetpack_memberships_contains_paywalled_content":false,"_jetpack_memberships_contains_paid_content":false,"footnotes":""},"categories":[18,24],"tags":[],"people":[],"extra":[43],"company":[],"topic":[242,397],"region":[243,381],"class_list":["post-154769","post","type-post","status-publish","format-standard","has-post-thumbnail","hentry","category-food","extra-plus","topic-chaine-dapprovisionnement","topic-securite-alimentaire","region-europe","region-royaume-uni"],"acf":[],"yoast_head":"<!-- This site is optimized with the Yoast SEO plugin v28.1 - https:\/\/yoast.com\/product\/yoast-seo-wordpress\/ -->\n<title>La cha\u00eene d&#039;approvisionnement alimentaire est \u00ab insuffisamment pr\u00e9par\u00e9e \u00bb \u00e0 l&#039;El Ni\u00f1o exceptionnel - RetailDetail BE<\/title>\n<meta name=\"robots\" content=\"index, follow, max-snippet:-1, max-image-preview:large, max-video-preview:-1\" \/>\n<link rel=\"canonical\" href=\"https:\/\/www.retaildetail.be\/fr\/news\/food\/la-chaine-dapprovisionnement-alimentaire-est-insuffisamment-preparee-a-un-phenomene-el-nino-exceptionnel\/\" \/>\n<meta property=\"og:locale\" content=\"fr_FR\" \/>\n<meta property=\"og:type\" content=\"article\" \/>\n<meta property=\"og:title\" content=\"La cha\u00eene d&#039;approvisionnement alimentaire est \u00ab insuffisamment pr\u00e9par\u00e9e \u00bb \u00e0 l&#039;El Ni\u00f1o exceptionnel - RetailDetail BE\" \/>\n<meta property=\"og:description\" content=\"Le ph\u00e9nom\u00e8ne El Ni\u00f1o actuel pourrait devenir le plus intense depuis des d\u00e9cennies. L&#039;Organisation m\u00e9t\u00e9orologique mondiale met en garde contre des cons\u00e9quences importantes en termes de pr\u00e9cipitations, de canicule et d&#039;inondations. Pour l&#039;industrie agroalimentaire, cela risque d&#039;entra\u00eener des r\u00e9coltes d\u00e9faillantes, mais aussi une hausse du prix des mati\u00e8res premi\u00e8res, des perturbations logistiques et une pression accrue sur des cha\u00eenes d&#039;approvisionnement d\u00e9j\u00e0 (trop) fragiles.\" \/>\n<meta property=\"og:url\" content=\"https:\/\/www.retaildetail.be\/fr\/news\/food\/la-chaine-dapprovisionnement-alimentaire-est-insuffisamment-preparee-a-un-phenomene-el-nino-exceptionnel\/\" \/>\n<meta property=\"og:site_name\" content=\"RetailDetail BE\" \/>\n<meta property=\"article:published_time\" content=\"2026-09-04T14:34:11+00:00\" \/>\n<meta property=\"article:modified_time\" content=\"2026-09-04T14:34:12+00:00\" \/>\n<meta property=\"og:image\" content=\"https:\/\/www.retaildetail.be\/wp-content\/uploads\/2026\/09\/shutterstock_storm-landbouw-gevaar-1.jpg\" \/>\n\t<meta property=\"og:image:width\" content=\"1000\" \/>\n\t<meta property=\"og:image:height\" content=\"667\" \/>\n\t<meta property=\"og:image:type\" content=\"image\/jpeg\" \/>\n<meta name=\"author\" content=\"Pauline Neerman\" \/>\n<meta name=\"twitter:card\" content=\"summary_large_image\" \/>\n<meta name=\"twitter:label1\" content=\"\u00c9crit par\" \/>\n\t<meta name=\"twitter:data1\" content=\"Pauline Neerman\" \/>\n\t<meta name=\"twitter:label2\" content=\"Dur\u00e9e de lecture estim\u00e9e\" \/>\n\t<meta name=\"twitter:data2\" content=\"3 minutes\" \/>\n<script type=\"application\/ld+json\" class=\"yoast-schema-graph\">{\"@context\":\"https:\\\/\\\/schema.org\",\"@graph\":[{\"@type\":\"NewsArticle\",\"@id\":\"https:\\\/\\\/www.retaildetail.be\\\/fr\\\/news\\\/food\\\/la-chaine-dapprovisionnement-alimentaire-est-insuffisamment-preparee-a-un-phenomene-el-nino-exceptionnel\\\/#article\",\"isPartOf\":{\"@id\":\"https:\\\/\\\/www.retaildetail.be\\\/fr\\\/news\\\/food\\\/la-chaine-dapprovisionnement-alimentaire-est-insuffisamment-preparee-a-un-phenomene-el-nino-exceptionnel\\\/\"},\"author\":{\"name\":\"Pauline Neerman\",\"@id\":\"https:\\\/\\\/www.retaildetail.be\\\/nl\\\/#\\\/schema\\\/person\\\/66b54803fa10759039079458ea89e307\"},\"headline\":\"La cha\u00eene d&rsquo;approvisionnement alimentaire est \u00ab insuffisamment pr\u00e9par\u00e9e \u00bb \u00e0 l&rsquo;El Ni\u00f1o exceptionnel\",\"datePublished\":\"2026-09-04T14:34:11+00:00\",\"dateModified\":\"2026-09-04T14:34:12+00:00\",\"mainEntityOfPage\":{\"@id\":\"https:\\\/\\\/www.retaildetail.be\\\/fr\\\/news\\\/food\\\/la-chaine-dapprovisionnement-alimentaire-est-insuffisamment-preparee-a-un-phenomene-el-nino-exceptionnel\\\/\"},\"wordCount\":543,\"publisher\":{\"@id\":\"https:\\\/\\\/www.retaildetail.be\\\/nl\\\/#organization\"},\"image\":{\"@id\":\"https:\\\/\\\/www.retaildetail.be\\\/fr\\\/news\\\/food\\\/la-chaine-dapprovisionnement-alimentaire-est-insuffisamment-preparee-a-un-phenomene-el-nino-exceptionnel\\\/#primaryimage\"},\"thumbnailUrl\":\"https:\\\/\\\/www.retaildetail.be\\\/wp-content\\\/uploads\\\/2026\\\/09\\\/shutterstock_storm-landbouw-gevaar-1.jpg\",\"articleSection\":[\"Food\",\"Food\"],\"inLanguage\":\"fr-FR\",\"copyrightYear\":\"2026\",\"copyrightHolder\":{\"@id\":\"https:\\\/\\\/www.retaildetail.be\\\/#organization\"}},{\"@type\":\"WebPage\",\"@id\":\"https:\\\/\\\/www.retaildetail.be\\\/fr\\\/news\\\/food\\\/la-chaine-dapprovisionnement-alimentaire-est-insuffisamment-preparee-a-un-phenomene-el-nino-exceptionnel\\\/\",\"url\":\"https:\\\/\\\/www.retaildetail.be\\\/fr\\\/news\\\/food\\\/la-chaine-dapprovisionnement-alimentaire-est-insuffisamment-preparee-a-un-phenomene-el-nino-exceptionnel\\\/\",\"name\":\"La cha\u00eene d'approvisionnement alimentaire est \u00ab insuffisamment pr\u00e9par\u00e9e \u00bb \u00e0 l'El Ni\u00f1o exceptionnel - RetailDetail BE\",\"isPartOf\":{\"@id\":\"https:\\\/\\\/www.retaildetail.be\\\/nl\\\/#website\"},\"primaryImageOfPage\":{\"@id\":\"https:\\\/\\\/www.retaildetail.be\\\/fr\\\/news\\\/food\\\/la-chaine-dapprovisionnement-alimentaire-est-insuffisamment-preparee-a-un-phenomene-el-nino-exceptionnel\\\/#primaryimage\"},\"image\":{\"@id\":\"https:\\\/\\\/www.retaildetail.be\\\/fr\\\/news\\\/food\\\/la-chaine-dapprovisionnement-alimentaire-est-insuffisamment-preparee-a-un-phenomene-el-nino-exceptionnel\\\/#primaryimage\"},\"thumbnailUrl\":\"https:\\\/\\\/www.retaildetail.be\\\/wp-content\\\/uploads\\\/2026\\\/09\\\/shutterstock_storm-landbouw-gevaar-1.jpg\",\"datePublished\":\"2026-09-04T14:34:11+00:00\",\"dateModified\":\"2026-09-04T14:34:12+00:00\",\"breadcrumb\":{\"@id\":\"https:\\\/\\\/www.retaildetail.be\\\/fr\\\/news\\\/food\\\/la-chaine-dapprovisionnement-alimentaire-est-insuffisamment-preparee-a-un-phenomene-el-nino-exceptionnel\\\/#breadcrumb\"},\"inLanguage\":\"fr-FR\",\"potentialAction\":[{\"@type\":\"ReadAction\",\"target\":[\"https:\\\/\\\/www.retaildetail.be\\\/fr\\\/news\\\/food\\\/la-chaine-dapprovisionnement-alimentaire-est-insuffisamment-preparee-a-un-phenomene-el-nino-exceptionnel\\\/\"]}]},{\"@type\":\"ImageObject\",\"inLanguage\":\"fr-FR\",\"@id\":\"https:\\\/\\\/www.retaildetail.be\\\/fr\\\/news\\\/food\\\/la-chaine-dapprovisionnement-alimentaire-est-insuffisamment-preparee-a-un-phenomene-el-nino-exceptionnel\\\/#primaryimage\",\"url\":\"https:\\\/\\\/www.retaildetail.be\\\/wp-content\\\/uploads\\\/2026\\\/09\\\/shutterstock_storm-landbouw-gevaar-1.jpg\",\"contentUrl\":\"https:\\\/\\\/www.retaildetail.be\\\/wp-content\\\/uploads\\\/2026\\\/09\\\/shutterstock_storm-landbouw-gevaar-1.jpg\",\"width\":1000,\"height\":667},{\"@type\":\"BreadcrumbList\",\"@id\":\"https:\\\/\\\/www.retaildetail.be\\\/fr\\\/news\\\/food\\\/la-chaine-dapprovisionnement-alimentaire-est-insuffisamment-preparee-a-un-phenomene-el-nino-exceptionnel\\\/#breadcrumb\",\"itemListElement\":[{\"@type\":\"ListItem\",\"position\":1,\"name\":\"Home\",\"item\":\"https:\\\/\\\/www.retaildetail.be\\\/fr\\\/\"},{\"@type\":\"ListItem\",\"position\":2,\"name\":\"La cha\u00eene d&#8217;approvisionnement alimentaire est \u00ab insuffisamment pr\u00e9par\u00e9e \u00bb \u00e0 l&#8217;El Ni\u00f1o exceptionnel\"}]},{\"@type\":\"WebSite\",\"@id\":\"https:\\\/\\\/www.retaildetail.be\\\/nl\\\/#website\",\"url\":\"https:\\\/\\\/www.retaildetail.be\\\/nl\\\/\",\"name\":\"RetailDetail BE\",\"description\":\"News\",\"publisher\":{\"@id\":\"https:\\\/\\\/www.retaildetail.be\\\/nl\\\/#organization\"},\"potentialAction\":[{\"@type\":\"SearchAction\",\"target\":{\"@type\":\"EntryPoint\",\"urlTemplate\":\"https:\\\/\\\/www.retaildetail.be\\\/nl\\\/?s={search_term_string}\"},\"query-input\":{\"@type\":\"PropertyValueSpecification\",\"valueRequired\":true,\"valueName\":\"search_term_string\"}}],\"inLanguage\":\"fr-FR\"},{\"@type\":\"Organization\",\"@id\":\"https:\\\/\\\/www.retaildetail.be\\\/nl\\\/#organization\",\"name\":\"RetailDetail BE\",\"url\":\"https:\\\/\\\/www.retaildetail.be\\\/nl\\\/\",\"logo\":{\"@type\":\"ImageObject\",\"inLanguage\":\"fr-FR\",\"@id\":\"https:\\\/\\\/www.retaildetail.be\\\/nl\\\/#\\\/schema\\\/logo\\\/image\\\/\",\"url\":\"https:\\\/\\\/www.retaildetail.be\\\/wp-content\\\/uploads\\\/2022\\\/04\\\/logo.svg\",\"contentUrl\":\"https:\\\/\\\/www.retaildetail.be\\\/wp-content\\\/uploads\\\/2022\\\/04\\\/logo.svg\",\"width\":131,\"height\":70,\"caption\":\"RetailDetail BE\"},\"image\":{\"@id\":\"https:\\\/\\\/www.retaildetail.be\\\/nl\\\/#\\\/schema\\\/logo\\\/image\\\/\"}},{\"@type\":\"Person\",\"@id\":\"https:\\\/\\\/www.retaildetail.be\\\/nl\\\/#\\\/schema\\\/person\\\/66b54803fa10759039079458ea89e307\",\"name\":\"Pauline Neerman\",\"image\":{\"@type\":\"ImageObject\",\"inLanguage\":\"fr-FR\",\"@id\":\"https:\\\/\\\/secure.gravatar.com\\\/avatar\\\/58db22aee589a691f9603e5765ac06010427a923f9b2728b951eb7fe27214d70?s=96&d=mm&r=g\",\"url\":\"https:\\\/\\\/secure.gravatar.com\\\/avatar\\\/58db22aee589a691f9603e5765ac06010427a923f9b2728b951eb7fe27214d70?s=96&d=mm&r=g\",\"contentUrl\":\"https:\\\/\\\/secure.gravatar.com\\\/avatar\\\/58db22aee589a691f9603e5765ac06010427a923f9b2728b951eb7fe27214d70?s=96&d=mm&r=g\",\"caption\":\"Pauline Neerman\"},\"url\":\"https:\\\/\\\/www.retaildetail.be\\\/fr\\\/author\\\/paulineneerman\\\/\"}]}<\/script>\n<!-- \/ Yoast SEO plugin. -->","yoast_head_json":{"title":"La cha\u00eene d'approvisionnement alimentaire est \u00ab insuffisamment pr\u00e9par\u00e9e \u00bb \u00e0 l'El Ni\u00f1o exceptionnel - RetailDetail BE","robots":{"index":"index","follow":"follow","max-snippet":"max-snippet:-1","max-image-preview":"max-image-preview:large","max-video-preview":"max-video-preview:-1"},"canonical":"https:\/\/www.retaildetail.be\/fr\/news\/food\/la-chaine-dapprovisionnement-alimentaire-est-insuffisamment-preparee-a-un-phenomene-el-nino-exceptionnel\/","og_locale":"fr_FR","og_type":"article","og_title":"La cha\u00eene d'approvisionnement alimentaire est \u00ab insuffisamment pr\u00e9par\u00e9e \u00bb \u00e0 l'El Ni\u00f1o exceptionnel - RetailDetail BE","og_description":"Le ph\u00e9nom\u00e8ne El Ni\u00f1o actuel pourrait devenir le plus intense depuis des d\u00e9cennies. L'Organisation m\u00e9t\u00e9orologique mondiale met en garde contre des cons\u00e9quences importantes en termes de pr\u00e9cipitations, de canicule et d'inondations. Pour l'industrie agroalimentaire, cela risque d'entra\u00eener des r\u00e9coltes d\u00e9faillantes, mais aussi une hausse du prix des mati\u00e8res premi\u00e8res, des perturbations logistiques et une pression accrue sur des cha\u00eenes d'approvisionnement d\u00e9j\u00e0 (trop) fragiles.","og_url":"https:\/\/www.retaildetail.be\/fr\/news\/food\/la-chaine-dapprovisionnement-alimentaire-est-insuffisamment-preparee-a-un-phenomene-el-nino-exceptionnel\/","og_site_name":"RetailDetail BE","article_published_time":"2026-09-04T14:34:11+00:00","article_modified_time":"2026-09-04T14:34:12+00:00","og_image":[{"width":1000,"height":667,"url":"https:\/\/www.retaildetail.be\/wp-content\/uploads\/2026\/09\/shutterstock_storm-landbouw-gevaar-1.jpg","type":"image\/jpeg"}],"author":"Pauline Neerman","twitter_card":"summary_large_image","twitter_misc":{"\u00c9crit par":"Pauline Neerman","Dur\u00e9e de lecture estim\u00e9e":"3 minutes"},"schema":{"@context":"https:\/\/schema.org","@graph":[{"@type":"NewsArticle","@id":"https:\/\/www.retaildetail.be\/fr\/news\/food\/la-chaine-dapprovisionnement-alimentaire-est-insuffisamment-preparee-a-un-phenomene-el-nino-exceptionnel\/#article","isPartOf":{"@id":"https:\/\/www.retaildetail.be\/fr\/news\/food\/la-chaine-dapprovisionnement-alimentaire-est-insuffisamment-preparee-a-un-phenomene-el-nino-exceptionnel\/"},"author":{"name":"Pauline Neerman","@id":"https:\/\/www.retaildetail.be\/nl\/#\/schema\/person\/66b54803fa10759039079458ea89e307"},"headline":"La cha\u00eene d&rsquo;approvisionnement alimentaire est \u00ab insuffisamment pr\u00e9par\u00e9e \u00bb \u00e0 l&rsquo;El Ni\u00f1o exceptionnel","datePublished":"2026-09-04T14:34:11+00:00","dateModified":"2026-09-04T14:34:12+00:00","mainEntityOfPage":{"@id":"https:\/\/www.retaildetail.be\/fr\/news\/food\/la-chaine-dapprovisionnement-alimentaire-est-insuffisamment-preparee-a-un-phenomene-el-nino-exceptionnel\/"},"wordCount":543,"publisher":{"@id":"https:\/\/www.retaildetail.be\/nl\/#organization"},"image":{"@id":"https:\/\/www.retaildetail.be\/fr\/news\/food\/la-chaine-dapprovisionnement-alimentaire-est-insuffisamment-preparee-a-un-phenomene-el-nino-exceptionnel\/#primaryimage"},"thumbnailUrl":"https:\/\/www.retaildetail.be\/wp-content\/uploads\/2026\/09\/shutterstock_storm-landbouw-gevaar-1.jpg","articleSection":["Food","Food"],"inLanguage":"fr-FR","copyrightYear":"2026","copyrightHolder":{"@id":"https:\/\/www.retaildetail.be\/#organization"}},{"@type":"WebPage","@id":"https:\/\/www.retaildetail.be\/fr\/news\/food\/la-chaine-dapprovisionnement-alimentaire-est-insuffisamment-preparee-a-un-phenomene-el-nino-exceptionnel\/","url":"https:\/\/www.retaildetail.be\/fr\/news\/food\/la-chaine-dapprovisionnement-alimentaire-est-insuffisamment-preparee-a-un-phenomene-el-nino-exceptionnel\/","name":"La cha\u00eene d'approvisionnement alimentaire est \u00ab insuffisamment pr\u00e9par\u00e9e \u00bb \u00e0 l'El Ni\u00f1o exceptionnel - RetailDetail BE","isPartOf":{"@id":"https:\/\/www.retaildetail.be\/nl\/#website"},"primaryImageOfPage":{"@id":"https:\/\/www.retaildetail.be\/fr\/news\/food\/la-chaine-dapprovisionnement-alimentaire-est-insuffisamment-preparee-a-un-phenomene-el-nino-exceptionnel\/#primaryimage"},"image":{"@id":"https:\/\/www.retaildetail.be\/fr\/news\/food\/la-chaine-dapprovisionnement-alimentaire-est-insuffisamment-preparee-a-un-phenomene-el-nino-exceptionnel\/#primaryimage"},"thumbnailUrl":"https:\/\/www.retaildetail.be\/wp-content\/uploads\/2026\/09\/shutterstock_storm-landbouw-gevaar-1.jpg","datePublished":"2026-09-04T14:34:11+00:00","dateModified":"2026-09-04T14:34:12+00:00","breadcrumb":{"@id":"https:\/\/www.retaildetail.be\/fr\/news\/food\/la-chaine-dapprovisionnement-alimentaire-est-insuffisamment-preparee-a-un-phenomene-el-nino-exceptionnel\/#breadcrumb"},"inLanguage":"fr-FR","potentialAction":[{"@type":"ReadAction","target":["https:\/\/www.retaildetail.be\/fr\/news\/food\/la-chaine-dapprovisionnement-alimentaire-est-insuffisamment-preparee-a-un-phenomene-el-nino-exceptionnel\/"]}]},{"@type":"ImageObject","inLanguage":"fr-FR","@id":"https:\/\/www.retaildetail.be\/fr\/news\/food\/la-chaine-dapprovisionnement-alimentaire-est-insuffisamment-preparee-a-un-phenomene-el-nino-exceptionnel\/#primaryimage","url":"https:\/\/www.retaildetail.be\/wp-content\/uploads\/2026\/09\/shutterstock_storm-landbouw-gevaar-1.jpg","contentUrl":"https:\/\/www.retaildetail.be\/wp-content\/uploads\/2026\/09\/shutterstock_storm-landbouw-gevaar-1.jpg","width":1000,"height":667},{"@type":"BreadcrumbList","@id":"https:\/\/www.retaildetail.be\/fr\/news\/food\/la-chaine-dapprovisionnement-alimentaire-est-insuffisamment-preparee-a-un-phenomene-el-nino-exceptionnel\/#breadcrumb","itemListElement":[{"@type":"ListItem","position":1,"name":"Home","item":"https:\/\/www.retaildetail.be\/fr\/"},{"@type":"ListItem","position":2,"name":"La cha\u00eene d&#8217;approvisionnement alimentaire est \u00ab insuffisamment pr\u00e9par\u00e9e \u00bb \u00e0 l&#8217;El Ni\u00f1o exceptionnel"}]},{"@type":"WebSite","@id":"https:\/\/www.retaildetail.be\/nl\/#website","url":"https:\/\/www.retaildetail.be\/nl\/","name":"RetailDetail BE","description":"News","publisher":{"@id":"https:\/\/www.retaildetail.be\/nl\/#organization"},"potentialAction":[{"@type":"SearchAction","target":{"@type":"EntryPoint","urlTemplate":"https:\/\/www.retaildetail.be\/nl\/?s={search_term_string}"},"query-input":{"@type":"PropertyValueSpecification","valueRequired":true,"valueName":"search_term_string"}}],"inLanguage":"fr-FR"},{"@type":"Organization","@id":"https:\/\/www.retaildetail.be\/nl\/#organization","name":"RetailDetail BE","url":"https:\/\/www.retaildetail.be\/nl\/","logo":{"@type":"ImageObject","inLanguage":"fr-FR","@id":"https:\/\/www.retaildetail.be\/nl\/#\/schema\/logo\/image\/","url":"https:\/\/www.retaildetail.be\/wp-content\/uploads\/2022\/04\/logo.svg","contentUrl":"https:\/\/www.retaildetail.be\/wp-content\/uploads\/2022\/04\/logo.svg","width":131,"height":70,"caption":"RetailDetail BE"},"image":{"@id":"https:\/\/www.retaildetail.be\/nl\/#\/schema\/logo\/image\/"}},{"@type":"Person","@id":"https:\/\/www.retaildetail.be\/nl\/#\/schema\/person\/66b54803fa10759039079458ea89e307","name":"Pauline Neerman","image":{"@type":"ImageObject","inLanguage":"fr-FR","@id":"https:\/\/secure.gravatar.com\/avatar\/58db22aee589a691f9603e5765ac06010427a923f9b2728b951eb7fe27214d70?s=96&d=mm&r=g","url":"https:\/\/secure.gravatar.com\/avatar\/58db22aee589a691f9603e5765ac06010427a923f9b2728b951eb7fe27214d70?s=96&d=mm&r=g","contentUrl":"https:\/\/secure.gravatar.com\/avatar\/58db22aee589a691f9603e5765ac06010427a923f9b2728b951eb7fe27214d70?s=96&d=mm&r=g","caption":"Pauline Neerman"},"url":"https:\/\/www.retaildetail.be\/fr\/author\/paulineneerman\/"}]}},"jetpack_featured_media_url":"https:\/\/www.retaildetail.be\/wp-content\/uploads\/2026\/09\/shutterstock_storm-landbouw-gevaar-1.jpg","jetpack_sharing_enabled":true,"_links":{"self":[{"href":"https:\/\/www.retaildetail.be\/fr\/wp-json\/wp\/v2\/posts\/154769","targetHints":{"allow":["GET"]}}],"collection":[{"href":"https:\/\/www.retaildetail.be\/fr\/wp-json\/wp\/v2\/posts"}],"about":[{"href":"https:\/\/www.retaildetail.be\/fr\/wp-json\/wp\/v2\/types\/post"}],"author":[{"embeddable":true,"href":"https:\/\/www.retaildetail.be\/fr\/wp-json\/wp\/v2\/users\/5"}],"replies":[{"embeddable":true,"href":"https:\/\/www.retaildetail.be\/fr\/wp-json\/wp\/v2\/comments?post=154769"}],"version-history":[{"count":1,"href":"https:\/\/www.retaildetail.be\/fr\/wp-json\/wp\/v2\/posts\/154769\/revisions"}],"predecessor-version":[{"id":154771,"href":"https:\/\/www.retaildetail.be\/fr\/wp-json\/wp\/v2\/posts\/154769\/revisions\/154771"}],"wp:featuredmedia":[{"embeddable":true,"href":"https:\/\/www.retaildetail.be\/fr\/wp-json\/wp\/v2\/media\/154770"}],"wp:attachment":[{"href":"https:\/\/www.retaildetail.be\/fr\/wp-json\/wp\/v2\/media?parent=154769"}],"wp:term":[{"taxonomy":"category","embeddable":true,"href":"https:\/\/www.retaildetail.be\/fr\/wp-json\/wp\/v2\/categories?post=154769"},{"taxonomy":"post_tag","embeddable":true,"href":"https:\/\/www.retaildetail.be\/fr\/wp-json\/wp\/v2\/tags?post=154769"},{"taxonomy":"people","embeddable":true,"href":"https:\/\/www.retaildetail.be\/fr\/wp-json\/wp\/v2\/people?post=154769"},{"taxonomy":"extra","embeddable":true,"href":"https:\/\/www.retaildetail.be\/fr\/wp-json\/wp\/v2\/extra?post=154769"},{"taxonomy":"company","embeddable":true,"href":"https:\/\/www.retaildetail.be\/fr\/wp-json\/wp\/v2\/company?post=154769"},{"taxonomy":"topic","embeddable":true,"href":"https:\/\/www.retaildetail.be\/fr\/wp-json\/wp\/v2\/topic?post=154769"},{"taxonomy":"region","embeddable":true,"href":"https:\/\/www.retaildetail.be\/fr\/wp-json\/wp\/v2\/region?post=154769"}],"curies":[{"name":"wp","href":"https:\/\/api.w.org\/{rel}","templated":true}]}}