{"id":1582,"date":"2012-04-20T07:43:08","date_gmt":"2012-04-20T07:43:08","guid":{"rendered":"https:\/\/www.retaildetail.be\/mode\/top-manageuse-de-shoeby-laureate-du-whats-going-retailing-award\/"},"modified":"2012-04-20T07:43:08","modified_gmt":"2012-04-20T07:43:08","slug":"top-manageuse-de-shoeby-laureate-du-whats-going-retailing-award","status":"publish","type":"post","link":"https:\/\/www.retaildetail.be\/fr\/news\/mode\/top-manageuse-de-shoeby-laureate-du-whats-going-retailing-award\/","title":{"rendered":"Top manageuse de Shoeby  laur\u00e9ate du \u2018What\u2019s going on in Retailing?!\u2019 Award"},"content":{"rendered":"<h2>\u00ab Si vous voulez avancer, marchez ensemble \u00bb<\/h2>\n<p>\u00ab Ce prix a \u00e9t\u00e9 cr\u00e9\u00e9 pour r\u00e9compenser quelqu\u2019un qui d\u2019une part\u00a0 a apport\u00e9 quelque chose au secteur retail et qui d\u2019autre part est entreprenant \u00bb, explique le pr\u00e9sentateur Gino Van Ossel. Le jury a retrouv\u00e9 ces deux qualit\u00e9s en la personne de Mieke van Deursen, qui depuis trente ans t\u00e9moigne d\u2019 \u00ab un esprit d\u2019entreprise passionn\u00e9 \u00bb et qui est loin de s\u2019arr\u00eater en si bon chemin.<\/p>\n<p>Sous la devise \u00ab Si vous \u00eates press\u00e9s, marchez seuls. Si vous voulez avancer, marchez ensemble \u00bb, elle dirige Shoeby, un concept de franchise n\u00e9erlandais avec plus de 400 magasins et en pleine <strong>expansion vers la Belgique<\/strong>.<\/p>\n<h2>\n<br \/>\u00ab Franchise pure et dure \u00bb<\/h2>\n<p>Depuis quelques ann\u00e9es Shoeby est \u00e9galement pr\u00e9sent online. \u00ab C\u2019est un d\u00e9fi tr\u00e8s int\u00e9ressant lorsqu\u2019on travaille avec des franchis\u00e9s. Il faut apprendre au personnel en magasin comment aborder la r\u00e9alit\u00e9 online et offline \u00bb, explique la top-manageuse.<\/p>\n<p>En quoi Shoeby est-il diff\u00e9rent selon van Deursen ? \u00ab La strat\u00e9gie d\u2019implantation de Shoeby est tr\u00e8s particuli\u00e8re : nous aimons nous installer pr\u00e8s des supermarch\u00e9s, l\u00e0 o\u00f9 les gens font leurs courses. C\u2019est une d\u00e9marche totalement diff\u00e9rente que pour les emplacements exclusifs. D\u2019autre part le h\u00e9ros local dans notre mod\u00e8le de franchise est extr\u00eamement important, malgr\u00e9 le fait qu\u2019il s\u2019agisse de franchise pure et dure. Notre concept doit clairement se d\u00e9marquer. \u00bb<\/p>\n<p>\u00a0<\/p>\n<p>\u00a0<\/p>\n<p><em>Traduit par Marie-No\u00eblle Masure<\/em><\/p>\n","protected":false},"excerpt":{"rendered":"<p>\u00ab Si vous voulez avancer, marchez ensemble \u00bb \u00ab Ce prix a \u00e9t\u00e9 cr\u00e9\u00e9 pour r\u00e9compenser quelqu\u2019un qui d\u2019une part\u00a0 a apport\u00e9 quelque chose au secteur retail et qui d\u2019autre part est entreprenant \u00bb, explique le pr\u00e9sentateur Gino Van Ossel. Le jury a retrouv\u00e9 ces deux qualit\u00e9s en la personne de Mieke van Deursen, qui [&hellip;]<\/p>\n","protected":false},"author":1,"featured_media":84,"comment_status":"closed","ping_status":"closed","sticky":false,"template":"","format":"standard","meta":{"_acf_changed":false,"inline_featured_image":false,"_jetpack_memberships_contains_paid_content":false,"footnotes":""},"categories":[22],"tags":[],"people":[],"extra":[],"company":[],"topic":[],"region":[],"class_list":["post-1582","post","type-post","status-publish","format-standard","has-post-thumbnail","hentry","category-mode"],"acf":[],"yoast_head":"<!-- This site is optimized with the Yoast SEO plugin v27.3 - https:\/\/yoast.com\/product\/yoast-seo-wordpress\/ -->\n<title>Top manageuse de Shoeby laur\u00e9ate du \u2018What\u2019s going on in Retailing?!\u2019 Award - RetailDetail BE<\/title>\n<meta name=\"robots\" content=\"index, follow, max-snippet:-1, max-image-preview:large, max-video-preview:-1\" \/>\n<link rel=\"canonical\" href=\"https:\/\/www.retaildetail.be\/fr\/news\/mode\/top-manageuse-de-shoeby-laureate-du-whats-going-retailing-award\/\" \/>\n<meta property=\"og:locale\" content=\"fr_FR\" \/>\n<meta property=\"og:type\" content=\"article\" \/>\n<meta property=\"og:title\" content=\"Top manageuse de Shoeby laur\u00e9ate du \u2018What\u2019s going on in Retailing?!\u2019 Award - RetailDetail BE\" \/>\n<meta property=\"og:description\" content=\"\u00ab Si vous voulez avancer, marchez ensemble \u00bb \u00ab Ce prix a \u00e9t\u00e9 cr\u00e9\u00e9 pour r\u00e9compenser quelqu\u2019un qui d\u2019une part\u00a0 a apport\u00e9 quelque chose au secteur retail et qui d\u2019autre part est entreprenant \u00bb, explique le pr\u00e9sentateur Gino Van Ossel. Le jury a retrouv\u00e9 ces deux qualit\u00e9s en la personne de Mieke van Deursen, qui [&hellip;]\" \/>\n<meta property=\"og:url\" content=\"https:\/\/www.retaildetail.be\/fr\/news\/mode\/top-manageuse-de-shoeby-laureate-du-whats-going-retailing-award\/\" \/>\n<meta property=\"og:site_name\" content=\"RetailDetail BE\" \/>\n<meta property=\"article:published_time\" content=\"2012-04-20T07:43:08+00:00\" \/>\n<meta property=\"og:image\" content=\"https:\/\/i0.wp.com\/www.retaildetail.be\/wp-content\/uploads\/2022\/04\/logo.png?fit=281%2C147&quality=100&strip=all&ssl=1\" \/>\n\t<meta property=\"og:image:width\" content=\"281\" \/>\n\t<meta property=\"og:image:height\" content=\"147\" \/>\n\t<meta property=\"og:image:type\" content=\"image\/png\" \/>\n<meta name=\"author\" content=\"dev@grandiz.com\" \/>\n<meta name=\"twitter:card\" content=\"summary_large_image\" \/>\n<meta name=\"twitter:label1\" content=\"\u00c9crit par\" \/>\n\t<meta name=\"twitter:data1\" content=\"dev@grandiz.com\" \/>\n\t<meta name=\"twitter:label2\" content=\"Dur\u00e9e de lecture estim\u00e9e\" \/>\n\t<meta name=\"twitter:data2\" content=\"1 minute\" \/>\n<script type=\"application\/ld+json\" class=\"yoast-schema-graph\">{\"@context\":\"https:\\\/\\\/schema.org\",\"@graph\":[{\"@type\":\"NewsArticle\",\"@id\":\"https:\\\/\\\/www.retaildetail.be\\\/fr\\\/news\\\/mode\\\/top-manageuse-de-shoeby-laureate-du-whats-going-retailing-award\\\/#article\",\"isPartOf\":{\"@id\":\"https:\\\/\\\/www.retaildetail.be\\\/fr\\\/news\\\/mode\\\/top-manageuse-de-shoeby-laureate-du-whats-going-retailing-award\\\/\"},\"author\":{\"name\":\"dev@grandiz.com\",\"@id\":\"https:\\\/\\\/www.retaildetail.be\\\/nl\\\/#\\\/schema\\\/person\\\/ba2d383452a753a3a1ce8cdb349b5fc9\"},\"headline\":\"Top manageuse de Shoeby laur\u00e9ate du \u2018What\u2019s going on in Retailing?!\u2019 Award\",\"datePublished\":\"2012-04-20T07:43:08+00:00\",\"mainEntityOfPage\":{\"@id\":\"https:\\\/\\\/www.retaildetail.be\\\/fr\\\/news\\\/mode\\\/top-manageuse-de-shoeby-laureate-du-whats-going-retailing-award\\\/\"},\"wordCount\":269,\"publisher\":{\"@id\":\"https:\\\/\\\/www.retaildetail.be\\\/nl\\\/#organization\"},\"image\":{\"@id\":\"https:\\\/\\\/www.retaildetail.be\\\/fr\\\/news\\\/mode\\\/top-manageuse-de-shoeby-laureate-du-whats-going-retailing-award\\\/#primaryimage\"},\"thumbnailUrl\":\"https:\\\/\\\/www.retaildetail.be\\\/wp-content\\\/uploads\\\/2022\\\/04\\\/logo.png\",\"articleSection\":[\"Mode\"],\"inLanguage\":\"fr-FR\",\"copyrightYear\":\"2012\",\"copyrightHolder\":{\"@id\":\"https:\\\/\\\/www.retaildetail.be\\\/#organization\"}},{\"@type\":\"WebPage\",\"@id\":\"https:\\\/\\\/www.retaildetail.be\\\/fr\\\/news\\\/mode\\\/top-manageuse-de-shoeby-laureate-du-whats-going-retailing-award\\\/\",\"url\":\"https:\\\/\\\/www.retaildetail.be\\\/fr\\\/news\\\/mode\\\/top-manageuse-de-shoeby-laureate-du-whats-going-retailing-award\\\/\",\"name\":\"Top manageuse de Shoeby laur\u00e9ate du \u2018What\u2019s going on in Retailing?!\u2019 Award - RetailDetail BE\",\"isPartOf\":{\"@id\":\"https:\\\/\\\/www.retaildetail.be\\\/nl\\\/#website\"},\"primaryImageOfPage\":{\"@id\":\"https:\\\/\\\/www.retaildetail.be\\\/fr\\\/news\\\/mode\\\/top-manageuse-de-shoeby-laureate-du-whats-going-retailing-award\\\/#primaryimage\"},\"image\":{\"@id\":\"https:\\\/\\\/www.retaildetail.be\\\/fr\\\/news\\\/mode\\\/top-manageuse-de-shoeby-laureate-du-whats-going-retailing-award\\\/#primaryimage\"},\"thumbnailUrl\":\"https:\\\/\\\/www.retaildetail.be\\\/wp-content\\\/uploads\\\/2022\\\/04\\\/logo.png\",\"datePublished\":\"2012-04-20T07:43:08+00:00\",\"breadcrumb\":{\"@id\":\"https:\\\/\\\/www.retaildetail.be\\\/fr\\\/news\\\/mode\\\/top-manageuse-de-shoeby-laureate-du-whats-going-retailing-award\\\/#breadcrumb\"},\"inLanguage\":\"fr-FR\",\"potentialAction\":[{\"@type\":\"ReadAction\",\"target\":[\"https:\\\/\\\/www.retaildetail.be\\\/fr\\\/news\\\/mode\\\/top-manageuse-de-shoeby-laureate-du-whats-going-retailing-award\\\/\"]}]},{\"@type\":\"ImageObject\",\"inLanguage\":\"fr-FR\",\"@id\":\"https:\\\/\\\/www.retaildetail.be\\\/fr\\\/news\\\/mode\\\/top-manageuse-de-shoeby-laureate-du-whats-going-retailing-award\\\/#primaryimage\",\"url\":\"https:\\\/\\\/www.retaildetail.be\\\/wp-content\\\/uploads\\\/2022\\\/04\\\/logo.png\",\"contentUrl\":\"https:\\\/\\\/www.retaildetail.be\\\/wp-content\\\/uploads\\\/2022\\\/04\\\/logo.png\",\"width\":281,\"height\":147},{\"@type\":\"BreadcrumbList\",\"@id\":\"https:\\\/\\\/www.retaildetail.be\\\/fr\\\/news\\\/mode\\\/top-manageuse-de-shoeby-laureate-du-whats-going-retailing-award\\\/#breadcrumb\",\"itemListElement\":[{\"@type\":\"ListItem\",\"position\":1,\"name\":\"Home\",\"item\":\"https:\\\/\\\/www.retaildetail.be\\\/fr\\\/\"},{\"@type\":\"ListItem\",\"position\":2,\"name\":\"Top manageuse de Shoeby laur\u00e9ate du \u2018What\u2019s going on in Retailing?!\u2019 Award\"}]},{\"@type\":\"WebSite\",\"@id\":\"https:\\\/\\\/www.retaildetail.be\\\/nl\\\/#website\",\"url\":\"https:\\\/\\\/www.retaildetail.be\\\/nl\\\/\",\"name\":\"RetailDetail BE\",\"description\":\"News\",\"publisher\":{\"@id\":\"https:\\\/\\\/www.retaildetail.be\\\/nl\\\/#organization\"},\"potentialAction\":[{\"@type\":\"SearchAction\",\"target\":{\"@type\":\"EntryPoint\",\"urlTemplate\":\"https:\\\/\\\/www.retaildetail.be\\\/nl\\\/?s={search_term_string}\"},\"query-input\":{\"@type\":\"PropertyValueSpecification\",\"valueRequired\":true,\"valueName\":\"search_term_string\"}}],\"inLanguage\":\"fr-FR\"},{\"@type\":\"Organization\",\"@id\":\"https:\\\/\\\/www.retaildetail.be\\\/nl\\\/#organization\",\"name\":\"RetailDetail BE\",\"url\":\"https:\\\/\\\/www.retaildetail.be\\\/nl\\\/\",\"logo\":{\"@type\":\"ImageObject\",\"inLanguage\":\"fr-FR\",\"@id\":\"https:\\\/\\\/www.retaildetail.be\\\/nl\\\/#\\\/schema\\\/logo\\\/image\\\/\",\"url\":\"https:\\\/\\\/www.retaildetail.be\\\/wp-content\\\/uploads\\\/2022\\\/04\\\/logo.svg\",\"contentUrl\":\"https:\\\/\\\/www.retaildetail.be\\\/wp-content\\\/uploads\\\/2022\\\/04\\\/logo.svg\",\"width\":131,\"height\":70,\"caption\":\"RetailDetail BE\"},\"image\":{\"@id\":\"https:\\\/\\\/www.retaildetail.be\\\/nl\\\/#\\\/schema\\\/logo\\\/image\\\/\"}},{\"@type\":\"Person\",\"@id\":\"https:\\\/\\\/www.retaildetail.be\\\/nl\\\/#\\\/schema\\\/person\\\/ba2d383452a753a3a1ce8cdb349b5fc9\",\"name\":\"dev@grandiz.com\",\"image\":{\"@type\":\"ImageObject\",\"inLanguage\":\"fr-FR\",\"@id\":\"https:\\\/\\\/secure.gravatar.com\\\/avatar\\\/5f53ce9fb6eed4a60e5aaaa712be8773880fa9459d9cac9bc4aa4fdbce3f447f?s=96&d=mm&r=g\",\"url\":\"https:\\\/\\\/secure.gravatar.com\\\/avatar\\\/5f53ce9fb6eed4a60e5aaaa712be8773880fa9459d9cac9bc4aa4fdbce3f447f?s=96&d=mm&r=g\",\"contentUrl\":\"https:\\\/\\\/secure.gravatar.com\\\/avatar\\\/5f53ce9fb6eed4a60e5aaaa712be8773880fa9459d9cac9bc4aa4fdbce3f447f?s=96&d=mm&r=g\",\"caption\":\"dev@grandiz.com\"},\"sameAs\":[\"http:\\\/\\\/preprod.retaildetail.be\"],\"url\":\"https:\\\/\\\/www.retaildetail.be\\\/fr\\\/author\\\/devgrandiz-com\\\/\"}]}<\/script>\n<!-- \/ Yoast SEO plugin. -->","yoast_head_json":{"title":"Top manageuse de Shoeby laur\u00e9ate du \u2018What\u2019s going on in Retailing?!\u2019 Award - RetailDetail BE","robots":{"index":"index","follow":"follow","max-snippet":"max-snippet:-1","max-image-preview":"max-image-preview:large","max-video-preview":"max-video-preview:-1"},"canonical":"https:\/\/www.retaildetail.be\/fr\/news\/mode\/top-manageuse-de-shoeby-laureate-du-whats-going-retailing-award\/","og_locale":"fr_FR","og_type":"article","og_title":"Top manageuse de Shoeby laur\u00e9ate du \u2018What\u2019s going on in Retailing?!\u2019 Award - RetailDetail BE","og_description":"\u00ab Si vous voulez avancer, marchez ensemble \u00bb \u00ab Ce prix a \u00e9t\u00e9 cr\u00e9\u00e9 pour r\u00e9compenser quelqu\u2019un qui d\u2019une part\u00a0 a apport\u00e9 quelque chose au secteur retail et qui d\u2019autre part est entreprenant \u00bb, explique le pr\u00e9sentateur Gino Van Ossel. Le jury a retrouv\u00e9 ces deux qualit\u00e9s en la personne de Mieke van Deursen, qui [&hellip;]","og_url":"https:\/\/www.retaildetail.be\/fr\/news\/mode\/top-manageuse-de-shoeby-laureate-du-whats-going-retailing-award\/","og_site_name":"RetailDetail BE","article_published_time":"2012-04-20T07:43:08+00:00","og_image":[{"width":281,"height":147,"url":"https:\/\/i0.wp.com\/www.retaildetail.be\/wp-content\/uploads\/2022\/04\/logo.png?fit=281%2C147&quality=100&strip=all&ssl=1","type":"image\/png"}],"author":"dev@grandiz.com","twitter_card":"summary_large_image","twitter_misc":{"\u00c9crit par":"dev@grandiz.com","Dur\u00e9e de lecture estim\u00e9e":"1 minute"},"schema":{"@context":"https:\/\/schema.org","@graph":[{"@type":"NewsArticle","@id":"https:\/\/www.retaildetail.be\/fr\/news\/mode\/top-manageuse-de-shoeby-laureate-du-whats-going-retailing-award\/#article","isPartOf":{"@id":"https:\/\/www.retaildetail.be\/fr\/news\/mode\/top-manageuse-de-shoeby-laureate-du-whats-going-retailing-award\/"},"author":{"name":"dev@grandiz.com","@id":"https:\/\/www.retaildetail.be\/nl\/#\/schema\/person\/ba2d383452a753a3a1ce8cdb349b5fc9"},"headline":"Top manageuse de Shoeby laur\u00e9ate du \u2018What\u2019s going on in Retailing?!\u2019 Award","datePublished":"2012-04-20T07:43:08+00:00","mainEntityOfPage":{"@id":"https:\/\/www.retaildetail.be\/fr\/news\/mode\/top-manageuse-de-shoeby-laureate-du-whats-going-retailing-award\/"},"wordCount":269,"publisher":{"@id":"https:\/\/www.retaildetail.be\/nl\/#organization"},"image":{"@id":"https:\/\/www.retaildetail.be\/fr\/news\/mode\/top-manageuse-de-shoeby-laureate-du-whats-going-retailing-award\/#primaryimage"},"thumbnailUrl":"https:\/\/www.retaildetail.be\/wp-content\/uploads\/2022\/04\/logo.png","articleSection":["Mode"],"inLanguage":"fr-FR","copyrightYear":"2012","copyrightHolder":{"@id":"https:\/\/www.retaildetail.be\/#organization"}},{"@type":"WebPage","@id":"https:\/\/www.retaildetail.be\/fr\/news\/mode\/top-manageuse-de-shoeby-laureate-du-whats-going-retailing-award\/","url":"https:\/\/www.retaildetail.be\/fr\/news\/mode\/top-manageuse-de-shoeby-laureate-du-whats-going-retailing-award\/","name":"Top manageuse de Shoeby laur\u00e9ate du \u2018What\u2019s going on in Retailing?!\u2019 Award - RetailDetail BE","isPartOf":{"@id":"https:\/\/www.retaildetail.be\/nl\/#website"},"primaryImageOfPage":{"@id":"https:\/\/www.retaildetail.be\/fr\/news\/mode\/top-manageuse-de-shoeby-laureate-du-whats-going-retailing-award\/#primaryimage"},"image":{"@id":"https:\/\/www.retaildetail.be\/fr\/news\/mode\/top-manageuse-de-shoeby-laureate-du-whats-going-retailing-award\/#primaryimage"},"thumbnailUrl":"https:\/\/www.retaildetail.be\/wp-content\/uploads\/2022\/04\/logo.png","datePublished":"2012-04-20T07:43:08+00:00","breadcrumb":{"@id":"https:\/\/www.retaildetail.be\/fr\/news\/mode\/top-manageuse-de-shoeby-laureate-du-whats-going-retailing-award\/#breadcrumb"},"inLanguage":"fr-FR","potentialAction":[{"@type":"ReadAction","target":["https:\/\/www.retaildetail.be\/fr\/news\/mode\/top-manageuse-de-shoeby-laureate-du-whats-going-retailing-award\/"]}]},{"@type":"ImageObject","inLanguage":"fr-FR","@id":"https:\/\/www.retaildetail.be\/fr\/news\/mode\/top-manageuse-de-shoeby-laureate-du-whats-going-retailing-award\/#primaryimage","url":"https:\/\/www.retaildetail.be\/wp-content\/uploads\/2022\/04\/logo.png","contentUrl":"https:\/\/www.retaildetail.be\/wp-content\/uploads\/2022\/04\/logo.png","width":281,"height":147},{"@type":"BreadcrumbList","@id":"https:\/\/www.retaildetail.be\/fr\/news\/mode\/top-manageuse-de-shoeby-laureate-du-whats-going-retailing-award\/#breadcrumb","itemListElement":[{"@type":"ListItem","position":1,"name":"Home","item":"https:\/\/www.retaildetail.be\/fr\/"},{"@type":"ListItem","position":2,"name":"Top manageuse de Shoeby laur\u00e9ate du \u2018What\u2019s going on in Retailing?!\u2019 Award"}]},{"@type":"WebSite","@id":"https:\/\/www.retaildetail.be\/nl\/#website","url":"https:\/\/www.retaildetail.be\/nl\/","name":"RetailDetail BE","description":"News","publisher":{"@id":"https:\/\/www.retaildetail.be\/nl\/#organization"},"potentialAction":[{"@type":"SearchAction","target":{"@type":"EntryPoint","urlTemplate":"https:\/\/www.retaildetail.be\/nl\/?s={search_term_string}"},"query-input":{"@type":"PropertyValueSpecification","valueRequired":true,"valueName":"search_term_string"}}],"inLanguage":"fr-FR"},{"@type":"Organization","@id":"https:\/\/www.retaildetail.be\/nl\/#organization","name":"RetailDetail BE","url":"https:\/\/www.retaildetail.be\/nl\/","logo":{"@type":"ImageObject","inLanguage":"fr-FR","@id":"https:\/\/www.retaildetail.be\/nl\/#\/schema\/logo\/image\/","url":"https:\/\/www.retaildetail.be\/wp-content\/uploads\/2022\/04\/logo.svg","contentUrl":"https:\/\/www.retaildetail.be\/wp-content\/uploads\/2022\/04\/logo.svg","width":131,"height":70,"caption":"RetailDetail BE"},"image":{"@id":"https:\/\/www.retaildetail.be\/nl\/#\/schema\/logo\/image\/"}},{"@type":"Person","@id":"https:\/\/www.retaildetail.be\/nl\/#\/schema\/person\/ba2d383452a753a3a1ce8cdb349b5fc9","name":"dev@grandiz.com","image":{"@type":"ImageObject","inLanguage":"fr-FR","@id":"https:\/\/secure.gravatar.com\/avatar\/5f53ce9fb6eed4a60e5aaaa712be8773880fa9459d9cac9bc4aa4fdbce3f447f?s=96&d=mm&r=g","url":"https:\/\/secure.gravatar.com\/avatar\/5f53ce9fb6eed4a60e5aaaa712be8773880fa9459d9cac9bc4aa4fdbce3f447f?s=96&d=mm&r=g","contentUrl":"https:\/\/secure.gravatar.com\/avatar\/5f53ce9fb6eed4a60e5aaaa712be8773880fa9459d9cac9bc4aa4fdbce3f447f?s=96&d=mm&r=g","caption":"dev@grandiz.com"},"sameAs":["http:\/\/preprod.retaildetail.be"],"url":"https:\/\/www.retaildetail.be\/fr\/author\/devgrandiz-com\/"}]}},"jetpack_featured_media_url":"https:\/\/www.retaildetail.be\/wp-content\/uploads\/2022\/04\/logo.png","jetpack_sharing_enabled":true,"_links":{"self":[{"href":"https:\/\/www.retaildetail.be\/fr\/wp-json\/wp\/v2\/posts\/1582","targetHints":{"allow":["GET"]}}],"collection":[{"href":"https:\/\/www.retaildetail.be\/fr\/wp-json\/wp\/v2\/posts"}],"about":[{"href":"https:\/\/www.retaildetail.be\/fr\/wp-json\/wp\/v2\/types\/post"}],"author":[{"embeddable":true,"href":"https:\/\/www.retaildetail.be\/fr\/wp-json\/wp\/v2\/users\/1"}],"replies":[{"embeddable":true,"href":"https:\/\/www.retaildetail.be\/fr\/wp-json\/wp\/v2\/comments?post=1582"}],"version-history":[{"count":0,"href":"https:\/\/www.retaildetail.be\/fr\/wp-json\/wp\/v2\/posts\/1582\/revisions"}],"wp:featuredmedia":[{"embeddable":true,"href":"https:\/\/www.retaildetail.be\/fr\/wp-json\/wp\/v2\/media\/84"}],"wp:attachment":[{"href":"https:\/\/www.retaildetail.be\/fr\/wp-json\/wp\/v2\/media?parent=1582"}],"wp:term":[{"taxonomy":"category","embeddable":true,"href":"https:\/\/www.retaildetail.be\/fr\/wp-json\/wp\/v2\/categories?post=1582"},{"taxonomy":"post_tag","embeddable":true,"href":"https:\/\/www.retaildetail.be\/fr\/wp-json\/wp\/v2\/tags?post=1582"},{"taxonomy":"people","embeddable":true,"href":"https:\/\/www.retaildetail.be\/fr\/wp-json\/wp\/v2\/people?post=1582"},{"taxonomy":"extra","embeddable":true,"href":"https:\/\/www.retaildetail.be\/fr\/wp-json\/wp\/v2\/extra?post=1582"},{"taxonomy":"company","embeddable":true,"href":"https:\/\/www.retaildetail.be\/fr\/wp-json\/wp\/v2\/company?post=1582"},{"taxonomy":"topic","embeddable":true,"href":"https:\/\/www.retaildetail.be\/fr\/wp-json\/wp\/v2\/topic?post=1582"},{"taxonomy":"region","embeddable":true,"href":"https:\/\/www.retaildetail.be\/fr\/wp-json\/wp\/v2\/region?post=1582"}],"curies":[{"name":"wp","href":"https:\/\/api.w.org\/{rel}","templated":true}]}}