{"id":16408,"date":"2017-01-19T13:54:58","date_gmt":"2017-01-19T13:54:58","guid":{"rendered":"https:\/\/www.retaildetail.be\/m-tail\/vente-exclusivecom-sassocie-a-delhaize-2\/"},"modified":"2017-01-19T13:54:58","modified_gmt":"2017-01-19T13:54:58","slug":"vente-exclusivecom-sassocie-a-delhaize-2","status":"publish","type":"post","link":"https:\/\/www.retaildetail.be\/fr\/news\/m-tail\/vente-exclusivecom-sassocie-a-delhaize-2\/","title":{"rendered":"Vente-Exclusive.com s\u2019associe \u00e0 Delhaize"},"content":{"rendered":"<p>Pour la premi\u00e8re fois <strong>Vente-Exclusive.com\u00a0<\/strong>collabore avec une cha\u00eene de supermarch\u00e9s belge. Le site va\u00a0proposer un bon d\u2019une valeur de\u00a080 euros donnant droit \u00e0\u00a0100 euros d&rsquo;achats sur\u00a0le webshop de <strong>Delhaize<\/strong>.<\/p>\n<p><!--break--><\/p>\n<h2>\u00ab Une nouvelle \u00e9tape \u00bb<\/h2>\n<p>\u00ab La collaboration avec Delhaize est une nouvelle \u00e9tape dans la recherche\u00a0d\u2019offres originales en r\u00e9ponse aux besoins de nos membres. Le partenariat avec Delhaize d\u00e9montre que le slogan \u2018shop smart, feel great\u2019 est une philosophie que Vente-Exclusive concr\u00e9tise chaque jour pour ses membres \u00bb, lit-on dans le communiqu\u00e9 de presse. Outre la r\u00e9duction de 20 euros, les clients qui pour la premi\u00e8re fois utiliseront le webshop de Delhaize, pourront retirer leurs courses\u00a0ou se les faire livrer \u00e0 domicile gratuitement.<\/p>\n<p>\nAvec 5 millions d\u2019utilisateurs enregistr\u00e9s et 230.000 visiteurs uniques par jour, Vente Exclusive est leader du march\u00e9 en Belgique dans le domaine des ventes priv\u00e9es en ligne d\u2019articles de mode et\u00a0lifestyle. En 2016 l\u2019entreprise a connu une croissance de 50% et a embauch\u00e9 100 nouveaux employ\u00e9s.<\/p>\n<p>\u00a0<\/p>\n","protected":false},"excerpt":{"rendered":"<p>Pour la premi\u00e8re fois Vente-Exclusive.com\u00a0collabore avec une cha\u00eene de supermarch\u00e9s belge. Le site va\u00a0proposer un bon d\u2019une valeur de\u00a080 euros donnant droit \u00e0\u00a0100 euros d&rsquo;achats sur\u00a0le webshop de Delhaize. \u00ab Une nouvelle \u00e9tape \u00bb \u00ab La collaboration avec Delhaize est une nouvelle \u00e9tape dans la recherche\u00a0d\u2019offres originales en r\u00e9ponse aux besoins de nos membres. Le [&hellip;]<\/p>\n","protected":false},"author":1,"featured_media":16405,"comment_status":"closed","ping_status":"closed","sticky":false,"template":"","format":"standard","meta":{"_acf_changed":false,"inline_featured_image":false,"_jetpack_memberships_contains_paid_content":false,"footnotes":""},"categories":[34],"tags":[],"people":[],"extra":[],"company":[],"topic":[],"region":[],"class_list":["post-16408","post","type-post","status-publish","format-standard","has-post-thumbnail","hentry","category-m-tail"],"acf":[],"yoast_head":"<!-- This site is optimized with the Yoast SEO plugin v27.3 - https:\/\/yoast.com\/product\/yoast-seo-wordpress\/ -->\n<title>Vente-Exclusive.com s\u2019associe \u00e0 Delhaize - RetailDetail BE<\/title>\n<meta name=\"description\" content=\"Pour la premi\u00e8re fois Vente-Exclusive.com collabore avec une cha\u00eene de supermarch\u00e9s belge. Le site va proposer un bon d\u2019une valeur de 80 euros donnant droit \u00e0 100 euros d&#039;achats sur le webshop de Delhaize.\" \/>\n<meta name=\"robots\" content=\"index, follow, max-snippet:-1, max-image-preview:large, max-video-preview:-1\" \/>\n<link rel=\"canonical\" href=\"https:\/\/www.retaildetail.be\/fr\/news\/m-tail\/vente-exclusivecom-sassocie-a-delhaize-2\/\" \/>\n<meta property=\"og:locale\" content=\"fr_FR\" \/>\n<meta property=\"og:type\" content=\"article\" \/>\n<meta property=\"og:title\" content=\"Vente-Exclusive.com s\u2019associe \u00e0 Delhaize - RetailDetail BE\" \/>\n<meta property=\"og:description\" content=\"Pour la premi\u00e8re fois Vente-Exclusive.com collabore avec une cha\u00eene de supermarch\u00e9s belge. Le site va proposer un bon d\u2019une valeur de 80 euros donnant droit \u00e0 100 euros d&#039;achats sur le webshop de Delhaize.\" \/>\n<meta property=\"og:url\" content=\"https:\/\/www.retaildetail.be\/fr\/news\/m-tail\/vente-exclusivecom-sassocie-a-delhaize-2\/\" \/>\n<meta property=\"og:site_name\" content=\"RetailDetail BE\" \/>\n<meta property=\"article:published_time\" content=\"2017-01-19T13:54:58+00:00\" \/>\n<meta property=\"og:image\" content=\"https:\/\/i0.wp.com\/www.retaildetail.be\/wp-content\/uploads\/2022\/04\/vente-exclusive.jpg?fit=1032%2C516&quality=100&strip=all&ssl=1\" \/>\n\t<meta property=\"og:image:width\" content=\"1032\" \/>\n\t<meta property=\"og:image:height\" content=\"516\" \/>\n\t<meta property=\"og:image:type\" content=\"image\/jpeg\" \/>\n<meta name=\"author\" content=\"dev@grandiz.com\" \/>\n<meta name=\"twitter:card\" content=\"summary_large_image\" \/>\n<meta name=\"twitter:label1\" content=\"\u00c9crit par\" \/>\n\t<meta name=\"twitter:data1\" content=\"dev@grandiz.com\" \/>\n\t<meta name=\"twitter:label2\" content=\"Dur\u00e9e de lecture estim\u00e9e\" \/>\n\t<meta name=\"twitter:data2\" content=\"1 minute\" \/>\n<script type=\"application\/ld+json\" class=\"yoast-schema-graph\">{\"@context\":\"https:\\\/\\\/schema.org\",\"@graph\":[{\"@type\":\"NewsArticle\",\"@id\":\"https:\\\/\\\/www.retaildetail.be\\\/fr\\\/news\\\/m-tail\\\/vente-exclusivecom-sassocie-a-delhaize-2\\\/#article\",\"isPartOf\":{\"@id\":\"https:\\\/\\\/www.retaildetail.be\\\/fr\\\/news\\\/m-tail\\\/vente-exclusivecom-sassocie-a-delhaize-2\\\/\"},\"author\":{\"name\":\"dev@grandiz.com\",\"@id\":\"https:\\\/\\\/www.retaildetail.be\\\/nl\\\/#\\\/schema\\\/person\\\/ba2d383452a753a3a1ce8cdb349b5fc9\"},\"headline\":\"Vente-Exclusive.com s\u2019associe \u00e0 Delhaize\",\"datePublished\":\"2017-01-19T13:54:58+00:00\",\"mainEntityOfPage\":{\"@id\":\"https:\\\/\\\/www.retaildetail.be\\\/fr\\\/news\\\/m-tail\\\/vente-exclusivecom-sassocie-a-delhaize-2\\\/\"},\"wordCount\":176,\"publisher\":{\"@id\":\"https:\\\/\\\/www.retaildetail.be\\\/nl\\\/#organization\"},\"image\":{\"@id\":\"https:\\\/\\\/www.retaildetail.be\\\/fr\\\/news\\\/m-tail\\\/vente-exclusivecom-sassocie-a-delhaize-2\\\/#primaryimage\"},\"thumbnailUrl\":\"https:\\\/\\\/www.retaildetail.be\\\/wp-content\\\/uploads\\\/2022\\\/04\\\/vente-exclusive.jpg\",\"articleSection\":[\"m-Tail\"],\"inLanguage\":\"fr-FR\",\"copyrightYear\":\"2017\",\"copyrightHolder\":{\"@id\":\"https:\\\/\\\/www.retaildetail.be\\\/#organization\"}},{\"@type\":\"WebPage\",\"@id\":\"https:\\\/\\\/www.retaildetail.be\\\/fr\\\/news\\\/m-tail\\\/vente-exclusivecom-sassocie-a-delhaize-2\\\/\",\"url\":\"https:\\\/\\\/www.retaildetail.be\\\/fr\\\/news\\\/m-tail\\\/vente-exclusivecom-sassocie-a-delhaize-2\\\/\",\"name\":\"Vente-Exclusive.com s\u2019associe \u00e0 Delhaize - RetailDetail BE\",\"isPartOf\":{\"@id\":\"https:\\\/\\\/www.retaildetail.be\\\/nl\\\/#website\"},\"primaryImageOfPage\":{\"@id\":\"https:\\\/\\\/www.retaildetail.be\\\/fr\\\/news\\\/m-tail\\\/vente-exclusivecom-sassocie-a-delhaize-2\\\/#primaryimage\"},\"image\":{\"@id\":\"https:\\\/\\\/www.retaildetail.be\\\/fr\\\/news\\\/m-tail\\\/vente-exclusivecom-sassocie-a-delhaize-2\\\/#primaryimage\"},\"thumbnailUrl\":\"https:\\\/\\\/www.retaildetail.be\\\/wp-content\\\/uploads\\\/2022\\\/04\\\/vente-exclusive.jpg\",\"datePublished\":\"2017-01-19T13:54:58+00:00\",\"description\":\"Pour la premi\u00e8re fois Vente-Exclusive.com collabore avec une cha\u00eene de supermarch\u00e9s belge. Le site va proposer un bon d\u2019une valeur de 80 euros donnant droit \u00e0 100 euros d'achats sur le webshop de Delhaize.\",\"breadcrumb\":{\"@id\":\"https:\\\/\\\/www.retaildetail.be\\\/fr\\\/news\\\/m-tail\\\/vente-exclusivecom-sassocie-a-delhaize-2\\\/#breadcrumb\"},\"inLanguage\":\"fr-FR\",\"potentialAction\":[{\"@type\":\"ReadAction\",\"target\":[\"https:\\\/\\\/www.retaildetail.be\\\/fr\\\/news\\\/m-tail\\\/vente-exclusivecom-sassocie-a-delhaize-2\\\/\"]}]},{\"@type\":\"ImageObject\",\"inLanguage\":\"fr-FR\",\"@id\":\"https:\\\/\\\/www.retaildetail.be\\\/fr\\\/news\\\/m-tail\\\/vente-exclusivecom-sassocie-a-delhaize-2\\\/#primaryimage\",\"url\":\"https:\\\/\\\/www.retaildetail.be\\\/wp-content\\\/uploads\\\/2022\\\/04\\\/vente-exclusive.jpg\",\"contentUrl\":\"https:\\\/\\\/www.retaildetail.be\\\/wp-content\\\/uploads\\\/2022\\\/04\\\/vente-exclusive.jpg\",\"width\":1032,\"height\":516},{\"@type\":\"BreadcrumbList\",\"@id\":\"https:\\\/\\\/www.retaildetail.be\\\/fr\\\/news\\\/m-tail\\\/vente-exclusivecom-sassocie-a-delhaize-2\\\/#breadcrumb\",\"itemListElement\":[{\"@type\":\"ListItem\",\"position\":1,\"name\":\"Home\",\"item\":\"https:\\\/\\\/www.retaildetail.be\\\/fr\\\/\"},{\"@type\":\"ListItem\",\"position\":2,\"name\":\"Vente-Exclusive.com s\u2019associe \u00e0 Delhaize\"}]},{\"@type\":\"WebSite\",\"@id\":\"https:\\\/\\\/www.retaildetail.be\\\/nl\\\/#website\",\"url\":\"https:\\\/\\\/www.retaildetail.be\\\/nl\\\/\",\"name\":\"RetailDetail BE\",\"description\":\"News\",\"publisher\":{\"@id\":\"https:\\\/\\\/www.retaildetail.be\\\/nl\\\/#organization\"},\"potentialAction\":[{\"@type\":\"SearchAction\",\"target\":{\"@type\":\"EntryPoint\",\"urlTemplate\":\"https:\\\/\\\/www.retaildetail.be\\\/nl\\\/?s={search_term_string}\"},\"query-input\":{\"@type\":\"PropertyValueSpecification\",\"valueRequired\":true,\"valueName\":\"search_term_string\"}}],\"inLanguage\":\"fr-FR\"},{\"@type\":\"Organization\",\"@id\":\"https:\\\/\\\/www.retaildetail.be\\\/nl\\\/#organization\",\"name\":\"RetailDetail BE\",\"url\":\"https:\\\/\\\/www.retaildetail.be\\\/nl\\\/\",\"logo\":{\"@type\":\"ImageObject\",\"inLanguage\":\"fr-FR\",\"@id\":\"https:\\\/\\\/www.retaildetail.be\\\/nl\\\/#\\\/schema\\\/logo\\\/image\\\/\",\"url\":\"https:\\\/\\\/www.retaildetail.be\\\/wp-content\\\/uploads\\\/2022\\\/04\\\/logo.svg\",\"contentUrl\":\"https:\\\/\\\/www.retaildetail.be\\\/wp-content\\\/uploads\\\/2022\\\/04\\\/logo.svg\",\"width\":131,\"height\":70,\"caption\":\"RetailDetail BE\"},\"image\":{\"@id\":\"https:\\\/\\\/www.retaildetail.be\\\/nl\\\/#\\\/schema\\\/logo\\\/image\\\/\"}},{\"@type\":\"Person\",\"@id\":\"https:\\\/\\\/www.retaildetail.be\\\/nl\\\/#\\\/schema\\\/person\\\/ba2d383452a753a3a1ce8cdb349b5fc9\",\"name\":\"dev@grandiz.com\",\"image\":{\"@type\":\"ImageObject\",\"inLanguage\":\"fr-FR\",\"@id\":\"https:\\\/\\\/secure.gravatar.com\\\/avatar\\\/5f53ce9fb6eed4a60e5aaaa712be8773880fa9459d9cac9bc4aa4fdbce3f447f?s=96&d=mm&r=g\",\"url\":\"https:\\\/\\\/secure.gravatar.com\\\/avatar\\\/5f53ce9fb6eed4a60e5aaaa712be8773880fa9459d9cac9bc4aa4fdbce3f447f?s=96&d=mm&r=g\",\"contentUrl\":\"https:\\\/\\\/secure.gravatar.com\\\/avatar\\\/5f53ce9fb6eed4a60e5aaaa712be8773880fa9459d9cac9bc4aa4fdbce3f447f?s=96&d=mm&r=g\",\"caption\":\"dev@grandiz.com\"},\"sameAs\":[\"http:\\\/\\\/preprod.retaildetail.be\"],\"url\":\"https:\\\/\\\/www.retaildetail.be\\\/fr\\\/author\\\/devgrandiz-com\\\/\"}]}<\/script>\n<!-- \/ Yoast SEO plugin. -->","yoast_head_json":{"title":"Vente-Exclusive.com s\u2019associe \u00e0 Delhaize - RetailDetail BE","description":"Pour la premi\u00e8re fois Vente-Exclusive.com collabore avec une cha\u00eene de supermarch\u00e9s belge. Le site va proposer un bon d\u2019une valeur de 80 euros donnant droit \u00e0 100 euros d'achats sur le webshop de Delhaize.","robots":{"index":"index","follow":"follow","max-snippet":"max-snippet:-1","max-image-preview":"max-image-preview:large","max-video-preview":"max-video-preview:-1"},"canonical":"https:\/\/www.retaildetail.be\/fr\/news\/m-tail\/vente-exclusivecom-sassocie-a-delhaize-2\/","og_locale":"fr_FR","og_type":"article","og_title":"Vente-Exclusive.com s\u2019associe \u00e0 Delhaize - RetailDetail BE","og_description":"Pour la premi\u00e8re fois Vente-Exclusive.com collabore avec une cha\u00eene de supermarch\u00e9s belge. Le site va proposer un bon d\u2019une valeur de 80 euros donnant droit \u00e0 100 euros d'achats sur le webshop de Delhaize.","og_url":"https:\/\/www.retaildetail.be\/fr\/news\/m-tail\/vente-exclusivecom-sassocie-a-delhaize-2\/","og_site_name":"RetailDetail BE","article_published_time":"2017-01-19T13:54:58+00:00","og_image":[{"width":1032,"height":516,"url":"https:\/\/i0.wp.com\/www.retaildetail.be\/wp-content\/uploads\/2022\/04\/vente-exclusive.jpg?fit=1032%2C516&quality=100&strip=all&ssl=1","type":"image\/jpeg"}],"author":"dev@grandiz.com","twitter_card":"summary_large_image","twitter_misc":{"\u00c9crit par":"dev@grandiz.com","Dur\u00e9e de lecture estim\u00e9e":"1 minute"},"schema":{"@context":"https:\/\/schema.org","@graph":[{"@type":"NewsArticle","@id":"https:\/\/www.retaildetail.be\/fr\/news\/m-tail\/vente-exclusivecom-sassocie-a-delhaize-2\/#article","isPartOf":{"@id":"https:\/\/www.retaildetail.be\/fr\/news\/m-tail\/vente-exclusivecom-sassocie-a-delhaize-2\/"},"author":{"name":"dev@grandiz.com","@id":"https:\/\/www.retaildetail.be\/nl\/#\/schema\/person\/ba2d383452a753a3a1ce8cdb349b5fc9"},"headline":"Vente-Exclusive.com s\u2019associe \u00e0 Delhaize","datePublished":"2017-01-19T13:54:58+00:00","mainEntityOfPage":{"@id":"https:\/\/www.retaildetail.be\/fr\/news\/m-tail\/vente-exclusivecom-sassocie-a-delhaize-2\/"},"wordCount":176,"publisher":{"@id":"https:\/\/www.retaildetail.be\/nl\/#organization"},"image":{"@id":"https:\/\/www.retaildetail.be\/fr\/news\/m-tail\/vente-exclusivecom-sassocie-a-delhaize-2\/#primaryimage"},"thumbnailUrl":"https:\/\/www.retaildetail.be\/wp-content\/uploads\/2022\/04\/vente-exclusive.jpg","articleSection":["m-Tail"],"inLanguage":"fr-FR","copyrightYear":"2017","copyrightHolder":{"@id":"https:\/\/www.retaildetail.be\/#organization"}},{"@type":"WebPage","@id":"https:\/\/www.retaildetail.be\/fr\/news\/m-tail\/vente-exclusivecom-sassocie-a-delhaize-2\/","url":"https:\/\/www.retaildetail.be\/fr\/news\/m-tail\/vente-exclusivecom-sassocie-a-delhaize-2\/","name":"Vente-Exclusive.com s\u2019associe \u00e0 Delhaize - RetailDetail BE","isPartOf":{"@id":"https:\/\/www.retaildetail.be\/nl\/#website"},"primaryImageOfPage":{"@id":"https:\/\/www.retaildetail.be\/fr\/news\/m-tail\/vente-exclusivecom-sassocie-a-delhaize-2\/#primaryimage"},"image":{"@id":"https:\/\/www.retaildetail.be\/fr\/news\/m-tail\/vente-exclusivecom-sassocie-a-delhaize-2\/#primaryimage"},"thumbnailUrl":"https:\/\/www.retaildetail.be\/wp-content\/uploads\/2022\/04\/vente-exclusive.jpg","datePublished":"2017-01-19T13:54:58+00:00","description":"Pour la premi\u00e8re fois Vente-Exclusive.com collabore avec une cha\u00eene de supermarch\u00e9s belge. Le site va proposer un bon d\u2019une valeur de 80 euros donnant droit \u00e0 100 euros d'achats sur le webshop de Delhaize.","breadcrumb":{"@id":"https:\/\/www.retaildetail.be\/fr\/news\/m-tail\/vente-exclusivecom-sassocie-a-delhaize-2\/#breadcrumb"},"inLanguage":"fr-FR","potentialAction":[{"@type":"ReadAction","target":["https:\/\/www.retaildetail.be\/fr\/news\/m-tail\/vente-exclusivecom-sassocie-a-delhaize-2\/"]}]},{"@type":"ImageObject","inLanguage":"fr-FR","@id":"https:\/\/www.retaildetail.be\/fr\/news\/m-tail\/vente-exclusivecom-sassocie-a-delhaize-2\/#primaryimage","url":"https:\/\/www.retaildetail.be\/wp-content\/uploads\/2022\/04\/vente-exclusive.jpg","contentUrl":"https:\/\/www.retaildetail.be\/wp-content\/uploads\/2022\/04\/vente-exclusive.jpg","width":1032,"height":516},{"@type":"BreadcrumbList","@id":"https:\/\/www.retaildetail.be\/fr\/news\/m-tail\/vente-exclusivecom-sassocie-a-delhaize-2\/#breadcrumb","itemListElement":[{"@type":"ListItem","position":1,"name":"Home","item":"https:\/\/www.retaildetail.be\/fr\/"},{"@type":"ListItem","position":2,"name":"Vente-Exclusive.com s\u2019associe \u00e0 Delhaize"}]},{"@type":"WebSite","@id":"https:\/\/www.retaildetail.be\/nl\/#website","url":"https:\/\/www.retaildetail.be\/nl\/","name":"RetailDetail BE","description":"News","publisher":{"@id":"https:\/\/www.retaildetail.be\/nl\/#organization"},"potentialAction":[{"@type":"SearchAction","target":{"@type":"EntryPoint","urlTemplate":"https:\/\/www.retaildetail.be\/nl\/?s={search_term_string}"},"query-input":{"@type":"PropertyValueSpecification","valueRequired":true,"valueName":"search_term_string"}}],"inLanguage":"fr-FR"},{"@type":"Organization","@id":"https:\/\/www.retaildetail.be\/nl\/#organization","name":"RetailDetail BE","url":"https:\/\/www.retaildetail.be\/nl\/","logo":{"@type":"ImageObject","inLanguage":"fr-FR","@id":"https:\/\/www.retaildetail.be\/nl\/#\/schema\/logo\/image\/","url":"https:\/\/www.retaildetail.be\/wp-content\/uploads\/2022\/04\/logo.svg","contentUrl":"https:\/\/www.retaildetail.be\/wp-content\/uploads\/2022\/04\/logo.svg","width":131,"height":70,"caption":"RetailDetail BE"},"image":{"@id":"https:\/\/www.retaildetail.be\/nl\/#\/schema\/logo\/image\/"}},{"@type":"Person","@id":"https:\/\/www.retaildetail.be\/nl\/#\/schema\/person\/ba2d383452a753a3a1ce8cdb349b5fc9","name":"dev@grandiz.com","image":{"@type":"ImageObject","inLanguage":"fr-FR","@id":"https:\/\/secure.gravatar.com\/avatar\/5f53ce9fb6eed4a60e5aaaa712be8773880fa9459d9cac9bc4aa4fdbce3f447f?s=96&d=mm&r=g","url":"https:\/\/secure.gravatar.com\/avatar\/5f53ce9fb6eed4a60e5aaaa712be8773880fa9459d9cac9bc4aa4fdbce3f447f?s=96&d=mm&r=g","contentUrl":"https:\/\/secure.gravatar.com\/avatar\/5f53ce9fb6eed4a60e5aaaa712be8773880fa9459d9cac9bc4aa4fdbce3f447f?s=96&d=mm&r=g","caption":"dev@grandiz.com"},"sameAs":["http:\/\/preprod.retaildetail.be"],"url":"https:\/\/www.retaildetail.be\/fr\/author\/devgrandiz-com\/"}]}},"jetpack_featured_media_url":"https:\/\/www.retaildetail.be\/wp-content\/uploads\/2022\/04\/vente-exclusive.jpg","jetpack_sharing_enabled":true,"_links":{"self":[{"href":"https:\/\/www.retaildetail.be\/fr\/wp-json\/wp\/v2\/posts\/16408","targetHints":{"allow":["GET"]}}],"collection":[{"href":"https:\/\/www.retaildetail.be\/fr\/wp-json\/wp\/v2\/posts"}],"about":[{"href":"https:\/\/www.retaildetail.be\/fr\/wp-json\/wp\/v2\/types\/post"}],"author":[{"embeddable":true,"href":"https:\/\/www.retaildetail.be\/fr\/wp-json\/wp\/v2\/users\/1"}],"replies":[{"embeddable":true,"href":"https:\/\/www.retaildetail.be\/fr\/wp-json\/wp\/v2\/comments?post=16408"}],"version-history":[{"count":0,"href":"https:\/\/www.retaildetail.be\/fr\/wp-json\/wp\/v2\/posts\/16408\/revisions"}],"wp:featuredmedia":[{"embeddable":true,"href":"https:\/\/www.retaildetail.be\/fr\/wp-json\/wp\/v2\/media\/16405"}],"wp:attachment":[{"href":"https:\/\/www.retaildetail.be\/fr\/wp-json\/wp\/v2\/media?parent=16408"}],"wp:term":[{"taxonomy":"category","embeddable":true,"href":"https:\/\/www.retaildetail.be\/fr\/wp-json\/wp\/v2\/categories?post=16408"},{"taxonomy":"post_tag","embeddable":true,"href":"https:\/\/www.retaildetail.be\/fr\/wp-json\/wp\/v2\/tags?post=16408"},{"taxonomy":"people","embeddable":true,"href":"https:\/\/www.retaildetail.be\/fr\/wp-json\/wp\/v2\/people?post=16408"},{"taxonomy":"extra","embeddable":true,"href":"https:\/\/www.retaildetail.be\/fr\/wp-json\/wp\/v2\/extra?post=16408"},{"taxonomy":"company","embeddable":true,"href":"https:\/\/www.retaildetail.be\/fr\/wp-json\/wp\/v2\/company?post=16408"},{"taxonomy":"topic","embeddable":true,"href":"https:\/\/www.retaildetail.be\/fr\/wp-json\/wp\/v2\/topic?post=16408"},{"taxonomy":"region","embeddable":true,"href":"https:\/\/www.retaildetail.be\/fr\/wp-json\/wp\/v2\/region?post=16408"}],"curies":[{"name":"wp","href":"https:\/\/api.w.org\/{rel}","templated":true}]}}