{"id":16794,"date":"2017-02-03T13:35:17","date_gmt":"2017-02-03T13:35:17","guid":{"rendered":"https:\/\/www.retaildetail.be\/m-tail\/vidaxl-construit-un-centre-de-distribution-gigantesque\/"},"modified":"2017-02-03T13:35:17","modified_gmt":"2017-02-03T13:35:17","slug":"vidaxl-construit-un-centre-de-distribution-gigantesque","status":"publish","type":"post","link":"https:\/\/www.retaildetail.be\/fr\/news\/m-tail\/vidaxl-construit-un-centre-de-distribution-gigantesque\/","title":{"rendered":"VidaXL construit un centre de distribution gigantesque"},"content":{"rendered":"<p>Le webshop <strong>vidaXL <\/strong>a annonc\u00e9 la construction d\u2019un nouveau centre de distribution de 100.000 m\u00e8tres carr\u00e9s \u00e0 Venlo.\u00a0 De plus, le r\u00e9seau de webshops deviendra \u00e9galement accessible \u00e0 d\u2019autres parties.<\/p>\n<p><!--break--><\/p>\n<h2>Une croissance internationale rapide<\/h2>\n<p>Avec la construction de ce nouveau centre de distribution, vidaXL souhaite r\u00e9pondre \u00e0 la forte croissance internationale ainsi qu\u2019aux ambitions de d\u00e9veloppement de l\u2019entreprise.\u00a0 Pour l\u2019instant, l\u2019entreprise est pr\u00e9sente dans 29 pays.\u00a0 La construction du centre de distribution entrainera un doublement de la capacit\u00e9 actuelle et permettra \u00e0 l\u2019entreprise de devenir le plus grand centre de distribution e-commerce aux Pays-Bas, selon vidaXL.<\/p>\n<p>\nPlus de 60.000 commandes doivent \u00eatre trait\u00e9es et envoy\u00e9es dans tous les pays europ\u00e9ens quotidiennement.\u00a0 Si tout se passe comme pr\u00e9vu, le centre de distribution sera op\u00e9rationnel d\u2019ici la fin de l\u2019ann\u00e9e.<\/p>\n<p>\nPour acc\u00e9l\u00e9rer encore davantage cette expansion, la plateforme s\u2019est ouverte aux vendeurs externes depuis peu.\u00a0 L\u2019objectif est d\u2019offrir aux visiteurs des webshops une gamme de plus d\u2019un million de produits diff\u00e9rents.<\/p>\n<p>\nVia sa plateforme, vidaXL vend des articles qui cadrent dans les cat\u00e9gories Habitation et Jardin, Bricolage, Articles M\u00e9nagers, Jeux d\u2019ext\u00e9rieur, Welness et Fitness.\u00a0 En plus des produits de marques A, l\u2019entreprise vend \u00e9galement ses propres marques, en g\u00e9rant la cha\u00eene compl\u00e8te allant du d\u00e9veloppement du produit \u00e0 l\u2019envoi de ce m\u00eame produit au client.<br \/>\n\u00a0<\/p>\n","protected":false},"excerpt":{"rendered":"<p>Le webshop vidaXL a annonc\u00e9 la construction d\u2019un nouveau centre de distribution de 100.000 m\u00e8tres carr\u00e9s \u00e0 Venlo.\u00a0 De plus, le r\u00e9seau de webshops deviendra \u00e9galement accessible \u00e0 d\u2019autres parties. Une croissance internationale rapide Avec la construction de ce nouveau centre de distribution, vidaXL souhaite r\u00e9pondre \u00e0 la forte croissance internationale ainsi qu\u2019aux ambitions de [&hellip;]<\/p>\n","protected":false},"author":1,"featured_media":16791,"comment_status":"closed","ping_status":"closed","sticky":false,"template":"","format":"standard","meta":{"_acf_changed":false,"inline_featured_image":false,"_jetpack_memberships_contains_paid_content":false,"footnotes":""},"categories":[34],"tags":[],"people":[],"extra":[],"company":[],"topic":[],"region":[],"class_list":["post-16794","post","type-post","status-publish","format-standard","has-post-thumbnail","hentry","category-m-tail"],"acf":[],"yoast_head":"<!-- This site is optimized with the Yoast SEO plugin v27.3 - https:\/\/yoast.com\/product\/yoast-seo-wordpress\/ -->\n<title>VidaXL construit un centre de distribution gigantesque - RetailDetail BE<\/title>\n<meta name=\"description\" content=\"Le webshop vidaXL a annonc\u00e9 la construction d\u2019un nouveau centre de distribution de 100.000 m\u00e8tres carr\u00e9s \u00e0 Venlo. De plus, r\u00e9seau de webshops deviendra \u00e9galement accessible \u00e0 d\u2019autres parties.\" \/>\n<meta name=\"robots\" content=\"index, follow, max-snippet:-1, max-image-preview:large, max-video-preview:-1\" \/>\n<link rel=\"canonical\" href=\"https:\/\/www.retaildetail.be\/fr\/news\/m-tail\/vidaxl-construit-un-centre-de-distribution-gigantesque\/\" \/>\n<meta property=\"og:locale\" content=\"fr_FR\" \/>\n<meta property=\"og:type\" content=\"article\" \/>\n<meta property=\"og:title\" content=\"VidaXL construit un centre de distribution gigantesque - RetailDetail BE\" \/>\n<meta property=\"og:description\" content=\"Le webshop vidaXL a annonc\u00e9 la construction d\u2019un nouveau centre de distribution de 100.000 m\u00e8tres carr\u00e9s \u00e0 Venlo. De plus, r\u00e9seau de webshops deviendra \u00e9galement accessible \u00e0 d\u2019autres parties.\" \/>\n<meta property=\"og:url\" content=\"https:\/\/www.retaildetail.be\/fr\/news\/m-tail\/vidaxl-construit-un-centre-de-distribution-gigantesque\/\" \/>\n<meta property=\"og:site_name\" content=\"RetailDetail BE\" \/>\n<meta property=\"article:published_time\" content=\"2017-02-03T13:35:17+00:00\" \/>\n<meta property=\"og:image\" content=\"https:\/\/i0.wp.com\/www.retaildetail.be\/wp-content\/uploads\/2022\/04\/235611-Center-a68cfc-original-1486064032.jpg?fit=1350%2C750&quality=100&strip=all&ssl=1\" \/>\n\t<meta property=\"og:image:width\" content=\"1350\" \/>\n\t<meta property=\"og:image:height\" content=\"750\" \/>\n\t<meta property=\"og:image:type\" content=\"image\/jpeg\" \/>\n<meta name=\"author\" content=\"dev@grandiz.com\" \/>\n<meta name=\"twitter:card\" content=\"summary_large_image\" \/>\n<meta name=\"twitter:label1\" content=\"\u00c9crit par\" \/>\n\t<meta name=\"twitter:data1\" content=\"dev@grandiz.com\" \/>\n\t<meta name=\"twitter:label2\" content=\"Dur\u00e9e de lecture estim\u00e9e\" \/>\n\t<meta name=\"twitter:data2\" content=\"1 minute\" \/>\n<script type=\"application\/ld+json\" class=\"yoast-schema-graph\">{\"@context\":\"https:\\\/\\\/schema.org\",\"@graph\":[{\"@type\":\"NewsArticle\",\"@id\":\"https:\\\/\\\/www.retaildetail.be\\\/fr\\\/news\\\/m-tail\\\/vidaxl-construit-un-centre-de-distribution-gigantesque\\\/#article\",\"isPartOf\":{\"@id\":\"https:\\\/\\\/www.retaildetail.be\\\/fr\\\/news\\\/m-tail\\\/vidaxl-construit-un-centre-de-distribution-gigantesque\\\/\"},\"author\":{\"name\":\"dev@grandiz.com\",\"@id\":\"https:\\\/\\\/www.retaildetail.be\\\/nl\\\/#\\\/schema\\\/person\\\/ba2d383452a753a3a1ce8cdb349b5fc9\"},\"headline\":\"VidaXL construit un centre de distribution gigantesque\",\"datePublished\":\"2017-02-03T13:35:17+00:00\",\"mainEntityOfPage\":{\"@id\":\"https:\\\/\\\/www.retaildetail.be\\\/fr\\\/news\\\/m-tail\\\/vidaxl-construit-un-centre-de-distribution-gigantesque\\\/\"},\"wordCount\":251,\"publisher\":{\"@id\":\"https:\\\/\\\/www.retaildetail.be\\\/nl\\\/#organization\"},\"image\":{\"@id\":\"https:\\\/\\\/www.retaildetail.be\\\/fr\\\/news\\\/m-tail\\\/vidaxl-construit-un-centre-de-distribution-gigantesque\\\/#primaryimage\"},\"thumbnailUrl\":\"https:\\\/\\\/www.retaildetail.be\\\/wp-content\\\/uploads\\\/2022\\\/04\\\/235611-Center-a68cfc-original-1486064032.jpg\",\"articleSection\":[\"m-Tail\"],\"inLanguage\":\"fr-FR\",\"copyrightYear\":\"2017\",\"copyrightHolder\":{\"@id\":\"https:\\\/\\\/www.retaildetail.be\\\/#organization\"}},{\"@type\":\"WebPage\",\"@id\":\"https:\\\/\\\/www.retaildetail.be\\\/fr\\\/news\\\/m-tail\\\/vidaxl-construit-un-centre-de-distribution-gigantesque\\\/\",\"url\":\"https:\\\/\\\/www.retaildetail.be\\\/fr\\\/news\\\/m-tail\\\/vidaxl-construit-un-centre-de-distribution-gigantesque\\\/\",\"name\":\"VidaXL construit un centre de distribution gigantesque - RetailDetail BE\",\"isPartOf\":{\"@id\":\"https:\\\/\\\/www.retaildetail.be\\\/nl\\\/#website\"},\"primaryImageOfPage\":{\"@id\":\"https:\\\/\\\/www.retaildetail.be\\\/fr\\\/news\\\/m-tail\\\/vidaxl-construit-un-centre-de-distribution-gigantesque\\\/#primaryimage\"},\"image\":{\"@id\":\"https:\\\/\\\/www.retaildetail.be\\\/fr\\\/news\\\/m-tail\\\/vidaxl-construit-un-centre-de-distribution-gigantesque\\\/#primaryimage\"},\"thumbnailUrl\":\"https:\\\/\\\/www.retaildetail.be\\\/wp-content\\\/uploads\\\/2022\\\/04\\\/235611-Center-a68cfc-original-1486064032.jpg\",\"datePublished\":\"2017-02-03T13:35:17+00:00\",\"description\":\"Le webshop vidaXL a annonc\u00e9 la construction d\u2019un nouveau centre de distribution de 100.000 m\u00e8tres carr\u00e9s \u00e0 Venlo. De plus, r\u00e9seau de webshops deviendra \u00e9galement accessible \u00e0 d\u2019autres parties.\",\"breadcrumb\":{\"@id\":\"https:\\\/\\\/www.retaildetail.be\\\/fr\\\/news\\\/m-tail\\\/vidaxl-construit-un-centre-de-distribution-gigantesque\\\/#breadcrumb\"},\"inLanguage\":\"fr-FR\",\"potentialAction\":[{\"@type\":\"ReadAction\",\"target\":[\"https:\\\/\\\/www.retaildetail.be\\\/fr\\\/news\\\/m-tail\\\/vidaxl-construit-un-centre-de-distribution-gigantesque\\\/\"]}]},{\"@type\":\"ImageObject\",\"inLanguage\":\"fr-FR\",\"@id\":\"https:\\\/\\\/www.retaildetail.be\\\/fr\\\/news\\\/m-tail\\\/vidaxl-construit-un-centre-de-distribution-gigantesque\\\/#primaryimage\",\"url\":\"https:\\\/\\\/www.retaildetail.be\\\/wp-content\\\/uploads\\\/2022\\\/04\\\/235611-Center-a68cfc-original-1486064032.jpg\",\"contentUrl\":\"https:\\\/\\\/www.retaildetail.be\\\/wp-content\\\/uploads\\\/2022\\\/04\\\/235611-Center-a68cfc-original-1486064032.jpg\",\"width\":1350,\"height\":750},{\"@type\":\"BreadcrumbList\",\"@id\":\"https:\\\/\\\/www.retaildetail.be\\\/fr\\\/news\\\/m-tail\\\/vidaxl-construit-un-centre-de-distribution-gigantesque\\\/#breadcrumb\",\"itemListElement\":[{\"@type\":\"ListItem\",\"position\":1,\"name\":\"Home\",\"item\":\"https:\\\/\\\/www.retaildetail.be\\\/fr\\\/\"},{\"@type\":\"ListItem\",\"position\":2,\"name\":\"VidaXL construit un centre de distribution gigantesque\"}]},{\"@type\":\"WebSite\",\"@id\":\"https:\\\/\\\/www.retaildetail.be\\\/nl\\\/#website\",\"url\":\"https:\\\/\\\/www.retaildetail.be\\\/nl\\\/\",\"name\":\"RetailDetail BE\",\"description\":\"News\",\"publisher\":{\"@id\":\"https:\\\/\\\/www.retaildetail.be\\\/nl\\\/#organization\"},\"potentialAction\":[{\"@type\":\"SearchAction\",\"target\":{\"@type\":\"EntryPoint\",\"urlTemplate\":\"https:\\\/\\\/www.retaildetail.be\\\/nl\\\/?s={search_term_string}\"},\"query-input\":{\"@type\":\"PropertyValueSpecification\",\"valueRequired\":true,\"valueName\":\"search_term_string\"}}],\"inLanguage\":\"fr-FR\"},{\"@type\":\"Organization\",\"@id\":\"https:\\\/\\\/www.retaildetail.be\\\/nl\\\/#organization\",\"name\":\"RetailDetail BE\",\"url\":\"https:\\\/\\\/www.retaildetail.be\\\/nl\\\/\",\"logo\":{\"@type\":\"ImageObject\",\"inLanguage\":\"fr-FR\",\"@id\":\"https:\\\/\\\/www.retaildetail.be\\\/nl\\\/#\\\/schema\\\/logo\\\/image\\\/\",\"url\":\"https:\\\/\\\/www.retaildetail.be\\\/wp-content\\\/uploads\\\/2022\\\/04\\\/logo.svg\",\"contentUrl\":\"https:\\\/\\\/www.retaildetail.be\\\/wp-content\\\/uploads\\\/2022\\\/04\\\/logo.svg\",\"width\":131,\"height\":70,\"caption\":\"RetailDetail BE\"},\"image\":{\"@id\":\"https:\\\/\\\/www.retaildetail.be\\\/nl\\\/#\\\/schema\\\/logo\\\/image\\\/\"}},{\"@type\":\"Person\",\"@id\":\"https:\\\/\\\/www.retaildetail.be\\\/nl\\\/#\\\/schema\\\/person\\\/ba2d383452a753a3a1ce8cdb349b5fc9\",\"name\":\"dev@grandiz.com\",\"image\":{\"@type\":\"ImageObject\",\"inLanguage\":\"fr-FR\",\"@id\":\"https:\\\/\\\/secure.gravatar.com\\\/avatar\\\/5f53ce9fb6eed4a60e5aaaa712be8773880fa9459d9cac9bc4aa4fdbce3f447f?s=96&d=mm&r=g\",\"url\":\"https:\\\/\\\/secure.gravatar.com\\\/avatar\\\/5f53ce9fb6eed4a60e5aaaa712be8773880fa9459d9cac9bc4aa4fdbce3f447f?s=96&d=mm&r=g\",\"contentUrl\":\"https:\\\/\\\/secure.gravatar.com\\\/avatar\\\/5f53ce9fb6eed4a60e5aaaa712be8773880fa9459d9cac9bc4aa4fdbce3f447f?s=96&d=mm&r=g\",\"caption\":\"dev@grandiz.com\"},\"sameAs\":[\"http:\\\/\\\/preprod.retaildetail.be\"],\"url\":\"https:\\\/\\\/www.retaildetail.be\\\/fr\\\/author\\\/devgrandiz-com\\\/\"}]}<\/script>\n<!-- \/ Yoast SEO plugin. -->","yoast_head_json":{"title":"VidaXL construit un centre de distribution gigantesque - RetailDetail BE","description":"Le webshop vidaXL a annonc\u00e9 la construction d\u2019un nouveau centre de distribution de 100.000 m\u00e8tres carr\u00e9s \u00e0 Venlo. De plus, r\u00e9seau de webshops deviendra \u00e9galement accessible \u00e0 d\u2019autres parties.","robots":{"index":"index","follow":"follow","max-snippet":"max-snippet:-1","max-image-preview":"max-image-preview:large","max-video-preview":"max-video-preview:-1"},"canonical":"https:\/\/www.retaildetail.be\/fr\/news\/m-tail\/vidaxl-construit-un-centre-de-distribution-gigantesque\/","og_locale":"fr_FR","og_type":"article","og_title":"VidaXL construit un centre de distribution gigantesque - RetailDetail BE","og_description":"Le webshop vidaXL a annonc\u00e9 la construction d\u2019un nouveau centre de distribution de 100.000 m\u00e8tres carr\u00e9s \u00e0 Venlo. De plus, r\u00e9seau de webshops deviendra \u00e9galement accessible \u00e0 d\u2019autres parties.","og_url":"https:\/\/www.retaildetail.be\/fr\/news\/m-tail\/vidaxl-construit-un-centre-de-distribution-gigantesque\/","og_site_name":"RetailDetail BE","article_published_time":"2017-02-03T13:35:17+00:00","og_image":[{"width":1350,"height":750,"url":"https:\/\/i0.wp.com\/www.retaildetail.be\/wp-content\/uploads\/2022\/04\/235611-Center-a68cfc-original-1486064032.jpg?fit=1350%2C750&quality=100&strip=all&ssl=1","type":"image\/jpeg"}],"author":"dev@grandiz.com","twitter_card":"summary_large_image","twitter_misc":{"\u00c9crit par":"dev@grandiz.com","Dur\u00e9e de lecture estim\u00e9e":"1 minute"},"schema":{"@context":"https:\/\/schema.org","@graph":[{"@type":"NewsArticle","@id":"https:\/\/www.retaildetail.be\/fr\/news\/m-tail\/vidaxl-construit-un-centre-de-distribution-gigantesque\/#article","isPartOf":{"@id":"https:\/\/www.retaildetail.be\/fr\/news\/m-tail\/vidaxl-construit-un-centre-de-distribution-gigantesque\/"},"author":{"name":"dev@grandiz.com","@id":"https:\/\/www.retaildetail.be\/nl\/#\/schema\/person\/ba2d383452a753a3a1ce8cdb349b5fc9"},"headline":"VidaXL construit un centre de distribution gigantesque","datePublished":"2017-02-03T13:35:17+00:00","mainEntityOfPage":{"@id":"https:\/\/www.retaildetail.be\/fr\/news\/m-tail\/vidaxl-construit-un-centre-de-distribution-gigantesque\/"},"wordCount":251,"publisher":{"@id":"https:\/\/www.retaildetail.be\/nl\/#organization"},"image":{"@id":"https:\/\/www.retaildetail.be\/fr\/news\/m-tail\/vidaxl-construit-un-centre-de-distribution-gigantesque\/#primaryimage"},"thumbnailUrl":"https:\/\/www.retaildetail.be\/wp-content\/uploads\/2022\/04\/235611-Center-a68cfc-original-1486064032.jpg","articleSection":["m-Tail"],"inLanguage":"fr-FR","copyrightYear":"2017","copyrightHolder":{"@id":"https:\/\/www.retaildetail.be\/#organization"}},{"@type":"WebPage","@id":"https:\/\/www.retaildetail.be\/fr\/news\/m-tail\/vidaxl-construit-un-centre-de-distribution-gigantesque\/","url":"https:\/\/www.retaildetail.be\/fr\/news\/m-tail\/vidaxl-construit-un-centre-de-distribution-gigantesque\/","name":"VidaXL construit un centre de distribution gigantesque - RetailDetail BE","isPartOf":{"@id":"https:\/\/www.retaildetail.be\/nl\/#website"},"primaryImageOfPage":{"@id":"https:\/\/www.retaildetail.be\/fr\/news\/m-tail\/vidaxl-construit-un-centre-de-distribution-gigantesque\/#primaryimage"},"image":{"@id":"https:\/\/www.retaildetail.be\/fr\/news\/m-tail\/vidaxl-construit-un-centre-de-distribution-gigantesque\/#primaryimage"},"thumbnailUrl":"https:\/\/www.retaildetail.be\/wp-content\/uploads\/2022\/04\/235611-Center-a68cfc-original-1486064032.jpg","datePublished":"2017-02-03T13:35:17+00:00","description":"Le webshop vidaXL a annonc\u00e9 la construction d\u2019un nouveau centre de distribution de 100.000 m\u00e8tres carr\u00e9s \u00e0 Venlo. De plus, r\u00e9seau de webshops deviendra \u00e9galement accessible \u00e0 d\u2019autres parties.","breadcrumb":{"@id":"https:\/\/www.retaildetail.be\/fr\/news\/m-tail\/vidaxl-construit-un-centre-de-distribution-gigantesque\/#breadcrumb"},"inLanguage":"fr-FR","potentialAction":[{"@type":"ReadAction","target":["https:\/\/www.retaildetail.be\/fr\/news\/m-tail\/vidaxl-construit-un-centre-de-distribution-gigantesque\/"]}]},{"@type":"ImageObject","inLanguage":"fr-FR","@id":"https:\/\/www.retaildetail.be\/fr\/news\/m-tail\/vidaxl-construit-un-centre-de-distribution-gigantesque\/#primaryimage","url":"https:\/\/www.retaildetail.be\/wp-content\/uploads\/2022\/04\/235611-Center-a68cfc-original-1486064032.jpg","contentUrl":"https:\/\/www.retaildetail.be\/wp-content\/uploads\/2022\/04\/235611-Center-a68cfc-original-1486064032.jpg","width":1350,"height":750},{"@type":"BreadcrumbList","@id":"https:\/\/www.retaildetail.be\/fr\/news\/m-tail\/vidaxl-construit-un-centre-de-distribution-gigantesque\/#breadcrumb","itemListElement":[{"@type":"ListItem","position":1,"name":"Home","item":"https:\/\/www.retaildetail.be\/fr\/"},{"@type":"ListItem","position":2,"name":"VidaXL construit un centre de distribution gigantesque"}]},{"@type":"WebSite","@id":"https:\/\/www.retaildetail.be\/nl\/#website","url":"https:\/\/www.retaildetail.be\/nl\/","name":"RetailDetail BE","description":"News","publisher":{"@id":"https:\/\/www.retaildetail.be\/nl\/#organization"},"potentialAction":[{"@type":"SearchAction","target":{"@type":"EntryPoint","urlTemplate":"https:\/\/www.retaildetail.be\/nl\/?s={search_term_string}"},"query-input":{"@type":"PropertyValueSpecification","valueRequired":true,"valueName":"search_term_string"}}],"inLanguage":"fr-FR"},{"@type":"Organization","@id":"https:\/\/www.retaildetail.be\/nl\/#organization","name":"RetailDetail BE","url":"https:\/\/www.retaildetail.be\/nl\/","logo":{"@type":"ImageObject","inLanguage":"fr-FR","@id":"https:\/\/www.retaildetail.be\/nl\/#\/schema\/logo\/image\/","url":"https:\/\/www.retaildetail.be\/wp-content\/uploads\/2022\/04\/logo.svg","contentUrl":"https:\/\/www.retaildetail.be\/wp-content\/uploads\/2022\/04\/logo.svg","width":131,"height":70,"caption":"RetailDetail BE"},"image":{"@id":"https:\/\/www.retaildetail.be\/nl\/#\/schema\/logo\/image\/"}},{"@type":"Person","@id":"https:\/\/www.retaildetail.be\/nl\/#\/schema\/person\/ba2d383452a753a3a1ce8cdb349b5fc9","name":"dev@grandiz.com","image":{"@type":"ImageObject","inLanguage":"fr-FR","@id":"https:\/\/secure.gravatar.com\/avatar\/5f53ce9fb6eed4a60e5aaaa712be8773880fa9459d9cac9bc4aa4fdbce3f447f?s=96&d=mm&r=g","url":"https:\/\/secure.gravatar.com\/avatar\/5f53ce9fb6eed4a60e5aaaa712be8773880fa9459d9cac9bc4aa4fdbce3f447f?s=96&d=mm&r=g","contentUrl":"https:\/\/secure.gravatar.com\/avatar\/5f53ce9fb6eed4a60e5aaaa712be8773880fa9459d9cac9bc4aa4fdbce3f447f?s=96&d=mm&r=g","caption":"dev@grandiz.com"},"sameAs":["http:\/\/preprod.retaildetail.be"],"url":"https:\/\/www.retaildetail.be\/fr\/author\/devgrandiz-com\/"}]}},"jetpack_featured_media_url":"https:\/\/www.retaildetail.be\/wp-content\/uploads\/2022\/04\/235611-Center-a68cfc-original-1486064032.jpg","jetpack_sharing_enabled":true,"_links":{"self":[{"href":"https:\/\/www.retaildetail.be\/fr\/wp-json\/wp\/v2\/posts\/16794","targetHints":{"allow":["GET"]}}],"collection":[{"href":"https:\/\/www.retaildetail.be\/fr\/wp-json\/wp\/v2\/posts"}],"about":[{"href":"https:\/\/www.retaildetail.be\/fr\/wp-json\/wp\/v2\/types\/post"}],"author":[{"embeddable":true,"href":"https:\/\/www.retaildetail.be\/fr\/wp-json\/wp\/v2\/users\/1"}],"replies":[{"embeddable":true,"href":"https:\/\/www.retaildetail.be\/fr\/wp-json\/wp\/v2\/comments?post=16794"}],"version-history":[{"count":0,"href":"https:\/\/www.retaildetail.be\/fr\/wp-json\/wp\/v2\/posts\/16794\/revisions"}],"wp:featuredmedia":[{"embeddable":true,"href":"https:\/\/www.retaildetail.be\/fr\/wp-json\/wp\/v2\/media\/16791"}],"wp:attachment":[{"href":"https:\/\/www.retaildetail.be\/fr\/wp-json\/wp\/v2\/media?parent=16794"}],"wp:term":[{"taxonomy":"category","embeddable":true,"href":"https:\/\/www.retaildetail.be\/fr\/wp-json\/wp\/v2\/categories?post=16794"},{"taxonomy":"post_tag","embeddable":true,"href":"https:\/\/www.retaildetail.be\/fr\/wp-json\/wp\/v2\/tags?post=16794"},{"taxonomy":"people","embeddable":true,"href":"https:\/\/www.retaildetail.be\/fr\/wp-json\/wp\/v2\/people?post=16794"},{"taxonomy":"extra","embeddable":true,"href":"https:\/\/www.retaildetail.be\/fr\/wp-json\/wp\/v2\/extra?post=16794"},{"taxonomy":"company","embeddable":true,"href":"https:\/\/www.retaildetail.be\/fr\/wp-json\/wp\/v2\/company?post=16794"},{"taxonomy":"topic","embeddable":true,"href":"https:\/\/www.retaildetail.be\/fr\/wp-json\/wp\/v2\/topic?post=16794"},{"taxonomy":"region","embeddable":true,"href":"https:\/\/www.retaildetail.be\/fr\/wp-json\/wp\/v2\/region?post=16794"}],"curies":[{"name":"wp","href":"https:\/\/api.w.org\/{rel}","templated":true}]}}