{"id":1722,"date":"2012-06-04T12:54:57","date_gmt":"2012-06-04T12:54:57","guid":{"rendered":"https:\/\/www.retaildetail.be\/mode\/flanders-fashion-institute-prime-au-festival-du-film-dentreprise\/"},"modified":"2012-06-04T12:54:57","modified_gmt":"2012-06-04T12:54:57","slug":"flanders-fashion-institute-prime-au-festival-du-film-dentreprise","status":"publish","type":"post","link":"https:\/\/www.retaildetail.be\/fr\/news\/mode\/flanders-fashion-institute-prime-au-festival-du-film-dentreprise\/","title":{"rendered":"Flanders Fashion Institute prim\u00e9 au Festival du film d\u2019entreprise"},"content":{"rendered":"<h2>London Fashion Week<\/h2>\n<p>Le jury du Festival du film d\u2019entreprise, qui couronne chaque ann\u00e9e les meilleurs films du monde de l\u2019entreprise belge, a d\u00e9cern\u00e9 mercredi dernier le prix dans la cat\u00e9gorie <strong>\u2018events\u2019<\/strong> au court-m\u00e9trage de Flanders Fashion Institute. Le film a \u00e9t\u00e9 r\u00e9alis\u00e9 \u00e0 l\u2019occasion du London Fashion Week, o\u00f9 le FFI organisait pour la premi\u00e8re fois un \u2018Showroom Belgium\u2019, afin de pr\u00e9senter les jeunes talents de la mode belge \u00e0 la presse internationale et aux acheteurs.<\/p>\n<p>Le <a target=\"_blank\" href=\"http:\/\/www.youtube.com\/watch?v=GJIMlUOYZDM\" rel=\"noopener\">court-m\u00e9trage<\/a>, film\u00e9 en noir en blanc, raconte l\u2019histoire d\u2019un mannequin \u2013 habill\u00e9e par les designers participants &#8211;\u00a0 que l\u2019on emballe dans une caisse, pr\u00eate \u00e0 \u00eatre embarqu\u00e9e pour Londres. Le tournage s\u2019est d\u00e9roul\u00e9 dans la salle Rubens du Mus\u00e9e Royal des Beaux-Arts \u00e0 Anvers.<\/p>\n<h2>\n<br \/>M\u00e9dias sociaux et lieux\u00a0 \u00e0 haute fr\u00e9quentation<\/h2>\n<p>Le court-m\u00e9trage a \u00e9t\u00e9 diffus\u00e9 non seulement via les <strong>medias sociaux classiques<\/strong>, mais a \u00e9galement \u00e9t\u00e9 pr\u00e9sent\u00e9 durant la semaine de la mode \u00e0 l\u2019aide d\u2019un <strong>projecteur mobile<\/strong> dans des lieux tr\u00e8s fr\u00e9quent\u00e9s de Londres, tels que les stations de m\u00e9tro, les mus\u00e9es et la rue commer\u00e7ante Oxford Street.<\/p>\n<p>\u00ab Flanders Fashion Institute est tr\u00e8s heureux de ce prix \u00bb, d\u00e9clare Agnes Wen\u00e9, project manager. \u00ab C\u2019est la premi\u00e8re fois que nous r\u00e9alisons un film pour promouvoir les designers que nous soutenons et lan\u00e7ons \u00e0 l\u2019international.\u00a0 Le fait de remporter ce prix, apr\u00e8s avoir eu d\u00e9j\u00e0 des r\u00e9actions positives du monde\u00a0 de la mode londonien, nous conforte dans notre conviction de continuer sur la m\u00eame voie. \u00bb Un award\u00a0 tout \u00e0 l\u2019honneur de la mode belge, dont certaines \u2018ic\u00f4nes\u2019 traversent en ce moment des temps difficiles.<\/p>\n<p>\u00a0<\/p>\n<p>\u00a0<\/p>\n<p><em>Traduction : Marie-No\u00eblle Masure<\/em><\/p>\n","protected":false},"excerpt":{"rendered":"<p>London Fashion Week Le jury du Festival du film d\u2019entreprise, qui couronne chaque ann\u00e9e les meilleurs films du monde de l\u2019entreprise belge, a d\u00e9cern\u00e9 mercredi dernier le prix dans la cat\u00e9gorie \u2018events\u2019 au court-m\u00e9trage de Flanders Fashion Institute. Le film a \u00e9t\u00e9 r\u00e9alis\u00e9 \u00e0 l\u2019occasion du London Fashion Week, o\u00f9 le FFI organisait pour la [&hellip;]<\/p>\n","protected":false},"author":1,"featured_media":84,"comment_status":"closed","ping_status":"closed","sticky":false,"template":"","format":"standard","meta":{"_acf_changed":false,"inline_featured_image":false,"_jetpack_memberships_contains_paid_content":false,"footnotes":""},"categories":[22],"tags":[],"people":[],"extra":[],"company":[],"topic":[],"region":[],"class_list":["post-1722","post","type-post","status-publish","format-standard","has-post-thumbnail","hentry","category-mode"],"acf":[],"yoast_head":"<!-- This site is optimized with the Yoast SEO plugin v27.3 - https:\/\/yoast.com\/product\/yoast-seo-wordpress\/ -->\n<title>Flanders Fashion Institute prim\u00e9 au Festival du film d\u2019entreprise - RetailDetail BE<\/title>\n<meta name=\"robots\" content=\"index, follow, max-snippet:-1, max-image-preview:large, max-video-preview:-1\" \/>\n<link rel=\"canonical\" href=\"https:\/\/www.retaildetail.be\/fr\/news\/mode\/flanders-fashion-institute-prime-au-festival-du-film-dentreprise\/\" \/>\n<meta property=\"og:locale\" content=\"fr_FR\" \/>\n<meta property=\"og:type\" content=\"article\" \/>\n<meta property=\"og:title\" content=\"Flanders Fashion Institute prim\u00e9 au Festival du film d\u2019entreprise - RetailDetail BE\" \/>\n<meta property=\"og:description\" content=\"London Fashion Week Le jury du Festival du film d\u2019entreprise, qui couronne chaque ann\u00e9e les meilleurs films du monde de l\u2019entreprise belge, a d\u00e9cern\u00e9 mercredi dernier le prix dans la cat\u00e9gorie \u2018events\u2019 au court-m\u00e9trage de Flanders Fashion Institute. Le film a \u00e9t\u00e9 r\u00e9alis\u00e9 \u00e0 l\u2019occasion du London Fashion Week, o\u00f9 le FFI organisait pour la [&hellip;]\" \/>\n<meta property=\"og:url\" content=\"https:\/\/www.retaildetail.be\/fr\/news\/mode\/flanders-fashion-institute-prime-au-festival-du-film-dentreprise\/\" \/>\n<meta property=\"og:site_name\" content=\"RetailDetail BE\" \/>\n<meta property=\"article:published_time\" content=\"2012-06-04T12:54:57+00:00\" \/>\n<meta property=\"og:image\" content=\"https:\/\/i0.wp.com\/www.retaildetail.be\/wp-content\/uploads\/2022\/04\/logo.png?fit=281%2C147&quality=100&strip=all&ssl=1\" \/>\n\t<meta property=\"og:image:width\" content=\"281\" \/>\n\t<meta property=\"og:image:height\" content=\"147\" \/>\n\t<meta property=\"og:image:type\" content=\"image\/png\" \/>\n<meta name=\"author\" content=\"dev@grandiz.com\" \/>\n<meta name=\"twitter:card\" content=\"summary_large_image\" \/>\n<meta name=\"twitter:label1\" content=\"\u00c9crit par\" \/>\n\t<meta name=\"twitter:data1\" content=\"dev@grandiz.com\" \/>\n\t<meta name=\"twitter:label2\" content=\"Dur\u00e9e de lecture estim\u00e9e\" \/>\n\t<meta name=\"twitter:data2\" content=\"2 minutes\" \/>\n<script type=\"application\/ld+json\" class=\"yoast-schema-graph\">{\"@context\":\"https:\\\/\\\/schema.org\",\"@graph\":[{\"@type\":\"NewsArticle\",\"@id\":\"https:\\\/\\\/www.retaildetail.be\\\/fr\\\/news\\\/mode\\\/flanders-fashion-institute-prime-au-festival-du-film-dentreprise\\\/#article\",\"isPartOf\":{\"@id\":\"https:\\\/\\\/www.retaildetail.be\\\/fr\\\/news\\\/mode\\\/flanders-fashion-institute-prime-au-festival-du-film-dentreprise\\\/\"},\"author\":{\"name\":\"dev@grandiz.com\",\"@id\":\"https:\\\/\\\/www.retaildetail.be\\\/nl\\\/#\\\/schema\\\/person\\\/ba2d383452a753a3a1ce8cdb349b5fc9\"},\"headline\":\"Flanders Fashion Institute prim\u00e9 au Festival du film d\u2019entreprise\",\"datePublished\":\"2012-06-04T12:54:57+00:00\",\"mainEntityOfPage\":{\"@id\":\"https:\\\/\\\/www.retaildetail.be\\\/fr\\\/news\\\/mode\\\/flanders-fashion-institute-prime-au-festival-du-film-dentreprise\\\/\"},\"wordCount\":311,\"publisher\":{\"@id\":\"https:\\\/\\\/www.retaildetail.be\\\/nl\\\/#organization\"},\"image\":{\"@id\":\"https:\\\/\\\/www.retaildetail.be\\\/fr\\\/news\\\/mode\\\/flanders-fashion-institute-prime-au-festival-du-film-dentreprise\\\/#primaryimage\"},\"thumbnailUrl\":\"https:\\\/\\\/www.retaildetail.be\\\/wp-content\\\/uploads\\\/2022\\\/04\\\/logo.png\",\"articleSection\":[\"Mode\"],\"inLanguage\":\"fr-FR\",\"copyrightYear\":\"2012\",\"copyrightHolder\":{\"@id\":\"https:\\\/\\\/www.retaildetail.be\\\/#organization\"}},{\"@type\":\"WebPage\",\"@id\":\"https:\\\/\\\/www.retaildetail.be\\\/fr\\\/news\\\/mode\\\/flanders-fashion-institute-prime-au-festival-du-film-dentreprise\\\/\",\"url\":\"https:\\\/\\\/www.retaildetail.be\\\/fr\\\/news\\\/mode\\\/flanders-fashion-institute-prime-au-festival-du-film-dentreprise\\\/\",\"name\":\"Flanders Fashion Institute prim\u00e9 au Festival du film d\u2019entreprise - RetailDetail BE\",\"isPartOf\":{\"@id\":\"https:\\\/\\\/www.retaildetail.be\\\/nl\\\/#website\"},\"primaryImageOfPage\":{\"@id\":\"https:\\\/\\\/www.retaildetail.be\\\/fr\\\/news\\\/mode\\\/flanders-fashion-institute-prime-au-festival-du-film-dentreprise\\\/#primaryimage\"},\"image\":{\"@id\":\"https:\\\/\\\/www.retaildetail.be\\\/fr\\\/news\\\/mode\\\/flanders-fashion-institute-prime-au-festival-du-film-dentreprise\\\/#primaryimage\"},\"thumbnailUrl\":\"https:\\\/\\\/www.retaildetail.be\\\/wp-content\\\/uploads\\\/2022\\\/04\\\/logo.png\",\"datePublished\":\"2012-06-04T12:54:57+00:00\",\"breadcrumb\":{\"@id\":\"https:\\\/\\\/www.retaildetail.be\\\/fr\\\/news\\\/mode\\\/flanders-fashion-institute-prime-au-festival-du-film-dentreprise\\\/#breadcrumb\"},\"inLanguage\":\"fr-FR\",\"potentialAction\":[{\"@type\":\"ReadAction\",\"target\":[\"https:\\\/\\\/www.retaildetail.be\\\/fr\\\/news\\\/mode\\\/flanders-fashion-institute-prime-au-festival-du-film-dentreprise\\\/\"]}]},{\"@type\":\"ImageObject\",\"inLanguage\":\"fr-FR\",\"@id\":\"https:\\\/\\\/www.retaildetail.be\\\/fr\\\/news\\\/mode\\\/flanders-fashion-institute-prime-au-festival-du-film-dentreprise\\\/#primaryimage\",\"url\":\"https:\\\/\\\/www.retaildetail.be\\\/wp-content\\\/uploads\\\/2022\\\/04\\\/logo.png\",\"contentUrl\":\"https:\\\/\\\/www.retaildetail.be\\\/wp-content\\\/uploads\\\/2022\\\/04\\\/logo.png\",\"width\":281,\"height\":147},{\"@type\":\"BreadcrumbList\",\"@id\":\"https:\\\/\\\/www.retaildetail.be\\\/fr\\\/news\\\/mode\\\/flanders-fashion-institute-prime-au-festival-du-film-dentreprise\\\/#breadcrumb\",\"itemListElement\":[{\"@type\":\"ListItem\",\"position\":1,\"name\":\"Home\",\"item\":\"https:\\\/\\\/www.retaildetail.be\\\/fr\\\/\"},{\"@type\":\"ListItem\",\"position\":2,\"name\":\"Flanders Fashion Institute prim\u00e9 au Festival du film d\u2019entreprise\"}]},{\"@type\":\"WebSite\",\"@id\":\"https:\\\/\\\/www.retaildetail.be\\\/nl\\\/#website\",\"url\":\"https:\\\/\\\/www.retaildetail.be\\\/nl\\\/\",\"name\":\"RetailDetail BE\",\"description\":\"News\",\"publisher\":{\"@id\":\"https:\\\/\\\/www.retaildetail.be\\\/nl\\\/#organization\"},\"potentialAction\":[{\"@type\":\"SearchAction\",\"target\":{\"@type\":\"EntryPoint\",\"urlTemplate\":\"https:\\\/\\\/www.retaildetail.be\\\/nl\\\/?s={search_term_string}\"},\"query-input\":{\"@type\":\"PropertyValueSpecification\",\"valueRequired\":true,\"valueName\":\"search_term_string\"}}],\"inLanguage\":\"fr-FR\"},{\"@type\":\"Organization\",\"@id\":\"https:\\\/\\\/www.retaildetail.be\\\/nl\\\/#organization\",\"name\":\"RetailDetail BE\",\"url\":\"https:\\\/\\\/www.retaildetail.be\\\/nl\\\/\",\"logo\":{\"@type\":\"ImageObject\",\"inLanguage\":\"fr-FR\",\"@id\":\"https:\\\/\\\/www.retaildetail.be\\\/nl\\\/#\\\/schema\\\/logo\\\/image\\\/\",\"url\":\"https:\\\/\\\/www.retaildetail.be\\\/wp-content\\\/uploads\\\/2022\\\/04\\\/logo.svg\",\"contentUrl\":\"https:\\\/\\\/www.retaildetail.be\\\/wp-content\\\/uploads\\\/2022\\\/04\\\/logo.svg\",\"width\":131,\"height\":70,\"caption\":\"RetailDetail BE\"},\"image\":{\"@id\":\"https:\\\/\\\/www.retaildetail.be\\\/nl\\\/#\\\/schema\\\/logo\\\/image\\\/\"}},{\"@type\":\"Person\",\"@id\":\"https:\\\/\\\/www.retaildetail.be\\\/nl\\\/#\\\/schema\\\/person\\\/ba2d383452a753a3a1ce8cdb349b5fc9\",\"name\":\"dev@grandiz.com\",\"image\":{\"@type\":\"ImageObject\",\"inLanguage\":\"fr-FR\",\"@id\":\"https:\\\/\\\/secure.gravatar.com\\\/avatar\\\/5f53ce9fb6eed4a60e5aaaa712be8773880fa9459d9cac9bc4aa4fdbce3f447f?s=96&d=mm&r=g\",\"url\":\"https:\\\/\\\/secure.gravatar.com\\\/avatar\\\/5f53ce9fb6eed4a60e5aaaa712be8773880fa9459d9cac9bc4aa4fdbce3f447f?s=96&d=mm&r=g\",\"contentUrl\":\"https:\\\/\\\/secure.gravatar.com\\\/avatar\\\/5f53ce9fb6eed4a60e5aaaa712be8773880fa9459d9cac9bc4aa4fdbce3f447f?s=96&d=mm&r=g\",\"caption\":\"dev@grandiz.com\"},\"sameAs\":[\"http:\\\/\\\/preprod.retaildetail.be\"],\"url\":\"https:\\\/\\\/www.retaildetail.be\\\/fr\\\/author\\\/devgrandiz-com\\\/\"}]}<\/script>\n<!-- \/ Yoast SEO plugin. -->","yoast_head_json":{"title":"Flanders Fashion Institute prim\u00e9 au Festival du film d\u2019entreprise - RetailDetail BE","robots":{"index":"index","follow":"follow","max-snippet":"max-snippet:-1","max-image-preview":"max-image-preview:large","max-video-preview":"max-video-preview:-1"},"canonical":"https:\/\/www.retaildetail.be\/fr\/news\/mode\/flanders-fashion-institute-prime-au-festival-du-film-dentreprise\/","og_locale":"fr_FR","og_type":"article","og_title":"Flanders Fashion Institute prim\u00e9 au Festival du film d\u2019entreprise - RetailDetail BE","og_description":"London Fashion Week Le jury du Festival du film d\u2019entreprise, qui couronne chaque ann\u00e9e les meilleurs films du monde de l\u2019entreprise belge, a d\u00e9cern\u00e9 mercredi dernier le prix dans la cat\u00e9gorie \u2018events\u2019 au court-m\u00e9trage de Flanders Fashion Institute. Le film a \u00e9t\u00e9 r\u00e9alis\u00e9 \u00e0 l\u2019occasion du London Fashion Week, o\u00f9 le FFI organisait pour la [&hellip;]","og_url":"https:\/\/www.retaildetail.be\/fr\/news\/mode\/flanders-fashion-institute-prime-au-festival-du-film-dentreprise\/","og_site_name":"RetailDetail BE","article_published_time":"2012-06-04T12:54:57+00:00","og_image":[{"width":281,"height":147,"url":"https:\/\/i0.wp.com\/www.retaildetail.be\/wp-content\/uploads\/2022\/04\/logo.png?fit=281%2C147&quality=100&strip=all&ssl=1","type":"image\/png"}],"author":"dev@grandiz.com","twitter_card":"summary_large_image","twitter_misc":{"\u00c9crit par":"dev@grandiz.com","Dur\u00e9e de lecture estim\u00e9e":"2 minutes"},"schema":{"@context":"https:\/\/schema.org","@graph":[{"@type":"NewsArticle","@id":"https:\/\/www.retaildetail.be\/fr\/news\/mode\/flanders-fashion-institute-prime-au-festival-du-film-dentreprise\/#article","isPartOf":{"@id":"https:\/\/www.retaildetail.be\/fr\/news\/mode\/flanders-fashion-institute-prime-au-festival-du-film-dentreprise\/"},"author":{"name":"dev@grandiz.com","@id":"https:\/\/www.retaildetail.be\/nl\/#\/schema\/person\/ba2d383452a753a3a1ce8cdb349b5fc9"},"headline":"Flanders Fashion Institute prim\u00e9 au Festival du film d\u2019entreprise","datePublished":"2012-06-04T12:54:57+00:00","mainEntityOfPage":{"@id":"https:\/\/www.retaildetail.be\/fr\/news\/mode\/flanders-fashion-institute-prime-au-festival-du-film-dentreprise\/"},"wordCount":311,"publisher":{"@id":"https:\/\/www.retaildetail.be\/nl\/#organization"},"image":{"@id":"https:\/\/www.retaildetail.be\/fr\/news\/mode\/flanders-fashion-institute-prime-au-festival-du-film-dentreprise\/#primaryimage"},"thumbnailUrl":"https:\/\/www.retaildetail.be\/wp-content\/uploads\/2022\/04\/logo.png","articleSection":["Mode"],"inLanguage":"fr-FR","copyrightYear":"2012","copyrightHolder":{"@id":"https:\/\/www.retaildetail.be\/#organization"}},{"@type":"WebPage","@id":"https:\/\/www.retaildetail.be\/fr\/news\/mode\/flanders-fashion-institute-prime-au-festival-du-film-dentreprise\/","url":"https:\/\/www.retaildetail.be\/fr\/news\/mode\/flanders-fashion-institute-prime-au-festival-du-film-dentreprise\/","name":"Flanders Fashion Institute prim\u00e9 au Festival du film d\u2019entreprise - RetailDetail BE","isPartOf":{"@id":"https:\/\/www.retaildetail.be\/nl\/#website"},"primaryImageOfPage":{"@id":"https:\/\/www.retaildetail.be\/fr\/news\/mode\/flanders-fashion-institute-prime-au-festival-du-film-dentreprise\/#primaryimage"},"image":{"@id":"https:\/\/www.retaildetail.be\/fr\/news\/mode\/flanders-fashion-institute-prime-au-festival-du-film-dentreprise\/#primaryimage"},"thumbnailUrl":"https:\/\/www.retaildetail.be\/wp-content\/uploads\/2022\/04\/logo.png","datePublished":"2012-06-04T12:54:57+00:00","breadcrumb":{"@id":"https:\/\/www.retaildetail.be\/fr\/news\/mode\/flanders-fashion-institute-prime-au-festival-du-film-dentreprise\/#breadcrumb"},"inLanguage":"fr-FR","potentialAction":[{"@type":"ReadAction","target":["https:\/\/www.retaildetail.be\/fr\/news\/mode\/flanders-fashion-institute-prime-au-festival-du-film-dentreprise\/"]}]},{"@type":"ImageObject","inLanguage":"fr-FR","@id":"https:\/\/www.retaildetail.be\/fr\/news\/mode\/flanders-fashion-institute-prime-au-festival-du-film-dentreprise\/#primaryimage","url":"https:\/\/www.retaildetail.be\/wp-content\/uploads\/2022\/04\/logo.png","contentUrl":"https:\/\/www.retaildetail.be\/wp-content\/uploads\/2022\/04\/logo.png","width":281,"height":147},{"@type":"BreadcrumbList","@id":"https:\/\/www.retaildetail.be\/fr\/news\/mode\/flanders-fashion-institute-prime-au-festival-du-film-dentreprise\/#breadcrumb","itemListElement":[{"@type":"ListItem","position":1,"name":"Home","item":"https:\/\/www.retaildetail.be\/fr\/"},{"@type":"ListItem","position":2,"name":"Flanders Fashion Institute prim\u00e9 au Festival du film d\u2019entreprise"}]},{"@type":"WebSite","@id":"https:\/\/www.retaildetail.be\/nl\/#website","url":"https:\/\/www.retaildetail.be\/nl\/","name":"RetailDetail BE","description":"News","publisher":{"@id":"https:\/\/www.retaildetail.be\/nl\/#organization"},"potentialAction":[{"@type":"SearchAction","target":{"@type":"EntryPoint","urlTemplate":"https:\/\/www.retaildetail.be\/nl\/?s={search_term_string}"},"query-input":{"@type":"PropertyValueSpecification","valueRequired":true,"valueName":"search_term_string"}}],"inLanguage":"fr-FR"},{"@type":"Organization","@id":"https:\/\/www.retaildetail.be\/nl\/#organization","name":"RetailDetail BE","url":"https:\/\/www.retaildetail.be\/nl\/","logo":{"@type":"ImageObject","inLanguage":"fr-FR","@id":"https:\/\/www.retaildetail.be\/nl\/#\/schema\/logo\/image\/","url":"https:\/\/www.retaildetail.be\/wp-content\/uploads\/2022\/04\/logo.svg","contentUrl":"https:\/\/www.retaildetail.be\/wp-content\/uploads\/2022\/04\/logo.svg","width":131,"height":70,"caption":"RetailDetail BE"},"image":{"@id":"https:\/\/www.retaildetail.be\/nl\/#\/schema\/logo\/image\/"}},{"@type":"Person","@id":"https:\/\/www.retaildetail.be\/nl\/#\/schema\/person\/ba2d383452a753a3a1ce8cdb349b5fc9","name":"dev@grandiz.com","image":{"@type":"ImageObject","inLanguage":"fr-FR","@id":"https:\/\/secure.gravatar.com\/avatar\/5f53ce9fb6eed4a60e5aaaa712be8773880fa9459d9cac9bc4aa4fdbce3f447f?s=96&d=mm&r=g","url":"https:\/\/secure.gravatar.com\/avatar\/5f53ce9fb6eed4a60e5aaaa712be8773880fa9459d9cac9bc4aa4fdbce3f447f?s=96&d=mm&r=g","contentUrl":"https:\/\/secure.gravatar.com\/avatar\/5f53ce9fb6eed4a60e5aaaa712be8773880fa9459d9cac9bc4aa4fdbce3f447f?s=96&d=mm&r=g","caption":"dev@grandiz.com"},"sameAs":["http:\/\/preprod.retaildetail.be"],"url":"https:\/\/www.retaildetail.be\/fr\/author\/devgrandiz-com\/"}]}},"jetpack_featured_media_url":"https:\/\/www.retaildetail.be\/wp-content\/uploads\/2022\/04\/logo.png","jetpack_sharing_enabled":true,"_links":{"self":[{"href":"https:\/\/www.retaildetail.be\/fr\/wp-json\/wp\/v2\/posts\/1722","targetHints":{"allow":["GET"]}}],"collection":[{"href":"https:\/\/www.retaildetail.be\/fr\/wp-json\/wp\/v2\/posts"}],"about":[{"href":"https:\/\/www.retaildetail.be\/fr\/wp-json\/wp\/v2\/types\/post"}],"author":[{"embeddable":true,"href":"https:\/\/www.retaildetail.be\/fr\/wp-json\/wp\/v2\/users\/1"}],"replies":[{"embeddable":true,"href":"https:\/\/www.retaildetail.be\/fr\/wp-json\/wp\/v2\/comments?post=1722"}],"version-history":[{"count":0,"href":"https:\/\/www.retaildetail.be\/fr\/wp-json\/wp\/v2\/posts\/1722\/revisions"}],"wp:featuredmedia":[{"embeddable":true,"href":"https:\/\/www.retaildetail.be\/fr\/wp-json\/wp\/v2\/media\/84"}],"wp:attachment":[{"href":"https:\/\/www.retaildetail.be\/fr\/wp-json\/wp\/v2\/media?parent=1722"}],"wp:term":[{"taxonomy":"category","embeddable":true,"href":"https:\/\/www.retaildetail.be\/fr\/wp-json\/wp\/v2\/categories?post=1722"},{"taxonomy":"post_tag","embeddable":true,"href":"https:\/\/www.retaildetail.be\/fr\/wp-json\/wp\/v2\/tags?post=1722"},{"taxonomy":"people","embeddable":true,"href":"https:\/\/www.retaildetail.be\/fr\/wp-json\/wp\/v2\/people?post=1722"},{"taxonomy":"extra","embeddable":true,"href":"https:\/\/www.retaildetail.be\/fr\/wp-json\/wp\/v2\/extra?post=1722"},{"taxonomy":"company","embeddable":true,"href":"https:\/\/www.retaildetail.be\/fr\/wp-json\/wp\/v2\/company?post=1722"},{"taxonomy":"topic","embeddable":true,"href":"https:\/\/www.retaildetail.be\/fr\/wp-json\/wp\/v2\/topic?post=1722"},{"taxonomy":"region","embeddable":true,"href":"https:\/\/www.retaildetail.be\/fr\/wp-json\/wp\/v2\/region?post=1722"}],"curies":[{"name":"wp","href":"https:\/\/api.w.org\/{rel}","templated":true}]}}