{"id":1727,"date":"2012-06-05T13:28:46","date_gmt":"2012-06-05T13:28:46","guid":{"rendered":"https:\/\/www.retaildetail.be\/mode\/suspension-de-la-greve-chez-hm-en-region-liegeoise\/"},"modified":"2012-06-05T13:28:46","modified_gmt":"2012-06-05T13:28:46","slug":"suspension-de-la-greve-chez-hm-en-region-liegeoise","status":"publish","type":"post","link":"https:\/\/www.retaildetail.be\/fr\/news\/mode\/suspension-de-la-greve-chez-hm-en-region-liegeoise\/","title":{"rendered":"Suspension de la gr\u00e8ve chez H&amp;M en r\u00e9gion li\u00e9geoise"},"content":{"rendered":"<h2>Un licenciement controvers\u00e9<\/h2>\n<p>Le conflit a \u00e9clat\u00e9 lors du licenciement de la g\u00e9rante du magasin H&amp;M dans la galerie commer\u00e7ante li\u00e9geoise de Belle-Ile, apr\u00e8s 18 ans de service, pour cause de fautes graves.\u00a0 <a target=\"_blank\" href=\"http:\/\/www.rtbf.be\/info\/regions\/detail_plusieurs-magasins-h-m-sont-en-greve-ce-lundi-en-region-liegeoise?id=7780911\" rel=\"noopener\">Un licenciement jug\u00e9 abusif par le personnel,<\/a> estimant que la direction n\u2019avait pas suffisamment enqu\u00eat\u00e9 pour \u00e9tablir la r\u00e9alit\u00e9 des faits. Suite \u00e0 cet incident le personnel s\u2019est mis en gr\u00e8ve spontan\u00e9ment. Les syndicats ont fait savoir qu\u2019il n\u2019\u00e9tait pas question de reprendre le travail avant que la direction n\u2019entame le dialogue quant \u00e0 la r\u00e9int\u00e9gration de la g\u00e9rante.<\/p>\n<p>La r\u00e9int\u00e9gration n&rsquo;a pas eu lieu, mais<a target=\"_blank\" href=\"http:\/\/www.rtbf.be\/info\/regions\/detail_liege-fin-de-la-greve-dans-les-magasins-h-m?id=7781264\" rel=\"noopener\"> la g\u00e9rante a \u00e9t\u00e9 blanchie<\/a>. Elle touchera ses 18 mois de pr\u00e9avis l\u00e9gaux, ainsi que 6 mois d\u2019indemnisation pour d\u00e9g\u00e2t moral. Un compromis, semble-t-il, approuv\u00e9 par le personnel car\u00a0 aujourd\u2019hui tous les magasins ont \u00e0 nouveau ouvert leurs portes normalement.<\/p>\n<h2>\n<br \/>\u00ab Une mauvaise ambiance de travail \u00bb<\/h2>\n<p>Le fait que quatre autres magasins H&amp;M de la ville, ainsi qu\u2019un magasin \u00e0 Eupen et un \u00e0 Verviers aient ainsi manifest\u00e9 leur solidarit\u00e9, s\u2019explique, selon Pascale Vleugels, porte-parole de la FGTB, par la mauvaise ambiance de travail qui r\u00e8gne au sein de la cha\u00eene : \u00ab Les gens en ont assez. Ils sont touch\u00e9s par cet incident, car ils ont l\u2019impression que demain la m\u00eame chose pourrait leur arriver. \u00bb<\/p>\n<p>\u00a0<\/p>\n<p>\u00a0<\/p>\n<p><em>Traduction : Marie-No\u00eblle Masure<\/em><\/p>\n","protected":false},"excerpt":{"rendered":"<p>Un licenciement controvers\u00e9 Le conflit a \u00e9clat\u00e9 lors du licenciement de la g\u00e9rante du magasin H&amp;M dans la galerie commer\u00e7ante li\u00e9geoise de Belle-Ile, apr\u00e8s 18 ans de service, pour cause de fautes graves.\u00a0 Un licenciement jug\u00e9 abusif par le personnel, estimant que la direction n\u2019avait pas suffisamment enqu\u00eat\u00e9 pour \u00e9tablir la r\u00e9alit\u00e9 des faits. Suite [&hellip;]<\/p>\n","protected":false},"author":1,"featured_media":84,"comment_status":"closed","ping_status":"closed","sticky":false,"template":"","format":"standard","meta":{"_acf_changed":false,"inline_featured_image":false,"_jetpack_memberships_contains_paid_content":false,"footnotes":""},"categories":[22],"tags":[],"people":[],"extra":[],"company":[],"topic":[],"region":[],"class_list":["post-1727","post","type-post","status-publish","format-standard","has-post-thumbnail","hentry","category-mode"],"acf":[],"yoast_head":"<!-- This site is optimized with the Yoast SEO plugin v27.3 - https:\/\/yoast.com\/product\/yoast-seo-wordpress\/ -->\n<title>Suspension de la gr\u00e8ve chez H&amp;M en r\u00e9gion li\u00e9geoise - RetailDetail BE<\/title>\n<meta name=\"robots\" content=\"index, follow, max-snippet:-1, max-image-preview:large, max-video-preview:-1\" \/>\n<link rel=\"canonical\" href=\"https:\/\/www.retaildetail.be\/fr\/news\/mode\/suspension-de-la-greve-chez-hm-en-region-liegeoise\/\" \/>\n<meta property=\"og:locale\" content=\"fr_FR\" \/>\n<meta property=\"og:type\" content=\"article\" \/>\n<meta property=\"og:title\" content=\"Suspension de la gr\u00e8ve chez H&amp;M en r\u00e9gion li\u00e9geoise - RetailDetail BE\" \/>\n<meta property=\"og:description\" content=\"Un licenciement controvers\u00e9 Le conflit a \u00e9clat\u00e9 lors du licenciement de la g\u00e9rante du magasin H&amp;M dans la galerie commer\u00e7ante li\u00e9geoise de Belle-Ile, apr\u00e8s 18 ans de service, pour cause de fautes graves.\u00a0 Un licenciement jug\u00e9 abusif par le personnel, estimant que la direction n\u2019avait pas suffisamment enqu\u00eat\u00e9 pour \u00e9tablir la r\u00e9alit\u00e9 des faits. Suite [&hellip;]\" \/>\n<meta property=\"og:url\" content=\"https:\/\/www.retaildetail.be\/fr\/news\/mode\/suspension-de-la-greve-chez-hm-en-region-liegeoise\/\" \/>\n<meta property=\"og:site_name\" content=\"RetailDetail BE\" \/>\n<meta property=\"article:published_time\" content=\"2012-06-05T13:28:46+00:00\" \/>\n<meta property=\"og:image\" content=\"https:\/\/i0.wp.com\/www.retaildetail.be\/wp-content\/uploads\/2022\/04\/logo.png?fit=281%2C147&quality=100&strip=all&ssl=1\" \/>\n\t<meta property=\"og:image:width\" content=\"281\" \/>\n\t<meta property=\"og:image:height\" content=\"147\" \/>\n\t<meta property=\"og:image:type\" content=\"image\/png\" \/>\n<meta name=\"author\" content=\"dev@grandiz.com\" \/>\n<meta name=\"twitter:card\" content=\"summary_large_image\" \/>\n<meta name=\"twitter:label1\" content=\"\u00c9crit par\" \/>\n\t<meta name=\"twitter:data1\" content=\"dev@grandiz.com\" \/>\n\t<meta name=\"twitter:label2\" content=\"Dur\u00e9e de lecture estim\u00e9e\" \/>\n\t<meta name=\"twitter:data2\" content=\"1 minute\" \/>\n<script type=\"application\/ld+json\" class=\"yoast-schema-graph\">{\"@context\":\"https:\\\/\\\/schema.org\",\"@graph\":[{\"@type\":\"NewsArticle\",\"@id\":\"https:\\\/\\\/www.retaildetail.be\\\/fr\\\/news\\\/mode\\\/suspension-de-la-greve-chez-hm-en-region-liegeoise\\\/#article\",\"isPartOf\":{\"@id\":\"https:\\\/\\\/www.retaildetail.be\\\/fr\\\/news\\\/mode\\\/suspension-de-la-greve-chez-hm-en-region-liegeoise\\\/\"},\"author\":{\"name\":\"dev@grandiz.com\",\"@id\":\"https:\\\/\\\/www.retaildetail.be\\\/nl\\\/#\\\/schema\\\/person\\\/ba2d383452a753a3a1ce8cdb349b5fc9\"},\"headline\":\"Suspension de la gr\u00e8ve chez H&amp;M en r\u00e9gion li\u00e9geoise\",\"datePublished\":\"2012-06-05T13:28:46+00:00\",\"mainEntityOfPage\":{\"@id\":\"https:\\\/\\\/www.retaildetail.be\\\/fr\\\/news\\\/mode\\\/suspension-de-la-greve-chez-hm-en-region-liegeoise\\\/\"},\"wordCount\":259,\"publisher\":{\"@id\":\"https:\\\/\\\/www.retaildetail.be\\\/nl\\\/#organization\"},\"image\":{\"@id\":\"https:\\\/\\\/www.retaildetail.be\\\/fr\\\/news\\\/mode\\\/suspension-de-la-greve-chez-hm-en-region-liegeoise\\\/#primaryimage\"},\"thumbnailUrl\":\"https:\\\/\\\/www.retaildetail.be\\\/wp-content\\\/uploads\\\/2022\\\/04\\\/logo.png\",\"articleSection\":[\"Mode\"],\"inLanguage\":\"fr-FR\",\"copyrightYear\":\"2012\",\"copyrightHolder\":{\"@id\":\"https:\\\/\\\/www.retaildetail.be\\\/#organization\"}},{\"@type\":\"WebPage\",\"@id\":\"https:\\\/\\\/www.retaildetail.be\\\/fr\\\/news\\\/mode\\\/suspension-de-la-greve-chez-hm-en-region-liegeoise\\\/\",\"url\":\"https:\\\/\\\/www.retaildetail.be\\\/fr\\\/news\\\/mode\\\/suspension-de-la-greve-chez-hm-en-region-liegeoise\\\/\",\"name\":\"Suspension de la gr\u00e8ve chez H&amp;M en r\u00e9gion li\u00e9geoise - RetailDetail BE\",\"isPartOf\":{\"@id\":\"https:\\\/\\\/www.retaildetail.be\\\/nl\\\/#website\"},\"primaryImageOfPage\":{\"@id\":\"https:\\\/\\\/www.retaildetail.be\\\/fr\\\/news\\\/mode\\\/suspension-de-la-greve-chez-hm-en-region-liegeoise\\\/#primaryimage\"},\"image\":{\"@id\":\"https:\\\/\\\/www.retaildetail.be\\\/fr\\\/news\\\/mode\\\/suspension-de-la-greve-chez-hm-en-region-liegeoise\\\/#primaryimage\"},\"thumbnailUrl\":\"https:\\\/\\\/www.retaildetail.be\\\/wp-content\\\/uploads\\\/2022\\\/04\\\/logo.png\",\"datePublished\":\"2012-06-05T13:28:46+00:00\",\"breadcrumb\":{\"@id\":\"https:\\\/\\\/www.retaildetail.be\\\/fr\\\/news\\\/mode\\\/suspension-de-la-greve-chez-hm-en-region-liegeoise\\\/#breadcrumb\"},\"inLanguage\":\"fr-FR\",\"potentialAction\":[{\"@type\":\"ReadAction\",\"target\":[\"https:\\\/\\\/www.retaildetail.be\\\/fr\\\/news\\\/mode\\\/suspension-de-la-greve-chez-hm-en-region-liegeoise\\\/\"]}]},{\"@type\":\"ImageObject\",\"inLanguage\":\"fr-FR\",\"@id\":\"https:\\\/\\\/www.retaildetail.be\\\/fr\\\/news\\\/mode\\\/suspension-de-la-greve-chez-hm-en-region-liegeoise\\\/#primaryimage\",\"url\":\"https:\\\/\\\/www.retaildetail.be\\\/wp-content\\\/uploads\\\/2022\\\/04\\\/logo.png\",\"contentUrl\":\"https:\\\/\\\/www.retaildetail.be\\\/wp-content\\\/uploads\\\/2022\\\/04\\\/logo.png\",\"width\":281,\"height\":147},{\"@type\":\"BreadcrumbList\",\"@id\":\"https:\\\/\\\/www.retaildetail.be\\\/fr\\\/news\\\/mode\\\/suspension-de-la-greve-chez-hm-en-region-liegeoise\\\/#breadcrumb\",\"itemListElement\":[{\"@type\":\"ListItem\",\"position\":1,\"name\":\"Home\",\"item\":\"https:\\\/\\\/www.retaildetail.be\\\/fr\\\/\"},{\"@type\":\"ListItem\",\"position\":2,\"name\":\"Suspension de la gr\u00e8ve chez H&amp;M en r\u00e9gion li\u00e9geoise\"}]},{\"@type\":\"WebSite\",\"@id\":\"https:\\\/\\\/www.retaildetail.be\\\/nl\\\/#website\",\"url\":\"https:\\\/\\\/www.retaildetail.be\\\/nl\\\/\",\"name\":\"RetailDetail BE\",\"description\":\"News\",\"publisher\":{\"@id\":\"https:\\\/\\\/www.retaildetail.be\\\/nl\\\/#organization\"},\"potentialAction\":[{\"@type\":\"SearchAction\",\"target\":{\"@type\":\"EntryPoint\",\"urlTemplate\":\"https:\\\/\\\/www.retaildetail.be\\\/nl\\\/?s={search_term_string}\"},\"query-input\":{\"@type\":\"PropertyValueSpecification\",\"valueRequired\":true,\"valueName\":\"search_term_string\"}}],\"inLanguage\":\"fr-FR\"},{\"@type\":\"Organization\",\"@id\":\"https:\\\/\\\/www.retaildetail.be\\\/nl\\\/#organization\",\"name\":\"RetailDetail BE\",\"url\":\"https:\\\/\\\/www.retaildetail.be\\\/nl\\\/\",\"logo\":{\"@type\":\"ImageObject\",\"inLanguage\":\"fr-FR\",\"@id\":\"https:\\\/\\\/www.retaildetail.be\\\/nl\\\/#\\\/schema\\\/logo\\\/image\\\/\",\"url\":\"https:\\\/\\\/www.retaildetail.be\\\/wp-content\\\/uploads\\\/2022\\\/04\\\/logo.svg\",\"contentUrl\":\"https:\\\/\\\/www.retaildetail.be\\\/wp-content\\\/uploads\\\/2022\\\/04\\\/logo.svg\",\"width\":131,\"height\":70,\"caption\":\"RetailDetail BE\"},\"image\":{\"@id\":\"https:\\\/\\\/www.retaildetail.be\\\/nl\\\/#\\\/schema\\\/logo\\\/image\\\/\"}},{\"@type\":\"Person\",\"@id\":\"https:\\\/\\\/www.retaildetail.be\\\/nl\\\/#\\\/schema\\\/person\\\/ba2d383452a753a3a1ce8cdb349b5fc9\",\"name\":\"dev@grandiz.com\",\"image\":{\"@type\":\"ImageObject\",\"inLanguage\":\"fr-FR\",\"@id\":\"https:\\\/\\\/secure.gravatar.com\\\/avatar\\\/5f53ce9fb6eed4a60e5aaaa712be8773880fa9459d9cac9bc4aa4fdbce3f447f?s=96&d=mm&r=g\",\"url\":\"https:\\\/\\\/secure.gravatar.com\\\/avatar\\\/5f53ce9fb6eed4a60e5aaaa712be8773880fa9459d9cac9bc4aa4fdbce3f447f?s=96&d=mm&r=g\",\"contentUrl\":\"https:\\\/\\\/secure.gravatar.com\\\/avatar\\\/5f53ce9fb6eed4a60e5aaaa712be8773880fa9459d9cac9bc4aa4fdbce3f447f?s=96&d=mm&r=g\",\"caption\":\"dev@grandiz.com\"},\"sameAs\":[\"http:\\\/\\\/preprod.retaildetail.be\"],\"url\":\"https:\\\/\\\/www.retaildetail.be\\\/fr\\\/author\\\/devgrandiz-com\\\/\"}]}<\/script>\n<!-- \/ Yoast SEO plugin. -->","yoast_head_json":{"title":"Suspension de la gr\u00e8ve chez H&amp;M en r\u00e9gion li\u00e9geoise - RetailDetail BE","robots":{"index":"index","follow":"follow","max-snippet":"max-snippet:-1","max-image-preview":"max-image-preview:large","max-video-preview":"max-video-preview:-1"},"canonical":"https:\/\/www.retaildetail.be\/fr\/news\/mode\/suspension-de-la-greve-chez-hm-en-region-liegeoise\/","og_locale":"fr_FR","og_type":"article","og_title":"Suspension de la gr\u00e8ve chez H&amp;M en r\u00e9gion li\u00e9geoise - RetailDetail BE","og_description":"Un licenciement controvers\u00e9 Le conflit a \u00e9clat\u00e9 lors du licenciement de la g\u00e9rante du magasin H&amp;M dans la galerie commer\u00e7ante li\u00e9geoise de Belle-Ile, apr\u00e8s 18 ans de service, pour cause de fautes graves.\u00a0 Un licenciement jug\u00e9 abusif par le personnel, estimant que la direction n\u2019avait pas suffisamment enqu\u00eat\u00e9 pour \u00e9tablir la r\u00e9alit\u00e9 des faits. Suite [&hellip;]","og_url":"https:\/\/www.retaildetail.be\/fr\/news\/mode\/suspension-de-la-greve-chez-hm-en-region-liegeoise\/","og_site_name":"RetailDetail BE","article_published_time":"2012-06-05T13:28:46+00:00","og_image":[{"width":281,"height":147,"url":"https:\/\/i0.wp.com\/www.retaildetail.be\/wp-content\/uploads\/2022\/04\/logo.png?fit=281%2C147&quality=100&strip=all&ssl=1","type":"image\/png"}],"author":"dev@grandiz.com","twitter_card":"summary_large_image","twitter_misc":{"\u00c9crit par":"dev@grandiz.com","Dur\u00e9e de lecture estim\u00e9e":"1 minute"},"schema":{"@context":"https:\/\/schema.org","@graph":[{"@type":"NewsArticle","@id":"https:\/\/www.retaildetail.be\/fr\/news\/mode\/suspension-de-la-greve-chez-hm-en-region-liegeoise\/#article","isPartOf":{"@id":"https:\/\/www.retaildetail.be\/fr\/news\/mode\/suspension-de-la-greve-chez-hm-en-region-liegeoise\/"},"author":{"name":"dev@grandiz.com","@id":"https:\/\/www.retaildetail.be\/nl\/#\/schema\/person\/ba2d383452a753a3a1ce8cdb349b5fc9"},"headline":"Suspension de la gr\u00e8ve chez H&amp;M en r\u00e9gion li\u00e9geoise","datePublished":"2012-06-05T13:28:46+00:00","mainEntityOfPage":{"@id":"https:\/\/www.retaildetail.be\/fr\/news\/mode\/suspension-de-la-greve-chez-hm-en-region-liegeoise\/"},"wordCount":259,"publisher":{"@id":"https:\/\/www.retaildetail.be\/nl\/#organization"},"image":{"@id":"https:\/\/www.retaildetail.be\/fr\/news\/mode\/suspension-de-la-greve-chez-hm-en-region-liegeoise\/#primaryimage"},"thumbnailUrl":"https:\/\/www.retaildetail.be\/wp-content\/uploads\/2022\/04\/logo.png","articleSection":["Mode"],"inLanguage":"fr-FR","copyrightYear":"2012","copyrightHolder":{"@id":"https:\/\/www.retaildetail.be\/#organization"}},{"@type":"WebPage","@id":"https:\/\/www.retaildetail.be\/fr\/news\/mode\/suspension-de-la-greve-chez-hm-en-region-liegeoise\/","url":"https:\/\/www.retaildetail.be\/fr\/news\/mode\/suspension-de-la-greve-chez-hm-en-region-liegeoise\/","name":"Suspension de la gr\u00e8ve chez H&amp;M en r\u00e9gion li\u00e9geoise - RetailDetail BE","isPartOf":{"@id":"https:\/\/www.retaildetail.be\/nl\/#website"},"primaryImageOfPage":{"@id":"https:\/\/www.retaildetail.be\/fr\/news\/mode\/suspension-de-la-greve-chez-hm-en-region-liegeoise\/#primaryimage"},"image":{"@id":"https:\/\/www.retaildetail.be\/fr\/news\/mode\/suspension-de-la-greve-chez-hm-en-region-liegeoise\/#primaryimage"},"thumbnailUrl":"https:\/\/www.retaildetail.be\/wp-content\/uploads\/2022\/04\/logo.png","datePublished":"2012-06-05T13:28:46+00:00","breadcrumb":{"@id":"https:\/\/www.retaildetail.be\/fr\/news\/mode\/suspension-de-la-greve-chez-hm-en-region-liegeoise\/#breadcrumb"},"inLanguage":"fr-FR","potentialAction":[{"@type":"ReadAction","target":["https:\/\/www.retaildetail.be\/fr\/news\/mode\/suspension-de-la-greve-chez-hm-en-region-liegeoise\/"]}]},{"@type":"ImageObject","inLanguage":"fr-FR","@id":"https:\/\/www.retaildetail.be\/fr\/news\/mode\/suspension-de-la-greve-chez-hm-en-region-liegeoise\/#primaryimage","url":"https:\/\/www.retaildetail.be\/wp-content\/uploads\/2022\/04\/logo.png","contentUrl":"https:\/\/www.retaildetail.be\/wp-content\/uploads\/2022\/04\/logo.png","width":281,"height":147},{"@type":"BreadcrumbList","@id":"https:\/\/www.retaildetail.be\/fr\/news\/mode\/suspension-de-la-greve-chez-hm-en-region-liegeoise\/#breadcrumb","itemListElement":[{"@type":"ListItem","position":1,"name":"Home","item":"https:\/\/www.retaildetail.be\/fr\/"},{"@type":"ListItem","position":2,"name":"Suspension de la gr\u00e8ve chez H&amp;M en r\u00e9gion li\u00e9geoise"}]},{"@type":"WebSite","@id":"https:\/\/www.retaildetail.be\/nl\/#website","url":"https:\/\/www.retaildetail.be\/nl\/","name":"RetailDetail BE","description":"News","publisher":{"@id":"https:\/\/www.retaildetail.be\/nl\/#organization"},"potentialAction":[{"@type":"SearchAction","target":{"@type":"EntryPoint","urlTemplate":"https:\/\/www.retaildetail.be\/nl\/?s={search_term_string}"},"query-input":{"@type":"PropertyValueSpecification","valueRequired":true,"valueName":"search_term_string"}}],"inLanguage":"fr-FR"},{"@type":"Organization","@id":"https:\/\/www.retaildetail.be\/nl\/#organization","name":"RetailDetail BE","url":"https:\/\/www.retaildetail.be\/nl\/","logo":{"@type":"ImageObject","inLanguage":"fr-FR","@id":"https:\/\/www.retaildetail.be\/nl\/#\/schema\/logo\/image\/","url":"https:\/\/www.retaildetail.be\/wp-content\/uploads\/2022\/04\/logo.svg","contentUrl":"https:\/\/www.retaildetail.be\/wp-content\/uploads\/2022\/04\/logo.svg","width":131,"height":70,"caption":"RetailDetail BE"},"image":{"@id":"https:\/\/www.retaildetail.be\/nl\/#\/schema\/logo\/image\/"}},{"@type":"Person","@id":"https:\/\/www.retaildetail.be\/nl\/#\/schema\/person\/ba2d383452a753a3a1ce8cdb349b5fc9","name":"dev@grandiz.com","image":{"@type":"ImageObject","inLanguage":"fr-FR","@id":"https:\/\/secure.gravatar.com\/avatar\/5f53ce9fb6eed4a60e5aaaa712be8773880fa9459d9cac9bc4aa4fdbce3f447f?s=96&d=mm&r=g","url":"https:\/\/secure.gravatar.com\/avatar\/5f53ce9fb6eed4a60e5aaaa712be8773880fa9459d9cac9bc4aa4fdbce3f447f?s=96&d=mm&r=g","contentUrl":"https:\/\/secure.gravatar.com\/avatar\/5f53ce9fb6eed4a60e5aaaa712be8773880fa9459d9cac9bc4aa4fdbce3f447f?s=96&d=mm&r=g","caption":"dev@grandiz.com"},"sameAs":["http:\/\/preprod.retaildetail.be"],"url":"https:\/\/www.retaildetail.be\/fr\/author\/devgrandiz-com\/"}]}},"jetpack_featured_media_url":"https:\/\/www.retaildetail.be\/wp-content\/uploads\/2022\/04\/logo.png","jetpack_sharing_enabled":true,"_links":{"self":[{"href":"https:\/\/www.retaildetail.be\/fr\/wp-json\/wp\/v2\/posts\/1727","targetHints":{"allow":["GET"]}}],"collection":[{"href":"https:\/\/www.retaildetail.be\/fr\/wp-json\/wp\/v2\/posts"}],"about":[{"href":"https:\/\/www.retaildetail.be\/fr\/wp-json\/wp\/v2\/types\/post"}],"author":[{"embeddable":true,"href":"https:\/\/www.retaildetail.be\/fr\/wp-json\/wp\/v2\/users\/1"}],"replies":[{"embeddable":true,"href":"https:\/\/www.retaildetail.be\/fr\/wp-json\/wp\/v2\/comments?post=1727"}],"version-history":[{"count":0,"href":"https:\/\/www.retaildetail.be\/fr\/wp-json\/wp\/v2\/posts\/1727\/revisions"}],"wp:featuredmedia":[{"embeddable":true,"href":"https:\/\/www.retaildetail.be\/fr\/wp-json\/wp\/v2\/media\/84"}],"wp:attachment":[{"href":"https:\/\/www.retaildetail.be\/fr\/wp-json\/wp\/v2\/media?parent=1727"}],"wp:term":[{"taxonomy":"category","embeddable":true,"href":"https:\/\/www.retaildetail.be\/fr\/wp-json\/wp\/v2\/categories?post=1727"},{"taxonomy":"post_tag","embeddable":true,"href":"https:\/\/www.retaildetail.be\/fr\/wp-json\/wp\/v2\/tags?post=1727"},{"taxonomy":"people","embeddable":true,"href":"https:\/\/www.retaildetail.be\/fr\/wp-json\/wp\/v2\/people?post=1727"},{"taxonomy":"extra","embeddable":true,"href":"https:\/\/www.retaildetail.be\/fr\/wp-json\/wp\/v2\/extra?post=1727"},{"taxonomy":"company","embeddable":true,"href":"https:\/\/www.retaildetail.be\/fr\/wp-json\/wp\/v2\/company?post=1727"},{"taxonomy":"topic","embeddable":true,"href":"https:\/\/www.retaildetail.be\/fr\/wp-json\/wp\/v2\/topic?post=1727"},{"taxonomy":"region","embeddable":true,"href":"https:\/\/www.retaildetail.be\/fr\/wp-json\/wp\/v2\/region?post=1727"}],"curies":[{"name":"wp","href":"https:\/\/api.w.org\/{rel}","templated":true}]}}