{"id":1735,"date":"2012-06-06T13:14:10","date_gmt":"2012-06-06T13:14:10","guid":{"rendered":"https:\/\/www.retaildetail.be\/mode\/debut-de-la-periode-dattente-avant-les-soldes-dete\/"},"modified":"2012-06-06T13:14:10","modified_gmt":"2012-06-06T13:14:10","slug":"debut-de-la-periode-dattente-avant-les-soldes-dete","status":"publish","type":"post","link":"https:\/\/www.retaildetail.be\/fr\/news\/mode\/debut-de-la-periode-dattente-avant-les-soldes-dete\/","title":{"rendered":"D\u00e9but de la p\u00e9riode d\u2019attente avant les soldes d\u2019\u00e9t\u00e9"},"content":{"rendered":"<h2>Des amendes allant de 1.500 \u00e0 60.000 euros<\/h2>\n<p>Cette interdiction d\u2019annoncer des diminutions de prix, est valable \u00e9galement pour les ventes en liquidation qui auraient lieu durant cette p\u00e9riode de pr\u00e9-soldes. Toutefois cette r\u00e8glementation ne s\u2019applique pas aux manifestations commerciales occasionnelles, d\u2019une dur\u00e9e maximale de quatre jours, organis\u00e9es seulement une fois par an, par ou avec la participation de groupements commerciaux locaux, c\u2019est-\u00e0-dire les braderies.<\/p>\n<p>D\u2019autre part le SPF Economie rappelle\u00a0 \u2018les r\u00e8glementations en mati\u00e8re de r\u00e9ductions de prix\u2019. Ainsi la loi stipule que le prix sold\u00e9 doit \u00eatre\u00a0 inf\u00e9rieur au prix de r\u00e9f\u00e9rence, \u00e0 savoir \u00ab le prix le plus bas pratiqu\u00e9 pour ce bien par le commer\u00e7ant pendant la p\u00e9riode pr\u00e9c\u00e9dant les soldes \u00bb. Cette p\u00e9riode dite \u2018de r\u00e9f\u00e9rence\u2019 s\u2019\u00e9tend du 30 mai au 29 juin inclus.<\/p>\n<p>Le SFP Economie effectuera des contr\u00f4les rigoureux. Toute enfreinte \u00e0 ces r\u00e8gles sera passible d\u2019une amende de minimum 1.500 euros \u00e0 maximum 60.000 euros.<\/p>\n<h2>\n<br \/>Contestation de la p\u00e9riode d\u2019attente, non pas des r\u00e8gles de r\u00e9ductions de prix<\/h2>\n<p>Cette annonce de contr\u00f4les officiels par le SFP Economie n\u2019a rien d\u2019\u00e9tonnant. Ces derni\u00e8res ann\u00e9es <a target=\"_blank\" href=\"fr\/f-belgique\/bgq-mode\/item\/13760-l%E2%80%99incertitude-juridique-concernant-les-pr%C3%A9-soldes-persiste\" rel=\"noopener\">la p\u00e9riode d\u2019attente a \u00e9t\u00e9 fortement controvers\u00e9e<\/a>, voire m\u00eame compl\u00e8tement ignor\u00e9e par certains.<\/p>\n<p>\u00ab Nous savons par exp\u00e9rience que comme d\u2019habitude la p\u00e9riode d\u2019attente ne sera pas respect\u00e9e par un certain nombre de contrevenants notoires \u00bb, d\u00e9plore le SNI (Syndicat neutre pour ind\u00e9pendants).\u00a0 \u00ab Actuellement nous attendons encore toujours une r\u00e9action de la Cour de Cassation concernant la r\u00e9ponse \u00e0 la question pr\u00e9judicielle quant \u00e0 la l\u00e9galit\u00e9 ou non de la p\u00e9riode d\u2019attente avant les soldes \u00bb.<\/p>\n<p>\u00ab Que la p\u00e9riode d\u2019attente soit maintenue ou non, les r\u00e8glementations en mati\u00e8re de r\u00e9ductions de prix ne sont pas remises en question, ni par la l\u00e9gislation belge, ni par les instances europ\u00e9ennes \u00bb, ajoute le SNI. \u00ab La majorit\u00e9 des ind\u00e9pendants respectent ces r\u00e8gles. Les contrevenants habituels par contre s\u2019en moquent \u00e9perdument. C\u2019est pourquoi nous demandons \u00e0 Johan Vande Lanotte \u2013 qui en tant que ministre accorde une grande attention\u00a0 \u00e0 ce que les prix soient appliqu\u00e9s de mani\u00e8re correcte \u2013 de d\u00e9signer des inspecteurs qui durant le mois de juin et durant les soldes d\u2019\u00e9t\u00e9 contr\u00f4leront si ces contrevenants notoires\u00a0 respectent le m\u00e9canisme des diminutions de prix. En cas d\u2019effraction, ceux-ci devront \u00eatre sanctionn\u00e9s, car ils ne peuvent dans ce cas-ci se cacher derri\u00e8re une instance belge ou europ\u00e9enne \u00bb.<\/p>\n<h2>\n<br \/>D\u00e9but des soldes : un jour plus t\u00f4t<\/h2>\n<p>Cette ann\u00e9e les soldes d\u00e9marreront le samedi 30 juin, un jour plus t\u00f4t qu\u2019\u00e0 l\u2019accoutum\u00e9e. La loi stipule que si le 1er juillet \u2013 date habituelle du d\u00e9but des soldes d\u2019\u00e9t\u00e9 \u2013 tombe un dimanche, les soldes d\u00e9buteront un jour plus t\u00f4t.<\/p>\n<p>\u00a0<\/p>\n<p>\u00a0<\/p>\n<p><em>Traduction : Marie-No\u00eblle Masure<\/em><\/p>\n","protected":false},"excerpt":{"rendered":"<p>Des amendes allant de 1.500 \u00e0 60.000 euros Cette interdiction d\u2019annoncer des diminutions de prix, est valable \u00e9galement pour les ventes en liquidation qui auraient lieu durant cette p\u00e9riode de pr\u00e9-soldes. Toutefois cette r\u00e8glementation ne s\u2019applique pas aux manifestations commerciales occasionnelles, d\u2019une dur\u00e9e maximale de quatre jours, organis\u00e9es seulement une fois par an, par ou [&hellip;]<\/p>\n","protected":false},"author":1,"featured_media":84,"comment_status":"closed","ping_status":"closed","sticky":false,"template":"","format":"standard","meta":{"_acf_changed":false,"inline_featured_image":false,"_jetpack_memberships_contains_paid_content":false,"footnotes":""},"categories":[22],"tags":[],"people":[],"extra":[],"company":[],"topic":[],"region":[],"class_list":["post-1735","post","type-post","status-publish","format-standard","has-post-thumbnail","hentry","category-mode"],"acf":[],"yoast_head":"<!-- This site is optimized with the Yoast SEO plugin v27.3 - https:\/\/yoast.com\/product\/yoast-seo-wordpress\/ -->\n<title>D\u00e9but de la p\u00e9riode d\u2019attente avant les soldes d\u2019\u00e9t\u00e9 - RetailDetail BE<\/title>\n<meta name=\"robots\" content=\"index, follow, max-snippet:-1, max-image-preview:large, max-video-preview:-1\" \/>\n<link rel=\"canonical\" href=\"https:\/\/www.retaildetail.be\/fr\/news\/mode\/debut-de-la-periode-dattente-avant-les-soldes-dete\/\" \/>\n<meta property=\"og:locale\" content=\"fr_FR\" \/>\n<meta property=\"og:type\" content=\"article\" \/>\n<meta property=\"og:title\" content=\"D\u00e9but de la p\u00e9riode d\u2019attente avant les soldes d\u2019\u00e9t\u00e9 - RetailDetail BE\" \/>\n<meta property=\"og:description\" content=\"Des amendes allant de 1.500 \u00e0 60.000 euros Cette interdiction d\u2019annoncer des diminutions de prix, est valable \u00e9galement pour les ventes en liquidation qui auraient lieu durant cette p\u00e9riode de pr\u00e9-soldes. Toutefois cette r\u00e8glementation ne s\u2019applique pas aux manifestations commerciales occasionnelles, d\u2019une dur\u00e9e maximale de quatre jours, organis\u00e9es seulement une fois par an, par ou [&hellip;]\" \/>\n<meta property=\"og:url\" content=\"https:\/\/www.retaildetail.be\/fr\/news\/mode\/debut-de-la-periode-dattente-avant-les-soldes-dete\/\" \/>\n<meta property=\"og:site_name\" content=\"RetailDetail BE\" \/>\n<meta property=\"article:published_time\" content=\"2012-06-06T13:14:10+00:00\" \/>\n<meta property=\"og:image\" content=\"https:\/\/i0.wp.com\/www.retaildetail.be\/wp-content\/uploads\/2022\/04\/logo.png?fit=281%2C147&quality=100&strip=all&ssl=1\" \/>\n\t<meta property=\"og:image:width\" content=\"281\" \/>\n\t<meta property=\"og:image:height\" content=\"147\" \/>\n\t<meta property=\"og:image:type\" content=\"image\/png\" \/>\n<meta name=\"author\" content=\"dev@grandiz.com\" \/>\n<meta name=\"twitter:card\" content=\"summary_large_image\" \/>\n<meta name=\"twitter:label1\" content=\"\u00c9crit par\" \/>\n\t<meta name=\"twitter:data1\" content=\"dev@grandiz.com\" \/>\n\t<meta name=\"twitter:label2\" content=\"Dur\u00e9e de lecture estim\u00e9e\" \/>\n\t<meta name=\"twitter:data2\" content=\"3 minutes\" \/>\n<script type=\"application\/ld+json\" class=\"yoast-schema-graph\">{\"@context\":\"https:\\\/\\\/schema.org\",\"@graph\":[{\"@type\":\"NewsArticle\",\"@id\":\"https:\\\/\\\/www.retaildetail.be\\\/fr\\\/news\\\/mode\\\/debut-de-la-periode-dattente-avant-les-soldes-dete\\\/#article\",\"isPartOf\":{\"@id\":\"https:\\\/\\\/www.retaildetail.be\\\/fr\\\/news\\\/mode\\\/debut-de-la-periode-dattente-avant-les-soldes-dete\\\/\"},\"author\":{\"name\":\"dev@grandiz.com\",\"@id\":\"https:\\\/\\\/www.retaildetail.be\\\/nl\\\/#\\\/schema\\\/person\\\/ba2d383452a753a3a1ce8cdb349b5fc9\"},\"headline\":\"D\u00e9but de la p\u00e9riode d\u2019attente avant les soldes d\u2019\u00e9t\u00e9\",\"datePublished\":\"2012-06-06T13:14:10+00:00\",\"mainEntityOfPage\":{\"@id\":\"https:\\\/\\\/www.retaildetail.be\\\/fr\\\/news\\\/mode\\\/debut-de-la-periode-dattente-avant-les-soldes-dete\\\/\"},\"wordCount\":515,\"publisher\":{\"@id\":\"https:\\\/\\\/www.retaildetail.be\\\/nl\\\/#organization\"},\"image\":{\"@id\":\"https:\\\/\\\/www.retaildetail.be\\\/fr\\\/news\\\/mode\\\/debut-de-la-periode-dattente-avant-les-soldes-dete\\\/#primaryimage\"},\"thumbnailUrl\":\"https:\\\/\\\/www.retaildetail.be\\\/wp-content\\\/uploads\\\/2022\\\/04\\\/logo.png\",\"articleSection\":[\"Mode\"],\"inLanguage\":\"fr-FR\",\"copyrightYear\":\"2012\",\"copyrightHolder\":{\"@id\":\"https:\\\/\\\/www.retaildetail.be\\\/#organization\"}},{\"@type\":\"WebPage\",\"@id\":\"https:\\\/\\\/www.retaildetail.be\\\/fr\\\/news\\\/mode\\\/debut-de-la-periode-dattente-avant-les-soldes-dete\\\/\",\"url\":\"https:\\\/\\\/www.retaildetail.be\\\/fr\\\/news\\\/mode\\\/debut-de-la-periode-dattente-avant-les-soldes-dete\\\/\",\"name\":\"D\u00e9but de la p\u00e9riode d\u2019attente avant les soldes d\u2019\u00e9t\u00e9 - RetailDetail BE\",\"isPartOf\":{\"@id\":\"https:\\\/\\\/www.retaildetail.be\\\/nl\\\/#website\"},\"primaryImageOfPage\":{\"@id\":\"https:\\\/\\\/www.retaildetail.be\\\/fr\\\/news\\\/mode\\\/debut-de-la-periode-dattente-avant-les-soldes-dete\\\/#primaryimage\"},\"image\":{\"@id\":\"https:\\\/\\\/www.retaildetail.be\\\/fr\\\/news\\\/mode\\\/debut-de-la-periode-dattente-avant-les-soldes-dete\\\/#primaryimage\"},\"thumbnailUrl\":\"https:\\\/\\\/www.retaildetail.be\\\/wp-content\\\/uploads\\\/2022\\\/04\\\/logo.png\",\"datePublished\":\"2012-06-06T13:14:10+00:00\",\"breadcrumb\":{\"@id\":\"https:\\\/\\\/www.retaildetail.be\\\/fr\\\/news\\\/mode\\\/debut-de-la-periode-dattente-avant-les-soldes-dete\\\/#breadcrumb\"},\"inLanguage\":\"fr-FR\",\"potentialAction\":[{\"@type\":\"ReadAction\",\"target\":[\"https:\\\/\\\/www.retaildetail.be\\\/fr\\\/news\\\/mode\\\/debut-de-la-periode-dattente-avant-les-soldes-dete\\\/\"]}]},{\"@type\":\"ImageObject\",\"inLanguage\":\"fr-FR\",\"@id\":\"https:\\\/\\\/www.retaildetail.be\\\/fr\\\/news\\\/mode\\\/debut-de-la-periode-dattente-avant-les-soldes-dete\\\/#primaryimage\",\"url\":\"https:\\\/\\\/www.retaildetail.be\\\/wp-content\\\/uploads\\\/2022\\\/04\\\/logo.png\",\"contentUrl\":\"https:\\\/\\\/www.retaildetail.be\\\/wp-content\\\/uploads\\\/2022\\\/04\\\/logo.png\",\"width\":281,\"height\":147},{\"@type\":\"BreadcrumbList\",\"@id\":\"https:\\\/\\\/www.retaildetail.be\\\/fr\\\/news\\\/mode\\\/debut-de-la-periode-dattente-avant-les-soldes-dete\\\/#breadcrumb\",\"itemListElement\":[{\"@type\":\"ListItem\",\"position\":1,\"name\":\"Home\",\"item\":\"https:\\\/\\\/www.retaildetail.be\\\/fr\\\/\"},{\"@type\":\"ListItem\",\"position\":2,\"name\":\"D\u00e9but de la p\u00e9riode d\u2019attente avant les soldes d\u2019\u00e9t\u00e9\"}]},{\"@type\":\"WebSite\",\"@id\":\"https:\\\/\\\/www.retaildetail.be\\\/nl\\\/#website\",\"url\":\"https:\\\/\\\/www.retaildetail.be\\\/nl\\\/\",\"name\":\"RetailDetail BE\",\"description\":\"News\",\"publisher\":{\"@id\":\"https:\\\/\\\/www.retaildetail.be\\\/nl\\\/#organization\"},\"potentialAction\":[{\"@type\":\"SearchAction\",\"target\":{\"@type\":\"EntryPoint\",\"urlTemplate\":\"https:\\\/\\\/www.retaildetail.be\\\/nl\\\/?s={search_term_string}\"},\"query-input\":{\"@type\":\"PropertyValueSpecification\",\"valueRequired\":true,\"valueName\":\"search_term_string\"}}],\"inLanguage\":\"fr-FR\"},{\"@type\":\"Organization\",\"@id\":\"https:\\\/\\\/www.retaildetail.be\\\/nl\\\/#organization\",\"name\":\"RetailDetail BE\",\"url\":\"https:\\\/\\\/www.retaildetail.be\\\/nl\\\/\",\"logo\":{\"@type\":\"ImageObject\",\"inLanguage\":\"fr-FR\",\"@id\":\"https:\\\/\\\/www.retaildetail.be\\\/nl\\\/#\\\/schema\\\/logo\\\/image\\\/\",\"url\":\"https:\\\/\\\/www.retaildetail.be\\\/wp-content\\\/uploads\\\/2022\\\/04\\\/logo.svg\",\"contentUrl\":\"https:\\\/\\\/www.retaildetail.be\\\/wp-content\\\/uploads\\\/2022\\\/04\\\/logo.svg\",\"width\":131,\"height\":70,\"caption\":\"RetailDetail BE\"},\"image\":{\"@id\":\"https:\\\/\\\/www.retaildetail.be\\\/nl\\\/#\\\/schema\\\/logo\\\/image\\\/\"}},{\"@type\":\"Person\",\"@id\":\"https:\\\/\\\/www.retaildetail.be\\\/nl\\\/#\\\/schema\\\/person\\\/ba2d383452a753a3a1ce8cdb349b5fc9\",\"name\":\"dev@grandiz.com\",\"image\":{\"@type\":\"ImageObject\",\"inLanguage\":\"fr-FR\",\"@id\":\"https:\\\/\\\/secure.gravatar.com\\\/avatar\\\/5f53ce9fb6eed4a60e5aaaa712be8773880fa9459d9cac9bc4aa4fdbce3f447f?s=96&d=mm&r=g\",\"url\":\"https:\\\/\\\/secure.gravatar.com\\\/avatar\\\/5f53ce9fb6eed4a60e5aaaa712be8773880fa9459d9cac9bc4aa4fdbce3f447f?s=96&d=mm&r=g\",\"contentUrl\":\"https:\\\/\\\/secure.gravatar.com\\\/avatar\\\/5f53ce9fb6eed4a60e5aaaa712be8773880fa9459d9cac9bc4aa4fdbce3f447f?s=96&d=mm&r=g\",\"caption\":\"dev@grandiz.com\"},\"sameAs\":[\"http:\\\/\\\/preprod.retaildetail.be\"],\"url\":\"https:\\\/\\\/www.retaildetail.be\\\/fr\\\/author\\\/devgrandiz-com\\\/\"}]}<\/script>\n<!-- \/ Yoast SEO plugin. -->","yoast_head_json":{"title":"D\u00e9but de la p\u00e9riode d\u2019attente avant les soldes d\u2019\u00e9t\u00e9 - RetailDetail BE","robots":{"index":"index","follow":"follow","max-snippet":"max-snippet:-1","max-image-preview":"max-image-preview:large","max-video-preview":"max-video-preview:-1"},"canonical":"https:\/\/www.retaildetail.be\/fr\/news\/mode\/debut-de-la-periode-dattente-avant-les-soldes-dete\/","og_locale":"fr_FR","og_type":"article","og_title":"D\u00e9but de la p\u00e9riode d\u2019attente avant les soldes d\u2019\u00e9t\u00e9 - RetailDetail BE","og_description":"Des amendes allant de 1.500 \u00e0 60.000 euros Cette interdiction d\u2019annoncer des diminutions de prix, est valable \u00e9galement pour les ventes en liquidation qui auraient lieu durant cette p\u00e9riode de pr\u00e9-soldes. Toutefois cette r\u00e8glementation ne s\u2019applique pas aux manifestations commerciales occasionnelles, d\u2019une dur\u00e9e maximale de quatre jours, organis\u00e9es seulement une fois par an, par ou [&hellip;]","og_url":"https:\/\/www.retaildetail.be\/fr\/news\/mode\/debut-de-la-periode-dattente-avant-les-soldes-dete\/","og_site_name":"RetailDetail BE","article_published_time":"2012-06-06T13:14:10+00:00","og_image":[{"width":281,"height":147,"url":"https:\/\/i0.wp.com\/www.retaildetail.be\/wp-content\/uploads\/2022\/04\/logo.png?fit=281%2C147&quality=100&strip=all&ssl=1","type":"image\/png"}],"author":"dev@grandiz.com","twitter_card":"summary_large_image","twitter_misc":{"\u00c9crit par":"dev@grandiz.com","Dur\u00e9e de lecture estim\u00e9e":"3 minutes"},"schema":{"@context":"https:\/\/schema.org","@graph":[{"@type":"NewsArticle","@id":"https:\/\/www.retaildetail.be\/fr\/news\/mode\/debut-de-la-periode-dattente-avant-les-soldes-dete\/#article","isPartOf":{"@id":"https:\/\/www.retaildetail.be\/fr\/news\/mode\/debut-de-la-periode-dattente-avant-les-soldes-dete\/"},"author":{"name":"dev@grandiz.com","@id":"https:\/\/www.retaildetail.be\/nl\/#\/schema\/person\/ba2d383452a753a3a1ce8cdb349b5fc9"},"headline":"D\u00e9but de la p\u00e9riode d\u2019attente avant les soldes d\u2019\u00e9t\u00e9","datePublished":"2012-06-06T13:14:10+00:00","mainEntityOfPage":{"@id":"https:\/\/www.retaildetail.be\/fr\/news\/mode\/debut-de-la-periode-dattente-avant-les-soldes-dete\/"},"wordCount":515,"publisher":{"@id":"https:\/\/www.retaildetail.be\/nl\/#organization"},"image":{"@id":"https:\/\/www.retaildetail.be\/fr\/news\/mode\/debut-de-la-periode-dattente-avant-les-soldes-dete\/#primaryimage"},"thumbnailUrl":"https:\/\/www.retaildetail.be\/wp-content\/uploads\/2022\/04\/logo.png","articleSection":["Mode"],"inLanguage":"fr-FR","copyrightYear":"2012","copyrightHolder":{"@id":"https:\/\/www.retaildetail.be\/#organization"}},{"@type":"WebPage","@id":"https:\/\/www.retaildetail.be\/fr\/news\/mode\/debut-de-la-periode-dattente-avant-les-soldes-dete\/","url":"https:\/\/www.retaildetail.be\/fr\/news\/mode\/debut-de-la-periode-dattente-avant-les-soldes-dete\/","name":"D\u00e9but de la p\u00e9riode d\u2019attente avant les soldes d\u2019\u00e9t\u00e9 - RetailDetail BE","isPartOf":{"@id":"https:\/\/www.retaildetail.be\/nl\/#website"},"primaryImageOfPage":{"@id":"https:\/\/www.retaildetail.be\/fr\/news\/mode\/debut-de-la-periode-dattente-avant-les-soldes-dete\/#primaryimage"},"image":{"@id":"https:\/\/www.retaildetail.be\/fr\/news\/mode\/debut-de-la-periode-dattente-avant-les-soldes-dete\/#primaryimage"},"thumbnailUrl":"https:\/\/www.retaildetail.be\/wp-content\/uploads\/2022\/04\/logo.png","datePublished":"2012-06-06T13:14:10+00:00","breadcrumb":{"@id":"https:\/\/www.retaildetail.be\/fr\/news\/mode\/debut-de-la-periode-dattente-avant-les-soldes-dete\/#breadcrumb"},"inLanguage":"fr-FR","potentialAction":[{"@type":"ReadAction","target":["https:\/\/www.retaildetail.be\/fr\/news\/mode\/debut-de-la-periode-dattente-avant-les-soldes-dete\/"]}]},{"@type":"ImageObject","inLanguage":"fr-FR","@id":"https:\/\/www.retaildetail.be\/fr\/news\/mode\/debut-de-la-periode-dattente-avant-les-soldes-dete\/#primaryimage","url":"https:\/\/www.retaildetail.be\/wp-content\/uploads\/2022\/04\/logo.png","contentUrl":"https:\/\/www.retaildetail.be\/wp-content\/uploads\/2022\/04\/logo.png","width":281,"height":147},{"@type":"BreadcrumbList","@id":"https:\/\/www.retaildetail.be\/fr\/news\/mode\/debut-de-la-periode-dattente-avant-les-soldes-dete\/#breadcrumb","itemListElement":[{"@type":"ListItem","position":1,"name":"Home","item":"https:\/\/www.retaildetail.be\/fr\/"},{"@type":"ListItem","position":2,"name":"D\u00e9but de la p\u00e9riode d\u2019attente avant les soldes d\u2019\u00e9t\u00e9"}]},{"@type":"WebSite","@id":"https:\/\/www.retaildetail.be\/nl\/#website","url":"https:\/\/www.retaildetail.be\/nl\/","name":"RetailDetail BE","description":"News","publisher":{"@id":"https:\/\/www.retaildetail.be\/nl\/#organization"},"potentialAction":[{"@type":"SearchAction","target":{"@type":"EntryPoint","urlTemplate":"https:\/\/www.retaildetail.be\/nl\/?s={search_term_string}"},"query-input":{"@type":"PropertyValueSpecification","valueRequired":true,"valueName":"search_term_string"}}],"inLanguage":"fr-FR"},{"@type":"Organization","@id":"https:\/\/www.retaildetail.be\/nl\/#organization","name":"RetailDetail BE","url":"https:\/\/www.retaildetail.be\/nl\/","logo":{"@type":"ImageObject","inLanguage":"fr-FR","@id":"https:\/\/www.retaildetail.be\/nl\/#\/schema\/logo\/image\/","url":"https:\/\/www.retaildetail.be\/wp-content\/uploads\/2022\/04\/logo.svg","contentUrl":"https:\/\/www.retaildetail.be\/wp-content\/uploads\/2022\/04\/logo.svg","width":131,"height":70,"caption":"RetailDetail BE"},"image":{"@id":"https:\/\/www.retaildetail.be\/nl\/#\/schema\/logo\/image\/"}},{"@type":"Person","@id":"https:\/\/www.retaildetail.be\/nl\/#\/schema\/person\/ba2d383452a753a3a1ce8cdb349b5fc9","name":"dev@grandiz.com","image":{"@type":"ImageObject","inLanguage":"fr-FR","@id":"https:\/\/secure.gravatar.com\/avatar\/5f53ce9fb6eed4a60e5aaaa712be8773880fa9459d9cac9bc4aa4fdbce3f447f?s=96&d=mm&r=g","url":"https:\/\/secure.gravatar.com\/avatar\/5f53ce9fb6eed4a60e5aaaa712be8773880fa9459d9cac9bc4aa4fdbce3f447f?s=96&d=mm&r=g","contentUrl":"https:\/\/secure.gravatar.com\/avatar\/5f53ce9fb6eed4a60e5aaaa712be8773880fa9459d9cac9bc4aa4fdbce3f447f?s=96&d=mm&r=g","caption":"dev@grandiz.com"},"sameAs":["http:\/\/preprod.retaildetail.be"],"url":"https:\/\/www.retaildetail.be\/fr\/author\/devgrandiz-com\/"}]}},"jetpack_featured_media_url":"https:\/\/www.retaildetail.be\/wp-content\/uploads\/2022\/04\/logo.png","jetpack_sharing_enabled":true,"_links":{"self":[{"href":"https:\/\/www.retaildetail.be\/fr\/wp-json\/wp\/v2\/posts\/1735","targetHints":{"allow":["GET"]}}],"collection":[{"href":"https:\/\/www.retaildetail.be\/fr\/wp-json\/wp\/v2\/posts"}],"about":[{"href":"https:\/\/www.retaildetail.be\/fr\/wp-json\/wp\/v2\/types\/post"}],"author":[{"embeddable":true,"href":"https:\/\/www.retaildetail.be\/fr\/wp-json\/wp\/v2\/users\/1"}],"replies":[{"embeddable":true,"href":"https:\/\/www.retaildetail.be\/fr\/wp-json\/wp\/v2\/comments?post=1735"}],"version-history":[{"count":0,"href":"https:\/\/www.retaildetail.be\/fr\/wp-json\/wp\/v2\/posts\/1735\/revisions"}],"wp:featuredmedia":[{"embeddable":true,"href":"https:\/\/www.retaildetail.be\/fr\/wp-json\/wp\/v2\/media\/84"}],"wp:attachment":[{"href":"https:\/\/www.retaildetail.be\/fr\/wp-json\/wp\/v2\/media?parent=1735"}],"wp:term":[{"taxonomy":"category","embeddable":true,"href":"https:\/\/www.retaildetail.be\/fr\/wp-json\/wp\/v2\/categories?post=1735"},{"taxonomy":"post_tag","embeddable":true,"href":"https:\/\/www.retaildetail.be\/fr\/wp-json\/wp\/v2\/tags?post=1735"},{"taxonomy":"people","embeddable":true,"href":"https:\/\/www.retaildetail.be\/fr\/wp-json\/wp\/v2\/people?post=1735"},{"taxonomy":"extra","embeddable":true,"href":"https:\/\/www.retaildetail.be\/fr\/wp-json\/wp\/v2\/extra?post=1735"},{"taxonomy":"company","embeddable":true,"href":"https:\/\/www.retaildetail.be\/fr\/wp-json\/wp\/v2\/company?post=1735"},{"taxonomy":"topic","embeddable":true,"href":"https:\/\/www.retaildetail.be\/fr\/wp-json\/wp\/v2\/topic?post=1735"},{"taxonomy":"region","embeddable":true,"href":"https:\/\/www.retaildetail.be\/fr\/wp-json\/wp\/v2\/region?post=1735"}],"curies":[{"name":"wp","href":"https:\/\/api.w.org\/{rel}","templated":true}]}}