{"id":1759,"date":"2012-06-13T14:28:34","date_gmt":"2012-06-13T14:28:34","guid":{"rendered":"https:\/\/www.retaildetail.be\/mode\/vente-groupee-la-tendance-en-periode-dattente\/"},"modified":"2012-06-13T14:28:34","modified_gmt":"2012-06-13T14:28:34","slug":"vente-groupee-la-tendance-en-periode-dattente","status":"publish","type":"post","link":"https:\/\/www.retaildetail.be\/fr\/news\/mode\/vente-groupee-la-tendance-en-periode-dattente\/","title":{"rendered":"Vente group\u00e9e : l\u00e1 tendance en p\u00e9riode d\u2019attente"},"content":{"rendered":"<h2>\u00ab\u00a02 + 1 gratuit\u00a0\u00bb<\/h2>\n<p>Pour les magasins de v\u00eatements et de chaussures, la p\u00e9riode d\u2019attente, qui pr\u00e9c\u00e8de les soldes d\u2019\u00e9t\u00e9, a d\u00e9but\u00e9 la semaine derni\u00e8re. \u00ab Depuis lors, un grand nombre de magasins de mode proposent des offres sp\u00e9ciales group\u00e9es, du style &lsquo;2 +1 gratuit&rsquo;. C\u2019est tout \u00e0 fait l\u00e9gal, \u00e9galement en p\u00e9riode d\u2019attente, affirme le SNI, faisant r\u00e9f\u00e9rence au nombre spectaculaire de magasins \u2013 et pas uniquement les grandes cha\u00eenes \u2013 qui lancent ce type d\u2019offres.<\/p>\n<p>\u00a0<\/p>\n<p>\u00ab\u00a0Vu les ventes plut\u00f4t d\u00e9cevantes et la baisse du chiffre d\u2019affaires de 2 pourcent au cours de la saison printani\u00e8re, il n\u2019est pas \u00e9tonnant qu\u2019un grand nombre de magasins de v\u00eatements proposent des offres group\u00e9es dans l\u2019espoir d&rsquo; augmenter leurs ventes les prochaines semaines \u00bb, confie Christine Mattheeuws du SNI.<\/p>\n<h2>\n<br \/>En accord avec la loi<\/h2>\n<p>Ces derniers jours, l\u2019organisation des ind\u00e9pendants a \u00e9t\u00e9 bombard\u00e9e de questions concernant la l\u00e9galit\u00e9 des ventes group\u00e9es et de ce qui est permis ou non en p\u00e9riode d\u2019attente avant les soldes.\u00a0 Les offres sp\u00e9ciales group\u00e9es sont toujours admises, conform\u00e9ment \u00e0 la loi des pratiques commerciales et de la protection du consommateur, tant pendant la p\u00e9riode d\u2019attente qu\u2019en dehors.<\/p>\n<p>\u00a0<\/p>\n<p>Les avantages sur les prix lors d\u2019une offre group\u00e9e sont li\u00e9s \u00e0 une acquisition minimale, ce qui permet \u00e0 la vente group\u00e9e de ne pas \u00eatre consid\u00e9r\u00e9e comme une annonce de diminution de prix.\u00a0 Seule la vente group\u00e9e faisant partie d\u2019une pratique commerciale malhonn\u00eate n\u2019est pas autoris\u00e9e. Pas seulement en p\u00e9riode d\u2019attente, mais \u00e9galement en dehors de celle-ci, pr\u00e9vient le SNI.<\/p>\n<p>\u00a0<\/p>\n<p>\u00a0<\/p>\n<p>\u00a0<\/p>\n<p><em>&#8211; Traduit par Laure Jacobs<\/em><\/p>\n","protected":false},"excerpt":{"rendered":"<p>\u00ab\u00a02 + 1 gratuit\u00a0\u00bb Pour les magasins de v\u00eatements et de chaussures, la p\u00e9riode d\u2019attente, qui pr\u00e9c\u00e8de les soldes d\u2019\u00e9t\u00e9, a d\u00e9but\u00e9 la semaine derni\u00e8re. \u00ab Depuis lors, un grand nombre de magasins de mode proposent des offres sp\u00e9ciales group\u00e9es, du style &lsquo;2 +1 gratuit&rsquo;. C\u2019est tout \u00e0 fait l\u00e9gal, \u00e9galement en p\u00e9riode d\u2019attente, affirme [&hellip;]<\/p>\n","protected":false},"author":1,"featured_media":84,"comment_status":"closed","ping_status":"closed","sticky":false,"template":"","format":"standard","meta":{"_acf_changed":false,"inline_featured_image":false,"_jetpack_memberships_contains_paid_content":false,"footnotes":""},"categories":[22],"tags":[],"people":[],"extra":[],"company":[],"topic":[],"region":[],"class_list":["post-1759","post","type-post","status-publish","format-standard","has-post-thumbnail","hentry","category-mode"],"acf":[],"yoast_head":"<!-- This site is optimized with the Yoast SEO plugin v27.3 - https:\/\/yoast.com\/product\/yoast-seo-wordpress\/ -->\n<title>Vente group\u00e9e : l\u00e1 tendance en p\u00e9riode d\u2019attente - RetailDetail BE<\/title>\n<meta name=\"robots\" content=\"index, follow, max-snippet:-1, max-image-preview:large, max-video-preview:-1\" \/>\n<link rel=\"canonical\" href=\"https:\/\/www.retaildetail.be\/fr\/news\/mode\/vente-groupee-la-tendance-en-periode-dattente\/\" \/>\n<meta property=\"og:locale\" content=\"fr_FR\" \/>\n<meta property=\"og:type\" content=\"article\" \/>\n<meta property=\"og:title\" content=\"Vente group\u00e9e : l\u00e1 tendance en p\u00e9riode d\u2019attente - RetailDetail BE\" \/>\n<meta property=\"og:description\" content=\"\u00ab\u00a02 + 1 gratuit\u00a0\u00bb Pour les magasins de v\u00eatements et de chaussures, la p\u00e9riode d\u2019attente, qui pr\u00e9c\u00e8de les soldes d\u2019\u00e9t\u00e9, a d\u00e9but\u00e9 la semaine derni\u00e8re. \u00ab Depuis lors, un grand nombre de magasins de mode proposent des offres sp\u00e9ciales group\u00e9es, du style &lsquo;2 +1 gratuit&rsquo;. C\u2019est tout \u00e0 fait l\u00e9gal, \u00e9galement en p\u00e9riode d\u2019attente, affirme [&hellip;]\" \/>\n<meta property=\"og:url\" content=\"https:\/\/www.retaildetail.be\/fr\/news\/mode\/vente-groupee-la-tendance-en-periode-dattente\/\" \/>\n<meta property=\"og:site_name\" content=\"RetailDetail BE\" \/>\n<meta property=\"article:published_time\" content=\"2012-06-13T14:28:34+00:00\" \/>\n<meta property=\"og:image\" content=\"https:\/\/i0.wp.com\/www.retaildetail.be\/wp-content\/uploads\/2022\/04\/logo.png?fit=281%2C147&quality=100&strip=all&ssl=1\" \/>\n\t<meta property=\"og:image:width\" content=\"281\" \/>\n\t<meta property=\"og:image:height\" content=\"147\" \/>\n\t<meta property=\"og:image:type\" content=\"image\/png\" \/>\n<meta name=\"author\" content=\"dev@grandiz.com\" \/>\n<meta name=\"twitter:card\" content=\"summary_large_image\" \/>\n<meta name=\"twitter:label1\" content=\"\u00c9crit par\" \/>\n\t<meta name=\"twitter:data1\" content=\"dev@grandiz.com\" \/>\n\t<meta name=\"twitter:label2\" content=\"Dur\u00e9e de lecture estim\u00e9e\" \/>\n\t<meta name=\"twitter:data2\" content=\"1 minute\" \/>\n<script type=\"application\/ld+json\" class=\"yoast-schema-graph\">{\"@context\":\"https:\\\/\\\/schema.org\",\"@graph\":[{\"@type\":\"NewsArticle\",\"@id\":\"https:\\\/\\\/www.retaildetail.be\\\/fr\\\/news\\\/mode\\\/vente-groupee-la-tendance-en-periode-dattente\\\/#article\",\"isPartOf\":{\"@id\":\"https:\\\/\\\/www.retaildetail.be\\\/fr\\\/news\\\/mode\\\/vente-groupee-la-tendance-en-periode-dattente\\\/\"},\"author\":{\"name\":\"dev@grandiz.com\",\"@id\":\"https:\\\/\\\/www.retaildetail.be\\\/nl\\\/#\\\/schema\\\/person\\\/ba2d383452a753a3a1ce8cdb349b5fc9\"},\"headline\":\"Vente group\u00e9e : l\u00e1 tendance en p\u00e9riode d\u2019attente\",\"datePublished\":\"2012-06-13T14:28:34+00:00\",\"mainEntityOfPage\":{\"@id\":\"https:\\\/\\\/www.retaildetail.be\\\/fr\\\/news\\\/mode\\\/vente-groupee-la-tendance-en-periode-dattente\\\/\"},\"wordCount\":306,\"publisher\":{\"@id\":\"https:\\\/\\\/www.retaildetail.be\\\/nl\\\/#organization\"},\"image\":{\"@id\":\"https:\\\/\\\/www.retaildetail.be\\\/fr\\\/news\\\/mode\\\/vente-groupee-la-tendance-en-periode-dattente\\\/#primaryimage\"},\"thumbnailUrl\":\"https:\\\/\\\/www.retaildetail.be\\\/wp-content\\\/uploads\\\/2022\\\/04\\\/logo.png\",\"articleSection\":[\"Mode\"],\"inLanguage\":\"fr-FR\",\"copyrightYear\":\"2012\",\"copyrightHolder\":{\"@id\":\"https:\\\/\\\/www.retaildetail.be\\\/#organization\"}},{\"@type\":\"WebPage\",\"@id\":\"https:\\\/\\\/www.retaildetail.be\\\/fr\\\/news\\\/mode\\\/vente-groupee-la-tendance-en-periode-dattente\\\/\",\"url\":\"https:\\\/\\\/www.retaildetail.be\\\/fr\\\/news\\\/mode\\\/vente-groupee-la-tendance-en-periode-dattente\\\/\",\"name\":\"Vente group\u00e9e : l\u00e1 tendance en p\u00e9riode d\u2019attente - RetailDetail BE\",\"isPartOf\":{\"@id\":\"https:\\\/\\\/www.retaildetail.be\\\/nl\\\/#website\"},\"primaryImageOfPage\":{\"@id\":\"https:\\\/\\\/www.retaildetail.be\\\/fr\\\/news\\\/mode\\\/vente-groupee-la-tendance-en-periode-dattente\\\/#primaryimage\"},\"image\":{\"@id\":\"https:\\\/\\\/www.retaildetail.be\\\/fr\\\/news\\\/mode\\\/vente-groupee-la-tendance-en-periode-dattente\\\/#primaryimage\"},\"thumbnailUrl\":\"https:\\\/\\\/www.retaildetail.be\\\/wp-content\\\/uploads\\\/2022\\\/04\\\/logo.png\",\"datePublished\":\"2012-06-13T14:28:34+00:00\",\"breadcrumb\":{\"@id\":\"https:\\\/\\\/www.retaildetail.be\\\/fr\\\/news\\\/mode\\\/vente-groupee-la-tendance-en-periode-dattente\\\/#breadcrumb\"},\"inLanguage\":\"fr-FR\",\"potentialAction\":[{\"@type\":\"ReadAction\",\"target\":[\"https:\\\/\\\/www.retaildetail.be\\\/fr\\\/news\\\/mode\\\/vente-groupee-la-tendance-en-periode-dattente\\\/\"]}]},{\"@type\":\"ImageObject\",\"inLanguage\":\"fr-FR\",\"@id\":\"https:\\\/\\\/www.retaildetail.be\\\/fr\\\/news\\\/mode\\\/vente-groupee-la-tendance-en-periode-dattente\\\/#primaryimage\",\"url\":\"https:\\\/\\\/www.retaildetail.be\\\/wp-content\\\/uploads\\\/2022\\\/04\\\/logo.png\",\"contentUrl\":\"https:\\\/\\\/www.retaildetail.be\\\/wp-content\\\/uploads\\\/2022\\\/04\\\/logo.png\",\"width\":281,\"height\":147},{\"@type\":\"BreadcrumbList\",\"@id\":\"https:\\\/\\\/www.retaildetail.be\\\/fr\\\/news\\\/mode\\\/vente-groupee-la-tendance-en-periode-dattente\\\/#breadcrumb\",\"itemListElement\":[{\"@type\":\"ListItem\",\"position\":1,\"name\":\"Home\",\"item\":\"https:\\\/\\\/www.retaildetail.be\\\/fr\\\/\"},{\"@type\":\"ListItem\",\"position\":2,\"name\":\"Vente group\u00e9e : l\u00e1 tendance en p\u00e9riode d\u2019attente\"}]},{\"@type\":\"WebSite\",\"@id\":\"https:\\\/\\\/www.retaildetail.be\\\/nl\\\/#website\",\"url\":\"https:\\\/\\\/www.retaildetail.be\\\/nl\\\/\",\"name\":\"RetailDetail BE\",\"description\":\"News\",\"publisher\":{\"@id\":\"https:\\\/\\\/www.retaildetail.be\\\/nl\\\/#organization\"},\"potentialAction\":[{\"@type\":\"SearchAction\",\"target\":{\"@type\":\"EntryPoint\",\"urlTemplate\":\"https:\\\/\\\/www.retaildetail.be\\\/nl\\\/?s={search_term_string}\"},\"query-input\":{\"@type\":\"PropertyValueSpecification\",\"valueRequired\":true,\"valueName\":\"search_term_string\"}}],\"inLanguage\":\"fr-FR\"},{\"@type\":\"Organization\",\"@id\":\"https:\\\/\\\/www.retaildetail.be\\\/nl\\\/#organization\",\"name\":\"RetailDetail BE\",\"url\":\"https:\\\/\\\/www.retaildetail.be\\\/nl\\\/\",\"logo\":{\"@type\":\"ImageObject\",\"inLanguage\":\"fr-FR\",\"@id\":\"https:\\\/\\\/www.retaildetail.be\\\/nl\\\/#\\\/schema\\\/logo\\\/image\\\/\",\"url\":\"https:\\\/\\\/www.retaildetail.be\\\/wp-content\\\/uploads\\\/2022\\\/04\\\/logo.svg\",\"contentUrl\":\"https:\\\/\\\/www.retaildetail.be\\\/wp-content\\\/uploads\\\/2022\\\/04\\\/logo.svg\",\"width\":131,\"height\":70,\"caption\":\"RetailDetail BE\"},\"image\":{\"@id\":\"https:\\\/\\\/www.retaildetail.be\\\/nl\\\/#\\\/schema\\\/logo\\\/image\\\/\"}},{\"@type\":\"Person\",\"@id\":\"https:\\\/\\\/www.retaildetail.be\\\/nl\\\/#\\\/schema\\\/person\\\/ba2d383452a753a3a1ce8cdb349b5fc9\",\"name\":\"dev@grandiz.com\",\"image\":{\"@type\":\"ImageObject\",\"inLanguage\":\"fr-FR\",\"@id\":\"https:\\\/\\\/secure.gravatar.com\\\/avatar\\\/5f53ce9fb6eed4a60e5aaaa712be8773880fa9459d9cac9bc4aa4fdbce3f447f?s=96&d=mm&r=g\",\"url\":\"https:\\\/\\\/secure.gravatar.com\\\/avatar\\\/5f53ce9fb6eed4a60e5aaaa712be8773880fa9459d9cac9bc4aa4fdbce3f447f?s=96&d=mm&r=g\",\"contentUrl\":\"https:\\\/\\\/secure.gravatar.com\\\/avatar\\\/5f53ce9fb6eed4a60e5aaaa712be8773880fa9459d9cac9bc4aa4fdbce3f447f?s=96&d=mm&r=g\",\"caption\":\"dev@grandiz.com\"},\"sameAs\":[\"http:\\\/\\\/preprod.retaildetail.be\"],\"url\":\"https:\\\/\\\/www.retaildetail.be\\\/fr\\\/author\\\/devgrandiz-com\\\/\"}]}<\/script>\n<!-- \/ Yoast SEO plugin. -->","yoast_head_json":{"title":"Vente group\u00e9e : l\u00e1 tendance en p\u00e9riode d\u2019attente - RetailDetail BE","robots":{"index":"index","follow":"follow","max-snippet":"max-snippet:-1","max-image-preview":"max-image-preview:large","max-video-preview":"max-video-preview:-1"},"canonical":"https:\/\/www.retaildetail.be\/fr\/news\/mode\/vente-groupee-la-tendance-en-periode-dattente\/","og_locale":"fr_FR","og_type":"article","og_title":"Vente group\u00e9e : l\u00e1 tendance en p\u00e9riode d\u2019attente - RetailDetail BE","og_description":"\u00ab\u00a02 + 1 gratuit\u00a0\u00bb Pour les magasins de v\u00eatements et de chaussures, la p\u00e9riode d\u2019attente, qui pr\u00e9c\u00e8de les soldes d\u2019\u00e9t\u00e9, a d\u00e9but\u00e9 la semaine derni\u00e8re. \u00ab Depuis lors, un grand nombre de magasins de mode proposent des offres sp\u00e9ciales group\u00e9es, du style &lsquo;2 +1 gratuit&rsquo;. C\u2019est tout \u00e0 fait l\u00e9gal, \u00e9galement en p\u00e9riode d\u2019attente, affirme [&hellip;]","og_url":"https:\/\/www.retaildetail.be\/fr\/news\/mode\/vente-groupee-la-tendance-en-periode-dattente\/","og_site_name":"RetailDetail BE","article_published_time":"2012-06-13T14:28:34+00:00","og_image":[{"width":281,"height":147,"url":"https:\/\/i0.wp.com\/www.retaildetail.be\/wp-content\/uploads\/2022\/04\/logo.png?fit=281%2C147&quality=100&strip=all&ssl=1","type":"image\/png"}],"author":"dev@grandiz.com","twitter_card":"summary_large_image","twitter_misc":{"\u00c9crit par":"dev@grandiz.com","Dur\u00e9e de lecture estim\u00e9e":"1 minute"},"schema":{"@context":"https:\/\/schema.org","@graph":[{"@type":"NewsArticle","@id":"https:\/\/www.retaildetail.be\/fr\/news\/mode\/vente-groupee-la-tendance-en-periode-dattente\/#article","isPartOf":{"@id":"https:\/\/www.retaildetail.be\/fr\/news\/mode\/vente-groupee-la-tendance-en-periode-dattente\/"},"author":{"name":"dev@grandiz.com","@id":"https:\/\/www.retaildetail.be\/nl\/#\/schema\/person\/ba2d383452a753a3a1ce8cdb349b5fc9"},"headline":"Vente group\u00e9e : l\u00e1 tendance en p\u00e9riode d\u2019attente","datePublished":"2012-06-13T14:28:34+00:00","mainEntityOfPage":{"@id":"https:\/\/www.retaildetail.be\/fr\/news\/mode\/vente-groupee-la-tendance-en-periode-dattente\/"},"wordCount":306,"publisher":{"@id":"https:\/\/www.retaildetail.be\/nl\/#organization"},"image":{"@id":"https:\/\/www.retaildetail.be\/fr\/news\/mode\/vente-groupee-la-tendance-en-periode-dattente\/#primaryimage"},"thumbnailUrl":"https:\/\/www.retaildetail.be\/wp-content\/uploads\/2022\/04\/logo.png","articleSection":["Mode"],"inLanguage":"fr-FR","copyrightYear":"2012","copyrightHolder":{"@id":"https:\/\/www.retaildetail.be\/#organization"}},{"@type":"WebPage","@id":"https:\/\/www.retaildetail.be\/fr\/news\/mode\/vente-groupee-la-tendance-en-periode-dattente\/","url":"https:\/\/www.retaildetail.be\/fr\/news\/mode\/vente-groupee-la-tendance-en-periode-dattente\/","name":"Vente group\u00e9e : l\u00e1 tendance en p\u00e9riode d\u2019attente - RetailDetail BE","isPartOf":{"@id":"https:\/\/www.retaildetail.be\/nl\/#website"},"primaryImageOfPage":{"@id":"https:\/\/www.retaildetail.be\/fr\/news\/mode\/vente-groupee-la-tendance-en-periode-dattente\/#primaryimage"},"image":{"@id":"https:\/\/www.retaildetail.be\/fr\/news\/mode\/vente-groupee-la-tendance-en-periode-dattente\/#primaryimage"},"thumbnailUrl":"https:\/\/www.retaildetail.be\/wp-content\/uploads\/2022\/04\/logo.png","datePublished":"2012-06-13T14:28:34+00:00","breadcrumb":{"@id":"https:\/\/www.retaildetail.be\/fr\/news\/mode\/vente-groupee-la-tendance-en-periode-dattente\/#breadcrumb"},"inLanguage":"fr-FR","potentialAction":[{"@type":"ReadAction","target":["https:\/\/www.retaildetail.be\/fr\/news\/mode\/vente-groupee-la-tendance-en-periode-dattente\/"]}]},{"@type":"ImageObject","inLanguage":"fr-FR","@id":"https:\/\/www.retaildetail.be\/fr\/news\/mode\/vente-groupee-la-tendance-en-periode-dattente\/#primaryimage","url":"https:\/\/www.retaildetail.be\/wp-content\/uploads\/2022\/04\/logo.png","contentUrl":"https:\/\/www.retaildetail.be\/wp-content\/uploads\/2022\/04\/logo.png","width":281,"height":147},{"@type":"BreadcrumbList","@id":"https:\/\/www.retaildetail.be\/fr\/news\/mode\/vente-groupee-la-tendance-en-periode-dattente\/#breadcrumb","itemListElement":[{"@type":"ListItem","position":1,"name":"Home","item":"https:\/\/www.retaildetail.be\/fr\/"},{"@type":"ListItem","position":2,"name":"Vente group\u00e9e : l\u00e1 tendance en p\u00e9riode d\u2019attente"}]},{"@type":"WebSite","@id":"https:\/\/www.retaildetail.be\/nl\/#website","url":"https:\/\/www.retaildetail.be\/nl\/","name":"RetailDetail BE","description":"News","publisher":{"@id":"https:\/\/www.retaildetail.be\/nl\/#organization"},"potentialAction":[{"@type":"SearchAction","target":{"@type":"EntryPoint","urlTemplate":"https:\/\/www.retaildetail.be\/nl\/?s={search_term_string}"},"query-input":{"@type":"PropertyValueSpecification","valueRequired":true,"valueName":"search_term_string"}}],"inLanguage":"fr-FR"},{"@type":"Organization","@id":"https:\/\/www.retaildetail.be\/nl\/#organization","name":"RetailDetail BE","url":"https:\/\/www.retaildetail.be\/nl\/","logo":{"@type":"ImageObject","inLanguage":"fr-FR","@id":"https:\/\/www.retaildetail.be\/nl\/#\/schema\/logo\/image\/","url":"https:\/\/www.retaildetail.be\/wp-content\/uploads\/2022\/04\/logo.svg","contentUrl":"https:\/\/www.retaildetail.be\/wp-content\/uploads\/2022\/04\/logo.svg","width":131,"height":70,"caption":"RetailDetail BE"},"image":{"@id":"https:\/\/www.retaildetail.be\/nl\/#\/schema\/logo\/image\/"}},{"@type":"Person","@id":"https:\/\/www.retaildetail.be\/nl\/#\/schema\/person\/ba2d383452a753a3a1ce8cdb349b5fc9","name":"dev@grandiz.com","image":{"@type":"ImageObject","inLanguage":"fr-FR","@id":"https:\/\/secure.gravatar.com\/avatar\/5f53ce9fb6eed4a60e5aaaa712be8773880fa9459d9cac9bc4aa4fdbce3f447f?s=96&d=mm&r=g","url":"https:\/\/secure.gravatar.com\/avatar\/5f53ce9fb6eed4a60e5aaaa712be8773880fa9459d9cac9bc4aa4fdbce3f447f?s=96&d=mm&r=g","contentUrl":"https:\/\/secure.gravatar.com\/avatar\/5f53ce9fb6eed4a60e5aaaa712be8773880fa9459d9cac9bc4aa4fdbce3f447f?s=96&d=mm&r=g","caption":"dev@grandiz.com"},"sameAs":["http:\/\/preprod.retaildetail.be"],"url":"https:\/\/www.retaildetail.be\/fr\/author\/devgrandiz-com\/"}]}},"jetpack_featured_media_url":"https:\/\/www.retaildetail.be\/wp-content\/uploads\/2022\/04\/logo.png","jetpack_sharing_enabled":true,"_links":{"self":[{"href":"https:\/\/www.retaildetail.be\/fr\/wp-json\/wp\/v2\/posts\/1759","targetHints":{"allow":["GET"]}}],"collection":[{"href":"https:\/\/www.retaildetail.be\/fr\/wp-json\/wp\/v2\/posts"}],"about":[{"href":"https:\/\/www.retaildetail.be\/fr\/wp-json\/wp\/v2\/types\/post"}],"author":[{"embeddable":true,"href":"https:\/\/www.retaildetail.be\/fr\/wp-json\/wp\/v2\/users\/1"}],"replies":[{"embeddable":true,"href":"https:\/\/www.retaildetail.be\/fr\/wp-json\/wp\/v2\/comments?post=1759"}],"version-history":[{"count":0,"href":"https:\/\/www.retaildetail.be\/fr\/wp-json\/wp\/v2\/posts\/1759\/revisions"}],"wp:featuredmedia":[{"embeddable":true,"href":"https:\/\/www.retaildetail.be\/fr\/wp-json\/wp\/v2\/media\/84"}],"wp:attachment":[{"href":"https:\/\/www.retaildetail.be\/fr\/wp-json\/wp\/v2\/media?parent=1759"}],"wp:term":[{"taxonomy":"category","embeddable":true,"href":"https:\/\/www.retaildetail.be\/fr\/wp-json\/wp\/v2\/categories?post=1759"},{"taxonomy":"post_tag","embeddable":true,"href":"https:\/\/www.retaildetail.be\/fr\/wp-json\/wp\/v2\/tags?post=1759"},{"taxonomy":"people","embeddable":true,"href":"https:\/\/www.retaildetail.be\/fr\/wp-json\/wp\/v2\/people?post=1759"},{"taxonomy":"extra","embeddable":true,"href":"https:\/\/www.retaildetail.be\/fr\/wp-json\/wp\/v2\/extra?post=1759"},{"taxonomy":"company","embeddable":true,"href":"https:\/\/www.retaildetail.be\/fr\/wp-json\/wp\/v2\/company?post=1759"},{"taxonomy":"topic","embeddable":true,"href":"https:\/\/www.retaildetail.be\/fr\/wp-json\/wp\/v2\/topic?post=1759"},{"taxonomy":"region","embeddable":true,"href":"https:\/\/www.retaildetail.be\/fr\/wp-json\/wp\/v2\/region?post=1759"}],"curies":[{"name":"wp","href":"https:\/\/api.w.org\/{rel}","templated":true}]}}