{"id":1800,"date":"2012-06-24T14:05:40","date_gmt":"2012-06-24T14:05:40","guid":{"rendered":"https:\/\/www.retaildetail.be\/mode\/jugement-favorable-pour-zeb-concernant-la-periode-dattente\/"},"modified":"2012-06-24T14:05:40","modified_gmt":"2012-06-24T14:05:40","slug":"jugement-favorable-pour-zeb-concernant-la-periode-dattente","status":"publish","type":"post","link":"https:\/\/www.retaildetail.be\/fr\/news\/mode\/jugement-favorable-pour-zeb-concernant-la-periode-dattente\/","title":{"rendered":"Jugement favorable pour ZEB concernant la p\u00e9riode d\u2019attente"},"content":{"rendered":"<h2>ZEB : \u00ab Le consommateur a droit \u00e0 l\u2019information \u00bb<\/h2>\n<p>\u00ab Le juge de Termonde a suivi l&rsquo;argumentation de la Cour de justice de l&rsquo;Union europ\u00e9enne, selon laquelle la p\u00e9riode d&rsquo;attente est contraire \u00e0 la r\u00e8glementation europ\u00e9enne, notamment parce qu&rsquo;elle prive le consommateur du droit d&rsquo;information \u00bb, explique l&rsquo;avocat de la cha\u00eene d\u2019habillement ZEB dans le journal het Laatste Nieuws.<\/p>\n<p>\u00a0<\/p>\n<p>Depuis 2009 d\u00e9j\u00e0, la cha\u00eene d\u00e9bute ses soldes ouvertement pendant la p\u00e9riode d\u2019attente. Les organisations d\u2019ind\u00e9pendants, n\u2019acceptant pas cette d\u00e9marche, ont introduit une plainte aupr\u00e8s du Tribunal de Commerce \u00e0 chaque infraction de ZEB \u00e0 la r\u00e8glementation. Finalement, l\u2019affaire a \u00e9t\u00e9 transf\u00e9r\u00e9e \u00e0 la Cour de justice de l\u2019Union europ\u00e9enne, mais la r\u00e9ponse n\u2019\u00e9tait pas sans \u00e9quivoque.\u00a0 Dans deux arr\u00eats adress\u00e9s aux juges belges, il \u00e9tait mentionn\u00e9 comment interpr\u00e9ter les r\u00e8gles europ\u00e9ennes.\u00a0 Et c\u2019est ce qu\u2019a fait le juge de Termonde pour la premi\u00e8re fois : il estime que la p\u00e9riode d\u2019attente est en contradiction avec la l\u00e9gislation europ\u00e9enne.<\/p>\n<p>A pr\u00e9sent chaque commer\u00e7ant ou cha\u00eene peut contester la l\u00e9gislation sur les soldes sur base de ce jugement : \u00abNous nous attendons \u00e0 ce que le gouvernement d\u00e9cide prochainement d&rsquo;adapter la p\u00e9riode d&rsquo;attente ou de la supprimer \u00bb,\u00a0 explique le fondateur de ZEB, Luc Van Mol, qui a toujours pr\u00e9tendu \u00eatre en r\u00e8gle avec la loi.\u00a0 \u00ab ZEB a toujours estim\u00e9 qu\u2019il \u00e9tait malhonn\u00eate que pendant la p\u00e9riode d\u2019attente, le consommateur n\u2019ait pas le droit de profiter ouvertement des r\u00e9ductions \u00bb, d\u00e9clare ZEB dans un communiqu\u00e9 de presse.<br \/>\u00a0<\/p>\n<h2>SNI : \u00ab Un pr\u00e9c\u00e9dent regrettable \u00bb<\/h2>\n<p>Le Syndicat Neutre pour\u00a0 Ind\u00e9pendants (SNI) regrette fortement ce jugement.\u00a0 \u00ab Le juge cr\u00e9e ici un pr\u00e9c\u00e9dent important, m\u00eame si la p\u00e9riode d\u2019attente n\u2019est pas supprim\u00e9e \u00bb, dit la pr\u00e9sidente du SNI Christine Mattheeuws.\u00a0 \u00ab Le jugement est particuli\u00e8rement regrettable pour les magasins de v\u00eatements ind\u00e9pendants qui, sans p\u00e9riode d\u2019attente, auront tr\u00e8s difficile face aux campagnes de promotion de masse des grandes cha\u00eenes \u00bb.<\/p>\n<p>\u00a0<\/p>\n<p>\u00ab Nous allons analyser de mani\u00e8re approfondie le jugement rendu par le juge de Termonde et insistons pour une concertation urgente avec le ministre Vande Lanotte. Il nous a r\u00e9cemment dit dans une r\u00e9ponse \u00e0 une question parlementaire que la p\u00e9riode d\u2019attente n\u2019est pas en contradiction avec les r\u00e8gles europ\u00e9ennes parce qu\u2019elle sert uniquement \u00e0 \u00e9viter une concurrence d\u00e9loyale et pas pour prot\u00e9ger le consommateur. Nous souhaitons plus de clart\u00e9 \u00bb.\u00a0 Le SNI esp\u00e8re, tout comme les magasins de v\u00eatements, que la p\u00e9riode d\u2019attente sera maintenue, mais demande en outre une s\u00e9curit\u00e9 juridique.\u00a0 Mais pour cela, il faudra attendre le jugement d\u00e9finitif de la Cour de Cassation dans cette affaire.<\/p>\n<p>\u00a0<\/p>\n<h2>Unizo et ModeUnie: \u00ab un jugement pr\u00e9matur\u00e9 \u00bb<\/h2>\n<p>Unizo et ModeUnie estiment eux aussi que la d\u00e9cision finale dans ce dossier revient\u00a0 \u00e0 la Cour de Cassation, \u00ab la plus haute instance juridique de notre pays \u00bb et que \u00ab le tribunal de Termonde a rendu un jugement pr\u00e9matur\u00e9. D\u2019autres tribunaux de commerce, comme celui de Bruxelles et de Louvain, ont estim\u00e9 qu\u2019il \u00e9tait pr\u00e9f\u00e9rable d\u2019attendre le jugement de la Cour de Cassation \u00bb.<\/p>\n<p>Pr\u00e9c\u00e9demment la Cour de Cassation avait signal\u00e9 \u00e0 le Cour europ\u00e9enne qu\u2019elle devait interpr\u00e9ter\u00a0 la p\u00e9riode d\u2019attente belge dans le cadre d\u2019une concurrence loyale entre les entreprises. \u00ab D\u00e9but de cette ann\u00e9e la Cour de justice europ\u00e9enne a jug\u00e9 que la concurrence loyale entre les entreprises est une affaire qui concerne les \u00e9tats membres individuellement et que l\u2019Europe n\u2019a pas \u00e0 condamner cela.<\/p>\n<h2>\n<br \/>Le ministre ne supprime pas la p\u00e9riode d\u2019attente<\/h2>\n<p>Ainsi les organisations des ind\u00e9pendants\u00a0 sont sur la m\u00eame longueur d\u2019ondes que le ministre de l\u2019Economie, Johan Vande Lanotte, qui a d\u00e9clar\u00e9 ne pas avoir l\u2019intention d\u2019abolir la p\u00e9riode d\u2019attente, malgr\u00e9 le jugement rendu par le tribunal de Termonde \u00ab A moins que la Cour de Cassation ou la Cour europ\u00e9enne disent le contraire, nous maintiendrons cette p\u00e9riode d&rsquo;attente. \u00bb<\/p>\n<p>Vande Lanotte ne voit aucun argument qui indiquerait que la p\u00e9riode d\u2019attente est en contradiction avec la r\u00e8glementation europ\u00e9enne. \u00ab La Cour europ\u00e9enne admet cette mesure si elle vise \u00e0 prot\u00e9ger les petits commer\u00e7ants et \u00e0 leur permettre de vendre leur stock saisonnier \u00bb, commente le ministre dans une premi\u00e8re r\u00e9action.<\/p>\n<p>\u00a0<\/p>\n<p>\u00a0<\/p>\n<p><em>Traduction : Laure Jacobs<\/em><\/p>\n","protected":false},"excerpt":{"rendered":"<p>ZEB : \u00ab Le consommateur a droit \u00e0 l\u2019information \u00bb \u00ab Le juge de Termonde a suivi l&rsquo;argumentation de la Cour de justice de l&rsquo;Union europ\u00e9enne, selon laquelle la p\u00e9riode d&rsquo;attente est contraire \u00e0 la r\u00e8glementation europ\u00e9enne, notamment parce qu&rsquo;elle prive le consommateur du droit d&rsquo;information \u00bb, explique l&rsquo;avocat de la cha\u00eene d\u2019habillement ZEB dans [&hellip;]<\/p>\n","protected":false},"author":1,"featured_media":84,"comment_status":"closed","ping_status":"closed","sticky":false,"template":"","format":"standard","meta":{"_acf_changed":false,"inline_featured_image":false,"_jetpack_memberships_contains_paid_content":false,"footnotes":""},"categories":[22],"tags":[],"people":[],"extra":[],"company":[],"topic":[],"region":[],"class_list":["post-1800","post","type-post","status-publish","format-standard","has-post-thumbnail","hentry","category-mode"],"acf":[],"yoast_head":"<!-- This site is optimized with the Yoast SEO plugin v27.3 - https:\/\/yoast.com\/product\/yoast-seo-wordpress\/ -->\n<title>Jugement favorable pour ZEB concernant la p\u00e9riode d\u2019attente - RetailDetail BE<\/title>\n<meta name=\"robots\" content=\"index, follow, max-snippet:-1, max-image-preview:large, max-video-preview:-1\" \/>\n<link rel=\"canonical\" href=\"https:\/\/www.retaildetail.be\/fr\/news\/mode\/jugement-favorable-pour-zeb-concernant-la-periode-dattente\/\" \/>\n<meta property=\"og:locale\" content=\"fr_FR\" \/>\n<meta property=\"og:type\" content=\"article\" \/>\n<meta property=\"og:title\" content=\"Jugement favorable pour ZEB concernant la p\u00e9riode d\u2019attente - RetailDetail BE\" \/>\n<meta property=\"og:description\" content=\"ZEB : \u00ab Le consommateur a droit \u00e0 l\u2019information \u00bb \u00ab Le juge de Termonde a suivi l&rsquo;argumentation de la Cour de justice de l&rsquo;Union europ\u00e9enne, selon laquelle la p\u00e9riode d&rsquo;attente est contraire \u00e0 la r\u00e8glementation europ\u00e9enne, notamment parce qu&rsquo;elle prive le consommateur du droit d&rsquo;information \u00bb, explique l&rsquo;avocat de la cha\u00eene d\u2019habillement ZEB dans [&hellip;]\" \/>\n<meta property=\"og:url\" content=\"https:\/\/www.retaildetail.be\/fr\/news\/mode\/jugement-favorable-pour-zeb-concernant-la-periode-dattente\/\" \/>\n<meta property=\"og:site_name\" content=\"RetailDetail BE\" \/>\n<meta property=\"article:published_time\" content=\"2012-06-24T14:05:40+00:00\" \/>\n<meta property=\"og:image\" content=\"https:\/\/i0.wp.com\/www.retaildetail.be\/wp-content\/uploads\/2022\/04\/logo.png?fit=281%2C147&quality=100&strip=all&ssl=1\" \/>\n\t<meta property=\"og:image:width\" content=\"281\" \/>\n\t<meta property=\"og:image:height\" content=\"147\" \/>\n\t<meta property=\"og:image:type\" content=\"image\/png\" \/>\n<meta name=\"author\" content=\"dev@grandiz.com\" \/>\n<meta name=\"twitter:card\" content=\"summary_large_image\" \/>\n<meta name=\"twitter:label1\" content=\"\u00c9crit par\" \/>\n\t<meta name=\"twitter:data1\" content=\"dev@grandiz.com\" \/>\n\t<meta name=\"twitter:label2\" content=\"Dur\u00e9e de lecture estim\u00e9e\" \/>\n\t<meta name=\"twitter:data2\" content=\"4 minutes\" \/>\n<script type=\"application\/ld+json\" class=\"yoast-schema-graph\">{\"@context\":\"https:\\\/\\\/schema.org\",\"@graph\":[{\"@type\":\"NewsArticle\",\"@id\":\"https:\\\/\\\/www.retaildetail.be\\\/fr\\\/news\\\/mode\\\/jugement-favorable-pour-zeb-concernant-la-periode-dattente\\\/#article\",\"isPartOf\":{\"@id\":\"https:\\\/\\\/www.retaildetail.be\\\/fr\\\/news\\\/mode\\\/jugement-favorable-pour-zeb-concernant-la-periode-dattente\\\/\"},\"author\":{\"name\":\"dev@grandiz.com\",\"@id\":\"https:\\\/\\\/www.retaildetail.be\\\/nl\\\/#\\\/schema\\\/person\\\/ba2d383452a753a3a1ce8cdb349b5fc9\"},\"headline\":\"Jugement favorable pour ZEB concernant la p\u00e9riode d\u2019attente\",\"datePublished\":\"2012-06-24T14:05:40+00:00\",\"mainEntityOfPage\":{\"@id\":\"https:\\\/\\\/www.retaildetail.be\\\/fr\\\/news\\\/mode\\\/jugement-favorable-pour-zeb-concernant-la-periode-dattente\\\/\"},\"wordCount\":793,\"publisher\":{\"@id\":\"https:\\\/\\\/www.retaildetail.be\\\/nl\\\/#organization\"},\"image\":{\"@id\":\"https:\\\/\\\/www.retaildetail.be\\\/fr\\\/news\\\/mode\\\/jugement-favorable-pour-zeb-concernant-la-periode-dattente\\\/#primaryimage\"},\"thumbnailUrl\":\"https:\\\/\\\/www.retaildetail.be\\\/wp-content\\\/uploads\\\/2022\\\/04\\\/logo.png\",\"articleSection\":[\"Mode\"],\"inLanguage\":\"fr-FR\",\"copyrightYear\":\"2012\",\"copyrightHolder\":{\"@id\":\"https:\\\/\\\/www.retaildetail.be\\\/#organization\"}},{\"@type\":\"WebPage\",\"@id\":\"https:\\\/\\\/www.retaildetail.be\\\/fr\\\/news\\\/mode\\\/jugement-favorable-pour-zeb-concernant-la-periode-dattente\\\/\",\"url\":\"https:\\\/\\\/www.retaildetail.be\\\/fr\\\/news\\\/mode\\\/jugement-favorable-pour-zeb-concernant-la-periode-dattente\\\/\",\"name\":\"Jugement favorable pour ZEB concernant la p\u00e9riode d\u2019attente - RetailDetail BE\",\"isPartOf\":{\"@id\":\"https:\\\/\\\/www.retaildetail.be\\\/nl\\\/#website\"},\"primaryImageOfPage\":{\"@id\":\"https:\\\/\\\/www.retaildetail.be\\\/fr\\\/news\\\/mode\\\/jugement-favorable-pour-zeb-concernant-la-periode-dattente\\\/#primaryimage\"},\"image\":{\"@id\":\"https:\\\/\\\/www.retaildetail.be\\\/fr\\\/news\\\/mode\\\/jugement-favorable-pour-zeb-concernant-la-periode-dattente\\\/#primaryimage\"},\"thumbnailUrl\":\"https:\\\/\\\/www.retaildetail.be\\\/wp-content\\\/uploads\\\/2022\\\/04\\\/logo.png\",\"datePublished\":\"2012-06-24T14:05:40+00:00\",\"breadcrumb\":{\"@id\":\"https:\\\/\\\/www.retaildetail.be\\\/fr\\\/news\\\/mode\\\/jugement-favorable-pour-zeb-concernant-la-periode-dattente\\\/#breadcrumb\"},\"inLanguage\":\"fr-FR\",\"potentialAction\":[{\"@type\":\"ReadAction\",\"target\":[\"https:\\\/\\\/www.retaildetail.be\\\/fr\\\/news\\\/mode\\\/jugement-favorable-pour-zeb-concernant-la-periode-dattente\\\/\"]}]},{\"@type\":\"ImageObject\",\"inLanguage\":\"fr-FR\",\"@id\":\"https:\\\/\\\/www.retaildetail.be\\\/fr\\\/news\\\/mode\\\/jugement-favorable-pour-zeb-concernant-la-periode-dattente\\\/#primaryimage\",\"url\":\"https:\\\/\\\/www.retaildetail.be\\\/wp-content\\\/uploads\\\/2022\\\/04\\\/logo.png\",\"contentUrl\":\"https:\\\/\\\/www.retaildetail.be\\\/wp-content\\\/uploads\\\/2022\\\/04\\\/logo.png\",\"width\":281,\"height\":147},{\"@type\":\"BreadcrumbList\",\"@id\":\"https:\\\/\\\/www.retaildetail.be\\\/fr\\\/news\\\/mode\\\/jugement-favorable-pour-zeb-concernant-la-periode-dattente\\\/#breadcrumb\",\"itemListElement\":[{\"@type\":\"ListItem\",\"position\":1,\"name\":\"Home\",\"item\":\"https:\\\/\\\/www.retaildetail.be\\\/fr\\\/\"},{\"@type\":\"ListItem\",\"position\":2,\"name\":\"Jugement favorable pour ZEB concernant la p\u00e9riode d\u2019attente\"}]},{\"@type\":\"WebSite\",\"@id\":\"https:\\\/\\\/www.retaildetail.be\\\/nl\\\/#website\",\"url\":\"https:\\\/\\\/www.retaildetail.be\\\/nl\\\/\",\"name\":\"RetailDetail BE\",\"description\":\"News\",\"publisher\":{\"@id\":\"https:\\\/\\\/www.retaildetail.be\\\/nl\\\/#organization\"},\"potentialAction\":[{\"@type\":\"SearchAction\",\"target\":{\"@type\":\"EntryPoint\",\"urlTemplate\":\"https:\\\/\\\/www.retaildetail.be\\\/nl\\\/?s={search_term_string}\"},\"query-input\":{\"@type\":\"PropertyValueSpecification\",\"valueRequired\":true,\"valueName\":\"search_term_string\"}}],\"inLanguage\":\"fr-FR\"},{\"@type\":\"Organization\",\"@id\":\"https:\\\/\\\/www.retaildetail.be\\\/nl\\\/#organization\",\"name\":\"RetailDetail BE\",\"url\":\"https:\\\/\\\/www.retaildetail.be\\\/nl\\\/\",\"logo\":{\"@type\":\"ImageObject\",\"inLanguage\":\"fr-FR\",\"@id\":\"https:\\\/\\\/www.retaildetail.be\\\/nl\\\/#\\\/schema\\\/logo\\\/image\\\/\",\"url\":\"https:\\\/\\\/www.retaildetail.be\\\/wp-content\\\/uploads\\\/2022\\\/04\\\/logo.svg\",\"contentUrl\":\"https:\\\/\\\/www.retaildetail.be\\\/wp-content\\\/uploads\\\/2022\\\/04\\\/logo.svg\",\"width\":131,\"height\":70,\"caption\":\"RetailDetail BE\"},\"image\":{\"@id\":\"https:\\\/\\\/www.retaildetail.be\\\/nl\\\/#\\\/schema\\\/logo\\\/image\\\/\"}},{\"@type\":\"Person\",\"@id\":\"https:\\\/\\\/www.retaildetail.be\\\/nl\\\/#\\\/schema\\\/person\\\/ba2d383452a753a3a1ce8cdb349b5fc9\",\"name\":\"dev@grandiz.com\",\"image\":{\"@type\":\"ImageObject\",\"inLanguage\":\"fr-FR\",\"@id\":\"https:\\\/\\\/secure.gravatar.com\\\/avatar\\\/5f53ce9fb6eed4a60e5aaaa712be8773880fa9459d9cac9bc4aa4fdbce3f447f?s=96&d=mm&r=g\",\"url\":\"https:\\\/\\\/secure.gravatar.com\\\/avatar\\\/5f53ce9fb6eed4a60e5aaaa712be8773880fa9459d9cac9bc4aa4fdbce3f447f?s=96&d=mm&r=g\",\"contentUrl\":\"https:\\\/\\\/secure.gravatar.com\\\/avatar\\\/5f53ce9fb6eed4a60e5aaaa712be8773880fa9459d9cac9bc4aa4fdbce3f447f?s=96&d=mm&r=g\",\"caption\":\"dev@grandiz.com\"},\"sameAs\":[\"http:\\\/\\\/preprod.retaildetail.be\"],\"url\":\"https:\\\/\\\/www.retaildetail.be\\\/fr\\\/author\\\/devgrandiz-com\\\/\"}]}<\/script>\n<!-- \/ Yoast SEO plugin. -->","yoast_head_json":{"title":"Jugement favorable pour ZEB concernant la p\u00e9riode d\u2019attente - RetailDetail BE","robots":{"index":"index","follow":"follow","max-snippet":"max-snippet:-1","max-image-preview":"max-image-preview:large","max-video-preview":"max-video-preview:-1"},"canonical":"https:\/\/www.retaildetail.be\/fr\/news\/mode\/jugement-favorable-pour-zeb-concernant-la-periode-dattente\/","og_locale":"fr_FR","og_type":"article","og_title":"Jugement favorable pour ZEB concernant la p\u00e9riode d\u2019attente - RetailDetail BE","og_description":"ZEB : \u00ab Le consommateur a droit \u00e0 l\u2019information \u00bb \u00ab Le juge de Termonde a suivi l&rsquo;argumentation de la Cour de justice de l&rsquo;Union europ\u00e9enne, selon laquelle la p\u00e9riode d&rsquo;attente est contraire \u00e0 la r\u00e8glementation europ\u00e9enne, notamment parce qu&rsquo;elle prive le consommateur du droit d&rsquo;information \u00bb, explique l&rsquo;avocat de la cha\u00eene d\u2019habillement ZEB dans [&hellip;]","og_url":"https:\/\/www.retaildetail.be\/fr\/news\/mode\/jugement-favorable-pour-zeb-concernant-la-periode-dattente\/","og_site_name":"RetailDetail BE","article_published_time":"2012-06-24T14:05:40+00:00","og_image":[{"width":281,"height":147,"url":"https:\/\/i0.wp.com\/www.retaildetail.be\/wp-content\/uploads\/2022\/04\/logo.png?fit=281%2C147&quality=100&strip=all&ssl=1","type":"image\/png"}],"author":"dev@grandiz.com","twitter_card":"summary_large_image","twitter_misc":{"\u00c9crit par":"dev@grandiz.com","Dur\u00e9e de lecture estim\u00e9e":"4 minutes"},"schema":{"@context":"https:\/\/schema.org","@graph":[{"@type":"NewsArticle","@id":"https:\/\/www.retaildetail.be\/fr\/news\/mode\/jugement-favorable-pour-zeb-concernant-la-periode-dattente\/#article","isPartOf":{"@id":"https:\/\/www.retaildetail.be\/fr\/news\/mode\/jugement-favorable-pour-zeb-concernant-la-periode-dattente\/"},"author":{"name":"dev@grandiz.com","@id":"https:\/\/www.retaildetail.be\/nl\/#\/schema\/person\/ba2d383452a753a3a1ce8cdb349b5fc9"},"headline":"Jugement favorable pour ZEB concernant la p\u00e9riode d\u2019attente","datePublished":"2012-06-24T14:05:40+00:00","mainEntityOfPage":{"@id":"https:\/\/www.retaildetail.be\/fr\/news\/mode\/jugement-favorable-pour-zeb-concernant-la-periode-dattente\/"},"wordCount":793,"publisher":{"@id":"https:\/\/www.retaildetail.be\/nl\/#organization"},"image":{"@id":"https:\/\/www.retaildetail.be\/fr\/news\/mode\/jugement-favorable-pour-zeb-concernant-la-periode-dattente\/#primaryimage"},"thumbnailUrl":"https:\/\/www.retaildetail.be\/wp-content\/uploads\/2022\/04\/logo.png","articleSection":["Mode"],"inLanguage":"fr-FR","copyrightYear":"2012","copyrightHolder":{"@id":"https:\/\/www.retaildetail.be\/#organization"}},{"@type":"WebPage","@id":"https:\/\/www.retaildetail.be\/fr\/news\/mode\/jugement-favorable-pour-zeb-concernant-la-periode-dattente\/","url":"https:\/\/www.retaildetail.be\/fr\/news\/mode\/jugement-favorable-pour-zeb-concernant-la-periode-dattente\/","name":"Jugement favorable pour ZEB concernant la p\u00e9riode d\u2019attente - RetailDetail BE","isPartOf":{"@id":"https:\/\/www.retaildetail.be\/nl\/#website"},"primaryImageOfPage":{"@id":"https:\/\/www.retaildetail.be\/fr\/news\/mode\/jugement-favorable-pour-zeb-concernant-la-periode-dattente\/#primaryimage"},"image":{"@id":"https:\/\/www.retaildetail.be\/fr\/news\/mode\/jugement-favorable-pour-zeb-concernant-la-periode-dattente\/#primaryimage"},"thumbnailUrl":"https:\/\/www.retaildetail.be\/wp-content\/uploads\/2022\/04\/logo.png","datePublished":"2012-06-24T14:05:40+00:00","breadcrumb":{"@id":"https:\/\/www.retaildetail.be\/fr\/news\/mode\/jugement-favorable-pour-zeb-concernant-la-periode-dattente\/#breadcrumb"},"inLanguage":"fr-FR","potentialAction":[{"@type":"ReadAction","target":["https:\/\/www.retaildetail.be\/fr\/news\/mode\/jugement-favorable-pour-zeb-concernant-la-periode-dattente\/"]}]},{"@type":"ImageObject","inLanguage":"fr-FR","@id":"https:\/\/www.retaildetail.be\/fr\/news\/mode\/jugement-favorable-pour-zeb-concernant-la-periode-dattente\/#primaryimage","url":"https:\/\/www.retaildetail.be\/wp-content\/uploads\/2022\/04\/logo.png","contentUrl":"https:\/\/www.retaildetail.be\/wp-content\/uploads\/2022\/04\/logo.png","width":281,"height":147},{"@type":"BreadcrumbList","@id":"https:\/\/www.retaildetail.be\/fr\/news\/mode\/jugement-favorable-pour-zeb-concernant-la-periode-dattente\/#breadcrumb","itemListElement":[{"@type":"ListItem","position":1,"name":"Home","item":"https:\/\/www.retaildetail.be\/fr\/"},{"@type":"ListItem","position":2,"name":"Jugement favorable pour ZEB concernant la p\u00e9riode d\u2019attente"}]},{"@type":"WebSite","@id":"https:\/\/www.retaildetail.be\/nl\/#website","url":"https:\/\/www.retaildetail.be\/nl\/","name":"RetailDetail BE","description":"News","publisher":{"@id":"https:\/\/www.retaildetail.be\/nl\/#organization"},"potentialAction":[{"@type":"SearchAction","target":{"@type":"EntryPoint","urlTemplate":"https:\/\/www.retaildetail.be\/nl\/?s={search_term_string}"},"query-input":{"@type":"PropertyValueSpecification","valueRequired":true,"valueName":"search_term_string"}}],"inLanguage":"fr-FR"},{"@type":"Organization","@id":"https:\/\/www.retaildetail.be\/nl\/#organization","name":"RetailDetail BE","url":"https:\/\/www.retaildetail.be\/nl\/","logo":{"@type":"ImageObject","inLanguage":"fr-FR","@id":"https:\/\/www.retaildetail.be\/nl\/#\/schema\/logo\/image\/","url":"https:\/\/www.retaildetail.be\/wp-content\/uploads\/2022\/04\/logo.svg","contentUrl":"https:\/\/www.retaildetail.be\/wp-content\/uploads\/2022\/04\/logo.svg","width":131,"height":70,"caption":"RetailDetail BE"},"image":{"@id":"https:\/\/www.retaildetail.be\/nl\/#\/schema\/logo\/image\/"}},{"@type":"Person","@id":"https:\/\/www.retaildetail.be\/nl\/#\/schema\/person\/ba2d383452a753a3a1ce8cdb349b5fc9","name":"dev@grandiz.com","image":{"@type":"ImageObject","inLanguage":"fr-FR","@id":"https:\/\/secure.gravatar.com\/avatar\/5f53ce9fb6eed4a60e5aaaa712be8773880fa9459d9cac9bc4aa4fdbce3f447f?s=96&d=mm&r=g","url":"https:\/\/secure.gravatar.com\/avatar\/5f53ce9fb6eed4a60e5aaaa712be8773880fa9459d9cac9bc4aa4fdbce3f447f?s=96&d=mm&r=g","contentUrl":"https:\/\/secure.gravatar.com\/avatar\/5f53ce9fb6eed4a60e5aaaa712be8773880fa9459d9cac9bc4aa4fdbce3f447f?s=96&d=mm&r=g","caption":"dev@grandiz.com"},"sameAs":["http:\/\/preprod.retaildetail.be"],"url":"https:\/\/www.retaildetail.be\/fr\/author\/devgrandiz-com\/"}]}},"jetpack_featured_media_url":"https:\/\/www.retaildetail.be\/wp-content\/uploads\/2022\/04\/logo.png","jetpack_sharing_enabled":true,"_links":{"self":[{"href":"https:\/\/www.retaildetail.be\/fr\/wp-json\/wp\/v2\/posts\/1800","targetHints":{"allow":["GET"]}}],"collection":[{"href":"https:\/\/www.retaildetail.be\/fr\/wp-json\/wp\/v2\/posts"}],"about":[{"href":"https:\/\/www.retaildetail.be\/fr\/wp-json\/wp\/v2\/types\/post"}],"author":[{"embeddable":true,"href":"https:\/\/www.retaildetail.be\/fr\/wp-json\/wp\/v2\/users\/1"}],"replies":[{"embeddable":true,"href":"https:\/\/www.retaildetail.be\/fr\/wp-json\/wp\/v2\/comments?post=1800"}],"version-history":[{"count":0,"href":"https:\/\/www.retaildetail.be\/fr\/wp-json\/wp\/v2\/posts\/1800\/revisions"}],"wp:featuredmedia":[{"embeddable":true,"href":"https:\/\/www.retaildetail.be\/fr\/wp-json\/wp\/v2\/media\/84"}],"wp:attachment":[{"href":"https:\/\/www.retaildetail.be\/fr\/wp-json\/wp\/v2\/media?parent=1800"}],"wp:term":[{"taxonomy":"category","embeddable":true,"href":"https:\/\/www.retaildetail.be\/fr\/wp-json\/wp\/v2\/categories?post=1800"},{"taxonomy":"post_tag","embeddable":true,"href":"https:\/\/www.retaildetail.be\/fr\/wp-json\/wp\/v2\/tags?post=1800"},{"taxonomy":"people","embeddable":true,"href":"https:\/\/www.retaildetail.be\/fr\/wp-json\/wp\/v2\/people?post=1800"},{"taxonomy":"extra","embeddable":true,"href":"https:\/\/www.retaildetail.be\/fr\/wp-json\/wp\/v2\/extra?post=1800"},{"taxonomy":"company","embeddable":true,"href":"https:\/\/www.retaildetail.be\/fr\/wp-json\/wp\/v2\/company?post=1800"},{"taxonomy":"topic","embeddable":true,"href":"https:\/\/www.retaildetail.be\/fr\/wp-json\/wp\/v2\/topic?post=1800"},{"taxonomy":"region","embeddable":true,"href":"https:\/\/www.retaildetail.be\/fr\/wp-json\/wp\/v2\/region?post=1800"}],"curies":[{"name":"wp","href":"https:\/\/api.w.org\/{rel}","templated":true}]}}