{"id":1917,"date":"2012-07-30T10:36:39","date_gmt":"2012-07-30T10:36:39","guid":{"rendered":"https:\/\/www.retaildetail.be\/food\/buurtsuperbe-veut-retarder-lintroduction-du-label-smiley\/"},"modified":"2012-07-30T10:36:39","modified_gmt":"2012-07-30T10:36:39","slug":"buurtsuperbe-veut-retarder-lintroduction-du-label-smiley","status":"publish","type":"post","link":"https:\/\/www.retaildetail.be\/fr\/news\/food\/buurtsuperbe-veut-retarder-lintroduction-du-label-smiley\/","title":{"rendered":"Buurtsuper.be veut retarder l\u2019introduction du label Smiley"},"content":{"rendered":"<h2>A peine 1.500 magasins valid\u00e9s sur les 25.000<\/h2>\n<p>Les magasins alimentaires, supermarch\u00e9s de proximit\u00e9 et les grandes cha\u00eenes r\u00e9pondant aux normes d\u2019hygi\u00e8ne l\u00e9gales, pourront <strong>d\u00e8s le 1er ao\u00fbt afficher l\u2019autocollant Smiley<\/strong>. C\u2019est ce que stipule un arr\u00eat\u00e9 minist\u00e9riel de la Ministre des Classes moyennes, des PME, des Ind\u00e9pendants et de l&rsquo;Agriculture Sabine Laruelle (MR).<\/p>\n<p>\u00ab C\u2019est une excellente chose, mais <strong>le syst\u00e8me risque de prendre un s\u00e9rieux retard<\/strong> \u00bb, explique Luc Ardies, directeur de Buurtsuper.be, l\u2019organisation UNIZO des commerces alimentaires ind\u00e9pendants.\u00a0 \u00ab Normalement l\u2019autocollant peut \u00eatre affich\u00e9 \u00e0 partir du 1er ao\u00fbt, mais des 25.000 commerces entrant en ligne de compte pour le label Smiley, \u00e0 peine 1.500 ont \u00e9t\u00e9 valid\u00e9s. Les consommateurs pourraient donc \u00e0 tort conclure que les magasins sans Smiley ne sont pas conformes aux r\u00e8gles d\u2019hygi\u00e8ne. Une catastrophe pour l\u2019image de nombreux magasins. \u00bb<\/p>\n<h2>\n<br \/>Image fauss\u00e9e et concurrence d\u00e9loyale<\/h2>\n<p>Buurtsuper.be\u00a0 estime que le label Smiley est une bonne chose, mais craint qu\u2019<strong>une introduction trop rapide du label induira en erreur les consommateurs<\/strong> quant aux conditions d\u2019hygi\u00e8ne des magasins alimentaires belges, si tous les magasins n\u2019ont pas \u00e9t\u00e9 contr\u00f4l\u00e9s. D\u2019autre cela entra\u00eenera une concurrence d\u00e9loyale.<\/p>\n<p>Selon Luc Ardies il est pratiquement impossible de valider les 25.000 magasins alimentaires au courant de cette ann\u00e9e. \u00ab Il n\u2019y a <strong>que 7 organismes de contr\u00f4le agr\u00e9\u00e9s<\/strong> pour effectuer les audits n\u00e9cessaires dans les commerces. Concr\u00e8tement cela signifie donc que chaque organisme de contr\u00f4le devrait valider 3.500 magasins, soit 16 par jour. \u00bb C\u2019est pourquoi Buurtsuper.be demande \u00e0 ce que le Smiley ne soit introduit qu\u2019au moment o\u00f9 au moins la moiti\u00e9 des entreprises concern\u00e9es ou un certain sous-secteur soient effectivement en mesure d\u2019obtenir le label.<\/p>\n<h2>\n<br \/>Autocontr\u00f4le obligatoire, validation facultative<\/h2>\n<p>En Belgique il existe <strong>deux syst\u00e8mes de contr\u00f4le en mati\u00e8re d\u2019hygi\u00e8ne<\/strong> : tout manager doit \u00e9laborer un syst\u00e8me d\u2019autocontr\u00f4le qu\u2019il peut faire valider par des auditeurs agr\u00e9\u00e9s ; d\u2019autre part l&rsquo;Agence f\u00e9d\u00e9rale pour la s\u00e9curit\u00e9 de la cha\u00eene alimentaire (AFSCA) effectuent des inspections sur place.<\/p>\n<p>Le syst\u00e8me d\u2019autocontr\u00f4le est impos\u00e9 par l\u2019Europe, alors que la validation (en vue d\u2019obtenir le label Smiley) est facultative. Bien entendu c\u2019est un argument commercial envers le consommateur.<\/p>\n<p>\u00a0<\/p>\n<p>\u00a0<\/p>\n<p><em>Traduction : Marie-No\u00eblle Masure<\/em><\/p>\n","protected":false},"excerpt":{"rendered":"<p>A peine 1.500 magasins valid\u00e9s sur les 25.000 Les magasins alimentaires, supermarch\u00e9s de proximit\u00e9 et les grandes cha\u00eenes r\u00e9pondant aux normes d\u2019hygi\u00e8ne l\u00e9gales, pourront d\u00e8s le 1er ao\u00fbt afficher l\u2019autocollant Smiley. C\u2019est ce que stipule un arr\u00eat\u00e9 minist\u00e9riel de la Ministre des Classes moyennes, des PME, des Ind\u00e9pendants et de l&rsquo;Agriculture Sabine Laruelle (MR). \u00ab [&hellip;]<\/p>\n","protected":false},"author":1,"featured_media":84,"comment_status":"closed","ping_status":"closed","sticky":false,"template":"","format":"standard","meta":{"_acf_changed":false,"inline_featured_image":false,"_jetpack_memberships_contains_paid_content":false,"footnotes":""},"categories":[24],"tags":[],"people":[],"extra":[],"company":[],"topic":[],"region":[],"class_list":["post-1917","post","type-post","status-publish","format-standard","has-post-thumbnail","hentry","category-food"],"acf":[],"yoast_head":"<!-- This site is optimized with the Yoast SEO plugin v27.3 - https:\/\/yoast.com\/product\/yoast-seo-wordpress\/ -->\n<title>Buurtsuper.be veut retarder l\u2019introduction du label Smiley - RetailDetail BE<\/title>\n<meta name=\"robots\" content=\"index, follow, max-snippet:-1, max-image-preview:large, max-video-preview:-1\" \/>\n<link rel=\"canonical\" href=\"https:\/\/www.retaildetail.be\/fr\/news\/food\/buurtsuperbe-veut-retarder-lintroduction-du-label-smiley\/\" \/>\n<meta property=\"og:locale\" content=\"fr_FR\" \/>\n<meta property=\"og:type\" content=\"article\" \/>\n<meta property=\"og:title\" content=\"Buurtsuper.be veut retarder l\u2019introduction du label Smiley - RetailDetail BE\" \/>\n<meta property=\"og:description\" content=\"A peine 1.500 magasins valid\u00e9s sur les 25.000 Les magasins alimentaires, supermarch\u00e9s de proximit\u00e9 et les grandes cha\u00eenes r\u00e9pondant aux normes d\u2019hygi\u00e8ne l\u00e9gales, pourront d\u00e8s le 1er ao\u00fbt afficher l\u2019autocollant Smiley. C\u2019est ce que stipule un arr\u00eat\u00e9 minist\u00e9riel de la Ministre des Classes moyennes, des PME, des Ind\u00e9pendants et de l&rsquo;Agriculture Sabine Laruelle (MR). \u00ab [&hellip;]\" \/>\n<meta property=\"og:url\" content=\"https:\/\/www.retaildetail.be\/fr\/news\/food\/buurtsuperbe-veut-retarder-lintroduction-du-label-smiley\/\" \/>\n<meta property=\"og:site_name\" content=\"RetailDetail BE\" \/>\n<meta property=\"article:published_time\" content=\"2012-07-30T10:36:39+00:00\" \/>\n<meta property=\"og:image\" content=\"https:\/\/i0.wp.com\/www.retaildetail.be\/wp-content\/uploads\/2022\/04\/logo.png?fit=281%2C147&quality=100&strip=all&ssl=1\" \/>\n\t<meta property=\"og:image:width\" content=\"281\" \/>\n\t<meta property=\"og:image:height\" content=\"147\" \/>\n\t<meta property=\"og:image:type\" content=\"image\/png\" \/>\n<meta name=\"author\" content=\"dev@grandiz.com\" \/>\n<meta name=\"twitter:card\" content=\"summary_large_image\" \/>\n<meta name=\"twitter:label1\" content=\"\u00c9crit par\" \/>\n\t<meta name=\"twitter:data1\" content=\"dev@grandiz.com\" \/>\n\t<meta name=\"twitter:label2\" content=\"Dur\u00e9e de lecture estim\u00e9e\" \/>\n\t<meta name=\"twitter:data2\" content=\"2 minutes\" \/>\n<script type=\"application\/ld+json\" class=\"yoast-schema-graph\">{\"@context\":\"https:\\\/\\\/schema.org\",\"@graph\":[{\"@type\":\"NewsArticle\",\"@id\":\"https:\\\/\\\/www.retaildetail.be\\\/fr\\\/news\\\/food\\\/buurtsuperbe-veut-retarder-lintroduction-du-label-smiley\\\/#article\",\"isPartOf\":{\"@id\":\"https:\\\/\\\/www.retaildetail.be\\\/fr\\\/news\\\/food\\\/buurtsuperbe-veut-retarder-lintroduction-du-label-smiley\\\/\"},\"author\":{\"name\":\"dev@grandiz.com\",\"@id\":\"https:\\\/\\\/www.retaildetail.be\\\/nl\\\/#\\\/schema\\\/person\\\/ba2d383452a753a3a1ce8cdb349b5fc9\"},\"headline\":\"Buurtsuper.be veut retarder l\u2019introduction du label Smiley\",\"datePublished\":\"2012-07-30T10:36:39+00:00\",\"mainEntityOfPage\":{\"@id\":\"https:\\\/\\\/www.retaildetail.be\\\/fr\\\/news\\\/food\\\/buurtsuperbe-veut-retarder-lintroduction-du-label-smiley\\\/\"},\"wordCount\":420,\"publisher\":{\"@id\":\"https:\\\/\\\/www.retaildetail.be\\\/nl\\\/#organization\"},\"image\":{\"@id\":\"https:\\\/\\\/www.retaildetail.be\\\/fr\\\/news\\\/food\\\/buurtsuperbe-veut-retarder-lintroduction-du-label-smiley\\\/#primaryimage\"},\"thumbnailUrl\":\"https:\\\/\\\/www.retaildetail.be\\\/wp-content\\\/uploads\\\/2022\\\/04\\\/logo.png\",\"articleSection\":[\"Food\"],\"inLanguage\":\"fr-FR\",\"copyrightYear\":\"2012\",\"copyrightHolder\":{\"@id\":\"https:\\\/\\\/www.retaildetail.be\\\/#organization\"}},{\"@type\":\"WebPage\",\"@id\":\"https:\\\/\\\/www.retaildetail.be\\\/fr\\\/news\\\/food\\\/buurtsuperbe-veut-retarder-lintroduction-du-label-smiley\\\/\",\"url\":\"https:\\\/\\\/www.retaildetail.be\\\/fr\\\/news\\\/food\\\/buurtsuperbe-veut-retarder-lintroduction-du-label-smiley\\\/\",\"name\":\"Buurtsuper.be veut retarder l\u2019introduction du label Smiley - RetailDetail BE\",\"isPartOf\":{\"@id\":\"https:\\\/\\\/www.retaildetail.be\\\/nl\\\/#website\"},\"primaryImageOfPage\":{\"@id\":\"https:\\\/\\\/www.retaildetail.be\\\/fr\\\/news\\\/food\\\/buurtsuperbe-veut-retarder-lintroduction-du-label-smiley\\\/#primaryimage\"},\"image\":{\"@id\":\"https:\\\/\\\/www.retaildetail.be\\\/fr\\\/news\\\/food\\\/buurtsuperbe-veut-retarder-lintroduction-du-label-smiley\\\/#primaryimage\"},\"thumbnailUrl\":\"https:\\\/\\\/www.retaildetail.be\\\/wp-content\\\/uploads\\\/2022\\\/04\\\/logo.png\",\"datePublished\":\"2012-07-30T10:36:39+00:00\",\"breadcrumb\":{\"@id\":\"https:\\\/\\\/www.retaildetail.be\\\/fr\\\/news\\\/food\\\/buurtsuperbe-veut-retarder-lintroduction-du-label-smiley\\\/#breadcrumb\"},\"inLanguage\":\"fr-FR\",\"potentialAction\":[{\"@type\":\"ReadAction\",\"target\":[\"https:\\\/\\\/www.retaildetail.be\\\/fr\\\/news\\\/food\\\/buurtsuperbe-veut-retarder-lintroduction-du-label-smiley\\\/\"]}]},{\"@type\":\"ImageObject\",\"inLanguage\":\"fr-FR\",\"@id\":\"https:\\\/\\\/www.retaildetail.be\\\/fr\\\/news\\\/food\\\/buurtsuperbe-veut-retarder-lintroduction-du-label-smiley\\\/#primaryimage\",\"url\":\"https:\\\/\\\/www.retaildetail.be\\\/wp-content\\\/uploads\\\/2022\\\/04\\\/logo.png\",\"contentUrl\":\"https:\\\/\\\/www.retaildetail.be\\\/wp-content\\\/uploads\\\/2022\\\/04\\\/logo.png\",\"width\":281,\"height\":147},{\"@type\":\"BreadcrumbList\",\"@id\":\"https:\\\/\\\/www.retaildetail.be\\\/fr\\\/news\\\/food\\\/buurtsuperbe-veut-retarder-lintroduction-du-label-smiley\\\/#breadcrumb\",\"itemListElement\":[{\"@type\":\"ListItem\",\"position\":1,\"name\":\"Home\",\"item\":\"https:\\\/\\\/www.retaildetail.be\\\/fr\\\/\"},{\"@type\":\"ListItem\",\"position\":2,\"name\":\"Buurtsuper.be veut retarder l\u2019introduction du label Smiley\"}]},{\"@type\":\"WebSite\",\"@id\":\"https:\\\/\\\/www.retaildetail.be\\\/nl\\\/#website\",\"url\":\"https:\\\/\\\/www.retaildetail.be\\\/nl\\\/\",\"name\":\"RetailDetail BE\",\"description\":\"News\",\"publisher\":{\"@id\":\"https:\\\/\\\/www.retaildetail.be\\\/nl\\\/#organization\"},\"potentialAction\":[{\"@type\":\"SearchAction\",\"target\":{\"@type\":\"EntryPoint\",\"urlTemplate\":\"https:\\\/\\\/www.retaildetail.be\\\/nl\\\/?s={search_term_string}\"},\"query-input\":{\"@type\":\"PropertyValueSpecification\",\"valueRequired\":true,\"valueName\":\"search_term_string\"}}],\"inLanguage\":\"fr-FR\"},{\"@type\":\"Organization\",\"@id\":\"https:\\\/\\\/www.retaildetail.be\\\/nl\\\/#organization\",\"name\":\"RetailDetail BE\",\"url\":\"https:\\\/\\\/www.retaildetail.be\\\/nl\\\/\",\"logo\":{\"@type\":\"ImageObject\",\"inLanguage\":\"fr-FR\",\"@id\":\"https:\\\/\\\/www.retaildetail.be\\\/nl\\\/#\\\/schema\\\/logo\\\/image\\\/\",\"url\":\"https:\\\/\\\/www.retaildetail.be\\\/wp-content\\\/uploads\\\/2022\\\/04\\\/logo.svg\",\"contentUrl\":\"https:\\\/\\\/www.retaildetail.be\\\/wp-content\\\/uploads\\\/2022\\\/04\\\/logo.svg\",\"width\":131,\"height\":70,\"caption\":\"RetailDetail BE\"},\"image\":{\"@id\":\"https:\\\/\\\/www.retaildetail.be\\\/nl\\\/#\\\/schema\\\/logo\\\/image\\\/\"}},{\"@type\":\"Person\",\"@id\":\"https:\\\/\\\/www.retaildetail.be\\\/nl\\\/#\\\/schema\\\/person\\\/ba2d383452a753a3a1ce8cdb349b5fc9\",\"name\":\"dev@grandiz.com\",\"image\":{\"@type\":\"ImageObject\",\"inLanguage\":\"fr-FR\",\"@id\":\"https:\\\/\\\/secure.gravatar.com\\\/avatar\\\/5f53ce9fb6eed4a60e5aaaa712be8773880fa9459d9cac9bc4aa4fdbce3f447f?s=96&d=mm&r=g\",\"url\":\"https:\\\/\\\/secure.gravatar.com\\\/avatar\\\/5f53ce9fb6eed4a60e5aaaa712be8773880fa9459d9cac9bc4aa4fdbce3f447f?s=96&d=mm&r=g\",\"contentUrl\":\"https:\\\/\\\/secure.gravatar.com\\\/avatar\\\/5f53ce9fb6eed4a60e5aaaa712be8773880fa9459d9cac9bc4aa4fdbce3f447f?s=96&d=mm&r=g\",\"caption\":\"dev@grandiz.com\"},\"sameAs\":[\"http:\\\/\\\/preprod.retaildetail.be\"],\"url\":\"https:\\\/\\\/www.retaildetail.be\\\/fr\\\/author\\\/devgrandiz-com\\\/\"}]}<\/script>\n<!-- \/ Yoast SEO plugin. -->","yoast_head_json":{"title":"Buurtsuper.be veut retarder l\u2019introduction du label Smiley - RetailDetail BE","robots":{"index":"index","follow":"follow","max-snippet":"max-snippet:-1","max-image-preview":"max-image-preview:large","max-video-preview":"max-video-preview:-1"},"canonical":"https:\/\/www.retaildetail.be\/fr\/news\/food\/buurtsuperbe-veut-retarder-lintroduction-du-label-smiley\/","og_locale":"fr_FR","og_type":"article","og_title":"Buurtsuper.be veut retarder l\u2019introduction du label Smiley - RetailDetail BE","og_description":"A peine 1.500 magasins valid\u00e9s sur les 25.000 Les magasins alimentaires, supermarch\u00e9s de proximit\u00e9 et les grandes cha\u00eenes r\u00e9pondant aux normes d\u2019hygi\u00e8ne l\u00e9gales, pourront d\u00e8s le 1er ao\u00fbt afficher l\u2019autocollant Smiley. C\u2019est ce que stipule un arr\u00eat\u00e9 minist\u00e9riel de la Ministre des Classes moyennes, des PME, des Ind\u00e9pendants et de l&rsquo;Agriculture Sabine Laruelle (MR). \u00ab [&hellip;]","og_url":"https:\/\/www.retaildetail.be\/fr\/news\/food\/buurtsuperbe-veut-retarder-lintroduction-du-label-smiley\/","og_site_name":"RetailDetail BE","article_published_time":"2012-07-30T10:36:39+00:00","og_image":[{"width":281,"height":147,"url":"https:\/\/i0.wp.com\/www.retaildetail.be\/wp-content\/uploads\/2022\/04\/logo.png?fit=281%2C147&quality=100&strip=all&ssl=1","type":"image\/png"}],"author":"dev@grandiz.com","twitter_card":"summary_large_image","twitter_misc":{"\u00c9crit par":"dev@grandiz.com","Dur\u00e9e de lecture estim\u00e9e":"2 minutes"},"schema":{"@context":"https:\/\/schema.org","@graph":[{"@type":"NewsArticle","@id":"https:\/\/www.retaildetail.be\/fr\/news\/food\/buurtsuperbe-veut-retarder-lintroduction-du-label-smiley\/#article","isPartOf":{"@id":"https:\/\/www.retaildetail.be\/fr\/news\/food\/buurtsuperbe-veut-retarder-lintroduction-du-label-smiley\/"},"author":{"name":"dev@grandiz.com","@id":"https:\/\/www.retaildetail.be\/nl\/#\/schema\/person\/ba2d383452a753a3a1ce8cdb349b5fc9"},"headline":"Buurtsuper.be veut retarder l\u2019introduction du label Smiley","datePublished":"2012-07-30T10:36:39+00:00","mainEntityOfPage":{"@id":"https:\/\/www.retaildetail.be\/fr\/news\/food\/buurtsuperbe-veut-retarder-lintroduction-du-label-smiley\/"},"wordCount":420,"publisher":{"@id":"https:\/\/www.retaildetail.be\/nl\/#organization"},"image":{"@id":"https:\/\/www.retaildetail.be\/fr\/news\/food\/buurtsuperbe-veut-retarder-lintroduction-du-label-smiley\/#primaryimage"},"thumbnailUrl":"https:\/\/www.retaildetail.be\/wp-content\/uploads\/2022\/04\/logo.png","articleSection":["Food"],"inLanguage":"fr-FR","copyrightYear":"2012","copyrightHolder":{"@id":"https:\/\/www.retaildetail.be\/#organization"}},{"@type":"WebPage","@id":"https:\/\/www.retaildetail.be\/fr\/news\/food\/buurtsuperbe-veut-retarder-lintroduction-du-label-smiley\/","url":"https:\/\/www.retaildetail.be\/fr\/news\/food\/buurtsuperbe-veut-retarder-lintroduction-du-label-smiley\/","name":"Buurtsuper.be veut retarder l\u2019introduction du label Smiley - RetailDetail BE","isPartOf":{"@id":"https:\/\/www.retaildetail.be\/nl\/#website"},"primaryImageOfPage":{"@id":"https:\/\/www.retaildetail.be\/fr\/news\/food\/buurtsuperbe-veut-retarder-lintroduction-du-label-smiley\/#primaryimage"},"image":{"@id":"https:\/\/www.retaildetail.be\/fr\/news\/food\/buurtsuperbe-veut-retarder-lintroduction-du-label-smiley\/#primaryimage"},"thumbnailUrl":"https:\/\/www.retaildetail.be\/wp-content\/uploads\/2022\/04\/logo.png","datePublished":"2012-07-30T10:36:39+00:00","breadcrumb":{"@id":"https:\/\/www.retaildetail.be\/fr\/news\/food\/buurtsuperbe-veut-retarder-lintroduction-du-label-smiley\/#breadcrumb"},"inLanguage":"fr-FR","potentialAction":[{"@type":"ReadAction","target":["https:\/\/www.retaildetail.be\/fr\/news\/food\/buurtsuperbe-veut-retarder-lintroduction-du-label-smiley\/"]}]},{"@type":"ImageObject","inLanguage":"fr-FR","@id":"https:\/\/www.retaildetail.be\/fr\/news\/food\/buurtsuperbe-veut-retarder-lintroduction-du-label-smiley\/#primaryimage","url":"https:\/\/www.retaildetail.be\/wp-content\/uploads\/2022\/04\/logo.png","contentUrl":"https:\/\/www.retaildetail.be\/wp-content\/uploads\/2022\/04\/logo.png","width":281,"height":147},{"@type":"BreadcrumbList","@id":"https:\/\/www.retaildetail.be\/fr\/news\/food\/buurtsuperbe-veut-retarder-lintroduction-du-label-smiley\/#breadcrumb","itemListElement":[{"@type":"ListItem","position":1,"name":"Home","item":"https:\/\/www.retaildetail.be\/fr\/"},{"@type":"ListItem","position":2,"name":"Buurtsuper.be veut retarder l\u2019introduction du label Smiley"}]},{"@type":"WebSite","@id":"https:\/\/www.retaildetail.be\/nl\/#website","url":"https:\/\/www.retaildetail.be\/nl\/","name":"RetailDetail BE","description":"News","publisher":{"@id":"https:\/\/www.retaildetail.be\/nl\/#organization"},"potentialAction":[{"@type":"SearchAction","target":{"@type":"EntryPoint","urlTemplate":"https:\/\/www.retaildetail.be\/nl\/?s={search_term_string}"},"query-input":{"@type":"PropertyValueSpecification","valueRequired":true,"valueName":"search_term_string"}}],"inLanguage":"fr-FR"},{"@type":"Organization","@id":"https:\/\/www.retaildetail.be\/nl\/#organization","name":"RetailDetail BE","url":"https:\/\/www.retaildetail.be\/nl\/","logo":{"@type":"ImageObject","inLanguage":"fr-FR","@id":"https:\/\/www.retaildetail.be\/nl\/#\/schema\/logo\/image\/","url":"https:\/\/www.retaildetail.be\/wp-content\/uploads\/2022\/04\/logo.svg","contentUrl":"https:\/\/www.retaildetail.be\/wp-content\/uploads\/2022\/04\/logo.svg","width":131,"height":70,"caption":"RetailDetail BE"},"image":{"@id":"https:\/\/www.retaildetail.be\/nl\/#\/schema\/logo\/image\/"}},{"@type":"Person","@id":"https:\/\/www.retaildetail.be\/nl\/#\/schema\/person\/ba2d383452a753a3a1ce8cdb349b5fc9","name":"dev@grandiz.com","image":{"@type":"ImageObject","inLanguage":"fr-FR","@id":"https:\/\/secure.gravatar.com\/avatar\/5f53ce9fb6eed4a60e5aaaa712be8773880fa9459d9cac9bc4aa4fdbce3f447f?s=96&d=mm&r=g","url":"https:\/\/secure.gravatar.com\/avatar\/5f53ce9fb6eed4a60e5aaaa712be8773880fa9459d9cac9bc4aa4fdbce3f447f?s=96&d=mm&r=g","contentUrl":"https:\/\/secure.gravatar.com\/avatar\/5f53ce9fb6eed4a60e5aaaa712be8773880fa9459d9cac9bc4aa4fdbce3f447f?s=96&d=mm&r=g","caption":"dev@grandiz.com"},"sameAs":["http:\/\/preprod.retaildetail.be"],"url":"https:\/\/www.retaildetail.be\/fr\/author\/devgrandiz-com\/"}]}},"jetpack_featured_media_url":"https:\/\/www.retaildetail.be\/wp-content\/uploads\/2022\/04\/logo.png","jetpack_sharing_enabled":true,"_links":{"self":[{"href":"https:\/\/www.retaildetail.be\/fr\/wp-json\/wp\/v2\/posts\/1917","targetHints":{"allow":["GET"]}}],"collection":[{"href":"https:\/\/www.retaildetail.be\/fr\/wp-json\/wp\/v2\/posts"}],"about":[{"href":"https:\/\/www.retaildetail.be\/fr\/wp-json\/wp\/v2\/types\/post"}],"author":[{"embeddable":true,"href":"https:\/\/www.retaildetail.be\/fr\/wp-json\/wp\/v2\/users\/1"}],"replies":[{"embeddable":true,"href":"https:\/\/www.retaildetail.be\/fr\/wp-json\/wp\/v2\/comments?post=1917"}],"version-history":[{"count":0,"href":"https:\/\/www.retaildetail.be\/fr\/wp-json\/wp\/v2\/posts\/1917\/revisions"}],"wp:featuredmedia":[{"embeddable":true,"href":"https:\/\/www.retaildetail.be\/fr\/wp-json\/wp\/v2\/media\/84"}],"wp:attachment":[{"href":"https:\/\/www.retaildetail.be\/fr\/wp-json\/wp\/v2\/media?parent=1917"}],"wp:term":[{"taxonomy":"category","embeddable":true,"href":"https:\/\/www.retaildetail.be\/fr\/wp-json\/wp\/v2\/categories?post=1917"},{"taxonomy":"post_tag","embeddable":true,"href":"https:\/\/www.retaildetail.be\/fr\/wp-json\/wp\/v2\/tags?post=1917"},{"taxonomy":"people","embeddable":true,"href":"https:\/\/www.retaildetail.be\/fr\/wp-json\/wp\/v2\/people?post=1917"},{"taxonomy":"extra","embeddable":true,"href":"https:\/\/www.retaildetail.be\/fr\/wp-json\/wp\/v2\/extra?post=1917"},{"taxonomy":"company","embeddable":true,"href":"https:\/\/www.retaildetail.be\/fr\/wp-json\/wp\/v2\/company?post=1917"},{"taxonomy":"topic","embeddable":true,"href":"https:\/\/www.retaildetail.be\/fr\/wp-json\/wp\/v2\/topic?post=1917"},{"taxonomy":"region","embeddable":true,"href":"https:\/\/www.retaildetail.be\/fr\/wp-json\/wp\/v2\/region?post=1917"}],"curies":[{"name":"wp","href":"https:\/\/api.w.org\/{rel}","templated":true}]}}