{"id":1918,"date":"2012-07-30T12:45:57","date_gmt":"2012-07-30T12:45:57","guid":{"rendered":"https:\/\/www.retaildetail.be\/food\/colruyt-continue-sa-croissance-malgre-la-morosite-du-climat-de-consommation\/"},"modified":"2012-07-30T12:45:57","modified_gmt":"2012-07-30T12:45:57","slug":"colruyt-continue-sa-croissance-malgre-la-morosite-du-climat-de-consommation","status":"publish","type":"post","link":"https:\/\/www.retaildetail.be\/fr\/news\/food\/colruyt-continue-sa-croissance-malgre-la-morosite-du-climat-de-consommation\/","title":{"rendered":"Colruyt continue sa croissance malgr\u00e9 la morosit\u00e9 du climat de consommation"},"content":{"rendered":"<h2>Hausse sur tous les fronts<\/h2>\n<p>Le groupe a vu son chiffre d\u2019affaires progresser dans tous ses secteurs op\u00e9rationnels. Le chiffre d\u2019affaires des <strong>activit\u00e9s de commerce de d\u00e9tail belges<\/strong> \u2013 226 Colruyt (y compris le Luxembourg), 81 Okay, 7 Bio-Planet et 46 Dreamland (y compris la France) \u2013 s\u2019\u00e9tablit \u00e0 1,55 milliard d\u2019euros, soit <strong>une hausse de +4,3 %<\/strong>. <strong>Les activit\u00e9s de commerce de gros et de foodservice<\/strong> marquent \u00e9galement une progression de <strong>+6,8%<\/strong> jusqu\u2019\u00e0 atteindre 348,2 millions d\u2019euros, principalement gr\u00e2ce \u00e0 Spar qui a le vent en poupe.<\/p>\n<p>La plus forte hausse est attribuable aux <strong>stations-services DATS24<\/strong> : gr\u00e2ce \u00e0 une augmentation des volumes et des prix du p\u00e9trole, le chiffre d\u2019affaires affiche une hausse de <strong>+10,7%<\/strong> et s\u2019\u00e9tablit \u00e0 181,6 millions d\u2019euros.\u00a0 DATS24 compte 87 stations-services en Belgique et une trentaine en France.<\/p>\n<h2>\n<br \/>Climat de consommation morose<\/h2>\n<p>Selon Colruyt, le pouvoir d\u2019achat ayant baiss\u00e9 en Belgique, <strong>les consommateurs se tournent vers des produits meilleur march\u00e9<\/strong>. \u00ab <a target=\"_blank\" href=\"fr\/f-belgique\/bgq-alimentation\/item\/14249-nouvelle-r%C3%A9duction-de-prix-chez-colruyt\" rel=\"noopener\">Notre campagne de r\u00e9ductions suppl\u00e9mentaire sur 500 produits de base<\/a>, en plus de nos meilleurs prix et de nos r\u00e9ductions Extra, est appr\u00e9ci\u00e9e par le client Colruyt \u00bb, pr\u00e9cise le discounter pour expliquer la hausse du chiffre d\u2019affaires en pleine p\u00e9riode de crise.<\/p>\n<p>\u00ab Le combat est rude entre les supermarch\u00e9s pour r\u00e9aliser son chiffre d\u2019affaires et les marges elles aussi sont sous pression. Malgr\u00e9 tout Colruyt, avec les harddiscounters, est parvenu \u00e0 gagner en parts de march\u00e9, \u00bb confie Wim Biesemans, CFO de Colruyt au journal de Tijd. <a target=\"_blank\" href=\"fr\/f-belgique\/bgq-alimentation\/item\/14343-des-r%C3%A9sultats-annuels-meilleurs-que-pr%C3%A9vu-pour-colruyt\" rel=\"noopener\">Sur base des chiffres annuels du mois de juin dernier, Colruyt d\u00e9tient un quart du march\u00e9<\/a>. \u00ab Cette part de march\u00e9 a encore augment\u00e9 depuis \u00bb, affirme le CFO, tout en entrant pas dans les d\u00e9tails. Quant aux pr\u00e9visions de r\u00e9sultat pour l\u2019exercice 2012-2013, il faudra patienter jusqu\u2019\u00e0 l\u2019Assembl\u00e9e g\u00e9n\u00e9rale du 26 septembre prochain.<\/p>\n<p>\u00a0<\/p>\n<p>\u00a0<\/p>\n<p><em>Traduction : Marie-No\u00eblle Masure<\/em><\/p>\n","protected":false},"excerpt":{"rendered":"<p>Hausse sur tous les fronts Le groupe a vu son chiffre d\u2019affaires progresser dans tous ses secteurs op\u00e9rationnels. Le chiffre d\u2019affaires des activit\u00e9s de commerce de d\u00e9tail belges \u2013 226 Colruyt (y compris le Luxembourg), 81 Okay, 7 Bio-Planet et 46 Dreamland (y compris la France) \u2013 s\u2019\u00e9tablit \u00e0 1,55 milliard d\u2019euros, soit une hausse [&hellip;]<\/p>\n","protected":false},"author":1,"featured_media":84,"comment_status":"closed","ping_status":"closed","sticky":false,"template":"","format":"standard","meta":{"_acf_changed":false,"inline_featured_image":false,"_jetpack_memberships_contains_paid_content":false,"footnotes":""},"categories":[24],"tags":[],"people":[],"extra":[],"company":[],"topic":[],"region":[],"class_list":["post-1918","post","type-post","status-publish","format-standard","has-post-thumbnail","hentry","category-food"],"acf":[],"yoast_head":"<!-- This site is optimized with the Yoast SEO plugin v27.3 - https:\/\/yoast.com\/product\/yoast-seo-wordpress\/ -->\n<title>Colruyt continue sa croissance malgr\u00e9 la morosit\u00e9 du climat de consommation - RetailDetail BE<\/title>\n<meta name=\"robots\" content=\"index, follow, max-snippet:-1, max-image-preview:large, max-video-preview:-1\" \/>\n<link rel=\"canonical\" href=\"https:\/\/www.retaildetail.be\/fr\/news\/food\/colruyt-continue-sa-croissance-malgre-la-morosite-du-climat-de-consommation\/\" \/>\n<meta property=\"og:locale\" content=\"fr_FR\" \/>\n<meta property=\"og:type\" content=\"article\" \/>\n<meta property=\"og:title\" content=\"Colruyt continue sa croissance malgr\u00e9 la morosit\u00e9 du climat de consommation - RetailDetail BE\" \/>\n<meta property=\"og:description\" content=\"Hausse sur tous les fronts Le groupe a vu son chiffre d\u2019affaires progresser dans tous ses secteurs op\u00e9rationnels. Le chiffre d\u2019affaires des activit\u00e9s de commerce de d\u00e9tail belges \u2013 226 Colruyt (y compris le Luxembourg), 81 Okay, 7 Bio-Planet et 46 Dreamland (y compris la France) \u2013 s\u2019\u00e9tablit \u00e0 1,55 milliard d\u2019euros, soit une hausse [&hellip;]\" \/>\n<meta property=\"og:url\" content=\"https:\/\/www.retaildetail.be\/fr\/news\/food\/colruyt-continue-sa-croissance-malgre-la-morosite-du-climat-de-consommation\/\" \/>\n<meta property=\"og:site_name\" content=\"RetailDetail BE\" \/>\n<meta property=\"article:published_time\" content=\"2012-07-30T12:45:57+00:00\" \/>\n<meta property=\"og:image\" content=\"https:\/\/i0.wp.com\/www.retaildetail.be\/wp-content\/uploads\/2022\/04\/logo.png?fit=281%2C147&quality=100&strip=all&ssl=1\" \/>\n\t<meta property=\"og:image:width\" content=\"281\" \/>\n\t<meta property=\"og:image:height\" content=\"147\" \/>\n\t<meta property=\"og:image:type\" content=\"image\/png\" \/>\n<meta name=\"author\" content=\"dev@grandiz.com\" \/>\n<meta name=\"twitter:card\" content=\"summary_large_image\" \/>\n<meta name=\"twitter:label1\" content=\"\u00c9crit par\" \/>\n\t<meta name=\"twitter:data1\" content=\"dev@grandiz.com\" \/>\n\t<meta name=\"twitter:label2\" content=\"Dur\u00e9e de lecture estim\u00e9e\" \/>\n\t<meta name=\"twitter:data2\" content=\"2 minutes\" \/>\n<script type=\"application\/ld+json\" class=\"yoast-schema-graph\">{\"@context\":\"https:\\\/\\\/schema.org\",\"@graph\":[{\"@type\":\"NewsArticle\",\"@id\":\"https:\\\/\\\/www.retaildetail.be\\\/fr\\\/news\\\/food\\\/colruyt-continue-sa-croissance-malgre-la-morosite-du-climat-de-consommation\\\/#article\",\"isPartOf\":{\"@id\":\"https:\\\/\\\/www.retaildetail.be\\\/fr\\\/news\\\/food\\\/colruyt-continue-sa-croissance-malgre-la-morosite-du-climat-de-consommation\\\/\"},\"author\":{\"name\":\"dev@grandiz.com\",\"@id\":\"https:\\\/\\\/www.retaildetail.be\\\/nl\\\/#\\\/schema\\\/person\\\/ba2d383452a753a3a1ce8cdb349b5fc9\"},\"headline\":\"Colruyt continue sa croissance malgr\u00e9 la morosit\u00e9 du climat de consommation\",\"datePublished\":\"2012-07-30T12:45:57+00:00\",\"mainEntityOfPage\":{\"@id\":\"https:\\\/\\\/www.retaildetail.be\\\/fr\\\/news\\\/food\\\/colruyt-continue-sa-croissance-malgre-la-morosite-du-climat-de-consommation\\\/\"},\"wordCount\":323,\"publisher\":{\"@id\":\"https:\\\/\\\/www.retaildetail.be\\\/nl\\\/#organization\"},\"image\":{\"@id\":\"https:\\\/\\\/www.retaildetail.be\\\/fr\\\/news\\\/food\\\/colruyt-continue-sa-croissance-malgre-la-morosite-du-climat-de-consommation\\\/#primaryimage\"},\"thumbnailUrl\":\"https:\\\/\\\/www.retaildetail.be\\\/wp-content\\\/uploads\\\/2022\\\/04\\\/logo.png\",\"articleSection\":[\"Food\"],\"inLanguage\":\"fr-FR\",\"copyrightYear\":\"2012\",\"copyrightHolder\":{\"@id\":\"https:\\\/\\\/www.retaildetail.be\\\/#organization\"}},{\"@type\":\"WebPage\",\"@id\":\"https:\\\/\\\/www.retaildetail.be\\\/fr\\\/news\\\/food\\\/colruyt-continue-sa-croissance-malgre-la-morosite-du-climat-de-consommation\\\/\",\"url\":\"https:\\\/\\\/www.retaildetail.be\\\/fr\\\/news\\\/food\\\/colruyt-continue-sa-croissance-malgre-la-morosite-du-climat-de-consommation\\\/\",\"name\":\"Colruyt continue sa croissance malgr\u00e9 la morosit\u00e9 du climat de consommation - RetailDetail BE\",\"isPartOf\":{\"@id\":\"https:\\\/\\\/www.retaildetail.be\\\/nl\\\/#website\"},\"primaryImageOfPage\":{\"@id\":\"https:\\\/\\\/www.retaildetail.be\\\/fr\\\/news\\\/food\\\/colruyt-continue-sa-croissance-malgre-la-morosite-du-climat-de-consommation\\\/#primaryimage\"},\"image\":{\"@id\":\"https:\\\/\\\/www.retaildetail.be\\\/fr\\\/news\\\/food\\\/colruyt-continue-sa-croissance-malgre-la-morosite-du-climat-de-consommation\\\/#primaryimage\"},\"thumbnailUrl\":\"https:\\\/\\\/www.retaildetail.be\\\/wp-content\\\/uploads\\\/2022\\\/04\\\/logo.png\",\"datePublished\":\"2012-07-30T12:45:57+00:00\",\"breadcrumb\":{\"@id\":\"https:\\\/\\\/www.retaildetail.be\\\/fr\\\/news\\\/food\\\/colruyt-continue-sa-croissance-malgre-la-morosite-du-climat-de-consommation\\\/#breadcrumb\"},\"inLanguage\":\"fr-FR\",\"potentialAction\":[{\"@type\":\"ReadAction\",\"target\":[\"https:\\\/\\\/www.retaildetail.be\\\/fr\\\/news\\\/food\\\/colruyt-continue-sa-croissance-malgre-la-morosite-du-climat-de-consommation\\\/\"]}]},{\"@type\":\"ImageObject\",\"inLanguage\":\"fr-FR\",\"@id\":\"https:\\\/\\\/www.retaildetail.be\\\/fr\\\/news\\\/food\\\/colruyt-continue-sa-croissance-malgre-la-morosite-du-climat-de-consommation\\\/#primaryimage\",\"url\":\"https:\\\/\\\/www.retaildetail.be\\\/wp-content\\\/uploads\\\/2022\\\/04\\\/logo.png\",\"contentUrl\":\"https:\\\/\\\/www.retaildetail.be\\\/wp-content\\\/uploads\\\/2022\\\/04\\\/logo.png\",\"width\":281,\"height\":147},{\"@type\":\"BreadcrumbList\",\"@id\":\"https:\\\/\\\/www.retaildetail.be\\\/fr\\\/news\\\/food\\\/colruyt-continue-sa-croissance-malgre-la-morosite-du-climat-de-consommation\\\/#breadcrumb\",\"itemListElement\":[{\"@type\":\"ListItem\",\"position\":1,\"name\":\"Home\",\"item\":\"https:\\\/\\\/www.retaildetail.be\\\/fr\\\/\"},{\"@type\":\"ListItem\",\"position\":2,\"name\":\"Colruyt continue sa croissance malgr\u00e9 la morosit\u00e9 du climat de consommation\"}]},{\"@type\":\"WebSite\",\"@id\":\"https:\\\/\\\/www.retaildetail.be\\\/nl\\\/#website\",\"url\":\"https:\\\/\\\/www.retaildetail.be\\\/nl\\\/\",\"name\":\"RetailDetail BE\",\"description\":\"News\",\"publisher\":{\"@id\":\"https:\\\/\\\/www.retaildetail.be\\\/nl\\\/#organization\"},\"potentialAction\":[{\"@type\":\"SearchAction\",\"target\":{\"@type\":\"EntryPoint\",\"urlTemplate\":\"https:\\\/\\\/www.retaildetail.be\\\/nl\\\/?s={search_term_string}\"},\"query-input\":{\"@type\":\"PropertyValueSpecification\",\"valueRequired\":true,\"valueName\":\"search_term_string\"}}],\"inLanguage\":\"fr-FR\"},{\"@type\":\"Organization\",\"@id\":\"https:\\\/\\\/www.retaildetail.be\\\/nl\\\/#organization\",\"name\":\"RetailDetail BE\",\"url\":\"https:\\\/\\\/www.retaildetail.be\\\/nl\\\/\",\"logo\":{\"@type\":\"ImageObject\",\"inLanguage\":\"fr-FR\",\"@id\":\"https:\\\/\\\/www.retaildetail.be\\\/nl\\\/#\\\/schema\\\/logo\\\/image\\\/\",\"url\":\"https:\\\/\\\/www.retaildetail.be\\\/wp-content\\\/uploads\\\/2022\\\/04\\\/logo.svg\",\"contentUrl\":\"https:\\\/\\\/www.retaildetail.be\\\/wp-content\\\/uploads\\\/2022\\\/04\\\/logo.svg\",\"width\":131,\"height\":70,\"caption\":\"RetailDetail BE\"},\"image\":{\"@id\":\"https:\\\/\\\/www.retaildetail.be\\\/nl\\\/#\\\/schema\\\/logo\\\/image\\\/\"}},{\"@type\":\"Person\",\"@id\":\"https:\\\/\\\/www.retaildetail.be\\\/nl\\\/#\\\/schema\\\/person\\\/ba2d383452a753a3a1ce8cdb349b5fc9\",\"name\":\"dev@grandiz.com\",\"image\":{\"@type\":\"ImageObject\",\"inLanguage\":\"fr-FR\",\"@id\":\"https:\\\/\\\/secure.gravatar.com\\\/avatar\\\/5f53ce9fb6eed4a60e5aaaa712be8773880fa9459d9cac9bc4aa4fdbce3f447f?s=96&d=mm&r=g\",\"url\":\"https:\\\/\\\/secure.gravatar.com\\\/avatar\\\/5f53ce9fb6eed4a60e5aaaa712be8773880fa9459d9cac9bc4aa4fdbce3f447f?s=96&d=mm&r=g\",\"contentUrl\":\"https:\\\/\\\/secure.gravatar.com\\\/avatar\\\/5f53ce9fb6eed4a60e5aaaa712be8773880fa9459d9cac9bc4aa4fdbce3f447f?s=96&d=mm&r=g\",\"caption\":\"dev@grandiz.com\"},\"sameAs\":[\"http:\\\/\\\/preprod.retaildetail.be\"],\"url\":\"https:\\\/\\\/www.retaildetail.be\\\/fr\\\/author\\\/devgrandiz-com\\\/\"}]}<\/script>\n<!-- \/ Yoast SEO plugin. -->","yoast_head_json":{"title":"Colruyt continue sa croissance malgr\u00e9 la morosit\u00e9 du climat de consommation - RetailDetail BE","robots":{"index":"index","follow":"follow","max-snippet":"max-snippet:-1","max-image-preview":"max-image-preview:large","max-video-preview":"max-video-preview:-1"},"canonical":"https:\/\/www.retaildetail.be\/fr\/news\/food\/colruyt-continue-sa-croissance-malgre-la-morosite-du-climat-de-consommation\/","og_locale":"fr_FR","og_type":"article","og_title":"Colruyt continue sa croissance malgr\u00e9 la morosit\u00e9 du climat de consommation - RetailDetail BE","og_description":"Hausse sur tous les fronts Le groupe a vu son chiffre d\u2019affaires progresser dans tous ses secteurs op\u00e9rationnels. Le chiffre d\u2019affaires des activit\u00e9s de commerce de d\u00e9tail belges \u2013 226 Colruyt (y compris le Luxembourg), 81 Okay, 7 Bio-Planet et 46 Dreamland (y compris la France) \u2013 s\u2019\u00e9tablit \u00e0 1,55 milliard d\u2019euros, soit une hausse [&hellip;]","og_url":"https:\/\/www.retaildetail.be\/fr\/news\/food\/colruyt-continue-sa-croissance-malgre-la-morosite-du-climat-de-consommation\/","og_site_name":"RetailDetail BE","article_published_time":"2012-07-30T12:45:57+00:00","og_image":[{"width":281,"height":147,"url":"https:\/\/i0.wp.com\/www.retaildetail.be\/wp-content\/uploads\/2022\/04\/logo.png?fit=281%2C147&quality=100&strip=all&ssl=1","type":"image\/png"}],"author":"dev@grandiz.com","twitter_card":"summary_large_image","twitter_misc":{"\u00c9crit par":"dev@grandiz.com","Dur\u00e9e de lecture estim\u00e9e":"2 minutes"},"schema":{"@context":"https:\/\/schema.org","@graph":[{"@type":"NewsArticle","@id":"https:\/\/www.retaildetail.be\/fr\/news\/food\/colruyt-continue-sa-croissance-malgre-la-morosite-du-climat-de-consommation\/#article","isPartOf":{"@id":"https:\/\/www.retaildetail.be\/fr\/news\/food\/colruyt-continue-sa-croissance-malgre-la-morosite-du-climat-de-consommation\/"},"author":{"name":"dev@grandiz.com","@id":"https:\/\/www.retaildetail.be\/nl\/#\/schema\/person\/ba2d383452a753a3a1ce8cdb349b5fc9"},"headline":"Colruyt continue sa croissance malgr\u00e9 la morosit\u00e9 du climat de consommation","datePublished":"2012-07-30T12:45:57+00:00","mainEntityOfPage":{"@id":"https:\/\/www.retaildetail.be\/fr\/news\/food\/colruyt-continue-sa-croissance-malgre-la-morosite-du-climat-de-consommation\/"},"wordCount":323,"publisher":{"@id":"https:\/\/www.retaildetail.be\/nl\/#organization"},"image":{"@id":"https:\/\/www.retaildetail.be\/fr\/news\/food\/colruyt-continue-sa-croissance-malgre-la-morosite-du-climat-de-consommation\/#primaryimage"},"thumbnailUrl":"https:\/\/www.retaildetail.be\/wp-content\/uploads\/2022\/04\/logo.png","articleSection":["Food"],"inLanguage":"fr-FR","copyrightYear":"2012","copyrightHolder":{"@id":"https:\/\/www.retaildetail.be\/#organization"}},{"@type":"WebPage","@id":"https:\/\/www.retaildetail.be\/fr\/news\/food\/colruyt-continue-sa-croissance-malgre-la-morosite-du-climat-de-consommation\/","url":"https:\/\/www.retaildetail.be\/fr\/news\/food\/colruyt-continue-sa-croissance-malgre-la-morosite-du-climat-de-consommation\/","name":"Colruyt continue sa croissance malgr\u00e9 la morosit\u00e9 du climat de consommation - RetailDetail BE","isPartOf":{"@id":"https:\/\/www.retaildetail.be\/nl\/#website"},"primaryImageOfPage":{"@id":"https:\/\/www.retaildetail.be\/fr\/news\/food\/colruyt-continue-sa-croissance-malgre-la-morosite-du-climat-de-consommation\/#primaryimage"},"image":{"@id":"https:\/\/www.retaildetail.be\/fr\/news\/food\/colruyt-continue-sa-croissance-malgre-la-morosite-du-climat-de-consommation\/#primaryimage"},"thumbnailUrl":"https:\/\/www.retaildetail.be\/wp-content\/uploads\/2022\/04\/logo.png","datePublished":"2012-07-30T12:45:57+00:00","breadcrumb":{"@id":"https:\/\/www.retaildetail.be\/fr\/news\/food\/colruyt-continue-sa-croissance-malgre-la-morosite-du-climat-de-consommation\/#breadcrumb"},"inLanguage":"fr-FR","potentialAction":[{"@type":"ReadAction","target":["https:\/\/www.retaildetail.be\/fr\/news\/food\/colruyt-continue-sa-croissance-malgre-la-morosite-du-climat-de-consommation\/"]}]},{"@type":"ImageObject","inLanguage":"fr-FR","@id":"https:\/\/www.retaildetail.be\/fr\/news\/food\/colruyt-continue-sa-croissance-malgre-la-morosite-du-climat-de-consommation\/#primaryimage","url":"https:\/\/www.retaildetail.be\/wp-content\/uploads\/2022\/04\/logo.png","contentUrl":"https:\/\/www.retaildetail.be\/wp-content\/uploads\/2022\/04\/logo.png","width":281,"height":147},{"@type":"BreadcrumbList","@id":"https:\/\/www.retaildetail.be\/fr\/news\/food\/colruyt-continue-sa-croissance-malgre-la-morosite-du-climat-de-consommation\/#breadcrumb","itemListElement":[{"@type":"ListItem","position":1,"name":"Home","item":"https:\/\/www.retaildetail.be\/fr\/"},{"@type":"ListItem","position":2,"name":"Colruyt continue sa croissance malgr\u00e9 la morosit\u00e9 du climat de consommation"}]},{"@type":"WebSite","@id":"https:\/\/www.retaildetail.be\/nl\/#website","url":"https:\/\/www.retaildetail.be\/nl\/","name":"RetailDetail BE","description":"News","publisher":{"@id":"https:\/\/www.retaildetail.be\/nl\/#organization"},"potentialAction":[{"@type":"SearchAction","target":{"@type":"EntryPoint","urlTemplate":"https:\/\/www.retaildetail.be\/nl\/?s={search_term_string}"},"query-input":{"@type":"PropertyValueSpecification","valueRequired":true,"valueName":"search_term_string"}}],"inLanguage":"fr-FR"},{"@type":"Organization","@id":"https:\/\/www.retaildetail.be\/nl\/#organization","name":"RetailDetail BE","url":"https:\/\/www.retaildetail.be\/nl\/","logo":{"@type":"ImageObject","inLanguage":"fr-FR","@id":"https:\/\/www.retaildetail.be\/nl\/#\/schema\/logo\/image\/","url":"https:\/\/www.retaildetail.be\/wp-content\/uploads\/2022\/04\/logo.svg","contentUrl":"https:\/\/www.retaildetail.be\/wp-content\/uploads\/2022\/04\/logo.svg","width":131,"height":70,"caption":"RetailDetail BE"},"image":{"@id":"https:\/\/www.retaildetail.be\/nl\/#\/schema\/logo\/image\/"}},{"@type":"Person","@id":"https:\/\/www.retaildetail.be\/nl\/#\/schema\/person\/ba2d383452a753a3a1ce8cdb349b5fc9","name":"dev@grandiz.com","image":{"@type":"ImageObject","inLanguage":"fr-FR","@id":"https:\/\/secure.gravatar.com\/avatar\/5f53ce9fb6eed4a60e5aaaa712be8773880fa9459d9cac9bc4aa4fdbce3f447f?s=96&d=mm&r=g","url":"https:\/\/secure.gravatar.com\/avatar\/5f53ce9fb6eed4a60e5aaaa712be8773880fa9459d9cac9bc4aa4fdbce3f447f?s=96&d=mm&r=g","contentUrl":"https:\/\/secure.gravatar.com\/avatar\/5f53ce9fb6eed4a60e5aaaa712be8773880fa9459d9cac9bc4aa4fdbce3f447f?s=96&d=mm&r=g","caption":"dev@grandiz.com"},"sameAs":["http:\/\/preprod.retaildetail.be"],"url":"https:\/\/www.retaildetail.be\/fr\/author\/devgrandiz-com\/"}]}},"jetpack_featured_media_url":"https:\/\/www.retaildetail.be\/wp-content\/uploads\/2022\/04\/logo.png","jetpack_sharing_enabled":true,"_links":{"self":[{"href":"https:\/\/www.retaildetail.be\/fr\/wp-json\/wp\/v2\/posts\/1918","targetHints":{"allow":["GET"]}}],"collection":[{"href":"https:\/\/www.retaildetail.be\/fr\/wp-json\/wp\/v2\/posts"}],"about":[{"href":"https:\/\/www.retaildetail.be\/fr\/wp-json\/wp\/v2\/types\/post"}],"author":[{"embeddable":true,"href":"https:\/\/www.retaildetail.be\/fr\/wp-json\/wp\/v2\/users\/1"}],"replies":[{"embeddable":true,"href":"https:\/\/www.retaildetail.be\/fr\/wp-json\/wp\/v2\/comments?post=1918"}],"version-history":[{"count":0,"href":"https:\/\/www.retaildetail.be\/fr\/wp-json\/wp\/v2\/posts\/1918\/revisions"}],"wp:featuredmedia":[{"embeddable":true,"href":"https:\/\/www.retaildetail.be\/fr\/wp-json\/wp\/v2\/media\/84"}],"wp:attachment":[{"href":"https:\/\/www.retaildetail.be\/fr\/wp-json\/wp\/v2\/media?parent=1918"}],"wp:term":[{"taxonomy":"category","embeddable":true,"href":"https:\/\/www.retaildetail.be\/fr\/wp-json\/wp\/v2\/categories?post=1918"},{"taxonomy":"post_tag","embeddable":true,"href":"https:\/\/www.retaildetail.be\/fr\/wp-json\/wp\/v2\/tags?post=1918"},{"taxonomy":"people","embeddable":true,"href":"https:\/\/www.retaildetail.be\/fr\/wp-json\/wp\/v2\/people?post=1918"},{"taxonomy":"extra","embeddable":true,"href":"https:\/\/www.retaildetail.be\/fr\/wp-json\/wp\/v2\/extra?post=1918"},{"taxonomy":"company","embeddable":true,"href":"https:\/\/www.retaildetail.be\/fr\/wp-json\/wp\/v2\/company?post=1918"},{"taxonomy":"topic","embeddable":true,"href":"https:\/\/www.retaildetail.be\/fr\/wp-json\/wp\/v2\/topic?post=1918"},{"taxonomy":"region","embeddable":true,"href":"https:\/\/www.retaildetail.be\/fr\/wp-json\/wp\/v2\/region?post=1918"}],"curies":[{"name":"wp","href":"https:\/\/api.w.org\/{rel}","templated":true}]}}