{"id":1921,"date":"2012-07-31T12:25:34","date_gmt":"2012-07-31T12:25:34","guid":{"rendered":"https:\/\/www.retaildetail.be\/food\/interdiction-des-cages-classiques-pour-poules-pondeuses-a-partir-du-1er-aout\/"},"modified":"2012-07-31T12:25:34","modified_gmt":"2012-07-31T12:25:34","slug":"interdiction-des-cages-classiques-pour-poules-pondeuses-a-partir-du-1er-aout","status":"publish","type":"post","link":"https:\/\/www.retaildetail.be\/fr\/news\/food\/interdiction-des-cages-classiques-pour-poules-pondeuses-a-partir-du-1er-aout\/","title":{"rendered":"Interdiction des cages classiques pour poules pondeuses \u00e0 partir du 1er ao\u00fbt"},"content":{"rendered":"<h2>Moins de demande et une offre plus importante<\/h2>\n<p>D\u00e9but de cette ann\u00e9e <strong>les prix des \u0153ufs avaient atteint leur niveau le plus \u00e9lev\u00e9 depuis quinze ans<\/strong>. Cette flamb\u00e9e des prix \u00e9tait attribuable non seulement \u00e0 l\u2019entr\u00e9e en vigueur de l\u2019interdiction d\u2019\u0153ufs provenant d\u2019\u00e9levages en batteries classiques, mais \u00e9galement suite \u00e0 l\u2019hiver rigoureux partout en Europe et l\u2019importante demande durant la p\u00e9riode de P\u00e2ques.<\/p>\n<p>La p\u00e9riode de tol\u00e9rance prenant fin\u00a0 \u2013 en d\u00e9but d\u2019ann\u00e9e 10 Etats membres n\u2019avaient pas encore adapt\u00e9 leurs cages aux normes et ont b\u00e9n\u00e9fici\u00e9 d\u2019un d\u00e9lai jusqu\u2019au 31 juillet \u2013 <strong>l\u2019on craint une nouvelle hausse des prix<\/strong>. Toutefois le D\u00e9partement de l\u2019Agriculture et de la P\u00eache estime que la fin de la p\u00e9riode de tol\u00e9rance n\u2019entra\u00eenera pas une augmentation des prix\u00a0 : \u00ab La demande est moins importante qu\u2019au d\u00e9but de cette ann\u00e9e et l\u2019offre a fortement augment\u00e9. \u00bb<\/p>\n<p>Cette demande plus retreinte est li\u00e9e \u00e0 la p\u00e9riode estivale : il y a le traditionnel exode de l\u2019\u00e9t\u00e9, les \u00e9coles sont ferm\u00e9es et l\u2019industrie de transformation des \u0153ufs tourne au ralenti. \u00ab D\u2019autre part les entreprises de transformation d\u2019\u0153ufs h\u00e9sitent dans leur politique d\u2019achat et la distribution semble moins avide d\u2019acheter \u00bb.<\/p>\n<p>A pr\u00e9sent la plupart des producteurs d\u2019\u0153ufs\u00a0 se sont mis aux normes et tournent \u00e0 nouveau \u00e0 plein r\u00e9gime. C\u2019est pourquoi l\u2019UE s\u2019attend \u00e0 une forte augmentation de l\u2019offre : \u00ab C\u2019est \u00e9galement le cas en Belgique : <strong>pour les six premiers mois de cette ann\u00e9e on compte 55% de poules pondeuses en plus<\/strong> par rapport \u00e0 la m\u00eame p\u00e9riode l\u2019ann\u00e9e derni\u00e8re. Le secteur craint m\u00eame une surproduction \u00bb, pr\u00e9cise l\u2019administration de l\u2019agriculture.<\/p>\n<h2>\n<br \/>40 millions de poules pondeuses toujours en cage<\/h2>\n<p>Selon les estimations europ\u00e9ennes, d\u00e9but juillet 40 millions de poules pondeuses \u00e9taient toujours log\u00e9es dans des cages de batterie traditionnelles. Mais qu\u2019adviendra-t-il de ces volailles (et de leurs \u0153ufs) : \u00ab L\u2019un des facteurs cruciaux sera la mani\u00e8re dont <strong>les Etats membres agiront en cas d\u2019infraction<\/strong>. \u00bb<\/p>\n<p><strong>Le SPF Sant\u00e9 publique a fait savoir qu\u2019il\u00a0 interviendra s\u00e9v\u00e8rement<\/strong> envers les producteurs belges n\u2019\u00e9tant pas en r\u00e8gle apr\u00e8s le 31 juillet.<\/p>\n<p>\u00a0<\/p>\n<p>\u00a0<\/p>\n<p><em>Traduction : Marie-No\u00eblle Masure<\/em><\/p>\n","protected":false},"excerpt":{"rendered":"<p>Moins de demande et une offre plus importante D\u00e9but de cette ann\u00e9e les prix des \u0153ufs avaient atteint leur niveau le plus \u00e9lev\u00e9 depuis quinze ans. Cette flamb\u00e9e des prix \u00e9tait attribuable non seulement \u00e0 l\u2019entr\u00e9e en vigueur de l\u2019interdiction d\u2019\u0153ufs provenant d\u2019\u00e9levages en batteries classiques, mais \u00e9galement suite \u00e0 l\u2019hiver rigoureux partout en Europe [&hellip;]<\/p>\n","protected":false},"author":1,"featured_media":84,"comment_status":"closed","ping_status":"closed","sticky":false,"template":"","format":"standard","meta":{"_acf_changed":false,"inline_featured_image":false,"_jetpack_memberships_contains_paid_content":false,"footnotes":""},"categories":[24],"tags":[],"people":[],"extra":[],"company":[],"topic":[],"region":[],"class_list":["post-1921","post","type-post","status-publish","format-standard","has-post-thumbnail","hentry","category-food"],"acf":[],"yoast_head":"<!-- This site is optimized with the Yoast SEO plugin v27.3 - https:\/\/yoast.com\/product\/yoast-seo-wordpress\/ -->\n<title>Interdiction des cages classiques pour poules pondeuses \u00e0 partir du 1er ao\u00fbt - RetailDetail BE<\/title>\n<meta name=\"robots\" content=\"index, follow, max-snippet:-1, max-image-preview:large, max-video-preview:-1\" \/>\n<link rel=\"canonical\" href=\"https:\/\/www.retaildetail.be\/fr\/news\/food\/interdiction-des-cages-classiques-pour-poules-pondeuses-a-partir-du-1er-aout\/\" \/>\n<meta property=\"og:locale\" content=\"fr_FR\" \/>\n<meta property=\"og:type\" content=\"article\" \/>\n<meta property=\"og:title\" content=\"Interdiction des cages classiques pour poules pondeuses \u00e0 partir du 1er ao\u00fbt - RetailDetail BE\" \/>\n<meta property=\"og:description\" content=\"Moins de demande et une offre plus importante D\u00e9but de cette ann\u00e9e les prix des \u0153ufs avaient atteint leur niveau le plus \u00e9lev\u00e9 depuis quinze ans. Cette flamb\u00e9e des prix \u00e9tait attribuable non seulement \u00e0 l\u2019entr\u00e9e en vigueur de l\u2019interdiction d\u2019\u0153ufs provenant d\u2019\u00e9levages en batteries classiques, mais \u00e9galement suite \u00e0 l\u2019hiver rigoureux partout en Europe [&hellip;]\" \/>\n<meta property=\"og:url\" content=\"https:\/\/www.retaildetail.be\/fr\/news\/food\/interdiction-des-cages-classiques-pour-poules-pondeuses-a-partir-du-1er-aout\/\" \/>\n<meta property=\"og:site_name\" content=\"RetailDetail BE\" \/>\n<meta property=\"article:published_time\" content=\"2012-07-31T12:25:34+00:00\" \/>\n<meta property=\"og:image\" content=\"https:\/\/i0.wp.com\/www.retaildetail.be\/wp-content\/uploads\/2022\/04\/logo.png?fit=281%2C147&quality=100&strip=all&ssl=1\" \/>\n\t<meta property=\"og:image:width\" content=\"281\" \/>\n\t<meta property=\"og:image:height\" content=\"147\" \/>\n\t<meta property=\"og:image:type\" content=\"image\/png\" \/>\n<meta name=\"author\" content=\"dev@grandiz.com\" \/>\n<meta name=\"twitter:card\" content=\"summary_large_image\" \/>\n<meta name=\"twitter:label1\" content=\"\u00c9crit par\" \/>\n\t<meta name=\"twitter:data1\" content=\"dev@grandiz.com\" \/>\n\t<meta name=\"twitter:label2\" content=\"Dur\u00e9e de lecture estim\u00e9e\" \/>\n\t<meta name=\"twitter:data2\" content=\"2 minutes\" \/>\n<script type=\"application\/ld+json\" class=\"yoast-schema-graph\">{\"@context\":\"https:\\\/\\\/schema.org\",\"@graph\":[{\"@type\":\"NewsArticle\",\"@id\":\"https:\\\/\\\/www.retaildetail.be\\\/fr\\\/news\\\/food\\\/interdiction-des-cages-classiques-pour-poules-pondeuses-a-partir-du-1er-aout\\\/#article\",\"isPartOf\":{\"@id\":\"https:\\\/\\\/www.retaildetail.be\\\/fr\\\/news\\\/food\\\/interdiction-des-cages-classiques-pour-poules-pondeuses-a-partir-du-1er-aout\\\/\"},\"author\":{\"name\":\"dev@grandiz.com\",\"@id\":\"https:\\\/\\\/www.retaildetail.be\\\/nl\\\/#\\\/schema\\\/person\\\/ba2d383452a753a3a1ce8cdb349b5fc9\"},\"headline\":\"Interdiction des cages classiques pour poules pondeuses \u00e0 partir du 1er ao\u00fbt\",\"datePublished\":\"2012-07-31T12:25:34+00:00\",\"mainEntityOfPage\":{\"@id\":\"https:\\\/\\\/www.retaildetail.be\\\/fr\\\/news\\\/food\\\/interdiction-des-cages-classiques-pour-poules-pondeuses-a-partir-du-1er-aout\\\/\"},\"wordCount\":409,\"publisher\":{\"@id\":\"https:\\\/\\\/www.retaildetail.be\\\/nl\\\/#organization\"},\"image\":{\"@id\":\"https:\\\/\\\/www.retaildetail.be\\\/fr\\\/news\\\/food\\\/interdiction-des-cages-classiques-pour-poules-pondeuses-a-partir-du-1er-aout\\\/#primaryimage\"},\"thumbnailUrl\":\"https:\\\/\\\/www.retaildetail.be\\\/wp-content\\\/uploads\\\/2022\\\/04\\\/logo.png\",\"articleSection\":[\"Food\"],\"inLanguage\":\"fr-FR\",\"copyrightYear\":\"2012\",\"copyrightHolder\":{\"@id\":\"https:\\\/\\\/www.retaildetail.be\\\/#organization\"}},{\"@type\":\"WebPage\",\"@id\":\"https:\\\/\\\/www.retaildetail.be\\\/fr\\\/news\\\/food\\\/interdiction-des-cages-classiques-pour-poules-pondeuses-a-partir-du-1er-aout\\\/\",\"url\":\"https:\\\/\\\/www.retaildetail.be\\\/fr\\\/news\\\/food\\\/interdiction-des-cages-classiques-pour-poules-pondeuses-a-partir-du-1er-aout\\\/\",\"name\":\"Interdiction des cages classiques pour poules pondeuses \u00e0 partir du 1er ao\u00fbt - RetailDetail BE\",\"isPartOf\":{\"@id\":\"https:\\\/\\\/www.retaildetail.be\\\/nl\\\/#website\"},\"primaryImageOfPage\":{\"@id\":\"https:\\\/\\\/www.retaildetail.be\\\/fr\\\/news\\\/food\\\/interdiction-des-cages-classiques-pour-poules-pondeuses-a-partir-du-1er-aout\\\/#primaryimage\"},\"image\":{\"@id\":\"https:\\\/\\\/www.retaildetail.be\\\/fr\\\/news\\\/food\\\/interdiction-des-cages-classiques-pour-poules-pondeuses-a-partir-du-1er-aout\\\/#primaryimage\"},\"thumbnailUrl\":\"https:\\\/\\\/www.retaildetail.be\\\/wp-content\\\/uploads\\\/2022\\\/04\\\/logo.png\",\"datePublished\":\"2012-07-31T12:25:34+00:00\",\"breadcrumb\":{\"@id\":\"https:\\\/\\\/www.retaildetail.be\\\/fr\\\/news\\\/food\\\/interdiction-des-cages-classiques-pour-poules-pondeuses-a-partir-du-1er-aout\\\/#breadcrumb\"},\"inLanguage\":\"fr-FR\",\"potentialAction\":[{\"@type\":\"ReadAction\",\"target\":[\"https:\\\/\\\/www.retaildetail.be\\\/fr\\\/news\\\/food\\\/interdiction-des-cages-classiques-pour-poules-pondeuses-a-partir-du-1er-aout\\\/\"]}]},{\"@type\":\"ImageObject\",\"inLanguage\":\"fr-FR\",\"@id\":\"https:\\\/\\\/www.retaildetail.be\\\/fr\\\/news\\\/food\\\/interdiction-des-cages-classiques-pour-poules-pondeuses-a-partir-du-1er-aout\\\/#primaryimage\",\"url\":\"https:\\\/\\\/www.retaildetail.be\\\/wp-content\\\/uploads\\\/2022\\\/04\\\/logo.png\",\"contentUrl\":\"https:\\\/\\\/www.retaildetail.be\\\/wp-content\\\/uploads\\\/2022\\\/04\\\/logo.png\",\"width\":281,\"height\":147},{\"@type\":\"BreadcrumbList\",\"@id\":\"https:\\\/\\\/www.retaildetail.be\\\/fr\\\/news\\\/food\\\/interdiction-des-cages-classiques-pour-poules-pondeuses-a-partir-du-1er-aout\\\/#breadcrumb\",\"itemListElement\":[{\"@type\":\"ListItem\",\"position\":1,\"name\":\"Home\",\"item\":\"https:\\\/\\\/www.retaildetail.be\\\/fr\\\/\"},{\"@type\":\"ListItem\",\"position\":2,\"name\":\"Interdiction des cages classiques pour poules pondeuses \u00e0 partir du 1er ao\u00fbt\"}]},{\"@type\":\"WebSite\",\"@id\":\"https:\\\/\\\/www.retaildetail.be\\\/nl\\\/#website\",\"url\":\"https:\\\/\\\/www.retaildetail.be\\\/nl\\\/\",\"name\":\"RetailDetail BE\",\"description\":\"News\",\"publisher\":{\"@id\":\"https:\\\/\\\/www.retaildetail.be\\\/nl\\\/#organization\"},\"potentialAction\":[{\"@type\":\"SearchAction\",\"target\":{\"@type\":\"EntryPoint\",\"urlTemplate\":\"https:\\\/\\\/www.retaildetail.be\\\/nl\\\/?s={search_term_string}\"},\"query-input\":{\"@type\":\"PropertyValueSpecification\",\"valueRequired\":true,\"valueName\":\"search_term_string\"}}],\"inLanguage\":\"fr-FR\"},{\"@type\":\"Organization\",\"@id\":\"https:\\\/\\\/www.retaildetail.be\\\/nl\\\/#organization\",\"name\":\"RetailDetail BE\",\"url\":\"https:\\\/\\\/www.retaildetail.be\\\/nl\\\/\",\"logo\":{\"@type\":\"ImageObject\",\"inLanguage\":\"fr-FR\",\"@id\":\"https:\\\/\\\/www.retaildetail.be\\\/nl\\\/#\\\/schema\\\/logo\\\/image\\\/\",\"url\":\"https:\\\/\\\/www.retaildetail.be\\\/wp-content\\\/uploads\\\/2022\\\/04\\\/logo.svg\",\"contentUrl\":\"https:\\\/\\\/www.retaildetail.be\\\/wp-content\\\/uploads\\\/2022\\\/04\\\/logo.svg\",\"width\":131,\"height\":70,\"caption\":\"RetailDetail BE\"},\"image\":{\"@id\":\"https:\\\/\\\/www.retaildetail.be\\\/nl\\\/#\\\/schema\\\/logo\\\/image\\\/\"}},{\"@type\":\"Person\",\"@id\":\"https:\\\/\\\/www.retaildetail.be\\\/nl\\\/#\\\/schema\\\/person\\\/ba2d383452a753a3a1ce8cdb349b5fc9\",\"name\":\"dev@grandiz.com\",\"image\":{\"@type\":\"ImageObject\",\"inLanguage\":\"fr-FR\",\"@id\":\"https:\\\/\\\/secure.gravatar.com\\\/avatar\\\/5f53ce9fb6eed4a60e5aaaa712be8773880fa9459d9cac9bc4aa4fdbce3f447f?s=96&d=mm&r=g\",\"url\":\"https:\\\/\\\/secure.gravatar.com\\\/avatar\\\/5f53ce9fb6eed4a60e5aaaa712be8773880fa9459d9cac9bc4aa4fdbce3f447f?s=96&d=mm&r=g\",\"contentUrl\":\"https:\\\/\\\/secure.gravatar.com\\\/avatar\\\/5f53ce9fb6eed4a60e5aaaa712be8773880fa9459d9cac9bc4aa4fdbce3f447f?s=96&d=mm&r=g\",\"caption\":\"dev@grandiz.com\"},\"sameAs\":[\"http:\\\/\\\/preprod.retaildetail.be\"],\"url\":\"https:\\\/\\\/www.retaildetail.be\\\/fr\\\/author\\\/devgrandiz-com\\\/\"}]}<\/script>\n<!-- \/ Yoast SEO plugin. -->","yoast_head_json":{"title":"Interdiction des cages classiques pour poules pondeuses \u00e0 partir du 1er ao\u00fbt - RetailDetail BE","robots":{"index":"index","follow":"follow","max-snippet":"max-snippet:-1","max-image-preview":"max-image-preview:large","max-video-preview":"max-video-preview:-1"},"canonical":"https:\/\/www.retaildetail.be\/fr\/news\/food\/interdiction-des-cages-classiques-pour-poules-pondeuses-a-partir-du-1er-aout\/","og_locale":"fr_FR","og_type":"article","og_title":"Interdiction des cages classiques pour poules pondeuses \u00e0 partir du 1er ao\u00fbt - RetailDetail BE","og_description":"Moins de demande et une offre plus importante D\u00e9but de cette ann\u00e9e les prix des \u0153ufs avaient atteint leur niveau le plus \u00e9lev\u00e9 depuis quinze ans. Cette flamb\u00e9e des prix \u00e9tait attribuable non seulement \u00e0 l\u2019entr\u00e9e en vigueur de l\u2019interdiction d\u2019\u0153ufs provenant d\u2019\u00e9levages en batteries classiques, mais \u00e9galement suite \u00e0 l\u2019hiver rigoureux partout en Europe [&hellip;]","og_url":"https:\/\/www.retaildetail.be\/fr\/news\/food\/interdiction-des-cages-classiques-pour-poules-pondeuses-a-partir-du-1er-aout\/","og_site_name":"RetailDetail BE","article_published_time":"2012-07-31T12:25:34+00:00","og_image":[{"width":281,"height":147,"url":"https:\/\/i0.wp.com\/www.retaildetail.be\/wp-content\/uploads\/2022\/04\/logo.png?fit=281%2C147&quality=100&strip=all&ssl=1","type":"image\/png"}],"author":"dev@grandiz.com","twitter_card":"summary_large_image","twitter_misc":{"\u00c9crit par":"dev@grandiz.com","Dur\u00e9e de lecture estim\u00e9e":"2 minutes"},"schema":{"@context":"https:\/\/schema.org","@graph":[{"@type":"NewsArticle","@id":"https:\/\/www.retaildetail.be\/fr\/news\/food\/interdiction-des-cages-classiques-pour-poules-pondeuses-a-partir-du-1er-aout\/#article","isPartOf":{"@id":"https:\/\/www.retaildetail.be\/fr\/news\/food\/interdiction-des-cages-classiques-pour-poules-pondeuses-a-partir-du-1er-aout\/"},"author":{"name":"dev@grandiz.com","@id":"https:\/\/www.retaildetail.be\/nl\/#\/schema\/person\/ba2d383452a753a3a1ce8cdb349b5fc9"},"headline":"Interdiction des cages classiques pour poules pondeuses \u00e0 partir du 1er ao\u00fbt","datePublished":"2012-07-31T12:25:34+00:00","mainEntityOfPage":{"@id":"https:\/\/www.retaildetail.be\/fr\/news\/food\/interdiction-des-cages-classiques-pour-poules-pondeuses-a-partir-du-1er-aout\/"},"wordCount":409,"publisher":{"@id":"https:\/\/www.retaildetail.be\/nl\/#organization"},"image":{"@id":"https:\/\/www.retaildetail.be\/fr\/news\/food\/interdiction-des-cages-classiques-pour-poules-pondeuses-a-partir-du-1er-aout\/#primaryimage"},"thumbnailUrl":"https:\/\/www.retaildetail.be\/wp-content\/uploads\/2022\/04\/logo.png","articleSection":["Food"],"inLanguage":"fr-FR","copyrightYear":"2012","copyrightHolder":{"@id":"https:\/\/www.retaildetail.be\/#organization"}},{"@type":"WebPage","@id":"https:\/\/www.retaildetail.be\/fr\/news\/food\/interdiction-des-cages-classiques-pour-poules-pondeuses-a-partir-du-1er-aout\/","url":"https:\/\/www.retaildetail.be\/fr\/news\/food\/interdiction-des-cages-classiques-pour-poules-pondeuses-a-partir-du-1er-aout\/","name":"Interdiction des cages classiques pour poules pondeuses \u00e0 partir du 1er ao\u00fbt - RetailDetail BE","isPartOf":{"@id":"https:\/\/www.retaildetail.be\/nl\/#website"},"primaryImageOfPage":{"@id":"https:\/\/www.retaildetail.be\/fr\/news\/food\/interdiction-des-cages-classiques-pour-poules-pondeuses-a-partir-du-1er-aout\/#primaryimage"},"image":{"@id":"https:\/\/www.retaildetail.be\/fr\/news\/food\/interdiction-des-cages-classiques-pour-poules-pondeuses-a-partir-du-1er-aout\/#primaryimage"},"thumbnailUrl":"https:\/\/www.retaildetail.be\/wp-content\/uploads\/2022\/04\/logo.png","datePublished":"2012-07-31T12:25:34+00:00","breadcrumb":{"@id":"https:\/\/www.retaildetail.be\/fr\/news\/food\/interdiction-des-cages-classiques-pour-poules-pondeuses-a-partir-du-1er-aout\/#breadcrumb"},"inLanguage":"fr-FR","potentialAction":[{"@type":"ReadAction","target":["https:\/\/www.retaildetail.be\/fr\/news\/food\/interdiction-des-cages-classiques-pour-poules-pondeuses-a-partir-du-1er-aout\/"]}]},{"@type":"ImageObject","inLanguage":"fr-FR","@id":"https:\/\/www.retaildetail.be\/fr\/news\/food\/interdiction-des-cages-classiques-pour-poules-pondeuses-a-partir-du-1er-aout\/#primaryimage","url":"https:\/\/www.retaildetail.be\/wp-content\/uploads\/2022\/04\/logo.png","contentUrl":"https:\/\/www.retaildetail.be\/wp-content\/uploads\/2022\/04\/logo.png","width":281,"height":147},{"@type":"BreadcrumbList","@id":"https:\/\/www.retaildetail.be\/fr\/news\/food\/interdiction-des-cages-classiques-pour-poules-pondeuses-a-partir-du-1er-aout\/#breadcrumb","itemListElement":[{"@type":"ListItem","position":1,"name":"Home","item":"https:\/\/www.retaildetail.be\/fr\/"},{"@type":"ListItem","position":2,"name":"Interdiction des cages classiques pour poules pondeuses \u00e0 partir du 1er ao\u00fbt"}]},{"@type":"WebSite","@id":"https:\/\/www.retaildetail.be\/nl\/#website","url":"https:\/\/www.retaildetail.be\/nl\/","name":"RetailDetail BE","description":"News","publisher":{"@id":"https:\/\/www.retaildetail.be\/nl\/#organization"},"potentialAction":[{"@type":"SearchAction","target":{"@type":"EntryPoint","urlTemplate":"https:\/\/www.retaildetail.be\/nl\/?s={search_term_string}"},"query-input":{"@type":"PropertyValueSpecification","valueRequired":true,"valueName":"search_term_string"}}],"inLanguage":"fr-FR"},{"@type":"Organization","@id":"https:\/\/www.retaildetail.be\/nl\/#organization","name":"RetailDetail BE","url":"https:\/\/www.retaildetail.be\/nl\/","logo":{"@type":"ImageObject","inLanguage":"fr-FR","@id":"https:\/\/www.retaildetail.be\/nl\/#\/schema\/logo\/image\/","url":"https:\/\/www.retaildetail.be\/wp-content\/uploads\/2022\/04\/logo.svg","contentUrl":"https:\/\/www.retaildetail.be\/wp-content\/uploads\/2022\/04\/logo.svg","width":131,"height":70,"caption":"RetailDetail BE"},"image":{"@id":"https:\/\/www.retaildetail.be\/nl\/#\/schema\/logo\/image\/"}},{"@type":"Person","@id":"https:\/\/www.retaildetail.be\/nl\/#\/schema\/person\/ba2d383452a753a3a1ce8cdb349b5fc9","name":"dev@grandiz.com","image":{"@type":"ImageObject","inLanguage":"fr-FR","@id":"https:\/\/secure.gravatar.com\/avatar\/5f53ce9fb6eed4a60e5aaaa712be8773880fa9459d9cac9bc4aa4fdbce3f447f?s=96&d=mm&r=g","url":"https:\/\/secure.gravatar.com\/avatar\/5f53ce9fb6eed4a60e5aaaa712be8773880fa9459d9cac9bc4aa4fdbce3f447f?s=96&d=mm&r=g","contentUrl":"https:\/\/secure.gravatar.com\/avatar\/5f53ce9fb6eed4a60e5aaaa712be8773880fa9459d9cac9bc4aa4fdbce3f447f?s=96&d=mm&r=g","caption":"dev@grandiz.com"},"sameAs":["http:\/\/preprod.retaildetail.be"],"url":"https:\/\/www.retaildetail.be\/fr\/author\/devgrandiz-com\/"}]}},"jetpack_featured_media_url":"https:\/\/www.retaildetail.be\/wp-content\/uploads\/2022\/04\/logo.png","jetpack_sharing_enabled":true,"_links":{"self":[{"href":"https:\/\/www.retaildetail.be\/fr\/wp-json\/wp\/v2\/posts\/1921","targetHints":{"allow":["GET"]}}],"collection":[{"href":"https:\/\/www.retaildetail.be\/fr\/wp-json\/wp\/v2\/posts"}],"about":[{"href":"https:\/\/www.retaildetail.be\/fr\/wp-json\/wp\/v2\/types\/post"}],"author":[{"embeddable":true,"href":"https:\/\/www.retaildetail.be\/fr\/wp-json\/wp\/v2\/users\/1"}],"replies":[{"embeddable":true,"href":"https:\/\/www.retaildetail.be\/fr\/wp-json\/wp\/v2\/comments?post=1921"}],"version-history":[{"count":0,"href":"https:\/\/www.retaildetail.be\/fr\/wp-json\/wp\/v2\/posts\/1921\/revisions"}],"wp:featuredmedia":[{"embeddable":true,"href":"https:\/\/www.retaildetail.be\/fr\/wp-json\/wp\/v2\/media\/84"}],"wp:attachment":[{"href":"https:\/\/www.retaildetail.be\/fr\/wp-json\/wp\/v2\/media?parent=1921"}],"wp:term":[{"taxonomy":"category","embeddable":true,"href":"https:\/\/www.retaildetail.be\/fr\/wp-json\/wp\/v2\/categories?post=1921"},{"taxonomy":"post_tag","embeddable":true,"href":"https:\/\/www.retaildetail.be\/fr\/wp-json\/wp\/v2\/tags?post=1921"},{"taxonomy":"people","embeddable":true,"href":"https:\/\/www.retaildetail.be\/fr\/wp-json\/wp\/v2\/people?post=1921"},{"taxonomy":"extra","embeddable":true,"href":"https:\/\/www.retaildetail.be\/fr\/wp-json\/wp\/v2\/extra?post=1921"},{"taxonomy":"company","embeddable":true,"href":"https:\/\/www.retaildetail.be\/fr\/wp-json\/wp\/v2\/company?post=1921"},{"taxonomy":"topic","embeddable":true,"href":"https:\/\/www.retaildetail.be\/fr\/wp-json\/wp\/v2\/topic?post=1921"},{"taxonomy":"region","embeddable":true,"href":"https:\/\/www.retaildetail.be\/fr\/wp-json\/wp\/v2\/region?post=1921"}],"curies":[{"name":"wp","href":"https:\/\/api.w.org\/{rel}","templated":true}]}}