{"id":19415,"date":"2017-06-06T09:15:37","date_gmt":"2017-06-06T09:15:37","guid":{"rendered":"https:\/\/www.retaildetail.be\/m-tail\/le-commerce-en-belgique-poursuit-son-ascension-2\/"},"modified":"2017-06-06T09:15:37","modified_gmt":"2017-06-06T09:15:37","slug":"le-commerce-en-belgique-poursuit-son-ascension-2","status":"publish","type":"post","link":"https:\/\/www.retaildetail.be\/fr\/news\/m-tail\/le-commerce-en-belgique-poursuit-son-ascension-2\/","title":{"rendered":"L\u2019e-commerce en Belgique poursuit son ascension"},"content":{"rendered":"<p>Au premier trimestre de 2017 l\u2019e-commerce en Belgique a\u00a0continu\u00e9 de cro\u00eetre\u00a0: le chiffre d\u2019affaires online a progress\u00e9 de 6% et pour la premi\u00e8re fois la Wallonie affiche une plus forte croissance que la Flandre.<\/p>\n<p><!--break--><\/p>\n<h2>Montant moyen par achat en hausse<\/h2>\n<p>Au premier trimestre de 2017 les d\u00e9penses en ligne en Belgique se sont \u00e9tablies \u00e0 2,44 milliards d\u2019euros, notamment gr\u00e2ce au fait que le nombre de Belges ayant d\u00e9j\u00e0 effectu\u00e9 un achat online a augment\u00e9 de 2% \u00e0 7,1 millions. Toutefois le nombre d\u2019achats est rest\u00e9 stable, ce qui signifie donc que le montant moyen par achat a \u00e9t\u00e9 plus \u00e9lev\u00e9. C\u2019est ce que r\u00e9v\u00e8lent les chiffres du BeCommerce Market Monitor.<\/p>\n<p>\nEn moyenne le Belge a effectu\u00e9 3,1 achats durant le premier trimestre, pour un montant de 114 euros en moyenne par achat. La valeur d\u2019un achat moyen a augment\u00e9 de 4%. Gr\u00e2ce \u00e0 cette croissance la part du segment online sur le chiffre d\u2019affaires total a augment\u00e9 de 15,8% \u00e0 16,9%. Durant cette p\u00e9riode 7,3% de tous les achats ont \u00e9t\u00e9 effectu\u00e9s en ligne, contre 6,9% durant le m\u00eame trimestre en 2016.<\/p>\n<h2>\nCroissance de la cat\u00e9gorie \u2018ordinateurs et accessoires\u2019<\/h2>\n<p>La cat\u00e9gorie la plus populaire est celle des \u2018tickets d\u2019avion et h\u00e9bergements\u2019 dont 85% du chiffre d\u2019affaires provient des ventes en ligne, suivis par les \u2018tickets pour attractions et \u00e9v\u00e9nements\u2019 en deuxi\u00e8me position avec 78% et des \u2018voyages \u00e0 forfait\u2019 en troisi\u00e8me place avec 64%. La cat\u00e9gorie ayant le plus progress\u00e9 est celle des \u2018ordinateurs et accessoires\u2019 (+39%, de 71 \u00e0 94 millions d\u2019euros). Il y a un an cette cat\u00e9gorie g\u00e9n\u00e9rait 16,5% de son chiffre d\u2019affaires online, alors qu\u2019aujourd\u2019hui ce pourcentage s\u2019\u00e9l\u00e8ve \u00e0 22,9%.<\/p>\n<p>\nAvec 56% l\u2019ordinateur portable reste l\u2019appareil le plus utilis\u00e9 pour effectuer des achats en ligne, suivi par l\u2019ordinateur de bureau (35%) et le smartphone qui avec 19% rafle la troisi\u00e8me \u00e0 la tablette.<\/p>\n<p>\u00a0<\/p>\n","protected":false},"excerpt":{"rendered":"<p>Au premier trimestre de 2017 l\u2019e-commerce en Belgique a\u00a0continu\u00e9 de cro\u00eetre\u00a0: le chiffre d\u2019affaires online a progress\u00e9 de 6% et pour la premi\u00e8re fois la Wallonie affiche une plus forte croissance que la Flandre. Montant moyen par achat en hausse Au premier trimestre de 2017 les d\u00e9penses en ligne en Belgique se sont \u00e9tablies \u00e0 [&hellip;]<\/p>\n","protected":false},"author":1,"featured_media":19412,"comment_status":"closed","ping_status":"closed","sticky":false,"template":"","format":"standard","meta":{"_acf_changed":false,"inline_featured_image":false,"_jetpack_memberships_contains_paid_content":false,"footnotes":""},"categories":[34],"tags":[],"people":[],"extra":[],"company":[],"topic":[],"region":[],"class_list":["post-19415","post","type-post","status-publish","format-standard","has-post-thumbnail","hentry","category-m-tail"],"acf":[],"yoast_head":"<!-- This site is optimized with the Yoast SEO plugin v27.3 - https:\/\/yoast.com\/product\/yoast-seo-wordpress\/ -->\n<title>L\u2019e-commerce en Belgique poursuit son ascension - RetailDetail BE<\/title>\n<meta name=\"description\" content=\"Au premier trimestre de 2017 l\u2019e-commerce en Belgique a continu\u00e9 de cro\u00eetre : le chiffre d\u2019affaires online a progress\u00e9 de 6% et pour la premi\u00e8re fois la Wallonie affiche une plus forte croissance que la Flandre.\" \/>\n<meta name=\"robots\" content=\"index, follow, max-snippet:-1, max-image-preview:large, max-video-preview:-1\" \/>\n<link rel=\"canonical\" href=\"https:\/\/www.retaildetail.be\/fr\/news\/m-tail\/le-commerce-en-belgique-poursuit-son-ascension-2\/\" \/>\n<meta property=\"og:locale\" content=\"fr_FR\" \/>\n<meta property=\"og:type\" content=\"article\" \/>\n<meta property=\"og:title\" content=\"L\u2019e-commerce en Belgique poursuit son ascension - RetailDetail BE\" \/>\n<meta property=\"og:description\" content=\"Au premier trimestre de 2017 l\u2019e-commerce en Belgique a continu\u00e9 de cro\u00eetre : le chiffre d\u2019affaires online a progress\u00e9 de 6% et pour la premi\u00e8re fois la Wallonie affiche une plus forte croissance que la Flandre.\" \/>\n<meta property=\"og:url\" content=\"https:\/\/www.retaildetail.be\/fr\/news\/m-tail\/le-commerce-en-belgique-poursuit-son-ascension-2\/\" \/>\n<meta property=\"og:site_name\" content=\"RetailDetail BE\" \/>\n<meta property=\"article:published_time\" content=\"2017-06-06T09:15:37+00:00\" \/>\n<meta property=\"og:image\" content=\"https:\/\/www.retaildetail.be\/wp-content\/uploads\/2022\/04\/shutterstock_580499569.jpg\" \/>\n\t<meta property=\"og:image:width\" content=\"1000\" \/>\n\t<meta property=\"og:image:height\" content=\"668\" \/>\n\t<meta property=\"og:image:type\" content=\"image\/jpeg\" \/>\n<meta name=\"author\" content=\"dev@grandiz.com\" \/>\n<meta name=\"twitter:card\" content=\"summary_large_image\" \/>\n<meta name=\"twitter:label1\" content=\"\u00c9crit par\" \/>\n\t<meta name=\"twitter:data1\" content=\"dev@grandiz.com\" \/>\n\t<meta name=\"twitter:label2\" content=\"Dur\u00e9e de lecture estim\u00e9e\" \/>\n\t<meta name=\"twitter:data2\" content=\"2 minutes\" \/>\n<script type=\"application\/ld+json\" class=\"yoast-schema-graph\">{\"@context\":\"https:\\\/\\\/schema.org\",\"@graph\":[{\"@type\":\"NewsArticle\",\"@id\":\"https:\\\/\\\/www.retaildetail.be\\\/fr\\\/news\\\/m-tail\\\/le-commerce-en-belgique-poursuit-son-ascension-2\\\/#article\",\"isPartOf\":{\"@id\":\"https:\\\/\\\/www.retaildetail.be\\\/fr\\\/news\\\/m-tail\\\/le-commerce-en-belgique-poursuit-son-ascension-2\\\/\"},\"author\":{\"name\":\"dev@grandiz.com\",\"@id\":\"https:\\\/\\\/www.retaildetail.be\\\/nl\\\/#\\\/schema\\\/person\\\/ba2d383452a753a3a1ce8cdb349b5fc9\"},\"headline\":\"L\u2019e-commerce en Belgique poursuit son ascension\",\"datePublished\":\"2017-06-06T09:15:37+00:00\",\"mainEntityOfPage\":{\"@id\":\"https:\\\/\\\/www.retaildetail.be\\\/fr\\\/news\\\/m-tail\\\/le-commerce-en-belgique-poursuit-son-ascension-2\\\/\"},\"wordCount\":323,\"publisher\":{\"@id\":\"https:\\\/\\\/www.retaildetail.be\\\/nl\\\/#organization\"},\"image\":{\"@id\":\"https:\\\/\\\/www.retaildetail.be\\\/fr\\\/news\\\/m-tail\\\/le-commerce-en-belgique-poursuit-son-ascension-2\\\/#primaryimage\"},\"thumbnailUrl\":\"https:\\\/\\\/www.retaildetail.be\\\/wp-content\\\/uploads\\\/2022\\\/04\\\/shutterstock_580499569.jpg\",\"articleSection\":[\"m-Tail\"],\"inLanguage\":\"fr-FR\",\"copyrightYear\":\"2017\",\"copyrightHolder\":{\"@id\":\"https:\\\/\\\/www.retaildetail.be\\\/#organization\"}},{\"@type\":\"WebPage\",\"@id\":\"https:\\\/\\\/www.retaildetail.be\\\/fr\\\/news\\\/m-tail\\\/le-commerce-en-belgique-poursuit-son-ascension-2\\\/\",\"url\":\"https:\\\/\\\/www.retaildetail.be\\\/fr\\\/news\\\/m-tail\\\/le-commerce-en-belgique-poursuit-son-ascension-2\\\/\",\"name\":\"L\u2019e-commerce en Belgique poursuit son ascension - RetailDetail BE\",\"isPartOf\":{\"@id\":\"https:\\\/\\\/www.retaildetail.be\\\/nl\\\/#website\"},\"primaryImageOfPage\":{\"@id\":\"https:\\\/\\\/www.retaildetail.be\\\/fr\\\/news\\\/m-tail\\\/le-commerce-en-belgique-poursuit-son-ascension-2\\\/#primaryimage\"},\"image\":{\"@id\":\"https:\\\/\\\/www.retaildetail.be\\\/fr\\\/news\\\/m-tail\\\/le-commerce-en-belgique-poursuit-son-ascension-2\\\/#primaryimage\"},\"thumbnailUrl\":\"https:\\\/\\\/www.retaildetail.be\\\/wp-content\\\/uploads\\\/2022\\\/04\\\/shutterstock_580499569.jpg\",\"datePublished\":\"2017-06-06T09:15:37+00:00\",\"description\":\"Au premier trimestre de 2017 l\u2019e-commerce en Belgique a continu\u00e9 de cro\u00eetre : le chiffre d\u2019affaires online a progress\u00e9 de 6% et pour la premi\u00e8re fois la Wallonie affiche une plus forte croissance que la Flandre.\",\"breadcrumb\":{\"@id\":\"https:\\\/\\\/www.retaildetail.be\\\/fr\\\/news\\\/m-tail\\\/le-commerce-en-belgique-poursuit-son-ascension-2\\\/#breadcrumb\"},\"inLanguage\":\"fr-FR\",\"potentialAction\":[{\"@type\":\"ReadAction\",\"target\":[\"https:\\\/\\\/www.retaildetail.be\\\/fr\\\/news\\\/m-tail\\\/le-commerce-en-belgique-poursuit-son-ascension-2\\\/\"]}]},{\"@type\":\"ImageObject\",\"inLanguage\":\"fr-FR\",\"@id\":\"https:\\\/\\\/www.retaildetail.be\\\/fr\\\/news\\\/m-tail\\\/le-commerce-en-belgique-poursuit-son-ascension-2\\\/#primaryimage\",\"url\":\"https:\\\/\\\/www.retaildetail.be\\\/wp-content\\\/uploads\\\/2022\\\/04\\\/shutterstock_580499569.jpg\",\"contentUrl\":\"https:\\\/\\\/www.retaildetail.be\\\/wp-content\\\/uploads\\\/2022\\\/04\\\/shutterstock_580499569.jpg\",\"width\":1000,\"height\":668},{\"@type\":\"BreadcrumbList\",\"@id\":\"https:\\\/\\\/www.retaildetail.be\\\/fr\\\/news\\\/m-tail\\\/le-commerce-en-belgique-poursuit-son-ascension-2\\\/#breadcrumb\",\"itemListElement\":[{\"@type\":\"ListItem\",\"position\":1,\"name\":\"Home\",\"item\":\"https:\\\/\\\/www.retaildetail.be\\\/fr\\\/\"},{\"@type\":\"ListItem\",\"position\":2,\"name\":\"L\u2019e-commerce en Belgique poursuit son ascension\"}]},{\"@type\":\"WebSite\",\"@id\":\"https:\\\/\\\/www.retaildetail.be\\\/nl\\\/#website\",\"url\":\"https:\\\/\\\/www.retaildetail.be\\\/nl\\\/\",\"name\":\"RetailDetail BE\",\"description\":\"News\",\"publisher\":{\"@id\":\"https:\\\/\\\/www.retaildetail.be\\\/nl\\\/#organization\"},\"potentialAction\":[{\"@type\":\"SearchAction\",\"target\":{\"@type\":\"EntryPoint\",\"urlTemplate\":\"https:\\\/\\\/www.retaildetail.be\\\/nl\\\/?s={search_term_string}\"},\"query-input\":{\"@type\":\"PropertyValueSpecification\",\"valueRequired\":true,\"valueName\":\"search_term_string\"}}],\"inLanguage\":\"fr-FR\"},{\"@type\":\"Organization\",\"@id\":\"https:\\\/\\\/www.retaildetail.be\\\/nl\\\/#organization\",\"name\":\"RetailDetail BE\",\"url\":\"https:\\\/\\\/www.retaildetail.be\\\/nl\\\/\",\"logo\":{\"@type\":\"ImageObject\",\"inLanguage\":\"fr-FR\",\"@id\":\"https:\\\/\\\/www.retaildetail.be\\\/nl\\\/#\\\/schema\\\/logo\\\/image\\\/\",\"url\":\"https:\\\/\\\/www.retaildetail.be\\\/wp-content\\\/uploads\\\/2022\\\/04\\\/logo.svg\",\"contentUrl\":\"https:\\\/\\\/www.retaildetail.be\\\/wp-content\\\/uploads\\\/2022\\\/04\\\/logo.svg\",\"width\":131,\"height\":70,\"caption\":\"RetailDetail BE\"},\"image\":{\"@id\":\"https:\\\/\\\/www.retaildetail.be\\\/nl\\\/#\\\/schema\\\/logo\\\/image\\\/\"}},{\"@type\":\"Person\",\"@id\":\"https:\\\/\\\/www.retaildetail.be\\\/nl\\\/#\\\/schema\\\/person\\\/ba2d383452a753a3a1ce8cdb349b5fc9\",\"name\":\"dev@grandiz.com\",\"image\":{\"@type\":\"ImageObject\",\"inLanguage\":\"fr-FR\",\"@id\":\"https:\\\/\\\/secure.gravatar.com\\\/avatar\\\/5f53ce9fb6eed4a60e5aaaa712be8773880fa9459d9cac9bc4aa4fdbce3f447f?s=96&d=mm&r=g\",\"url\":\"https:\\\/\\\/secure.gravatar.com\\\/avatar\\\/5f53ce9fb6eed4a60e5aaaa712be8773880fa9459d9cac9bc4aa4fdbce3f447f?s=96&d=mm&r=g\",\"contentUrl\":\"https:\\\/\\\/secure.gravatar.com\\\/avatar\\\/5f53ce9fb6eed4a60e5aaaa712be8773880fa9459d9cac9bc4aa4fdbce3f447f?s=96&d=mm&r=g\",\"caption\":\"dev@grandiz.com\"},\"sameAs\":[\"http:\\\/\\\/preprod.retaildetail.be\"],\"url\":\"https:\\\/\\\/www.retaildetail.be\\\/fr\\\/author\\\/devgrandiz-com\\\/\"}]}<\/script>\n<!-- \/ Yoast SEO plugin. -->","yoast_head_json":{"title":"L\u2019e-commerce en Belgique poursuit son ascension - RetailDetail BE","description":"Au premier trimestre de 2017 l\u2019e-commerce en Belgique a continu\u00e9 de cro\u00eetre : le chiffre d\u2019affaires online a progress\u00e9 de 6% et pour la premi\u00e8re fois la Wallonie affiche une plus forte croissance que la Flandre.","robots":{"index":"index","follow":"follow","max-snippet":"max-snippet:-1","max-image-preview":"max-image-preview:large","max-video-preview":"max-video-preview:-1"},"canonical":"https:\/\/www.retaildetail.be\/fr\/news\/m-tail\/le-commerce-en-belgique-poursuit-son-ascension-2\/","og_locale":"fr_FR","og_type":"article","og_title":"L\u2019e-commerce en Belgique poursuit son ascension - RetailDetail BE","og_description":"Au premier trimestre de 2017 l\u2019e-commerce en Belgique a continu\u00e9 de cro\u00eetre : le chiffre d\u2019affaires online a progress\u00e9 de 6% et pour la premi\u00e8re fois la Wallonie affiche une plus forte croissance que la Flandre.","og_url":"https:\/\/www.retaildetail.be\/fr\/news\/m-tail\/le-commerce-en-belgique-poursuit-son-ascension-2\/","og_site_name":"RetailDetail BE","article_published_time":"2017-06-06T09:15:37+00:00","og_image":[{"width":1000,"height":668,"url":"https:\/\/www.retaildetail.be\/wp-content\/uploads\/2022\/04\/shutterstock_580499569.jpg","type":"image\/jpeg"}],"author":"dev@grandiz.com","twitter_card":"summary_large_image","twitter_misc":{"\u00c9crit par":"dev@grandiz.com","Dur\u00e9e de lecture estim\u00e9e":"2 minutes"},"schema":{"@context":"https:\/\/schema.org","@graph":[{"@type":"NewsArticle","@id":"https:\/\/www.retaildetail.be\/fr\/news\/m-tail\/le-commerce-en-belgique-poursuit-son-ascension-2\/#article","isPartOf":{"@id":"https:\/\/www.retaildetail.be\/fr\/news\/m-tail\/le-commerce-en-belgique-poursuit-son-ascension-2\/"},"author":{"name":"dev@grandiz.com","@id":"https:\/\/www.retaildetail.be\/nl\/#\/schema\/person\/ba2d383452a753a3a1ce8cdb349b5fc9"},"headline":"L\u2019e-commerce en Belgique poursuit son ascension","datePublished":"2017-06-06T09:15:37+00:00","mainEntityOfPage":{"@id":"https:\/\/www.retaildetail.be\/fr\/news\/m-tail\/le-commerce-en-belgique-poursuit-son-ascension-2\/"},"wordCount":323,"publisher":{"@id":"https:\/\/www.retaildetail.be\/nl\/#organization"},"image":{"@id":"https:\/\/www.retaildetail.be\/fr\/news\/m-tail\/le-commerce-en-belgique-poursuit-son-ascension-2\/#primaryimage"},"thumbnailUrl":"https:\/\/www.retaildetail.be\/wp-content\/uploads\/2022\/04\/shutterstock_580499569.jpg","articleSection":["m-Tail"],"inLanguage":"fr-FR","copyrightYear":"2017","copyrightHolder":{"@id":"https:\/\/www.retaildetail.be\/#organization"}},{"@type":"WebPage","@id":"https:\/\/www.retaildetail.be\/fr\/news\/m-tail\/le-commerce-en-belgique-poursuit-son-ascension-2\/","url":"https:\/\/www.retaildetail.be\/fr\/news\/m-tail\/le-commerce-en-belgique-poursuit-son-ascension-2\/","name":"L\u2019e-commerce en Belgique poursuit son ascension - RetailDetail BE","isPartOf":{"@id":"https:\/\/www.retaildetail.be\/nl\/#website"},"primaryImageOfPage":{"@id":"https:\/\/www.retaildetail.be\/fr\/news\/m-tail\/le-commerce-en-belgique-poursuit-son-ascension-2\/#primaryimage"},"image":{"@id":"https:\/\/www.retaildetail.be\/fr\/news\/m-tail\/le-commerce-en-belgique-poursuit-son-ascension-2\/#primaryimage"},"thumbnailUrl":"https:\/\/www.retaildetail.be\/wp-content\/uploads\/2022\/04\/shutterstock_580499569.jpg","datePublished":"2017-06-06T09:15:37+00:00","description":"Au premier trimestre de 2017 l\u2019e-commerce en Belgique a continu\u00e9 de cro\u00eetre : le chiffre d\u2019affaires online a progress\u00e9 de 6% et pour la premi\u00e8re fois la Wallonie affiche une plus forte croissance que la Flandre.","breadcrumb":{"@id":"https:\/\/www.retaildetail.be\/fr\/news\/m-tail\/le-commerce-en-belgique-poursuit-son-ascension-2\/#breadcrumb"},"inLanguage":"fr-FR","potentialAction":[{"@type":"ReadAction","target":["https:\/\/www.retaildetail.be\/fr\/news\/m-tail\/le-commerce-en-belgique-poursuit-son-ascension-2\/"]}]},{"@type":"ImageObject","inLanguage":"fr-FR","@id":"https:\/\/www.retaildetail.be\/fr\/news\/m-tail\/le-commerce-en-belgique-poursuit-son-ascension-2\/#primaryimage","url":"https:\/\/www.retaildetail.be\/wp-content\/uploads\/2022\/04\/shutterstock_580499569.jpg","contentUrl":"https:\/\/www.retaildetail.be\/wp-content\/uploads\/2022\/04\/shutterstock_580499569.jpg","width":1000,"height":668},{"@type":"BreadcrumbList","@id":"https:\/\/www.retaildetail.be\/fr\/news\/m-tail\/le-commerce-en-belgique-poursuit-son-ascension-2\/#breadcrumb","itemListElement":[{"@type":"ListItem","position":1,"name":"Home","item":"https:\/\/www.retaildetail.be\/fr\/"},{"@type":"ListItem","position":2,"name":"L\u2019e-commerce en Belgique poursuit son ascension"}]},{"@type":"WebSite","@id":"https:\/\/www.retaildetail.be\/nl\/#website","url":"https:\/\/www.retaildetail.be\/nl\/","name":"RetailDetail BE","description":"News","publisher":{"@id":"https:\/\/www.retaildetail.be\/nl\/#organization"},"potentialAction":[{"@type":"SearchAction","target":{"@type":"EntryPoint","urlTemplate":"https:\/\/www.retaildetail.be\/nl\/?s={search_term_string}"},"query-input":{"@type":"PropertyValueSpecification","valueRequired":true,"valueName":"search_term_string"}}],"inLanguage":"fr-FR"},{"@type":"Organization","@id":"https:\/\/www.retaildetail.be\/nl\/#organization","name":"RetailDetail BE","url":"https:\/\/www.retaildetail.be\/nl\/","logo":{"@type":"ImageObject","inLanguage":"fr-FR","@id":"https:\/\/www.retaildetail.be\/nl\/#\/schema\/logo\/image\/","url":"https:\/\/www.retaildetail.be\/wp-content\/uploads\/2022\/04\/logo.svg","contentUrl":"https:\/\/www.retaildetail.be\/wp-content\/uploads\/2022\/04\/logo.svg","width":131,"height":70,"caption":"RetailDetail BE"},"image":{"@id":"https:\/\/www.retaildetail.be\/nl\/#\/schema\/logo\/image\/"}},{"@type":"Person","@id":"https:\/\/www.retaildetail.be\/nl\/#\/schema\/person\/ba2d383452a753a3a1ce8cdb349b5fc9","name":"dev@grandiz.com","image":{"@type":"ImageObject","inLanguage":"fr-FR","@id":"https:\/\/secure.gravatar.com\/avatar\/5f53ce9fb6eed4a60e5aaaa712be8773880fa9459d9cac9bc4aa4fdbce3f447f?s=96&d=mm&r=g","url":"https:\/\/secure.gravatar.com\/avatar\/5f53ce9fb6eed4a60e5aaaa712be8773880fa9459d9cac9bc4aa4fdbce3f447f?s=96&d=mm&r=g","contentUrl":"https:\/\/secure.gravatar.com\/avatar\/5f53ce9fb6eed4a60e5aaaa712be8773880fa9459d9cac9bc4aa4fdbce3f447f?s=96&d=mm&r=g","caption":"dev@grandiz.com"},"sameAs":["http:\/\/preprod.retaildetail.be"],"url":"https:\/\/www.retaildetail.be\/fr\/author\/devgrandiz-com\/"}]}},"jetpack_featured_media_url":"https:\/\/www.retaildetail.be\/wp-content\/uploads\/2022\/04\/shutterstock_580499569.jpg","jetpack_sharing_enabled":true,"_links":{"self":[{"href":"https:\/\/www.retaildetail.be\/fr\/wp-json\/wp\/v2\/posts\/19415","targetHints":{"allow":["GET"]}}],"collection":[{"href":"https:\/\/www.retaildetail.be\/fr\/wp-json\/wp\/v2\/posts"}],"about":[{"href":"https:\/\/www.retaildetail.be\/fr\/wp-json\/wp\/v2\/types\/post"}],"author":[{"embeddable":true,"href":"https:\/\/www.retaildetail.be\/fr\/wp-json\/wp\/v2\/users\/1"}],"replies":[{"embeddable":true,"href":"https:\/\/www.retaildetail.be\/fr\/wp-json\/wp\/v2\/comments?post=19415"}],"version-history":[{"count":0,"href":"https:\/\/www.retaildetail.be\/fr\/wp-json\/wp\/v2\/posts\/19415\/revisions"}],"wp:featuredmedia":[{"embeddable":true,"href":"https:\/\/www.retaildetail.be\/fr\/wp-json\/wp\/v2\/media\/19412"}],"wp:attachment":[{"href":"https:\/\/www.retaildetail.be\/fr\/wp-json\/wp\/v2\/media?parent=19415"}],"wp:term":[{"taxonomy":"category","embeddable":true,"href":"https:\/\/www.retaildetail.be\/fr\/wp-json\/wp\/v2\/categories?post=19415"},{"taxonomy":"post_tag","embeddable":true,"href":"https:\/\/www.retaildetail.be\/fr\/wp-json\/wp\/v2\/tags?post=19415"},{"taxonomy":"people","embeddable":true,"href":"https:\/\/www.retaildetail.be\/fr\/wp-json\/wp\/v2\/people?post=19415"},{"taxonomy":"extra","embeddable":true,"href":"https:\/\/www.retaildetail.be\/fr\/wp-json\/wp\/v2\/extra?post=19415"},{"taxonomy":"company","embeddable":true,"href":"https:\/\/www.retaildetail.be\/fr\/wp-json\/wp\/v2\/company?post=19415"},{"taxonomy":"topic","embeddable":true,"href":"https:\/\/www.retaildetail.be\/fr\/wp-json\/wp\/v2\/topic?post=19415"},{"taxonomy":"region","embeddable":true,"href":"https:\/\/www.retaildetail.be\/fr\/wp-json\/wp\/v2\/region?post=19415"}],"curies":[{"name":"wp","href":"https:\/\/api.w.org\/{rel}","templated":true}]}}