{"id":1963,"date":"2012-08-22T14:52:44","date_gmt":"2012-08-22T14:52:44","guid":{"rendered":"https:\/\/www.retaildetail.be\/food\/les-resultats-semestriels-de-delhaize-depassent-les-attentes\/"},"modified":"2012-08-22T14:52:44","modified_gmt":"2012-08-22T14:52:44","slug":"les-resultats-semestriels-de-delhaize-depassent-les-attentes","status":"publish","type":"post","link":"https:\/\/www.retaildetail.be\/fr\/news\/food\/les-resultats-semestriels-de-delhaize-depassent-les-attentes\/","title":{"rendered":"Les r\u00e9sultats semestriels de Delhaize d\u00e9passent  les attentes"},"content":{"rendered":"<h2>Belgique : premi\u00e8re croissance depuis le quatri\u00e8me trimestre 2010<\/h2>\n<div style=\"float: right;border: 1px solid black;margin-left: 10px;margin-bottom: 10px;padding: 5px\">\n<table>\n<tbody>\n<tr>\n<th>(en millions d&rsquo;euros)<\/th>\n<th>2e trim 2011<\/th>\n<th>2e trim 2012<\/th>\n<th>+\/-<\/th>\n<\/tr>\n<tr>\n<td><strong>CA Etats-Unis<\/strong><\/td>\n<td>3393<\/td>\n<td>3686<\/td>\n<td>\u00a0 +8,6%<br \/><em>(en $ -3,1%)<\/em>\n<\/td>\n<\/tr>\n<tr>\n<td><strong>CA Belgique<\/strong><\/td>\n<td>1221<\/td>\n<td>1225<\/td>\n<td>\u00a0 +0,4%<\/td>\n<\/tr>\n<tr>\n<td><strong>CA Eur S-E + Asie<\/strong><\/td>\n<td>\u00a0 493<\/td>\n<td>\u00a0 784<\/td>\n<td>+58,8%<\/td>\n<\/tr>\n<tr>\n<td><strong>CA total<\/strong><\/td>\n<td><strong>5107<\/strong><\/td>\n<td><strong>5695<\/strong><\/td>\n<td><strong>+11,5%<\/strong><\/td>\n<\/tr>\n<tr>\n<td><strong>B\u00e9n\u00e9fice d&rsquo;exploitation<\/strong><\/td>\n<td>\u00a0 209<\/td>\n<td>\u00a0 184<\/td>\n<td>-12,0%<\/td>\n<\/tr>\n<tr>\n<td><strong>B\u00e9n\u00e9fice net<\/strong><\/td>\n<td>\u00a0 117<\/td>\n<td>\u00a0\u00a0\u00a0 87<\/td>\n<td>-25,6%<\/td>\n<\/tr>\n<\/tbody>\n<\/table>\n<\/div>\n<p>En Belgique les ventes ont <strong>augment\u00e9 d\u2019un peu plus d\u20191%<\/strong>, contrairement aux pr\u00e9visions des analystes (-0,6%). Pourtant\u00a0 la marge b\u00e9n\u00e9ficiaire sur le march\u00e9 belge (repr\u00e9sentant un cinqui\u00e8me du chiffre d\u2019affaires de groupe) est en l\u00e9g\u00e8re r\u00e9gression.<\/p>\n<p>\u00a0<\/p>\n<p>Delhaize attribue le recul de cette marge <strong>aux prix d\u2019achat plus \u00e9lev\u00e9s et \u00e0\u00a0 la hausse des co\u00fbts salariaux<\/strong>, cons\u00e9quences de l\u2019inflation et de l\u2019indexation salariale automatique.<\/p>\n<p>\u00a0<\/p>\n<h2>Etats-Unis : une baisse moins importante que pr\u00e9vue<\/h2>\n<p>Aux Etats-Unis \u2013 repr\u00e9sentant 65% du chiffre d\u2019affaires du groupe avec les cha\u00eenes de supermarch\u00e9s Food Lion, Hannaford et Sweetbay \u2013 les ventes dans les magasins ouverts depuis plus d\u2019un an ont diminu\u00e9 de -0,6% durant le semestre dernier ; r\u00e9sultat sup\u00e9rieur toutefois au -1% pr\u00e9vu par les analystes. Ce l\u00e9ger recul n\u2019inclut pas <strong>les 126 magasins ferm\u00e9s au mois de f\u00e9vrier<\/strong> de cette ann\u00e9e.<\/p>\n<p>\u00a0<\/p>\n<p>En Am\u00e9rique Delhaize continue \u00e0 \u00eatre confront\u00e9 \u00e0 une lourde concurrence, notamment de Walmart, ce qui a souvent contraint le groupe \u00e0 diminuer ses prix. <strong>La marge b\u00e9n\u00e9ficiaire a chut\u00e9 d\u20191%<\/strong> (de 4,3% \u00e0 3,3%), son niveau le plus bas depuis plus de 10 ans.\u00a0 \u00ab La tendance des volumes \u2013 bien que toujours n\u00e9gative &#8211; s&rsquo;est am\u00e9lior\u00e9e pour le deuxi\u00e8me trimestre cons\u00e9cutif, principalement suite au repositionnement de l&rsquo;enseigne Food Lion \u00bb, indique le groupe.<\/p>\n<p>\u00a0<\/p>\n<h2>L\u2019Europe du Sud affiche une forte croissance<\/h2>\n<p>Les revenus dans le Sud-Est de l\u2019Europe et en Asie\u00a0 ont progress\u00e9 de 64% \u00e0 taux de change identiques, principalement gr\u00e2ce \u00e0 la reprise de Delta Maxi. \u00ab <strong>Hormis Delta Maxi, les revenus ont continu\u00e9 de progresser fortement<\/strong> dans l&rsquo;ensemble du secteur avec une croissance solide du chiffre d&rsquo;affaires comparable en Roumanie et une croissance continue des revenus en Gr\u00e8ce \u00bb, explique Delhaize, et ce \u00ab malgr\u00e9 l&rsquo;environnement \u00e9conomique difficile, surtout en Gr\u00e8ce. \u00bb<\/p>\n<p>\u00a0<\/p>\n<h2>Delhaize multiplie ses efforts<\/h2>\n<p>\u00ab M\u00eame si nous avons fait des progr\u00e8s au niveau de nos initiatives de croissance, nous continuons \u00e0 \u00eatre <a target=\"_blank\" href=\"http:\/\/www.delhaizegroup.com\/fr\/CentredePublications\/AutresCommuniqu%C3%A9sdePresse\/Communiqu%C3%A9sdepresseView\/tabid\/413\/Article\/1305\/resultats-du-2eme-trimestre-2012-du-groupe-delhaize.aspx\" rel=\"noopener\">confront\u00e9s \u00e0 un environnement commercial difficile <\/a>\u00bb, commente Pierre-Olivier Beckers, administrateur d\u00e9l\u00e9gu\u00e9 du Groupe Delhaize. \u00ab Par cons\u00e9quent, nous avons d\u00e9cid\u00e9 de redoubler nos efforts et d\u2019<strong>augmenter notre attention afin de stimuler une croissance durable de notre chiffre d&rsquo;affaires<\/strong> et d\u2019augmenter la valeur pour les actionnaires. \u00bb Ce matin cette conclusion a d\u2019ores et d\u00e9j\u00e0 \u00e9t\u00e9\u00a0 accueillie avec enthousiasme par les investisseurs :\u00a0 le cours de l\u2019action a progress\u00e9 de plus de 6%.<\/p>\n<p>\u00a0<\/p>\n<p>Le distributeur affirme qu\u2019il \u00ab d\u00e9passera son programme d\u2019\u00e9conomies annuelles brutes de co\u00fbts 2010-2012 en cours et atteindra 550 millions d\u2019euros d&rsquo;ici la fin de cette ann\u00e9e. \u00bb\u00a0 En outre Delhaize pr\u00e9pare<strong> un nouveau plan pluriannuel visant \u00e0 am\u00e9liorer l\u2019efficacit\u00e9<\/strong>.<\/p>\n<p>\u00a0<\/p>\n<p>\u00ab Nous confirmons nos pr\u00e9visions pour l&rsquo;ann\u00e9e compl\u00e8te d&rsquo;une diminution de notre b\u00e9n\u00e9fice d&rsquo;exploitation sous-jacent compris entre 15% et 20% \u00e0 taux de change identiques, mais nous pr\u00e9voyons que <strong>nos r\u00e9sultats se situeront dans le bas de la fourchette<\/strong> en raison de la poursuite des investissements en prix et de la concentration de nos efforts sur le client \u00bb, pr\u00e9cise le groupe.<\/p>\n<p>\u00a0<\/p>\n<p>A la fin du deuxi\u00e8me trimestre 2012 le Groupe Delhaize comptait <strong>3.365 magasins<\/strong> et employait quelque 158.000 personnes au niveau mondial.<\/p>\n<p>\u00a0<\/p>\n<p>\u00a0<\/p>\n<p><em>Traduction : Marie-No\u00eblle Masure<\/em><\/p>\n","protected":false},"excerpt":{"rendered":"<p>Belgique : premi\u00e8re croissance depuis le quatri\u00e8me trimestre 2010 (en millions d&rsquo;euros) 2e trim 2011 2e trim 2012 +\/- CA Etats-Unis 3393 3686 \u00a0 +8,6%(en $ -3,1%) CA Belgique 1221 1225 \u00a0 +0,4% CA Eur S-E + Asie \u00a0 493 \u00a0 784 +58,8% CA total 5107 5695 +11,5% B\u00e9n\u00e9fice d&rsquo;exploitation \u00a0 209 \u00a0 184 -12,0% [&hellip;]<\/p>\n","protected":false},"author":1,"featured_media":84,"comment_status":"closed","ping_status":"closed","sticky":false,"template":"","format":"standard","meta":{"_acf_changed":false,"inline_featured_image":false,"_jetpack_memberships_contains_paid_content":false,"footnotes":""},"categories":[24],"tags":[],"people":[],"extra":[],"company":[],"topic":[],"region":[],"class_list":["post-1963","post","type-post","status-publish","format-standard","has-post-thumbnail","hentry","category-food"],"acf":[],"yoast_head":"<!-- This site is optimized with the Yoast SEO plugin v27.3 - https:\/\/yoast.com\/product\/yoast-seo-wordpress\/ -->\n<title>Les r\u00e9sultats semestriels de Delhaize d\u00e9passent les attentes - RetailDetail BE<\/title>\n<meta name=\"robots\" content=\"index, follow, max-snippet:-1, max-image-preview:large, max-video-preview:-1\" \/>\n<link rel=\"canonical\" href=\"https:\/\/www.retaildetail.be\/fr\/news\/food\/les-resultats-semestriels-de-delhaize-depassent-les-attentes\/\" \/>\n<meta property=\"og:locale\" content=\"fr_FR\" \/>\n<meta property=\"og:type\" content=\"article\" \/>\n<meta property=\"og:title\" content=\"Les r\u00e9sultats semestriels de Delhaize d\u00e9passent les attentes - RetailDetail BE\" \/>\n<meta property=\"og:description\" content=\"Belgique : premi\u00e8re croissance depuis le quatri\u00e8me trimestre 2010 (en millions d&rsquo;euros) 2e trim 2011 2e trim 2012 +\/- CA Etats-Unis 3393 3686 \u00a0 +8,6%(en $ -3,1%) CA Belgique 1221 1225 \u00a0 +0,4% CA Eur S-E + Asie \u00a0 493 \u00a0 784 +58,8% CA total 5107 5695 +11,5% B\u00e9n\u00e9fice d&rsquo;exploitation \u00a0 209 \u00a0 184 -12,0% [&hellip;]\" \/>\n<meta property=\"og:url\" content=\"https:\/\/www.retaildetail.be\/fr\/news\/food\/les-resultats-semestriels-de-delhaize-depassent-les-attentes\/\" \/>\n<meta property=\"og:site_name\" content=\"RetailDetail BE\" \/>\n<meta property=\"article:published_time\" content=\"2012-08-22T14:52:44+00:00\" \/>\n<meta property=\"og:image\" content=\"https:\/\/i0.wp.com\/www.retaildetail.be\/wp-content\/uploads\/2022\/04\/logo.png?fit=281%2C147&quality=100&strip=all&ssl=1\" \/>\n\t<meta property=\"og:image:width\" content=\"281\" \/>\n\t<meta property=\"og:image:height\" content=\"147\" \/>\n\t<meta property=\"og:image:type\" content=\"image\/png\" \/>\n<meta name=\"author\" content=\"dev@grandiz.com\" \/>\n<meta name=\"twitter:card\" content=\"summary_large_image\" \/>\n<meta name=\"twitter:label1\" content=\"\u00c9crit par\" \/>\n\t<meta name=\"twitter:data1\" content=\"dev@grandiz.com\" \/>\n\t<meta name=\"twitter:label2\" content=\"Dur\u00e9e de lecture estim\u00e9e\" \/>\n\t<meta name=\"twitter:data2\" content=\"3 minutes\" \/>\n<script type=\"application\/ld+json\" class=\"yoast-schema-graph\">{\"@context\":\"https:\\\/\\\/schema.org\",\"@graph\":[{\"@type\":\"NewsArticle\",\"@id\":\"https:\\\/\\\/www.retaildetail.be\\\/fr\\\/news\\\/food\\\/les-resultats-semestriels-de-delhaize-depassent-les-attentes\\\/#article\",\"isPartOf\":{\"@id\":\"https:\\\/\\\/www.retaildetail.be\\\/fr\\\/news\\\/food\\\/les-resultats-semestriels-de-delhaize-depassent-les-attentes\\\/\"},\"author\":{\"name\":\"dev@grandiz.com\",\"@id\":\"https:\\\/\\\/www.retaildetail.be\\\/nl\\\/#\\\/schema\\\/person\\\/ba2d383452a753a3a1ce8cdb349b5fc9\"},\"headline\":\"Les r\u00e9sultats semestriels de Delhaize d\u00e9passent les attentes\",\"datePublished\":\"2012-08-22T14:52:44+00:00\",\"mainEntityOfPage\":{\"@id\":\"https:\\\/\\\/www.retaildetail.be\\\/fr\\\/news\\\/food\\\/les-resultats-semestriels-de-delhaize-depassent-les-attentes\\\/\"},\"wordCount\":605,\"publisher\":{\"@id\":\"https:\\\/\\\/www.retaildetail.be\\\/nl\\\/#organization\"},\"image\":{\"@id\":\"https:\\\/\\\/www.retaildetail.be\\\/fr\\\/news\\\/food\\\/les-resultats-semestriels-de-delhaize-depassent-les-attentes\\\/#primaryimage\"},\"thumbnailUrl\":\"https:\\\/\\\/www.retaildetail.be\\\/wp-content\\\/uploads\\\/2022\\\/04\\\/logo.png\",\"articleSection\":[\"Food\"],\"inLanguage\":\"fr-FR\",\"copyrightYear\":\"2012\",\"copyrightHolder\":{\"@id\":\"https:\\\/\\\/www.retaildetail.be\\\/#organization\"}},{\"@type\":\"WebPage\",\"@id\":\"https:\\\/\\\/www.retaildetail.be\\\/fr\\\/news\\\/food\\\/les-resultats-semestriels-de-delhaize-depassent-les-attentes\\\/\",\"url\":\"https:\\\/\\\/www.retaildetail.be\\\/fr\\\/news\\\/food\\\/les-resultats-semestriels-de-delhaize-depassent-les-attentes\\\/\",\"name\":\"Les r\u00e9sultats semestriels de Delhaize d\u00e9passent les attentes - RetailDetail BE\",\"isPartOf\":{\"@id\":\"https:\\\/\\\/www.retaildetail.be\\\/nl\\\/#website\"},\"primaryImageOfPage\":{\"@id\":\"https:\\\/\\\/www.retaildetail.be\\\/fr\\\/news\\\/food\\\/les-resultats-semestriels-de-delhaize-depassent-les-attentes\\\/#primaryimage\"},\"image\":{\"@id\":\"https:\\\/\\\/www.retaildetail.be\\\/fr\\\/news\\\/food\\\/les-resultats-semestriels-de-delhaize-depassent-les-attentes\\\/#primaryimage\"},\"thumbnailUrl\":\"https:\\\/\\\/www.retaildetail.be\\\/wp-content\\\/uploads\\\/2022\\\/04\\\/logo.png\",\"datePublished\":\"2012-08-22T14:52:44+00:00\",\"breadcrumb\":{\"@id\":\"https:\\\/\\\/www.retaildetail.be\\\/fr\\\/news\\\/food\\\/les-resultats-semestriels-de-delhaize-depassent-les-attentes\\\/#breadcrumb\"},\"inLanguage\":\"fr-FR\",\"potentialAction\":[{\"@type\":\"ReadAction\",\"target\":[\"https:\\\/\\\/www.retaildetail.be\\\/fr\\\/news\\\/food\\\/les-resultats-semestriels-de-delhaize-depassent-les-attentes\\\/\"]}]},{\"@type\":\"ImageObject\",\"inLanguage\":\"fr-FR\",\"@id\":\"https:\\\/\\\/www.retaildetail.be\\\/fr\\\/news\\\/food\\\/les-resultats-semestriels-de-delhaize-depassent-les-attentes\\\/#primaryimage\",\"url\":\"https:\\\/\\\/www.retaildetail.be\\\/wp-content\\\/uploads\\\/2022\\\/04\\\/logo.png\",\"contentUrl\":\"https:\\\/\\\/www.retaildetail.be\\\/wp-content\\\/uploads\\\/2022\\\/04\\\/logo.png\",\"width\":281,\"height\":147},{\"@type\":\"BreadcrumbList\",\"@id\":\"https:\\\/\\\/www.retaildetail.be\\\/fr\\\/news\\\/food\\\/les-resultats-semestriels-de-delhaize-depassent-les-attentes\\\/#breadcrumb\",\"itemListElement\":[{\"@type\":\"ListItem\",\"position\":1,\"name\":\"Home\",\"item\":\"https:\\\/\\\/www.retaildetail.be\\\/fr\\\/\"},{\"@type\":\"ListItem\",\"position\":2,\"name\":\"Les r\u00e9sultats semestriels de Delhaize d\u00e9passent les attentes\"}]},{\"@type\":\"WebSite\",\"@id\":\"https:\\\/\\\/www.retaildetail.be\\\/nl\\\/#website\",\"url\":\"https:\\\/\\\/www.retaildetail.be\\\/nl\\\/\",\"name\":\"RetailDetail BE\",\"description\":\"News\",\"publisher\":{\"@id\":\"https:\\\/\\\/www.retaildetail.be\\\/nl\\\/#organization\"},\"potentialAction\":[{\"@type\":\"SearchAction\",\"target\":{\"@type\":\"EntryPoint\",\"urlTemplate\":\"https:\\\/\\\/www.retaildetail.be\\\/nl\\\/?s={search_term_string}\"},\"query-input\":{\"@type\":\"PropertyValueSpecification\",\"valueRequired\":true,\"valueName\":\"search_term_string\"}}],\"inLanguage\":\"fr-FR\"},{\"@type\":\"Organization\",\"@id\":\"https:\\\/\\\/www.retaildetail.be\\\/nl\\\/#organization\",\"name\":\"RetailDetail BE\",\"url\":\"https:\\\/\\\/www.retaildetail.be\\\/nl\\\/\",\"logo\":{\"@type\":\"ImageObject\",\"inLanguage\":\"fr-FR\",\"@id\":\"https:\\\/\\\/www.retaildetail.be\\\/nl\\\/#\\\/schema\\\/logo\\\/image\\\/\",\"url\":\"https:\\\/\\\/www.retaildetail.be\\\/wp-content\\\/uploads\\\/2022\\\/04\\\/logo.svg\",\"contentUrl\":\"https:\\\/\\\/www.retaildetail.be\\\/wp-content\\\/uploads\\\/2022\\\/04\\\/logo.svg\",\"width\":131,\"height\":70,\"caption\":\"RetailDetail BE\"},\"image\":{\"@id\":\"https:\\\/\\\/www.retaildetail.be\\\/nl\\\/#\\\/schema\\\/logo\\\/image\\\/\"}},{\"@type\":\"Person\",\"@id\":\"https:\\\/\\\/www.retaildetail.be\\\/nl\\\/#\\\/schema\\\/person\\\/ba2d383452a753a3a1ce8cdb349b5fc9\",\"name\":\"dev@grandiz.com\",\"image\":{\"@type\":\"ImageObject\",\"inLanguage\":\"fr-FR\",\"@id\":\"https:\\\/\\\/secure.gravatar.com\\\/avatar\\\/5f53ce9fb6eed4a60e5aaaa712be8773880fa9459d9cac9bc4aa4fdbce3f447f?s=96&d=mm&r=g\",\"url\":\"https:\\\/\\\/secure.gravatar.com\\\/avatar\\\/5f53ce9fb6eed4a60e5aaaa712be8773880fa9459d9cac9bc4aa4fdbce3f447f?s=96&d=mm&r=g\",\"contentUrl\":\"https:\\\/\\\/secure.gravatar.com\\\/avatar\\\/5f53ce9fb6eed4a60e5aaaa712be8773880fa9459d9cac9bc4aa4fdbce3f447f?s=96&d=mm&r=g\",\"caption\":\"dev@grandiz.com\"},\"sameAs\":[\"http:\\\/\\\/preprod.retaildetail.be\"],\"url\":\"https:\\\/\\\/www.retaildetail.be\\\/fr\\\/author\\\/devgrandiz-com\\\/\"}]}<\/script>\n<!-- \/ Yoast SEO plugin. -->","yoast_head_json":{"title":"Les r\u00e9sultats semestriels de Delhaize d\u00e9passent les attentes - RetailDetail BE","robots":{"index":"index","follow":"follow","max-snippet":"max-snippet:-1","max-image-preview":"max-image-preview:large","max-video-preview":"max-video-preview:-1"},"canonical":"https:\/\/www.retaildetail.be\/fr\/news\/food\/les-resultats-semestriels-de-delhaize-depassent-les-attentes\/","og_locale":"fr_FR","og_type":"article","og_title":"Les r\u00e9sultats semestriels de Delhaize d\u00e9passent les attentes - RetailDetail BE","og_description":"Belgique : premi\u00e8re croissance depuis le quatri\u00e8me trimestre 2010 (en millions d&rsquo;euros) 2e trim 2011 2e trim 2012 +\/- CA Etats-Unis 3393 3686 \u00a0 +8,6%(en $ -3,1%) CA Belgique 1221 1225 \u00a0 +0,4% CA Eur S-E + Asie \u00a0 493 \u00a0 784 +58,8% CA total 5107 5695 +11,5% B\u00e9n\u00e9fice d&rsquo;exploitation \u00a0 209 \u00a0 184 -12,0% [&hellip;]","og_url":"https:\/\/www.retaildetail.be\/fr\/news\/food\/les-resultats-semestriels-de-delhaize-depassent-les-attentes\/","og_site_name":"RetailDetail BE","article_published_time":"2012-08-22T14:52:44+00:00","og_image":[{"width":281,"height":147,"url":"https:\/\/i0.wp.com\/www.retaildetail.be\/wp-content\/uploads\/2022\/04\/logo.png?fit=281%2C147&quality=100&strip=all&ssl=1","type":"image\/png"}],"author":"dev@grandiz.com","twitter_card":"summary_large_image","twitter_misc":{"\u00c9crit par":"dev@grandiz.com","Dur\u00e9e de lecture estim\u00e9e":"3 minutes"},"schema":{"@context":"https:\/\/schema.org","@graph":[{"@type":"NewsArticle","@id":"https:\/\/www.retaildetail.be\/fr\/news\/food\/les-resultats-semestriels-de-delhaize-depassent-les-attentes\/#article","isPartOf":{"@id":"https:\/\/www.retaildetail.be\/fr\/news\/food\/les-resultats-semestriels-de-delhaize-depassent-les-attentes\/"},"author":{"name":"dev@grandiz.com","@id":"https:\/\/www.retaildetail.be\/nl\/#\/schema\/person\/ba2d383452a753a3a1ce8cdb349b5fc9"},"headline":"Les r\u00e9sultats semestriels de Delhaize d\u00e9passent les attentes","datePublished":"2012-08-22T14:52:44+00:00","mainEntityOfPage":{"@id":"https:\/\/www.retaildetail.be\/fr\/news\/food\/les-resultats-semestriels-de-delhaize-depassent-les-attentes\/"},"wordCount":605,"publisher":{"@id":"https:\/\/www.retaildetail.be\/nl\/#organization"},"image":{"@id":"https:\/\/www.retaildetail.be\/fr\/news\/food\/les-resultats-semestriels-de-delhaize-depassent-les-attentes\/#primaryimage"},"thumbnailUrl":"https:\/\/www.retaildetail.be\/wp-content\/uploads\/2022\/04\/logo.png","articleSection":["Food"],"inLanguage":"fr-FR","copyrightYear":"2012","copyrightHolder":{"@id":"https:\/\/www.retaildetail.be\/#organization"}},{"@type":"WebPage","@id":"https:\/\/www.retaildetail.be\/fr\/news\/food\/les-resultats-semestriels-de-delhaize-depassent-les-attentes\/","url":"https:\/\/www.retaildetail.be\/fr\/news\/food\/les-resultats-semestriels-de-delhaize-depassent-les-attentes\/","name":"Les r\u00e9sultats semestriels de Delhaize d\u00e9passent les attentes - RetailDetail BE","isPartOf":{"@id":"https:\/\/www.retaildetail.be\/nl\/#website"},"primaryImageOfPage":{"@id":"https:\/\/www.retaildetail.be\/fr\/news\/food\/les-resultats-semestriels-de-delhaize-depassent-les-attentes\/#primaryimage"},"image":{"@id":"https:\/\/www.retaildetail.be\/fr\/news\/food\/les-resultats-semestriels-de-delhaize-depassent-les-attentes\/#primaryimage"},"thumbnailUrl":"https:\/\/www.retaildetail.be\/wp-content\/uploads\/2022\/04\/logo.png","datePublished":"2012-08-22T14:52:44+00:00","breadcrumb":{"@id":"https:\/\/www.retaildetail.be\/fr\/news\/food\/les-resultats-semestriels-de-delhaize-depassent-les-attentes\/#breadcrumb"},"inLanguage":"fr-FR","potentialAction":[{"@type":"ReadAction","target":["https:\/\/www.retaildetail.be\/fr\/news\/food\/les-resultats-semestriels-de-delhaize-depassent-les-attentes\/"]}]},{"@type":"ImageObject","inLanguage":"fr-FR","@id":"https:\/\/www.retaildetail.be\/fr\/news\/food\/les-resultats-semestriels-de-delhaize-depassent-les-attentes\/#primaryimage","url":"https:\/\/www.retaildetail.be\/wp-content\/uploads\/2022\/04\/logo.png","contentUrl":"https:\/\/www.retaildetail.be\/wp-content\/uploads\/2022\/04\/logo.png","width":281,"height":147},{"@type":"BreadcrumbList","@id":"https:\/\/www.retaildetail.be\/fr\/news\/food\/les-resultats-semestriels-de-delhaize-depassent-les-attentes\/#breadcrumb","itemListElement":[{"@type":"ListItem","position":1,"name":"Home","item":"https:\/\/www.retaildetail.be\/fr\/"},{"@type":"ListItem","position":2,"name":"Les r\u00e9sultats semestriels de Delhaize d\u00e9passent les attentes"}]},{"@type":"WebSite","@id":"https:\/\/www.retaildetail.be\/nl\/#website","url":"https:\/\/www.retaildetail.be\/nl\/","name":"RetailDetail BE","description":"News","publisher":{"@id":"https:\/\/www.retaildetail.be\/nl\/#organization"},"potentialAction":[{"@type":"SearchAction","target":{"@type":"EntryPoint","urlTemplate":"https:\/\/www.retaildetail.be\/nl\/?s={search_term_string}"},"query-input":{"@type":"PropertyValueSpecification","valueRequired":true,"valueName":"search_term_string"}}],"inLanguage":"fr-FR"},{"@type":"Organization","@id":"https:\/\/www.retaildetail.be\/nl\/#organization","name":"RetailDetail BE","url":"https:\/\/www.retaildetail.be\/nl\/","logo":{"@type":"ImageObject","inLanguage":"fr-FR","@id":"https:\/\/www.retaildetail.be\/nl\/#\/schema\/logo\/image\/","url":"https:\/\/www.retaildetail.be\/wp-content\/uploads\/2022\/04\/logo.svg","contentUrl":"https:\/\/www.retaildetail.be\/wp-content\/uploads\/2022\/04\/logo.svg","width":131,"height":70,"caption":"RetailDetail BE"},"image":{"@id":"https:\/\/www.retaildetail.be\/nl\/#\/schema\/logo\/image\/"}},{"@type":"Person","@id":"https:\/\/www.retaildetail.be\/nl\/#\/schema\/person\/ba2d383452a753a3a1ce8cdb349b5fc9","name":"dev@grandiz.com","image":{"@type":"ImageObject","inLanguage":"fr-FR","@id":"https:\/\/secure.gravatar.com\/avatar\/5f53ce9fb6eed4a60e5aaaa712be8773880fa9459d9cac9bc4aa4fdbce3f447f?s=96&d=mm&r=g","url":"https:\/\/secure.gravatar.com\/avatar\/5f53ce9fb6eed4a60e5aaaa712be8773880fa9459d9cac9bc4aa4fdbce3f447f?s=96&d=mm&r=g","contentUrl":"https:\/\/secure.gravatar.com\/avatar\/5f53ce9fb6eed4a60e5aaaa712be8773880fa9459d9cac9bc4aa4fdbce3f447f?s=96&d=mm&r=g","caption":"dev@grandiz.com"},"sameAs":["http:\/\/preprod.retaildetail.be"],"url":"https:\/\/www.retaildetail.be\/fr\/author\/devgrandiz-com\/"}]}},"jetpack_featured_media_url":"https:\/\/www.retaildetail.be\/wp-content\/uploads\/2022\/04\/logo.png","jetpack_sharing_enabled":true,"_links":{"self":[{"href":"https:\/\/www.retaildetail.be\/fr\/wp-json\/wp\/v2\/posts\/1963","targetHints":{"allow":["GET"]}}],"collection":[{"href":"https:\/\/www.retaildetail.be\/fr\/wp-json\/wp\/v2\/posts"}],"about":[{"href":"https:\/\/www.retaildetail.be\/fr\/wp-json\/wp\/v2\/types\/post"}],"author":[{"embeddable":true,"href":"https:\/\/www.retaildetail.be\/fr\/wp-json\/wp\/v2\/users\/1"}],"replies":[{"embeddable":true,"href":"https:\/\/www.retaildetail.be\/fr\/wp-json\/wp\/v2\/comments?post=1963"}],"version-history":[{"count":0,"href":"https:\/\/www.retaildetail.be\/fr\/wp-json\/wp\/v2\/posts\/1963\/revisions"}],"wp:featuredmedia":[{"embeddable":true,"href":"https:\/\/www.retaildetail.be\/fr\/wp-json\/wp\/v2\/media\/84"}],"wp:attachment":[{"href":"https:\/\/www.retaildetail.be\/fr\/wp-json\/wp\/v2\/media?parent=1963"}],"wp:term":[{"taxonomy":"category","embeddable":true,"href":"https:\/\/www.retaildetail.be\/fr\/wp-json\/wp\/v2\/categories?post=1963"},{"taxonomy":"post_tag","embeddable":true,"href":"https:\/\/www.retaildetail.be\/fr\/wp-json\/wp\/v2\/tags?post=1963"},{"taxonomy":"people","embeddable":true,"href":"https:\/\/www.retaildetail.be\/fr\/wp-json\/wp\/v2\/people?post=1963"},{"taxonomy":"extra","embeddable":true,"href":"https:\/\/www.retaildetail.be\/fr\/wp-json\/wp\/v2\/extra?post=1963"},{"taxonomy":"company","embeddable":true,"href":"https:\/\/www.retaildetail.be\/fr\/wp-json\/wp\/v2\/company?post=1963"},{"taxonomy":"topic","embeddable":true,"href":"https:\/\/www.retaildetail.be\/fr\/wp-json\/wp\/v2\/topic?post=1963"},{"taxonomy":"region","embeddable":true,"href":"https:\/\/www.retaildetail.be\/fr\/wp-json\/wp\/v2\/region?post=1963"}],"curies":[{"name":"wp","href":"https:\/\/api.w.org\/{rel}","templated":true}]}}