{"id":1969,"date":"2012-08-24T09:34:42","date_gmt":"2012-08-24T09:34:42","guid":{"rendered":"https:\/\/www.retaildetail.be\/food\/le-secteur-alimentaire-belge-sengage-a-emettre-une-publicite-responsable\/"},"modified":"2012-08-24T09:34:42","modified_gmt":"2012-08-24T09:34:42","slug":"le-secteur-alimentaire-belge-sengage-a-emettre-une-publicite-responsable","status":"publish","type":"post","link":"https:\/\/www.retaildetail.be\/fr\/news\/food\/le-secteur-alimentaire-belge-sengage-a-emettre-une-publicite-responsable\/","title":{"rendered":"Le secteur alimentaire belge s\u2019engage \u00e0 \u00e9mettre une \u00ab publicit\u00e9 responsable \u00bb"},"content":{"rendered":"<h2>Version belge du \u2018EU Pledge\u2019<\/h2>\n<p><a target=\"_blank\" href=\"http:\/\/www.ubabelgium.be\/uba\/view\/fr\/rencontrer\/uba_events\/lancement_de_la_plate-formeresponsible_food_advertising\" rel=\"noopener\">Les initiateurs belges se sont inspir\u00e9s du <\/a><strong><a target=\"_blank\" href=\"http:\/\/www.ubabelgium.be\/uba\/view\/fr\/rencontrer\/uba_events\/lancement_de_la_plate-formeresponsible_food_advertising\" rel=\"noopener\">\u2018EU Pledge<\/a>\u2019<\/strong> (signifiant litt\u00e9ralement \u2018Promesse europ\u00e9enne\u2019) qui stipule que \u00ab les entreprises signataires prennent l&rsquo;engagement, sur base volontaire, de ne pas faire de publicit\u00e9 TV, Presse, Radio et Internet destin\u00e9e aux enfants de moins de 12 ans pour des produits alimentaires ou des boissons qui ne r\u00e9pondent pas \u00e0 des crit\u00e8res nutritionnels sp\u00e9cifiques \u00bb, comme le rappelle UBA sur son site internet.<\/p>\n<p>UBA, Comeos et Fevia attendent des <strong>entreprises signataires du EU Pledge qu\u2019elles confirment cet engagement en souscrivant au Belgian Pledge<\/strong> ; et ajoutent que \u00ab le succ\u00e8s de cette initiative et sa cr\u00e9dibilit\u00e9 n\u00e9cessitent \u00e9galement l\u2019adh\u00e9sion volontaire d\u2019autres entreprises. Un appel est donc lanc\u00e9 aux entreprises de produits alimentaires et de boissons qui souhaitent rejoindre les 19 premiers signataires. \u00bb<\/p>\n<p>\u00a0<\/p>\n<h2>Soutien mondial<\/h2>\n<p>L\u2019identit\u00e9 de ces dix-neuf entreprises et ce \u00e0 quoi elles s\u2019engagent, sera r\u00e9v\u00e9l\u00e9 le 11 septembre lors du lancement officiel, mais l\u2019UBA\u00a0 annonce d\u2019ores et d\u00e9j\u00e0 que certains engagements sont similaires \u00e0 ceux du \u2018EU Pledge\u2019, lanc\u00e9 officiellement en 2007. <a target=\"_blank\" href=\"http:\/\/www.eu-pledge.eu\/\" rel=\"noopener\">Parmi les signataires de l\u2019initiative europ\u00e9enne<\/a> figurent notamment Coca-Cola, Danone, Unilever, Mars, Kraft Foods, P&amp;G et Nestl\u00e9.<\/p>\n<p>La variante belge b\u00e9n\u00e9ficie du soutien du Conseil de la Publicit\u00e9, du JEP (Jury d\u2019Ethique Publicitaire), de la WFA (World Federation of Advertisers) et de Laurette Onkelinx, Vice-Premi\u00e8re Ministre et Ministre des Affaires Sociales et de la Sant\u00e9 Publique.<\/p>\n<p>\u00a0<\/p>\n<p>\u00a0<\/p>\n<p><em>Trauction : Marie-No\u00eblle Masure<\/em><\/p>\n","protected":false},"excerpt":{"rendered":"<p>Version belge du \u2018EU Pledge\u2019 Les initiateurs belges se sont inspir\u00e9s du \u2018EU Pledge\u2019 (signifiant litt\u00e9ralement \u2018Promesse europ\u00e9enne\u2019) qui stipule que \u00ab les entreprises signataires prennent l&rsquo;engagement, sur base volontaire, de ne pas faire de publicit\u00e9 TV, Presse, Radio et Internet destin\u00e9e aux enfants de moins de 12 ans pour des produits alimentaires ou des [&hellip;]<\/p>\n","protected":false},"author":1,"featured_media":84,"comment_status":"closed","ping_status":"closed","sticky":false,"template":"","format":"standard","meta":{"_acf_changed":false,"inline_featured_image":false,"_jetpack_memberships_contains_paid_content":false,"footnotes":""},"categories":[24],"tags":[],"people":[],"extra":[],"company":[],"topic":[],"region":[],"class_list":["post-1969","post","type-post","status-publish","format-standard","has-post-thumbnail","hentry","category-food"],"acf":[],"yoast_head":"<!-- This site is optimized with the Yoast SEO plugin v27.3 - https:\/\/yoast.com\/product\/yoast-seo-wordpress\/ -->\n<title>Le secteur alimentaire belge s\u2019engage \u00e0 \u00e9mettre une \u00ab publicit\u00e9 responsable \u00bb - RetailDetail BE<\/title>\n<meta name=\"robots\" content=\"index, follow, max-snippet:-1, max-image-preview:large, max-video-preview:-1\" \/>\n<link rel=\"canonical\" href=\"https:\/\/www.retaildetail.be\/fr\/news\/food\/le-secteur-alimentaire-belge-sengage-a-emettre-une-publicite-responsable\/\" \/>\n<meta property=\"og:locale\" content=\"fr_FR\" \/>\n<meta property=\"og:type\" content=\"article\" \/>\n<meta property=\"og:title\" content=\"Le secteur alimentaire belge s\u2019engage \u00e0 \u00e9mettre une \u00ab publicit\u00e9 responsable \u00bb - RetailDetail BE\" \/>\n<meta property=\"og:description\" content=\"Version belge du \u2018EU Pledge\u2019 Les initiateurs belges se sont inspir\u00e9s du \u2018EU Pledge\u2019 (signifiant litt\u00e9ralement \u2018Promesse europ\u00e9enne\u2019) qui stipule que \u00ab les entreprises signataires prennent l&rsquo;engagement, sur base volontaire, de ne pas faire de publicit\u00e9 TV, Presse, Radio et Internet destin\u00e9e aux enfants de moins de 12 ans pour des produits alimentaires ou des [&hellip;]\" \/>\n<meta property=\"og:url\" content=\"https:\/\/www.retaildetail.be\/fr\/news\/food\/le-secteur-alimentaire-belge-sengage-a-emettre-une-publicite-responsable\/\" \/>\n<meta property=\"og:site_name\" content=\"RetailDetail BE\" \/>\n<meta property=\"article:published_time\" content=\"2012-08-24T09:34:42+00:00\" \/>\n<meta property=\"og:image\" content=\"https:\/\/i0.wp.com\/www.retaildetail.be\/wp-content\/uploads\/2022\/04\/logo.png?fit=281%2C147&quality=100&strip=all&ssl=1\" \/>\n\t<meta property=\"og:image:width\" content=\"281\" \/>\n\t<meta property=\"og:image:height\" content=\"147\" \/>\n\t<meta property=\"og:image:type\" content=\"image\/png\" \/>\n<meta name=\"author\" content=\"dev@grandiz.com\" \/>\n<meta name=\"twitter:card\" content=\"summary_large_image\" \/>\n<meta name=\"twitter:label1\" content=\"\u00c9crit par\" \/>\n\t<meta name=\"twitter:data1\" content=\"dev@grandiz.com\" \/>\n\t<meta name=\"twitter:label2\" content=\"Dur\u00e9e de lecture estim\u00e9e\" \/>\n\t<meta name=\"twitter:data2\" content=\"1 minute\" \/>\n<script type=\"application\/ld+json\" class=\"yoast-schema-graph\">{\"@context\":\"https:\\\/\\\/schema.org\",\"@graph\":[{\"@type\":\"NewsArticle\",\"@id\":\"https:\\\/\\\/www.retaildetail.be\\\/fr\\\/news\\\/food\\\/le-secteur-alimentaire-belge-sengage-a-emettre-une-publicite-responsable\\\/#article\",\"isPartOf\":{\"@id\":\"https:\\\/\\\/www.retaildetail.be\\\/fr\\\/news\\\/food\\\/le-secteur-alimentaire-belge-sengage-a-emettre-une-publicite-responsable\\\/\"},\"author\":{\"name\":\"dev@grandiz.com\",\"@id\":\"https:\\\/\\\/www.retaildetail.be\\\/nl\\\/#\\\/schema\\\/person\\\/ba2d383452a753a3a1ce8cdb349b5fc9\"},\"headline\":\"Le secteur alimentaire belge s\u2019engage \u00e0 \u00e9mettre une \u00ab publicit\u00e9 responsable \u00bb\",\"datePublished\":\"2012-08-24T09:34:42+00:00\",\"mainEntityOfPage\":{\"@id\":\"https:\\\/\\\/www.retaildetail.be\\\/fr\\\/news\\\/food\\\/le-secteur-alimentaire-belge-sengage-a-emettre-une-publicite-responsable\\\/\"},\"wordCount\":264,\"publisher\":{\"@id\":\"https:\\\/\\\/www.retaildetail.be\\\/nl\\\/#organization\"},\"image\":{\"@id\":\"https:\\\/\\\/www.retaildetail.be\\\/fr\\\/news\\\/food\\\/le-secteur-alimentaire-belge-sengage-a-emettre-une-publicite-responsable\\\/#primaryimage\"},\"thumbnailUrl\":\"https:\\\/\\\/www.retaildetail.be\\\/wp-content\\\/uploads\\\/2022\\\/04\\\/logo.png\",\"articleSection\":[\"Food\"],\"inLanguage\":\"fr-FR\",\"copyrightYear\":\"2012\",\"copyrightHolder\":{\"@id\":\"https:\\\/\\\/www.retaildetail.be\\\/#organization\"}},{\"@type\":\"WebPage\",\"@id\":\"https:\\\/\\\/www.retaildetail.be\\\/fr\\\/news\\\/food\\\/le-secteur-alimentaire-belge-sengage-a-emettre-une-publicite-responsable\\\/\",\"url\":\"https:\\\/\\\/www.retaildetail.be\\\/fr\\\/news\\\/food\\\/le-secteur-alimentaire-belge-sengage-a-emettre-une-publicite-responsable\\\/\",\"name\":\"Le secteur alimentaire belge s\u2019engage \u00e0 \u00e9mettre une \u00ab publicit\u00e9 responsable \u00bb - RetailDetail BE\",\"isPartOf\":{\"@id\":\"https:\\\/\\\/www.retaildetail.be\\\/nl\\\/#website\"},\"primaryImageOfPage\":{\"@id\":\"https:\\\/\\\/www.retaildetail.be\\\/fr\\\/news\\\/food\\\/le-secteur-alimentaire-belge-sengage-a-emettre-une-publicite-responsable\\\/#primaryimage\"},\"image\":{\"@id\":\"https:\\\/\\\/www.retaildetail.be\\\/fr\\\/news\\\/food\\\/le-secteur-alimentaire-belge-sengage-a-emettre-une-publicite-responsable\\\/#primaryimage\"},\"thumbnailUrl\":\"https:\\\/\\\/www.retaildetail.be\\\/wp-content\\\/uploads\\\/2022\\\/04\\\/logo.png\",\"datePublished\":\"2012-08-24T09:34:42+00:00\",\"breadcrumb\":{\"@id\":\"https:\\\/\\\/www.retaildetail.be\\\/fr\\\/news\\\/food\\\/le-secteur-alimentaire-belge-sengage-a-emettre-une-publicite-responsable\\\/#breadcrumb\"},\"inLanguage\":\"fr-FR\",\"potentialAction\":[{\"@type\":\"ReadAction\",\"target\":[\"https:\\\/\\\/www.retaildetail.be\\\/fr\\\/news\\\/food\\\/le-secteur-alimentaire-belge-sengage-a-emettre-une-publicite-responsable\\\/\"]}]},{\"@type\":\"ImageObject\",\"inLanguage\":\"fr-FR\",\"@id\":\"https:\\\/\\\/www.retaildetail.be\\\/fr\\\/news\\\/food\\\/le-secteur-alimentaire-belge-sengage-a-emettre-une-publicite-responsable\\\/#primaryimage\",\"url\":\"https:\\\/\\\/www.retaildetail.be\\\/wp-content\\\/uploads\\\/2022\\\/04\\\/logo.png\",\"contentUrl\":\"https:\\\/\\\/www.retaildetail.be\\\/wp-content\\\/uploads\\\/2022\\\/04\\\/logo.png\",\"width\":281,\"height\":147},{\"@type\":\"BreadcrumbList\",\"@id\":\"https:\\\/\\\/www.retaildetail.be\\\/fr\\\/news\\\/food\\\/le-secteur-alimentaire-belge-sengage-a-emettre-une-publicite-responsable\\\/#breadcrumb\",\"itemListElement\":[{\"@type\":\"ListItem\",\"position\":1,\"name\":\"Home\",\"item\":\"https:\\\/\\\/www.retaildetail.be\\\/fr\\\/\"},{\"@type\":\"ListItem\",\"position\":2,\"name\":\"Le secteur alimentaire belge s\u2019engage \u00e0 \u00e9mettre une \u00ab publicit\u00e9 responsable \u00bb\"}]},{\"@type\":\"WebSite\",\"@id\":\"https:\\\/\\\/www.retaildetail.be\\\/nl\\\/#website\",\"url\":\"https:\\\/\\\/www.retaildetail.be\\\/nl\\\/\",\"name\":\"RetailDetail BE\",\"description\":\"News\",\"publisher\":{\"@id\":\"https:\\\/\\\/www.retaildetail.be\\\/nl\\\/#organization\"},\"potentialAction\":[{\"@type\":\"SearchAction\",\"target\":{\"@type\":\"EntryPoint\",\"urlTemplate\":\"https:\\\/\\\/www.retaildetail.be\\\/nl\\\/?s={search_term_string}\"},\"query-input\":{\"@type\":\"PropertyValueSpecification\",\"valueRequired\":true,\"valueName\":\"search_term_string\"}}],\"inLanguage\":\"fr-FR\"},{\"@type\":\"Organization\",\"@id\":\"https:\\\/\\\/www.retaildetail.be\\\/nl\\\/#organization\",\"name\":\"RetailDetail BE\",\"url\":\"https:\\\/\\\/www.retaildetail.be\\\/nl\\\/\",\"logo\":{\"@type\":\"ImageObject\",\"inLanguage\":\"fr-FR\",\"@id\":\"https:\\\/\\\/www.retaildetail.be\\\/nl\\\/#\\\/schema\\\/logo\\\/image\\\/\",\"url\":\"https:\\\/\\\/www.retaildetail.be\\\/wp-content\\\/uploads\\\/2022\\\/04\\\/logo.svg\",\"contentUrl\":\"https:\\\/\\\/www.retaildetail.be\\\/wp-content\\\/uploads\\\/2022\\\/04\\\/logo.svg\",\"width\":131,\"height\":70,\"caption\":\"RetailDetail BE\"},\"image\":{\"@id\":\"https:\\\/\\\/www.retaildetail.be\\\/nl\\\/#\\\/schema\\\/logo\\\/image\\\/\"}},{\"@type\":\"Person\",\"@id\":\"https:\\\/\\\/www.retaildetail.be\\\/nl\\\/#\\\/schema\\\/person\\\/ba2d383452a753a3a1ce8cdb349b5fc9\",\"name\":\"dev@grandiz.com\",\"image\":{\"@type\":\"ImageObject\",\"inLanguage\":\"fr-FR\",\"@id\":\"https:\\\/\\\/secure.gravatar.com\\\/avatar\\\/5f53ce9fb6eed4a60e5aaaa712be8773880fa9459d9cac9bc4aa4fdbce3f447f?s=96&d=mm&r=g\",\"url\":\"https:\\\/\\\/secure.gravatar.com\\\/avatar\\\/5f53ce9fb6eed4a60e5aaaa712be8773880fa9459d9cac9bc4aa4fdbce3f447f?s=96&d=mm&r=g\",\"contentUrl\":\"https:\\\/\\\/secure.gravatar.com\\\/avatar\\\/5f53ce9fb6eed4a60e5aaaa712be8773880fa9459d9cac9bc4aa4fdbce3f447f?s=96&d=mm&r=g\",\"caption\":\"dev@grandiz.com\"},\"sameAs\":[\"http:\\\/\\\/preprod.retaildetail.be\"],\"url\":\"https:\\\/\\\/www.retaildetail.be\\\/fr\\\/author\\\/devgrandiz-com\\\/\"}]}<\/script>\n<!-- \/ Yoast SEO plugin. -->","yoast_head_json":{"title":"Le secteur alimentaire belge s\u2019engage \u00e0 \u00e9mettre une \u00ab publicit\u00e9 responsable \u00bb - RetailDetail BE","robots":{"index":"index","follow":"follow","max-snippet":"max-snippet:-1","max-image-preview":"max-image-preview:large","max-video-preview":"max-video-preview:-1"},"canonical":"https:\/\/www.retaildetail.be\/fr\/news\/food\/le-secteur-alimentaire-belge-sengage-a-emettre-une-publicite-responsable\/","og_locale":"fr_FR","og_type":"article","og_title":"Le secteur alimentaire belge s\u2019engage \u00e0 \u00e9mettre une \u00ab publicit\u00e9 responsable \u00bb - RetailDetail BE","og_description":"Version belge du \u2018EU Pledge\u2019 Les initiateurs belges se sont inspir\u00e9s du \u2018EU Pledge\u2019 (signifiant litt\u00e9ralement \u2018Promesse europ\u00e9enne\u2019) qui stipule que \u00ab les entreprises signataires prennent l&rsquo;engagement, sur base volontaire, de ne pas faire de publicit\u00e9 TV, Presse, Radio et Internet destin\u00e9e aux enfants de moins de 12 ans pour des produits alimentaires ou des [&hellip;]","og_url":"https:\/\/www.retaildetail.be\/fr\/news\/food\/le-secteur-alimentaire-belge-sengage-a-emettre-une-publicite-responsable\/","og_site_name":"RetailDetail BE","article_published_time":"2012-08-24T09:34:42+00:00","og_image":[{"width":281,"height":147,"url":"https:\/\/i0.wp.com\/www.retaildetail.be\/wp-content\/uploads\/2022\/04\/logo.png?fit=281%2C147&quality=100&strip=all&ssl=1","type":"image\/png"}],"author":"dev@grandiz.com","twitter_card":"summary_large_image","twitter_misc":{"\u00c9crit par":"dev@grandiz.com","Dur\u00e9e de lecture estim\u00e9e":"1 minute"},"schema":{"@context":"https:\/\/schema.org","@graph":[{"@type":"NewsArticle","@id":"https:\/\/www.retaildetail.be\/fr\/news\/food\/le-secteur-alimentaire-belge-sengage-a-emettre-une-publicite-responsable\/#article","isPartOf":{"@id":"https:\/\/www.retaildetail.be\/fr\/news\/food\/le-secteur-alimentaire-belge-sengage-a-emettre-une-publicite-responsable\/"},"author":{"name":"dev@grandiz.com","@id":"https:\/\/www.retaildetail.be\/nl\/#\/schema\/person\/ba2d383452a753a3a1ce8cdb349b5fc9"},"headline":"Le secteur alimentaire belge s\u2019engage \u00e0 \u00e9mettre une \u00ab publicit\u00e9 responsable \u00bb","datePublished":"2012-08-24T09:34:42+00:00","mainEntityOfPage":{"@id":"https:\/\/www.retaildetail.be\/fr\/news\/food\/le-secteur-alimentaire-belge-sengage-a-emettre-une-publicite-responsable\/"},"wordCount":264,"publisher":{"@id":"https:\/\/www.retaildetail.be\/nl\/#organization"},"image":{"@id":"https:\/\/www.retaildetail.be\/fr\/news\/food\/le-secteur-alimentaire-belge-sengage-a-emettre-une-publicite-responsable\/#primaryimage"},"thumbnailUrl":"https:\/\/www.retaildetail.be\/wp-content\/uploads\/2022\/04\/logo.png","articleSection":["Food"],"inLanguage":"fr-FR","copyrightYear":"2012","copyrightHolder":{"@id":"https:\/\/www.retaildetail.be\/#organization"}},{"@type":"WebPage","@id":"https:\/\/www.retaildetail.be\/fr\/news\/food\/le-secteur-alimentaire-belge-sengage-a-emettre-une-publicite-responsable\/","url":"https:\/\/www.retaildetail.be\/fr\/news\/food\/le-secteur-alimentaire-belge-sengage-a-emettre-une-publicite-responsable\/","name":"Le secteur alimentaire belge s\u2019engage \u00e0 \u00e9mettre une \u00ab publicit\u00e9 responsable \u00bb - RetailDetail BE","isPartOf":{"@id":"https:\/\/www.retaildetail.be\/nl\/#website"},"primaryImageOfPage":{"@id":"https:\/\/www.retaildetail.be\/fr\/news\/food\/le-secteur-alimentaire-belge-sengage-a-emettre-une-publicite-responsable\/#primaryimage"},"image":{"@id":"https:\/\/www.retaildetail.be\/fr\/news\/food\/le-secteur-alimentaire-belge-sengage-a-emettre-une-publicite-responsable\/#primaryimage"},"thumbnailUrl":"https:\/\/www.retaildetail.be\/wp-content\/uploads\/2022\/04\/logo.png","datePublished":"2012-08-24T09:34:42+00:00","breadcrumb":{"@id":"https:\/\/www.retaildetail.be\/fr\/news\/food\/le-secteur-alimentaire-belge-sengage-a-emettre-une-publicite-responsable\/#breadcrumb"},"inLanguage":"fr-FR","potentialAction":[{"@type":"ReadAction","target":["https:\/\/www.retaildetail.be\/fr\/news\/food\/le-secteur-alimentaire-belge-sengage-a-emettre-une-publicite-responsable\/"]}]},{"@type":"ImageObject","inLanguage":"fr-FR","@id":"https:\/\/www.retaildetail.be\/fr\/news\/food\/le-secteur-alimentaire-belge-sengage-a-emettre-une-publicite-responsable\/#primaryimage","url":"https:\/\/www.retaildetail.be\/wp-content\/uploads\/2022\/04\/logo.png","contentUrl":"https:\/\/www.retaildetail.be\/wp-content\/uploads\/2022\/04\/logo.png","width":281,"height":147},{"@type":"BreadcrumbList","@id":"https:\/\/www.retaildetail.be\/fr\/news\/food\/le-secteur-alimentaire-belge-sengage-a-emettre-une-publicite-responsable\/#breadcrumb","itemListElement":[{"@type":"ListItem","position":1,"name":"Home","item":"https:\/\/www.retaildetail.be\/fr\/"},{"@type":"ListItem","position":2,"name":"Le secteur alimentaire belge s\u2019engage \u00e0 \u00e9mettre une \u00ab publicit\u00e9 responsable \u00bb"}]},{"@type":"WebSite","@id":"https:\/\/www.retaildetail.be\/nl\/#website","url":"https:\/\/www.retaildetail.be\/nl\/","name":"RetailDetail BE","description":"News","publisher":{"@id":"https:\/\/www.retaildetail.be\/nl\/#organization"},"potentialAction":[{"@type":"SearchAction","target":{"@type":"EntryPoint","urlTemplate":"https:\/\/www.retaildetail.be\/nl\/?s={search_term_string}"},"query-input":{"@type":"PropertyValueSpecification","valueRequired":true,"valueName":"search_term_string"}}],"inLanguage":"fr-FR"},{"@type":"Organization","@id":"https:\/\/www.retaildetail.be\/nl\/#organization","name":"RetailDetail BE","url":"https:\/\/www.retaildetail.be\/nl\/","logo":{"@type":"ImageObject","inLanguage":"fr-FR","@id":"https:\/\/www.retaildetail.be\/nl\/#\/schema\/logo\/image\/","url":"https:\/\/www.retaildetail.be\/wp-content\/uploads\/2022\/04\/logo.svg","contentUrl":"https:\/\/www.retaildetail.be\/wp-content\/uploads\/2022\/04\/logo.svg","width":131,"height":70,"caption":"RetailDetail BE"},"image":{"@id":"https:\/\/www.retaildetail.be\/nl\/#\/schema\/logo\/image\/"}},{"@type":"Person","@id":"https:\/\/www.retaildetail.be\/nl\/#\/schema\/person\/ba2d383452a753a3a1ce8cdb349b5fc9","name":"dev@grandiz.com","image":{"@type":"ImageObject","inLanguage":"fr-FR","@id":"https:\/\/secure.gravatar.com\/avatar\/5f53ce9fb6eed4a60e5aaaa712be8773880fa9459d9cac9bc4aa4fdbce3f447f?s=96&d=mm&r=g","url":"https:\/\/secure.gravatar.com\/avatar\/5f53ce9fb6eed4a60e5aaaa712be8773880fa9459d9cac9bc4aa4fdbce3f447f?s=96&d=mm&r=g","contentUrl":"https:\/\/secure.gravatar.com\/avatar\/5f53ce9fb6eed4a60e5aaaa712be8773880fa9459d9cac9bc4aa4fdbce3f447f?s=96&d=mm&r=g","caption":"dev@grandiz.com"},"sameAs":["http:\/\/preprod.retaildetail.be"],"url":"https:\/\/www.retaildetail.be\/fr\/author\/devgrandiz-com\/"}]}},"jetpack_featured_media_url":"https:\/\/www.retaildetail.be\/wp-content\/uploads\/2022\/04\/logo.png","jetpack_sharing_enabled":true,"_links":{"self":[{"href":"https:\/\/www.retaildetail.be\/fr\/wp-json\/wp\/v2\/posts\/1969","targetHints":{"allow":["GET"]}}],"collection":[{"href":"https:\/\/www.retaildetail.be\/fr\/wp-json\/wp\/v2\/posts"}],"about":[{"href":"https:\/\/www.retaildetail.be\/fr\/wp-json\/wp\/v2\/types\/post"}],"author":[{"embeddable":true,"href":"https:\/\/www.retaildetail.be\/fr\/wp-json\/wp\/v2\/users\/1"}],"replies":[{"embeddable":true,"href":"https:\/\/www.retaildetail.be\/fr\/wp-json\/wp\/v2\/comments?post=1969"}],"version-history":[{"count":0,"href":"https:\/\/www.retaildetail.be\/fr\/wp-json\/wp\/v2\/posts\/1969\/revisions"}],"wp:featuredmedia":[{"embeddable":true,"href":"https:\/\/www.retaildetail.be\/fr\/wp-json\/wp\/v2\/media\/84"}],"wp:attachment":[{"href":"https:\/\/www.retaildetail.be\/fr\/wp-json\/wp\/v2\/media?parent=1969"}],"wp:term":[{"taxonomy":"category","embeddable":true,"href":"https:\/\/www.retaildetail.be\/fr\/wp-json\/wp\/v2\/categories?post=1969"},{"taxonomy":"post_tag","embeddable":true,"href":"https:\/\/www.retaildetail.be\/fr\/wp-json\/wp\/v2\/tags?post=1969"},{"taxonomy":"people","embeddable":true,"href":"https:\/\/www.retaildetail.be\/fr\/wp-json\/wp\/v2\/people?post=1969"},{"taxonomy":"extra","embeddable":true,"href":"https:\/\/www.retaildetail.be\/fr\/wp-json\/wp\/v2\/extra?post=1969"},{"taxonomy":"company","embeddable":true,"href":"https:\/\/www.retaildetail.be\/fr\/wp-json\/wp\/v2\/company?post=1969"},{"taxonomy":"topic","embeddable":true,"href":"https:\/\/www.retaildetail.be\/fr\/wp-json\/wp\/v2\/topic?post=1969"},{"taxonomy":"region","embeddable":true,"href":"https:\/\/www.retaildetail.be\/fr\/wp-json\/wp\/v2\/region?post=1969"}],"curies":[{"name":"wp","href":"https:\/\/api.w.org\/{rel}","templated":true}]}}