{"id":1991,"date":"2012-08-31T11:50:58","date_gmt":"2012-08-31T11:50:58","guid":{"rendered":"https:\/\/www.retaildetail.be\/food\/carrefour-reduit-ses-pertes\/"},"modified":"2012-08-31T11:50:58","modified_gmt":"2012-08-31T11:50:58","slug":"carrefour-reduit-ses-pertes","status":"publish","type":"post","link":"https:\/\/www.retaildetail.be\/fr\/news\/food\/carrefour-reduit-ses-pertes\/","title":{"rendered":"Carrefour r\u00e9duit ses pertes"},"content":{"rendered":"<h2>Endettement et cession grecque<\/h2>\n<p>Le PDG George Plassat\u00a0 estime qu\u2019il faudra trois ans pour remettre Carrefour sur les rails. Sur son march\u00e9 int\u00e9rieur fran\u00e7ais, qui repr\u00e9sente 43% de son chiffre d\u2019affaires,\u00a0 l\u2019entreprise a perdu en parts de march\u00e9. En Espagne et en Italie, deux pays touch\u00e9s de plein fouet par la crise \u00e9conomique, la situation n\u2019est pas rose non plus. Le distributeur y r\u00e9alise 20% de son chiffre d\u2019affaires. L\u2019enseigne doit \u00e9galement faire face \u00e0 un endettement consid\u00e9rable : malgr\u00e9 une baisse d\u2019un milliard d\u2019euros durant le premier semestre, la dette nette s\u2019\u00e9l\u00e8ve toujours \u00e0 9,6 milliards d\u2019euros.<\/p>\n<p>Ces pertes durant le premier semestre sont attribuables \u00e0\u00a0 certaines op\u00e9rations d\u00e9cevantes du distributeur, notamment la cession\u00a0 de sa participation dans la cha\u00eene de supermarch\u00e9s grecques Marinopoulos. En excluant ces op\u00e9rations en Gr\u00e8ce, le groupe aurait m\u00eame \u00e9t\u00e9 b\u00e9n\u00e9ficiaire de 199 millions d\u2019euros, par rapport \u00e0 la perte de 879 millions d\u2019euros \u2013 quelque peu temp\u00e9r\u00e9e par la vente des activit\u00e9s en Tha\u00eflande \u2013 en 2011.<\/p>\n<p>Le b\u00e9n\u00e9fice op\u00e9rationnel pour ses activit\u00e9s poursuivies s\u2019\u00e9tablit \u00e0 769 millions d\u2019euros, r\u00e9sultat l\u00e9g\u00e8rement inf\u00e9rieur aux 838 millions d\u2019euros en 2011, mais sup\u00e9rieur aux attentes des analystes financiers qui tablaient sur 681,6 millions d\u2019euros.<\/p>\n<h2>\n<br \/>Chute du b\u00e9n\u00e9fice de -32% en Europe \u00a0\u00a0 \u00a0<\/h2>\n<p>En France le b\u00e9n\u00e9fice op\u00e9rationnel au premier semestre est en recul de 6,7%. Cette r\u00e9gression s\u2019explique en grande partie par l\u2019investissement continu dans les prix, pour \u00e9viter que les clients ne passent \u00e0 la concurrence. Le chiffre d\u2019affaires est en baisse de 0,5% \u00e0\u00a0 17 milliards d\u2019euros\u00a0 (sur un chiffre d\u2019affaires consolid\u00e9 de 39,65 milliards d\u2019euros.)<\/p>\n<p>Dans le reste de l\u2019Europe le b\u00e9n\u00e9fice op\u00e9rationnel est en baisse\u00a0 de 32%,\u00a0 suite en grande partie \u00e0 la r\u00e9gression en Espagne, o\u00f9 la crise fait rage.<\/p>\n<p>Le premier semestre 2012 s\u2019av\u00e8re \u00e9galement d\u00e9cevant sur le march\u00e9 asiatique. Notamment en Chine, o\u00f9 les co\u00fbts de distribution et salariaux\u00a0 augmentent consid\u00e9rablement, ce qui affecte le chiffre d\u2019affaires en Asie pourtant en hausse de 9,5% \u00e0 4,03 milliards d\u2019euros.<\/p>\n<p>Heureusement l\u2019 Am\u00e9rique latine affiche de bonnes performances. Le b\u00e9n\u00e9fice op\u00e9rationnel y a progress\u00e9 de 10%.<\/p>\n<p>\u00a0<\/p>\n<h2>Des licenciements en perspective<\/h2>\n<p>Pour l\u2019ensemble de l\u2019ann\u00e9e 2012, le directeur financier Pierre-Jean Sivignon se montre confiant face aux pr\u00e9visions des analystes, qui tablent sur un b\u00e9n\u00e9fice op\u00e9rationnel dans une fourchette de 2,03 milliards d\u2019euros \u00e0 2,09 milliards d\u2019euros. L\u2019ann\u00e9e derni\u00e8re Carrefour a r\u00e9alis\u00e9 un b\u00e9n\u00e9fice op\u00e9rationnel de 2,18 milliards d\u2019euros.<\/p>\n<p>Il faudra maintenant attendre de voir quel sera le plan de redressement pr\u00e9vu par le CEO Georges Plassat. Seuls quelques \u00e9l\u00e9ments de cette strat\u00e9gie ont d\u00e9j\u00e0 \u00e9t\u00e9 \u00e9voqu\u00e9s. Notamment la suppression de 500 \u00e0 600 emplois sur les 7.500 dans les si\u00e8ges centraux fran\u00e7ais, via un plan de d\u00e9parts volontaires.\u00a0 D\u2019autre part, apr\u00e8s l\u2019\u00e9chec d\u2019une tentative de cession,\u00a0 les deux points de vente \u00e0 Singapour fermeront leurs portes d\u2019ici la fin de l\u2019ann\u00e9e.<\/p>\n<p>\u00a0<\/p>\n<p>\u00a0<\/p>\n<p><em>Traduction : Marie-No\u00eblle Masure<\/em><\/p>\n","protected":false},"excerpt":{"rendered":"<p>Endettement et cession grecque Le PDG George Plassat\u00a0 estime qu\u2019il faudra trois ans pour remettre Carrefour sur les rails. Sur son march\u00e9 int\u00e9rieur fran\u00e7ais, qui repr\u00e9sente 43% de son chiffre d\u2019affaires,\u00a0 l\u2019entreprise a perdu en parts de march\u00e9. En Espagne et en Italie, deux pays touch\u00e9s de plein fouet par la crise \u00e9conomique, la situation [&hellip;]<\/p>\n","protected":false},"author":1,"featured_media":84,"comment_status":"closed","ping_status":"closed","sticky":false,"template":"","format":"standard","meta":{"_acf_changed":false,"inline_featured_image":false,"_jetpack_memberships_contains_paid_content":false,"footnotes":""},"categories":[24],"tags":[],"people":[],"extra":[],"company":[],"topic":[],"region":[],"class_list":["post-1991","post","type-post","status-publish","format-standard","has-post-thumbnail","hentry","category-food"],"acf":[],"yoast_head":"<!-- This site is optimized with the Yoast SEO plugin v27.3 - https:\/\/yoast.com\/product\/yoast-seo-wordpress\/ -->\n<title>Carrefour r\u00e9duit ses pertes - RetailDetail BE<\/title>\n<meta name=\"robots\" content=\"index, follow, max-snippet:-1, max-image-preview:large, max-video-preview:-1\" \/>\n<link rel=\"canonical\" href=\"https:\/\/www.retaildetail.be\/fr\/news\/food\/carrefour-reduit-ses-pertes\/\" \/>\n<meta property=\"og:locale\" content=\"fr_FR\" \/>\n<meta property=\"og:type\" content=\"article\" \/>\n<meta property=\"og:title\" content=\"Carrefour r\u00e9duit ses pertes - RetailDetail BE\" \/>\n<meta property=\"og:description\" content=\"Endettement et cession grecque Le PDG George Plassat\u00a0 estime qu\u2019il faudra trois ans pour remettre Carrefour sur les rails. Sur son march\u00e9 int\u00e9rieur fran\u00e7ais, qui repr\u00e9sente 43% de son chiffre d\u2019affaires,\u00a0 l\u2019entreprise a perdu en parts de march\u00e9. En Espagne et en Italie, deux pays touch\u00e9s de plein fouet par la crise \u00e9conomique, la situation [&hellip;]\" \/>\n<meta property=\"og:url\" content=\"https:\/\/www.retaildetail.be\/fr\/news\/food\/carrefour-reduit-ses-pertes\/\" \/>\n<meta property=\"og:site_name\" content=\"RetailDetail BE\" \/>\n<meta property=\"article:published_time\" content=\"2012-08-31T11:50:58+00:00\" \/>\n<meta property=\"og:image\" content=\"https:\/\/i0.wp.com\/www.retaildetail.be\/wp-content\/uploads\/2022\/04\/logo.png?fit=281%2C147&quality=100&strip=all&ssl=1\" \/>\n\t<meta property=\"og:image:width\" content=\"281\" \/>\n\t<meta property=\"og:image:height\" content=\"147\" \/>\n\t<meta property=\"og:image:type\" content=\"image\/png\" \/>\n<meta name=\"author\" content=\"dev@grandiz.com\" \/>\n<meta name=\"twitter:card\" content=\"summary_large_image\" \/>\n<meta name=\"twitter:label1\" content=\"\u00c9crit par\" \/>\n\t<meta name=\"twitter:data1\" content=\"dev@grandiz.com\" \/>\n\t<meta name=\"twitter:label2\" content=\"Dur\u00e9e de lecture estim\u00e9e\" \/>\n\t<meta name=\"twitter:data2\" content=\"3 minutes\" \/>\n<script type=\"application\/ld+json\" class=\"yoast-schema-graph\">{\"@context\":\"https:\\\/\\\/schema.org\",\"@graph\":[{\"@type\":\"NewsArticle\",\"@id\":\"https:\\\/\\\/www.retaildetail.be\\\/fr\\\/news\\\/food\\\/carrefour-reduit-ses-pertes\\\/#article\",\"isPartOf\":{\"@id\":\"https:\\\/\\\/www.retaildetail.be\\\/fr\\\/news\\\/food\\\/carrefour-reduit-ses-pertes\\\/\"},\"author\":{\"name\":\"dev@grandiz.com\",\"@id\":\"https:\\\/\\\/www.retaildetail.be\\\/nl\\\/#\\\/schema\\\/person\\\/ba2d383452a753a3a1ce8cdb349b5fc9\"},\"headline\":\"Carrefour r\u00e9duit ses pertes\",\"datePublished\":\"2012-08-31T11:50:58+00:00\",\"mainEntityOfPage\":{\"@id\":\"https:\\\/\\\/www.retaildetail.be\\\/fr\\\/news\\\/food\\\/carrefour-reduit-ses-pertes\\\/\"},\"wordCount\":541,\"publisher\":{\"@id\":\"https:\\\/\\\/www.retaildetail.be\\\/nl\\\/#organization\"},\"image\":{\"@id\":\"https:\\\/\\\/www.retaildetail.be\\\/fr\\\/news\\\/food\\\/carrefour-reduit-ses-pertes\\\/#primaryimage\"},\"thumbnailUrl\":\"https:\\\/\\\/www.retaildetail.be\\\/wp-content\\\/uploads\\\/2022\\\/04\\\/logo.png\",\"articleSection\":[\"Food\"],\"inLanguage\":\"fr-FR\",\"copyrightYear\":\"2012\",\"copyrightHolder\":{\"@id\":\"https:\\\/\\\/www.retaildetail.be\\\/#organization\"}},{\"@type\":\"WebPage\",\"@id\":\"https:\\\/\\\/www.retaildetail.be\\\/fr\\\/news\\\/food\\\/carrefour-reduit-ses-pertes\\\/\",\"url\":\"https:\\\/\\\/www.retaildetail.be\\\/fr\\\/news\\\/food\\\/carrefour-reduit-ses-pertes\\\/\",\"name\":\"Carrefour r\u00e9duit ses pertes - RetailDetail BE\",\"isPartOf\":{\"@id\":\"https:\\\/\\\/www.retaildetail.be\\\/nl\\\/#website\"},\"primaryImageOfPage\":{\"@id\":\"https:\\\/\\\/www.retaildetail.be\\\/fr\\\/news\\\/food\\\/carrefour-reduit-ses-pertes\\\/#primaryimage\"},\"image\":{\"@id\":\"https:\\\/\\\/www.retaildetail.be\\\/fr\\\/news\\\/food\\\/carrefour-reduit-ses-pertes\\\/#primaryimage\"},\"thumbnailUrl\":\"https:\\\/\\\/www.retaildetail.be\\\/wp-content\\\/uploads\\\/2022\\\/04\\\/logo.png\",\"datePublished\":\"2012-08-31T11:50:58+00:00\",\"breadcrumb\":{\"@id\":\"https:\\\/\\\/www.retaildetail.be\\\/fr\\\/news\\\/food\\\/carrefour-reduit-ses-pertes\\\/#breadcrumb\"},\"inLanguage\":\"fr-FR\",\"potentialAction\":[{\"@type\":\"ReadAction\",\"target\":[\"https:\\\/\\\/www.retaildetail.be\\\/fr\\\/news\\\/food\\\/carrefour-reduit-ses-pertes\\\/\"]}]},{\"@type\":\"ImageObject\",\"inLanguage\":\"fr-FR\",\"@id\":\"https:\\\/\\\/www.retaildetail.be\\\/fr\\\/news\\\/food\\\/carrefour-reduit-ses-pertes\\\/#primaryimage\",\"url\":\"https:\\\/\\\/www.retaildetail.be\\\/wp-content\\\/uploads\\\/2022\\\/04\\\/logo.png\",\"contentUrl\":\"https:\\\/\\\/www.retaildetail.be\\\/wp-content\\\/uploads\\\/2022\\\/04\\\/logo.png\",\"width\":281,\"height\":147},{\"@type\":\"BreadcrumbList\",\"@id\":\"https:\\\/\\\/www.retaildetail.be\\\/fr\\\/news\\\/food\\\/carrefour-reduit-ses-pertes\\\/#breadcrumb\",\"itemListElement\":[{\"@type\":\"ListItem\",\"position\":1,\"name\":\"Home\",\"item\":\"https:\\\/\\\/www.retaildetail.be\\\/fr\\\/\"},{\"@type\":\"ListItem\",\"position\":2,\"name\":\"Carrefour r\u00e9duit ses pertes\"}]},{\"@type\":\"WebSite\",\"@id\":\"https:\\\/\\\/www.retaildetail.be\\\/nl\\\/#website\",\"url\":\"https:\\\/\\\/www.retaildetail.be\\\/nl\\\/\",\"name\":\"RetailDetail BE\",\"description\":\"News\",\"publisher\":{\"@id\":\"https:\\\/\\\/www.retaildetail.be\\\/nl\\\/#organization\"},\"potentialAction\":[{\"@type\":\"SearchAction\",\"target\":{\"@type\":\"EntryPoint\",\"urlTemplate\":\"https:\\\/\\\/www.retaildetail.be\\\/nl\\\/?s={search_term_string}\"},\"query-input\":{\"@type\":\"PropertyValueSpecification\",\"valueRequired\":true,\"valueName\":\"search_term_string\"}}],\"inLanguage\":\"fr-FR\"},{\"@type\":\"Organization\",\"@id\":\"https:\\\/\\\/www.retaildetail.be\\\/nl\\\/#organization\",\"name\":\"RetailDetail BE\",\"url\":\"https:\\\/\\\/www.retaildetail.be\\\/nl\\\/\",\"logo\":{\"@type\":\"ImageObject\",\"inLanguage\":\"fr-FR\",\"@id\":\"https:\\\/\\\/www.retaildetail.be\\\/nl\\\/#\\\/schema\\\/logo\\\/image\\\/\",\"url\":\"https:\\\/\\\/www.retaildetail.be\\\/wp-content\\\/uploads\\\/2022\\\/04\\\/logo.svg\",\"contentUrl\":\"https:\\\/\\\/www.retaildetail.be\\\/wp-content\\\/uploads\\\/2022\\\/04\\\/logo.svg\",\"width\":131,\"height\":70,\"caption\":\"RetailDetail BE\"},\"image\":{\"@id\":\"https:\\\/\\\/www.retaildetail.be\\\/nl\\\/#\\\/schema\\\/logo\\\/image\\\/\"}},{\"@type\":\"Person\",\"@id\":\"https:\\\/\\\/www.retaildetail.be\\\/nl\\\/#\\\/schema\\\/person\\\/ba2d383452a753a3a1ce8cdb349b5fc9\",\"name\":\"dev@grandiz.com\",\"image\":{\"@type\":\"ImageObject\",\"inLanguage\":\"fr-FR\",\"@id\":\"https:\\\/\\\/secure.gravatar.com\\\/avatar\\\/5f53ce9fb6eed4a60e5aaaa712be8773880fa9459d9cac9bc4aa4fdbce3f447f?s=96&d=mm&r=g\",\"url\":\"https:\\\/\\\/secure.gravatar.com\\\/avatar\\\/5f53ce9fb6eed4a60e5aaaa712be8773880fa9459d9cac9bc4aa4fdbce3f447f?s=96&d=mm&r=g\",\"contentUrl\":\"https:\\\/\\\/secure.gravatar.com\\\/avatar\\\/5f53ce9fb6eed4a60e5aaaa712be8773880fa9459d9cac9bc4aa4fdbce3f447f?s=96&d=mm&r=g\",\"caption\":\"dev@grandiz.com\"},\"sameAs\":[\"http:\\\/\\\/preprod.retaildetail.be\"],\"url\":\"https:\\\/\\\/www.retaildetail.be\\\/fr\\\/author\\\/devgrandiz-com\\\/\"}]}<\/script>\n<!-- \/ Yoast SEO plugin. -->","yoast_head_json":{"title":"Carrefour r\u00e9duit ses pertes - RetailDetail BE","robots":{"index":"index","follow":"follow","max-snippet":"max-snippet:-1","max-image-preview":"max-image-preview:large","max-video-preview":"max-video-preview:-1"},"canonical":"https:\/\/www.retaildetail.be\/fr\/news\/food\/carrefour-reduit-ses-pertes\/","og_locale":"fr_FR","og_type":"article","og_title":"Carrefour r\u00e9duit ses pertes - RetailDetail BE","og_description":"Endettement et cession grecque Le PDG George Plassat\u00a0 estime qu\u2019il faudra trois ans pour remettre Carrefour sur les rails. Sur son march\u00e9 int\u00e9rieur fran\u00e7ais, qui repr\u00e9sente 43% de son chiffre d\u2019affaires,\u00a0 l\u2019entreprise a perdu en parts de march\u00e9. En Espagne et en Italie, deux pays touch\u00e9s de plein fouet par la crise \u00e9conomique, la situation [&hellip;]","og_url":"https:\/\/www.retaildetail.be\/fr\/news\/food\/carrefour-reduit-ses-pertes\/","og_site_name":"RetailDetail BE","article_published_time":"2012-08-31T11:50:58+00:00","og_image":[{"width":281,"height":147,"url":"https:\/\/i0.wp.com\/www.retaildetail.be\/wp-content\/uploads\/2022\/04\/logo.png?fit=281%2C147&quality=100&strip=all&ssl=1","type":"image\/png"}],"author":"dev@grandiz.com","twitter_card":"summary_large_image","twitter_misc":{"\u00c9crit par":"dev@grandiz.com","Dur\u00e9e de lecture estim\u00e9e":"3 minutes"},"schema":{"@context":"https:\/\/schema.org","@graph":[{"@type":"NewsArticle","@id":"https:\/\/www.retaildetail.be\/fr\/news\/food\/carrefour-reduit-ses-pertes\/#article","isPartOf":{"@id":"https:\/\/www.retaildetail.be\/fr\/news\/food\/carrefour-reduit-ses-pertes\/"},"author":{"name":"dev@grandiz.com","@id":"https:\/\/www.retaildetail.be\/nl\/#\/schema\/person\/ba2d383452a753a3a1ce8cdb349b5fc9"},"headline":"Carrefour r\u00e9duit ses pertes","datePublished":"2012-08-31T11:50:58+00:00","mainEntityOfPage":{"@id":"https:\/\/www.retaildetail.be\/fr\/news\/food\/carrefour-reduit-ses-pertes\/"},"wordCount":541,"publisher":{"@id":"https:\/\/www.retaildetail.be\/nl\/#organization"},"image":{"@id":"https:\/\/www.retaildetail.be\/fr\/news\/food\/carrefour-reduit-ses-pertes\/#primaryimage"},"thumbnailUrl":"https:\/\/www.retaildetail.be\/wp-content\/uploads\/2022\/04\/logo.png","articleSection":["Food"],"inLanguage":"fr-FR","copyrightYear":"2012","copyrightHolder":{"@id":"https:\/\/www.retaildetail.be\/#organization"}},{"@type":"WebPage","@id":"https:\/\/www.retaildetail.be\/fr\/news\/food\/carrefour-reduit-ses-pertes\/","url":"https:\/\/www.retaildetail.be\/fr\/news\/food\/carrefour-reduit-ses-pertes\/","name":"Carrefour r\u00e9duit ses pertes - RetailDetail BE","isPartOf":{"@id":"https:\/\/www.retaildetail.be\/nl\/#website"},"primaryImageOfPage":{"@id":"https:\/\/www.retaildetail.be\/fr\/news\/food\/carrefour-reduit-ses-pertes\/#primaryimage"},"image":{"@id":"https:\/\/www.retaildetail.be\/fr\/news\/food\/carrefour-reduit-ses-pertes\/#primaryimage"},"thumbnailUrl":"https:\/\/www.retaildetail.be\/wp-content\/uploads\/2022\/04\/logo.png","datePublished":"2012-08-31T11:50:58+00:00","breadcrumb":{"@id":"https:\/\/www.retaildetail.be\/fr\/news\/food\/carrefour-reduit-ses-pertes\/#breadcrumb"},"inLanguage":"fr-FR","potentialAction":[{"@type":"ReadAction","target":["https:\/\/www.retaildetail.be\/fr\/news\/food\/carrefour-reduit-ses-pertes\/"]}]},{"@type":"ImageObject","inLanguage":"fr-FR","@id":"https:\/\/www.retaildetail.be\/fr\/news\/food\/carrefour-reduit-ses-pertes\/#primaryimage","url":"https:\/\/www.retaildetail.be\/wp-content\/uploads\/2022\/04\/logo.png","contentUrl":"https:\/\/www.retaildetail.be\/wp-content\/uploads\/2022\/04\/logo.png","width":281,"height":147},{"@type":"BreadcrumbList","@id":"https:\/\/www.retaildetail.be\/fr\/news\/food\/carrefour-reduit-ses-pertes\/#breadcrumb","itemListElement":[{"@type":"ListItem","position":1,"name":"Home","item":"https:\/\/www.retaildetail.be\/fr\/"},{"@type":"ListItem","position":2,"name":"Carrefour r\u00e9duit ses pertes"}]},{"@type":"WebSite","@id":"https:\/\/www.retaildetail.be\/nl\/#website","url":"https:\/\/www.retaildetail.be\/nl\/","name":"RetailDetail BE","description":"News","publisher":{"@id":"https:\/\/www.retaildetail.be\/nl\/#organization"},"potentialAction":[{"@type":"SearchAction","target":{"@type":"EntryPoint","urlTemplate":"https:\/\/www.retaildetail.be\/nl\/?s={search_term_string}"},"query-input":{"@type":"PropertyValueSpecification","valueRequired":true,"valueName":"search_term_string"}}],"inLanguage":"fr-FR"},{"@type":"Organization","@id":"https:\/\/www.retaildetail.be\/nl\/#organization","name":"RetailDetail BE","url":"https:\/\/www.retaildetail.be\/nl\/","logo":{"@type":"ImageObject","inLanguage":"fr-FR","@id":"https:\/\/www.retaildetail.be\/nl\/#\/schema\/logo\/image\/","url":"https:\/\/www.retaildetail.be\/wp-content\/uploads\/2022\/04\/logo.svg","contentUrl":"https:\/\/www.retaildetail.be\/wp-content\/uploads\/2022\/04\/logo.svg","width":131,"height":70,"caption":"RetailDetail BE"},"image":{"@id":"https:\/\/www.retaildetail.be\/nl\/#\/schema\/logo\/image\/"}},{"@type":"Person","@id":"https:\/\/www.retaildetail.be\/nl\/#\/schema\/person\/ba2d383452a753a3a1ce8cdb349b5fc9","name":"dev@grandiz.com","image":{"@type":"ImageObject","inLanguage":"fr-FR","@id":"https:\/\/secure.gravatar.com\/avatar\/5f53ce9fb6eed4a60e5aaaa712be8773880fa9459d9cac9bc4aa4fdbce3f447f?s=96&d=mm&r=g","url":"https:\/\/secure.gravatar.com\/avatar\/5f53ce9fb6eed4a60e5aaaa712be8773880fa9459d9cac9bc4aa4fdbce3f447f?s=96&d=mm&r=g","contentUrl":"https:\/\/secure.gravatar.com\/avatar\/5f53ce9fb6eed4a60e5aaaa712be8773880fa9459d9cac9bc4aa4fdbce3f447f?s=96&d=mm&r=g","caption":"dev@grandiz.com"},"sameAs":["http:\/\/preprod.retaildetail.be"],"url":"https:\/\/www.retaildetail.be\/fr\/author\/devgrandiz-com\/"}]}},"jetpack_featured_media_url":"https:\/\/www.retaildetail.be\/wp-content\/uploads\/2022\/04\/logo.png","jetpack_sharing_enabled":true,"_links":{"self":[{"href":"https:\/\/www.retaildetail.be\/fr\/wp-json\/wp\/v2\/posts\/1991","targetHints":{"allow":["GET"]}}],"collection":[{"href":"https:\/\/www.retaildetail.be\/fr\/wp-json\/wp\/v2\/posts"}],"about":[{"href":"https:\/\/www.retaildetail.be\/fr\/wp-json\/wp\/v2\/types\/post"}],"author":[{"embeddable":true,"href":"https:\/\/www.retaildetail.be\/fr\/wp-json\/wp\/v2\/users\/1"}],"replies":[{"embeddable":true,"href":"https:\/\/www.retaildetail.be\/fr\/wp-json\/wp\/v2\/comments?post=1991"}],"version-history":[{"count":0,"href":"https:\/\/www.retaildetail.be\/fr\/wp-json\/wp\/v2\/posts\/1991\/revisions"}],"wp:featuredmedia":[{"embeddable":true,"href":"https:\/\/www.retaildetail.be\/fr\/wp-json\/wp\/v2\/media\/84"}],"wp:attachment":[{"href":"https:\/\/www.retaildetail.be\/fr\/wp-json\/wp\/v2\/media?parent=1991"}],"wp:term":[{"taxonomy":"category","embeddable":true,"href":"https:\/\/www.retaildetail.be\/fr\/wp-json\/wp\/v2\/categories?post=1991"},{"taxonomy":"post_tag","embeddable":true,"href":"https:\/\/www.retaildetail.be\/fr\/wp-json\/wp\/v2\/tags?post=1991"},{"taxonomy":"people","embeddable":true,"href":"https:\/\/www.retaildetail.be\/fr\/wp-json\/wp\/v2\/people?post=1991"},{"taxonomy":"extra","embeddable":true,"href":"https:\/\/www.retaildetail.be\/fr\/wp-json\/wp\/v2\/extra?post=1991"},{"taxonomy":"company","embeddable":true,"href":"https:\/\/www.retaildetail.be\/fr\/wp-json\/wp\/v2\/company?post=1991"},{"taxonomy":"topic","embeddable":true,"href":"https:\/\/www.retaildetail.be\/fr\/wp-json\/wp\/v2\/topic?post=1991"},{"taxonomy":"region","embeddable":true,"href":"https:\/\/www.retaildetail.be\/fr\/wp-json\/wp\/v2\/region?post=1991"}],"curies":[{"name":"wp","href":"https:\/\/api.w.org\/{rel}","templated":true}]}}