{"id":1993,"date":"2012-08-31T16:04:23","date_gmt":"2012-08-31T16:04:23","guid":{"rendered":"https:\/\/www.retaildetail.be\/food\/georges-plassat-pdg-de-carrefour-se-limite-a-de-petites-mesures\/"},"modified":"2012-08-31T16:04:23","modified_gmt":"2012-08-31T16:04:23","slug":"georges-plassat-pdg-de-carrefour-se-limite-a-de-petites-mesures","status":"publish","type":"post","link":"https:\/\/www.retaildetail.be\/fr\/news\/food\/georges-plassat-pdg-de-carrefour-se-limite-a-de-petites-mesures\/","title":{"rendered":"Georges Plassat, PDG de Carrefour se limite \u00e0 de petites mesures"},"content":{"rendered":"<p>Pourtant le d\u00e9fi\u00a0 \u00e0 relever n\u2019est pas des moindres pour le g\u00e9ant fran\u00e7ais de la distribution. Carrefour <a target=\"_blank\" href=\"fr\/f-belgique\/bgq-alimentation\/item\/14524-carrefour-r%C3%A9duit-ses-pertes\" rel=\"noopener\">perd des parts de march\u00e9 sur son march\u00e9 int\u00e9rieur<\/a> fran\u00e7ais, qui repr\u00e9sente 43% de son chiffre d\u2019affaires. En Espagne et en Italie, deux pays en plein crise, o\u00f9 le distributeur r\u00e9alise 20% de ses ventes, les r\u00e9sultats sont d\u00e9cevants. De plus le groupe doit faire face \u00e0 une lourde dette de 9,6 milliards d\u2019euros.<\/p>\n<h2>\n<br \/>Pas de mesures spectaculaires<\/h2>\n<p>Plassat estime qu\u2019il faudra\u00a0 trois ans pour remettre Carrefour sur les rails. Il n\u2019a pourtant pas encore annonc\u00e9 des mesures spectaculaires. Toutefois il a confirm\u00e9 la suppression de\u00a0 500 \u00e0 600 emplois sur les 7.500 dans les si\u00e8ges centraux\u00a0 en France, mais sur base de d\u00e9parts volontaires.<\/p>\n<p>Par ailleurs, apr\u00e8s l\u2019\u00e9chec de la\u00a0 tentative de vente en 2010, les deux points de vente \u00e0 Singapour fermeront leurs portes d\u2019ici la fin de cette ann\u00e9e.<\/p>\n<p>Carrefour fait\u00a0 \u00e9galement le point sur la situation des\u00a0 march\u00e9s, tels que la Pologne, la\u00a0 Turquie et l\u2019Indon\u00e9sie. \u00ab Les cha\u00eenes locales y sont mieux implant\u00e9es que nous \u00bb, explique le PDG. Les gains obtenus par la cession de ces march\u00e9s pourraient \u00eatre r\u00e9investis sur le march\u00e9 int\u00e9rieur ou \u00eatre utilis\u00e9s pour r\u00e9duire l\u2019endettement.\u00a0 \u00ab Nous devons g\u00e9n\u00e9rer du cash flow, contr\u00f4ler les co\u00fbts\u00a0 et r\u00e9duire notre dette \u00bb,\u00a0 souligne-t-il. R\u00e9cemment\u00a0 Carrefour s\u2019\u00e9tait d\u00e9j\u00e0 retir\u00e9 de la Gr\u00e8ce.<\/p>\n<h2>\n<br \/>\u2018Deal\u2019 avec les fournisseurs<\/h2>\n<p>Plassat divulgue \u00e9galement quelques directives commerciales. Vu la crise \u00e9conomique, l\u2019enseigne promet des\u00a0 \u00ab prix bas tous les jours \u00bb, avec n\u00e9anmoins des p\u00e9riodes de promotions, mais \u00ab\u00a0 moins nombreuses et plus cibl\u00e9es \u00bb. Pour ce faire, le directeur propose un \u2018deal\u2019 \u00e0 ses\u00a0 fournisseurs : ils auront droit \u00e0 davantage de place dans les rayons, \u00e0 condition qu\u2019ils se montrent comp\u00e9titifs.<\/p>\n<p>D\u2019autre part les managers de magasins b\u00e9n\u00e9ficieront d\u2019une plus grande autonomie. Ainsi\u00a0 la publicit\u00e9 se focalisera sur les accents locaux, ainsi que sur le canal online. Les fournisseurs locaux eux aussi auront davantage de possibilit\u00e9s.<\/p>\n<h2>\n<br \/>\u2018Planet\u2019 dispara\u00eet<\/h2>\n<p>Plassat n\u2019entend pas toucher aux hypermarch\u00e9s d\u00e9ficitaires tr\u00e8s controvers\u00e9s. Selon\u00a0 lui\u00a0 la raison d\u2019\u00eatre de Carrefour est de proposer\u00a0 aux clients une formule \u2018tout en un\u2019\u00a0 dans des hypermarch\u00e9s,\u00a0 situ\u00e9s principalement en dehors de la ville. Par contre il veut <a target=\"_blank\" href=\"http:\/\/www.lsa-conso.fr\/direct-georges-plassat-repond-aux-questions,132336\" rel=\"noopener\">se d\u00e9faire du concept \u2018Planet<\/a>\u2019, estimant \u00ab qu\u2019il\u00a0 faut en finir avec la confusion des diff\u00e9rents formats et que le nom Carrefour se suffit \u00e0 lui-m\u00eame\u00a0\u00bb. Selon lui il faut redonner \u00e0 chaque format sa propre identit\u00e9. A ce titre il cite les concepts Market, City et Montagne.<\/p>\n<p>Carrefour annon\u00e7ait hier des r\u00e9sultats d\u00e9passant les attentes pour le premier semestre 2012.\u00a0 La bourse a r\u00e9agi de mani\u00e8re positive \u00e0 cette annonce :\u00a0 le\u00a0 titre Carrefour a grimp\u00e9 de 6,7% \u00e0 16,81 euros \u00e0 la cl\u00f4ture.<\/p>\n<p>\u00a0<\/p>\n<p>\u00a0<\/p>\n<p><em>Traduction : Marie-No\u00eblle Masure<\/em><\/p>\n","protected":false},"excerpt":{"rendered":"<p>Pourtant le d\u00e9fi\u00a0 \u00e0 relever n\u2019est pas des moindres pour le g\u00e9ant fran\u00e7ais de la distribution. Carrefour perd des parts de march\u00e9 sur son march\u00e9 int\u00e9rieur fran\u00e7ais, qui repr\u00e9sente 43% de son chiffre d\u2019affaires. En Espagne et en Italie, deux pays en plein crise, o\u00f9 le distributeur r\u00e9alise 20% de ses ventes, les r\u00e9sultats sont [&hellip;]<\/p>\n","protected":false},"author":1,"featured_media":84,"comment_status":"closed","ping_status":"closed","sticky":false,"template":"","format":"standard","meta":{"_acf_changed":false,"inline_featured_image":false,"_jetpack_memberships_contains_paid_content":false,"footnotes":""},"categories":[24],"tags":[],"people":[],"extra":[],"company":[],"topic":[],"region":[],"class_list":["post-1993","post","type-post","status-publish","format-standard","has-post-thumbnail","hentry","category-food"],"acf":[],"yoast_head":"<!-- This site is optimized with the Yoast SEO plugin v27.3 - https:\/\/yoast.com\/product\/yoast-seo-wordpress\/ -->\n<title>Georges Plassat, PDG de Carrefour se limite \u00e0 de petites mesures - RetailDetail BE<\/title>\n<meta name=\"robots\" content=\"index, follow, max-snippet:-1, max-image-preview:large, max-video-preview:-1\" \/>\n<link rel=\"canonical\" href=\"https:\/\/www.retaildetail.be\/fr\/news\/food\/georges-plassat-pdg-de-carrefour-se-limite-a-de-petites-mesures\/\" \/>\n<meta property=\"og:locale\" content=\"fr_FR\" \/>\n<meta property=\"og:type\" content=\"article\" \/>\n<meta property=\"og:title\" content=\"Georges Plassat, PDG de Carrefour se limite \u00e0 de petites mesures - RetailDetail BE\" \/>\n<meta property=\"og:description\" content=\"Pourtant le d\u00e9fi\u00a0 \u00e0 relever n\u2019est pas des moindres pour le g\u00e9ant fran\u00e7ais de la distribution. Carrefour perd des parts de march\u00e9 sur son march\u00e9 int\u00e9rieur fran\u00e7ais, qui repr\u00e9sente 43% de son chiffre d\u2019affaires. En Espagne et en Italie, deux pays en plein crise, o\u00f9 le distributeur r\u00e9alise 20% de ses ventes, les r\u00e9sultats sont [&hellip;]\" \/>\n<meta property=\"og:url\" content=\"https:\/\/www.retaildetail.be\/fr\/news\/food\/georges-plassat-pdg-de-carrefour-se-limite-a-de-petites-mesures\/\" \/>\n<meta property=\"og:site_name\" content=\"RetailDetail BE\" \/>\n<meta property=\"article:published_time\" content=\"2012-08-31T16:04:23+00:00\" \/>\n<meta property=\"og:image\" content=\"https:\/\/i0.wp.com\/www.retaildetail.be\/wp-content\/uploads\/2022\/04\/logo.png?fit=281%2C147&quality=100&strip=all&ssl=1\" \/>\n\t<meta property=\"og:image:width\" content=\"281\" \/>\n\t<meta property=\"og:image:height\" content=\"147\" \/>\n\t<meta property=\"og:image:type\" content=\"image\/png\" \/>\n<meta name=\"author\" content=\"dev@grandiz.com\" \/>\n<meta name=\"twitter:card\" content=\"summary_large_image\" \/>\n<meta name=\"twitter:label1\" content=\"\u00c9crit par\" \/>\n\t<meta name=\"twitter:data1\" content=\"dev@grandiz.com\" \/>\n\t<meta name=\"twitter:label2\" content=\"Dur\u00e9e de lecture estim\u00e9e\" \/>\n\t<meta name=\"twitter:data2\" content=\"2 minutes\" \/>\n<script type=\"application\/ld+json\" class=\"yoast-schema-graph\">{\"@context\":\"https:\\\/\\\/schema.org\",\"@graph\":[{\"@type\":\"NewsArticle\",\"@id\":\"https:\\\/\\\/www.retaildetail.be\\\/fr\\\/news\\\/food\\\/georges-plassat-pdg-de-carrefour-se-limite-a-de-petites-mesures\\\/#article\",\"isPartOf\":{\"@id\":\"https:\\\/\\\/www.retaildetail.be\\\/fr\\\/news\\\/food\\\/georges-plassat-pdg-de-carrefour-se-limite-a-de-petites-mesures\\\/\"},\"author\":{\"name\":\"dev@grandiz.com\",\"@id\":\"https:\\\/\\\/www.retaildetail.be\\\/nl\\\/#\\\/schema\\\/person\\\/ba2d383452a753a3a1ce8cdb349b5fc9\"},\"headline\":\"Georges Plassat, PDG de Carrefour se limite \u00e0 de petites mesures\",\"datePublished\":\"2012-08-31T16:04:23+00:00\",\"mainEntityOfPage\":{\"@id\":\"https:\\\/\\\/www.retaildetail.be\\\/fr\\\/news\\\/food\\\/georges-plassat-pdg-de-carrefour-se-limite-a-de-petites-mesures\\\/\"},\"wordCount\":506,\"publisher\":{\"@id\":\"https:\\\/\\\/www.retaildetail.be\\\/nl\\\/#organization\"},\"image\":{\"@id\":\"https:\\\/\\\/www.retaildetail.be\\\/fr\\\/news\\\/food\\\/georges-plassat-pdg-de-carrefour-se-limite-a-de-petites-mesures\\\/#primaryimage\"},\"thumbnailUrl\":\"https:\\\/\\\/www.retaildetail.be\\\/wp-content\\\/uploads\\\/2022\\\/04\\\/logo.png\",\"articleSection\":[\"Food\"],\"inLanguage\":\"fr-FR\",\"copyrightYear\":\"2012\",\"copyrightHolder\":{\"@id\":\"https:\\\/\\\/www.retaildetail.be\\\/#organization\"}},{\"@type\":\"WebPage\",\"@id\":\"https:\\\/\\\/www.retaildetail.be\\\/fr\\\/news\\\/food\\\/georges-plassat-pdg-de-carrefour-se-limite-a-de-petites-mesures\\\/\",\"url\":\"https:\\\/\\\/www.retaildetail.be\\\/fr\\\/news\\\/food\\\/georges-plassat-pdg-de-carrefour-se-limite-a-de-petites-mesures\\\/\",\"name\":\"Georges Plassat, PDG de Carrefour se limite \u00e0 de petites mesures - RetailDetail BE\",\"isPartOf\":{\"@id\":\"https:\\\/\\\/www.retaildetail.be\\\/nl\\\/#website\"},\"primaryImageOfPage\":{\"@id\":\"https:\\\/\\\/www.retaildetail.be\\\/fr\\\/news\\\/food\\\/georges-plassat-pdg-de-carrefour-se-limite-a-de-petites-mesures\\\/#primaryimage\"},\"image\":{\"@id\":\"https:\\\/\\\/www.retaildetail.be\\\/fr\\\/news\\\/food\\\/georges-plassat-pdg-de-carrefour-se-limite-a-de-petites-mesures\\\/#primaryimage\"},\"thumbnailUrl\":\"https:\\\/\\\/www.retaildetail.be\\\/wp-content\\\/uploads\\\/2022\\\/04\\\/logo.png\",\"datePublished\":\"2012-08-31T16:04:23+00:00\",\"breadcrumb\":{\"@id\":\"https:\\\/\\\/www.retaildetail.be\\\/fr\\\/news\\\/food\\\/georges-plassat-pdg-de-carrefour-se-limite-a-de-petites-mesures\\\/#breadcrumb\"},\"inLanguage\":\"fr-FR\",\"potentialAction\":[{\"@type\":\"ReadAction\",\"target\":[\"https:\\\/\\\/www.retaildetail.be\\\/fr\\\/news\\\/food\\\/georges-plassat-pdg-de-carrefour-se-limite-a-de-petites-mesures\\\/\"]}]},{\"@type\":\"ImageObject\",\"inLanguage\":\"fr-FR\",\"@id\":\"https:\\\/\\\/www.retaildetail.be\\\/fr\\\/news\\\/food\\\/georges-plassat-pdg-de-carrefour-se-limite-a-de-petites-mesures\\\/#primaryimage\",\"url\":\"https:\\\/\\\/www.retaildetail.be\\\/wp-content\\\/uploads\\\/2022\\\/04\\\/logo.png\",\"contentUrl\":\"https:\\\/\\\/www.retaildetail.be\\\/wp-content\\\/uploads\\\/2022\\\/04\\\/logo.png\",\"width\":281,\"height\":147},{\"@type\":\"BreadcrumbList\",\"@id\":\"https:\\\/\\\/www.retaildetail.be\\\/fr\\\/news\\\/food\\\/georges-plassat-pdg-de-carrefour-se-limite-a-de-petites-mesures\\\/#breadcrumb\",\"itemListElement\":[{\"@type\":\"ListItem\",\"position\":1,\"name\":\"Home\",\"item\":\"https:\\\/\\\/www.retaildetail.be\\\/fr\\\/\"},{\"@type\":\"ListItem\",\"position\":2,\"name\":\"Georges Plassat, PDG de Carrefour se limite \u00e0 de petites mesures\"}]},{\"@type\":\"WebSite\",\"@id\":\"https:\\\/\\\/www.retaildetail.be\\\/nl\\\/#website\",\"url\":\"https:\\\/\\\/www.retaildetail.be\\\/nl\\\/\",\"name\":\"RetailDetail BE\",\"description\":\"News\",\"publisher\":{\"@id\":\"https:\\\/\\\/www.retaildetail.be\\\/nl\\\/#organization\"},\"potentialAction\":[{\"@type\":\"SearchAction\",\"target\":{\"@type\":\"EntryPoint\",\"urlTemplate\":\"https:\\\/\\\/www.retaildetail.be\\\/nl\\\/?s={search_term_string}\"},\"query-input\":{\"@type\":\"PropertyValueSpecification\",\"valueRequired\":true,\"valueName\":\"search_term_string\"}}],\"inLanguage\":\"fr-FR\"},{\"@type\":\"Organization\",\"@id\":\"https:\\\/\\\/www.retaildetail.be\\\/nl\\\/#organization\",\"name\":\"RetailDetail BE\",\"url\":\"https:\\\/\\\/www.retaildetail.be\\\/nl\\\/\",\"logo\":{\"@type\":\"ImageObject\",\"inLanguage\":\"fr-FR\",\"@id\":\"https:\\\/\\\/www.retaildetail.be\\\/nl\\\/#\\\/schema\\\/logo\\\/image\\\/\",\"url\":\"https:\\\/\\\/www.retaildetail.be\\\/wp-content\\\/uploads\\\/2022\\\/04\\\/logo.svg\",\"contentUrl\":\"https:\\\/\\\/www.retaildetail.be\\\/wp-content\\\/uploads\\\/2022\\\/04\\\/logo.svg\",\"width\":131,\"height\":70,\"caption\":\"RetailDetail BE\"},\"image\":{\"@id\":\"https:\\\/\\\/www.retaildetail.be\\\/nl\\\/#\\\/schema\\\/logo\\\/image\\\/\"}},{\"@type\":\"Person\",\"@id\":\"https:\\\/\\\/www.retaildetail.be\\\/nl\\\/#\\\/schema\\\/person\\\/ba2d383452a753a3a1ce8cdb349b5fc9\",\"name\":\"dev@grandiz.com\",\"image\":{\"@type\":\"ImageObject\",\"inLanguage\":\"fr-FR\",\"@id\":\"https:\\\/\\\/secure.gravatar.com\\\/avatar\\\/5f53ce9fb6eed4a60e5aaaa712be8773880fa9459d9cac9bc4aa4fdbce3f447f?s=96&d=mm&r=g\",\"url\":\"https:\\\/\\\/secure.gravatar.com\\\/avatar\\\/5f53ce9fb6eed4a60e5aaaa712be8773880fa9459d9cac9bc4aa4fdbce3f447f?s=96&d=mm&r=g\",\"contentUrl\":\"https:\\\/\\\/secure.gravatar.com\\\/avatar\\\/5f53ce9fb6eed4a60e5aaaa712be8773880fa9459d9cac9bc4aa4fdbce3f447f?s=96&d=mm&r=g\",\"caption\":\"dev@grandiz.com\"},\"sameAs\":[\"http:\\\/\\\/preprod.retaildetail.be\"],\"url\":\"https:\\\/\\\/www.retaildetail.be\\\/fr\\\/author\\\/devgrandiz-com\\\/\"}]}<\/script>\n<!-- \/ Yoast SEO plugin. -->","yoast_head_json":{"title":"Georges Plassat, PDG de Carrefour se limite \u00e0 de petites mesures - RetailDetail BE","robots":{"index":"index","follow":"follow","max-snippet":"max-snippet:-1","max-image-preview":"max-image-preview:large","max-video-preview":"max-video-preview:-1"},"canonical":"https:\/\/www.retaildetail.be\/fr\/news\/food\/georges-plassat-pdg-de-carrefour-se-limite-a-de-petites-mesures\/","og_locale":"fr_FR","og_type":"article","og_title":"Georges Plassat, PDG de Carrefour se limite \u00e0 de petites mesures - RetailDetail BE","og_description":"Pourtant le d\u00e9fi\u00a0 \u00e0 relever n\u2019est pas des moindres pour le g\u00e9ant fran\u00e7ais de la distribution. Carrefour perd des parts de march\u00e9 sur son march\u00e9 int\u00e9rieur fran\u00e7ais, qui repr\u00e9sente 43% de son chiffre d\u2019affaires. En Espagne et en Italie, deux pays en plein crise, o\u00f9 le distributeur r\u00e9alise 20% de ses ventes, les r\u00e9sultats sont [&hellip;]","og_url":"https:\/\/www.retaildetail.be\/fr\/news\/food\/georges-plassat-pdg-de-carrefour-se-limite-a-de-petites-mesures\/","og_site_name":"RetailDetail BE","article_published_time":"2012-08-31T16:04:23+00:00","og_image":[{"width":281,"height":147,"url":"https:\/\/i0.wp.com\/www.retaildetail.be\/wp-content\/uploads\/2022\/04\/logo.png?fit=281%2C147&quality=100&strip=all&ssl=1","type":"image\/png"}],"author":"dev@grandiz.com","twitter_card":"summary_large_image","twitter_misc":{"\u00c9crit par":"dev@grandiz.com","Dur\u00e9e de lecture estim\u00e9e":"2 minutes"},"schema":{"@context":"https:\/\/schema.org","@graph":[{"@type":"NewsArticle","@id":"https:\/\/www.retaildetail.be\/fr\/news\/food\/georges-plassat-pdg-de-carrefour-se-limite-a-de-petites-mesures\/#article","isPartOf":{"@id":"https:\/\/www.retaildetail.be\/fr\/news\/food\/georges-plassat-pdg-de-carrefour-se-limite-a-de-petites-mesures\/"},"author":{"name":"dev@grandiz.com","@id":"https:\/\/www.retaildetail.be\/nl\/#\/schema\/person\/ba2d383452a753a3a1ce8cdb349b5fc9"},"headline":"Georges Plassat, PDG de Carrefour se limite \u00e0 de petites mesures","datePublished":"2012-08-31T16:04:23+00:00","mainEntityOfPage":{"@id":"https:\/\/www.retaildetail.be\/fr\/news\/food\/georges-plassat-pdg-de-carrefour-se-limite-a-de-petites-mesures\/"},"wordCount":506,"publisher":{"@id":"https:\/\/www.retaildetail.be\/nl\/#organization"},"image":{"@id":"https:\/\/www.retaildetail.be\/fr\/news\/food\/georges-plassat-pdg-de-carrefour-se-limite-a-de-petites-mesures\/#primaryimage"},"thumbnailUrl":"https:\/\/www.retaildetail.be\/wp-content\/uploads\/2022\/04\/logo.png","articleSection":["Food"],"inLanguage":"fr-FR","copyrightYear":"2012","copyrightHolder":{"@id":"https:\/\/www.retaildetail.be\/#organization"}},{"@type":"WebPage","@id":"https:\/\/www.retaildetail.be\/fr\/news\/food\/georges-plassat-pdg-de-carrefour-se-limite-a-de-petites-mesures\/","url":"https:\/\/www.retaildetail.be\/fr\/news\/food\/georges-plassat-pdg-de-carrefour-se-limite-a-de-petites-mesures\/","name":"Georges Plassat, PDG de Carrefour se limite \u00e0 de petites mesures - RetailDetail BE","isPartOf":{"@id":"https:\/\/www.retaildetail.be\/nl\/#website"},"primaryImageOfPage":{"@id":"https:\/\/www.retaildetail.be\/fr\/news\/food\/georges-plassat-pdg-de-carrefour-se-limite-a-de-petites-mesures\/#primaryimage"},"image":{"@id":"https:\/\/www.retaildetail.be\/fr\/news\/food\/georges-plassat-pdg-de-carrefour-se-limite-a-de-petites-mesures\/#primaryimage"},"thumbnailUrl":"https:\/\/www.retaildetail.be\/wp-content\/uploads\/2022\/04\/logo.png","datePublished":"2012-08-31T16:04:23+00:00","breadcrumb":{"@id":"https:\/\/www.retaildetail.be\/fr\/news\/food\/georges-plassat-pdg-de-carrefour-se-limite-a-de-petites-mesures\/#breadcrumb"},"inLanguage":"fr-FR","potentialAction":[{"@type":"ReadAction","target":["https:\/\/www.retaildetail.be\/fr\/news\/food\/georges-plassat-pdg-de-carrefour-se-limite-a-de-petites-mesures\/"]}]},{"@type":"ImageObject","inLanguage":"fr-FR","@id":"https:\/\/www.retaildetail.be\/fr\/news\/food\/georges-plassat-pdg-de-carrefour-se-limite-a-de-petites-mesures\/#primaryimage","url":"https:\/\/www.retaildetail.be\/wp-content\/uploads\/2022\/04\/logo.png","contentUrl":"https:\/\/www.retaildetail.be\/wp-content\/uploads\/2022\/04\/logo.png","width":281,"height":147},{"@type":"BreadcrumbList","@id":"https:\/\/www.retaildetail.be\/fr\/news\/food\/georges-plassat-pdg-de-carrefour-se-limite-a-de-petites-mesures\/#breadcrumb","itemListElement":[{"@type":"ListItem","position":1,"name":"Home","item":"https:\/\/www.retaildetail.be\/fr\/"},{"@type":"ListItem","position":2,"name":"Georges Plassat, PDG de Carrefour se limite \u00e0 de petites mesures"}]},{"@type":"WebSite","@id":"https:\/\/www.retaildetail.be\/nl\/#website","url":"https:\/\/www.retaildetail.be\/nl\/","name":"RetailDetail BE","description":"News","publisher":{"@id":"https:\/\/www.retaildetail.be\/nl\/#organization"},"potentialAction":[{"@type":"SearchAction","target":{"@type":"EntryPoint","urlTemplate":"https:\/\/www.retaildetail.be\/nl\/?s={search_term_string}"},"query-input":{"@type":"PropertyValueSpecification","valueRequired":true,"valueName":"search_term_string"}}],"inLanguage":"fr-FR"},{"@type":"Organization","@id":"https:\/\/www.retaildetail.be\/nl\/#organization","name":"RetailDetail BE","url":"https:\/\/www.retaildetail.be\/nl\/","logo":{"@type":"ImageObject","inLanguage":"fr-FR","@id":"https:\/\/www.retaildetail.be\/nl\/#\/schema\/logo\/image\/","url":"https:\/\/www.retaildetail.be\/wp-content\/uploads\/2022\/04\/logo.svg","contentUrl":"https:\/\/www.retaildetail.be\/wp-content\/uploads\/2022\/04\/logo.svg","width":131,"height":70,"caption":"RetailDetail BE"},"image":{"@id":"https:\/\/www.retaildetail.be\/nl\/#\/schema\/logo\/image\/"}},{"@type":"Person","@id":"https:\/\/www.retaildetail.be\/nl\/#\/schema\/person\/ba2d383452a753a3a1ce8cdb349b5fc9","name":"dev@grandiz.com","image":{"@type":"ImageObject","inLanguage":"fr-FR","@id":"https:\/\/secure.gravatar.com\/avatar\/5f53ce9fb6eed4a60e5aaaa712be8773880fa9459d9cac9bc4aa4fdbce3f447f?s=96&d=mm&r=g","url":"https:\/\/secure.gravatar.com\/avatar\/5f53ce9fb6eed4a60e5aaaa712be8773880fa9459d9cac9bc4aa4fdbce3f447f?s=96&d=mm&r=g","contentUrl":"https:\/\/secure.gravatar.com\/avatar\/5f53ce9fb6eed4a60e5aaaa712be8773880fa9459d9cac9bc4aa4fdbce3f447f?s=96&d=mm&r=g","caption":"dev@grandiz.com"},"sameAs":["http:\/\/preprod.retaildetail.be"],"url":"https:\/\/www.retaildetail.be\/fr\/author\/devgrandiz-com\/"}]}},"jetpack_featured_media_url":"https:\/\/www.retaildetail.be\/wp-content\/uploads\/2022\/04\/logo.png","jetpack_sharing_enabled":true,"_links":{"self":[{"href":"https:\/\/www.retaildetail.be\/fr\/wp-json\/wp\/v2\/posts\/1993","targetHints":{"allow":["GET"]}}],"collection":[{"href":"https:\/\/www.retaildetail.be\/fr\/wp-json\/wp\/v2\/posts"}],"about":[{"href":"https:\/\/www.retaildetail.be\/fr\/wp-json\/wp\/v2\/types\/post"}],"author":[{"embeddable":true,"href":"https:\/\/www.retaildetail.be\/fr\/wp-json\/wp\/v2\/users\/1"}],"replies":[{"embeddable":true,"href":"https:\/\/www.retaildetail.be\/fr\/wp-json\/wp\/v2\/comments?post=1993"}],"version-history":[{"count":0,"href":"https:\/\/www.retaildetail.be\/fr\/wp-json\/wp\/v2\/posts\/1993\/revisions"}],"wp:featuredmedia":[{"embeddable":true,"href":"https:\/\/www.retaildetail.be\/fr\/wp-json\/wp\/v2\/media\/84"}],"wp:attachment":[{"href":"https:\/\/www.retaildetail.be\/fr\/wp-json\/wp\/v2\/media?parent=1993"}],"wp:term":[{"taxonomy":"category","embeddable":true,"href":"https:\/\/www.retaildetail.be\/fr\/wp-json\/wp\/v2\/categories?post=1993"},{"taxonomy":"post_tag","embeddable":true,"href":"https:\/\/www.retaildetail.be\/fr\/wp-json\/wp\/v2\/tags?post=1993"},{"taxonomy":"people","embeddable":true,"href":"https:\/\/www.retaildetail.be\/fr\/wp-json\/wp\/v2\/people?post=1993"},{"taxonomy":"extra","embeddable":true,"href":"https:\/\/www.retaildetail.be\/fr\/wp-json\/wp\/v2\/extra?post=1993"},{"taxonomy":"company","embeddable":true,"href":"https:\/\/www.retaildetail.be\/fr\/wp-json\/wp\/v2\/company?post=1993"},{"taxonomy":"topic","embeddable":true,"href":"https:\/\/www.retaildetail.be\/fr\/wp-json\/wp\/v2\/topic?post=1993"},{"taxonomy":"region","embeddable":true,"href":"https:\/\/www.retaildetail.be\/fr\/wp-json\/wp\/v2\/region?post=1993"}],"curies":[{"name":"wp","href":"https:\/\/api.w.org\/{rel}","templated":true}]}}