{"id":2003,"date":"2012-09-05T10:19:12","date_gmt":"2012-09-05T10:19:12","guid":{"rendered":"https:\/\/www.retaildetail.be\/food\/debut-des-travaux-de-construction-du-septieme-metro-en-belgique\/"},"modified":"2012-09-05T10:19:12","modified_gmt":"2012-09-05T10:19:12","slug":"debut-des-travaux-de-construction-du-septieme-metro-en-belgique","status":"publish","type":"post","link":"https:\/\/www.retaildetail.be\/fr\/news\/food\/debut-des-travaux-de-construction-du-septieme-metro-en-belgique\/","title":{"rendered":"D\u00e9but des travaux de construction du septi\u00e8me Metro en Belgique"},"content":{"rendered":"<h2>Filiale \u00ab d\u2019accessibilit\u00e9 optimale \u00bb sur une surface de 2.453 m\u00b2<\/h2>\n<p>Apr\u00e8s Hasselt, Wevelgem, Anvers, Bruxelles, Li\u00e8ge et <a target=\"_blank\" href=\"fr\/f-belgique\/bgq-alimentation\/item\/14255-metro-cash--carry-ouvre-une-filiale-%C3%A0-gand\" rel=\"noopener\">Evergem (ouvert depuis le mois de juin dernier pour la r\u00e9gion gantoise<\/a>), c\u2019est donc \u00e0 Sint-Katelijne-Waver que Metro Cash &amp; Carry Belgium ouvrira au mois de mars 2013 son nouveau point de vente. Aux dires du groupe, cette nouvelle implantation \u00ab r\u00e9pond <strong>aux besoins des professionnels de l\u2019horeca et des commer\u00e7ants de la r\u00e9gion de Malines et Lierre<\/strong>. \u00bb<\/p>\n<p>Metro entend \u00ab \u00eatre accessible de fa\u00e7on optimale\u00a0 <strong>dans un rayon de moins d\u2019une demi-heure<\/strong> pour tous les professionnels de l\u2019horeca \u00bb, et ce afin de garantir la cha\u00eene du froid apr\u00e8s achat, aspect \u00f4 combien important dans ce secteur. C\u2019est pourquoi le nouveau Metro viendra s\u2019implanter le long de la chauss\u00e9e de Malines \u00e0 Sint-Katelijne-Waver, \u00e0 proximit\u00e9 du ring de Malines. La filiale occupera une surface commerciale de 2.453 m\u00b2 et sera pourvue d\u2019un parking de 130 places.<\/p>\n<h2>\n<br \/>Journ\u00e9e de l\u2019emploi le 18 septembre<\/h2>\n<p>L\u2019arriv\u00e9e de ce nouveau Metro permettra \u00e9galement de cr\u00e9er de nouveaux emplois dans la r\u00e9gion. En effet l\u2019entreprise cherche \u00e0 recruter <strong>35 personnes de divers profils, allant de jeunes dipl\u00f4m\u00e9s\u00a0 aux managers exp\u00e9riment\u00e9s.<\/strong><\/p>\n<p>C\u2019est pourquoi Metro organise une journ\u00e9e de l\u2019emploi \u2018all-in-one\u2019 le 18 septembre prochain, selon le concept habituel : pour commencer une pr\u00e9sentation de l\u2019entreprise dans le bus qui viendra prendre les candidats au ch\u00e2teau Tivoli \u00e0 Malines, ensuite une visite d\u2019un des magasins Metro et enfin \u2013 pour les plus motiv\u00e9s \u2013 <strong>un premier entretien d\u2019une dizaine de minutes.<\/strong><\/p>\n<h2>\n<br \/>Sept Metro, six Makro<\/h2>\n<p>C\u2019est en 1964 que Metro ouvrait en Allemagne son tout premier commerce de gros en libre-service. <strong>En 2003 le groupe d\u00e9barque en Belgique avec sa formule<\/strong>, r\u00e9serv\u00e9e exclusivement aux professionnels de l\u2019horeca et aux commer\u00e7ants. Avec l\u2019ouverture \u00e0 Sint-Katelijne-Waver, Metro compte actuellement sept implantations en Belgique.<\/p>\n<p>Metro Cash &amp; Carry, qui exploite \u00e9galement six magasins Makro dans notre pays, fait partie de<strong> Metro Group, la troisi\u00e8me plus grande cha\u00eene de magasins au monde.<\/strong><\/p>\n<p>\u00a0<\/p>\n<p>\u00a0<\/p>\n<p><em>Traduction : Marie-No\u00eblle Masure<\/em><\/p>\n","protected":false},"excerpt":{"rendered":"<p>Filiale \u00ab d\u2019accessibilit\u00e9 optimale \u00bb sur une surface de 2.453 m\u00b2 Apr\u00e8s Hasselt, Wevelgem, Anvers, Bruxelles, Li\u00e8ge et Evergem (ouvert depuis le mois de juin dernier pour la r\u00e9gion gantoise), c\u2019est donc \u00e0 Sint-Katelijne-Waver que Metro Cash &amp; Carry Belgium ouvrira au mois de mars 2013 son nouveau point de vente. Aux dires du groupe, [&hellip;]<\/p>\n","protected":false},"author":1,"featured_media":84,"comment_status":"closed","ping_status":"closed","sticky":false,"template":"","format":"standard","meta":{"_acf_changed":false,"inline_featured_image":false,"_jetpack_memberships_contains_paid_content":false,"footnotes":""},"categories":[24],"tags":[],"people":[],"extra":[],"company":[],"topic":[],"region":[],"class_list":["post-2003","post","type-post","status-publish","format-standard","has-post-thumbnail","hentry","category-food"],"acf":[],"yoast_head":"<!-- This site is optimized with the Yoast SEO plugin v27.3 - https:\/\/yoast.com\/product\/yoast-seo-wordpress\/ -->\n<title>D\u00e9but des travaux de construction du septi\u00e8me Metro en Belgique - RetailDetail BE<\/title>\n<meta name=\"robots\" content=\"index, follow, max-snippet:-1, max-image-preview:large, max-video-preview:-1\" \/>\n<link rel=\"canonical\" href=\"https:\/\/www.retaildetail.be\/fr\/news\/food\/debut-des-travaux-de-construction-du-septieme-metro-en-belgique\/\" \/>\n<meta property=\"og:locale\" content=\"fr_FR\" \/>\n<meta property=\"og:type\" content=\"article\" \/>\n<meta property=\"og:title\" content=\"D\u00e9but des travaux de construction du septi\u00e8me Metro en Belgique - RetailDetail BE\" \/>\n<meta property=\"og:description\" content=\"Filiale \u00ab d\u2019accessibilit\u00e9 optimale \u00bb sur une surface de 2.453 m\u00b2 Apr\u00e8s Hasselt, Wevelgem, Anvers, Bruxelles, Li\u00e8ge et Evergem (ouvert depuis le mois de juin dernier pour la r\u00e9gion gantoise), c\u2019est donc \u00e0 Sint-Katelijne-Waver que Metro Cash &amp; Carry Belgium ouvrira au mois de mars 2013 son nouveau point de vente. Aux dires du groupe, [&hellip;]\" \/>\n<meta property=\"og:url\" content=\"https:\/\/www.retaildetail.be\/fr\/news\/food\/debut-des-travaux-de-construction-du-septieme-metro-en-belgique\/\" \/>\n<meta property=\"og:site_name\" content=\"RetailDetail BE\" \/>\n<meta property=\"article:published_time\" content=\"2012-09-05T10:19:12+00:00\" \/>\n<meta property=\"og:image\" content=\"https:\/\/i0.wp.com\/www.retaildetail.be\/wp-content\/uploads\/2022\/04\/logo.png?fit=281%2C147&quality=100&strip=all&ssl=1\" \/>\n\t<meta property=\"og:image:width\" content=\"281\" \/>\n\t<meta property=\"og:image:height\" content=\"147\" \/>\n\t<meta property=\"og:image:type\" content=\"image\/png\" \/>\n<meta name=\"author\" content=\"dev@grandiz.com\" \/>\n<meta name=\"twitter:card\" content=\"summary_large_image\" \/>\n<meta name=\"twitter:label1\" content=\"\u00c9crit par\" \/>\n\t<meta name=\"twitter:data1\" content=\"dev@grandiz.com\" \/>\n\t<meta name=\"twitter:label2\" content=\"Dur\u00e9e de lecture estim\u00e9e\" \/>\n\t<meta name=\"twitter:data2\" content=\"2 minutes\" \/>\n<script type=\"application\/ld+json\" class=\"yoast-schema-graph\">{\"@context\":\"https:\\\/\\\/schema.org\",\"@graph\":[{\"@type\":\"NewsArticle\",\"@id\":\"https:\\\/\\\/www.retaildetail.be\\\/fr\\\/news\\\/food\\\/debut-des-travaux-de-construction-du-septieme-metro-en-belgique\\\/#article\",\"isPartOf\":{\"@id\":\"https:\\\/\\\/www.retaildetail.be\\\/fr\\\/news\\\/food\\\/debut-des-travaux-de-construction-du-septieme-metro-en-belgique\\\/\"},\"author\":{\"name\":\"dev@grandiz.com\",\"@id\":\"https:\\\/\\\/www.retaildetail.be\\\/nl\\\/#\\\/schema\\\/person\\\/ba2d383452a753a3a1ce8cdb349b5fc9\"},\"headline\":\"D\u00e9but des travaux de construction du septi\u00e8me Metro en Belgique\",\"datePublished\":\"2012-09-05T10:19:12+00:00\",\"mainEntityOfPage\":{\"@id\":\"https:\\\/\\\/www.retaildetail.be\\\/fr\\\/news\\\/food\\\/debut-des-travaux-de-construction-du-septieme-metro-en-belgique\\\/\"},\"wordCount\":369,\"publisher\":{\"@id\":\"https:\\\/\\\/www.retaildetail.be\\\/nl\\\/#organization\"},\"image\":{\"@id\":\"https:\\\/\\\/www.retaildetail.be\\\/fr\\\/news\\\/food\\\/debut-des-travaux-de-construction-du-septieme-metro-en-belgique\\\/#primaryimage\"},\"thumbnailUrl\":\"https:\\\/\\\/www.retaildetail.be\\\/wp-content\\\/uploads\\\/2022\\\/04\\\/logo.png\",\"articleSection\":[\"Food\"],\"inLanguage\":\"fr-FR\",\"copyrightYear\":\"2012\",\"copyrightHolder\":{\"@id\":\"https:\\\/\\\/www.retaildetail.be\\\/#organization\"}},{\"@type\":\"WebPage\",\"@id\":\"https:\\\/\\\/www.retaildetail.be\\\/fr\\\/news\\\/food\\\/debut-des-travaux-de-construction-du-septieme-metro-en-belgique\\\/\",\"url\":\"https:\\\/\\\/www.retaildetail.be\\\/fr\\\/news\\\/food\\\/debut-des-travaux-de-construction-du-septieme-metro-en-belgique\\\/\",\"name\":\"D\u00e9but des travaux de construction du septi\u00e8me Metro en Belgique - RetailDetail BE\",\"isPartOf\":{\"@id\":\"https:\\\/\\\/www.retaildetail.be\\\/nl\\\/#website\"},\"primaryImageOfPage\":{\"@id\":\"https:\\\/\\\/www.retaildetail.be\\\/fr\\\/news\\\/food\\\/debut-des-travaux-de-construction-du-septieme-metro-en-belgique\\\/#primaryimage\"},\"image\":{\"@id\":\"https:\\\/\\\/www.retaildetail.be\\\/fr\\\/news\\\/food\\\/debut-des-travaux-de-construction-du-septieme-metro-en-belgique\\\/#primaryimage\"},\"thumbnailUrl\":\"https:\\\/\\\/www.retaildetail.be\\\/wp-content\\\/uploads\\\/2022\\\/04\\\/logo.png\",\"datePublished\":\"2012-09-05T10:19:12+00:00\",\"breadcrumb\":{\"@id\":\"https:\\\/\\\/www.retaildetail.be\\\/fr\\\/news\\\/food\\\/debut-des-travaux-de-construction-du-septieme-metro-en-belgique\\\/#breadcrumb\"},\"inLanguage\":\"fr-FR\",\"potentialAction\":[{\"@type\":\"ReadAction\",\"target\":[\"https:\\\/\\\/www.retaildetail.be\\\/fr\\\/news\\\/food\\\/debut-des-travaux-de-construction-du-septieme-metro-en-belgique\\\/\"]}]},{\"@type\":\"ImageObject\",\"inLanguage\":\"fr-FR\",\"@id\":\"https:\\\/\\\/www.retaildetail.be\\\/fr\\\/news\\\/food\\\/debut-des-travaux-de-construction-du-septieme-metro-en-belgique\\\/#primaryimage\",\"url\":\"https:\\\/\\\/www.retaildetail.be\\\/wp-content\\\/uploads\\\/2022\\\/04\\\/logo.png\",\"contentUrl\":\"https:\\\/\\\/www.retaildetail.be\\\/wp-content\\\/uploads\\\/2022\\\/04\\\/logo.png\",\"width\":281,\"height\":147},{\"@type\":\"BreadcrumbList\",\"@id\":\"https:\\\/\\\/www.retaildetail.be\\\/fr\\\/news\\\/food\\\/debut-des-travaux-de-construction-du-septieme-metro-en-belgique\\\/#breadcrumb\",\"itemListElement\":[{\"@type\":\"ListItem\",\"position\":1,\"name\":\"Home\",\"item\":\"https:\\\/\\\/www.retaildetail.be\\\/fr\\\/\"},{\"@type\":\"ListItem\",\"position\":2,\"name\":\"D\u00e9but des travaux de construction du septi\u00e8me Metro en Belgique\"}]},{\"@type\":\"WebSite\",\"@id\":\"https:\\\/\\\/www.retaildetail.be\\\/nl\\\/#website\",\"url\":\"https:\\\/\\\/www.retaildetail.be\\\/nl\\\/\",\"name\":\"RetailDetail BE\",\"description\":\"News\",\"publisher\":{\"@id\":\"https:\\\/\\\/www.retaildetail.be\\\/nl\\\/#organization\"},\"potentialAction\":[{\"@type\":\"SearchAction\",\"target\":{\"@type\":\"EntryPoint\",\"urlTemplate\":\"https:\\\/\\\/www.retaildetail.be\\\/nl\\\/?s={search_term_string}\"},\"query-input\":{\"@type\":\"PropertyValueSpecification\",\"valueRequired\":true,\"valueName\":\"search_term_string\"}}],\"inLanguage\":\"fr-FR\"},{\"@type\":\"Organization\",\"@id\":\"https:\\\/\\\/www.retaildetail.be\\\/nl\\\/#organization\",\"name\":\"RetailDetail BE\",\"url\":\"https:\\\/\\\/www.retaildetail.be\\\/nl\\\/\",\"logo\":{\"@type\":\"ImageObject\",\"inLanguage\":\"fr-FR\",\"@id\":\"https:\\\/\\\/www.retaildetail.be\\\/nl\\\/#\\\/schema\\\/logo\\\/image\\\/\",\"url\":\"https:\\\/\\\/www.retaildetail.be\\\/wp-content\\\/uploads\\\/2022\\\/04\\\/logo.svg\",\"contentUrl\":\"https:\\\/\\\/www.retaildetail.be\\\/wp-content\\\/uploads\\\/2022\\\/04\\\/logo.svg\",\"width\":131,\"height\":70,\"caption\":\"RetailDetail BE\"},\"image\":{\"@id\":\"https:\\\/\\\/www.retaildetail.be\\\/nl\\\/#\\\/schema\\\/logo\\\/image\\\/\"}},{\"@type\":\"Person\",\"@id\":\"https:\\\/\\\/www.retaildetail.be\\\/nl\\\/#\\\/schema\\\/person\\\/ba2d383452a753a3a1ce8cdb349b5fc9\",\"name\":\"dev@grandiz.com\",\"image\":{\"@type\":\"ImageObject\",\"inLanguage\":\"fr-FR\",\"@id\":\"https:\\\/\\\/secure.gravatar.com\\\/avatar\\\/5f53ce9fb6eed4a60e5aaaa712be8773880fa9459d9cac9bc4aa4fdbce3f447f?s=96&d=mm&r=g\",\"url\":\"https:\\\/\\\/secure.gravatar.com\\\/avatar\\\/5f53ce9fb6eed4a60e5aaaa712be8773880fa9459d9cac9bc4aa4fdbce3f447f?s=96&d=mm&r=g\",\"contentUrl\":\"https:\\\/\\\/secure.gravatar.com\\\/avatar\\\/5f53ce9fb6eed4a60e5aaaa712be8773880fa9459d9cac9bc4aa4fdbce3f447f?s=96&d=mm&r=g\",\"caption\":\"dev@grandiz.com\"},\"sameAs\":[\"http:\\\/\\\/preprod.retaildetail.be\"],\"url\":\"https:\\\/\\\/www.retaildetail.be\\\/fr\\\/author\\\/devgrandiz-com\\\/\"}]}<\/script>\n<!-- \/ Yoast SEO plugin. -->","yoast_head_json":{"title":"D\u00e9but des travaux de construction du septi\u00e8me Metro en Belgique - RetailDetail BE","robots":{"index":"index","follow":"follow","max-snippet":"max-snippet:-1","max-image-preview":"max-image-preview:large","max-video-preview":"max-video-preview:-1"},"canonical":"https:\/\/www.retaildetail.be\/fr\/news\/food\/debut-des-travaux-de-construction-du-septieme-metro-en-belgique\/","og_locale":"fr_FR","og_type":"article","og_title":"D\u00e9but des travaux de construction du septi\u00e8me Metro en Belgique - RetailDetail BE","og_description":"Filiale \u00ab d\u2019accessibilit\u00e9 optimale \u00bb sur une surface de 2.453 m\u00b2 Apr\u00e8s Hasselt, Wevelgem, Anvers, Bruxelles, Li\u00e8ge et Evergem (ouvert depuis le mois de juin dernier pour la r\u00e9gion gantoise), c\u2019est donc \u00e0 Sint-Katelijne-Waver que Metro Cash &amp; Carry Belgium ouvrira au mois de mars 2013 son nouveau point de vente. Aux dires du groupe, [&hellip;]","og_url":"https:\/\/www.retaildetail.be\/fr\/news\/food\/debut-des-travaux-de-construction-du-septieme-metro-en-belgique\/","og_site_name":"RetailDetail BE","article_published_time":"2012-09-05T10:19:12+00:00","og_image":[{"width":281,"height":147,"url":"https:\/\/i0.wp.com\/www.retaildetail.be\/wp-content\/uploads\/2022\/04\/logo.png?fit=281%2C147&quality=100&strip=all&ssl=1","type":"image\/png"}],"author":"dev@grandiz.com","twitter_card":"summary_large_image","twitter_misc":{"\u00c9crit par":"dev@grandiz.com","Dur\u00e9e de lecture estim\u00e9e":"2 minutes"},"schema":{"@context":"https:\/\/schema.org","@graph":[{"@type":"NewsArticle","@id":"https:\/\/www.retaildetail.be\/fr\/news\/food\/debut-des-travaux-de-construction-du-septieme-metro-en-belgique\/#article","isPartOf":{"@id":"https:\/\/www.retaildetail.be\/fr\/news\/food\/debut-des-travaux-de-construction-du-septieme-metro-en-belgique\/"},"author":{"name":"dev@grandiz.com","@id":"https:\/\/www.retaildetail.be\/nl\/#\/schema\/person\/ba2d383452a753a3a1ce8cdb349b5fc9"},"headline":"D\u00e9but des travaux de construction du septi\u00e8me Metro en Belgique","datePublished":"2012-09-05T10:19:12+00:00","mainEntityOfPage":{"@id":"https:\/\/www.retaildetail.be\/fr\/news\/food\/debut-des-travaux-de-construction-du-septieme-metro-en-belgique\/"},"wordCount":369,"publisher":{"@id":"https:\/\/www.retaildetail.be\/nl\/#organization"},"image":{"@id":"https:\/\/www.retaildetail.be\/fr\/news\/food\/debut-des-travaux-de-construction-du-septieme-metro-en-belgique\/#primaryimage"},"thumbnailUrl":"https:\/\/www.retaildetail.be\/wp-content\/uploads\/2022\/04\/logo.png","articleSection":["Food"],"inLanguage":"fr-FR","copyrightYear":"2012","copyrightHolder":{"@id":"https:\/\/www.retaildetail.be\/#organization"}},{"@type":"WebPage","@id":"https:\/\/www.retaildetail.be\/fr\/news\/food\/debut-des-travaux-de-construction-du-septieme-metro-en-belgique\/","url":"https:\/\/www.retaildetail.be\/fr\/news\/food\/debut-des-travaux-de-construction-du-septieme-metro-en-belgique\/","name":"D\u00e9but des travaux de construction du septi\u00e8me Metro en Belgique - RetailDetail BE","isPartOf":{"@id":"https:\/\/www.retaildetail.be\/nl\/#website"},"primaryImageOfPage":{"@id":"https:\/\/www.retaildetail.be\/fr\/news\/food\/debut-des-travaux-de-construction-du-septieme-metro-en-belgique\/#primaryimage"},"image":{"@id":"https:\/\/www.retaildetail.be\/fr\/news\/food\/debut-des-travaux-de-construction-du-septieme-metro-en-belgique\/#primaryimage"},"thumbnailUrl":"https:\/\/www.retaildetail.be\/wp-content\/uploads\/2022\/04\/logo.png","datePublished":"2012-09-05T10:19:12+00:00","breadcrumb":{"@id":"https:\/\/www.retaildetail.be\/fr\/news\/food\/debut-des-travaux-de-construction-du-septieme-metro-en-belgique\/#breadcrumb"},"inLanguage":"fr-FR","potentialAction":[{"@type":"ReadAction","target":["https:\/\/www.retaildetail.be\/fr\/news\/food\/debut-des-travaux-de-construction-du-septieme-metro-en-belgique\/"]}]},{"@type":"ImageObject","inLanguage":"fr-FR","@id":"https:\/\/www.retaildetail.be\/fr\/news\/food\/debut-des-travaux-de-construction-du-septieme-metro-en-belgique\/#primaryimage","url":"https:\/\/www.retaildetail.be\/wp-content\/uploads\/2022\/04\/logo.png","contentUrl":"https:\/\/www.retaildetail.be\/wp-content\/uploads\/2022\/04\/logo.png","width":281,"height":147},{"@type":"BreadcrumbList","@id":"https:\/\/www.retaildetail.be\/fr\/news\/food\/debut-des-travaux-de-construction-du-septieme-metro-en-belgique\/#breadcrumb","itemListElement":[{"@type":"ListItem","position":1,"name":"Home","item":"https:\/\/www.retaildetail.be\/fr\/"},{"@type":"ListItem","position":2,"name":"D\u00e9but des travaux de construction du septi\u00e8me Metro en Belgique"}]},{"@type":"WebSite","@id":"https:\/\/www.retaildetail.be\/nl\/#website","url":"https:\/\/www.retaildetail.be\/nl\/","name":"RetailDetail BE","description":"News","publisher":{"@id":"https:\/\/www.retaildetail.be\/nl\/#organization"},"potentialAction":[{"@type":"SearchAction","target":{"@type":"EntryPoint","urlTemplate":"https:\/\/www.retaildetail.be\/nl\/?s={search_term_string}"},"query-input":{"@type":"PropertyValueSpecification","valueRequired":true,"valueName":"search_term_string"}}],"inLanguage":"fr-FR"},{"@type":"Organization","@id":"https:\/\/www.retaildetail.be\/nl\/#organization","name":"RetailDetail BE","url":"https:\/\/www.retaildetail.be\/nl\/","logo":{"@type":"ImageObject","inLanguage":"fr-FR","@id":"https:\/\/www.retaildetail.be\/nl\/#\/schema\/logo\/image\/","url":"https:\/\/www.retaildetail.be\/wp-content\/uploads\/2022\/04\/logo.svg","contentUrl":"https:\/\/www.retaildetail.be\/wp-content\/uploads\/2022\/04\/logo.svg","width":131,"height":70,"caption":"RetailDetail BE"},"image":{"@id":"https:\/\/www.retaildetail.be\/nl\/#\/schema\/logo\/image\/"}},{"@type":"Person","@id":"https:\/\/www.retaildetail.be\/nl\/#\/schema\/person\/ba2d383452a753a3a1ce8cdb349b5fc9","name":"dev@grandiz.com","image":{"@type":"ImageObject","inLanguage":"fr-FR","@id":"https:\/\/secure.gravatar.com\/avatar\/5f53ce9fb6eed4a60e5aaaa712be8773880fa9459d9cac9bc4aa4fdbce3f447f?s=96&d=mm&r=g","url":"https:\/\/secure.gravatar.com\/avatar\/5f53ce9fb6eed4a60e5aaaa712be8773880fa9459d9cac9bc4aa4fdbce3f447f?s=96&d=mm&r=g","contentUrl":"https:\/\/secure.gravatar.com\/avatar\/5f53ce9fb6eed4a60e5aaaa712be8773880fa9459d9cac9bc4aa4fdbce3f447f?s=96&d=mm&r=g","caption":"dev@grandiz.com"},"sameAs":["http:\/\/preprod.retaildetail.be"],"url":"https:\/\/www.retaildetail.be\/fr\/author\/devgrandiz-com\/"}]}},"jetpack_featured_media_url":"https:\/\/www.retaildetail.be\/wp-content\/uploads\/2022\/04\/logo.png","jetpack_sharing_enabled":true,"_links":{"self":[{"href":"https:\/\/www.retaildetail.be\/fr\/wp-json\/wp\/v2\/posts\/2003","targetHints":{"allow":["GET"]}}],"collection":[{"href":"https:\/\/www.retaildetail.be\/fr\/wp-json\/wp\/v2\/posts"}],"about":[{"href":"https:\/\/www.retaildetail.be\/fr\/wp-json\/wp\/v2\/types\/post"}],"author":[{"embeddable":true,"href":"https:\/\/www.retaildetail.be\/fr\/wp-json\/wp\/v2\/users\/1"}],"replies":[{"embeddable":true,"href":"https:\/\/www.retaildetail.be\/fr\/wp-json\/wp\/v2\/comments?post=2003"}],"version-history":[{"count":0,"href":"https:\/\/www.retaildetail.be\/fr\/wp-json\/wp\/v2\/posts\/2003\/revisions"}],"wp:featuredmedia":[{"embeddable":true,"href":"https:\/\/www.retaildetail.be\/fr\/wp-json\/wp\/v2\/media\/84"}],"wp:attachment":[{"href":"https:\/\/www.retaildetail.be\/fr\/wp-json\/wp\/v2\/media?parent=2003"}],"wp:term":[{"taxonomy":"category","embeddable":true,"href":"https:\/\/www.retaildetail.be\/fr\/wp-json\/wp\/v2\/categories?post=2003"},{"taxonomy":"post_tag","embeddable":true,"href":"https:\/\/www.retaildetail.be\/fr\/wp-json\/wp\/v2\/tags?post=2003"},{"taxonomy":"people","embeddable":true,"href":"https:\/\/www.retaildetail.be\/fr\/wp-json\/wp\/v2\/people?post=2003"},{"taxonomy":"extra","embeddable":true,"href":"https:\/\/www.retaildetail.be\/fr\/wp-json\/wp\/v2\/extra?post=2003"},{"taxonomy":"company","embeddable":true,"href":"https:\/\/www.retaildetail.be\/fr\/wp-json\/wp\/v2\/company?post=2003"},{"taxonomy":"topic","embeddable":true,"href":"https:\/\/www.retaildetail.be\/fr\/wp-json\/wp\/v2\/topic?post=2003"},{"taxonomy":"region","embeddable":true,"href":"https:\/\/www.retaildetail.be\/fr\/wp-json\/wp\/v2\/region?post=2003"}],"curies":[{"name":"wp","href":"https:\/\/api.w.org\/{rel}","templated":true}]}}