{"id":2006,"date":"2012-09-05T14:26:29","date_gmt":"2012-09-05T14:26:29","guid":{"rendered":"https:\/\/www.retaildetail.be\/food\/albert-heijn-ouvre-sa-huitieme-filiale-belge-a-la-hessenplein-a-anvers\/"},"modified":"2012-09-05T14:26:29","modified_gmt":"2012-09-05T14:26:29","slug":"albert-heijn-ouvre-sa-huitieme-filiale-belge-a-la-hessenplein-a-anvers","status":"publish","type":"post","link":"https:\/\/www.retaildetail.be\/fr\/news\/food\/albert-heijn-ouvre-sa-huitieme-filiale-belge-a-la-hessenplein-a-anvers\/","title":{"rendered":"Albert Heijn ouvre sa huiti\u00e8me filiale belge \u00e0 la Hessenplein  \u00e0  Anvers"},"content":{"rendered":"<h2>Mix de produits hollandais et belges<\/h2>\n<p>Avec\u00a0 ses 1.000 m\u00b2 le nouveau supermarch\u00e9\u00a0 est de surface comparable \u00e0 celle de son voisin situ\u00e9 \u00e0 la Place Verte. Comme \u00e0 l\u2019accoutum\u00e9e l\u2019assortiment de\u00a0 quelque 10.000 produits est constitu\u00e9 d\u2019un m\u00e9lange de <strong>90% de produits r\u00e9guliers et de 10% de produits belges<\/strong> et est vendu sous le d\u00e9sormais c\u00e9l\u00e8bre slogan \u2018La qualit\u00e9 belge \u00e0 des prix hollandais\u2019.<\/p>\n<p>Suna Taplak, manager , se dit \u00ab\u00a0 <strong>pr\u00eate \u00e0 conqu\u00e9rir le Nord d\u2019Anvers et le quartier du Eilandje<\/strong> \u00bb. Un d\u00e9fi de taille, car aux dires de la cha\u00eene, les implantations anversoises \u00e0 la Place verte et au Kiel r\u00e9alisent pour l\u2019instant de tr\u00e8s belles performances.<\/p>\n<h2>\n<br \/>La garantie du go\u00fbt<\/h2>\n<p>Afin de satisfaire\u00a0 au mieux\u00a0 les exigences du consommateur belge, Albert Heijn\u00a0 utilise ces deux armes bien connues : <strong>\u2018la garantie du go\u00fbt\u2019<\/strong>, qui pr\u00e9voit en remboursement du client\u00a0 si le go\u00fbt du produit ne lui pla\u00eet pas\u00a0 et <strong>\u2018le dialogue de l\u2019assortiment\u2019<\/strong>,\u00a0 qui permet au consommateur de sugg\u00e9rer certains produits qu\u2019il aimerait retrouver dans l\u2019assortiment.<\/p>\n<p>Le supermarch\u00e9 \u00e0 la Hessenplein a \u00e9t\u00e9 ouvert officiellement aujourd\u2019hui par Stephan Van Durme, gagnant d\u2019un concours Facebook. Outre les cinq magasins \u00e0 Anvers (dont ceux de Stabroek et Brasschaat situ\u00e9s dans la banlieue anversoise), Albert Heijn compte trois autres filiales dans le reste de la Flandre : \u00e0 Beveren, Harelbeke et Roulers.<\/p>\n<p>\u00a0<\/p>\n<p>\u00a0<\/p>\n<p><em>Traduction : Marie-No\u00eblle Masure<\/em><\/p>\n","protected":false},"excerpt":{"rendered":"<p>Mix de produits hollandais et belges Avec\u00a0 ses 1.000 m\u00b2 le nouveau supermarch\u00e9\u00a0 est de surface comparable \u00e0 celle de son voisin situ\u00e9 \u00e0 la Place Verte. Comme \u00e0 l\u2019accoutum\u00e9e l\u2019assortiment de\u00a0 quelque 10.000 produits est constitu\u00e9 d\u2019un m\u00e9lange de 90% de produits r\u00e9guliers et de 10% de produits belges et est vendu sous le [&hellip;]<\/p>\n","protected":false},"author":1,"featured_media":84,"comment_status":"closed","ping_status":"closed","sticky":false,"template":"","format":"standard","meta":{"_acf_changed":false,"inline_featured_image":false,"_jetpack_memberships_contains_paid_content":false,"footnotes":""},"categories":[24],"tags":[],"people":[],"extra":[],"company":[],"topic":[],"region":[],"class_list":["post-2006","post","type-post","status-publish","format-standard","has-post-thumbnail","hentry","category-food"],"acf":[],"yoast_head":"<!-- This site is optimized with the Yoast SEO plugin v27.3 - https:\/\/yoast.com\/product\/yoast-seo-wordpress\/ -->\n<title>Albert Heijn ouvre sa huiti\u00e8me filiale belge \u00e0 la Hessenplein \u00e0 Anvers - RetailDetail BE<\/title>\n<meta name=\"robots\" content=\"index, follow, max-snippet:-1, max-image-preview:large, max-video-preview:-1\" \/>\n<link rel=\"canonical\" href=\"https:\/\/www.retaildetail.be\/fr\/news\/food\/albert-heijn-ouvre-sa-huitieme-filiale-belge-a-la-hessenplein-a-anvers\/\" \/>\n<meta property=\"og:locale\" content=\"fr_FR\" \/>\n<meta property=\"og:type\" content=\"article\" \/>\n<meta property=\"og:title\" content=\"Albert Heijn ouvre sa huiti\u00e8me filiale belge \u00e0 la Hessenplein \u00e0 Anvers - RetailDetail BE\" \/>\n<meta property=\"og:description\" content=\"Mix de produits hollandais et belges Avec\u00a0 ses 1.000 m\u00b2 le nouveau supermarch\u00e9\u00a0 est de surface comparable \u00e0 celle de son voisin situ\u00e9 \u00e0 la Place Verte. Comme \u00e0 l\u2019accoutum\u00e9e l\u2019assortiment de\u00a0 quelque 10.000 produits est constitu\u00e9 d\u2019un m\u00e9lange de 90% de produits r\u00e9guliers et de 10% de produits belges et est vendu sous le [&hellip;]\" \/>\n<meta property=\"og:url\" content=\"https:\/\/www.retaildetail.be\/fr\/news\/food\/albert-heijn-ouvre-sa-huitieme-filiale-belge-a-la-hessenplein-a-anvers\/\" \/>\n<meta property=\"og:site_name\" content=\"RetailDetail BE\" \/>\n<meta property=\"article:published_time\" content=\"2012-09-05T14:26:29+00:00\" \/>\n<meta property=\"og:image\" content=\"https:\/\/i0.wp.com\/www.retaildetail.be\/wp-content\/uploads\/2022\/04\/logo.png?fit=281%2C147&quality=100&strip=all&ssl=1\" \/>\n\t<meta property=\"og:image:width\" content=\"281\" \/>\n\t<meta property=\"og:image:height\" content=\"147\" \/>\n\t<meta property=\"og:image:type\" content=\"image\/png\" \/>\n<meta name=\"author\" content=\"dev@grandiz.com\" \/>\n<meta name=\"twitter:card\" content=\"summary_large_image\" \/>\n<meta name=\"twitter:label1\" content=\"\u00c9crit par\" \/>\n\t<meta name=\"twitter:data1\" content=\"dev@grandiz.com\" \/>\n\t<meta name=\"twitter:label2\" content=\"Dur\u00e9e de lecture estim\u00e9e\" \/>\n\t<meta name=\"twitter:data2\" content=\"1 minute\" \/>\n<script type=\"application\/ld+json\" class=\"yoast-schema-graph\">{\"@context\":\"https:\\\/\\\/schema.org\",\"@graph\":[{\"@type\":\"NewsArticle\",\"@id\":\"https:\\\/\\\/www.retaildetail.be\\\/fr\\\/news\\\/food\\\/albert-heijn-ouvre-sa-huitieme-filiale-belge-a-la-hessenplein-a-anvers\\\/#article\",\"isPartOf\":{\"@id\":\"https:\\\/\\\/www.retaildetail.be\\\/fr\\\/news\\\/food\\\/albert-heijn-ouvre-sa-huitieme-filiale-belge-a-la-hessenplein-a-anvers\\\/\"},\"author\":{\"name\":\"dev@grandiz.com\",\"@id\":\"https:\\\/\\\/www.retaildetail.be\\\/nl\\\/#\\\/schema\\\/person\\\/ba2d383452a753a3a1ce8cdb349b5fc9\"},\"headline\":\"Albert Heijn ouvre sa huiti\u00e8me filiale belge \u00e0 la Hessenplein \u00e0 Anvers\",\"datePublished\":\"2012-09-05T14:26:29+00:00\",\"mainEntityOfPage\":{\"@id\":\"https:\\\/\\\/www.retaildetail.be\\\/fr\\\/news\\\/food\\\/albert-heijn-ouvre-sa-huitieme-filiale-belge-a-la-hessenplein-a-anvers\\\/\"},\"wordCount\":250,\"publisher\":{\"@id\":\"https:\\\/\\\/www.retaildetail.be\\\/nl\\\/#organization\"},\"image\":{\"@id\":\"https:\\\/\\\/www.retaildetail.be\\\/fr\\\/news\\\/food\\\/albert-heijn-ouvre-sa-huitieme-filiale-belge-a-la-hessenplein-a-anvers\\\/#primaryimage\"},\"thumbnailUrl\":\"https:\\\/\\\/www.retaildetail.be\\\/wp-content\\\/uploads\\\/2022\\\/04\\\/logo.png\",\"articleSection\":[\"Food\"],\"inLanguage\":\"fr-FR\",\"copyrightYear\":\"2012\",\"copyrightHolder\":{\"@id\":\"https:\\\/\\\/www.retaildetail.be\\\/#organization\"}},{\"@type\":\"WebPage\",\"@id\":\"https:\\\/\\\/www.retaildetail.be\\\/fr\\\/news\\\/food\\\/albert-heijn-ouvre-sa-huitieme-filiale-belge-a-la-hessenplein-a-anvers\\\/\",\"url\":\"https:\\\/\\\/www.retaildetail.be\\\/fr\\\/news\\\/food\\\/albert-heijn-ouvre-sa-huitieme-filiale-belge-a-la-hessenplein-a-anvers\\\/\",\"name\":\"Albert Heijn ouvre sa huiti\u00e8me filiale belge \u00e0 la Hessenplein \u00e0 Anvers - RetailDetail BE\",\"isPartOf\":{\"@id\":\"https:\\\/\\\/www.retaildetail.be\\\/nl\\\/#website\"},\"primaryImageOfPage\":{\"@id\":\"https:\\\/\\\/www.retaildetail.be\\\/fr\\\/news\\\/food\\\/albert-heijn-ouvre-sa-huitieme-filiale-belge-a-la-hessenplein-a-anvers\\\/#primaryimage\"},\"image\":{\"@id\":\"https:\\\/\\\/www.retaildetail.be\\\/fr\\\/news\\\/food\\\/albert-heijn-ouvre-sa-huitieme-filiale-belge-a-la-hessenplein-a-anvers\\\/#primaryimage\"},\"thumbnailUrl\":\"https:\\\/\\\/www.retaildetail.be\\\/wp-content\\\/uploads\\\/2022\\\/04\\\/logo.png\",\"datePublished\":\"2012-09-05T14:26:29+00:00\",\"breadcrumb\":{\"@id\":\"https:\\\/\\\/www.retaildetail.be\\\/fr\\\/news\\\/food\\\/albert-heijn-ouvre-sa-huitieme-filiale-belge-a-la-hessenplein-a-anvers\\\/#breadcrumb\"},\"inLanguage\":\"fr-FR\",\"potentialAction\":[{\"@type\":\"ReadAction\",\"target\":[\"https:\\\/\\\/www.retaildetail.be\\\/fr\\\/news\\\/food\\\/albert-heijn-ouvre-sa-huitieme-filiale-belge-a-la-hessenplein-a-anvers\\\/\"]}]},{\"@type\":\"ImageObject\",\"inLanguage\":\"fr-FR\",\"@id\":\"https:\\\/\\\/www.retaildetail.be\\\/fr\\\/news\\\/food\\\/albert-heijn-ouvre-sa-huitieme-filiale-belge-a-la-hessenplein-a-anvers\\\/#primaryimage\",\"url\":\"https:\\\/\\\/www.retaildetail.be\\\/wp-content\\\/uploads\\\/2022\\\/04\\\/logo.png\",\"contentUrl\":\"https:\\\/\\\/www.retaildetail.be\\\/wp-content\\\/uploads\\\/2022\\\/04\\\/logo.png\",\"width\":281,\"height\":147},{\"@type\":\"BreadcrumbList\",\"@id\":\"https:\\\/\\\/www.retaildetail.be\\\/fr\\\/news\\\/food\\\/albert-heijn-ouvre-sa-huitieme-filiale-belge-a-la-hessenplein-a-anvers\\\/#breadcrumb\",\"itemListElement\":[{\"@type\":\"ListItem\",\"position\":1,\"name\":\"Home\",\"item\":\"https:\\\/\\\/www.retaildetail.be\\\/fr\\\/\"},{\"@type\":\"ListItem\",\"position\":2,\"name\":\"Albert Heijn ouvre sa huiti\u00e8me filiale belge \u00e0 la Hessenplein \u00e0 Anvers\"}]},{\"@type\":\"WebSite\",\"@id\":\"https:\\\/\\\/www.retaildetail.be\\\/nl\\\/#website\",\"url\":\"https:\\\/\\\/www.retaildetail.be\\\/nl\\\/\",\"name\":\"RetailDetail BE\",\"description\":\"News\",\"publisher\":{\"@id\":\"https:\\\/\\\/www.retaildetail.be\\\/nl\\\/#organization\"},\"potentialAction\":[{\"@type\":\"SearchAction\",\"target\":{\"@type\":\"EntryPoint\",\"urlTemplate\":\"https:\\\/\\\/www.retaildetail.be\\\/nl\\\/?s={search_term_string}\"},\"query-input\":{\"@type\":\"PropertyValueSpecification\",\"valueRequired\":true,\"valueName\":\"search_term_string\"}}],\"inLanguage\":\"fr-FR\"},{\"@type\":\"Organization\",\"@id\":\"https:\\\/\\\/www.retaildetail.be\\\/nl\\\/#organization\",\"name\":\"RetailDetail BE\",\"url\":\"https:\\\/\\\/www.retaildetail.be\\\/nl\\\/\",\"logo\":{\"@type\":\"ImageObject\",\"inLanguage\":\"fr-FR\",\"@id\":\"https:\\\/\\\/www.retaildetail.be\\\/nl\\\/#\\\/schema\\\/logo\\\/image\\\/\",\"url\":\"https:\\\/\\\/www.retaildetail.be\\\/wp-content\\\/uploads\\\/2022\\\/04\\\/logo.svg\",\"contentUrl\":\"https:\\\/\\\/www.retaildetail.be\\\/wp-content\\\/uploads\\\/2022\\\/04\\\/logo.svg\",\"width\":131,\"height\":70,\"caption\":\"RetailDetail BE\"},\"image\":{\"@id\":\"https:\\\/\\\/www.retaildetail.be\\\/nl\\\/#\\\/schema\\\/logo\\\/image\\\/\"}},{\"@type\":\"Person\",\"@id\":\"https:\\\/\\\/www.retaildetail.be\\\/nl\\\/#\\\/schema\\\/person\\\/ba2d383452a753a3a1ce8cdb349b5fc9\",\"name\":\"dev@grandiz.com\",\"image\":{\"@type\":\"ImageObject\",\"inLanguage\":\"fr-FR\",\"@id\":\"https:\\\/\\\/secure.gravatar.com\\\/avatar\\\/5f53ce9fb6eed4a60e5aaaa712be8773880fa9459d9cac9bc4aa4fdbce3f447f?s=96&d=mm&r=g\",\"url\":\"https:\\\/\\\/secure.gravatar.com\\\/avatar\\\/5f53ce9fb6eed4a60e5aaaa712be8773880fa9459d9cac9bc4aa4fdbce3f447f?s=96&d=mm&r=g\",\"contentUrl\":\"https:\\\/\\\/secure.gravatar.com\\\/avatar\\\/5f53ce9fb6eed4a60e5aaaa712be8773880fa9459d9cac9bc4aa4fdbce3f447f?s=96&d=mm&r=g\",\"caption\":\"dev@grandiz.com\"},\"sameAs\":[\"http:\\\/\\\/preprod.retaildetail.be\"],\"url\":\"https:\\\/\\\/www.retaildetail.be\\\/fr\\\/author\\\/devgrandiz-com\\\/\"}]}<\/script>\n<!-- \/ Yoast SEO plugin. -->","yoast_head_json":{"title":"Albert Heijn ouvre sa huiti\u00e8me filiale belge \u00e0 la Hessenplein \u00e0 Anvers - RetailDetail BE","robots":{"index":"index","follow":"follow","max-snippet":"max-snippet:-1","max-image-preview":"max-image-preview:large","max-video-preview":"max-video-preview:-1"},"canonical":"https:\/\/www.retaildetail.be\/fr\/news\/food\/albert-heijn-ouvre-sa-huitieme-filiale-belge-a-la-hessenplein-a-anvers\/","og_locale":"fr_FR","og_type":"article","og_title":"Albert Heijn ouvre sa huiti\u00e8me filiale belge \u00e0 la Hessenplein \u00e0 Anvers - RetailDetail BE","og_description":"Mix de produits hollandais et belges Avec\u00a0 ses 1.000 m\u00b2 le nouveau supermarch\u00e9\u00a0 est de surface comparable \u00e0 celle de son voisin situ\u00e9 \u00e0 la Place Verte. Comme \u00e0 l\u2019accoutum\u00e9e l\u2019assortiment de\u00a0 quelque 10.000 produits est constitu\u00e9 d\u2019un m\u00e9lange de 90% de produits r\u00e9guliers et de 10% de produits belges et est vendu sous le [&hellip;]","og_url":"https:\/\/www.retaildetail.be\/fr\/news\/food\/albert-heijn-ouvre-sa-huitieme-filiale-belge-a-la-hessenplein-a-anvers\/","og_site_name":"RetailDetail BE","article_published_time":"2012-09-05T14:26:29+00:00","og_image":[{"width":281,"height":147,"url":"https:\/\/i0.wp.com\/www.retaildetail.be\/wp-content\/uploads\/2022\/04\/logo.png?fit=281%2C147&quality=100&strip=all&ssl=1","type":"image\/png"}],"author":"dev@grandiz.com","twitter_card":"summary_large_image","twitter_misc":{"\u00c9crit par":"dev@grandiz.com","Dur\u00e9e de lecture estim\u00e9e":"1 minute"},"schema":{"@context":"https:\/\/schema.org","@graph":[{"@type":"NewsArticle","@id":"https:\/\/www.retaildetail.be\/fr\/news\/food\/albert-heijn-ouvre-sa-huitieme-filiale-belge-a-la-hessenplein-a-anvers\/#article","isPartOf":{"@id":"https:\/\/www.retaildetail.be\/fr\/news\/food\/albert-heijn-ouvre-sa-huitieme-filiale-belge-a-la-hessenplein-a-anvers\/"},"author":{"name":"dev@grandiz.com","@id":"https:\/\/www.retaildetail.be\/nl\/#\/schema\/person\/ba2d383452a753a3a1ce8cdb349b5fc9"},"headline":"Albert Heijn ouvre sa huiti\u00e8me filiale belge \u00e0 la Hessenplein \u00e0 Anvers","datePublished":"2012-09-05T14:26:29+00:00","mainEntityOfPage":{"@id":"https:\/\/www.retaildetail.be\/fr\/news\/food\/albert-heijn-ouvre-sa-huitieme-filiale-belge-a-la-hessenplein-a-anvers\/"},"wordCount":250,"publisher":{"@id":"https:\/\/www.retaildetail.be\/nl\/#organization"},"image":{"@id":"https:\/\/www.retaildetail.be\/fr\/news\/food\/albert-heijn-ouvre-sa-huitieme-filiale-belge-a-la-hessenplein-a-anvers\/#primaryimage"},"thumbnailUrl":"https:\/\/www.retaildetail.be\/wp-content\/uploads\/2022\/04\/logo.png","articleSection":["Food"],"inLanguage":"fr-FR","copyrightYear":"2012","copyrightHolder":{"@id":"https:\/\/www.retaildetail.be\/#organization"}},{"@type":"WebPage","@id":"https:\/\/www.retaildetail.be\/fr\/news\/food\/albert-heijn-ouvre-sa-huitieme-filiale-belge-a-la-hessenplein-a-anvers\/","url":"https:\/\/www.retaildetail.be\/fr\/news\/food\/albert-heijn-ouvre-sa-huitieme-filiale-belge-a-la-hessenplein-a-anvers\/","name":"Albert Heijn ouvre sa huiti\u00e8me filiale belge \u00e0 la Hessenplein \u00e0 Anvers - RetailDetail BE","isPartOf":{"@id":"https:\/\/www.retaildetail.be\/nl\/#website"},"primaryImageOfPage":{"@id":"https:\/\/www.retaildetail.be\/fr\/news\/food\/albert-heijn-ouvre-sa-huitieme-filiale-belge-a-la-hessenplein-a-anvers\/#primaryimage"},"image":{"@id":"https:\/\/www.retaildetail.be\/fr\/news\/food\/albert-heijn-ouvre-sa-huitieme-filiale-belge-a-la-hessenplein-a-anvers\/#primaryimage"},"thumbnailUrl":"https:\/\/www.retaildetail.be\/wp-content\/uploads\/2022\/04\/logo.png","datePublished":"2012-09-05T14:26:29+00:00","breadcrumb":{"@id":"https:\/\/www.retaildetail.be\/fr\/news\/food\/albert-heijn-ouvre-sa-huitieme-filiale-belge-a-la-hessenplein-a-anvers\/#breadcrumb"},"inLanguage":"fr-FR","potentialAction":[{"@type":"ReadAction","target":["https:\/\/www.retaildetail.be\/fr\/news\/food\/albert-heijn-ouvre-sa-huitieme-filiale-belge-a-la-hessenplein-a-anvers\/"]}]},{"@type":"ImageObject","inLanguage":"fr-FR","@id":"https:\/\/www.retaildetail.be\/fr\/news\/food\/albert-heijn-ouvre-sa-huitieme-filiale-belge-a-la-hessenplein-a-anvers\/#primaryimage","url":"https:\/\/www.retaildetail.be\/wp-content\/uploads\/2022\/04\/logo.png","contentUrl":"https:\/\/www.retaildetail.be\/wp-content\/uploads\/2022\/04\/logo.png","width":281,"height":147},{"@type":"BreadcrumbList","@id":"https:\/\/www.retaildetail.be\/fr\/news\/food\/albert-heijn-ouvre-sa-huitieme-filiale-belge-a-la-hessenplein-a-anvers\/#breadcrumb","itemListElement":[{"@type":"ListItem","position":1,"name":"Home","item":"https:\/\/www.retaildetail.be\/fr\/"},{"@type":"ListItem","position":2,"name":"Albert Heijn ouvre sa huiti\u00e8me filiale belge \u00e0 la Hessenplein \u00e0 Anvers"}]},{"@type":"WebSite","@id":"https:\/\/www.retaildetail.be\/nl\/#website","url":"https:\/\/www.retaildetail.be\/nl\/","name":"RetailDetail BE","description":"News","publisher":{"@id":"https:\/\/www.retaildetail.be\/nl\/#organization"},"potentialAction":[{"@type":"SearchAction","target":{"@type":"EntryPoint","urlTemplate":"https:\/\/www.retaildetail.be\/nl\/?s={search_term_string}"},"query-input":{"@type":"PropertyValueSpecification","valueRequired":true,"valueName":"search_term_string"}}],"inLanguage":"fr-FR"},{"@type":"Organization","@id":"https:\/\/www.retaildetail.be\/nl\/#organization","name":"RetailDetail BE","url":"https:\/\/www.retaildetail.be\/nl\/","logo":{"@type":"ImageObject","inLanguage":"fr-FR","@id":"https:\/\/www.retaildetail.be\/nl\/#\/schema\/logo\/image\/","url":"https:\/\/www.retaildetail.be\/wp-content\/uploads\/2022\/04\/logo.svg","contentUrl":"https:\/\/www.retaildetail.be\/wp-content\/uploads\/2022\/04\/logo.svg","width":131,"height":70,"caption":"RetailDetail BE"},"image":{"@id":"https:\/\/www.retaildetail.be\/nl\/#\/schema\/logo\/image\/"}},{"@type":"Person","@id":"https:\/\/www.retaildetail.be\/nl\/#\/schema\/person\/ba2d383452a753a3a1ce8cdb349b5fc9","name":"dev@grandiz.com","image":{"@type":"ImageObject","inLanguage":"fr-FR","@id":"https:\/\/secure.gravatar.com\/avatar\/5f53ce9fb6eed4a60e5aaaa712be8773880fa9459d9cac9bc4aa4fdbce3f447f?s=96&d=mm&r=g","url":"https:\/\/secure.gravatar.com\/avatar\/5f53ce9fb6eed4a60e5aaaa712be8773880fa9459d9cac9bc4aa4fdbce3f447f?s=96&d=mm&r=g","contentUrl":"https:\/\/secure.gravatar.com\/avatar\/5f53ce9fb6eed4a60e5aaaa712be8773880fa9459d9cac9bc4aa4fdbce3f447f?s=96&d=mm&r=g","caption":"dev@grandiz.com"},"sameAs":["http:\/\/preprod.retaildetail.be"],"url":"https:\/\/www.retaildetail.be\/fr\/author\/devgrandiz-com\/"}]}},"jetpack_featured_media_url":"https:\/\/www.retaildetail.be\/wp-content\/uploads\/2022\/04\/logo.png","jetpack_sharing_enabled":true,"_links":{"self":[{"href":"https:\/\/www.retaildetail.be\/fr\/wp-json\/wp\/v2\/posts\/2006","targetHints":{"allow":["GET"]}}],"collection":[{"href":"https:\/\/www.retaildetail.be\/fr\/wp-json\/wp\/v2\/posts"}],"about":[{"href":"https:\/\/www.retaildetail.be\/fr\/wp-json\/wp\/v2\/types\/post"}],"author":[{"embeddable":true,"href":"https:\/\/www.retaildetail.be\/fr\/wp-json\/wp\/v2\/users\/1"}],"replies":[{"embeddable":true,"href":"https:\/\/www.retaildetail.be\/fr\/wp-json\/wp\/v2\/comments?post=2006"}],"version-history":[{"count":0,"href":"https:\/\/www.retaildetail.be\/fr\/wp-json\/wp\/v2\/posts\/2006\/revisions"}],"wp:featuredmedia":[{"embeddable":true,"href":"https:\/\/www.retaildetail.be\/fr\/wp-json\/wp\/v2\/media\/84"}],"wp:attachment":[{"href":"https:\/\/www.retaildetail.be\/fr\/wp-json\/wp\/v2\/media?parent=2006"}],"wp:term":[{"taxonomy":"category","embeddable":true,"href":"https:\/\/www.retaildetail.be\/fr\/wp-json\/wp\/v2\/categories?post=2006"},{"taxonomy":"post_tag","embeddable":true,"href":"https:\/\/www.retaildetail.be\/fr\/wp-json\/wp\/v2\/tags?post=2006"},{"taxonomy":"people","embeddable":true,"href":"https:\/\/www.retaildetail.be\/fr\/wp-json\/wp\/v2\/people?post=2006"},{"taxonomy":"extra","embeddable":true,"href":"https:\/\/www.retaildetail.be\/fr\/wp-json\/wp\/v2\/extra?post=2006"},{"taxonomy":"company","embeddable":true,"href":"https:\/\/www.retaildetail.be\/fr\/wp-json\/wp\/v2\/company?post=2006"},{"taxonomy":"topic","embeddable":true,"href":"https:\/\/www.retaildetail.be\/fr\/wp-json\/wp\/v2\/topic?post=2006"},{"taxonomy":"region","embeddable":true,"href":"https:\/\/www.retaildetail.be\/fr\/wp-json\/wp\/v2\/region?post=2006"}],"curies":[{"name":"wp","href":"https:\/\/api.w.org\/{rel}","templated":true}]}}