{"id":2146,"date":"2012-10-09T13:31:21","date_gmt":"2012-10-09T13:31:21","guid":{"rendered":"https:\/\/www.retaildetail.be\/food\/marleen-vaesen-nommee-ceo-de-pinguinlutosa\/"},"modified":"2012-10-09T13:31:21","modified_gmt":"2012-10-09T13:31:21","slug":"marleen-vaesen-nommee-ceo-de-pinguinlutosa","status":"publish","type":"post","link":"https:\/\/www.retaildetail.be\/fr\/news\/food\/marleen-vaesen-nommee-ceo-de-pinguinlutosa\/","title":{"rendered":"Marleen Vaesen nomm\u00e9e CEO de PinguinLutosa"},"content":{"rendered":"<h2>Fonction de haut niveau dans le secteur alimentaire<\/h2>\n<p>Marleen Vaesen, \u00e9conomiste de formation (Universit\u00e9 Catholique de Louvain, Chicago University, Harvard Business School), <a target=\"_blank\" href=\"nl\/f-belgique\/bgq-alimentation\/item\/13998-deux-belges-quittent-le-top-management-de-sara-lee\" rel=\"noopener\">avait quitt\u00e9 en mars de l\u2019ann\u00e9e derni\u00e8re le groupe agroalimentaire Sara Lee <\/a>dans le cadre de la scission de la division caf\u00e9 et th\u00e9 Douwe Egberts. Elle prendra les commandes chez PinguinLutosa \u00e0 partir du 1er novembre.<\/p>\n<p>\u00ab La d\u00e9signation de Marleen Vaesen est importante pour renforcer la position de PinguinLutosa sur le march\u00e9 par la poursuite de la consolidation des acquisitions de Scana Noliko \/ l&rsquo;Activit\u00e9 de CECAB, d&rsquo;une part, et par<a target=\"_blank\" href=\"http:\/\/www.4-traders.com\/PINGUINLUTOSA-5943\/news\/PINGUINLUTOSA-09-10-12-Marleen-Vaesen-is-appointed-as-CEO-of-PinguinLutosa-15316547\/\" rel=\"noopener\"> la cr\u00e9ation d&rsquo;une croissance organique<\/a> par le biais d&rsquo;initiatives commerciales et du d\u00e9veloppement de produit, d&rsquo;autre part, l&rsquo;accent \u00e9tant r\u00e9solument mis sur les march\u00e9s internationaux \u00bb, explique PinguinLutosa dans un communiqu\u00e9 de presse.<\/p>\n<h2>\n<br \/>Une \u00e9norme exp\u00e9rience internationale<\/h2>\n<p>Et ce n\u2019est pas l\u2019exp\u00e9rience qui manque \u00e0 Marleen Vaesen. Elle a d\u00e9marr\u00e9 sa carri\u00e8re chez Procter &amp; Gamble en 1982 et a gravi les \u00e9chelons jusqu\u2019\u00e0 devenir directrice marketing Europe. En 1999 elle devient General Manager de Douwe Egberts Belgique. En 2004 elle est nomm\u00e9e au poste de \u2018senior vice president global brand coffee &amp; tea\u2019. De 2006 au mois de mars de cette ann\u00e9e elle a occup\u00e9 la fonction de \u2018regional senior vice president\u2019 chez Sara Lee Coffee &amp; Tea.<\/p>\n<p>Par ailleurs Marleen Vaesen est \u00e9galement administratrice chez Roularta Media Group et si\u00e8ge depuis la fin du mois d\u2019ao\u00fbt au conseil d\u2019administration du fabricant de lingerie Van de Velde.<\/p>\n<p>Un lien \u00e9ventuel entre l\u2019arriv\u00e9e de Marleen Vaesen et la cession possible de la division pomme de terre Lutosa \u00e0 l\u2019entreprise am\u00e9ricaine Lamb Weston, n\u2019a pas \u00e9t\u00e9 \u00e9tabli. Le communiqu\u00e9 indique toutefois que les n\u00e9gociations sont en cours et seront probablement boucl\u00e9es d\u2019ici la fin de l\u2019ann\u00e9e.<\/p>\n<p>\u00a0<\/p>\n<p>\u00a0<\/p>\n<p><em>Traduction : Marie-No\u00eblle Masure<\/em><\/p>\n","protected":false},"excerpt":{"rendered":"<p>Fonction de haut niveau dans le secteur alimentaire Marleen Vaesen, \u00e9conomiste de formation (Universit\u00e9 Catholique de Louvain, Chicago University, Harvard Business School), avait quitt\u00e9 en mars de l\u2019ann\u00e9e derni\u00e8re le groupe agroalimentaire Sara Lee dans le cadre de la scission de la division caf\u00e9 et th\u00e9 Douwe Egberts. Elle prendra les commandes chez PinguinLutosa \u00e0 [&hellip;]<\/p>\n","protected":false},"author":1,"featured_media":84,"comment_status":"closed","ping_status":"closed","sticky":false,"template":"","format":"standard","meta":{"_acf_changed":false,"inline_featured_image":false,"_jetpack_memberships_contains_paid_content":false,"footnotes":""},"categories":[24],"tags":[],"people":[],"extra":[],"company":[],"topic":[],"region":[],"class_list":["post-2146","post","type-post","status-publish","format-standard","has-post-thumbnail","hentry","category-food"],"acf":[],"yoast_head":"<!-- This site is optimized with the Yoast SEO plugin v27.3 - https:\/\/yoast.com\/product\/yoast-seo-wordpress\/ -->\n<title>Marleen Vaesen nomm\u00e9e CEO de PinguinLutosa - RetailDetail BE<\/title>\n<meta name=\"robots\" content=\"index, follow, max-snippet:-1, max-image-preview:large, max-video-preview:-1\" \/>\n<link rel=\"canonical\" href=\"https:\/\/www.retaildetail.be\/fr\/news\/food\/marleen-vaesen-nommee-ceo-de-pinguinlutosa\/\" \/>\n<meta property=\"og:locale\" content=\"fr_FR\" \/>\n<meta property=\"og:type\" content=\"article\" \/>\n<meta property=\"og:title\" content=\"Marleen Vaesen nomm\u00e9e CEO de PinguinLutosa - RetailDetail BE\" \/>\n<meta property=\"og:description\" content=\"Fonction de haut niveau dans le secteur alimentaire Marleen Vaesen, \u00e9conomiste de formation (Universit\u00e9 Catholique de Louvain, Chicago University, Harvard Business School), avait quitt\u00e9 en mars de l\u2019ann\u00e9e derni\u00e8re le groupe agroalimentaire Sara Lee dans le cadre de la scission de la division caf\u00e9 et th\u00e9 Douwe Egberts. Elle prendra les commandes chez PinguinLutosa \u00e0 [&hellip;]\" \/>\n<meta property=\"og:url\" content=\"https:\/\/www.retaildetail.be\/fr\/news\/food\/marleen-vaesen-nommee-ceo-de-pinguinlutosa\/\" \/>\n<meta property=\"og:site_name\" content=\"RetailDetail BE\" \/>\n<meta property=\"article:published_time\" content=\"2012-10-09T13:31:21+00:00\" \/>\n<meta property=\"og:image\" content=\"https:\/\/i0.wp.com\/www.retaildetail.be\/wp-content\/uploads\/2022\/04\/logo.png?fit=281%2C147&quality=100&strip=all&ssl=1\" \/>\n\t<meta property=\"og:image:width\" content=\"281\" \/>\n\t<meta property=\"og:image:height\" content=\"147\" \/>\n\t<meta property=\"og:image:type\" content=\"image\/png\" \/>\n<meta name=\"author\" content=\"dev@grandiz.com\" \/>\n<meta name=\"twitter:card\" content=\"summary_large_image\" \/>\n<meta name=\"twitter:label1\" content=\"\u00c9crit par\" \/>\n\t<meta name=\"twitter:data1\" content=\"dev@grandiz.com\" \/>\n\t<meta name=\"twitter:label2\" content=\"Dur\u00e9e de lecture estim\u00e9e\" \/>\n\t<meta name=\"twitter:data2\" content=\"2 minutes\" \/>\n<script type=\"application\/ld+json\" class=\"yoast-schema-graph\">{\"@context\":\"https:\\\/\\\/schema.org\",\"@graph\":[{\"@type\":\"NewsArticle\",\"@id\":\"https:\\\/\\\/www.retaildetail.be\\\/fr\\\/news\\\/food\\\/marleen-vaesen-nommee-ceo-de-pinguinlutosa\\\/#article\",\"isPartOf\":{\"@id\":\"https:\\\/\\\/www.retaildetail.be\\\/fr\\\/news\\\/food\\\/marleen-vaesen-nommee-ceo-de-pinguinlutosa\\\/\"},\"author\":{\"name\":\"dev@grandiz.com\",\"@id\":\"https:\\\/\\\/www.retaildetail.be\\\/nl\\\/#\\\/schema\\\/person\\\/ba2d383452a753a3a1ce8cdb349b5fc9\"},\"headline\":\"Marleen Vaesen nomm\u00e9e CEO de PinguinLutosa\",\"datePublished\":\"2012-10-09T13:31:21+00:00\",\"mainEntityOfPage\":{\"@id\":\"https:\\\/\\\/www.retaildetail.be\\\/fr\\\/news\\\/food\\\/marleen-vaesen-nommee-ceo-de-pinguinlutosa\\\/\"},\"wordCount\":327,\"publisher\":{\"@id\":\"https:\\\/\\\/www.retaildetail.be\\\/nl\\\/#organization\"},\"image\":{\"@id\":\"https:\\\/\\\/www.retaildetail.be\\\/fr\\\/news\\\/food\\\/marleen-vaesen-nommee-ceo-de-pinguinlutosa\\\/#primaryimage\"},\"thumbnailUrl\":\"https:\\\/\\\/www.retaildetail.be\\\/wp-content\\\/uploads\\\/2022\\\/04\\\/logo.png\",\"articleSection\":[\"Food\"],\"inLanguage\":\"fr-FR\",\"copyrightYear\":\"2012\",\"copyrightHolder\":{\"@id\":\"https:\\\/\\\/www.retaildetail.be\\\/#organization\"}},{\"@type\":\"WebPage\",\"@id\":\"https:\\\/\\\/www.retaildetail.be\\\/fr\\\/news\\\/food\\\/marleen-vaesen-nommee-ceo-de-pinguinlutosa\\\/\",\"url\":\"https:\\\/\\\/www.retaildetail.be\\\/fr\\\/news\\\/food\\\/marleen-vaesen-nommee-ceo-de-pinguinlutosa\\\/\",\"name\":\"Marleen Vaesen nomm\u00e9e CEO de PinguinLutosa - RetailDetail BE\",\"isPartOf\":{\"@id\":\"https:\\\/\\\/www.retaildetail.be\\\/nl\\\/#website\"},\"primaryImageOfPage\":{\"@id\":\"https:\\\/\\\/www.retaildetail.be\\\/fr\\\/news\\\/food\\\/marleen-vaesen-nommee-ceo-de-pinguinlutosa\\\/#primaryimage\"},\"image\":{\"@id\":\"https:\\\/\\\/www.retaildetail.be\\\/fr\\\/news\\\/food\\\/marleen-vaesen-nommee-ceo-de-pinguinlutosa\\\/#primaryimage\"},\"thumbnailUrl\":\"https:\\\/\\\/www.retaildetail.be\\\/wp-content\\\/uploads\\\/2022\\\/04\\\/logo.png\",\"datePublished\":\"2012-10-09T13:31:21+00:00\",\"breadcrumb\":{\"@id\":\"https:\\\/\\\/www.retaildetail.be\\\/fr\\\/news\\\/food\\\/marleen-vaesen-nommee-ceo-de-pinguinlutosa\\\/#breadcrumb\"},\"inLanguage\":\"fr-FR\",\"potentialAction\":[{\"@type\":\"ReadAction\",\"target\":[\"https:\\\/\\\/www.retaildetail.be\\\/fr\\\/news\\\/food\\\/marleen-vaesen-nommee-ceo-de-pinguinlutosa\\\/\"]}]},{\"@type\":\"ImageObject\",\"inLanguage\":\"fr-FR\",\"@id\":\"https:\\\/\\\/www.retaildetail.be\\\/fr\\\/news\\\/food\\\/marleen-vaesen-nommee-ceo-de-pinguinlutosa\\\/#primaryimage\",\"url\":\"https:\\\/\\\/www.retaildetail.be\\\/wp-content\\\/uploads\\\/2022\\\/04\\\/logo.png\",\"contentUrl\":\"https:\\\/\\\/www.retaildetail.be\\\/wp-content\\\/uploads\\\/2022\\\/04\\\/logo.png\",\"width\":281,\"height\":147},{\"@type\":\"BreadcrumbList\",\"@id\":\"https:\\\/\\\/www.retaildetail.be\\\/fr\\\/news\\\/food\\\/marleen-vaesen-nommee-ceo-de-pinguinlutosa\\\/#breadcrumb\",\"itemListElement\":[{\"@type\":\"ListItem\",\"position\":1,\"name\":\"Home\",\"item\":\"https:\\\/\\\/www.retaildetail.be\\\/fr\\\/\"},{\"@type\":\"ListItem\",\"position\":2,\"name\":\"Marleen Vaesen nomm\u00e9e CEO de PinguinLutosa\"}]},{\"@type\":\"WebSite\",\"@id\":\"https:\\\/\\\/www.retaildetail.be\\\/nl\\\/#website\",\"url\":\"https:\\\/\\\/www.retaildetail.be\\\/nl\\\/\",\"name\":\"RetailDetail BE\",\"description\":\"News\",\"publisher\":{\"@id\":\"https:\\\/\\\/www.retaildetail.be\\\/nl\\\/#organization\"},\"potentialAction\":[{\"@type\":\"SearchAction\",\"target\":{\"@type\":\"EntryPoint\",\"urlTemplate\":\"https:\\\/\\\/www.retaildetail.be\\\/nl\\\/?s={search_term_string}\"},\"query-input\":{\"@type\":\"PropertyValueSpecification\",\"valueRequired\":true,\"valueName\":\"search_term_string\"}}],\"inLanguage\":\"fr-FR\"},{\"@type\":\"Organization\",\"@id\":\"https:\\\/\\\/www.retaildetail.be\\\/nl\\\/#organization\",\"name\":\"RetailDetail BE\",\"url\":\"https:\\\/\\\/www.retaildetail.be\\\/nl\\\/\",\"logo\":{\"@type\":\"ImageObject\",\"inLanguage\":\"fr-FR\",\"@id\":\"https:\\\/\\\/www.retaildetail.be\\\/nl\\\/#\\\/schema\\\/logo\\\/image\\\/\",\"url\":\"https:\\\/\\\/www.retaildetail.be\\\/wp-content\\\/uploads\\\/2022\\\/04\\\/logo.svg\",\"contentUrl\":\"https:\\\/\\\/www.retaildetail.be\\\/wp-content\\\/uploads\\\/2022\\\/04\\\/logo.svg\",\"width\":131,\"height\":70,\"caption\":\"RetailDetail BE\"},\"image\":{\"@id\":\"https:\\\/\\\/www.retaildetail.be\\\/nl\\\/#\\\/schema\\\/logo\\\/image\\\/\"}},{\"@type\":\"Person\",\"@id\":\"https:\\\/\\\/www.retaildetail.be\\\/nl\\\/#\\\/schema\\\/person\\\/ba2d383452a753a3a1ce8cdb349b5fc9\",\"name\":\"dev@grandiz.com\",\"image\":{\"@type\":\"ImageObject\",\"inLanguage\":\"fr-FR\",\"@id\":\"https:\\\/\\\/secure.gravatar.com\\\/avatar\\\/5f53ce9fb6eed4a60e5aaaa712be8773880fa9459d9cac9bc4aa4fdbce3f447f?s=96&d=mm&r=g\",\"url\":\"https:\\\/\\\/secure.gravatar.com\\\/avatar\\\/5f53ce9fb6eed4a60e5aaaa712be8773880fa9459d9cac9bc4aa4fdbce3f447f?s=96&d=mm&r=g\",\"contentUrl\":\"https:\\\/\\\/secure.gravatar.com\\\/avatar\\\/5f53ce9fb6eed4a60e5aaaa712be8773880fa9459d9cac9bc4aa4fdbce3f447f?s=96&d=mm&r=g\",\"caption\":\"dev@grandiz.com\"},\"sameAs\":[\"http:\\\/\\\/preprod.retaildetail.be\"],\"url\":\"https:\\\/\\\/www.retaildetail.be\\\/fr\\\/author\\\/devgrandiz-com\\\/\"}]}<\/script>\n<!-- \/ Yoast SEO plugin. -->","yoast_head_json":{"title":"Marleen Vaesen nomm\u00e9e CEO de PinguinLutosa - RetailDetail BE","robots":{"index":"index","follow":"follow","max-snippet":"max-snippet:-1","max-image-preview":"max-image-preview:large","max-video-preview":"max-video-preview:-1"},"canonical":"https:\/\/www.retaildetail.be\/fr\/news\/food\/marleen-vaesen-nommee-ceo-de-pinguinlutosa\/","og_locale":"fr_FR","og_type":"article","og_title":"Marleen Vaesen nomm\u00e9e CEO de PinguinLutosa - RetailDetail BE","og_description":"Fonction de haut niveau dans le secteur alimentaire Marleen Vaesen, \u00e9conomiste de formation (Universit\u00e9 Catholique de Louvain, Chicago University, Harvard Business School), avait quitt\u00e9 en mars de l\u2019ann\u00e9e derni\u00e8re le groupe agroalimentaire Sara Lee dans le cadre de la scission de la division caf\u00e9 et th\u00e9 Douwe Egberts. Elle prendra les commandes chez PinguinLutosa \u00e0 [&hellip;]","og_url":"https:\/\/www.retaildetail.be\/fr\/news\/food\/marleen-vaesen-nommee-ceo-de-pinguinlutosa\/","og_site_name":"RetailDetail BE","article_published_time":"2012-10-09T13:31:21+00:00","og_image":[{"width":281,"height":147,"url":"https:\/\/i0.wp.com\/www.retaildetail.be\/wp-content\/uploads\/2022\/04\/logo.png?fit=281%2C147&quality=100&strip=all&ssl=1","type":"image\/png"}],"author":"dev@grandiz.com","twitter_card":"summary_large_image","twitter_misc":{"\u00c9crit par":"dev@grandiz.com","Dur\u00e9e de lecture estim\u00e9e":"2 minutes"},"schema":{"@context":"https:\/\/schema.org","@graph":[{"@type":"NewsArticle","@id":"https:\/\/www.retaildetail.be\/fr\/news\/food\/marleen-vaesen-nommee-ceo-de-pinguinlutosa\/#article","isPartOf":{"@id":"https:\/\/www.retaildetail.be\/fr\/news\/food\/marleen-vaesen-nommee-ceo-de-pinguinlutosa\/"},"author":{"name":"dev@grandiz.com","@id":"https:\/\/www.retaildetail.be\/nl\/#\/schema\/person\/ba2d383452a753a3a1ce8cdb349b5fc9"},"headline":"Marleen Vaesen nomm\u00e9e CEO de PinguinLutosa","datePublished":"2012-10-09T13:31:21+00:00","mainEntityOfPage":{"@id":"https:\/\/www.retaildetail.be\/fr\/news\/food\/marleen-vaesen-nommee-ceo-de-pinguinlutosa\/"},"wordCount":327,"publisher":{"@id":"https:\/\/www.retaildetail.be\/nl\/#organization"},"image":{"@id":"https:\/\/www.retaildetail.be\/fr\/news\/food\/marleen-vaesen-nommee-ceo-de-pinguinlutosa\/#primaryimage"},"thumbnailUrl":"https:\/\/www.retaildetail.be\/wp-content\/uploads\/2022\/04\/logo.png","articleSection":["Food"],"inLanguage":"fr-FR","copyrightYear":"2012","copyrightHolder":{"@id":"https:\/\/www.retaildetail.be\/#organization"}},{"@type":"WebPage","@id":"https:\/\/www.retaildetail.be\/fr\/news\/food\/marleen-vaesen-nommee-ceo-de-pinguinlutosa\/","url":"https:\/\/www.retaildetail.be\/fr\/news\/food\/marleen-vaesen-nommee-ceo-de-pinguinlutosa\/","name":"Marleen Vaesen nomm\u00e9e CEO de PinguinLutosa - RetailDetail BE","isPartOf":{"@id":"https:\/\/www.retaildetail.be\/nl\/#website"},"primaryImageOfPage":{"@id":"https:\/\/www.retaildetail.be\/fr\/news\/food\/marleen-vaesen-nommee-ceo-de-pinguinlutosa\/#primaryimage"},"image":{"@id":"https:\/\/www.retaildetail.be\/fr\/news\/food\/marleen-vaesen-nommee-ceo-de-pinguinlutosa\/#primaryimage"},"thumbnailUrl":"https:\/\/www.retaildetail.be\/wp-content\/uploads\/2022\/04\/logo.png","datePublished":"2012-10-09T13:31:21+00:00","breadcrumb":{"@id":"https:\/\/www.retaildetail.be\/fr\/news\/food\/marleen-vaesen-nommee-ceo-de-pinguinlutosa\/#breadcrumb"},"inLanguage":"fr-FR","potentialAction":[{"@type":"ReadAction","target":["https:\/\/www.retaildetail.be\/fr\/news\/food\/marleen-vaesen-nommee-ceo-de-pinguinlutosa\/"]}]},{"@type":"ImageObject","inLanguage":"fr-FR","@id":"https:\/\/www.retaildetail.be\/fr\/news\/food\/marleen-vaesen-nommee-ceo-de-pinguinlutosa\/#primaryimage","url":"https:\/\/www.retaildetail.be\/wp-content\/uploads\/2022\/04\/logo.png","contentUrl":"https:\/\/www.retaildetail.be\/wp-content\/uploads\/2022\/04\/logo.png","width":281,"height":147},{"@type":"BreadcrumbList","@id":"https:\/\/www.retaildetail.be\/fr\/news\/food\/marleen-vaesen-nommee-ceo-de-pinguinlutosa\/#breadcrumb","itemListElement":[{"@type":"ListItem","position":1,"name":"Home","item":"https:\/\/www.retaildetail.be\/fr\/"},{"@type":"ListItem","position":2,"name":"Marleen Vaesen nomm\u00e9e CEO de PinguinLutosa"}]},{"@type":"WebSite","@id":"https:\/\/www.retaildetail.be\/nl\/#website","url":"https:\/\/www.retaildetail.be\/nl\/","name":"RetailDetail BE","description":"News","publisher":{"@id":"https:\/\/www.retaildetail.be\/nl\/#organization"},"potentialAction":[{"@type":"SearchAction","target":{"@type":"EntryPoint","urlTemplate":"https:\/\/www.retaildetail.be\/nl\/?s={search_term_string}"},"query-input":{"@type":"PropertyValueSpecification","valueRequired":true,"valueName":"search_term_string"}}],"inLanguage":"fr-FR"},{"@type":"Organization","@id":"https:\/\/www.retaildetail.be\/nl\/#organization","name":"RetailDetail BE","url":"https:\/\/www.retaildetail.be\/nl\/","logo":{"@type":"ImageObject","inLanguage":"fr-FR","@id":"https:\/\/www.retaildetail.be\/nl\/#\/schema\/logo\/image\/","url":"https:\/\/www.retaildetail.be\/wp-content\/uploads\/2022\/04\/logo.svg","contentUrl":"https:\/\/www.retaildetail.be\/wp-content\/uploads\/2022\/04\/logo.svg","width":131,"height":70,"caption":"RetailDetail BE"},"image":{"@id":"https:\/\/www.retaildetail.be\/nl\/#\/schema\/logo\/image\/"}},{"@type":"Person","@id":"https:\/\/www.retaildetail.be\/nl\/#\/schema\/person\/ba2d383452a753a3a1ce8cdb349b5fc9","name":"dev@grandiz.com","image":{"@type":"ImageObject","inLanguage":"fr-FR","@id":"https:\/\/secure.gravatar.com\/avatar\/5f53ce9fb6eed4a60e5aaaa712be8773880fa9459d9cac9bc4aa4fdbce3f447f?s=96&d=mm&r=g","url":"https:\/\/secure.gravatar.com\/avatar\/5f53ce9fb6eed4a60e5aaaa712be8773880fa9459d9cac9bc4aa4fdbce3f447f?s=96&d=mm&r=g","contentUrl":"https:\/\/secure.gravatar.com\/avatar\/5f53ce9fb6eed4a60e5aaaa712be8773880fa9459d9cac9bc4aa4fdbce3f447f?s=96&d=mm&r=g","caption":"dev@grandiz.com"},"sameAs":["http:\/\/preprod.retaildetail.be"],"url":"https:\/\/www.retaildetail.be\/fr\/author\/devgrandiz-com\/"}]}},"jetpack_featured_media_url":"https:\/\/www.retaildetail.be\/wp-content\/uploads\/2022\/04\/logo.png","jetpack_sharing_enabled":true,"_links":{"self":[{"href":"https:\/\/www.retaildetail.be\/fr\/wp-json\/wp\/v2\/posts\/2146","targetHints":{"allow":["GET"]}}],"collection":[{"href":"https:\/\/www.retaildetail.be\/fr\/wp-json\/wp\/v2\/posts"}],"about":[{"href":"https:\/\/www.retaildetail.be\/fr\/wp-json\/wp\/v2\/types\/post"}],"author":[{"embeddable":true,"href":"https:\/\/www.retaildetail.be\/fr\/wp-json\/wp\/v2\/users\/1"}],"replies":[{"embeddable":true,"href":"https:\/\/www.retaildetail.be\/fr\/wp-json\/wp\/v2\/comments?post=2146"}],"version-history":[{"count":0,"href":"https:\/\/www.retaildetail.be\/fr\/wp-json\/wp\/v2\/posts\/2146\/revisions"}],"wp:featuredmedia":[{"embeddable":true,"href":"https:\/\/www.retaildetail.be\/fr\/wp-json\/wp\/v2\/media\/84"}],"wp:attachment":[{"href":"https:\/\/www.retaildetail.be\/fr\/wp-json\/wp\/v2\/media?parent=2146"}],"wp:term":[{"taxonomy":"category","embeddable":true,"href":"https:\/\/www.retaildetail.be\/fr\/wp-json\/wp\/v2\/categories?post=2146"},{"taxonomy":"post_tag","embeddable":true,"href":"https:\/\/www.retaildetail.be\/fr\/wp-json\/wp\/v2\/tags?post=2146"},{"taxonomy":"people","embeddable":true,"href":"https:\/\/www.retaildetail.be\/fr\/wp-json\/wp\/v2\/people?post=2146"},{"taxonomy":"extra","embeddable":true,"href":"https:\/\/www.retaildetail.be\/fr\/wp-json\/wp\/v2\/extra?post=2146"},{"taxonomy":"company","embeddable":true,"href":"https:\/\/www.retaildetail.be\/fr\/wp-json\/wp\/v2\/company?post=2146"},{"taxonomy":"topic","embeddable":true,"href":"https:\/\/www.retaildetail.be\/fr\/wp-json\/wp\/v2\/topic?post=2146"},{"taxonomy":"region","embeddable":true,"href":"https:\/\/www.retaildetail.be\/fr\/wp-json\/wp\/v2\/region?post=2146"}],"curies":[{"name":"wp","href":"https:\/\/api.w.org\/{rel}","templated":true}]}}